{"id":113766,"date":"2021-05-12T10:30:56","date_gmt":"2021-05-12T17:30:56","guid":{"rendered":"https:\/\/www.sonoraenequipo.com.mx\/?p=113766"},"modified":"2021-05-12T15:11:42","modified_gmt":"2021-05-12T22:11:42","slug":"se-alista-hospital-general-para-volver-a-utilizar-carpas-ante-aumento-de-casos-de-covid-en-cancun","status":"publish","type":"post","link":"https:\/\/www.sonoraenequipo.com.mx\/se-alista-hospital-general-para-volver-a-utilizar-carpas-ante-aumento-de-casos-de-covid-en-cancun\/","title":{"rendered":"Se alista Hospital General para volver a utilizar carpas ante aumento de casos de Covid en Canc\u00fan"},"content":{"rendered":"<p>CANC\u00daN, QUINTANA ROO. MX. \u2014 El aumento de casos de COVID-19 en Quintana Roo y sobre todo en Canc\u00fan podr\u00eda derivar en una nueva reconversi\u00f3n del Hospital General, que actualmente tiene alrededor de 30 camas en uso para pacientes con SARS-CoV2.<\/p>\n<p>&nbsp;<\/p>\n<p> <\/p>\n<p>&nbsp;<\/p>\n<p>Aurelio Espinosa Rojas, director del nosocomio, indic\u00f3 que la semana anterior la ocupaci\u00f3n todav\u00eda se reportaba estable, con el ingreso de 10 o 12 pacientes en \u00e1reas COVID, pero a partir del jueves 6 de mayo este n\u00famero increment\u00f3.<\/p>\n<p>&nbsp;<\/p>\n<p><em>\u201cHemos llegado a tener cerca de 40 pacientes, ahorita tenemos intubados casi 12 pacientes, entonces es algo que nos inquieta, ya que en caso de seguir a la alza en n\u00famero de ingresos vamos a tener que empezar a reconvertir nuevamente \u00e1reas del hospital\u201d<\/em>, dijo.<\/p>\n<p>&nbsp;<\/p>\n<p>Actualmente, el nosocomio tiene dos unidades de cuidados intensivos para COVID, con ocho camas, m\u00e1s un espacio adicional de 38 y se espera abrir uno m\u00e1s con 16 camas m\u00e1s.<\/p>\n<p>&nbsp;<\/p>\n<p><em>\u201cEn caso que llegue a rebasarlo, entonces si vamos a tener que reconvertir completamente la hospitalizaci\u00f3n\u201d,<\/em> se\u00f1al\u00f3.<\/p>\n<p>&nbsp;<\/p>\n<p>Cuando el n\u00famero de personas hospitalizadas llega a m\u00e1s de 50, el centro comenzar\u00e1 a cerrar \u00e1reas destinadas para la atenci\u00f3n general y habilitar nuevos espacios para los pacientes infectados con el virus.<\/p>\n<p>&nbsp;<\/p>\n<p>En este caso, las personas que necesiten atenci\u00f3n por otras causas tendr\u00e1n que ser canalizados a las unidades externas.<\/p>\n<p>&nbsp;<\/p>\n<p><em>\u201cLos pacientes que se encuentren ingresados en cirug\u00eda, medicina interna y traumatolog\u00eda, pasar\u00edan a una de las carpas\u201d,<\/em> dijo.<\/p>\n<p>&nbsp;<\/p>\n<p>El entrevistado mencion\u00f3 que de no tener un control, este escenario podr\u00eda ocurrir pronto, ya que como lo ha se\u00f1alado el gobierno federal, la entidad lleva cinco semanas en franco ascenso.<\/p>\n<p>&nbsp;<\/p>\n<p><em>\u201cEn este momento, 31 de las 32 entidades federativas mantienen la tendencia a la reducci\u00f3n, pero tenemos una que tiene lo contrario, tiene un periodo de cinco semanas de aumento de la pandemia y es Quintana Roo. Estaremos trabajando con el gobierno, como lo hemos hecho anteriormente, para dar la asesor\u00eda t\u00e9cnica correspondiente y que se ejecuten las medidas sanitarias necesarias para revertir la tendencia\u201d,<\/em> dijo Hugo L\u00f3pez-Gatell Ram\u00edrez, subsecretario de Prevenci\u00f3n y Promoci\u00f3n a la Salud.<\/p>\n<p>&nbsp;<\/p>\n<p>&nbsp;<\/p>\n<p>&nbsp;<\/p>\n<p>&nbsp;<\/p>\n<p>(Publicada el 12\/05\/2021 \/Con informaci\u00f3n de Novedades Quintana Roo)<\/p>\n","protected":false},"excerpt":{"rendered":"<p>CANC\u00daN, QUINTANA ROO. MX. \u2014 El aumento de casos de COVID-19 en Quintana Roo y&#8230;<\/p>\n","protected":false},"author":1,"featured_media":113767,"comment_status":"open","ping_status":"open","sticky":false,"template":"","format":"standard","meta":{"_monsterinsights_skip_tracking":false,"_monsterinsights_sitenote_active":false,"_monsterinsights_sitenote_note":"","_monsterinsights_sitenote_category":0,"footnotes":""},"categories":[5],"tags":[],"class_list":["post"],"yoast_head":" \n<title>Sonora en Equipo. Se alista Hospital General para volver a utilizar carpas ante aumento de casos de Covid en Canc\u00fan Rep\u00fablica<\/title>\n<meta name=\"description\" content=\"CANC\u00daN, QUINTANA ROO. MX. \u2014 El aumento de casos de COVID-19 en Quintana Roo y sobre todo en Canc\u00fan podr\u00eda derivar en una nueva reconversi\u00f3n del Hospital En Sonora en Equipo publicamos toda la informaci\u00f3n de Sonora, M\u00e9xico y el Mundo de manera oportuna y busca que la libertad de expresi\u00f3n sea real. Visita nuestro medio informativo publicado desde Hermosillo, Sonora. %\" \/>\n<meta name=\"robots\" content=\"index, follow, max-snippet:-1, max-image-preview:large, max-video-preview:-1\" \/>\n<link rel=\"canonical\" href=\"https:\/\/www.sonoraenequipo.com.mx\/se-alista-hospital-general-para-volver-a-utilizar-carpas-ante-aumento-de-casos-de-covid-en-cancun\/\" \/>\n<meta property=\"og:locale\" content=\"es_ES\" \/>\n<meta property=\"og:type\" content=\"article\" \/>\n<meta property=\"og:title\" content=\"Sonora en Equipo. Se alista Hospital General para volver a utilizar carpas ante aumento de casos de Covid en Canc\u00fan Rep\u00fablica\" \/>\n<meta property=\"og:description\" content=\"CANC\u00daN, QUINTANA ROO. MX. \u2014 El aumento de casos de COVID-19 en Quintana Roo y sobre todo en Canc\u00fan podr\u00eda derivar en una nueva reconversi\u00f3n del Hospital En Sonora en Equipo publicamos toda la informaci\u00f3n de Sonora, M\u00e9xico y el Mundo de manera oportuna y busca que la libertad de expresi\u00f3n sea real. Visita nuestro medio informativo publicado desde Hermosillo, Sonora. %\" \/>\n<meta property=\"og:url\" content=\"https:\/\/www.sonoraenequipo.com.mx\/se-alista-hospital-general-para-volver-a-utilizar-carpas-ante-aumento-de-casos-de-covid-en-cancun\/\" \/>\n<meta property=\"og:site_name\" content=\"Sonora en Equipo.\" \/>\n<meta property=\"article:publisher\" content=\"https:\/\/www.facebook.com\/SonoraEE\/\" \/>\n<meta property=\"article:author\" content=\"https:\/\/www.facebook.com\/SonoraEE\" \/>\n<meta property=\"article:published_time\" content=\"2021-05-12T17:30:56+00:00\" \/>\n<meta property=\"article:modified_time\" content=\"2021-05-12T22:11:42+00:00\" \/>\n<meta property=\"og:image\" content=\"https:\/\/www.sonoraenequipo.com.mx\/storage\/2021\/05\/hospital-general-cancun_opt.jpg\" \/>\n\t<meta property=\"og:image:width\" content=\"700\" \/>\n\t<meta property=\"og:image:height\" content=\"430\" \/>\n\t<meta property=\"og:image:type\" content=\"image\/jpeg\" \/>\n<meta name=\"author\" content=\"enequipo\" \/>\n<meta name=\"twitter:card\" content=\"summary_large_image\" \/>\n<meta name=\"twitter:creator\" content=\"@sonoraenequipo\" \/>\n<meta name=\"twitter:site\" content=\"@sonoraenequipo\" \/>\n<meta name=\"twitter:label1\" content=\"Escrito por\" \/>\n\t<meta name=\"twitter:data1\" content=\"enequipo\" \/>\n\t<meta name=\"twitter:label2\" content=\"Tiempo de lectura\" \/>\n\t<meta name=\"twitter:data2\" content=\"2 minutos\" \/>\n<script type=\"application\/ld+json\" class=\"yoast-schema-graph\">{\"@context\":\"https:\/\/schema.org\",\"@graph\":[{\"@type\":\"Article\",\"@id\":\"https:\/\/www.sonoraenequipo.com.mx\/se-alista-hospital-general-para-volver-a-utilizar-carpas-ante-aumento-de-casos-de-covid-en-cancun\/#article\",\"isPartOf\":{\"@id\":\"https:\/\/www.sonoraenequipo.com.mx\/se-alista-hospital-general-para-volver-a-utilizar-carpas-ante-aumento-de-casos-de-covid-en-cancun\/\"},\"author\":{\"name\":\"enequipo\",\"@id\":\"https:\/\/www.sonoraenequipo.com.mx\/#\/schema\/person\/50102df0fb23a8fa9e8effad8fa81386\"},\"headline\":\"Se alista Hospital General para volver a utilizar carpas ante aumento de casos de Covid en Canc\u00fan\",\"datePublished\":\"2021-05-12T17:30:56+00:00\",\"dateModified\":\"2021-05-12T22:11:42+00:00\",\"mainEntityOfPage\":{\"@id\":\"https:\/\/www.sonoraenequipo.com.mx\/se-alista-hospital-general-para-volver-a-utilizar-carpas-ante-aumento-de-casos-de-covid-en-cancun\/\"},\"wordCount\":410,\"commentCount\":0,\"publisher\":{\"@id\":\"https:\/\/www.sonoraenequipo.com.mx\/#organization\"},\"image\":{\"@id\":\"https:\/\/www.sonoraenequipo.com.mx\/se-alista-hospital-general-para-volver-a-utilizar-carpas-ante-aumento-de-casos-de-covid-en-cancun\/#primaryimage\"},\"thumbnailUrl\":\"https:\/\/www.sonoraenequipo.com.mx\/storage\/2021\/05\/hospital-general-cancun_opt.jpg\",\"articleSection\":[\"Rep\u00fablica\"],\"inLanguage\":\"es\",\"potentialAction\":[{\"@type\":\"CommentAction\",\"name\":\"Comment\",\"target\":[\"https:\/\/www.sonoraenequipo.com.mx\/se-alista-hospital-general-para-volver-a-utilizar-carpas-ante-aumento-de-casos-de-covid-en-cancun\/#respond\"]}]},{\"@type\":\"WebPage\",\"@id\":\"https:\/\/www.sonoraenequipo.com.mx\/se-alista-hospital-general-para-volver-a-utilizar-carpas-ante-aumento-de-casos-de-covid-en-cancun\/\",\"url\":\"https:\/\/www.sonoraenequipo.com.mx\/se-alista-hospital-general-para-volver-a-utilizar-carpas-ante-aumento-de-casos-de-covid-en-cancun\/\",\"name\":\"Sonora en Equipo. Se alista Hospital General para volver a utilizar carpas ante aumento de casos de Covid en Canc\u00fan Rep\u00fablica\",\"isPartOf\":{\"@id\":\"https:\/\/www.sonoraenequipo.com.mx\/#website\"},\"primaryImageOfPage\":{\"@id\":\"https:\/\/www.sonoraenequipo.com.mx\/se-alista-hospital-general-para-volver-a-utilizar-carpas-ante-aumento-de-casos-de-covid-en-cancun\/#primaryimage\"},\"image\":{\"@id\":\"https:\/\/www.sonoraenequipo.com.mx\/se-alista-hospital-general-para-volver-a-utilizar-carpas-ante-aumento-de-casos-de-covid-en-cancun\/#primaryimage\"},\"thumbnailUrl\":\"https:\/\/www.sonoraenequipo.com.mx\/storage\/2021\/05\/hospital-general-cancun_opt.jpg\",\"datePublished\":\"2021-05-12T17:30:56+00:00\",\"dateModified\":\"2021-05-12T22:11:42+00:00\",\"description\":\"CANC\u00daN, QUINTANA ROO. MX. \u2014 El aumento de casos de COVID-19 en Quintana Roo y sobre todo en Canc\u00fan podr\u00eda derivar en una nueva reconversi\u00f3n del Hospital En Sonora en Equipo publicamos toda la informaci\u00f3n de Sonora, M\u00e9xico y el Mundo de manera oportuna y busca que la libertad de expresi\u00f3n sea real. Visita nuestro medio informativo publicado desde Hermosillo, Sonora. %\",\"breadcrumb\":{\"@id\":\"https:\/\/www.sonoraenequipo.com.mx\/se-alista-hospital-general-para-volver-a-utilizar-carpas-ante-aumento-de-casos-de-covid-en-cancun\/#breadcrumb\"},\"inLanguage\":\"es\",\"potentialAction\":[{\"@type\":\"ReadAction\",\"target\":[\"https:\/\/www.sonoraenequipo.com.mx\/se-alista-hospital-general-para-volver-a-utilizar-carpas-ante-aumento-de-casos-de-covid-en-cancun\/\"]}]},{\"@type\":\"ImageObject\",\"inLanguage\":\"es\",\"@id\":\"https:\/\/www.sonoraenequipo.com.mx\/se-alista-hospital-general-para-volver-a-utilizar-carpas-ante-aumento-de-casos-de-covid-en-cancun\/#primaryimage\",\"url\":\"https:\/\/www.sonoraenequipo.com.mx\/storage\/2021\/05\/hospital-general-cancun_opt.jpg\",\"contentUrl\":\"https:\/\/www.sonoraenequipo.com.mx\/storage\/2021\/05\/hospital-general-cancun_opt.jpg\",\"width\":700,\"height\":430},{\"@type\":\"BreadcrumbList\",\"@id\":\"https:\/\/www.sonoraenequipo.com.mx\/se-alista-hospital-general-para-volver-a-utilizar-carpas-ante-aumento-de-casos-de-covid-en-cancun\/#breadcrumb\",\"itemListElement\":[{\"@type\":\"ListItem\",\"position\":1,\"name\":\"Portada\",\"item\":\"https:\/\/www.sonoraenequipo.com.mx\/\"},{\"@type\":\"ListItem\",\"position\":2,\"name\":\"Se alista Hospital General para volver a utilizar carpas ante aumento de casos de Covid en Canc\u00fan\"}]},{\"@type\":\"WebSite\",\"@id\":\"https:\/\/www.sonoraenequipo.com.mx\/#website\",\"url\":\"https:\/\/www.sonoraenequipo.com.mx\/\",\"name\":\"Sonora en Equipo.\",\"description\":\"Diario en l\u00ednea con Noticias desde Hermosillo, Sonora\",\"publisher\":{\"@id\":\"https:\/\/www.sonoraenequipo.com.mx\/#organization\"},\"potentialAction\":[{\"@type\":\"SearchAction\",\"target\":{\"@type\":\"EntryPoint\",\"urlTemplate\":\"https:\/\/www.sonoraenequipo.com.mx\/?s={search_term_string}\"},\"query-input\":{\"@type\":\"PropertyValueSpecification\",\"valueRequired\":true,\"valueName\":\"search_term_string\"}}],\"inLanguage\":\"es\"},{\"@type\":\"Organization\",\"@id\":\"https:\/\/www.sonoraenequipo.com.mx\/#organization\",\"name\":\"Sonoraenequipo.com.mx\",\"url\":\"https:\/\/www.sonoraenequipo.com.mx\/\",\"logo\":{\"@type\":\"ImageObject\",\"inLanguage\":\"es\",\"@id\":\"https:\/\/www.sonoraenequipo.com.mx\/#\/schema\/logo\/image\/\",\"url\":\"https:\/\/www.sonoraenequipo.com.mx\/storage\/2019\/01\/sonoraenequipo_opt.png\",\"contentUrl\":\"https:\/\/www.sonoraenequipo.com.mx\/storage\/2019\/01\/sonoraenequipo_opt.png\",\"width\":375,\"height\":125,\"caption\":\"Sonoraenequipo.com.mx\"},\"image\":{\"@id\":\"https:\/\/www.sonoraenequipo.com.mx\/#\/schema\/logo\/image\/\"},\"sameAs\":[\"https:\/\/www.facebook.com\/SonoraEE\/\",\"https:\/\/x.com\/sonoraenequipo\",\"https:\/\/www.youtube.com\/channel\/UC338nW-lPEYmJQs4ZABQ1SQ\"]},{\"@type\":\"Person\",\"@id\":\"https:\/\/www.sonoraenequipo.com.mx\/#\/schema\/person\/50102df0fb23a8fa9e8effad8fa81386\",\"name\":\"enequipo\",\"image\":{\"@type\":\"ImageObject\",\"inLanguage\":\"es\",\"@id\":\"https:\/\/www.sonoraenequipo.com.mx\/#\/schema\/person\/image\/\",\"url\":\"https:\/\/secure.gravatar.com\/avatar\/049821681b589dabc0bc20695993ccebb09f5b5d4d790cd9251b97faac7c652b?s=96&d=blank&r=g\",\"contentUrl\":\"https:\/\/secure.gravatar.com\/avatar\/049821681b589dabc0bc20695993ccebb09f5b5d4d790cd9251b97faac7c652b?s=96&d=blank&r=g\",\"caption\":\"enequipo\"},\"sameAs\":[\"https:\/\/www.facebook.com\/SonoraEE\"]}]}<\/script>\n ","yoast_head_json":{"title":"Sonora en Equipo. Se alista Hospital General para volver a utilizar carpas ante aumento de casos de Covid en Canc\u00fan Rep\u00fablica","description":"CANC\u00daN, QUINTANA ROO. MX. \u2014 El aumento de casos de COVID-19 en Quintana Roo y sobre todo en Canc\u00fan podr\u00eda derivar en una nueva reconversi\u00f3n del Hospital En Sonora en Equipo publicamos toda la informaci\u00f3n de Sonora, M\u00e9xico y el Mundo de manera oportuna y busca que la libertad de expresi\u00f3n sea real. Visita nuestro medio informativo publicado desde Hermosillo, Sonora. %","robots":{"index":"index","follow":"follow","max-snippet":"max-snippet:-1","max-image-preview":"max-image-preview:large","max-video-preview":"max-video-preview:-1"},"canonical":"https:\/\/www.sonoraenequipo.com.mx\/se-alista-hospital-general-para-volver-a-utilizar-carpas-ante-aumento-de-casos-de-covid-en-cancun\/","og_locale":"es_ES","og_type":"article","og_title":"Sonora en Equipo. Se alista Hospital General para volver a utilizar carpas ante aumento de casos de Covid en Canc\u00fan Rep\u00fablica","og_description":"CANC\u00daN, QUINTANA ROO. MX. \u2014 El aumento de casos de COVID-19 en Quintana Roo y sobre todo en Canc\u00fan podr\u00eda derivar en una nueva reconversi\u00f3n del Hospital En Sonora en Equipo publicamos toda la informaci\u00f3n de Sonora, M\u00e9xico y el Mundo de manera oportuna y busca que la libertad de expresi\u00f3n sea real. Visita nuestro medio informativo publicado desde Hermosillo, Sonora. %","og_url":"https:\/\/www.sonoraenequipo.com.mx\/se-alista-hospital-general-para-volver-a-utilizar-carpas-ante-aumento-de-casos-de-covid-en-cancun\/","og_site_name":"Sonora en Equipo.","article_publisher":"https:\/\/www.facebook.com\/SonoraEE\/","article_author":"https:\/\/www.facebook.com\/SonoraEE","article_published_time":"2021-05-12T17:30:56+00:00","article_modified_time":"2021-05-12T22:11:42+00:00","og_image":[{"width":700,"height":430,"url":"https:\/\/www.sonoraenequipo.com.mx\/storage\/2021\/05\/hospital-general-cancun_opt.jpg","type":"image\/jpeg"}],"author":"enequipo","twitter_card":"summary_large_image","twitter_creator":"@sonoraenequipo","twitter_site":"@sonoraenequipo","twitter_misc":{"Escrito por":"enequipo","Tiempo de lectura":"2 minutos"},"schema":{"@context":"https:\/\/schema.org","@graph":[{"@type":"Article","@id":"https:\/\/www.sonoraenequipo.com.mx\/se-alista-hospital-general-para-volver-a-utilizar-carpas-ante-aumento-de-casos-de-covid-en-cancun\/#article","isPartOf":{"@id":"https:\/\/www.sonoraenequipo.com.mx\/se-alista-hospital-general-para-volver-a-utilizar-carpas-ante-aumento-de-casos-de-covid-en-cancun\/"},"author":{"name":"enequipo","@id":"https:\/\/www.sonoraenequipo.com.mx\/#\/schema\/person\/50102df0fb23a8fa9e8effad8fa81386"},"headline":"Se alista Hospital General para volver a utilizar carpas ante aumento de casos de Covid en Canc\u00fan","datePublished":"2021-05-12T17:30:56+00:00","dateModified":"2021-05-12T22:11:42+00:00","mainEntityOfPage":{"@id":"https:\/\/www.sonoraenequipo.com.mx\/se-alista-hospital-general-para-volver-a-utilizar-carpas-ante-aumento-de-casos-de-covid-en-cancun\/"},"wordCount":410,"commentCount":0,"publisher":{"@id":"https:\/\/www.sonoraenequipo.com.mx\/#organization"},"image":{"@id":"https:\/\/www.sonoraenequipo.com.mx\/se-alista-hospital-general-para-volver-a-utilizar-carpas-ante-aumento-de-casos-de-covid-en-cancun\/#primaryimage"},"thumbnailUrl":"https:\/\/www.sonoraenequipo.com.mx\/storage\/2021\/05\/hospital-general-cancun_opt.jpg","articleSection":["Rep\u00fablica"],"inLanguage":"es","potentialAction":[{"@type":"CommentAction","name":"Comment","target":["https:\/\/www.sonoraenequipo.com.mx\/se-alista-hospital-general-para-volver-a-utilizar-carpas-ante-aumento-de-casos-de-covid-en-cancun\/#respond"]}]},{"@type":"WebPage","@id":"https:\/\/www.sonoraenequipo.com.mx\/se-alista-hospital-general-para-volver-a-utilizar-carpas-ante-aumento-de-casos-de-covid-en-cancun\/","url":"https:\/\/www.sonoraenequipo.com.mx\/se-alista-hospital-general-para-volver-a-utilizar-carpas-ante-aumento-de-casos-de-covid-en-cancun\/","name":"Sonora en Equipo. Se alista Hospital General para volver a utilizar carpas ante aumento de casos de Covid en Canc\u00fan Rep\u00fablica","isPartOf":{"@id":"https:\/\/www.sonoraenequipo.com.mx\/#website"},"primaryImageOfPage":{"@id":"https:\/\/www.sonoraenequipo.com.mx\/se-alista-hospital-general-para-volver-a-utilizar-carpas-ante-aumento-de-casos-de-covid-en-cancun\/#primaryimage"},"image":{"@id":"https:\/\/www.sonoraenequipo.com.mx\/se-alista-hospital-general-para-volver-a-utilizar-carpas-ante-aumento-de-casos-de-covid-en-cancun\/#primaryimage"},"thumbnailUrl":"https:\/\/www.sonoraenequipo.com.mx\/storage\/2021\/05\/hospital-general-cancun_opt.jpg","datePublished":"2021-05-12T17:30:56+00:00","dateModified":"2021-05-12T22:11:42+00:00","description":"CANC\u00daN, QUINTANA ROO. MX. \u2014 El aumento de casos de COVID-19 en Quintana Roo y sobre todo en Canc\u00fan podr\u00eda derivar en una nueva reconversi\u00f3n del Hospital En Sonora en Equipo publicamos toda la informaci\u00f3n de Sonora, M\u00e9xico y el Mundo de manera oportuna y busca que la libertad de expresi\u00f3n sea real. Visita nuestro medio informativo publicado desde Hermosillo, Sonora. %","breadcrumb":{"@id":"https:\/\/www.sonoraenequipo.com.mx\/se-alista-hospital-general-para-volver-a-utilizar-carpas-ante-aumento-de-casos-de-covid-en-cancun\/#breadcrumb"},"inLanguage":"es","potentialAction":[{"@type":"ReadAction","target":["https:\/\/www.sonoraenequipo.com.mx\/se-alista-hospital-general-para-volver-a-utilizar-carpas-ante-aumento-de-casos-de-covid-en-cancun\/"]}]},{"@type":"ImageObject","inLanguage":"es","@id":"https:\/\/www.sonoraenequipo.com.mx\/se-alista-hospital-general-para-volver-a-utilizar-carpas-ante-aumento-de-casos-de-covid-en-cancun\/#primaryimage","url":"https:\/\/www.sonoraenequipo.com.mx\/storage\/2021\/05\/hospital-general-cancun_opt.jpg","contentUrl":"https:\/\/www.sonoraenequipo.com.mx\/storage\/2021\/05\/hospital-general-cancun_opt.jpg","width":700,"height":430},{"@type":"BreadcrumbList","@id":"https:\/\/www.sonoraenequipo.com.mx\/se-alista-hospital-general-para-volver-a-utilizar-carpas-ante-aumento-de-casos-de-covid-en-cancun\/#breadcrumb","itemListElement":[{"@type":"ListItem","position":1,"name":"Portada","item":"https:\/\/www.sonoraenequipo.com.mx\/"},{"@type":"ListItem","position":2,"name":"Se alista Hospital General para volver a utilizar carpas ante aumento de casos de Covid en Canc\u00fan"}]},{"@type":"WebSite","@id":"https:\/\/www.sonoraenequipo.com.mx\/#website","url":"https:\/\/www.sonoraenequipo.com.mx\/","name":"Sonora en Equipo.","description":"Diario en l\u00ednea con Noticias desde Hermosillo, Sonora","publisher":{"@id":"https:\/\/www.sonoraenequipo.com.mx\/#organization"},"potentialAction":[{"@type":"SearchAction","target":{"@type":"EntryPoint","urlTemplate":"https:\/\/www.sonoraenequipo.com.mx\/?s={search_term_string}"},"query-input":{"@type":"PropertyValueSpecification","valueRequired":true,"valueName":"search_term_string"}}],"inLanguage":"es"},{"@type":"Organization","@id":"https:\/\/www.sonoraenequipo.com.mx\/#organization","name":"Sonoraenequipo.com.mx","url":"https:\/\/www.sonoraenequipo.com.mx\/","logo":{"@type":"ImageObject","inLanguage":"es","@id":"https:\/\/www.sonoraenequipo.com.mx\/#\/schema\/logo\/image\/","url":"https:\/\/www.sonoraenequipo.com.mx\/storage\/2019\/01\/sonoraenequipo_opt.png","contentUrl":"https:\/\/www.sonoraenequipo.com.mx\/storage\/2019\/01\/sonoraenequipo_opt.png","width":375,"height":125,"caption":"Sonoraenequipo.com.mx"},"image":{"@id":"https:\/\/www.sonoraenequipo.com.mx\/#\/schema\/logo\/image\/"},"sameAs":["https:\/\/www.facebook.com\/SonoraEE\/","https:\/\/x.com\/sonoraenequipo","https:\/\/www.youtube.com\/channel\/UC338nW-lPEYmJQs4ZABQ1SQ"]},{"@type":"Person","@id":"https:\/\/www.sonoraenequipo.com.mx\/#\/schema\/person\/50102df0fb23a8fa9e8effad8fa81386","name":"enequipo","image":{"@type":"ImageObject","inLanguage":"es","@id":"https:\/\/www.sonoraenequipo.com.mx\/#\/schema\/person\/image\/","url":"https:\/\/secure.gravatar.com\/avatar\/049821681b589dabc0bc20695993ccebb09f5b5d4d790cd9251b97faac7c652b?s=96&d=blank&r=g","contentUrl":"https:\/\/secure.gravatar.com\/avatar\/049821681b589dabc0bc20695993ccebb09f5b5d4d790cd9251b97faac7c652b?s=96&d=blank&r=g","caption":"enequipo"},"sameAs":["https:\/\/www.facebook.com\/SonoraEE"]}]}},"jetpack_featured_media_url":"https:\/\/www.sonoraenequipo.com.mx\/storage\/2021\/05\/hospital-general-cancun_opt.jpg","_links":{"self":[{"href":"https:\/\/www.sonoraenequipo.com.mx\/api\/wp\/v2\/posts\/113766","targetHints":{"allow":["GET"]}}],"collection":[{"href":"https:\/\/www.sonoraenequipo.com.mx\/api\/wp\/v2\/posts"}],"about":[{"href":"https:\/\/www.sonoraenequipo.com.mx\/api\/wp\/v2\/types\/post"}],"author":[{"embeddable":true,"href":"https:\/\/www.sonoraenequipo.com.mx\/api\/wp\/v2\/users\/1"}],"replies":[{"embeddable":true,"href":"https:\/\/www.sonoraenequipo.com.mx\/api\/wp\/v2\/comments?post=113766"}],"version-history":[{"count":1,"href":"https:\/\/www.sonoraenequipo.com.mx\/api\/wp\/v2\/posts\/113766\/revisions"}],"predecessor-version":[{"id":113769,"href":"https:\/\/www.sonoraenequipo.com.mx\/api\/wp\/v2\/posts\/113766\/revisions\/113769"}],"wp:featuredmedia":[{"embeddable":true,"href":"https:\/\/www.sonoraenequipo.com.mx\/api\/wp\/v2\/media\/113767"}],"wp:attachment":[{"href":"https:\/\/www.sonoraenequipo.com.mx\/api\/wp\/v2\/media?parent=113766"}],"wp:term":[{"taxonomy":"category","embeddable":true,"href":"https:\/\/www.sonoraenequipo.com.mx\/api\/wp\/v2\/categories?post=113766"},{"taxonomy":"post_tag","embeddable":true,"href":"https:\/\/www.sonoraenequipo.com.mx\/api\/wp\/v2\/tags?post=113766"}],"curies":[{"name":"wp","href":"https:\/\/api.w.org\/{rel}","templated":true}]}}