{"id":113770,"date":"2021-05-12T11:20:56","date_gmt":"2021-05-12T18:20:56","guid":{"rendered":"https:\/\/www.sonoraenequipo.com.mx\/?p=113770"},"modified":"2021-05-12T15:24:56","modified_gmt":"2021-05-12T22:24:56","slug":"tanto-oms-como-paises-todos-fallaron-al-responder-a-la-pandemia-dictaminan-expertos","status":"publish","type":"post","link":"https:\/\/www.sonoraenequipo.com.mx\/tanto-oms-como-paises-todos-fallaron-al-responder-a-la-pandemia-dictaminan-expertos\/","title":{"rendered":"Tanto OMS como pa\u00edses, todos fallaron al responder a la pandemia, dictaminan expertos"},"content":{"rendered":"<p>Un panel independiente de expertos examin\u00f3 durante ocho meses los fallos que hubo en la gesti\u00f3n de la pandemia por parte de pa\u00edses y la OMS<\/p>\n<p>&nbsp;<\/p>\n<p> <\/p>\n<p>&nbsp;<\/p>\n<p>ESTADOS UNIDOS. \u2014 El sistema que el mundo ten\u00eda para afrontar pandemias es inservible y debe ser reformado para afrontar la pr\u00f3xima que llegue, pero los pa\u00edses tambi\u00e9n han sido responsables de la situaci\u00f3n actual cuando prefirieron \u201cesperar a ver lo que pasaba\u201d en los primeros meses, sin tomar las medidas que hubiesen frenado el coronavirus.<\/p>\n<p>&nbsp;<\/p>\n<p>Esta es la contundente conclusi\u00f3n del Panel Independiente de Preparaci\u00f3n y Respuesta a Pandemias, formado por expertos y personalidades que examinaron durante ocho meses los fallos que hubo en la gesti\u00f3n de la pandemia, tanto a nivel nacional como internacional, y que divulg\u00f3 este mi\u00e9rcoles sus conclusiones.<\/p>\n<p>&nbsp;<\/p>\n<p>Esta misi\u00f3n le fue encomendada por la Organizaci\u00f3n Mundial de la Salud (OMS), que a la vez recibi\u00f3 instrucciones para ello de sus Estados miembros, alarmados a mediados del a\u00f1o pasado por la velocidad a la que se agravaba la pandemia y las sospechas de que esta entidad no hab\u00eda actuado correctamente en su fase inicial.<\/p>\n<p>&nbsp;<\/p>\n<p>Su principal conclusi\u00f3n es que globalmente el mundo demostr\u00f3 que no hab\u00eda aprendido nada de crisis pasadas y que la tragedia sanitaria, econ\u00f3mica y social causada por el COVID-19 pudo haberse evitado.<\/p>\n<p>&nbsp;<\/p>\n<p>Responsabilidad compartida<\/p>\n<p>&nbsp;<\/p>\n<p>El panel, que copresiden la exmandataria de Liberia, Ellen Johnson Sirleaf, y la exprimera ministra de Nueva Zelanda, Helen Clark, encontr\u00f3 que hubo una responsabilidad compartida y que evitar que situaciones tan graves se repitan requerir\u00e1 una gran reforma internacional en la que los pa\u00edses deben comprometer recursos y voluntad pol\u00edtica.<\/p>\n<p>&nbsp;<\/p>\n<p>\u201cEl tiempo transcurrido desde la notificaci\u00f3n de un grupo de casos de neumon\u00eda de origen desconocido a mediados de diciembre hasta la declaraci\u00f3n de una Emergencia de Salud P\u00fablica Internacional (30 de enero de 2020) fue demasiado largo\u201d, sostiene el panel en el informe que present\u00f3 hoy.<\/p>\n<p>&nbsp;<\/p>\n<p>Clark sostuvo que la emergencia global pudo haber sido declarada ya el 22 de enero, tras la primera reuni\u00f3n del Comit\u00e9 de Emergencia de la OMS, que valora la gravedad de una amenaza sanitaria y recomienda si debe ser considerada una emergencia internacional, y no esperar a que este mismo grupo se reuniera un segunda vez.<\/p>\n<p>&nbsp;<\/p>\n<p>Sin embargo, si la OMS no actu\u00f3 en ciertos momentos como deb\u00eda fue porque no cuenta con los poderes que se requieren en una situaci\u00f3n de tal gravedad., concluy\u00f3 el Panel.<\/p>\n<p>&nbsp;<\/p>\n<p>\u201cLa OMS debe tener los poderes necesarios para investigar brotes que preocupen, de forma r\u00e1pida y con garant\u00edas de que tendr\u00e1 acceso, y disponer de la capacidad de publicar informaci\u00f3n sin esperar a la autorizaci\u00f3n del Estado miembro\u201d, explic\u00f3 Clark en la presentaci\u00f3n del informe.<\/p>\n<p>&nbsp;<\/p>\n<p>\u201cSensibilidades sobre soberan\u00eda no deben provocar demoras a la hora de alertar al mundo sobre la amenaza de un nuevo pat\u00f3geno con potencial pand\u00e9mico\u201d, agreg\u00f3.<\/p>\n<p>&nbsp;<\/p>\n<p>Responsabilidades de pa\u00edses<\/p>\n<p>&nbsp;<\/p>\n<p>Los pa\u00edses tambi\u00e9n tuvieron una gran parte de responsabilidad en la descontrolada propagaci\u00f3n del coronavirus, conforme a las conclusiones del Panel.<\/p>\n<p>&nbsp;<\/p>\n<p>\u201cFebrero fue un mes perdido en el que muchos m\u00e1s pa\u00edses podr\u00edan haber adoptado medidas serias para contener la propagaci\u00f3n del SARS-CoV-2 y prevenir una cat\u00e1strofe sanitaria, social y econ\u00f3mica\u201d, concluyeron los expertos.<\/p>\n<p>&nbsp;<\/p>\n<p>Clark record\u00f3 que la mayor\u00eda de gobiernos optaron por \u201cesperar a ver lo que pasaba y no fue hasta que empezaron a ver que las unidades de cuidados intensivos se llenaban que empezaron a actuar, pero ya era demasiado tarde\u201d.<\/p>\n<p>&nbsp;<\/p>\n<p>\u201cHubo pa\u00edses que subestimaron el valor de la ciencia, negaron la gravedad de la enfermedad y tardaron en responder, lo que tuvo consecuencias nefastas\u201d, a\u00f1adi\u00f3 la copresidenta del Panel, cuya creaci\u00f3n se produjo en medio del recelo que Estados Unidos hab\u00eda instigado contra la OMS.<\/p>\n<p>&nbsp;<\/p>\n<p>Acusaciones de Trump<\/p>\n<p>&nbsp;<\/p>\n<p>La Administraci\u00f3n de Donald Trump acusaba a la Organizaci\u00f3n de haber encubierto la tardanza con la que China inform\u00f3 de los primeros casos de coronavirus, as\u00ed como de haber gestionado mal la crisis, mientras en su pa\u00eds negaba la gravedad del nuevo virus y despreciaba la utilizaci\u00f3n de mascarillas.<\/p>\n<p>&nbsp;<\/p>\n<p>Estados Unidos ha registrado 576 mil muertes por COVID-19 y 32.3 millones de casos, las cifras m\u00e1s altas del mundo en ambas categor\u00edas.<\/p>\n<p>&nbsp;<\/p>\n<p>Clark consider\u00f3 que las reformas y nuevas reglas que se adopten para afrontar futuras pandemias deben abordar de una forma particular las infecciones respiratorias transmisibles f\u00e1cilmente de persona a persona.<\/p>\n<p>&nbsp;<\/p>\n<p>Sobre las medidas de prevenci\u00f3n, reconoci\u00f3 que si las restricciones de viaje se hubieran impuesto m\u00e1s r\u00e1pido y de forma m\u00e1s extensa, la propagaci\u00f3n del virus se hubiese reducido.<\/p>\n<p>&nbsp;<\/p>\n<p>El Reglamento Sanitario Internacional, que regula la actuaci\u00f3n de los pa\u00edses en situaciones de crisis sanitaria, desalienta las restricciones de viajes, pero la exprimera ministra Clark dijo que hay que aceptar que en la actualidad \u201clas enfermedades viajan en avi\u00f3n y no en burros\u201d.<\/p>\n<p>&nbsp;<\/p>\n<p>&nbsp;<\/p>\n<p>(Publicada el 12\/05\/2021 \/L\u00f3pez Doriga)<\/p>\n","protected":false},"excerpt":{"rendered":"<p>Un panel independiente de expertos examin\u00f3 durante ocho meses los fallos que hubo en la&#8230;<\/p>\n","protected":false},"author":1,"featured_media":0,"comment_status":"open","ping_status":"open","sticky":false,"template":"","format":"standard","meta":{"_monsterinsights_skip_tracking":false,"_monsterinsights_sitenote_active":false,"_monsterinsights_sitenote_note":"","_monsterinsights_sitenote_category":0,"footnotes":""},"categories":[3],"tags":[],"class_list":["post"],"yoast_head":" \n<title>Sonora en Equipo. Tanto OMS como pa\u00edses, todos fallaron al responder a la pandemia, dictaminan expertos MUNDO<\/title>\n<meta name=\"description\" content=\"Un panel independiente de expertos examin\u00f3 durante ocho meses los fallos que hubo en la gesti\u00f3n de la pandemia por parte de pa\u00edses y la OMS &nbsp; &nbsp; En Sonora en Equipo publicamos toda la informaci\u00f3n de Sonora, M\u00e9xico y el Mundo de manera oportuna y busca que la libertad de expresi\u00f3n sea real. Visita nuestro medio informativo publicado desde Hermosillo, Sonora. %\" \/>\n<meta name=\"robots\" content=\"index, follow, max-snippet:-1, max-image-preview:large, max-video-preview:-1\" \/>\n<link rel=\"canonical\" href=\"https:\/\/www.sonoraenequipo.com.mx\/tanto-oms-como-paises-todos-fallaron-al-responder-a-la-pandemia-dictaminan-expertos\/\" \/>\n<meta property=\"og:locale\" content=\"es_ES\" \/>\n<meta property=\"og:type\" content=\"article\" \/>\n<meta property=\"og:title\" content=\"Sonora en Equipo. Tanto OMS como pa\u00edses, todos fallaron al responder a la pandemia, dictaminan expertos MUNDO\" \/>\n<meta property=\"og:description\" content=\"Un panel independiente de expertos examin\u00f3 durante ocho meses los fallos que hubo en la gesti\u00f3n de la pandemia por parte de pa\u00edses y la OMS &nbsp; &nbsp; En Sonora en Equipo publicamos toda la informaci\u00f3n de Sonora, M\u00e9xico y el Mundo de manera oportuna y busca que la libertad de expresi\u00f3n sea real. Visita nuestro medio informativo publicado desde Hermosillo, Sonora. %\" \/>\n<meta property=\"og:url\" content=\"https:\/\/www.sonoraenequipo.com.mx\/tanto-oms-como-paises-todos-fallaron-al-responder-a-la-pandemia-dictaminan-expertos\/\" \/>\n<meta property=\"og:site_name\" content=\"Sonora en Equipo.\" \/>\n<meta property=\"article:publisher\" content=\"https:\/\/www.facebook.com\/SonoraEE\/\" \/>\n<meta property=\"article:author\" content=\"https:\/\/www.facebook.com\/SonoraEE\" \/>\n<meta property=\"article:published_time\" content=\"2021-05-12T18:20:56+00:00\" \/>\n<meta property=\"article:modified_time\" content=\"2021-05-12T22:24:56+00:00\" \/>\n<meta name=\"author\" content=\"enequipo\" \/>\n<meta name=\"twitter:card\" content=\"summary_large_image\" \/>\n<meta name=\"twitter:creator\" content=\"@sonoraenequipo\" \/>\n<meta name=\"twitter:site\" content=\"@sonoraenequipo\" \/>\n<meta name=\"twitter:label1\" content=\"Escrito por\" \/>\n\t<meta name=\"twitter:data1\" content=\"enequipo\" \/>\n\t<meta name=\"twitter:label2\" content=\"Tiempo de lectura\" \/>\n\t<meta name=\"twitter:data2\" content=\"4 minutos\" \/>\n<script type=\"application\/ld+json\" class=\"yoast-schema-graph\">{\"@context\":\"https:\/\/schema.org\",\"@graph\":[{\"@type\":\"Article\",\"@id\":\"https:\/\/www.sonoraenequipo.com.mx\/tanto-oms-como-paises-todos-fallaron-al-responder-a-la-pandemia-dictaminan-expertos\/#article\",\"isPartOf\":{\"@id\":\"https:\/\/www.sonoraenequipo.com.mx\/tanto-oms-como-paises-todos-fallaron-al-responder-a-la-pandemia-dictaminan-expertos\/\"},\"author\":{\"name\":\"enequipo\",\"@id\":\"https:\/\/www.sonoraenequipo.com.mx\/#\/schema\/person\/50102df0fb23a8fa9e8effad8fa81386\"},\"headline\":\"Tanto OMS como pa\u00edses, todos fallaron al responder a la pandemia, dictaminan expertos\",\"datePublished\":\"2021-05-12T18:20:56+00:00\",\"dateModified\":\"2021-05-12T22:24:56+00:00\",\"mainEntityOfPage\":{\"@id\":\"https:\/\/www.sonoraenequipo.com.mx\/tanto-oms-como-paises-todos-fallaron-al-responder-a-la-pandemia-dictaminan-expertos\/\"},\"wordCount\":897,\"commentCount\":0,\"publisher\":{\"@id\":\"https:\/\/www.sonoraenequipo.com.mx\/#organization\"},\"articleSection\":[\"MUNDO\"],\"inLanguage\":\"es\",\"potentialAction\":[{\"@type\":\"CommentAction\",\"name\":\"Comment\",\"target\":[\"https:\/\/www.sonoraenequipo.com.mx\/tanto-oms-como-paises-todos-fallaron-al-responder-a-la-pandemia-dictaminan-expertos\/#respond\"]}]},{\"@type\":\"WebPage\",\"@id\":\"https:\/\/www.sonoraenequipo.com.mx\/tanto-oms-como-paises-todos-fallaron-al-responder-a-la-pandemia-dictaminan-expertos\/\",\"url\":\"https:\/\/www.sonoraenequipo.com.mx\/tanto-oms-como-paises-todos-fallaron-al-responder-a-la-pandemia-dictaminan-expertos\/\",\"name\":\"Sonora en Equipo. Tanto OMS como pa\u00edses, todos fallaron al responder a la pandemia, dictaminan expertos MUNDO\",\"isPartOf\":{\"@id\":\"https:\/\/www.sonoraenequipo.com.mx\/#website\"},\"datePublished\":\"2021-05-12T18:20:56+00:00\",\"dateModified\":\"2021-05-12T22:24:56+00:00\",\"description\":\"Un panel independiente de expertos examin\u00f3 durante ocho meses los fallos que hubo en la gesti\u00f3n de la pandemia por parte de pa\u00edses y la OMS &nbsp; &nbsp; En Sonora en Equipo publicamos toda la informaci\u00f3n de Sonora, M\u00e9xico y el Mundo de manera oportuna y busca que la libertad de expresi\u00f3n sea real. Visita nuestro medio informativo publicado desde Hermosillo, Sonora. %\",\"breadcrumb\":{\"@id\":\"https:\/\/www.sonoraenequipo.com.mx\/tanto-oms-como-paises-todos-fallaron-al-responder-a-la-pandemia-dictaminan-expertos\/#breadcrumb\"},\"inLanguage\":\"es\",\"potentialAction\":[{\"@type\":\"ReadAction\",\"target\":[\"https:\/\/www.sonoraenequipo.com.mx\/tanto-oms-como-paises-todos-fallaron-al-responder-a-la-pandemia-dictaminan-expertos\/\"]}]},{\"@type\":\"BreadcrumbList\",\"@id\":\"https:\/\/www.sonoraenequipo.com.mx\/tanto-oms-como-paises-todos-fallaron-al-responder-a-la-pandemia-dictaminan-expertos\/#breadcrumb\",\"itemListElement\":[{\"@type\":\"ListItem\",\"position\":1,\"name\":\"Portada\",\"item\":\"https:\/\/www.sonoraenequipo.com.mx\/\"},{\"@type\":\"ListItem\",\"position\":2,\"name\":\"Tanto OMS como pa\u00edses, todos fallaron al responder a la pandemia, dictaminan expertos\"}]},{\"@type\":\"WebSite\",\"@id\":\"https:\/\/www.sonoraenequipo.com.mx\/#website\",\"url\":\"https:\/\/www.sonoraenequipo.com.mx\/\",\"name\":\"Sonora en Equipo.\",\"description\":\"Diario en l\u00ednea con Noticias desde Hermosillo, Sonora\",\"publisher\":{\"@id\":\"https:\/\/www.sonoraenequipo.com.mx\/#organization\"},\"potentialAction\":[{\"@type\":\"SearchAction\",\"target\":{\"@type\":\"EntryPoint\",\"urlTemplate\":\"https:\/\/www.sonoraenequipo.com.mx\/?s={search_term_string}\"},\"query-input\":{\"@type\":\"PropertyValueSpecification\",\"valueRequired\":true,\"valueName\":\"search_term_string\"}}],\"inLanguage\":\"es\"},{\"@type\":\"Organization\",\"@id\":\"https:\/\/www.sonoraenequipo.com.mx\/#organization\",\"name\":\"Sonoraenequipo.com.mx\",\"url\":\"https:\/\/www.sonoraenequipo.com.mx\/\",\"logo\":{\"@type\":\"ImageObject\",\"inLanguage\":\"es\",\"@id\":\"https:\/\/www.sonoraenequipo.com.mx\/#\/schema\/logo\/image\/\",\"url\":\"https:\/\/www.sonoraenequipo.com.mx\/storage\/2019\/01\/sonoraenequipo_opt.png\",\"contentUrl\":\"https:\/\/www.sonoraenequipo.com.mx\/storage\/2019\/01\/sonoraenequipo_opt.png\",\"width\":375,\"height\":125,\"caption\":\"Sonoraenequipo.com.mx\"},\"image\":{\"@id\":\"https:\/\/www.sonoraenequipo.com.mx\/#\/schema\/logo\/image\/\"},\"sameAs\":[\"https:\/\/www.facebook.com\/SonoraEE\/\",\"https:\/\/x.com\/sonoraenequipo\",\"https:\/\/www.youtube.com\/channel\/UC338nW-lPEYmJQs4ZABQ1SQ\"]},{\"@type\":\"Person\",\"@id\":\"https:\/\/www.sonoraenequipo.com.mx\/#\/schema\/person\/50102df0fb23a8fa9e8effad8fa81386\",\"name\":\"enequipo\",\"image\":{\"@type\":\"ImageObject\",\"inLanguage\":\"es\",\"@id\":\"https:\/\/www.sonoraenequipo.com.mx\/#\/schema\/person\/image\/\",\"url\":\"https:\/\/secure.gravatar.com\/avatar\/049821681b589dabc0bc20695993ccebb09f5b5d4d790cd9251b97faac7c652b?s=96&d=blank&r=g\",\"contentUrl\":\"https:\/\/secure.gravatar.com\/avatar\/049821681b589dabc0bc20695993ccebb09f5b5d4d790cd9251b97faac7c652b?s=96&d=blank&r=g\",\"caption\":\"enequipo\"},\"sameAs\":[\"https:\/\/www.facebook.com\/SonoraEE\"]}]}<\/script>\n ","yoast_head_json":{"title":"Sonora en Equipo. Tanto OMS como pa\u00edses, todos fallaron al responder a la pandemia, dictaminan expertos MUNDO","description":"Un panel independiente de expertos examin\u00f3 durante ocho meses los fallos que hubo en la gesti\u00f3n de la pandemia por parte de pa\u00edses y la OMS &nbsp; &nbsp; En Sonora en Equipo publicamos toda la informaci\u00f3n de Sonora, M\u00e9xico y el Mundo de manera oportuna y busca que la libertad de expresi\u00f3n sea real. Visita nuestro medio informativo publicado desde Hermosillo, Sonora. %","robots":{"index":"index","follow":"follow","max-snippet":"max-snippet:-1","max-image-preview":"max-image-preview:large","max-video-preview":"max-video-preview:-1"},"canonical":"https:\/\/www.sonoraenequipo.com.mx\/tanto-oms-como-paises-todos-fallaron-al-responder-a-la-pandemia-dictaminan-expertos\/","og_locale":"es_ES","og_type":"article","og_title":"Sonora en Equipo. Tanto OMS como pa\u00edses, todos fallaron al responder a la pandemia, dictaminan expertos MUNDO","og_description":"Un panel independiente de expertos examin\u00f3 durante ocho meses los fallos que hubo en la gesti\u00f3n de la pandemia por parte de pa\u00edses y la OMS &nbsp; &nbsp; En Sonora en Equipo publicamos toda la informaci\u00f3n de Sonora, M\u00e9xico y el Mundo de manera oportuna y busca que la libertad de expresi\u00f3n sea real. Visita nuestro medio informativo publicado desde Hermosillo, Sonora. %","og_url":"https:\/\/www.sonoraenequipo.com.mx\/tanto-oms-como-paises-todos-fallaron-al-responder-a-la-pandemia-dictaminan-expertos\/","og_site_name":"Sonora en Equipo.","article_publisher":"https:\/\/www.facebook.com\/SonoraEE\/","article_author":"https:\/\/www.facebook.com\/SonoraEE","article_published_time":"2021-05-12T18:20:56+00:00","article_modified_time":"2021-05-12T22:24:56+00:00","author":"enequipo","twitter_card":"summary_large_image","twitter_creator":"@sonoraenequipo","twitter_site":"@sonoraenequipo","twitter_misc":{"Escrito por":"enequipo","Tiempo de lectura":"4 minutos"},"schema":{"@context":"https:\/\/schema.org","@graph":[{"@type":"Article","@id":"https:\/\/www.sonoraenequipo.com.mx\/tanto-oms-como-paises-todos-fallaron-al-responder-a-la-pandemia-dictaminan-expertos\/#article","isPartOf":{"@id":"https:\/\/www.sonoraenequipo.com.mx\/tanto-oms-como-paises-todos-fallaron-al-responder-a-la-pandemia-dictaminan-expertos\/"},"author":{"name":"enequipo","@id":"https:\/\/www.sonoraenequipo.com.mx\/#\/schema\/person\/50102df0fb23a8fa9e8effad8fa81386"},"headline":"Tanto OMS como pa\u00edses, todos fallaron al responder a la pandemia, dictaminan expertos","datePublished":"2021-05-12T18:20:56+00:00","dateModified":"2021-05-12T22:24:56+00:00","mainEntityOfPage":{"@id":"https:\/\/www.sonoraenequipo.com.mx\/tanto-oms-como-paises-todos-fallaron-al-responder-a-la-pandemia-dictaminan-expertos\/"},"wordCount":897,"commentCount":0,"publisher":{"@id":"https:\/\/www.sonoraenequipo.com.mx\/#organization"},"articleSection":["MUNDO"],"inLanguage":"es","potentialAction":[{"@type":"CommentAction","name":"Comment","target":["https:\/\/www.sonoraenequipo.com.mx\/tanto-oms-como-paises-todos-fallaron-al-responder-a-la-pandemia-dictaminan-expertos\/#respond"]}]},{"@type":"WebPage","@id":"https:\/\/www.sonoraenequipo.com.mx\/tanto-oms-como-paises-todos-fallaron-al-responder-a-la-pandemia-dictaminan-expertos\/","url":"https:\/\/www.sonoraenequipo.com.mx\/tanto-oms-como-paises-todos-fallaron-al-responder-a-la-pandemia-dictaminan-expertos\/","name":"Sonora en Equipo. Tanto OMS como pa\u00edses, todos fallaron al responder a la pandemia, dictaminan expertos MUNDO","isPartOf":{"@id":"https:\/\/www.sonoraenequipo.com.mx\/#website"},"datePublished":"2021-05-12T18:20:56+00:00","dateModified":"2021-05-12T22:24:56+00:00","description":"Un panel independiente de expertos examin\u00f3 durante ocho meses los fallos que hubo en la gesti\u00f3n de la pandemia por parte de pa\u00edses y la OMS &nbsp; &nbsp; En Sonora en Equipo publicamos toda la informaci\u00f3n de Sonora, M\u00e9xico y el Mundo de manera oportuna y busca que la libertad de expresi\u00f3n sea real. Visita nuestro medio informativo publicado desde Hermosillo, Sonora. %","breadcrumb":{"@id":"https:\/\/www.sonoraenequipo.com.mx\/tanto-oms-como-paises-todos-fallaron-al-responder-a-la-pandemia-dictaminan-expertos\/#breadcrumb"},"inLanguage":"es","potentialAction":[{"@type":"ReadAction","target":["https:\/\/www.sonoraenequipo.com.mx\/tanto-oms-como-paises-todos-fallaron-al-responder-a-la-pandemia-dictaminan-expertos\/"]}]},{"@type":"BreadcrumbList","@id":"https:\/\/www.sonoraenequipo.com.mx\/tanto-oms-como-paises-todos-fallaron-al-responder-a-la-pandemia-dictaminan-expertos\/#breadcrumb","itemListElement":[{"@type":"ListItem","position":1,"name":"Portada","item":"https:\/\/www.sonoraenequipo.com.mx\/"},{"@type":"ListItem","position":2,"name":"Tanto OMS como pa\u00edses, todos fallaron al responder a la pandemia, dictaminan expertos"}]},{"@type":"WebSite","@id":"https:\/\/www.sonoraenequipo.com.mx\/#website","url":"https:\/\/www.sonoraenequipo.com.mx\/","name":"Sonora en Equipo.","description":"Diario en l\u00ednea con Noticias desde Hermosillo, Sonora","publisher":{"@id":"https:\/\/www.sonoraenequipo.com.mx\/#organization"},"potentialAction":[{"@type":"SearchAction","target":{"@type":"EntryPoint","urlTemplate":"https:\/\/www.sonoraenequipo.com.mx\/?s={search_term_string}"},"query-input":{"@type":"PropertyValueSpecification","valueRequired":true,"valueName":"search_term_string"}}],"inLanguage":"es"},{"@type":"Organization","@id":"https:\/\/www.sonoraenequipo.com.mx\/#organization","name":"Sonoraenequipo.com.mx","url":"https:\/\/www.sonoraenequipo.com.mx\/","logo":{"@type":"ImageObject","inLanguage":"es","@id":"https:\/\/www.sonoraenequipo.com.mx\/#\/schema\/logo\/image\/","url":"https:\/\/www.sonoraenequipo.com.mx\/storage\/2019\/01\/sonoraenequipo_opt.png","contentUrl":"https:\/\/www.sonoraenequipo.com.mx\/storage\/2019\/01\/sonoraenequipo_opt.png","width":375,"height":125,"caption":"Sonoraenequipo.com.mx"},"image":{"@id":"https:\/\/www.sonoraenequipo.com.mx\/#\/schema\/logo\/image\/"},"sameAs":["https:\/\/www.facebook.com\/SonoraEE\/","https:\/\/x.com\/sonoraenequipo","https:\/\/www.youtube.com\/channel\/UC338nW-lPEYmJQs4ZABQ1SQ"]},{"@type":"Person","@id":"https:\/\/www.sonoraenequipo.com.mx\/#\/schema\/person\/50102df0fb23a8fa9e8effad8fa81386","name":"enequipo","image":{"@type":"ImageObject","inLanguage":"es","@id":"https:\/\/www.sonoraenequipo.com.mx\/#\/schema\/person\/image\/","url":"https:\/\/secure.gravatar.com\/avatar\/049821681b589dabc0bc20695993ccebb09f5b5d4d790cd9251b97faac7c652b?s=96&d=blank&r=g","contentUrl":"https:\/\/secure.gravatar.com\/avatar\/049821681b589dabc0bc20695993ccebb09f5b5d4d790cd9251b97faac7c652b?s=96&d=blank&r=g","caption":"enequipo"},"sameAs":["https:\/\/www.facebook.com\/SonoraEE"]}]}},"jetpack_featured_media_url":"","_links":{"self":[{"href":"https:\/\/www.sonoraenequipo.com.mx\/api\/wp\/v2\/posts\/113770","targetHints":{"allow":["GET"]}}],"collection":[{"href":"https:\/\/www.sonoraenequipo.com.mx\/api\/wp\/v2\/posts"}],"about":[{"href":"https:\/\/www.sonoraenequipo.com.mx\/api\/wp\/v2\/types\/post"}],"author":[{"embeddable":true,"href":"https:\/\/www.sonoraenequipo.com.mx\/api\/wp\/v2\/users\/1"}],"replies":[{"embeddable":true,"href":"https:\/\/www.sonoraenequipo.com.mx\/api\/wp\/v2\/comments?post=113770"}],"version-history":[{"count":1,"href":"https:\/\/www.sonoraenequipo.com.mx\/api\/wp\/v2\/posts\/113770\/revisions"}],"predecessor-version":[{"id":113771,"href":"https:\/\/www.sonoraenequipo.com.mx\/api\/wp\/v2\/posts\/113770\/revisions\/113771"}],"wp:attachment":[{"href":"https:\/\/www.sonoraenequipo.com.mx\/api\/wp\/v2\/media?parent=113770"}],"wp:term":[{"taxonomy":"category","embeddable":true,"href":"https:\/\/www.sonoraenequipo.com.mx\/api\/wp\/v2\/categories?post=113770"},{"taxonomy":"post_tag","embeddable":true,"href":"https:\/\/www.sonoraenequipo.com.mx\/api\/wp\/v2\/tags?post=113770"}],"curies":[{"name":"wp","href":"https:\/\/api.w.org\/{rel}","templated":true}]}}