{"id":113776,"date":"2021-05-12T09:15:41","date_gmt":"2021-05-12T16:15:41","guid":{"rendered":"https:\/\/www.sonoraenequipo.com.mx\/?p=113776"},"modified":"2021-05-12T17:04:55","modified_gmt":"2021-05-13T00:04:55","slug":"amlo-entrega-reconocimientos-por-dia-de-la-enfermera-son-heroinas-y-heroes-les-dice","status":"publish","type":"post","link":"https:\/\/www.sonoraenequipo.com.mx\/amlo-entrega-reconocimientos-por-dia-de-la-enfermera-son-heroinas-y-heroes-les-dice\/","title":{"rendered":"AMLO entrega reconocimientos por D\u00eda de la Enfermera; son \u201chero\u00ednas y h\u00e9roes\u201d, les dice"},"content":{"rendered":"<p>CIUDAD DE M\u00c9XICO. MX. \u2014 El presidente Andr\u00e9s Manuel L\u00f3pez Obrador encabez\u00f3 la ceremonia de entrega de reconocimientos por el D\u00eda Nacional de la Enfermer\u00eda.<\/p>\n<p>&nbsp;<\/p>\n<p> <\/p>\n<p>&nbsp;<\/p>\n<p>Agradeci\u00f3 a las y los enfermeros su labor durante la pandemia de COVID-19 y sostuvo que han sido fundamentales para atender permanentemente a personas afectadas por la infecci\u00f3n que causa el virus SARS-CoV-2.<\/p>\n<p>&nbsp;<\/p>\n<p><em>\u201cEstamos gustosos de que se les entregue un reconocimiento simb\u00f3lico a quienes est\u00e1n presentes y a todas las enfermeras en M\u00e9xico nuestro abrazo, nuestra felicitaci\u00f3n, nuestro reconocimiento, nuestro agradecimiento por su actitud humanista, fraterna, solidaria. Un abrazo a todas las enfermeras de M\u00e9xico en nombre del gobierno que represento y creo que tambi\u00e9n lo puedo decir, en nombre de nuestro pueblo por todo lo que han hecho\u201d,<\/em> expres\u00f3.<\/p>\n<p>&nbsp;<\/p>\n<p>Premio<em> \u2018Mar\u00eda Su\u00e1rez V\u00e1zquez\u2019<\/em> a la jefa de enfermer\u00eda del Hospital Psiqui\u00e1trico Fray Bernardino \u00c1lvarez de la Ciudad de M\u00e9xico, Guillermina Mendieta Morales.<\/p>\n<p>&nbsp;<\/p>\n<p>Jos\u00e9 Ignacio Santos Preciado, secretario del Consejo de Salubridad General<\/p>\n<p>&nbsp;<\/p>\n<p>Este galard\u00f3n reconoce las aportaciones para mejorar la calidad de los servicios de salud en las unidades hospitalarias del Sistema Nacional de Salud.<\/p>\n<p>&nbsp;<\/p>\n<p>El Premio \u2018<em>Guadalupe Cerisola Salcido\u2019<\/em> fue para Sandra Olimpia Guti\u00e9rrez Enr\u00edquez, de la Facultad de Enfermer\u00eda y Nutrici\u00f3n de la Universidad Aut\u00f3noma de San Luis Potos\u00ed (UASLP), por su contribuci\u00f3n a la investigaci\u00f3n e innovaci\u00f3n tecnol\u00f3gica y la labor relevante en el \u00e1mbito de la ense\u00f1anza que favoreci\u00f3 el progreso en la pr\u00e1ctica de la enfermer\u00eda.<\/p>\n<p>&nbsp;<\/p>\n<p>A Mar\u00eda Hortensia Casta\u00f1eda Hidalgo, de la Facultad de Enfermer\u00eda de la Universidad Aut\u00f3noma de Tamaulipas, el mandatario dio el Premio \u2018Graciela Arroyo de Cordero\u2019 por aportaciones sociales a favor de la salud de la poblaci\u00f3n y de la consolidaci\u00f3n de instituciones.<\/p>\n<p>&nbsp;<\/p>\n<p>El secretario del Consejo de Salubridad General (CSG), Jos\u00e9 Ignacio Santos Preciado, explic\u00f3 que por primera vez en 90 a\u00f1os, derivado del acuerdo del CSG celebrado el 24 de noviembre de 2020 y por decreto presidencial publicado en el Diario Oficial de la Federaci\u00f3n, se estableci\u00f3 el 12 de mayo como fecha para conmemorar a las enfermeras y los enfermeros de M\u00e9xico, al igual que a nivel internacional.<\/p>\n<p>&nbsp;<\/p>\n<p>El decreto establece los reconocimientos al m\u00e9rito en enfermer\u00eda que otorga el Consejo de Salubridad General: medalla, diploma y una aportaci\u00f3n en numerario.<\/p>\n<p>&nbsp;<\/p>\n<p><em>\u201cMucho honor y respeto. Gracias por su servicio, gracias por su pasi\u00f3n. As\u00ed lo reconocemos, as\u00ed lo sentimos. Muchas gracias\u201d,<\/em> enfatiz\u00f3 el secretario de Salud, Jorge Alcocer Varela, quien resalt\u00f3 la importancia de la enfermer\u00eda para la transformaci\u00f3n del sistema de salud.<\/p>\n<p>&nbsp;<\/p>\n<p>(Publicada el 12\/05\/2021)<\/p>\n","protected":false},"excerpt":{"rendered":"<p>CIUDAD DE M\u00c9XICO. MX. \u2014 El presidente Andr\u00e9s Manuel L\u00f3pez Obrador encabez\u00f3 la ceremonia de&#8230;<\/p>\n","protected":false},"author":1,"featured_media":113777,"comment_status":"open","ping_status":"open","sticky":false,"template":"","format":"standard","meta":{"_monsterinsights_skip_tracking":false,"_monsterinsights_sitenote_active":false,"_monsterinsights_sitenote_note":"","_monsterinsights_sitenote_category":0,"footnotes":""},"categories":[5],"tags":[],"class_list":["post"],"yoast_head":" \n<title>Sonora en Equipo. AMLO entrega reconocimientos por D\u00eda de la Enfermera; son \u201chero\u00ednas y h\u00e9roes\u201d, les dice Rep\u00fablica<\/title>\n<meta name=\"description\" content=\"CIUDAD DE M\u00c9XICO. MX. \u2014 El presidente Andr\u00e9s Manuel L\u00f3pez Obrador encabez\u00f3 la ceremonia de entrega de reconocimientos por el D\u00eda Nacional de la En Sonora en Equipo publicamos toda la informaci\u00f3n de Sonora, M\u00e9xico y el Mundo de manera oportuna y busca que la libertad de expresi\u00f3n sea real. Visita nuestro medio informativo publicado desde Hermosillo, Sonora. %\" \/>\n<meta name=\"robots\" content=\"index, follow, max-snippet:-1, max-image-preview:large, max-video-preview:-1\" \/>\n<link rel=\"canonical\" href=\"https:\/\/www.sonoraenequipo.com.mx\/amlo-entrega-reconocimientos-por-dia-de-la-enfermera-son-heroinas-y-heroes-les-dice\/\" \/>\n<meta property=\"og:locale\" content=\"es_ES\" \/>\n<meta property=\"og:type\" content=\"article\" \/>\n<meta property=\"og:title\" content=\"Sonora en Equipo. AMLO entrega reconocimientos por D\u00eda de la Enfermera; son \u201chero\u00ednas y h\u00e9roes\u201d, les dice Rep\u00fablica\" \/>\n<meta property=\"og:description\" content=\"CIUDAD DE M\u00c9XICO. MX. \u2014 El presidente Andr\u00e9s Manuel L\u00f3pez Obrador encabez\u00f3 la ceremonia de entrega de reconocimientos por el D\u00eda Nacional de la En Sonora en Equipo publicamos toda la informaci\u00f3n de Sonora, M\u00e9xico y el Mundo de manera oportuna y busca que la libertad de expresi\u00f3n sea real. Visita nuestro medio informativo publicado desde Hermosillo, Sonora. %\" \/>\n<meta property=\"og:url\" content=\"https:\/\/www.sonoraenequipo.com.mx\/amlo-entrega-reconocimientos-por-dia-de-la-enfermera-son-heroinas-y-heroes-les-dice\/\" \/>\n<meta property=\"og:site_name\" content=\"Sonora en Equipo.\" \/>\n<meta property=\"article:publisher\" content=\"https:\/\/www.facebook.com\/SonoraEE\/\" \/>\n<meta property=\"article:author\" content=\"https:\/\/www.facebook.com\/SonoraEE\" \/>\n<meta property=\"article:published_time\" content=\"2021-05-12T16:15:41+00:00\" \/>\n<meta property=\"article:modified_time\" content=\"2021-05-13T00:04:55+00:00\" \/>\n<meta property=\"og:image\" content=\"https:\/\/www.sonoraenequipo.com.mx\/storage\/2021\/05\/Homenaje-a-las-enfermeras-y-enfermeros_opt.jpg\" \/>\n\t<meta property=\"og:image:width\" content=\"700\" \/>\n\t<meta property=\"og:image:height\" content=\"466\" \/>\n\t<meta property=\"og:image:type\" content=\"image\/jpeg\" \/>\n<meta name=\"author\" content=\"enequipo\" \/>\n<meta name=\"twitter:card\" content=\"summary_large_image\" \/>\n<meta name=\"twitter:creator\" content=\"@sonoraenequipo\" \/>\n<meta name=\"twitter:site\" content=\"@sonoraenequipo\" \/>\n<meta name=\"twitter:label1\" content=\"Escrito por\" \/>\n\t<meta name=\"twitter:data1\" content=\"enequipo\" \/>\n\t<meta name=\"twitter:label2\" content=\"Tiempo de lectura\" \/>\n\t<meta name=\"twitter:data2\" content=\"2 minutos\" \/>\n<script type=\"application\/ld+json\" class=\"yoast-schema-graph\">{\"@context\":\"https:\/\/schema.org\",\"@graph\":[{\"@type\":\"Article\",\"@id\":\"https:\/\/www.sonoraenequipo.com.mx\/amlo-entrega-reconocimientos-por-dia-de-la-enfermera-son-heroinas-y-heroes-les-dice\/#article\",\"isPartOf\":{\"@id\":\"https:\/\/www.sonoraenequipo.com.mx\/amlo-entrega-reconocimientos-por-dia-de-la-enfermera-son-heroinas-y-heroes-les-dice\/\"},\"author\":{\"name\":\"enequipo\",\"@id\":\"https:\/\/www.sonoraenequipo.com.mx\/#\/schema\/person\/50102df0fb23a8fa9e8effad8fa81386\"},\"headline\":\"AMLO entrega reconocimientos por D\u00eda de la Enfermera; son \u201chero\u00ednas y h\u00e9roes\u201d, les dice\",\"datePublished\":\"2021-05-12T16:15:41+00:00\",\"dateModified\":\"2021-05-13T00:04:55+00:00\",\"mainEntityOfPage\":{\"@id\":\"https:\/\/www.sonoraenequipo.com.mx\/amlo-entrega-reconocimientos-por-dia-de-la-enfermera-son-heroinas-y-heroes-les-dice\/\"},\"wordCount\":485,\"commentCount\":0,\"publisher\":{\"@id\":\"https:\/\/www.sonoraenequipo.com.mx\/#organization\"},\"image\":{\"@id\":\"https:\/\/www.sonoraenequipo.com.mx\/amlo-entrega-reconocimientos-por-dia-de-la-enfermera-son-heroinas-y-heroes-les-dice\/#primaryimage\"},\"thumbnailUrl\":\"https:\/\/www.sonoraenequipo.com.mx\/storage\/2021\/05\/Homenaje-a-las-enfermeras-y-enfermeros_opt.jpg\",\"articleSection\":[\"Rep\u00fablica\"],\"inLanguage\":\"es\",\"potentialAction\":[{\"@type\":\"CommentAction\",\"name\":\"Comment\",\"target\":[\"https:\/\/www.sonoraenequipo.com.mx\/amlo-entrega-reconocimientos-por-dia-de-la-enfermera-son-heroinas-y-heroes-les-dice\/#respond\"]}]},{\"@type\":\"WebPage\",\"@id\":\"https:\/\/www.sonoraenequipo.com.mx\/amlo-entrega-reconocimientos-por-dia-de-la-enfermera-son-heroinas-y-heroes-les-dice\/\",\"url\":\"https:\/\/www.sonoraenequipo.com.mx\/amlo-entrega-reconocimientos-por-dia-de-la-enfermera-son-heroinas-y-heroes-les-dice\/\",\"name\":\"Sonora en Equipo. AMLO entrega reconocimientos por D\u00eda de la Enfermera; son \u201chero\u00ednas y h\u00e9roes\u201d, les dice Rep\u00fablica\",\"isPartOf\":{\"@id\":\"https:\/\/www.sonoraenequipo.com.mx\/#website\"},\"primaryImageOfPage\":{\"@id\":\"https:\/\/www.sonoraenequipo.com.mx\/amlo-entrega-reconocimientos-por-dia-de-la-enfermera-son-heroinas-y-heroes-les-dice\/#primaryimage\"},\"image\":{\"@id\":\"https:\/\/www.sonoraenequipo.com.mx\/amlo-entrega-reconocimientos-por-dia-de-la-enfermera-son-heroinas-y-heroes-les-dice\/#primaryimage\"},\"thumbnailUrl\":\"https:\/\/www.sonoraenequipo.com.mx\/storage\/2021\/05\/Homenaje-a-las-enfermeras-y-enfermeros_opt.jpg\",\"datePublished\":\"2021-05-12T16:15:41+00:00\",\"dateModified\":\"2021-05-13T00:04:55+00:00\",\"description\":\"CIUDAD DE M\u00c9XICO. MX. \u2014 El presidente Andr\u00e9s Manuel L\u00f3pez Obrador encabez\u00f3 la ceremonia de entrega de reconocimientos por el D\u00eda Nacional de la En Sonora en Equipo publicamos toda la informaci\u00f3n de Sonora, M\u00e9xico y el Mundo de manera oportuna y busca que la libertad de expresi\u00f3n sea real. Visita nuestro medio informativo publicado desde Hermosillo, Sonora. %\",\"breadcrumb\":{\"@id\":\"https:\/\/www.sonoraenequipo.com.mx\/amlo-entrega-reconocimientos-por-dia-de-la-enfermera-son-heroinas-y-heroes-les-dice\/#breadcrumb\"},\"inLanguage\":\"es\",\"potentialAction\":[{\"@type\":\"ReadAction\",\"target\":[\"https:\/\/www.sonoraenequipo.com.mx\/amlo-entrega-reconocimientos-por-dia-de-la-enfermera-son-heroinas-y-heroes-les-dice\/\"]}]},{\"@type\":\"ImageObject\",\"inLanguage\":\"es\",\"@id\":\"https:\/\/www.sonoraenequipo.com.mx\/amlo-entrega-reconocimientos-por-dia-de-la-enfermera-son-heroinas-y-heroes-les-dice\/#primaryimage\",\"url\":\"https:\/\/www.sonoraenequipo.com.mx\/storage\/2021\/05\/Homenaje-a-las-enfermeras-y-enfermeros_opt.jpg\",\"contentUrl\":\"https:\/\/www.sonoraenequipo.com.mx\/storage\/2021\/05\/Homenaje-a-las-enfermeras-y-enfermeros_opt.jpg\",\"width\":700,\"height\":466},{\"@type\":\"BreadcrumbList\",\"@id\":\"https:\/\/www.sonoraenequipo.com.mx\/amlo-entrega-reconocimientos-por-dia-de-la-enfermera-son-heroinas-y-heroes-les-dice\/#breadcrumb\",\"itemListElement\":[{\"@type\":\"ListItem\",\"position\":1,\"name\":\"Portada\",\"item\":\"https:\/\/www.sonoraenequipo.com.mx\/\"},{\"@type\":\"ListItem\",\"position\":2,\"name\":\"AMLO entrega reconocimientos por D\u00eda de la Enfermera; son \u201chero\u00ednas y h\u00e9roes\u201d, les dice\"}]},{\"@type\":\"WebSite\",\"@id\":\"https:\/\/www.sonoraenequipo.com.mx\/#website\",\"url\":\"https:\/\/www.sonoraenequipo.com.mx\/\",\"name\":\"Sonora en Equipo.\",\"description\":\"Diario en l\u00ednea con Noticias desde Hermosillo, Sonora\",\"publisher\":{\"@id\":\"https:\/\/www.sonoraenequipo.com.mx\/#organization\"},\"potentialAction\":[{\"@type\":\"SearchAction\",\"target\":{\"@type\":\"EntryPoint\",\"urlTemplate\":\"https:\/\/www.sonoraenequipo.com.mx\/?s={search_term_string}\"},\"query-input\":{\"@type\":\"PropertyValueSpecification\",\"valueRequired\":true,\"valueName\":\"search_term_string\"}}],\"inLanguage\":\"es\"},{\"@type\":\"Organization\",\"@id\":\"https:\/\/www.sonoraenequipo.com.mx\/#organization\",\"name\":\"Sonoraenequipo.com.mx\",\"url\":\"https:\/\/www.sonoraenequipo.com.mx\/\",\"logo\":{\"@type\":\"ImageObject\",\"inLanguage\":\"es\",\"@id\":\"https:\/\/www.sonoraenequipo.com.mx\/#\/schema\/logo\/image\/\",\"url\":\"https:\/\/www.sonoraenequipo.com.mx\/storage\/2019\/01\/sonoraenequipo_opt.png\",\"contentUrl\":\"https:\/\/www.sonoraenequipo.com.mx\/storage\/2019\/01\/sonoraenequipo_opt.png\",\"width\":375,\"height\":125,\"caption\":\"Sonoraenequipo.com.mx\"},\"image\":{\"@id\":\"https:\/\/www.sonoraenequipo.com.mx\/#\/schema\/logo\/image\/\"},\"sameAs\":[\"https:\/\/www.facebook.com\/SonoraEE\/\",\"https:\/\/x.com\/sonoraenequipo\",\"https:\/\/www.youtube.com\/channel\/UC338nW-lPEYmJQs4ZABQ1SQ\"]},{\"@type\":\"Person\",\"@id\":\"https:\/\/www.sonoraenequipo.com.mx\/#\/schema\/person\/50102df0fb23a8fa9e8effad8fa81386\",\"name\":\"enequipo\",\"image\":{\"@type\":\"ImageObject\",\"inLanguage\":\"es\",\"@id\":\"https:\/\/www.sonoraenequipo.com.mx\/#\/schema\/person\/image\/\",\"url\":\"https:\/\/secure.gravatar.com\/avatar\/049821681b589dabc0bc20695993ccebb09f5b5d4d790cd9251b97faac7c652b?s=96&d=blank&r=g\",\"contentUrl\":\"https:\/\/secure.gravatar.com\/avatar\/049821681b589dabc0bc20695993ccebb09f5b5d4d790cd9251b97faac7c652b?s=96&d=blank&r=g\",\"caption\":\"enequipo\"},\"sameAs\":[\"https:\/\/www.facebook.com\/SonoraEE\"]}]}<\/script>\n ","yoast_head_json":{"title":"Sonora en Equipo. AMLO entrega reconocimientos por D\u00eda de la Enfermera; son \u201chero\u00ednas y h\u00e9roes\u201d, les dice Rep\u00fablica","description":"CIUDAD DE M\u00c9XICO. MX. \u2014 El presidente Andr\u00e9s Manuel L\u00f3pez Obrador encabez\u00f3 la ceremonia de entrega de reconocimientos por el D\u00eda Nacional de la En Sonora en Equipo publicamos toda la informaci\u00f3n de Sonora, M\u00e9xico y el Mundo de manera oportuna y busca que la libertad de expresi\u00f3n sea real. Visita nuestro medio informativo publicado desde Hermosillo, Sonora. %","robots":{"index":"index","follow":"follow","max-snippet":"max-snippet:-1","max-image-preview":"max-image-preview:large","max-video-preview":"max-video-preview:-1"},"canonical":"https:\/\/www.sonoraenequipo.com.mx\/amlo-entrega-reconocimientos-por-dia-de-la-enfermera-son-heroinas-y-heroes-les-dice\/","og_locale":"es_ES","og_type":"article","og_title":"Sonora en Equipo. AMLO entrega reconocimientos por D\u00eda de la Enfermera; son \u201chero\u00ednas y h\u00e9roes\u201d, les dice Rep\u00fablica","og_description":"CIUDAD DE M\u00c9XICO. MX. \u2014 El presidente Andr\u00e9s Manuel L\u00f3pez Obrador encabez\u00f3 la ceremonia de entrega de reconocimientos por el D\u00eda Nacional de la En Sonora en Equipo publicamos toda la informaci\u00f3n de Sonora, M\u00e9xico y el Mundo de manera oportuna y busca que la libertad de expresi\u00f3n sea real. Visita nuestro medio informativo publicado desde Hermosillo, Sonora. %","og_url":"https:\/\/www.sonoraenequipo.com.mx\/amlo-entrega-reconocimientos-por-dia-de-la-enfermera-son-heroinas-y-heroes-les-dice\/","og_site_name":"Sonora en Equipo.","article_publisher":"https:\/\/www.facebook.com\/SonoraEE\/","article_author":"https:\/\/www.facebook.com\/SonoraEE","article_published_time":"2021-05-12T16:15:41+00:00","article_modified_time":"2021-05-13T00:04:55+00:00","og_image":[{"width":700,"height":466,"url":"https:\/\/www.sonoraenequipo.com.mx\/storage\/2021\/05\/Homenaje-a-las-enfermeras-y-enfermeros_opt.jpg","type":"image\/jpeg"}],"author":"enequipo","twitter_card":"summary_large_image","twitter_creator":"@sonoraenequipo","twitter_site":"@sonoraenequipo","twitter_misc":{"Escrito por":"enequipo","Tiempo de lectura":"2 minutos"},"schema":{"@context":"https:\/\/schema.org","@graph":[{"@type":"Article","@id":"https:\/\/www.sonoraenequipo.com.mx\/amlo-entrega-reconocimientos-por-dia-de-la-enfermera-son-heroinas-y-heroes-les-dice\/#article","isPartOf":{"@id":"https:\/\/www.sonoraenequipo.com.mx\/amlo-entrega-reconocimientos-por-dia-de-la-enfermera-son-heroinas-y-heroes-les-dice\/"},"author":{"name":"enequipo","@id":"https:\/\/www.sonoraenequipo.com.mx\/#\/schema\/person\/50102df0fb23a8fa9e8effad8fa81386"},"headline":"AMLO entrega reconocimientos por D\u00eda de la Enfermera; son \u201chero\u00ednas y h\u00e9roes\u201d, les dice","datePublished":"2021-05-12T16:15:41+00:00","dateModified":"2021-05-13T00:04:55+00:00","mainEntityOfPage":{"@id":"https:\/\/www.sonoraenequipo.com.mx\/amlo-entrega-reconocimientos-por-dia-de-la-enfermera-son-heroinas-y-heroes-les-dice\/"},"wordCount":485,"commentCount":0,"publisher":{"@id":"https:\/\/www.sonoraenequipo.com.mx\/#organization"},"image":{"@id":"https:\/\/www.sonoraenequipo.com.mx\/amlo-entrega-reconocimientos-por-dia-de-la-enfermera-son-heroinas-y-heroes-les-dice\/#primaryimage"},"thumbnailUrl":"https:\/\/www.sonoraenequipo.com.mx\/storage\/2021\/05\/Homenaje-a-las-enfermeras-y-enfermeros_opt.jpg","articleSection":["Rep\u00fablica"],"inLanguage":"es","potentialAction":[{"@type":"CommentAction","name":"Comment","target":["https:\/\/www.sonoraenequipo.com.mx\/amlo-entrega-reconocimientos-por-dia-de-la-enfermera-son-heroinas-y-heroes-les-dice\/#respond"]}]},{"@type":"WebPage","@id":"https:\/\/www.sonoraenequipo.com.mx\/amlo-entrega-reconocimientos-por-dia-de-la-enfermera-son-heroinas-y-heroes-les-dice\/","url":"https:\/\/www.sonoraenequipo.com.mx\/amlo-entrega-reconocimientos-por-dia-de-la-enfermera-son-heroinas-y-heroes-les-dice\/","name":"Sonora en Equipo. AMLO entrega reconocimientos por D\u00eda de la Enfermera; son \u201chero\u00ednas y h\u00e9roes\u201d, les dice Rep\u00fablica","isPartOf":{"@id":"https:\/\/www.sonoraenequipo.com.mx\/#website"},"primaryImageOfPage":{"@id":"https:\/\/www.sonoraenequipo.com.mx\/amlo-entrega-reconocimientos-por-dia-de-la-enfermera-son-heroinas-y-heroes-les-dice\/#primaryimage"},"image":{"@id":"https:\/\/www.sonoraenequipo.com.mx\/amlo-entrega-reconocimientos-por-dia-de-la-enfermera-son-heroinas-y-heroes-les-dice\/#primaryimage"},"thumbnailUrl":"https:\/\/www.sonoraenequipo.com.mx\/storage\/2021\/05\/Homenaje-a-las-enfermeras-y-enfermeros_opt.jpg","datePublished":"2021-05-12T16:15:41+00:00","dateModified":"2021-05-13T00:04:55+00:00","description":"CIUDAD DE M\u00c9XICO. MX. \u2014 El presidente Andr\u00e9s Manuel L\u00f3pez Obrador encabez\u00f3 la ceremonia de entrega de reconocimientos por el D\u00eda Nacional de la En Sonora en Equipo publicamos toda la informaci\u00f3n de Sonora, M\u00e9xico y el Mundo de manera oportuna y busca que la libertad de expresi\u00f3n sea real. Visita nuestro medio informativo publicado desde Hermosillo, Sonora. %","breadcrumb":{"@id":"https:\/\/www.sonoraenequipo.com.mx\/amlo-entrega-reconocimientos-por-dia-de-la-enfermera-son-heroinas-y-heroes-les-dice\/#breadcrumb"},"inLanguage":"es","potentialAction":[{"@type":"ReadAction","target":["https:\/\/www.sonoraenequipo.com.mx\/amlo-entrega-reconocimientos-por-dia-de-la-enfermera-son-heroinas-y-heroes-les-dice\/"]}]},{"@type":"ImageObject","inLanguage":"es","@id":"https:\/\/www.sonoraenequipo.com.mx\/amlo-entrega-reconocimientos-por-dia-de-la-enfermera-son-heroinas-y-heroes-les-dice\/#primaryimage","url":"https:\/\/www.sonoraenequipo.com.mx\/storage\/2021\/05\/Homenaje-a-las-enfermeras-y-enfermeros_opt.jpg","contentUrl":"https:\/\/www.sonoraenequipo.com.mx\/storage\/2021\/05\/Homenaje-a-las-enfermeras-y-enfermeros_opt.jpg","width":700,"height":466},{"@type":"BreadcrumbList","@id":"https:\/\/www.sonoraenequipo.com.mx\/amlo-entrega-reconocimientos-por-dia-de-la-enfermera-son-heroinas-y-heroes-les-dice\/#breadcrumb","itemListElement":[{"@type":"ListItem","position":1,"name":"Portada","item":"https:\/\/www.sonoraenequipo.com.mx\/"},{"@type":"ListItem","position":2,"name":"AMLO entrega reconocimientos por D\u00eda de la Enfermera; son \u201chero\u00ednas y h\u00e9roes\u201d, les dice"}]},{"@type":"WebSite","@id":"https:\/\/www.sonoraenequipo.com.mx\/#website","url":"https:\/\/www.sonoraenequipo.com.mx\/","name":"Sonora en Equipo.","description":"Diario en l\u00ednea con Noticias desde Hermosillo, Sonora","publisher":{"@id":"https:\/\/www.sonoraenequipo.com.mx\/#organization"},"potentialAction":[{"@type":"SearchAction","target":{"@type":"EntryPoint","urlTemplate":"https:\/\/www.sonoraenequipo.com.mx\/?s={search_term_string}"},"query-input":{"@type":"PropertyValueSpecification","valueRequired":true,"valueName":"search_term_string"}}],"inLanguage":"es"},{"@type":"Organization","@id":"https:\/\/www.sonoraenequipo.com.mx\/#organization","name":"Sonoraenequipo.com.mx","url":"https:\/\/www.sonoraenequipo.com.mx\/","logo":{"@type":"ImageObject","inLanguage":"es","@id":"https:\/\/www.sonoraenequipo.com.mx\/#\/schema\/logo\/image\/","url":"https:\/\/www.sonoraenequipo.com.mx\/storage\/2019\/01\/sonoraenequipo_opt.png","contentUrl":"https:\/\/www.sonoraenequipo.com.mx\/storage\/2019\/01\/sonoraenequipo_opt.png","width":375,"height":125,"caption":"Sonoraenequipo.com.mx"},"image":{"@id":"https:\/\/www.sonoraenequipo.com.mx\/#\/schema\/logo\/image\/"},"sameAs":["https:\/\/www.facebook.com\/SonoraEE\/","https:\/\/x.com\/sonoraenequipo","https:\/\/www.youtube.com\/channel\/UC338nW-lPEYmJQs4ZABQ1SQ"]},{"@type":"Person","@id":"https:\/\/www.sonoraenequipo.com.mx\/#\/schema\/person\/50102df0fb23a8fa9e8effad8fa81386","name":"enequipo","image":{"@type":"ImageObject","inLanguage":"es","@id":"https:\/\/www.sonoraenequipo.com.mx\/#\/schema\/person\/image\/","url":"https:\/\/secure.gravatar.com\/avatar\/049821681b589dabc0bc20695993ccebb09f5b5d4d790cd9251b97faac7c652b?s=96&d=blank&r=g","contentUrl":"https:\/\/secure.gravatar.com\/avatar\/049821681b589dabc0bc20695993ccebb09f5b5d4d790cd9251b97faac7c652b?s=96&d=blank&r=g","caption":"enequipo"},"sameAs":["https:\/\/www.facebook.com\/SonoraEE"]}]}},"jetpack_featured_media_url":"https:\/\/www.sonoraenequipo.com.mx\/storage\/2021\/05\/Homenaje-a-las-enfermeras-y-enfermeros_opt.jpg","_links":{"self":[{"href":"https:\/\/www.sonoraenequipo.com.mx\/api\/wp\/v2\/posts\/113776","targetHints":{"allow":["GET"]}}],"collection":[{"href":"https:\/\/www.sonoraenequipo.com.mx\/api\/wp\/v2\/posts"}],"about":[{"href":"https:\/\/www.sonoraenequipo.com.mx\/api\/wp\/v2\/types\/post"}],"author":[{"embeddable":true,"href":"https:\/\/www.sonoraenequipo.com.mx\/api\/wp\/v2\/users\/1"}],"replies":[{"embeddable":true,"href":"https:\/\/www.sonoraenequipo.com.mx\/api\/wp\/v2\/comments?post=113776"}],"version-history":[{"count":1,"href":"https:\/\/www.sonoraenequipo.com.mx\/api\/wp\/v2\/posts\/113776\/revisions"}],"predecessor-version":[{"id":113778,"href":"https:\/\/www.sonoraenequipo.com.mx\/api\/wp\/v2\/posts\/113776\/revisions\/113778"}],"wp:featuredmedia":[{"embeddable":true,"href":"https:\/\/www.sonoraenequipo.com.mx\/api\/wp\/v2\/media\/113777"}],"wp:attachment":[{"href":"https:\/\/www.sonoraenequipo.com.mx\/api\/wp\/v2\/media?parent=113776"}],"wp:term":[{"taxonomy":"category","embeddable":true,"href":"https:\/\/www.sonoraenequipo.com.mx\/api\/wp\/v2\/categories?post=113776"},{"taxonomy":"post_tag","embeddable":true,"href":"https:\/\/www.sonoraenequipo.com.mx\/api\/wp\/v2\/tags?post=113776"}],"curies":[{"name":"wp","href":"https:\/\/api.w.org\/{rel}","templated":true}]}}