{"id":113779,"date":"2021-05-12T09:38:31","date_gmt":"2021-05-12T16:38:31","guid":{"rendered":"https:\/\/www.sonoraenequipo.com.mx\/?p=113779"},"modified":"2021-05-12T17:40:28","modified_gmt":"2021-05-13T00:40:28","slug":"romero-deschamps-cobra-primer-pago-como-jubilado-de-pemex","status":"publish","type":"post","link":"https:\/\/www.sonoraenequipo.com.mx\/romero-deschamps-cobra-primer-pago-como-jubilado-de-pemex\/","title":{"rendered":"Romero Deschamps cobra primer pago como jubilado de Pemex"},"content":{"rendered":"<p>CIUDAD DE M\u00c9XICO.MX. \u2014 Carlos Romero Deschamps, quien fue secretario general del Sindicato de Trabajadores Petroleros de la Rep\u00fablica Mexicana (STPRM), recibi\u00f3 su primer cobro tras su jubilaci\u00f3n en marzo de este a\u00f1o, afirm\u00f3 este mi\u00e9rcoles Octavio Romero Oropeza, director de Petr\u00f3leos Mexicanos (Pemex).<\/p>\n<p>&nbsp;<\/p>\n<p> <\/p>\n<p>&nbsp;<\/p>\n<p>Explic\u00f3 que el 4 de marzo pasado, el presidente Andr\u00e9s Manuel L\u00f3pez Obrador instruy\u00f3 la cancelaci\u00f3n de las vacaciones de Deschamps para proceder a su jubilaci\u00f3n.<\/p>\n<p>&nbsp;<\/p>\n<p>&nbsp;<\/p>\n<p>En una de las conferencias matutinas, un reportero expuso ante el mandatario que, supuestamente, Romero Deschamps se manten\u00eda como trabajador de la petrolera porque estaba tomando todos los periodos vacacionales de los que no hab\u00eda hecho uso. Con ello, Deschamps estar\u00eda de vacaciones justo hasta 2024, \u00faltimo a\u00f1o del sexenio de L\u00f3pez Obrador.<\/p>\n<p>&nbsp;<\/p>\n<p>&nbsp;<\/p>\n<p><em>\u201cEl d\u00eda 16 de marzo, 12 d\u00edas despu\u00e9s de la instrucci\u00f3n, el se\u00f1or Romero Deschamps cobr\u00f3 su primera catorcena como jubilado. A la fecha lleva cuatro recibos\u201d,<\/em> apunt\u00f3 Romero Oropeza.<\/p>\n<p>&nbsp;<\/p>\n<p>Tambi\u00e9n mostr\u00f3 im\u00e1genes de los recibos en la conferencia matutina.<\/p>\n<p>&nbsp;<\/p>\n<p>Romero Deschamps empez\u00f3 a trabajar en Pemex cuando ten\u00eda 14 a\u00f1os, en 1959. En el sindicato petrolero inici\u00f3 en 1971 como comisionado nacional para la revisi\u00f3n del contrato colectivo de trabajo.<\/p>\n<p>&nbsp;<\/p>\n<p>&nbsp;<\/p>\n<p>Ah\u00ed ocup\u00f3 varios puestos hasta que asumi\u00f3 el cargo de l\u00edder del sindicato en 1993. En 2017 fue reelecto al frente del sindicato para una gesti\u00f3n que deb\u00eda concluir en 2024.<\/p>\n<p>&nbsp;<\/p>\n<p>(Publicada el 12\/05\/2021)<\/p>\n","protected":false},"excerpt":{"rendered":"<p>CIUDAD DE M\u00c9XICO.MX. \u2014 Carlos Romero Deschamps, quien fue secretario general del Sindicato de Trabajadores&#8230;<\/p>\n","protected":false},"author":1,"featured_media":113780,"comment_status":"open","ping_status":"open","sticky":false,"template":"","format":"standard","meta":{"_monsterinsights_skip_tracking":false,"_monsterinsights_sitenote_active":false,"_monsterinsights_sitenote_note":"","_monsterinsights_sitenote_category":0,"footnotes":""},"categories":[5],"tags":[],"class_list":["post"],"yoast_head":" \n<title>Sonora en Equipo. Romero Deschamps cobra primer pago como jubilado de Pemex Rep\u00fablica<\/title>\n<meta name=\"description\" content=\"CIUDAD DE M\u00c9XICO.MX. \u2014 Carlos Romero Deschamps, quien fue secretario general del Sindicato de Trabajadores Petroleros de la Rep\u00fablica Mexicana (STPRM), En Sonora en Equipo publicamos toda la informaci\u00f3n de Sonora, M\u00e9xico y el Mundo de manera oportuna y busca que la libertad de expresi\u00f3n sea real. Visita nuestro medio informativo publicado desde Hermosillo, Sonora. %\" \/>\n<meta name=\"robots\" content=\"index, follow, max-snippet:-1, max-image-preview:large, max-video-preview:-1\" \/>\n<link rel=\"canonical\" href=\"https:\/\/www.sonoraenequipo.com.mx\/romero-deschamps-cobra-primer-pago-como-jubilado-de-pemex\/\" \/>\n<meta property=\"og:locale\" content=\"es_ES\" \/>\n<meta property=\"og:type\" content=\"article\" \/>\n<meta property=\"og:title\" content=\"Sonora en Equipo. Romero Deschamps cobra primer pago como jubilado de Pemex Rep\u00fablica\" \/>\n<meta property=\"og:description\" content=\"CIUDAD DE M\u00c9XICO.MX. \u2014 Carlos Romero Deschamps, quien fue secretario general del Sindicato de Trabajadores Petroleros de la Rep\u00fablica Mexicana (STPRM), En Sonora en Equipo publicamos toda la informaci\u00f3n de Sonora, M\u00e9xico y el Mundo de manera oportuna y busca que la libertad de expresi\u00f3n sea real. Visita nuestro medio informativo publicado desde Hermosillo, Sonora. %\" \/>\n<meta property=\"og:url\" content=\"https:\/\/www.sonoraenequipo.com.mx\/romero-deschamps-cobra-primer-pago-como-jubilado-de-pemex\/\" \/>\n<meta property=\"og:site_name\" content=\"Sonora en Equipo.\" \/>\n<meta property=\"article:publisher\" content=\"https:\/\/www.facebook.com\/SonoraEE\/\" \/>\n<meta property=\"article:author\" content=\"https:\/\/www.facebook.com\/SonoraEE\" \/>\n<meta property=\"article:published_time\" content=\"2021-05-12T16:38:31+00:00\" \/>\n<meta property=\"article:modified_time\" content=\"2021-05-13T00:40:28+00:00\" \/>\n<meta property=\"og:image\" content=\"https:\/\/www.sonoraenequipo.com.mx\/storage\/2021\/05\/oficialmente-es-jubilado_opt.jpg\" \/>\n\t<meta property=\"og:image:width\" content=\"700\" \/>\n\t<meta property=\"og:image:height\" content=\"397\" \/>\n\t<meta property=\"og:image:type\" content=\"image\/jpeg\" \/>\n<meta name=\"author\" content=\"enequipo\" \/>\n<meta name=\"twitter:card\" content=\"summary_large_image\" \/>\n<meta name=\"twitter:creator\" content=\"@sonoraenequipo\" \/>\n<meta name=\"twitter:site\" content=\"@sonoraenequipo\" \/>\n<meta name=\"twitter:label1\" content=\"Escrito por\" \/>\n\t<meta name=\"twitter:data1\" content=\"enequipo\" \/>\n\t<meta name=\"twitter:label2\" content=\"Tiempo de lectura\" \/>\n\t<meta name=\"twitter:data2\" content=\"1 minuto\" \/>\n<script type=\"application\/ld+json\" class=\"yoast-schema-graph\">{\"@context\":\"https:\/\/schema.org\",\"@graph\":[{\"@type\":\"Article\",\"@id\":\"https:\/\/www.sonoraenequipo.com.mx\/romero-deschamps-cobra-primer-pago-como-jubilado-de-pemex\/#article\",\"isPartOf\":{\"@id\":\"https:\/\/www.sonoraenequipo.com.mx\/romero-deschamps-cobra-primer-pago-como-jubilado-de-pemex\/\"},\"author\":{\"name\":\"enequipo\",\"@id\":\"https:\/\/www.sonoraenequipo.com.mx\/#\/schema\/person\/50102df0fb23a8fa9e8effad8fa81386\"},\"headline\":\"Romero Deschamps cobra primer pago como jubilado de Pemex\",\"datePublished\":\"2021-05-12T16:38:31+00:00\",\"dateModified\":\"2021-05-13T00:40:28+00:00\",\"mainEntityOfPage\":{\"@id\":\"https:\/\/www.sonoraenequipo.com.mx\/romero-deschamps-cobra-primer-pago-como-jubilado-de-pemex\/\"},\"wordCount\":265,\"commentCount\":0,\"publisher\":{\"@id\":\"https:\/\/www.sonoraenequipo.com.mx\/#organization\"},\"image\":{\"@id\":\"https:\/\/www.sonoraenequipo.com.mx\/romero-deschamps-cobra-primer-pago-como-jubilado-de-pemex\/#primaryimage\"},\"thumbnailUrl\":\"https:\/\/www.sonoraenequipo.com.mx\/storage\/2021\/05\/oficialmente-es-jubilado_opt.jpg\",\"articleSection\":[\"Rep\u00fablica\"],\"inLanguage\":\"es\",\"potentialAction\":[{\"@type\":\"CommentAction\",\"name\":\"Comment\",\"target\":[\"https:\/\/www.sonoraenequipo.com.mx\/romero-deschamps-cobra-primer-pago-como-jubilado-de-pemex\/#respond\"]}]},{\"@type\":\"WebPage\",\"@id\":\"https:\/\/www.sonoraenequipo.com.mx\/romero-deschamps-cobra-primer-pago-como-jubilado-de-pemex\/\",\"url\":\"https:\/\/www.sonoraenequipo.com.mx\/romero-deschamps-cobra-primer-pago-como-jubilado-de-pemex\/\",\"name\":\"Sonora en Equipo. Romero Deschamps cobra primer pago como jubilado de Pemex Rep\u00fablica\",\"isPartOf\":{\"@id\":\"https:\/\/www.sonoraenequipo.com.mx\/#website\"},\"primaryImageOfPage\":{\"@id\":\"https:\/\/www.sonoraenequipo.com.mx\/romero-deschamps-cobra-primer-pago-como-jubilado-de-pemex\/#primaryimage\"},\"image\":{\"@id\":\"https:\/\/www.sonoraenequipo.com.mx\/romero-deschamps-cobra-primer-pago-como-jubilado-de-pemex\/#primaryimage\"},\"thumbnailUrl\":\"https:\/\/www.sonoraenequipo.com.mx\/storage\/2021\/05\/oficialmente-es-jubilado_opt.jpg\",\"datePublished\":\"2021-05-12T16:38:31+00:00\",\"dateModified\":\"2021-05-13T00:40:28+00:00\",\"description\":\"CIUDAD DE M\u00c9XICO.MX. \u2014 Carlos Romero Deschamps, quien fue secretario general del Sindicato de Trabajadores Petroleros de la Rep\u00fablica Mexicana (STPRM), En Sonora en Equipo publicamos toda la informaci\u00f3n de Sonora, M\u00e9xico y el Mundo de manera oportuna y busca que la libertad de expresi\u00f3n sea real. Visita nuestro medio informativo publicado desde Hermosillo, Sonora. %\",\"breadcrumb\":{\"@id\":\"https:\/\/www.sonoraenequipo.com.mx\/romero-deschamps-cobra-primer-pago-como-jubilado-de-pemex\/#breadcrumb\"},\"inLanguage\":\"es\",\"potentialAction\":[{\"@type\":\"ReadAction\",\"target\":[\"https:\/\/www.sonoraenequipo.com.mx\/romero-deschamps-cobra-primer-pago-como-jubilado-de-pemex\/\"]}]},{\"@type\":\"ImageObject\",\"inLanguage\":\"es\",\"@id\":\"https:\/\/www.sonoraenequipo.com.mx\/romero-deschamps-cobra-primer-pago-como-jubilado-de-pemex\/#primaryimage\",\"url\":\"https:\/\/www.sonoraenequipo.com.mx\/storage\/2021\/05\/oficialmente-es-jubilado_opt.jpg\",\"contentUrl\":\"https:\/\/www.sonoraenequipo.com.mx\/storage\/2021\/05\/oficialmente-es-jubilado_opt.jpg\",\"width\":700,\"height\":397},{\"@type\":\"BreadcrumbList\",\"@id\":\"https:\/\/www.sonoraenequipo.com.mx\/romero-deschamps-cobra-primer-pago-como-jubilado-de-pemex\/#breadcrumb\",\"itemListElement\":[{\"@type\":\"ListItem\",\"position\":1,\"name\":\"Portada\",\"item\":\"https:\/\/www.sonoraenequipo.com.mx\/\"},{\"@type\":\"ListItem\",\"position\":2,\"name\":\"Romero Deschamps cobra primer pago como jubilado de Pemex\"}]},{\"@type\":\"WebSite\",\"@id\":\"https:\/\/www.sonoraenequipo.com.mx\/#website\",\"url\":\"https:\/\/www.sonoraenequipo.com.mx\/\",\"name\":\"Sonora en Equipo.\",\"description\":\"Diario en l\u00ednea con Noticias desde Hermosillo, Sonora\",\"publisher\":{\"@id\":\"https:\/\/www.sonoraenequipo.com.mx\/#organization\"},\"potentialAction\":[{\"@type\":\"SearchAction\",\"target\":{\"@type\":\"EntryPoint\",\"urlTemplate\":\"https:\/\/www.sonoraenequipo.com.mx\/?s={search_term_string}\"},\"query-input\":{\"@type\":\"PropertyValueSpecification\",\"valueRequired\":true,\"valueName\":\"search_term_string\"}}],\"inLanguage\":\"es\"},{\"@type\":\"Organization\",\"@id\":\"https:\/\/www.sonoraenequipo.com.mx\/#organization\",\"name\":\"Sonoraenequipo.com.mx\",\"url\":\"https:\/\/www.sonoraenequipo.com.mx\/\",\"logo\":{\"@type\":\"ImageObject\",\"inLanguage\":\"es\",\"@id\":\"https:\/\/www.sonoraenequipo.com.mx\/#\/schema\/logo\/image\/\",\"url\":\"https:\/\/www.sonoraenequipo.com.mx\/storage\/2019\/01\/sonoraenequipo_opt.png\",\"contentUrl\":\"https:\/\/www.sonoraenequipo.com.mx\/storage\/2019\/01\/sonoraenequipo_opt.png\",\"width\":375,\"height\":125,\"caption\":\"Sonoraenequipo.com.mx\"},\"image\":{\"@id\":\"https:\/\/www.sonoraenequipo.com.mx\/#\/schema\/logo\/image\/\"},\"sameAs\":[\"https:\/\/www.facebook.com\/SonoraEE\/\",\"https:\/\/x.com\/sonoraenequipo\",\"https:\/\/www.youtube.com\/channel\/UC338nW-lPEYmJQs4ZABQ1SQ\"]},{\"@type\":\"Person\",\"@id\":\"https:\/\/www.sonoraenequipo.com.mx\/#\/schema\/person\/50102df0fb23a8fa9e8effad8fa81386\",\"name\":\"enequipo\",\"image\":{\"@type\":\"ImageObject\",\"inLanguage\":\"es\",\"@id\":\"https:\/\/www.sonoraenequipo.com.mx\/#\/schema\/person\/image\/\",\"url\":\"https:\/\/secure.gravatar.com\/avatar\/049821681b589dabc0bc20695993ccebb09f5b5d4d790cd9251b97faac7c652b?s=96&d=blank&r=g\",\"contentUrl\":\"https:\/\/secure.gravatar.com\/avatar\/049821681b589dabc0bc20695993ccebb09f5b5d4d790cd9251b97faac7c652b?s=96&d=blank&r=g\",\"caption\":\"enequipo\"},\"sameAs\":[\"https:\/\/www.facebook.com\/SonoraEE\"]}]}<\/script>\n ","yoast_head_json":{"title":"Sonora en Equipo. Romero Deschamps cobra primer pago como jubilado de Pemex Rep\u00fablica","description":"CIUDAD DE M\u00c9XICO.MX. \u2014 Carlos Romero Deschamps, quien fue secretario general del Sindicato de Trabajadores Petroleros de la Rep\u00fablica Mexicana (STPRM), En Sonora en Equipo publicamos toda la informaci\u00f3n de Sonora, M\u00e9xico y el Mundo de manera oportuna y busca que la libertad de expresi\u00f3n sea real. Visita nuestro medio informativo publicado desde Hermosillo, Sonora. %","robots":{"index":"index","follow":"follow","max-snippet":"max-snippet:-1","max-image-preview":"max-image-preview:large","max-video-preview":"max-video-preview:-1"},"canonical":"https:\/\/www.sonoraenequipo.com.mx\/romero-deschamps-cobra-primer-pago-como-jubilado-de-pemex\/","og_locale":"es_ES","og_type":"article","og_title":"Sonora en Equipo. Romero Deschamps cobra primer pago como jubilado de Pemex Rep\u00fablica","og_description":"CIUDAD DE M\u00c9XICO.MX. \u2014 Carlos Romero Deschamps, quien fue secretario general del Sindicato de Trabajadores Petroleros de la Rep\u00fablica Mexicana (STPRM), En Sonora en Equipo publicamos toda la informaci\u00f3n de Sonora, M\u00e9xico y el Mundo de manera oportuna y busca que la libertad de expresi\u00f3n sea real. Visita nuestro medio informativo publicado desde Hermosillo, Sonora. %","og_url":"https:\/\/www.sonoraenequipo.com.mx\/romero-deschamps-cobra-primer-pago-como-jubilado-de-pemex\/","og_site_name":"Sonora en Equipo.","article_publisher":"https:\/\/www.facebook.com\/SonoraEE\/","article_author":"https:\/\/www.facebook.com\/SonoraEE","article_published_time":"2021-05-12T16:38:31+00:00","article_modified_time":"2021-05-13T00:40:28+00:00","og_image":[{"width":700,"height":397,"url":"https:\/\/www.sonoraenequipo.com.mx\/storage\/2021\/05\/oficialmente-es-jubilado_opt.jpg","type":"image\/jpeg"}],"author":"enequipo","twitter_card":"summary_large_image","twitter_creator":"@sonoraenequipo","twitter_site":"@sonoraenequipo","twitter_misc":{"Escrito por":"enequipo","Tiempo de lectura":"1 minuto"},"schema":{"@context":"https:\/\/schema.org","@graph":[{"@type":"Article","@id":"https:\/\/www.sonoraenequipo.com.mx\/romero-deschamps-cobra-primer-pago-como-jubilado-de-pemex\/#article","isPartOf":{"@id":"https:\/\/www.sonoraenequipo.com.mx\/romero-deschamps-cobra-primer-pago-como-jubilado-de-pemex\/"},"author":{"name":"enequipo","@id":"https:\/\/www.sonoraenequipo.com.mx\/#\/schema\/person\/50102df0fb23a8fa9e8effad8fa81386"},"headline":"Romero Deschamps cobra primer pago como jubilado de Pemex","datePublished":"2021-05-12T16:38:31+00:00","dateModified":"2021-05-13T00:40:28+00:00","mainEntityOfPage":{"@id":"https:\/\/www.sonoraenequipo.com.mx\/romero-deschamps-cobra-primer-pago-como-jubilado-de-pemex\/"},"wordCount":265,"commentCount":0,"publisher":{"@id":"https:\/\/www.sonoraenequipo.com.mx\/#organization"},"image":{"@id":"https:\/\/www.sonoraenequipo.com.mx\/romero-deschamps-cobra-primer-pago-como-jubilado-de-pemex\/#primaryimage"},"thumbnailUrl":"https:\/\/www.sonoraenequipo.com.mx\/storage\/2021\/05\/oficialmente-es-jubilado_opt.jpg","articleSection":["Rep\u00fablica"],"inLanguage":"es","potentialAction":[{"@type":"CommentAction","name":"Comment","target":["https:\/\/www.sonoraenequipo.com.mx\/romero-deschamps-cobra-primer-pago-como-jubilado-de-pemex\/#respond"]}]},{"@type":"WebPage","@id":"https:\/\/www.sonoraenequipo.com.mx\/romero-deschamps-cobra-primer-pago-como-jubilado-de-pemex\/","url":"https:\/\/www.sonoraenequipo.com.mx\/romero-deschamps-cobra-primer-pago-como-jubilado-de-pemex\/","name":"Sonora en Equipo. Romero Deschamps cobra primer pago como jubilado de Pemex Rep\u00fablica","isPartOf":{"@id":"https:\/\/www.sonoraenequipo.com.mx\/#website"},"primaryImageOfPage":{"@id":"https:\/\/www.sonoraenequipo.com.mx\/romero-deschamps-cobra-primer-pago-como-jubilado-de-pemex\/#primaryimage"},"image":{"@id":"https:\/\/www.sonoraenequipo.com.mx\/romero-deschamps-cobra-primer-pago-como-jubilado-de-pemex\/#primaryimage"},"thumbnailUrl":"https:\/\/www.sonoraenequipo.com.mx\/storage\/2021\/05\/oficialmente-es-jubilado_opt.jpg","datePublished":"2021-05-12T16:38:31+00:00","dateModified":"2021-05-13T00:40:28+00:00","description":"CIUDAD DE M\u00c9XICO.MX. \u2014 Carlos Romero Deschamps, quien fue secretario general del Sindicato de Trabajadores Petroleros de la Rep\u00fablica Mexicana (STPRM), En Sonora en Equipo publicamos toda la informaci\u00f3n de Sonora, M\u00e9xico y el Mundo de manera oportuna y busca que la libertad de expresi\u00f3n sea real. Visita nuestro medio informativo publicado desde Hermosillo, Sonora. %","breadcrumb":{"@id":"https:\/\/www.sonoraenequipo.com.mx\/romero-deschamps-cobra-primer-pago-como-jubilado-de-pemex\/#breadcrumb"},"inLanguage":"es","potentialAction":[{"@type":"ReadAction","target":["https:\/\/www.sonoraenequipo.com.mx\/romero-deschamps-cobra-primer-pago-como-jubilado-de-pemex\/"]}]},{"@type":"ImageObject","inLanguage":"es","@id":"https:\/\/www.sonoraenequipo.com.mx\/romero-deschamps-cobra-primer-pago-como-jubilado-de-pemex\/#primaryimage","url":"https:\/\/www.sonoraenequipo.com.mx\/storage\/2021\/05\/oficialmente-es-jubilado_opt.jpg","contentUrl":"https:\/\/www.sonoraenequipo.com.mx\/storage\/2021\/05\/oficialmente-es-jubilado_opt.jpg","width":700,"height":397},{"@type":"BreadcrumbList","@id":"https:\/\/www.sonoraenequipo.com.mx\/romero-deschamps-cobra-primer-pago-como-jubilado-de-pemex\/#breadcrumb","itemListElement":[{"@type":"ListItem","position":1,"name":"Portada","item":"https:\/\/www.sonoraenequipo.com.mx\/"},{"@type":"ListItem","position":2,"name":"Romero Deschamps cobra primer pago como jubilado de Pemex"}]},{"@type":"WebSite","@id":"https:\/\/www.sonoraenequipo.com.mx\/#website","url":"https:\/\/www.sonoraenequipo.com.mx\/","name":"Sonora en Equipo.","description":"Diario en l\u00ednea con Noticias desde Hermosillo, Sonora","publisher":{"@id":"https:\/\/www.sonoraenequipo.com.mx\/#organization"},"potentialAction":[{"@type":"SearchAction","target":{"@type":"EntryPoint","urlTemplate":"https:\/\/www.sonoraenequipo.com.mx\/?s={search_term_string}"},"query-input":{"@type":"PropertyValueSpecification","valueRequired":true,"valueName":"search_term_string"}}],"inLanguage":"es"},{"@type":"Organization","@id":"https:\/\/www.sonoraenequipo.com.mx\/#organization","name":"Sonoraenequipo.com.mx","url":"https:\/\/www.sonoraenequipo.com.mx\/","logo":{"@type":"ImageObject","inLanguage":"es","@id":"https:\/\/www.sonoraenequipo.com.mx\/#\/schema\/logo\/image\/","url":"https:\/\/www.sonoraenequipo.com.mx\/storage\/2019\/01\/sonoraenequipo_opt.png","contentUrl":"https:\/\/www.sonoraenequipo.com.mx\/storage\/2019\/01\/sonoraenequipo_opt.png","width":375,"height":125,"caption":"Sonoraenequipo.com.mx"},"image":{"@id":"https:\/\/www.sonoraenequipo.com.mx\/#\/schema\/logo\/image\/"},"sameAs":["https:\/\/www.facebook.com\/SonoraEE\/","https:\/\/x.com\/sonoraenequipo","https:\/\/www.youtube.com\/channel\/UC338nW-lPEYmJQs4ZABQ1SQ"]},{"@type":"Person","@id":"https:\/\/www.sonoraenequipo.com.mx\/#\/schema\/person\/50102df0fb23a8fa9e8effad8fa81386","name":"enequipo","image":{"@type":"ImageObject","inLanguage":"es","@id":"https:\/\/www.sonoraenequipo.com.mx\/#\/schema\/person\/image\/","url":"https:\/\/secure.gravatar.com\/avatar\/049821681b589dabc0bc20695993ccebb09f5b5d4d790cd9251b97faac7c652b?s=96&d=blank&r=g","contentUrl":"https:\/\/secure.gravatar.com\/avatar\/049821681b589dabc0bc20695993ccebb09f5b5d4d790cd9251b97faac7c652b?s=96&d=blank&r=g","caption":"enequipo"},"sameAs":["https:\/\/www.facebook.com\/SonoraEE"]}]}},"jetpack_featured_media_url":"https:\/\/www.sonoraenequipo.com.mx\/storage\/2021\/05\/oficialmente-es-jubilado_opt.jpg","_links":{"self":[{"href":"https:\/\/www.sonoraenequipo.com.mx\/api\/wp\/v2\/posts\/113779","targetHints":{"allow":["GET"]}}],"collection":[{"href":"https:\/\/www.sonoraenequipo.com.mx\/api\/wp\/v2\/posts"}],"about":[{"href":"https:\/\/www.sonoraenequipo.com.mx\/api\/wp\/v2\/types\/post"}],"author":[{"embeddable":true,"href":"https:\/\/www.sonoraenequipo.com.mx\/api\/wp\/v2\/users\/1"}],"replies":[{"embeddable":true,"href":"https:\/\/www.sonoraenequipo.com.mx\/api\/wp\/v2\/comments?post=113779"}],"version-history":[{"count":1,"href":"https:\/\/www.sonoraenequipo.com.mx\/api\/wp\/v2\/posts\/113779\/revisions"}],"predecessor-version":[{"id":113781,"href":"https:\/\/www.sonoraenequipo.com.mx\/api\/wp\/v2\/posts\/113779\/revisions\/113781"}],"wp:featuredmedia":[{"embeddable":true,"href":"https:\/\/www.sonoraenequipo.com.mx\/api\/wp\/v2\/media\/113780"}],"wp:attachment":[{"href":"https:\/\/www.sonoraenequipo.com.mx\/api\/wp\/v2\/media?parent=113779"}],"wp:term":[{"taxonomy":"category","embeddable":true,"href":"https:\/\/www.sonoraenequipo.com.mx\/api\/wp\/v2\/categories?post=113779"},{"taxonomy":"post_tag","embeddable":true,"href":"https:\/\/www.sonoraenequipo.com.mx\/api\/wp\/v2\/tags?post=113779"}],"curies":[{"name":"wp","href":"https:\/\/api.w.org\/{rel}","templated":true}]}}