{"id":113782,"date":"2021-05-12T18:10:12","date_gmt":"2021-05-13T01:10:12","guid":{"rendered":"https:\/\/www.sonoraenequipo.com.mx\/?p=113782"},"modified":"2021-05-12T18:46:00","modified_gmt":"2021-05-13T01:46:00","slug":"adrian-de-la-garza-santos-pretende-ser-el-juan-guaido-de-mexico","status":"publish","type":"post","link":"https:\/\/www.sonoraenequipo.com.mx\/adrian-de-la-garza-santos-pretende-ser-el-juan-guaido-de-mexico\/","title":{"rendered":"Adri\u00e1n de la Garza Santos pretende ser el Juan Guaid\u00f3 de M\u00e9xico."},"content":{"rendered":"<p>MONTERREY, NUEVO LE\u00d3N. MX. \u2014 Adri\u00e1n de la Garza Santos, candidato a la gubernatura por la coalici\u00f3n Va Fuerte por Nuevo Le\u00f3n, acudi\u00f3 a la Organizaci\u00f3n de Estados Americanos, para interponer una denuncia contra el Presidente de la Rep\u00fablica, Andr\u00e9s Manuel L\u00f3pez Obrador, por entrometerse en las elecciones.<\/p>\n<p>&nbsp;<\/p>\n<p> <\/p>\n<p>&nbsp;<\/p>\n<p>Durante su gira por la ciudad de Washington, Estados Unidos, esta ma\u00f1ana (12.05.2021), De la Garza se reuni\u00f3 con Luis Almagro, titular de la OEA, ante quien expuso c\u00f3mo es que se ha estado desarrollando el proceso electoral en Nuevo Le\u00f3n.<\/p>\n<p>&nbsp;<\/p>\n<p>El candidato a la gubernatura se\u00f1al\u00f3 la intervenci\u00f3n que ha tenido el presidente Andr\u00e9s Manuel L\u00f3pez Obradoral denunciar p\u00fablicamente el programa de la Tarjeta Mujer Fuerte Por Ti, del priista, la cual pretende dar un incentivo de mil 500 pesos bimestrales a mujeres en condici\u00f3n de vulnerabilidad.<\/p>\n<p>&nbsp;<\/p>\n<p><em>\u201cSigo en Washington, vengo saliendo del edificio de la OEA, estuve con el secretario general (Luis) Almagro, le agradezco la oportunidad de haberme recibido, exponi\u00e9ndole la grave situaci\u00f3n de lo que est\u00e1 pasando, no nada m\u00e1s en Nuevo Le\u00f3n, sino en M\u00e9xico.<\/em><\/p>\n<p>&nbsp;<\/p>\n<p>Hoy no vengo por el tema de la elecci\u00f3n en Nuevo Le\u00f3n, creo que es m\u00e1s grande nuestro inter\u00e9s, la democracia de M\u00e9xico, lo que est\u00e1 pasando en M\u00e9xico es grave para todos nosotros, atenta contra nuestras libertades, atenta contra muchas luchas, que tuvimos que pasar para tener elecciones limpias, elecciones certeras y que dan democracia a nuestro pa\u00eds.<\/p>\n<p>&nbsp;<\/p>\n<p><em>\u201cLo que ha estado pasando en las \u00faltimas fechas viola cartas fundamentales de democracia interamericana que ya est\u00e1 en documentos y que siempre se ha dado respeto para darle viabilidad a todos nuestros pa\u00edses, as\u00ed que vamos a seguir luchando por la democracia, no nada m\u00e1s de Nuevo Le\u00f3n, de M\u00e9xico, vamos a salir muy bien, todo va a estar muy bien\u201d<\/em>, dijo en un video publicado en sus redes sociales.<\/p>\n<p>&nbsp;<\/p>\n<p>Esta denuncia surge en medio de las carpetas de investigaci\u00f3n que inici\u00f3 la Fiscal\u00eda Especializada en Delitos Electorales (FEDE), de la Fiscal\u00eda General de la Rep\u00fablica (FGR), contra los candidatos al gobierno del estado de Nuevo Le\u00f3n, Adri\u00e1n de la Garza y Samuel Garc\u00eda, de las cuales la que es contra el aspirante del PRI se judicializar\u00e1.<\/p>\n<p>&nbsp;<\/p>\n<p>En tanto que, la Unidad de Inteligencia Financiera (UIF) aport\u00f3 informaci\u00f3n contra Samuel Garc\u00eda, as\u00ed como de su padre Samuel Orlando Garc\u00eda Mascorro, su esposa Mariana Rodr\u00edguez Cant\u00fa, y del padre de \u00e9sta Jorge Gerardo Rodr\u00edguez Valdez, por hechos presuntamente delictivos, se\u00f1alados en el art\u00edculo 15 de la Ley General en Materia de Delitos Electorales, que se refiere a aportaciones en dinero o en especie, as\u00ed como fondos o bienes de origen il\u00edcito, utilizados, en forma ilegal, para fines electorales.<\/p>\n<p>&nbsp;<\/p>\n<p>Seg\u00fan el sitio web de la OEA, esta tiene la finalidad de afianzar la paz y la seguridad del Continente; prevenir las posible causas de dificultades y asegurar la soluci\u00f3n pac\u00edfica de las controversias que surjan entre los Estados Miembros; organizar la acci\u00f3n solidaria de \u00e9stos en caso de agresi\u00f3n; procurar la soluci\u00f3n de los problemas pol\u00edticos jur\u00eddicos y econ\u00f3micos que se susciten entre ellos, y promover, por medio de la acci\u00f3n cooperativa, su desarrollo econ\u00f3mico, social y cultural.<\/p>\n<p>&nbsp;<\/p>\n<p>Al igual, se tiene el conocimiento que es una organizaci\u00f3n que alberga a puros pa\u00edses del continente americano y que ayuda a resolver los conflictos que entre estos se puedan desarrollar.<\/p>\n<p>&nbsp;<\/p>\n<p>Los pa\u00edses que la integran son: Antigua y Barbuda, Argentina, Bahamas, Barbados, Bolivia, Brasil, Colombia, Costa Rica, Cuba, Chile, Dominica, Ecuador, El Salvador, Estados Unidos, Grenada, Guatemala, Hait\u00ed, Honduras, Jamaica, M\u00e9xico, Nicaragua, Panam\u00e1, Paraguay, Per\u00fa, Rep\u00fablica Dominicana, St. Kitts y Nevis, Santa Lucia, San Vicente y las Granadinas, Suriname, Trinidad y Tobago, Uruguay y Venezuela.<\/p>\n<p>&nbsp;<\/p>\n<p>&nbsp;<\/p>\n<p>(Publicada el 12\/05\/2021)<\/p>\n","protected":false},"excerpt":{"rendered":"<p>MONTERREY, NUEVO LE\u00d3N. MX. \u2014 Adri\u00e1n de la Garza Santos, candidato a la gubernatura por&#8230;<\/p>\n","protected":false},"author":1,"featured_media":113783,"comment_status":"open","ping_status":"open","sticky":false,"template":"","format":"standard","meta":{"_monsterinsights_skip_tracking":false,"_monsterinsights_sitenote_active":false,"_monsterinsights_sitenote_note":"","_monsterinsights_sitenote_category":0,"footnotes":""},"categories":[5],"tags":[],"class_list":["post"],"yoast_head":" \n<title>Sonora en Equipo. Adri\u00e1n de la Garza Santos pretende ser el Juan Guaid\u00f3 de M\u00e9xico. Rep\u00fablica<\/title>\n<meta name=\"description\" content=\"MONTERREY, NUEVO LE\u00d3N. MX. \u2014 Adri\u00e1n de la Garza Santos, candidato a la gubernatura por la coalici\u00f3n Va Fuerte por Nuevo Le\u00f3n, acudi\u00f3 a la Organizaci\u00f3n de En Sonora en Equipo publicamos toda la informaci\u00f3n de Sonora, M\u00e9xico y el Mundo de manera oportuna y busca que la libertad de expresi\u00f3n sea real. Visita nuestro medio informativo publicado desde Hermosillo, Sonora. %\" \/>\n<meta name=\"robots\" content=\"index, follow, max-snippet:-1, max-image-preview:large, max-video-preview:-1\" \/>\n<link rel=\"canonical\" href=\"https:\/\/www.sonoraenequipo.com.mx\/adrian-de-la-garza-santos-pretende-ser-el-juan-guaido-de-mexico\/\" \/>\n<meta property=\"og:locale\" content=\"es_ES\" \/>\n<meta property=\"og:type\" content=\"article\" \/>\n<meta property=\"og:title\" content=\"Sonora en Equipo. Adri\u00e1n de la Garza Santos pretende ser el Juan Guaid\u00f3 de M\u00e9xico. Rep\u00fablica\" \/>\n<meta property=\"og:description\" content=\"MONTERREY, NUEVO LE\u00d3N. MX. \u2014 Adri\u00e1n de la Garza Santos, candidato a la gubernatura por la coalici\u00f3n Va Fuerte por Nuevo Le\u00f3n, acudi\u00f3 a la Organizaci\u00f3n de En Sonora en Equipo publicamos toda la informaci\u00f3n de Sonora, M\u00e9xico y el Mundo de manera oportuna y busca que la libertad de expresi\u00f3n sea real. Visita nuestro medio informativo publicado desde Hermosillo, Sonora. %\" \/>\n<meta property=\"og:url\" content=\"https:\/\/www.sonoraenequipo.com.mx\/adrian-de-la-garza-santos-pretende-ser-el-juan-guaido-de-mexico\/\" \/>\n<meta property=\"og:site_name\" content=\"Sonora en Equipo.\" \/>\n<meta property=\"article:publisher\" content=\"https:\/\/www.facebook.com\/SonoraEE\/\" \/>\n<meta property=\"article:author\" content=\"https:\/\/www.facebook.com\/SonoraEE\" \/>\n<meta property=\"article:published_time\" content=\"2021-05-13T01:10:12+00:00\" \/>\n<meta property=\"article:modified_time\" content=\"2021-05-13T01:46:00+00:00\" \/>\n<meta property=\"og:image\" content=\"https:\/\/www.sonoraenequipo.com.mx\/storage\/2021\/05\/delaGarza-pide-apoyo-a-EUA_opt.jpg\" \/>\n\t<meta property=\"og:image:width\" content=\"700\" \/>\n\t<meta property=\"og:image:height\" content=\"468\" \/>\n\t<meta property=\"og:image:type\" content=\"image\/jpeg\" \/>\n<meta name=\"author\" content=\"enequipo\" \/>\n<meta name=\"twitter:card\" content=\"summary_large_image\" \/>\n<meta name=\"twitter:creator\" content=\"@sonoraenequipo\" \/>\n<meta name=\"twitter:site\" content=\"@sonoraenequipo\" \/>\n<meta name=\"twitter:label1\" content=\"Escrito por\" \/>\n\t<meta name=\"twitter:data1\" content=\"enequipo\" \/>\n\t<meta name=\"twitter:label2\" content=\"Tiempo de lectura\" \/>\n\t<meta name=\"twitter:data2\" content=\"3 minutos\" \/>\n<script type=\"application\/ld+json\" class=\"yoast-schema-graph\">{\"@context\":\"https:\/\/schema.org\",\"@graph\":[{\"@type\":\"Article\",\"@id\":\"https:\/\/www.sonoraenequipo.com.mx\/adrian-de-la-garza-santos-pretende-ser-el-juan-guaido-de-mexico\/#article\",\"isPartOf\":{\"@id\":\"https:\/\/www.sonoraenequipo.com.mx\/adrian-de-la-garza-santos-pretende-ser-el-juan-guaido-de-mexico\/\"},\"author\":{\"name\":\"enequipo\",\"@id\":\"https:\/\/www.sonoraenequipo.com.mx\/#\/schema\/person\/50102df0fb23a8fa9e8effad8fa81386\"},\"headline\":\"Adri\u00e1n de la Garza Santos pretende ser el Juan Guaid\u00f3 de M\u00e9xico.\",\"datePublished\":\"2021-05-13T01:10:12+00:00\",\"dateModified\":\"2021-05-13T01:46:00+00:00\",\"mainEntityOfPage\":{\"@id\":\"https:\/\/www.sonoraenequipo.com.mx\/adrian-de-la-garza-santos-pretende-ser-el-juan-guaido-de-mexico\/\"},\"wordCount\":699,\"commentCount\":0,\"publisher\":{\"@id\":\"https:\/\/www.sonoraenequipo.com.mx\/#organization\"},\"image\":{\"@id\":\"https:\/\/www.sonoraenequipo.com.mx\/adrian-de-la-garza-santos-pretende-ser-el-juan-guaido-de-mexico\/#primaryimage\"},\"thumbnailUrl\":\"https:\/\/www.sonoraenequipo.com.mx\/storage\/2021\/05\/delaGarza-pide-apoyo-a-EUA_opt.jpg\",\"articleSection\":[\"Rep\u00fablica\"],\"inLanguage\":\"es\",\"potentialAction\":[{\"@type\":\"CommentAction\",\"name\":\"Comment\",\"target\":[\"https:\/\/www.sonoraenequipo.com.mx\/adrian-de-la-garza-santos-pretende-ser-el-juan-guaido-de-mexico\/#respond\"]}]},{\"@type\":\"WebPage\",\"@id\":\"https:\/\/www.sonoraenequipo.com.mx\/adrian-de-la-garza-santos-pretende-ser-el-juan-guaido-de-mexico\/\",\"url\":\"https:\/\/www.sonoraenequipo.com.mx\/adrian-de-la-garza-santos-pretende-ser-el-juan-guaido-de-mexico\/\",\"name\":\"Sonora en Equipo. Adri\u00e1n de la Garza Santos pretende ser el Juan Guaid\u00f3 de M\u00e9xico. Rep\u00fablica\",\"isPartOf\":{\"@id\":\"https:\/\/www.sonoraenequipo.com.mx\/#website\"},\"primaryImageOfPage\":{\"@id\":\"https:\/\/www.sonoraenequipo.com.mx\/adrian-de-la-garza-santos-pretende-ser-el-juan-guaido-de-mexico\/#primaryimage\"},\"image\":{\"@id\":\"https:\/\/www.sonoraenequipo.com.mx\/adrian-de-la-garza-santos-pretende-ser-el-juan-guaido-de-mexico\/#primaryimage\"},\"thumbnailUrl\":\"https:\/\/www.sonoraenequipo.com.mx\/storage\/2021\/05\/delaGarza-pide-apoyo-a-EUA_opt.jpg\",\"datePublished\":\"2021-05-13T01:10:12+00:00\",\"dateModified\":\"2021-05-13T01:46:00+00:00\",\"description\":\"MONTERREY, NUEVO LE\u00d3N. MX. \u2014 Adri\u00e1n de la Garza Santos, candidato a la gubernatura por la coalici\u00f3n Va Fuerte por Nuevo Le\u00f3n, acudi\u00f3 a la Organizaci\u00f3n de En Sonora en Equipo publicamos toda la informaci\u00f3n de Sonora, M\u00e9xico y el Mundo de manera oportuna y busca que la libertad de expresi\u00f3n sea real. Visita nuestro medio informativo publicado desde Hermosillo, Sonora. %\",\"breadcrumb\":{\"@id\":\"https:\/\/www.sonoraenequipo.com.mx\/adrian-de-la-garza-santos-pretende-ser-el-juan-guaido-de-mexico\/#breadcrumb\"},\"inLanguage\":\"es\",\"potentialAction\":[{\"@type\":\"ReadAction\",\"target\":[\"https:\/\/www.sonoraenequipo.com.mx\/adrian-de-la-garza-santos-pretende-ser-el-juan-guaido-de-mexico\/\"]}]},{\"@type\":\"ImageObject\",\"inLanguage\":\"es\",\"@id\":\"https:\/\/www.sonoraenequipo.com.mx\/adrian-de-la-garza-santos-pretende-ser-el-juan-guaido-de-mexico\/#primaryimage\",\"url\":\"https:\/\/www.sonoraenequipo.com.mx\/storage\/2021\/05\/delaGarza-pide-apoyo-a-EUA_opt.jpg\",\"contentUrl\":\"https:\/\/www.sonoraenequipo.com.mx\/storage\/2021\/05\/delaGarza-pide-apoyo-a-EUA_opt.jpg\",\"width\":700,\"height\":468},{\"@type\":\"BreadcrumbList\",\"@id\":\"https:\/\/www.sonoraenequipo.com.mx\/adrian-de-la-garza-santos-pretende-ser-el-juan-guaido-de-mexico\/#breadcrumb\",\"itemListElement\":[{\"@type\":\"ListItem\",\"position\":1,\"name\":\"Portada\",\"item\":\"https:\/\/www.sonoraenequipo.com.mx\/\"},{\"@type\":\"ListItem\",\"position\":2,\"name\":\"Adri\u00e1n de la Garza Santos pretende ser el Juan Guaid\u00f3 de M\u00e9xico.\"}]},{\"@type\":\"WebSite\",\"@id\":\"https:\/\/www.sonoraenequipo.com.mx\/#website\",\"url\":\"https:\/\/www.sonoraenequipo.com.mx\/\",\"name\":\"Sonora en Equipo.\",\"description\":\"Diario en l\u00ednea con Noticias desde Hermosillo, Sonora\",\"publisher\":{\"@id\":\"https:\/\/www.sonoraenequipo.com.mx\/#organization\"},\"potentialAction\":[{\"@type\":\"SearchAction\",\"target\":{\"@type\":\"EntryPoint\",\"urlTemplate\":\"https:\/\/www.sonoraenequipo.com.mx\/?s={search_term_string}\"},\"query-input\":{\"@type\":\"PropertyValueSpecification\",\"valueRequired\":true,\"valueName\":\"search_term_string\"}}],\"inLanguage\":\"es\"},{\"@type\":\"Organization\",\"@id\":\"https:\/\/www.sonoraenequipo.com.mx\/#organization\",\"name\":\"Sonoraenequipo.com.mx\",\"url\":\"https:\/\/www.sonoraenequipo.com.mx\/\",\"logo\":{\"@type\":\"ImageObject\",\"inLanguage\":\"es\",\"@id\":\"https:\/\/www.sonoraenequipo.com.mx\/#\/schema\/logo\/image\/\",\"url\":\"https:\/\/www.sonoraenequipo.com.mx\/storage\/2019\/01\/sonoraenequipo_opt.png\",\"contentUrl\":\"https:\/\/www.sonoraenequipo.com.mx\/storage\/2019\/01\/sonoraenequipo_opt.png\",\"width\":375,\"height\":125,\"caption\":\"Sonoraenequipo.com.mx\"},\"image\":{\"@id\":\"https:\/\/www.sonoraenequipo.com.mx\/#\/schema\/logo\/image\/\"},\"sameAs\":[\"https:\/\/www.facebook.com\/SonoraEE\/\",\"https:\/\/x.com\/sonoraenequipo\",\"https:\/\/www.youtube.com\/channel\/UC338nW-lPEYmJQs4ZABQ1SQ\"]},{\"@type\":\"Person\",\"@id\":\"https:\/\/www.sonoraenequipo.com.mx\/#\/schema\/person\/50102df0fb23a8fa9e8effad8fa81386\",\"name\":\"enequipo\",\"image\":{\"@type\":\"ImageObject\",\"inLanguage\":\"es\",\"@id\":\"https:\/\/www.sonoraenequipo.com.mx\/#\/schema\/person\/image\/\",\"url\":\"https:\/\/secure.gravatar.com\/avatar\/049821681b589dabc0bc20695993ccebb09f5b5d4d790cd9251b97faac7c652b?s=96&d=blank&r=g\",\"contentUrl\":\"https:\/\/secure.gravatar.com\/avatar\/049821681b589dabc0bc20695993ccebb09f5b5d4d790cd9251b97faac7c652b?s=96&d=blank&r=g\",\"caption\":\"enequipo\"},\"sameAs\":[\"https:\/\/www.facebook.com\/SonoraEE\"]}]}<\/script>\n ","yoast_head_json":{"title":"Sonora en Equipo. Adri\u00e1n de la Garza Santos pretende ser el Juan Guaid\u00f3 de M\u00e9xico. Rep\u00fablica","description":"MONTERREY, NUEVO LE\u00d3N. MX. \u2014 Adri\u00e1n de la Garza Santos, candidato a la gubernatura por la coalici\u00f3n Va Fuerte por Nuevo Le\u00f3n, acudi\u00f3 a la Organizaci\u00f3n de En Sonora en Equipo publicamos toda la informaci\u00f3n de Sonora, M\u00e9xico y el Mundo de manera oportuna y busca que la libertad de expresi\u00f3n sea real. Visita nuestro medio informativo publicado desde Hermosillo, Sonora. %","robots":{"index":"index","follow":"follow","max-snippet":"max-snippet:-1","max-image-preview":"max-image-preview:large","max-video-preview":"max-video-preview:-1"},"canonical":"https:\/\/www.sonoraenequipo.com.mx\/adrian-de-la-garza-santos-pretende-ser-el-juan-guaido-de-mexico\/","og_locale":"es_ES","og_type":"article","og_title":"Sonora en Equipo. Adri\u00e1n de la Garza Santos pretende ser el Juan Guaid\u00f3 de M\u00e9xico. Rep\u00fablica","og_description":"MONTERREY, NUEVO LE\u00d3N. MX. \u2014 Adri\u00e1n de la Garza Santos, candidato a la gubernatura por la coalici\u00f3n Va Fuerte por Nuevo Le\u00f3n, acudi\u00f3 a la Organizaci\u00f3n de En Sonora en Equipo publicamos toda la informaci\u00f3n de Sonora, M\u00e9xico y el Mundo de manera oportuna y busca que la libertad de expresi\u00f3n sea real. Visita nuestro medio informativo publicado desde Hermosillo, Sonora. %","og_url":"https:\/\/www.sonoraenequipo.com.mx\/adrian-de-la-garza-santos-pretende-ser-el-juan-guaido-de-mexico\/","og_site_name":"Sonora en Equipo.","article_publisher":"https:\/\/www.facebook.com\/SonoraEE\/","article_author":"https:\/\/www.facebook.com\/SonoraEE","article_published_time":"2021-05-13T01:10:12+00:00","article_modified_time":"2021-05-13T01:46:00+00:00","og_image":[{"width":700,"height":468,"url":"https:\/\/www.sonoraenequipo.com.mx\/storage\/2021\/05\/delaGarza-pide-apoyo-a-EUA_opt.jpg","type":"image\/jpeg"}],"author":"enequipo","twitter_card":"summary_large_image","twitter_creator":"@sonoraenequipo","twitter_site":"@sonoraenequipo","twitter_misc":{"Escrito por":"enequipo","Tiempo de lectura":"3 minutos"},"schema":{"@context":"https:\/\/schema.org","@graph":[{"@type":"Article","@id":"https:\/\/www.sonoraenequipo.com.mx\/adrian-de-la-garza-santos-pretende-ser-el-juan-guaido-de-mexico\/#article","isPartOf":{"@id":"https:\/\/www.sonoraenequipo.com.mx\/adrian-de-la-garza-santos-pretende-ser-el-juan-guaido-de-mexico\/"},"author":{"name":"enequipo","@id":"https:\/\/www.sonoraenequipo.com.mx\/#\/schema\/person\/50102df0fb23a8fa9e8effad8fa81386"},"headline":"Adri\u00e1n de la Garza Santos pretende ser el Juan Guaid\u00f3 de M\u00e9xico.","datePublished":"2021-05-13T01:10:12+00:00","dateModified":"2021-05-13T01:46:00+00:00","mainEntityOfPage":{"@id":"https:\/\/www.sonoraenequipo.com.mx\/adrian-de-la-garza-santos-pretende-ser-el-juan-guaido-de-mexico\/"},"wordCount":699,"commentCount":0,"publisher":{"@id":"https:\/\/www.sonoraenequipo.com.mx\/#organization"},"image":{"@id":"https:\/\/www.sonoraenequipo.com.mx\/adrian-de-la-garza-santos-pretende-ser-el-juan-guaido-de-mexico\/#primaryimage"},"thumbnailUrl":"https:\/\/www.sonoraenequipo.com.mx\/storage\/2021\/05\/delaGarza-pide-apoyo-a-EUA_opt.jpg","articleSection":["Rep\u00fablica"],"inLanguage":"es","potentialAction":[{"@type":"CommentAction","name":"Comment","target":["https:\/\/www.sonoraenequipo.com.mx\/adrian-de-la-garza-santos-pretende-ser-el-juan-guaido-de-mexico\/#respond"]}]},{"@type":"WebPage","@id":"https:\/\/www.sonoraenequipo.com.mx\/adrian-de-la-garza-santos-pretende-ser-el-juan-guaido-de-mexico\/","url":"https:\/\/www.sonoraenequipo.com.mx\/adrian-de-la-garza-santos-pretende-ser-el-juan-guaido-de-mexico\/","name":"Sonora en Equipo. Adri\u00e1n de la Garza Santos pretende ser el Juan Guaid\u00f3 de M\u00e9xico. Rep\u00fablica","isPartOf":{"@id":"https:\/\/www.sonoraenequipo.com.mx\/#website"},"primaryImageOfPage":{"@id":"https:\/\/www.sonoraenequipo.com.mx\/adrian-de-la-garza-santos-pretende-ser-el-juan-guaido-de-mexico\/#primaryimage"},"image":{"@id":"https:\/\/www.sonoraenequipo.com.mx\/adrian-de-la-garza-santos-pretende-ser-el-juan-guaido-de-mexico\/#primaryimage"},"thumbnailUrl":"https:\/\/www.sonoraenequipo.com.mx\/storage\/2021\/05\/delaGarza-pide-apoyo-a-EUA_opt.jpg","datePublished":"2021-05-13T01:10:12+00:00","dateModified":"2021-05-13T01:46:00+00:00","description":"MONTERREY, NUEVO LE\u00d3N. MX. \u2014 Adri\u00e1n de la Garza Santos, candidato a la gubernatura por la coalici\u00f3n Va Fuerte por Nuevo Le\u00f3n, acudi\u00f3 a la Organizaci\u00f3n de En Sonora en Equipo publicamos toda la informaci\u00f3n de Sonora, M\u00e9xico y el Mundo de manera oportuna y busca que la libertad de expresi\u00f3n sea real. Visita nuestro medio informativo publicado desde Hermosillo, Sonora. %","breadcrumb":{"@id":"https:\/\/www.sonoraenequipo.com.mx\/adrian-de-la-garza-santos-pretende-ser-el-juan-guaido-de-mexico\/#breadcrumb"},"inLanguage":"es","potentialAction":[{"@type":"ReadAction","target":["https:\/\/www.sonoraenequipo.com.mx\/adrian-de-la-garza-santos-pretende-ser-el-juan-guaido-de-mexico\/"]}]},{"@type":"ImageObject","inLanguage":"es","@id":"https:\/\/www.sonoraenequipo.com.mx\/adrian-de-la-garza-santos-pretende-ser-el-juan-guaido-de-mexico\/#primaryimage","url":"https:\/\/www.sonoraenequipo.com.mx\/storage\/2021\/05\/delaGarza-pide-apoyo-a-EUA_opt.jpg","contentUrl":"https:\/\/www.sonoraenequipo.com.mx\/storage\/2021\/05\/delaGarza-pide-apoyo-a-EUA_opt.jpg","width":700,"height":468},{"@type":"BreadcrumbList","@id":"https:\/\/www.sonoraenequipo.com.mx\/adrian-de-la-garza-santos-pretende-ser-el-juan-guaido-de-mexico\/#breadcrumb","itemListElement":[{"@type":"ListItem","position":1,"name":"Portada","item":"https:\/\/www.sonoraenequipo.com.mx\/"},{"@type":"ListItem","position":2,"name":"Adri\u00e1n de la Garza Santos pretende ser el Juan Guaid\u00f3 de M\u00e9xico."}]},{"@type":"WebSite","@id":"https:\/\/www.sonoraenequipo.com.mx\/#website","url":"https:\/\/www.sonoraenequipo.com.mx\/","name":"Sonora en Equipo.","description":"Diario en l\u00ednea con Noticias desde Hermosillo, Sonora","publisher":{"@id":"https:\/\/www.sonoraenequipo.com.mx\/#organization"},"potentialAction":[{"@type":"SearchAction","target":{"@type":"EntryPoint","urlTemplate":"https:\/\/www.sonoraenequipo.com.mx\/?s={search_term_string}"},"query-input":{"@type":"PropertyValueSpecification","valueRequired":true,"valueName":"search_term_string"}}],"inLanguage":"es"},{"@type":"Organization","@id":"https:\/\/www.sonoraenequipo.com.mx\/#organization","name":"Sonoraenequipo.com.mx","url":"https:\/\/www.sonoraenequipo.com.mx\/","logo":{"@type":"ImageObject","inLanguage":"es","@id":"https:\/\/www.sonoraenequipo.com.mx\/#\/schema\/logo\/image\/","url":"https:\/\/www.sonoraenequipo.com.mx\/storage\/2019\/01\/sonoraenequipo_opt.png","contentUrl":"https:\/\/www.sonoraenequipo.com.mx\/storage\/2019\/01\/sonoraenequipo_opt.png","width":375,"height":125,"caption":"Sonoraenequipo.com.mx"},"image":{"@id":"https:\/\/www.sonoraenequipo.com.mx\/#\/schema\/logo\/image\/"},"sameAs":["https:\/\/www.facebook.com\/SonoraEE\/","https:\/\/x.com\/sonoraenequipo","https:\/\/www.youtube.com\/channel\/UC338nW-lPEYmJQs4ZABQ1SQ"]},{"@type":"Person","@id":"https:\/\/www.sonoraenequipo.com.mx\/#\/schema\/person\/50102df0fb23a8fa9e8effad8fa81386","name":"enequipo","image":{"@type":"ImageObject","inLanguage":"es","@id":"https:\/\/www.sonoraenequipo.com.mx\/#\/schema\/person\/image\/","url":"https:\/\/secure.gravatar.com\/avatar\/049821681b589dabc0bc20695993ccebb09f5b5d4d790cd9251b97faac7c652b?s=96&d=blank&r=g","contentUrl":"https:\/\/secure.gravatar.com\/avatar\/049821681b589dabc0bc20695993ccebb09f5b5d4d790cd9251b97faac7c652b?s=96&d=blank&r=g","caption":"enequipo"},"sameAs":["https:\/\/www.facebook.com\/SonoraEE"]}]}},"jetpack_featured_media_url":"https:\/\/www.sonoraenequipo.com.mx\/storage\/2021\/05\/delaGarza-pide-apoyo-a-EUA_opt.jpg","_links":{"self":[{"href":"https:\/\/www.sonoraenequipo.com.mx\/api\/wp\/v2\/posts\/113782","targetHints":{"allow":["GET"]}}],"collection":[{"href":"https:\/\/www.sonoraenequipo.com.mx\/api\/wp\/v2\/posts"}],"about":[{"href":"https:\/\/www.sonoraenequipo.com.mx\/api\/wp\/v2\/types\/post"}],"author":[{"embeddable":true,"href":"https:\/\/www.sonoraenequipo.com.mx\/api\/wp\/v2\/users\/1"}],"replies":[{"embeddable":true,"href":"https:\/\/www.sonoraenequipo.com.mx\/api\/wp\/v2\/comments?post=113782"}],"version-history":[{"count":1,"href":"https:\/\/www.sonoraenequipo.com.mx\/api\/wp\/v2\/posts\/113782\/revisions"}],"predecessor-version":[{"id":113785,"href":"https:\/\/www.sonoraenequipo.com.mx\/api\/wp\/v2\/posts\/113782\/revisions\/113785"}],"wp:featuredmedia":[{"embeddable":true,"href":"https:\/\/www.sonoraenequipo.com.mx\/api\/wp\/v2\/media\/113783"}],"wp:attachment":[{"href":"https:\/\/www.sonoraenequipo.com.mx\/api\/wp\/v2\/media?parent=113782"}],"wp:term":[{"taxonomy":"category","embeddable":true,"href":"https:\/\/www.sonoraenequipo.com.mx\/api\/wp\/v2\/categories?post=113782"},{"taxonomy":"post_tag","embeddable":true,"href":"https:\/\/www.sonoraenequipo.com.mx\/api\/wp\/v2\/tags?post=113782"}],"curies":[{"name":"wp","href":"https:\/\/api.w.org\/{rel}","templated":true}]}}