{"id":113786,"date":"2021-05-12T17:48:23","date_gmt":"2021-05-13T00:48:23","guid":{"rendered":"https:\/\/www.sonoraenequipo.com.mx\/?p=113786"},"modified":"2021-05-12T19:24:31","modified_gmt":"2021-05-13T02:24:31","slug":"pan-en-senado-pide-a-embajada-de-eu-datos-de-informe-sobre-garcia-cabeza-de-vaca","status":"publish","type":"post","link":"https:\/\/www.sonoraenequipo.com.mx\/pan-en-senado-pide-a-embajada-de-eu-datos-de-informe-sobre-garcia-cabeza-de-vaca\/","title":{"rendered":"PAN en Senado pide a embajada de EU datos de informe sobre Garc\u00eda Cabeza de Vaca"},"content":{"rendered":"<p>CIUDAD DE M\u00c9XICO. MX. \u2014 El grupo parlamentario del PAN en el Senado solicit\u00f3 a la embajada de Estados Unidos en M\u00e9xico saber si existe un proceso judicial en curso en contra del gobernador de Tamaulipas, Francisco Javier Garc\u00eda Cabeza de Vaca.<\/p>\n<p>&nbsp;<\/p>\n<p>&nbsp;<\/p>\n<p> <\/p>\n<p>En rueda de prensa, los legisladores dijeron que la presente solicitud obedece a que este supuesto informe del Departamento de Justicia de los Estados Unidos ha sido usado para atacar con fines electorales tanto al gobernador Garc\u00eda Cabeza de Vaca como al Partido Acci\u00f3n Nacional sin que se conozca el contenido del mismo.<\/p>\n<p>&nbsp;<\/p>\n<p>\u200bEn este sentido, el coordinador de la bancada, Julen Rementer\u00eda del Puerto, dijo que <em>\u201clas autoridades mexicanas han hecho un uso faccioso de la carpeta de investigaci\u00f3n a la cual no han permitido que el gobernador de Tamaulipas pueda tener acceso al contenido de este supuesto informe dej\u00e1ndolo en estado de indefensi\u00f3n\u201d.<\/em><\/p>\n<p>&nbsp;<\/p>\n<p>Por lo que, agreg\u00f3, <em>\u201crecurro en representaci\u00f3n del grupo parlamentario a solicitarle atentamente a la Embajada norteamericana pueda acceder a conocer si en el vecino pa\u00eds existe alg\u00fan proceso judicial en contra del gobernador Cabeza de Vaca\u201d.<\/em><\/p>\n<p>&nbsp;<\/p>\n<p>&nbsp;<\/p>\n<p>(Publicada el 12\/05\/2021)<\/p>\n","protected":false},"excerpt":{"rendered":"<p>CIUDAD DE M\u00c9XICO. MX. \u2014 El grupo parlamentario del PAN en el Senado solicit\u00f3 a&#8230;<\/p>\n","protected":false},"author":1,"featured_media":113787,"comment_status":"open","ping_status":"open","sticky":false,"template":"","format":"standard","meta":{"_monsterinsights_skip_tracking":false,"_monsterinsights_sitenote_active":false,"_monsterinsights_sitenote_note":"","_monsterinsights_sitenote_category":0,"footnotes":""},"categories":[5],"tags":[],"class_list":["post"],"yoast_head":" \n<title>Sonora en Equipo. PAN en Senado pide a embajada de EU datos de informe sobre Garc\u00eda Cabeza de Vaca Rep\u00fablica<\/title>\n<meta name=\"description\" content=\"CIUDAD DE M\u00c9XICO. MX. \u2014 El grupo parlamentario del PAN en el Senado solicit\u00f3 a la embajada de Estados Unidos en M\u00e9xico saber si existe un proceso judicial En Sonora en Equipo publicamos toda la informaci\u00f3n de Sonora, M\u00e9xico y el Mundo de manera oportuna y busca que la libertad de expresi\u00f3n sea real. Visita nuestro medio informativo publicado desde Hermosillo, Sonora. %\" \/>\n<meta name=\"robots\" content=\"index, follow, max-snippet:-1, max-image-preview:large, max-video-preview:-1\" \/>\n<link rel=\"canonical\" href=\"https:\/\/www.sonoraenequipo.com.mx\/pan-en-senado-pide-a-embajada-de-eu-datos-de-informe-sobre-garcia-cabeza-de-vaca\/\" \/>\n<meta property=\"og:locale\" content=\"es_ES\" \/>\n<meta property=\"og:type\" content=\"article\" \/>\n<meta property=\"og:title\" content=\"Sonora en Equipo. PAN en Senado pide a embajada de EU datos de informe sobre Garc\u00eda Cabeza de Vaca Rep\u00fablica\" \/>\n<meta property=\"og:description\" content=\"CIUDAD DE M\u00c9XICO. MX. \u2014 El grupo parlamentario del PAN en el Senado solicit\u00f3 a la embajada de Estados Unidos en M\u00e9xico saber si existe un proceso judicial En Sonora en Equipo publicamos toda la informaci\u00f3n de Sonora, M\u00e9xico y el Mundo de manera oportuna y busca que la libertad de expresi\u00f3n sea real. Visita nuestro medio informativo publicado desde Hermosillo, Sonora. %\" \/>\n<meta property=\"og:url\" content=\"https:\/\/www.sonoraenequipo.com.mx\/pan-en-senado-pide-a-embajada-de-eu-datos-de-informe-sobre-garcia-cabeza-de-vaca\/\" \/>\n<meta property=\"og:site_name\" content=\"Sonora en Equipo.\" \/>\n<meta property=\"article:publisher\" content=\"https:\/\/www.facebook.com\/SonoraEE\/\" \/>\n<meta property=\"article:author\" content=\"https:\/\/www.facebook.com\/SonoraEE\" \/>\n<meta property=\"article:published_time\" content=\"2021-05-13T00:48:23+00:00\" \/>\n<meta property=\"article:modified_time\" content=\"2021-05-13T02:24:31+00:00\" \/>\n<meta property=\"og:image\" content=\"https:\/\/www.sonoraenequipo.com.mx\/storage\/2021\/05\/PAN-dice-que-es-linchamiento-lo-de-cabeza-de-vaca_opt.jpg\" \/>\n\t<meta property=\"og:image:width\" content=\"700\" \/>\n\t<meta property=\"og:image:height\" content=\"435\" \/>\n\t<meta property=\"og:image:type\" content=\"image\/jpeg\" \/>\n<meta name=\"author\" content=\"enequipo\" \/>\n<meta name=\"twitter:card\" content=\"summary_large_image\" \/>\n<meta name=\"twitter:creator\" content=\"@sonoraenequipo\" \/>\n<meta name=\"twitter:site\" content=\"@sonoraenequipo\" \/>\n<meta name=\"twitter:label1\" content=\"Escrito por\" \/>\n\t<meta name=\"twitter:data1\" content=\"enequipo\" \/>\n\t<meta name=\"twitter:label2\" content=\"Tiempo de lectura\" \/>\n\t<meta name=\"twitter:data2\" content=\"1 minuto\" \/>\n<script type=\"application\/ld+json\" class=\"yoast-schema-graph\">{\"@context\":\"https:\/\/schema.org\",\"@graph\":[{\"@type\":\"Article\",\"@id\":\"https:\/\/www.sonoraenequipo.com.mx\/pan-en-senado-pide-a-embajada-de-eu-datos-de-informe-sobre-garcia-cabeza-de-vaca\/#article\",\"isPartOf\":{\"@id\":\"https:\/\/www.sonoraenequipo.com.mx\/pan-en-senado-pide-a-embajada-de-eu-datos-de-informe-sobre-garcia-cabeza-de-vaca\/\"},\"author\":{\"name\":\"enequipo\",\"@id\":\"https:\/\/www.sonoraenequipo.com.mx\/#\/schema\/person\/50102df0fb23a8fa9e8effad8fa81386\"},\"headline\":\"PAN en Senado pide a embajada de EU datos de informe sobre Garc\u00eda Cabeza de Vaca\",\"datePublished\":\"2021-05-13T00:48:23+00:00\",\"dateModified\":\"2021-05-13T02:24:31+00:00\",\"mainEntityOfPage\":{\"@id\":\"https:\/\/www.sonoraenequipo.com.mx\/pan-en-senado-pide-a-embajada-de-eu-datos-de-informe-sobre-garcia-cabeza-de-vaca\/\"},\"wordCount\":220,\"commentCount\":0,\"publisher\":{\"@id\":\"https:\/\/www.sonoraenequipo.com.mx\/#organization\"},\"image\":{\"@id\":\"https:\/\/www.sonoraenequipo.com.mx\/pan-en-senado-pide-a-embajada-de-eu-datos-de-informe-sobre-garcia-cabeza-de-vaca\/#primaryimage\"},\"thumbnailUrl\":\"https:\/\/www.sonoraenequipo.com.mx\/storage\/2021\/05\/PAN-dice-que-es-linchamiento-lo-de-cabeza-de-vaca_opt.jpg\",\"articleSection\":[\"Rep\u00fablica\"],\"inLanguage\":\"es\",\"potentialAction\":[{\"@type\":\"CommentAction\",\"name\":\"Comment\",\"target\":[\"https:\/\/www.sonoraenequipo.com.mx\/pan-en-senado-pide-a-embajada-de-eu-datos-de-informe-sobre-garcia-cabeza-de-vaca\/#respond\"]}]},{\"@type\":\"WebPage\",\"@id\":\"https:\/\/www.sonoraenequipo.com.mx\/pan-en-senado-pide-a-embajada-de-eu-datos-de-informe-sobre-garcia-cabeza-de-vaca\/\",\"url\":\"https:\/\/www.sonoraenequipo.com.mx\/pan-en-senado-pide-a-embajada-de-eu-datos-de-informe-sobre-garcia-cabeza-de-vaca\/\",\"name\":\"Sonora en Equipo. PAN en Senado pide a embajada de EU datos de informe sobre Garc\u00eda Cabeza de Vaca Rep\u00fablica\",\"isPartOf\":{\"@id\":\"https:\/\/www.sonoraenequipo.com.mx\/#website\"},\"primaryImageOfPage\":{\"@id\":\"https:\/\/www.sonoraenequipo.com.mx\/pan-en-senado-pide-a-embajada-de-eu-datos-de-informe-sobre-garcia-cabeza-de-vaca\/#primaryimage\"},\"image\":{\"@id\":\"https:\/\/www.sonoraenequipo.com.mx\/pan-en-senado-pide-a-embajada-de-eu-datos-de-informe-sobre-garcia-cabeza-de-vaca\/#primaryimage\"},\"thumbnailUrl\":\"https:\/\/www.sonoraenequipo.com.mx\/storage\/2021\/05\/PAN-dice-que-es-linchamiento-lo-de-cabeza-de-vaca_opt.jpg\",\"datePublished\":\"2021-05-13T00:48:23+00:00\",\"dateModified\":\"2021-05-13T02:24:31+00:00\",\"description\":\"CIUDAD DE M\u00c9XICO. MX. \u2014 El grupo parlamentario del PAN en el Senado solicit\u00f3 a la embajada de Estados Unidos en M\u00e9xico saber si existe un proceso judicial En Sonora en Equipo publicamos toda la informaci\u00f3n de Sonora, M\u00e9xico y el Mundo de manera oportuna y busca que la libertad de expresi\u00f3n sea real. Visita nuestro medio informativo publicado desde Hermosillo, Sonora. %\",\"breadcrumb\":{\"@id\":\"https:\/\/www.sonoraenequipo.com.mx\/pan-en-senado-pide-a-embajada-de-eu-datos-de-informe-sobre-garcia-cabeza-de-vaca\/#breadcrumb\"},\"inLanguage\":\"es\",\"potentialAction\":[{\"@type\":\"ReadAction\",\"target\":[\"https:\/\/www.sonoraenequipo.com.mx\/pan-en-senado-pide-a-embajada-de-eu-datos-de-informe-sobre-garcia-cabeza-de-vaca\/\"]}]},{\"@type\":\"ImageObject\",\"inLanguage\":\"es\",\"@id\":\"https:\/\/www.sonoraenequipo.com.mx\/pan-en-senado-pide-a-embajada-de-eu-datos-de-informe-sobre-garcia-cabeza-de-vaca\/#primaryimage\",\"url\":\"https:\/\/www.sonoraenequipo.com.mx\/storage\/2021\/05\/PAN-dice-que-es-linchamiento-lo-de-cabeza-de-vaca_opt.jpg\",\"contentUrl\":\"https:\/\/www.sonoraenequipo.com.mx\/storage\/2021\/05\/PAN-dice-que-es-linchamiento-lo-de-cabeza-de-vaca_opt.jpg\",\"width\":700,\"height\":435},{\"@type\":\"BreadcrumbList\",\"@id\":\"https:\/\/www.sonoraenequipo.com.mx\/pan-en-senado-pide-a-embajada-de-eu-datos-de-informe-sobre-garcia-cabeza-de-vaca\/#breadcrumb\",\"itemListElement\":[{\"@type\":\"ListItem\",\"position\":1,\"name\":\"Portada\",\"item\":\"https:\/\/www.sonoraenequipo.com.mx\/\"},{\"@type\":\"ListItem\",\"position\":2,\"name\":\"PAN en Senado pide a embajada de EU datos de informe sobre Garc\u00eda Cabeza de Vaca\"}]},{\"@type\":\"WebSite\",\"@id\":\"https:\/\/www.sonoraenequipo.com.mx\/#website\",\"url\":\"https:\/\/www.sonoraenequipo.com.mx\/\",\"name\":\"Sonora en Equipo.\",\"description\":\"Diario en l\u00ednea con Noticias desde Hermosillo, Sonora\",\"publisher\":{\"@id\":\"https:\/\/www.sonoraenequipo.com.mx\/#organization\"},\"potentialAction\":[{\"@type\":\"SearchAction\",\"target\":{\"@type\":\"EntryPoint\",\"urlTemplate\":\"https:\/\/www.sonoraenequipo.com.mx\/?s={search_term_string}\"},\"query-input\":{\"@type\":\"PropertyValueSpecification\",\"valueRequired\":true,\"valueName\":\"search_term_string\"}}],\"inLanguage\":\"es\"},{\"@type\":\"Organization\",\"@id\":\"https:\/\/www.sonoraenequipo.com.mx\/#organization\",\"name\":\"Sonoraenequipo.com.mx\",\"url\":\"https:\/\/www.sonoraenequipo.com.mx\/\",\"logo\":{\"@type\":\"ImageObject\",\"inLanguage\":\"es\",\"@id\":\"https:\/\/www.sonoraenequipo.com.mx\/#\/schema\/logo\/image\/\",\"url\":\"https:\/\/www.sonoraenequipo.com.mx\/storage\/2019\/01\/sonoraenequipo_opt.png\",\"contentUrl\":\"https:\/\/www.sonoraenequipo.com.mx\/storage\/2019\/01\/sonoraenequipo_opt.png\",\"width\":375,\"height\":125,\"caption\":\"Sonoraenequipo.com.mx\"},\"image\":{\"@id\":\"https:\/\/www.sonoraenequipo.com.mx\/#\/schema\/logo\/image\/\"},\"sameAs\":[\"https:\/\/www.facebook.com\/SonoraEE\/\",\"https:\/\/x.com\/sonoraenequipo\",\"https:\/\/www.youtube.com\/channel\/UC338nW-lPEYmJQs4ZABQ1SQ\"]},{\"@type\":\"Person\",\"@id\":\"https:\/\/www.sonoraenequipo.com.mx\/#\/schema\/person\/50102df0fb23a8fa9e8effad8fa81386\",\"name\":\"enequipo\",\"image\":{\"@type\":\"ImageObject\",\"inLanguage\":\"es\",\"@id\":\"https:\/\/www.sonoraenequipo.com.mx\/#\/schema\/person\/image\/\",\"url\":\"https:\/\/secure.gravatar.com\/avatar\/049821681b589dabc0bc20695993ccebb09f5b5d4d790cd9251b97faac7c652b?s=96&d=blank&r=g\",\"contentUrl\":\"https:\/\/secure.gravatar.com\/avatar\/049821681b589dabc0bc20695993ccebb09f5b5d4d790cd9251b97faac7c652b?s=96&d=blank&r=g\",\"caption\":\"enequipo\"},\"sameAs\":[\"https:\/\/www.facebook.com\/SonoraEE\"]}]}<\/script>\n ","yoast_head_json":{"title":"Sonora en Equipo. PAN en Senado pide a embajada de EU datos de informe sobre Garc\u00eda Cabeza de Vaca Rep\u00fablica","description":"CIUDAD DE M\u00c9XICO. MX. \u2014 El grupo parlamentario del PAN en el Senado solicit\u00f3 a la embajada de Estados Unidos en M\u00e9xico saber si existe un proceso judicial En Sonora en Equipo publicamos toda la informaci\u00f3n de Sonora, M\u00e9xico y el Mundo de manera oportuna y busca que la libertad de expresi\u00f3n sea real. Visita nuestro medio informativo publicado desde Hermosillo, Sonora. %","robots":{"index":"index","follow":"follow","max-snippet":"max-snippet:-1","max-image-preview":"max-image-preview:large","max-video-preview":"max-video-preview:-1"},"canonical":"https:\/\/www.sonoraenequipo.com.mx\/pan-en-senado-pide-a-embajada-de-eu-datos-de-informe-sobre-garcia-cabeza-de-vaca\/","og_locale":"es_ES","og_type":"article","og_title":"Sonora en Equipo. PAN en Senado pide a embajada de EU datos de informe sobre Garc\u00eda Cabeza de Vaca Rep\u00fablica","og_description":"CIUDAD DE M\u00c9XICO. MX. \u2014 El grupo parlamentario del PAN en el Senado solicit\u00f3 a la embajada de Estados Unidos en M\u00e9xico saber si existe un proceso judicial En Sonora en Equipo publicamos toda la informaci\u00f3n de Sonora, M\u00e9xico y el Mundo de manera oportuna y busca que la libertad de expresi\u00f3n sea real. Visita nuestro medio informativo publicado desde Hermosillo, Sonora. %","og_url":"https:\/\/www.sonoraenequipo.com.mx\/pan-en-senado-pide-a-embajada-de-eu-datos-de-informe-sobre-garcia-cabeza-de-vaca\/","og_site_name":"Sonora en Equipo.","article_publisher":"https:\/\/www.facebook.com\/SonoraEE\/","article_author":"https:\/\/www.facebook.com\/SonoraEE","article_published_time":"2021-05-13T00:48:23+00:00","article_modified_time":"2021-05-13T02:24:31+00:00","og_image":[{"width":700,"height":435,"url":"https:\/\/www.sonoraenequipo.com.mx\/storage\/2021\/05\/PAN-dice-que-es-linchamiento-lo-de-cabeza-de-vaca_opt.jpg","type":"image\/jpeg"}],"author":"enequipo","twitter_card":"summary_large_image","twitter_creator":"@sonoraenequipo","twitter_site":"@sonoraenequipo","twitter_misc":{"Escrito por":"enequipo","Tiempo de lectura":"1 minuto"},"schema":{"@context":"https:\/\/schema.org","@graph":[{"@type":"Article","@id":"https:\/\/www.sonoraenequipo.com.mx\/pan-en-senado-pide-a-embajada-de-eu-datos-de-informe-sobre-garcia-cabeza-de-vaca\/#article","isPartOf":{"@id":"https:\/\/www.sonoraenequipo.com.mx\/pan-en-senado-pide-a-embajada-de-eu-datos-de-informe-sobre-garcia-cabeza-de-vaca\/"},"author":{"name":"enequipo","@id":"https:\/\/www.sonoraenequipo.com.mx\/#\/schema\/person\/50102df0fb23a8fa9e8effad8fa81386"},"headline":"PAN en Senado pide a embajada de EU datos de informe sobre Garc\u00eda Cabeza de Vaca","datePublished":"2021-05-13T00:48:23+00:00","dateModified":"2021-05-13T02:24:31+00:00","mainEntityOfPage":{"@id":"https:\/\/www.sonoraenequipo.com.mx\/pan-en-senado-pide-a-embajada-de-eu-datos-de-informe-sobre-garcia-cabeza-de-vaca\/"},"wordCount":220,"commentCount":0,"publisher":{"@id":"https:\/\/www.sonoraenequipo.com.mx\/#organization"},"image":{"@id":"https:\/\/www.sonoraenequipo.com.mx\/pan-en-senado-pide-a-embajada-de-eu-datos-de-informe-sobre-garcia-cabeza-de-vaca\/#primaryimage"},"thumbnailUrl":"https:\/\/www.sonoraenequipo.com.mx\/storage\/2021\/05\/PAN-dice-que-es-linchamiento-lo-de-cabeza-de-vaca_opt.jpg","articleSection":["Rep\u00fablica"],"inLanguage":"es","potentialAction":[{"@type":"CommentAction","name":"Comment","target":["https:\/\/www.sonoraenequipo.com.mx\/pan-en-senado-pide-a-embajada-de-eu-datos-de-informe-sobre-garcia-cabeza-de-vaca\/#respond"]}]},{"@type":"WebPage","@id":"https:\/\/www.sonoraenequipo.com.mx\/pan-en-senado-pide-a-embajada-de-eu-datos-de-informe-sobre-garcia-cabeza-de-vaca\/","url":"https:\/\/www.sonoraenequipo.com.mx\/pan-en-senado-pide-a-embajada-de-eu-datos-de-informe-sobre-garcia-cabeza-de-vaca\/","name":"Sonora en Equipo. PAN en Senado pide a embajada de EU datos de informe sobre Garc\u00eda Cabeza de Vaca Rep\u00fablica","isPartOf":{"@id":"https:\/\/www.sonoraenequipo.com.mx\/#website"},"primaryImageOfPage":{"@id":"https:\/\/www.sonoraenequipo.com.mx\/pan-en-senado-pide-a-embajada-de-eu-datos-de-informe-sobre-garcia-cabeza-de-vaca\/#primaryimage"},"image":{"@id":"https:\/\/www.sonoraenequipo.com.mx\/pan-en-senado-pide-a-embajada-de-eu-datos-de-informe-sobre-garcia-cabeza-de-vaca\/#primaryimage"},"thumbnailUrl":"https:\/\/www.sonoraenequipo.com.mx\/storage\/2021\/05\/PAN-dice-que-es-linchamiento-lo-de-cabeza-de-vaca_opt.jpg","datePublished":"2021-05-13T00:48:23+00:00","dateModified":"2021-05-13T02:24:31+00:00","description":"CIUDAD DE M\u00c9XICO. MX. \u2014 El grupo parlamentario del PAN en el Senado solicit\u00f3 a la embajada de Estados Unidos en M\u00e9xico saber si existe un proceso judicial En Sonora en Equipo publicamos toda la informaci\u00f3n de Sonora, M\u00e9xico y el Mundo de manera oportuna y busca que la libertad de expresi\u00f3n sea real. Visita nuestro medio informativo publicado desde Hermosillo, Sonora. %","breadcrumb":{"@id":"https:\/\/www.sonoraenequipo.com.mx\/pan-en-senado-pide-a-embajada-de-eu-datos-de-informe-sobre-garcia-cabeza-de-vaca\/#breadcrumb"},"inLanguage":"es","potentialAction":[{"@type":"ReadAction","target":["https:\/\/www.sonoraenequipo.com.mx\/pan-en-senado-pide-a-embajada-de-eu-datos-de-informe-sobre-garcia-cabeza-de-vaca\/"]}]},{"@type":"ImageObject","inLanguage":"es","@id":"https:\/\/www.sonoraenequipo.com.mx\/pan-en-senado-pide-a-embajada-de-eu-datos-de-informe-sobre-garcia-cabeza-de-vaca\/#primaryimage","url":"https:\/\/www.sonoraenequipo.com.mx\/storage\/2021\/05\/PAN-dice-que-es-linchamiento-lo-de-cabeza-de-vaca_opt.jpg","contentUrl":"https:\/\/www.sonoraenequipo.com.mx\/storage\/2021\/05\/PAN-dice-que-es-linchamiento-lo-de-cabeza-de-vaca_opt.jpg","width":700,"height":435},{"@type":"BreadcrumbList","@id":"https:\/\/www.sonoraenequipo.com.mx\/pan-en-senado-pide-a-embajada-de-eu-datos-de-informe-sobre-garcia-cabeza-de-vaca\/#breadcrumb","itemListElement":[{"@type":"ListItem","position":1,"name":"Portada","item":"https:\/\/www.sonoraenequipo.com.mx\/"},{"@type":"ListItem","position":2,"name":"PAN en Senado pide a embajada de EU datos de informe sobre Garc\u00eda Cabeza de Vaca"}]},{"@type":"WebSite","@id":"https:\/\/www.sonoraenequipo.com.mx\/#website","url":"https:\/\/www.sonoraenequipo.com.mx\/","name":"Sonora en Equipo.","description":"Diario en l\u00ednea con Noticias desde Hermosillo, Sonora","publisher":{"@id":"https:\/\/www.sonoraenequipo.com.mx\/#organization"},"potentialAction":[{"@type":"SearchAction","target":{"@type":"EntryPoint","urlTemplate":"https:\/\/www.sonoraenequipo.com.mx\/?s={search_term_string}"},"query-input":{"@type":"PropertyValueSpecification","valueRequired":true,"valueName":"search_term_string"}}],"inLanguage":"es"},{"@type":"Organization","@id":"https:\/\/www.sonoraenequipo.com.mx\/#organization","name":"Sonoraenequipo.com.mx","url":"https:\/\/www.sonoraenequipo.com.mx\/","logo":{"@type":"ImageObject","inLanguage":"es","@id":"https:\/\/www.sonoraenequipo.com.mx\/#\/schema\/logo\/image\/","url":"https:\/\/www.sonoraenequipo.com.mx\/storage\/2019\/01\/sonoraenequipo_opt.png","contentUrl":"https:\/\/www.sonoraenequipo.com.mx\/storage\/2019\/01\/sonoraenequipo_opt.png","width":375,"height":125,"caption":"Sonoraenequipo.com.mx"},"image":{"@id":"https:\/\/www.sonoraenequipo.com.mx\/#\/schema\/logo\/image\/"},"sameAs":["https:\/\/www.facebook.com\/SonoraEE\/","https:\/\/x.com\/sonoraenequipo","https:\/\/www.youtube.com\/channel\/UC338nW-lPEYmJQs4ZABQ1SQ"]},{"@type":"Person","@id":"https:\/\/www.sonoraenequipo.com.mx\/#\/schema\/person\/50102df0fb23a8fa9e8effad8fa81386","name":"enequipo","image":{"@type":"ImageObject","inLanguage":"es","@id":"https:\/\/www.sonoraenequipo.com.mx\/#\/schema\/person\/image\/","url":"https:\/\/secure.gravatar.com\/avatar\/049821681b589dabc0bc20695993ccebb09f5b5d4d790cd9251b97faac7c652b?s=96&d=blank&r=g","contentUrl":"https:\/\/secure.gravatar.com\/avatar\/049821681b589dabc0bc20695993ccebb09f5b5d4d790cd9251b97faac7c652b?s=96&d=blank&r=g","caption":"enequipo"},"sameAs":["https:\/\/www.facebook.com\/SonoraEE"]}]}},"jetpack_featured_media_url":"https:\/\/www.sonoraenequipo.com.mx\/storage\/2021\/05\/PAN-dice-que-es-linchamiento-lo-de-cabeza-de-vaca_opt.jpg","_links":{"self":[{"href":"https:\/\/www.sonoraenequipo.com.mx\/api\/wp\/v2\/posts\/113786","targetHints":{"allow":["GET"]}}],"collection":[{"href":"https:\/\/www.sonoraenequipo.com.mx\/api\/wp\/v2\/posts"}],"about":[{"href":"https:\/\/www.sonoraenequipo.com.mx\/api\/wp\/v2\/types\/post"}],"author":[{"embeddable":true,"href":"https:\/\/www.sonoraenequipo.com.mx\/api\/wp\/v2\/users\/1"}],"replies":[{"embeddable":true,"href":"https:\/\/www.sonoraenequipo.com.mx\/api\/wp\/v2\/comments?post=113786"}],"version-history":[{"count":1,"href":"https:\/\/www.sonoraenequipo.com.mx\/api\/wp\/v2\/posts\/113786\/revisions"}],"predecessor-version":[{"id":113788,"href":"https:\/\/www.sonoraenequipo.com.mx\/api\/wp\/v2\/posts\/113786\/revisions\/113788"}],"wp:featuredmedia":[{"embeddable":true,"href":"https:\/\/www.sonoraenequipo.com.mx\/api\/wp\/v2\/media\/113787"}],"wp:attachment":[{"href":"https:\/\/www.sonoraenequipo.com.mx\/api\/wp\/v2\/media?parent=113786"}],"wp:term":[{"taxonomy":"category","embeddable":true,"href":"https:\/\/www.sonoraenequipo.com.mx\/api\/wp\/v2\/categories?post=113786"},{"taxonomy":"post_tag","embeddable":true,"href":"https:\/\/www.sonoraenequipo.com.mx\/api\/wp\/v2\/tags?post=113786"}],"curies":[{"name":"wp","href":"https:\/\/api.w.org\/{rel}","templated":true}]}}