{"id":113789,"date":"2021-05-12T12:14:59","date_gmt":"2021-05-12T19:14:59","guid":{"rendered":"https:\/\/www.sonoraenequipo.com.mx\/?p=113789"},"modified":"2021-05-12T20:00:25","modified_gmt":"2021-05-13T03:00:25","slug":"increible-sacan-de-six-flags-a-madre-de-familia-por-usar-shorts-demasiado-cortos","status":"publish","type":"post","link":"https:\/\/www.sonoraenequipo.com.mx\/increible-sacan-de-six-flags-a-madre-de-familia-por-usar-shorts-demasiado-cortos\/","title":{"rendered":"\u00bf\u00bfIncre\u00edble!! Sacan de Six Flags a madre de familia por usar shorts &#8216;demasiado cortos&#8217;"},"content":{"rendered":"<p>OKLAHOMA, ESTADOS UNIDOS. \u2014 \u00bfCrees que la forma de vestirte te define? \u00bfCrees que hay ropa que es irrespetuosa para la mirada de los dem\u00e1s? Aunque se cre\u00eda que estas ideas anticuadas hab\u00edan sido enterradas gracias a la lucha de las mujeres, quienes buscaron quitarle atribuciones a la vestimenta, al parecer hay lugares en los que se sigue reproduciendo el machismo.<\/p>\n<p>&nbsp;<\/p>\n<p>&nbsp;<\/p>\n<p> <\/p>\n<p>&nbsp;<\/p>\n<p>Esto le pas\u00f3 a Bailey Breedlove, quien fue v\u00edctima de discriminaci\u00f3n por parte de trabajadores de Six Flags en Oklahoma, Estados Unidos. \u00bfQu\u00e9 fue lo que sucedi\u00f3? Resulta que la mujer fue sacada del parque de diversiones porque llevaba un short<em> \u00abdemasiado corto\u00bb.<\/em><\/p>\n<p>&nbsp;<\/p>\n<p>Fue a trav\u00e9s de redes sociales en donde este caso se hizo visible. Mediante una publicaci\u00f3n, la joven narr\u00f3 c\u00f3mo fue que trabajadores de Six Flags la expulsaron del lugar y la discriminaron por su forma de vestir. Extern\u00f3 que el administrador del parque de diversiones la avergonz\u00f3 y amenaz\u00f3 p\u00fablicamente por<em> \u00abusar shorts demasiado cortos\u00bb.<\/em><\/p>\n<p>&nbsp;<\/p>\n<p>&nbsp;<\/p>\n<p>De acuerdo con su testimonio, Bailey Breedlove y su familia entraron al parque de Six Flags desde las 17:00 horas. En ese momento no hubo problema alguno por su ropa. Hasta que un polic\u00eda la tom\u00f3 del brazo y le dijo que su short era demasiado corto.<\/p>\n<p>&nbsp;<\/p>\n<p>En ese momento, la mujer decidi\u00f3 ir a contarle a su pareja que tambi\u00e9n se encontraba en el parque. Explic\u00f3 que debido a que tiene autismo, el hablar con oficiales le resulta complicado. Sin embargo, lejos de que todo se arreglara, comenz\u00f3 a recibir gritos por parte del oficial, quien pidi\u00f3 refuerzos.<\/p>\n<p>&nbsp;<\/p>\n<p>&nbsp;<\/p>\n<h3><em>\u00abMi experiencia all\u00ed fue traum\u00e1tica\u00bb,<\/em> extern\u00f3 la mujer.<\/h3>\n<p>&nbsp;<\/p>\n<p>Al lugar acudi\u00f3 uno de los administradores del parque y le pidieron que se comprara otros short. Para no seguir asustando a su familia ella acept\u00f3 hacerlo. Sin embargo, las autoridades ahora la acusaron de allanamiento. Hasta que finalmente la empujaron y la sacaron de Six Flags.<\/p>\n<p>&nbsp;<\/p>\n<p>En la narraci\u00f3n de los hechos, Bailey Breedlove cont\u00f3 que adem\u00e1s la polic\u00eda quer\u00eda ver su identificaci\u00f3n oficial, la cual no entreg\u00f3 por no haber una raz\u00f3n espec\u00edfica. El tortuoso momento lo relat\u00f3 en redes sociales, donde recibi\u00f3 m\u00faltiples muestras de apoyo.<\/p>\n<p>&nbsp;<\/p>\n<p>Pidieron no discriminar a las personas por su forma de vestir, adem\u00e1s de que reforzaron que ella puede usar la ropa que le venga en gana.<\/p>\n<p><a href=\"https:\/\/www.facebook.com\/100000892997490\/videos\/4116674775038915\/\"><img loading=\"lazy\" decoding=\"async\" class=\"size-medium  x-center\" src=\"https:\/\/www.sonoraenequipo.com.mx\/storage\/2021\/05\/video-de-mama-del-sixflax_opt-355x365.jpg\" alt=\"\" width=\"355\" height=\"365\" \/><\/a><\/p>\n<p>&nbsp;<\/p>\n<p>&nbsp;<\/p>\n<p>&nbsp;<\/p>\n<p>(Publicada el 12\/05\/2021)<\/p>\n","protected":false},"excerpt":{"rendered":"<p>OKLAHOMA, ESTADOS UNIDOS. \u2014 \u00bfCrees que la forma de vestirte te define? \u00bfCrees que hay&#8230;<\/p>\n","protected":false},"author":1,"featured_media":113790,"comment_status":"open","ping_status":"open","sticky":false,"template":"","format":"standard","meta":{"_monsterinsights_skip_tracking":false,"_monsterinsights_sitenote_active":false,"_monsterinsights_sitenote_note":"","_monsterinsights_sitenote_category":0,"footnotes":""},"categories":[3],"tags":[],"class_list":["post"],"yoast_head":" \n<title>Sonora en Equipo. \u00bf\u00bfIncre\u00edble!! Sacan de Six Flags a madre de familia por usar shorts &#039;demasiado cortos&#039; MUNDO<\/title>\n<meta name=\"description\" content=\"OKLAHOMA, ESTADOS UNIDOS. \u2014 \u00bfCrees que la forma de vestirte te define? \u00bfCrees que hay ropa que es irrespetuosa para la mirada de los dem\u00e1s? Aunque se En Sonora en Equipo publicamos toda la informaci\u00f3n de Sonora, M\u00e9xico y el Mundo de manera oportuna y busca que la libertad de expresi\u00f3n sea real. Visita nuestro medio informativo publicado desde Hermosillo, Sonora. %\" \/>\n<meta name=\"robots\" content=\"index, follow, max-snippet:-1, max-image-preview:large, max-video-preview:-1\" \/>\n<link rel=\"canonical\" href=\"https:\/\/www.sonoraenequipo.com.mx\/increible-sacan-de-six-flags-a-madre-de-familia-por-usar-shorts-demasiado-cortos\/\" \/>\n<meta property=\"og:locale\" content=\"es_ES\" \/>\n<meta property=\"og:type\" content=\"article\" \/>\n<meta property=\"og:title\" content=\"Sonora en Equipo. \u00bf\u00bfIncre\u00edble!! Sacan de Six Flags a madre de familia por usar shorts &#039;demasiado cortos&#039; MUNDO\" \/>\n<meta property=\"og:description\" content=\"OKLAHOMA, ESTADOS UNIDOS. \u2014 \u00bfCrees que la forma de vestirte te define? \u00bfCrees que hay ropa que es irrespetuosa para la mirada de los dem\u00e1s? Aunque se En Sonora en Equipo publicamos toda la informaci\u00f3n de Sonora, M\u00e9xico y el Mundo de manera oportuna y busca que la libertad de expresi\u00f3n sea real. Visita nuestro medio informativo publicado desde Hermosillo, Sonora. %\" \/>\n<meta property=\"og:url\" content=\"https:\/\/www.sonoraenequipo.com.mx\/increible-sacan-de-six-flags-a-madre-de-familia-por-usar-shorts-demasiado-cortos\/\" \/>\n<meta property=\"og:site_name\" content=\"Sonora en Equipo.\" \/>\n<meta property=\"article:publisher\" content=\"https:\/\/www.facebook.com\/SonoraEE\/\" \/>\n<meta property=\"article:author\" content=\"https:\/\/www.facebook.com\/SonoraEE\" \/>\n<meta property=\"article:published_time\" content=\"2021-05-12T19:14:59+00:00\" \/>\n<meta property=\"article:modified_time\" content=\"2021-05-13T03:00:25+00:00\" \/>\n<meta property=\"og:image\" content=\"https:\/\/www.sonoraenequipo.com.mx\/storage\/2021\/05\/six-flags-mama_opt.jpg\" \/>\n\t<meta property=\"og:image:width\" content=\"700\" \/>\n\t<meta property=\"og:image:height\" content=\"368\" \/>\n\t<meta property=\"og:image:type\" content=\"image\/jpeg\" \/>\n<meta name=\"author\" content=\"enequipo\" \/>\n<meta name=\"twitter:card\" content=\"summary_large_image\" \/>\n<meta name=\"twitter:creator\" content=\"@sonoraenequipo\" \/>\n<meta name=\"twitter:site\" content=\"@sonoraenequipo\" \/>\n<meta name=\"twitter:label1\" content=\"Escrito por\" \/>\n\t<meta name=\"twitter:data1\" content=\"enequipo\" \/>\n\t<meta name=\"twitter:label2\" content=\"Tiempo de lectura\" \/>\n\t<meta name=\"twitter:data2\" content=\"2 minutos\" \/>\n<script type=\"application\/ld+json\" class=\"yoast-schema-graph\">{\"@context\":\"https:\/\/schema.org\",\"@graph\":[{\"@type\":\"Article\",\"@id\":\"https:\/\/www.sonoraenequipo.com.mx\/increible-sacan-de-six-flags-a-madre-de-familia-por-usar-shorts-demasiado-cortos\/#article\",\"isPartOf\":{\"@id\":\"https:\/\/www.sonoraenequipo.com.mx\/increible-sacan-de-six-flags-a-madre-de-familia-por-usar-shorts-demasiado-cortos\/\"},\"author\":{\"name\":\"enequipo\",\"@id\":\"https:\/\/www.sonoraenequipo.com.mx\/#\/schema\/person\/50102df0fb23a8fa9e8effad8fa81386\"},\"headline\":\"\u00bf\u00bfIncre\u00edble!! Sacan de Six Flags a madre de familia por usar shorts &#8216;demasiado cortos&#8217;\",\"datePublished\":\"2021-05-12T19:14:59+00:00\",\"dateModified\":\"2021-05-13T03:00:25+00:00\",\"mainEntityOfPage\":{\"@id\":\"https:\/\/www.sonoraenequipo.com.mx\/increible-sacan-de-six-flags-a-madre-de-familia-por-usar-shorts-demasiado-cortos\/\"},\"wordCount\":433,\"commentCount\":0,\"publisher\":{\"@id\":\"https:\/\/www.sonoraenequipo.com.mx\/#organization\"},\"image\":{\"@id\":\"https:\/\/www.sonoraenequipo.com.mx\/increible-sacan-de-six-flags-a-madre-de-familia-por-usar-shorts-demasiado-cortos\/#primaryimage\"},\"thumbnailUrl\":\"https:\/\/www.sonoraenequipo.com.mx\/storage\/2021\/05\/six-flags-mama_opt.jpg\",\"articleSection\":[\"MUNDO\"],\"inLanguage\":\"es\",\"potentialAction\":[{\"@type\":\"CommentAction\",\"name\":\"Comment\",\"target\":[\"https:\/\/www.sonoraenequipo.com.mx\/increible-sacan-de-six-flags-a-madre-de-familia-por-usar-shorts-demasiado-cortos\/#respond\"]}]},{\"@type\":\"WebPage\",\"@id\":\"https:\/\/www.sonoraenequipo.com.mx\/increible-sacan-de-six-flags-a-madre-de-familia-por-usar-shorts-demasiado-cortos\/\",\"url\":\"https:\/\/www.sonoraenequipo.com.mx\/increible-sacan-de-six-flags-a-madre-de-familia-por-usar-shorts-demasiado-cortos\/\",\"name\":\"Sonora en Equipo. \u00bf\u00bfIncre\u00edble!! Sacan de Six Flags a madre de familia por usar shorts 'demasiado cortos' MUNDO\",\"isPartOf\":{\"@id\":\"https:\/\/www.sonoraenequipo.com.mx\/#website\"},\"primaryImageOfPage\":{\"@id\":\"https:\/\/www.sonoraenequipo.com.mx\/increible-sacan-de-six-flags-a-madre-de-familia-por-usar-shorts-demasiado-cortos\/#primaryimage\"},\"image\":{\"@id\":\"https:\/\/www.sonoraenequipo.com.mx\/increible-sacan-de-six-flags-a-madre-de-familia-por-usar-shorts-demasiado-cortos\/#primaryimage\"},\"thumbnailUrl\":\"https:\/\/www.sonoraenequipo.com.mx\/storage\/2021\/05\/six-flags-mama_opt.jpg\",\"datePublished\":\"2021-05-12T19:14:59+00:00\",\"dateModified\":\"2021-05-13T03:00:25+00:00\",\"description\":\"OKLAHOMA, ESTADOS UNIDOS. \u2014 \u00bfCrees que la forma de vestirte te define? \u00bfCrees que hay ropa que es irrespetuosa para la mirada de los dem\u00e1s? Aunque se En Sonora en Equipo publicamos toda la informaci\u00f3n de Sonora, M\u00e9xico y el Mundo de manera oportuna y busca que la libertad de expresi\u00f3n sea real. Visita nuestro medio informativo publicado desde Hermosillo, Sonora. %\",\"breadcrumb\":{\"@id\":\"https:\/\/www.sonoraenequipo.com.mx\/increible-sacan-de-six-flags-a-madre-de-familia-por-usar-shorts-demasiado-cortos\/#breadcrumb\"},\"inLanguage\":\"es\",\"potentialAction\":[{\"@type\":\"ReadAction\",\"target\":[\"https:\/\/www.sonoraenequipo.com.mx\/increible-sacan-de-six-flags-a-madre-de-familia-por-usar-shorts-demasiado-cortos\/\"]}]},{\"@type\":\"ImageObject\",\"inLanguage\":\"es\",\"@id\":\"https:\/\/www.sonoraenequipo.com.mx\/increible-sacan-de-six-flags-a-madre-de-familia-por-usar-shorts-demasiado-cortos\/#primaryimage\",\"url\":\"https:\/\/www.sonoraenequipo.com.mx\/storage\/2021\/05\/six-flags-mama_opt.jpg\",\"contentUrl\":\"https:\/\/www.sonoraenequipo.com.mx\/storage\/2021\/05\/six-flags-mama_opt.jpg\",\"width\":700,\"height\":368},{\"@type\":\"BreadcrumbList\",\"@id\":\"https:\/\/www.sonoraenequipo.com.mx\/increible-sacan-de-six-flags-a-madre-de-familia-por-usar-shorts-demasiado-cortos\/#breadcrumb\",\"itemListElement\":[{\"@type\":\"ListItem\",\"position\":1,\"name\":\"Portada\",\"item\":\"https:\/\/www.sonoraenequipo.com.mx\/\"},{\"@type\":\"ListItem\",\"position\":2,\"name\":\"\u00bf\u00bfIncre\u00edble!! Sacan de Six Flags a madre de familia por usar shorts &#8216;demasiado cortos&#8217;\"}]},{\"@type\":\"WebSite\",\"@id\":\"https:\/\/www.sonoraenequipo.com.mx\/#website\",\"url\":\"https:\/\/www.sonoraenequipo.com.mx\/\",\"name\":\"Sonora en Equipo.\",\"description\":\"Diario en l\u00ednea con Noticias desde Hermosillo, Sonora\",\"publisher\":{\"@id\":\"https:\/\/www.sonoraenequipo.com.mx\/#organization\"},\"potentialAction\":[{\"@type\":\"SearchAction\",\"target\":{\"@type\":\"EntryPoint\",\"urlTemplate\":\"https:\/\/www.sonoraenequipo.com.mx\/?s={search_term_string}\"},\"query-input\":{\"@type\":\"PropertyValueSpecification\",\"valueRequired\":true,\"valueName\":\"search_term_string\"}}],\"inLanguage\":\"es\"},{\"@type\":\"Organization\",\"@id\":\"https:\/\/www.sonoraenequipo.com.mx\/#organization\",\"name\":\"Sonoraenequipo.com.mx\",\"url\":\"https:\/\/www.sonoraenequipo.com.mx\/\",\"logo\":{\"@type\":\"ImageObject\",\"inLanguage\":\"es\",\"@id\":\"https:\/\/www.sonoraenequipo.com.mx\/#\/schema\/logo\/image\/\",\"url\":\"https:\/\/www.sonoraenequipo.com.mx\/storage\/2019\/01\/sonoraenequipo_opt.png\",\"contentUrl\":\"https:\/\/www.sonoraenequipo.com.mx\/storage\/2019\/01\/sonoraenequipo_opt.png\",\"width\":375,\"height\":125,\"caption\":\"Sonoraenequipo.com.mx\"},\"image\":{\"@id\":\"https:\/\/www.sonoraenequipo.com.mx\/#\/schema\/logo\/image\/\"},\"sameAs\":[\"https:\/\/www.facebook.com\/SonoraEE\/\",\"https:\/\/x.com\/sonoraenequipo\",\"https:\/\/www.youtube.com\/channel\/UC338nW-lPEYmJQs4ZABQ1SQ\"]},{\"@type\":\"Person\",\"@id\":\"https:\/\/www.sonoraenequipo.com.mx\/#\/schema\/person\/50102df0fb23a8fa9e8effad8fa81386\",\"name\":\"enequipo\",\"image\":{\"@type\":\"ImageObject\",\"inLanguage\":\"es\",\"@id\":\"https:\/\/www.sonoraenequipo.com.mx\/#\/schema\/person\/image\/\",\"url\":\"https:\/\/secure.gravatar.com\/avatar\/049821681b589dabc0bc20695993ccebb09f5b5d4d790cd9251b97faac7c652b?s=96&d=blank&r=g\",\"contentUrl\":\"https:\/\/secure.gravatar.com\/avatar\/049821681b589dabc0bc20695993ccebb09f5b5d4d790cd9251b97faac7c652b?s=96&d=blank&r=g\",\"caption\":\"enequipo\"},\"sameAs\":[\"https:\/\/www.facebook.com\/SonoraEE\"]}]}<\/script>\n ","yoast_head_json":{"title":"Sonora en Equipo. \u00bf\u00bfIncre\u00edble!! Sacan de Six Flags a madre de familia por usar shorts 'demasiado cortos' MUNDO","description":"OKLAHOMA, ESTADOS UNIDOS. \u2014 \u00bfCrees que la forma de vestirte te define? \u00bfCrees que hay ropa que es irrespetuosa para la mirada de los dem\u00e1s? Aunque se En Sonora en Equipo publicamos toda la informaci\u00f3n de Sonora, M\u00e9xico y el Mundo de manera oportuna y busca que la libertad de expresi\u00f3n sea real. Visita nuestro medio informativo publicado desde Hermosillo, Sonora. %","robots":{"index":"index","follow":"follow","max-snippet":"max-snippet:-1","max-image-preview":"max-image-preview:large","max-video-preview":"max-video-preview:-1"},"canonical":"https:\/\/www.sonoraenequipo.com.mx\/increible-sacan-de-six-flags-a-madre-de-familia-por-usar-shorts-demasiado-cortos\/","og_locale":"es_ES","og_type":"article","og_title":"Sonora en Equipo. \u00bf\u00bfIncre\u00edble!! Sacan de Six Flags a madre de familia por usar shorts 'demasiado cortos' MUNDO","og_description":"OKLAHOMA, ESTADOS UNIDOS. \u2014 \u00bfCrees que la forma de vestirte te define? \u00bfCrees que hay ropa que es irrespetuosa para la mirada de los dem\u00e1s? Aunque se En Sonora en Equipo publicamos toda la informaci\u00f3n de Sonora, M\u00e9xico y el Mundo de manera oportuna y busca que la libertad de expresi\u00f3n sea real. Visita nuestro medio informativo publicado desde Hermosillo, Sonora. %","og_url":"https:\/\/www.sonoraenequipo.com.mx\/increible-sacan-de-six-flags-a-madre-de-familia-por-usar-shorts-demasiado-cortos\/","og_site_name":"Sonora en Equipo.","article_publisher":"https:\/\/www.facebook.com\/SonoraEE\/","article_author":"https:\/\/www.facebook.com\/SonoraEE","article_published_time":"2021-05-12T19:14:59+00:00","article_modified_time":"2021-05-13T03:00:25+00:00","og_image":[{"width":700,"height":368,"url":"https:\/\/www.sonoraenequipo.com.mx\/storage\/2021\/05\/six-flags-mama_opt.jpg","type":"image\/jpeg"}],"author":"enequipo","twitter_card":"summary_large_image","twitter_creator":"@sonoraenequipo","twitter_site":"@sonoraenequipo","twitter_misc":{"Escrito por":"enequipo","Tiempo de lectura":"2 minutos"},"schema":{"@context":"https:\/\/schema.org","@graph":[{"@type":"Article","@id":"https:\/\/www.sonoraenequipo.com.mx\/increible-sacan-de-six-flags-a-madre-de-familia-por-usar-shorts-demasiado-cortos\/#article","isPartOf":{"@id":"https:\/\/www.sonoraenequipo.com.mx\/increible-sacan-de-six-flags-a-madre-de-familia-por-usar-shorts-demasiado-cortos\/"},"author":{"name":"enequipo","@id":"https:\/\/www.sonoraenequipo.com.mx\/#\/schema\/person\/50102df0fb23a8fa9e8effad8fa81386"},"headline":"\u00bf\u00bfIncre\u00edble!! Sacan de Six Flags a madre de familia por usar shorts &#8216;demasiado cortos&#8217;","datePublished":"2021-05-12T19:14:59+00:00","dateModified":"2021-05-13T03:00:25+00:00","mainEntityOfPage":{"@id":"https:\/\/www.sonoraenequipo.com.mx\/increible-sacan-de-six-flags-a-madre-de-familia-por-usar-shorts-demasiado-cortos\/"},"wordCount":433,"commentCount":0,"publisher":{"@id":"https:\/\/www.sonoraenequipo.com.mx\/#organization"},"image":{"@id":"https:\/\/www.sonoraenequipo.com.mx\/increible-sacan-de-six-flags-a-madre-de-familia-por-usar-shorts-demasiado-cortos\/#primaryimage"},"thumbnailUrl":"https:\/\/www.sonoraenequipo.com.mx\/storage\/2021\/05\/six-flags-mama_opt.jpg","articleSection":["MUNDO"],"inLanguage":"es","potentialAction":[{"@type":"CommentAction","name":"Comment","target":["https:\/\/www.sonoraenequipo.com.mx\/increible-sacan-de-six-flags-a-madre-de-familia-por-usar-shorts-demasiado-cortos\/#respond"]}]},{"@type":"WebPage","@id":"https:\/\/www.sonoraenequipo.com.mx\/increible-sacan-de-six-flags-a-madre-de-familia-por-usar-shorts-demasiado-cortos\/","url":"https:\/\/www.sonoraenequipo.com.mx\/increible-sacan-de-six-flags-a-madre-de-familia-por-usar-shorts-demasiado-cortos\/","name":"Sonora en Equipo. \u00bf\u00bfIncre\u00edble!! Sacan de Six Flags a madre de familia por usar shorts 'demasiado cortos' MUNDO","isPartOf":{"@id":"https:\/\/www.sonoraenequipo.com.mx\/#website"},"primaryImageOfPage":{"@id":"https:\/\/www.sonoraenequipo.com.mx\/increible-sacan-de-six-flags-a-madre-de-familia-por-usar-shorts-demasiado-cortos\/#primaryimage"},"image":{"@id":"https:\/\/www.sonoraenequipo.com.mx\/increible-sacan-de-six-flags-a-madre-de-familia-por-usar-shorts-demasiado-cortos\/#primaryimage"},"thumbnailUrl":"https:\/\/www.sonoraenequipo.com.mx\/storage\/2021\/05\/six-flags-mama_opt.jpg","datePublished":"2021-05-12T19:14:59+00:00","dateModified":"2021-05-13T03:00:25+00:00","description":"OKLAHOMA, ESTADOS UNIDOS. \u2014 \u00bfCrees que la forma de vestirte te define? \u00bfCrees que hay ropa que es irrespetuosa para la mirada de los dem\u00e1s? Aunque se En Sonora en Equipo publicamos toda la informaci\u00f3n de Sonora, M\u00e9xico y el Mundo de manera oportuna y busca que la libertad de expresi\u00f3n sea real. Visita nuestro medio informativo publicado desde Hermosillo, Sonora. %","breadcrumb":{"@id":"https:\/\/www.sonoraenequipo.com.mx\/increible-sacan-de-six-flags-a-madre-de-familia-por-usar-shorts-demasiado-cortos\/#breadcrumb"},"inLanguage":"es","potentialAction":[{"@type":"ReadAction","target":["https:\/\/www.sonoraenequipo.com.mx\/increible-sacan-de-six-flags-a-madre-de-familia-por-usar-shorts-demasiado-cortos\/"]}]},{"@type":"ImageObject","inLanguage":"es","@id":"https:\/\/www.sonoraenequipo.com.mx\/increible-sacan-de-six-flags-a-madre-de-familia-por-usar-shorts-demasiado-cortos\/#primaryimage","url":"https:\/\/www.sonoraenequipo.com.mx\/storage\/2021\/05\/six-flags-mama_opt.jpg","contentUrl":"https:\/\/www.sonoraenequipo.com.mx\/storage\/2021\/05\/six-flags-mama_opt.jpg","width":700,"height":368},{"@type":"BreadcrumbList","@id":"https:\/\/www.sonoraenequipo.com.mx\/increible-sacan-de-six-flags-a-madre-de-familia-por-usar-shorts-demasiado-cortos\/#breadcrumb","itemListElement":[{"@type":"ListItem","position":1,"name":"Portada","item":"https:\/\/www.sonoraenequipo.com.mx\/"},{"@type":"ListItem","position":2,"name":"\u00bf\u00bfIncre\u00edble!! Sacan de Six Flags a madre de familia por usar shorts &#8216;demasiado cortos&#8217;"}]},{"@type":"WebSite","@id":"https:\/\/www.sonoraenequipo.com.mx\/#website","url":"https:\/\/www.sonoraenequipo.com.mx\/","name":"Sonora en Equipo.","description":"Diario en l\u00ednea con Noticias desde Hermosillo, Sonora","publisher":{"@id":"https:\/\/www.sonoraenequipo.com.mx\/#organization"},"potentialAction":[{"@type":"SearchAction","target":{"@type":"EntryPoint","urlTemplate":"https:\/\/www.sonoraenequipo.com.mx\/?s={search_term_string}"},"query-input":{"@type":"PropertyValueSpecification","valueRequired":true,"valueName":"search_term_string"}}],"inLanguage":"es"},{"@type":"Organization","@id":"https:\/\/www.sonoraenequipo.com.mx\/#organization","name":"Sonoraenequipo.com.mx","url":"https:\/\/www.sonoraenequipo.com.mx\/","logo":{"@type":"ImageObject","inLanguage":"es","@id":"https:\/\/www.sonoraenequipo.com.mx\/#\/schema\/logo\/image\/","url":"https:\/\/www.sonoraenequipo.com.mx\/storage\/2019\/01\/sonoraenequipo_opt.png","contentUrl":"https:\/\/www.sonoraenequipo.com.mx\/storage\/2019\/01\/sonoraenequipo_opt.png","width":375,"height":125,"caption":"Sonoraenequipo.com.mx"},"image":{"@id":"https:\/\/www.sonoraenequipo.com.mx\/#\/schema\/logo\/image\/"},"sameAs":["https:\/\/www.facebook.com\/SonoraEE\/","https:\/\/x.com\/sonoraenequipo","https:\/\/www.youtube.com\/channel\/UC338nW-lPEYmJQs4ZABQ1SQ"]},{"@type":"Person","@id":"https:\/\/www.sonoraenequipo.com.mx\/#\/schema\/person\/50102df0fb23a8fa9e8effad8fa81386","name":"enequipo","image":{"@type":"ImageObject","inLanguage":"es","@id":"https:\/\/www.sonoraenequipo.com.mx\/#\/schema\/person\/image\/","url":"https:\/\/secure.gravatar.com\/avatar\/049821681b589dabc0bc20695993ccebb09f5b5d4d790cd9251b97faac7c652b?s=96&d=blank&r=g","contentUrl":"https:\/\/secure.gravatar.com\/avatar\/049821681b589dabc0bc20695993ccebb09f5b5d4d790cd9251b97faac7c652b?s=96&d=blank&r=g","caption":"enequipo"},"sameAs":["https:\/\/www.facebook.com\/SonoraEE"]}]}},"jetpack_featured_media_url":"https:\/\/www.sonoraenequipo.com.mx\/storage\/2021\/05\/six-flags-mama_opt.jpg","_links":{"self":[{"href":"https:\/\/www.sonoraenequipo.com.mx\/api\/wp\/v2\/posts\/113789","targetHints":{"allow":["GET"]}}],"collection":[{"href":"https:\/\/www.sonoraenequipo.com.mx\/api\/wp\/v2\/posts"}],"about":[{"href":"https:\/\/www.sonoraenequipo.com.mx\/api\/wp\/v2\/types\/post"}],"author":[{"embeddable":true,"href":"https:\/\/www.sonoraenequipo.com.mx\/api\/wp\/v2\/users\/1"}],"replies":[{"embeddable":true,"href":"https:\/\/www.sonoraenequipo.com.mx\/api\/wp\/v2\/comments?post=113789"}],"version-history":[{"count":1,"href":"https:\/\/www.sonoraenequipo.com.mx\/api\/wp\/v2\/posts\/113789\/revisions"}],"predecessor-version":[{"id":113792,"href":"https:\/\/www.sonoraenequipo.com.mx\/api\/wp\/v2\/posts\/113789\/revisions\/113792"}],"wp:featuredmedia":[{"embeddable":true,"href":"https:\/\/www.sonoraenequipo.com.mx\/api\/wp\/v2\/media\/113790"}],"wp:attachment":[{"href":"https:\/\/www.sonoraenequipo.com.mx\/api\/wp\/v2\/media?parent=113789"}],"wp:term":[{"taxonomy":"category","embeddable":true,"href":"https:\/\/www.sonoraenequipo.com.mx\/api\/wp\/v2\/categories?post=113789"},{"taxonomy":"post_tag","embeddable":true,"href":"https:\/\/www.sonoraenequipo.com.mx\/api\/wp\/v2\/tags?post=113789"}],"curies":[{"name":"wp","href":"https:\/\/api.w.org\/{rel}","templated":true}]}}