{"id":113794,"date":"2021-05-12T22:03:01","date_gmt":"2021-05-13T05:03:01","guid":{"rendered":"https:\/\/www.sonoraenequipo.com.mx\/?p=113794"},"modified":"2021-05-12T21:12:01","modified_gmt":"2021-05-13T04:12:01","slug":"el-jefe-diego-pretende-provocar-al-presidente-de-mexico-llamandolo-cobarde-si-no-lo-recibe","status":"publish","type":"post","link":"https:\/\/www.sonoraenequipo.com.mx\/el-jefe-diego-pretende-provocar-al-presidente-de-mexico-llamandolo-cobarde-si-no-lo-recibe\/","title":{"rendered":"El Jefe Diego pretende provocar al presidente de M\u00e9xico."},"content":{"rendered":"<p>CIUDAD DE M\u00c9XICO. MX. \u2014 Diego Fern\u00e1ndez de Cevallos, \u2018El Jefe Diego\u2019, ret\u00f3 al presidente Andr\u00e9s Manuel L\u00f3pez Obrador a agendar una fecha en Palacio Nacional en la que pueda asistir a responder a las acusaciones que el mandatario ha hecho en su contra.<\/p>\n<p>&nbsp;<\/p>\n<p> <\/p>\n<p>&nbsp;<\/p>\n<p>Mediante una misiva difundida en sus redes sociales, \u2018El Jefe Diego\u2019 asegur\u00f3 que el mandatario le ha imputado conductas que constituyen necesariamente delitos graves, en perjuicio a su imagen.<\/p>\n<p>&nbsp;<\/p>\n<p>Entre otras cosas, dijo Fern\u00e1ndez de Cevallos, AMLO afirm\u00f3 que el pol\u00edtico forma parte de un grupo opositor financiado por el gobierno estadounidense, y que busca evitar que los recursos p\u00fablicos se apliquen en beneficio de la ciudadan\u00eda.<\/p>\n<p>Desde este panorama, ret\u00f3 al presidente a darle una fecha para abordar personalmente el tema:<\/p>\n<h3>\u201cSe\u00f1ale el d\u00eda y la hora en que habr\u00e9 de presentarme en Palacio Nacional para escuchar de su voz tales cargos y las pruebas que lo sustenten\u201d.<\/h3>\n<p>Esto, con el objetivo de \u201c<em>escuchar de su voz tales cargos y las pruebas que los sustenten, d\u00e1ndome la oportunidad de responderle\u201d.<\/em><\/p>\n<p>A\u00f1adi\u00f3 que, en caso de que el presidente acepte su petici\u00f3n, quedar\u00e1 como <em>\u201chombre y gobernante que sostiene y justifica su palabra\u201d,<\/em> de lo contrario, <em>\u201cy si no se retracta, yo dar\u00e9 un paso adelante, y usted resultar\u00e1 simplemente un difamador cobarde que denigra a M\u00e9xico en la presidencia\u201d.<\/em><\/p>\n<p>&nbsp;<\/p>\n<p>(Publicada el 12\/05\/2021)<\/p>\n","protected":false},"excerpt":{"rendered":"<p>CIUDAD DE M\u00c9XICO. MX. \u2014 Diego Fern\u00e1ndez de Cevallos, \u2018El Jefe Diego\u2019, ret\u00f3 al presidente&#8230;<\/p>\n","protected":false},"author":1,"featured_media":113801,"comment_status":"open","ping_status":"open","sticky":false,"template":"","format":"standard","meta":{"_monsterinsights_skip_tracking":false,"_monsterinsights_sitenote_active":false,"_monsterinsights_sitenote_note":"","_monsterinsights_sitenote_category":0,"footnotes":""},"categories":[5],"tags":[],"class_list":["post"],"yoast_head":" \n<title>Sonora en Equipo. El Jefe Diego pretende provocar al presidente de M\u00e9xico. Rep\u00fablica<\/title>\n<meta name=\"description\" content=\"CIUDAD DE M\u00c9XICO. MX. \u2014 Diego Fern\u00e1ndez de Cevallos, \u2018El Jefe Diego\u2019, ret\u00f3 al presidente Andr\u00e9s Manuel L\u00f3pez Obrador a agendar una fecha en Palacio En Sonora en Equipo publicamos toda la informaci\u00f3n de Sonora, M\u00e9xico y el Mundo de manera oportuna y busca que la libertad de expresi\u00f3n sea real. Visita nuestro medio informativo publicado desde Hermosillo, Sonora. %\" \/>\n<meta name=\"robots\" content=\"index, follow, max-snippet:-1, max-image-preview:large, max-video-preview:-1\" \/>\n<link rel=\"canonical\" href=\"https:\/\/www.sonoraenequipo.com.mx\/el-jefe-diego-pretende-provocar-al-presidente-de-mexico-llamandolo-cobarde-si-no-lo-recibe\/\" \/>\n<meta property=\"og:locale\" content=\"es_ES\" \/>\n<meta property=\"og:type\" content=\"article\" \/>\n<meta property=\"og:title\" content=\"Sonora en Equipo. El Jefe Diego pretende provocar al presidente de M\u00e9xico. Rep\u00fablica\" \/>\n<meta property=\"og:description\" content=\"CIUDAD DE M\u00c9XICO. MX. \u2014 Diego Fern\u00e1ndez de Cevallos, \u2018El Jefe Diego\u2019, ret\u00f3 al presidente Andr\u00e9s Manuel L\u00f3pez Obrador a agendar una fecha en Palacio En Sonora en Equipo publicamos toda la informaci\u00f3n de Sonora, M\u00e9xico y el Mundo de manera oportuna y busca que la libertad de expresi\u00f3n sea real. Visita nuestro medio informativo publicado desde Hermosillo, Sonora. %\" \/>\n<meta property=\"og:url\" content=\"https:\/\/www.sonoraenequipo.com.mx\/el-jefe-diego-pretende-provocar-al-presidente-de-mexico-llamandolo-cobarde-si-no-lo-recibe\/\" \/>\n<meta property=\"og:site_name\" content=\"Sonora en Equipo.\" \/>\n<meta property=\"article:publisher\" content=\"https:\/\/www.facebook.com\/SonoraEE\/\" \/>\n<meta property=\"article:author\" content=\"https:\/\/www.facebook.com\/SonoraEE\" \/>\n<meta property=\"article:published_time\" content=\"2021-05-13T05:03:01+00:00\" \/>\n<meta property=\"og:image\" content=\"https:\/\/www.sonoraenequipo.com.mx\/storage\/2021\/05\/fernandez_cevallos_amlo_opt.jpg\" \/>\n\t<meta property=\"og:image:width\" content=\"806\" \/>\n\t<meta property=\"og:image:height\" content=\"497\" \/>\n\t<meta property=\"og:image:type\" content=\"image\/jpeg\" \/>\n<meta name=\"author\" content=\"enequipo\" \/>\n<meta name=\"twitter:card\" content=\"summary_large_image\" \/>\n<meta name=\"twitter:creator\" content=\"@sonoraenequipo\" \/>\n<meta name=\"twitter:site\" content=\"@sonoraenequipo\" \/>\n<meta name=\"twitter:label1\" content=\"Escrito por\" \/>\n\t<meta name=\"twitter:data1\" content=\"enequipo\" \/>\n\t<meta name=\"twitter:label2\" content=\"Tiempo de lectura\" \/>\n\t<meta name=\"twitter:data2\" content=\"1 minuto\" \/>\n<script type=\"application\/ld+json\" class=\"yoast-schema-graph\">{\"@context\":\"https:\/\/schema.org\",\"@graph\":[{\"@type\":\"Article\",\"@id\":\"https:\/\/www.sonoraenequipo.com.mx\/el-jefe-diego-pretende-provocar-al-presidente-de-mexico-llamandolo-cobarde-si-no-lo-recibe\/#article\",\"isPartOf\":{\"@id\":\"https:\/\/www.sonoraenequipo.com.mx\/el-jefe-diego-pretende-provocar-al-presidente-de-mexico-llamandolo-cobarde-si-no-lo-recibe\/\"},\"author\":{\"name\":\"enequipo\",\"@id\":\"https:\/\/www.sonoraenequipo.com.mx\/#\/schema\/person\/50102df0fb23a8fa9e8effad8fa81386\"},\"headline\":\"El Jefe Diego pretende provocar al presidente de M\u00e9xico.\",\"datePublished\":\"2021-05-13T05:03:01+00:00\",\"mainEntityOfPage\":{\"@id\":\"https:\/\/www.sonoraenequipo.com.mx\/el-jefe-diego-pretende-provocar-al-presidente-de-mexico-llamandolo-cobarde-si-no-lo-recibe\/\"},\"wordCount\":253,\"commentCount\":0,\"publisher\":{\"@id\":\"https:\/\/www.sonoraenequipo.com.mx\/#organization\"},\"image\":{\"@id\":\"https:\/\/www.sonoraenequipo.com.mx\/el-jefe-diego-pretende-provocar-al-presidente-de-mexico-llamandolo-cobarde-si-no-lo-recibe\/#primaryimage\"},\"thumbnailUrl\":\"https:\/\/www.sonoraenequipo.com.mx\/storage\/2021\/05\/fernandez_cevallos_amlo_opt.jpg\",\"articleSection\":[\"Rep\u00fablica\"],\"inLanguage\":\"es\",\"potentialAction\":[{\"@type\":\"CommentAction\",\"name\":\"Comment\",\"target\":[\"https:\/\/www.sonoraenequipo.com.mx\/el-jefe-diego-pretende-provocar-al-presidente-de-mexico-llamandolo-cobarde-si-no-lo-recibe\/#respond\"]}]},{\"@type\":\"WebPage\",\"@id\":\"https:\/\/www.sonoraenequipo.com.mx\/el-jefe-diego-pretende-provocar-al-presidente-de-mexico-llamandolo-cobarde-si-no-lo-recibe\/\",\"url\":\"https:\/\/www.sonoraenequipo.com.mx\/el-jefe-diego-pretende-provocar-al-presidente-de-mexico-llamandolo-cobarde-si-no-lo-recibe\/\",\"name\":\"Sonora en Equipo. El Jefe Diego pretende provocar al presidente de M\u00e9xico. Rep\u00fablica\",\"isPartOf\":{\"@id\":\"https:\/\/www.sonoraenequipo.com.mx\/#website\"},\"primaryImageOfPage\":{\"@id\":\"https:\/\/www.sonoraenequipo.com.mx\/el-jefe-diego-pretende-provocar-al-presidente-de-mexico-llamandolo-cobarde-si-no-lo-recibe\/#primaryimage\"},\"image\":{\"@id\":\"https:\/\/www.sonoraenequipo.com.mx\/el-jefe-diego-pretende-provocar-al-presidente-de-mexico-llamandolo-cobarde-si-no-lo-recibe\/#primaryimage\"},\"thumbnailUrl\":\"https:\/\/www.sonoraenequipo.com.mx\/storage\/2021\/05\/fernandez_cevallos_amlo_opt.jpg\",\"datePublished\":\"2021-05-13T05:03:01+00:00\",\"description\":\"CIUDAD DE M\u00c9XICO. MX. \u2014 Diego Fern\u00e1ndez de Cevallos, \u2018El Jefe Diego\u2019, ret\u00f3 al presidente Andr\u00e9s Manuel L\u00f3pez Obrador a agendar una fecha en Palacio En Sonora en Equipo publicamos toda la informaci\u00f3n de Sonora, M\u00e9xico y el Mundo de manera oportuna y busca que la libertad de expresi\u00f3n sea real. Visita nuestro medio informativo publicado desde Hermosillo, Sonora. %\",\"breadcrumb\":{\"@id\":\"https:\/\/www.sonoraenequipo.com.mx\/el-jefe-diego-pretende-provocar-al-presidente-de-mexico-llamandolo-cobarde-si-no-lo-recibe\/#breadcrumb\"},\"inLanguage\":\"es\",\"potentialAction\":[{\"@type\":\"ReadAction\",\"target\":[\"https:\/\/www.sonoraenequipo.com.mx\/el-jefe-diego-pretende-provocar-al-presidente-de-mexico-llamandolo-cobarde-si-no-lo-recibe\/\"]}]},{\"@type\":\"ImageObject\",\"inLanguage\":\"es\",\"@id\":\"https:\/\/www.sonoraenequipo.com.mx\/el-jefe-diego-pretende-provocar-al-presidente-de-mexico-llamandolo-cobarde-si-no-lo-recibe\/#primaryimage\",\"url\":\"https:\/\/www.sonoraenequipo.com.mx\/storage\/2021\/05\/fernandez_cevallos_amlo_opt.jpg\",\"contentUrl\":\"https:\/\/www.sonoraenequipo.com.mx\/storage\/2021\/05\/fernandez_cevallos_amlo_opt.jpg\",\"width\":806,\"height\":497},{\"@type\":\"BreadcrumbList\",\"@id\":\"https:\/\/www.sonoraenequipo.com.mx\/el-jefe-diego-pretende-provocar-al-presidente-de-mexico-llamandolo-cobarde-si-no-lo-recibe\/#breadcrumb\",\"itemListElement\":[{\"@type\":\"ListItem\",\"position\":1,\"name\":\"Portada\",\"item\":\"https:\/\/www.sonoraenequipo.com.mx\/\"},{\"@type\":\"ListItem\",\"position\":2,\"name\":\"El Jefe Diego pretende provocar al presidente de M\u00e9xico.\"}]},{\"@type\":\"WebSite\",\"@id\":\"https:\/\/www.sonoraenequipo.com.mx\/#website\",\"url\":\"https:\/\/www.sonoraenequipo.com.mx\/\",\"name\":\"Sonora en Equipo.\",\"description\":\"Diario en l\u00ednea con Noticias desde Hermosillo, Sonora\",\"publisher\":{\"@id\":\"https:\/\/www.sonoraenequipo.com.mx\/#organization\"},\"potentialAction\":[{\"@type\":\"SearchAction\",\"target\":{\"@type\":\"EntryPoint\",\"urlTemplate\":\"https:\/\/www.sonoraenequipo.com.mx\/?s={search_term_string}\"},\"query-input\":{\"@type\":\"PropertyValueSpecification\",\"valueRequired\":true,\"valueName\":\"search_term_string\"}}],\"inLanguage\":\"es\"},{\"@type\":\"Organization\",\"@id\":\"https:\/\/www.sonoraenequipo.com.mx\/#organization\",\"name\":\"Sonoraenequipo.com.mx\",\"url\":\"https:\/\/www.sonoraenequipo.com.mx\/\",\"logo\":{\"@type\":\"ImageObject\",\"inLanguage\":\"es\",\"@id\":\"https:\/\/www.sonoraenequipo.com.mx\/#\/schema\/logo\/image\/\",\"url\":\"https:\/\/www.sonoraenequipo.com.mx\/storage\/2019\/01\/sonoraenequipo_opt.png\",\"contentUrl\":\"https:\/\/www.sonoraenequipo.com.mx\/storage\/2019\/01\/sonoraenequipo_opt.png\",\"width\":375,\"height\":125,\"caption\":\"Sonoraenequipo.com.mx\"},\"image\":{\"@id\":\"https:\/\/www.sonoraenequipo.com.mx\/#\/schema\/logo\/image\/\"},\"sameAs\":[\"https:\/\/www.facebook.com\/SonoraEE\/\",\"https:\/\/x.com\/sonoraenequipo\",\"https:\/\/www.youtube.com\/channel\/UC338nW-lPEYmJQs4ZABQ1SQ\"]},{\"@type\":\"Person\",\"@id\":\"https:\/\/www.sonoraenequipo.com.mx\/#\/schema\/person\/50102df0fb23a8fa9e8effad8fa81386\",\"name\":\"enequipo\",\"image\":{\"@type\":\"ImageObject\",\"inLanguage\":\"es\",\"@id\":\"https:\/\/www.sonoraenequipo.com.mx\/#\/schema\/person\/image\/\",\"url\":\"https:\/\/secure.gravatar.com\/avatar\/049821681b589dabc0bc20695993ccebb09f5b5d4d790cd9251b97faac7c652b?s=96&d=blank&r=g\",\"contentUrl\":\"https:\/\/secure.gravatar.com\/avatar\/049821681b589dabc0bc20695993ccebb09f5b5d4d790cd9251b97faac7c652b?s=96&d=blank&r=g\",\"caption\":\"enequipo\"},\"sameAs\":[\"https:\/\/www.facebook.com\/SonoraEE\"]}]}<\/script>\n ","yoast_head_json":{"title":"Sonora en Equipo. El Jefe Diego pretende provocar al presidente de M\u00e9xico. Rep\u00fablica","description":"CIUDAD DE M\u00c9XICO. MX. \u2014 Diego Fern\u00e1ndez de Cevallos, \u2018El Jefe Diego\u2019, ret\u00f3 al presidente Andr\u00e9s Manuel L\u00f3pez Obrador a agendar una fecha en Palacio En Sonora en Equipo publicamos toda la informaci\u00f3n de Sonora, M\u00e9xico y el Mundo de manera oportuna y busca que la libertad de expresi\u00f3n sea real. Visita nuestro medio informativo publicado desde Hermosillo, Sonora. %","robots":{"index":"index","follow":"follow","max-snippet":"max-snippet:-1","max-image-preview":"max-image-preview:large","max-video-preview":"max-video-preview:-1"},"canonical":"https:\/\/www.sonoraenequipo.com.mx\/el-jefe-diego-pretende-provocar-al-presidente-de-mexico-llamandolo-cobarde-si-no-lo-recibe\/","og_locale":"es_ES","og_type":"article","og_title":"Sonora en Equipo. El Jefe Diego pretende provocar al presidente de M\u00e9xico. Rep\u00fablica","og_description":"CIUDAD DE M\u00c9XICO. MX. \u2014 Diego Fern\u00e1ndez de Cevallos, \u2018El Jefe Diego\u2019, ret\u00f3 al presidente Andr\u00e9s Manuel L\u00f3pez Obrador a agendar una fecha en Palacio En Sonora en Equipo publicamos toda la informaci\u00f3n de Sonora, M\u00e9xico y el Mundo de manera oportuna y busca que la libertad de expresi\u00f3n sea real. Visita nuestro medio informativo publicado desde Hermosillo, Sonora. %","og_url":"https:\/\/www.sonoraenequipo.com.mx\/el-jefe-diego-pretende-provocar-al-presidente-de-mexico-llamandolo-cobarde-si-no-lo-recibe\/","og_site_name":"Sonora en Equipo.","article_publisher":"https:\/\/www.facebook.com\/SonoraEE\/","article_author":"https:\/\/www.facebook.com\/SonoraEE","article_published_time":"2021-05-13T05:03:01+00:00","og_image":[{"width":806,"height":497,"url":"https:\/\/www.sonoraenequipo.com.mx\/storage\/2021\/05\/fernandez_cevallos_amlo_opt.jpg","type":"image\/jpeg"}],"author":"enequipo","twitter_card":"summary_large_image","twitter_creator":"@sonoraenequipo","twitter_site":"@sonoraenequipo","twitter_misc":{"Escrito por":"enequipo","Tiempo de lectura":"1 minuto"},"schema":{"@context":"https:\/\/schema.org","@graph":[{"@type":"Article","@id":"https:\/\/www.sonoraenequipo.com.mx\/el-jefe-diego-pretende-provocar-al-presidente-de-mexico-llamandolo-cobarde-si-no-lo-recibe\/#article","isPartOf":{"@id":"https:\/\/www.sonoraenequipo.com.mx\/el-jefe-diego-pretende-provocar-al-presidente-de-mexico-llamandolo-cobarde-si-no-lo-recibe\/"},"author":{"name":"enequipo","@id":"https:\/\/www.sonoraenequipo.com.mx\/#\/schema\/person\/50102df0fb23a8fa9e8effad8fa81386"},"headline":"El Jefe Diego pretende provocar al presidente de M\u00e9xico.","datePublished":"2021-05-13T05:03:01+00:00","mainEntityOfPage":{"@id":"https:\/\/www.sonoraenequipo.com.mx\/el-jefe-diego-pretende-provocar-al-presidente-de-mexico-llamandolo-cobarde-si-no-lo-recibe\/"},"wordCount":253,"commentCount":0,"publisher":{"@id":"https:\/\/www.sonoraenequipo.com.mx\/#organization"},"image":{"@id":"https:\/\/www.sonoraenequipo.com.mx\/el-jefe-diego-pretende-provocar-al-presidente-de-mexico-llamandolo-cobarde-si-no-lo-recibe\/#primaryimage"},"thumbnailUrl":"https:\/\/www.sonoraenequipo.com.mx\/storage\/2021\/05\/fernandez_cevallos_amlo_opt.jpg","articleSection":["Rep\u00fablica"],"inLanguage":"es","potentialAction":[{"@type":"CommentAction","name":"Comment","target":["https:\/\/www.sonoraenequipo.com.mx\/el-jefe-diego-pretende-provocar-al-presidente-de-mexico-llamandolo-cobarde-si-no-lo-recibe\/#respond"]}]},{"@type":"WebPage","@id":"https:\/\/www.sonoraenequipo.com.mx\/el-jefe-diego-pretende-provocar-al-presidente-de-mexico-llamandolo-cobarde-si-no-lo-recibe\/","url":"https:\/\/www.sonoraenequipo.com.mx\/el-jefe-diego-pretende-provocar-al-presidente-de-mexico-llamandolo-cobarde-si-no-lo-recibe\/","name":"Sonora en Equipo. El Jefe Diego pretende provocar al presidente de M\u00e9xico. Rep\u00fablica","isPartOf":{"@id":"https:\/\/www.sonoraenequipo.com.mx\/#website"},"primaryImageOfPage":{"@id":"https:\/\/www.sonoraenequipo.com.mx\/el-jefe-diego-pretende-provocar-al-presidente-de-mexico-llamandolo-cobarde-si-no-lo-recibe\/#primaryimage"},"image":{"@id":"https:\/\/www.sonoraenequipo.com.mx\/el-jefe-diego-pretende-provocar-al-presidente-de-mexico-llamandolo-cobarde-si-no-lo-recibe\/#primaryimage"},"thumbnailUrl":"https:\/\/www.sonoraenequipo.com.mx\/storage\/2021\/05\/fernandez_cevallos_amlo_opt.jpg","datePublished":"2021-05-13T05:03:01+00:00","description":"CIUDAD DE M\u00c9XICO. MX. \u2014 Diego Fern\u00e1ndez de Cevallos, \u2018El Jefe Diego\u2019, ret\u00f3 al presidente Andr\u00e9s Manuel L\u00f3pez Obrador a agendar una fecha en Palacio En Sonora en Equipo publicamos toda la informaci\u00f3n de Sonora, M\u00e9xico y el Mundo de manera oportuna y busca que la libertad de expresi\u00f3n sea real. Visita nuestro medio informativo publicado desde Hermosillo, Sonora. %","breadcrumb":{"@id":"https:\/\/www.sonoraenequipo.com.mx\/el-jefe-diego-pretende-provocar-al-presidente-de-mexico-llamandolo-cobarde-si-no-lo-recibe\/#breadcrumb"},"inLanguage":"es","potentialAction":[{"@type":"ReadAction","target":["https:\/\/www.sonoraenequipo.com.mx\/el-jefe-diego-pretende-provocar-al-presidente-de-mexico-llamandolo-cobarde-si-no-lo-recibe\/"]}]},{"@type":"ImageObject","inLanguage":"es","@id":"https:\/\/www.sonoraenequipo.com.mx\/el-jefe-diego-pretende-provocar-al-presidente-de-mexico-llamandolo-cobarde-si-no-lo-recibe\/#primaryimage","url":"https:\/\/www.sonoraenequipo.com.mx\/storage\/2021\/05\/fernandez_cevallos_amlo_opt.jpg","contentUrl":"https:\/\/www.sonoraenequipo.com.mx\/storage\/2021\/05\/fernandez_cevallos_amlo_opt.jpg","width":806,"height":497},{"@type":"BreadcrumbList","@id":"https:\/\/www.sonoraenequipo.com.mx\/el-jefe-diego-pretende-provocar-al-presidente-de-mexico-llamandolo-cobarde-si-no-lo-recibe\/#breadcrumb","itemListElement":[{"@type":"ListItem","position":1,"name":"Portada","item":"https:\/\/www.sonoraenequipo.com.mx\/"},{"@type":"ListItem","position":2,"name":"El Jefe Diego pretende provocar al presidente de M\u00e9xico."}]},{"@type":"WebSite","@id":"https:\/\/www.sonoraenequipo.com.mx\/#website","url":"https:\/\/www.sonoraenequipo.com.mx\/","name":"Sonora en Equipo.","description":"Diario en l\u00ednea con Noticias desde Hermosillo, Sonora","publisher":{"@id":"https:\/\/www.sonoraenequipo.com.mx\/#organization"},"potentialAction":[{"@type":"SearchAction","target":{"@type":"EntryPoint","urlTemplate":"https:\/\/www.sonoraenequipo.com.mx\/?s={search_term_string}"},"query-input":{"@type":"PropertyValueSpecification","valueRequired":true,"valueName":"search_term_string"}}],"inLanguage":"es"},{"@type":"Organization","@id":"https:\/\/www.sonoraenequipo.com.mx\/#organization","name":"Sonoraenequipo.com.mx","url":"https:\/\/www.sonoraenequipo.com.mx\/","logo":{"@type":"ImageObject","inLanguage":"es","@id":"https:\/\/www.sonoraenequipo.com.mx\/#\/schema\/logo\/image\/","url":"https:\/\/www.sonoraenequipo.com.mx\/storage\/2019\/01\/sonoraenequipo_opt.png","contentUrl":"https:\/\/www.sonoraenequipo.com.mx\/storage\/2019\/01\/sonoraenequipo_opt.png","width":375,"height":125,"caption":"Sonoraenequipo.com.mx"},"image":{"@id":"https:\/\/www.sonoraenequipo.com.mx\/#\/schema\/logo\/image\/"},"sameAs":["https:\/\/www.facebook.com\/SonoraEE\/","https:\/\/x.com\/sonoraenequipo","https:\/\/www.youtube.com\/channel\/UC338nW-lPEYmJQs4ZABQ1SQ"]},{"@type":"Person","@id":"https:\/\/www.sonoraenequipo.com.mx\/#\/schema\/person\/50102df0fb23a8fa9e8effad8fa81386","name":"enequipo","image":{"@type":"ImageObject","inLanguage":"es","@id":"https:\/\/www.sonoraenequipo.com.mx\/#\/schema\/person\/image\/","url":"https:\/\/secure.gravatar.com\/avatar\/049821681b589dabc0bc20695993ccebb09f5b5d4d790cd9251b97faac7c652b?s=96&d=blank&r=g","contentUrl":"https:\/\/secure.gravatar.com\/avatar\/049821681b589dabc0bc20695993ccebb09f5b5d4d790cd9251b97faac7c652b?s=96&d=blank&r=g","caption":"enequipo"},"sameAs":["https:\/\/www.facebook.com\/SonoraEE"]}]}},"jetpack_featured_media_url":"https:\/\/www.sonoraenequipo.com.mx\/storage\/2021\/05\/fernandez_cevallos_amlo_opt.jpg","_links":{"self":[{"href":"https:\/\/www.sonoraenequipo.com.mx\/api\/wp\/v2\/posts\/113794","targetHints":{"allow":["GET"]}}],"collection":[{"href":"https:\/\/www.sonoraenequipo.com.mx\/api\/wp\/v2\/posts"}],"about":[{"href":"https:\/\/www.sonoraenequipo.com.mx\/api\/wp\/v2\/types\/post"}],"author":[{"embeddable":true,"href":"https:\/\/www.sonoraenequipo.com.mx\/api\/wp\/v2\/users\/1"}],"replies":[{"embeddable":true,"href":"https:\/\/www.sonoraenequipo.com.mx\/api\/wp\/v2\/comments?post=113794"}],"version-history":[{"count":2,"href":"https:\/\/www.sonoraenequipo.com.mx\/api\/wp\/v2\/posts\/113794\/revisions"}],"predecessor-version":[{"id":113803,"href":"https:\/\/www.sonoraenequipo.com.mx\/api\/wp\/v2\/posts\/113794\/revisions\/113803"}],"wp:featuredmedia":[{"embeddable":true,"href":"https:\/\/www.sonoraenequipo.com.mx\/api\/wp\/v2\/media\/113801"}],"wp:attachment":[{"href":"https:\/\/www.sonoraenequipo.com.mx\/api\/wp\/v2\/media?parent=113794"}],"wp:term":[{"taxonomy":"category","embeddable":true,"href":"https:\/\/www.sonoraenequipo.com.mx\/api\/wp\/v2\/categories?post=113794"},{"taxonomy":"post_tag","embeddable":true,"href":"https:\/\/www.sonoraenequipo.com.mx\/api\/wp\/v2\/tags?post=113794"}],"curies":[{"name":"wp","href":"https:\/\/api.w.org\/{rel}","templated":true}]}}