{"id":113796,"date":"2021-05-12T19:29:29","date_gmt":"2021-05-13T02:29:29","guid":{"rendered":"https:\/\/www.sonoraenequipo.com.mx\/?p=113796"},"modified":"2021-05-12T21:13:51","modified_gmt":"2021-05-13T04:13:51","slug":"tras-vacunacion-a-maestros-se-analiza-plan-piloto-de-regreso-a-clases-presenciales-en-50-escuelas-sec","status":"publish","type":"post","link":"https:\/\/www.sonoraenequipo.com.mx\/tras-vacunacion-a-maestros-se-analiza-plan-piloto-de-regreso-a-clases-presenciales-en-50-escuelas-sec\/","title":{"rendered":"Tras vacunaci\u00f3n a maestros se analiza plan piloto de regreso a clases presenciales en 50 escuelas: SEC"},"content":{"rendered":"<p>NAVOJOA, SONORA,MX.\u2500\u2500 Despu\u00e9s de calificar como un \u00e9xito el programa de vacunaci\u00f3n al personal del sistema educativo del estado de Sonora, el secretario de Educaci\u00f3n y Cultura, V\u00edctor Guerrero Gonz\u00e1lez, indic\u00f3 que el siguiente paso es programar el regreso seguro, gradual, parcial y ordenado a clases presenciales en acuerdo con madres y padres de familia.<\/p>\n<p>&nbsp;<\/p>\n<p>El titular de la SEC supervis\u00f3 junto con Rafael S\u00e1nchez Andrade, representante de Delfina G\u00f3mez, Secretaria de Educaci\u00f3n P\u00fablica y de Jorge Armando G\u00f3mez representante de la Subsecretar\u00eda de Educaci\u00f3n Superior de la SEP, las sedes de Hermosillo, Guaymas, Cajeme y Navojoa, donde constat\u00f3 que las actividades se realizan de acuerdo a lo planeado.<\/p>\n<p>&nbsp;<\/p>\n<p>\u201cUna vez que el personal vacunado adquiera la inmunidad, estamos planeando dos acciones concretas que son el retomar algunas actividades en las escuelas no necesariamente con alumnos y seleccionar un universo de 50 escuelas en las que podamos hacer un pilotaje en donde s\u00ed acudan ni\u00f1os, pero muy reducidos los grupos para revisar y monitorear la aplicaci\u00f3n de los protocolos de seguridad de salud que nos est\u00e1 autorizando precisamente las autoridades de salud\u201d, precis\u00f3.<\/p>\n<p>&nbsp;<\/p>\n<p>Guerrero Gonz\u00e1lez record\u00f3 que hace unos d\u00edas la Gobernadora Claudia Pavlovich como Presidenta de la CONAGO sostuvo una reuni\u00f3n con los gobernadores y la Secretaria de Educaci\u00f3n, Delfina G\u00f3mez, en la que se revis\u00f3 una propuesta hecha por la Secretar\u00eda de Educaci\u00f3n para un regreso gradual, ordenado, parcial y seguro a las actividades acad\u00e9micas.<\/p>\n<p>&nbsp;<\/p>\n<p>El secretario de Educaci\u00f3n y Cultura en Sonora estim\u00f3 que este pilotaje se puede concretar en el mes de junio y estar en condiciones de regresar a clases presenciales al inicio del pr\u00f3ximo ciclo escolar, es decir, en agosto pr\u00f3ximo.<\/p>\n<p>&nbsp;<\/p>\n<p>\u201cEn ese monitoreo tenemos que identificar la corresponsabilidad de toda la comunidad escolar para el cumplimiento de estos protocolos, cumplidas estas etapas se configura la posibilidad de un regreso gradual, ordenado, pero desde luego cuidando estrictamente los protocolos de salud y que no generemos un brote a modo de contagios y que nos cierren nuevamente las puertas\u201d, subray\u00f3.<\/p>\n<p>&nbsp;<\/p>\n<p>En el recorrido por las sedes de vacunaci\u00f3n, Guerrero Gonz\u00e1lez agradeci\u00f3 el entusiasmo, la participaci\u00f3n y el compromiso del personal del sistema educativo del estado de Sonora por acudir a vacunarse el d\u00eda y la hora acordada.<\/p>\n<p>&nbsp;<\/p>\n<p>\u201cQu\u00e9 bueno que est\u00e9n aqu\u00ed, la verdad es que estamos muy emocionados de que vamos a revivir las actividades en nuestras escuelas, con la gradualidad, la prudencia y los cuidados que todos debemos de seguir\u201d, indic\u00f3.<\/p>\n<p>&nbsp;<\/p>\n<p>En todas las sedes, el titular de la SEC y sus acompa\u00f1antes recorrieron las \u00e1reas de espera, registro, aplicaci\u00f3n, observaci\u00f3n e incidencias, constatando que las actividades se realizaban de acuerdo a lo planeado.<\/p>\n<p>\u201cVamos a ir construyendo lo que sigue, no nos vamos a adelantar, no vamos a poner en riesgo lo que hemos ganado en esta materia y no vamos a poner en riesgo a nuestras comunidades escolares\u201d, subray\u00f3.<\/p>\n<p>El secretario de Educaci\u00f3n y Cultura agradeci\u00f3 al personal educativo de las sedes, a los miembros del Ej\u00e9rcito, Marina, Guardia Nacional, Secretar\u00eda de Salud, Issste, Isssteson, IMSS y Cruz Roja, por su participaci\u00f3n en esta jornada de vacunaci\u00f3n que inici\u00f3 el martes 11 y terminar\u00e1 el 14 de mayo.<\/p>\n<p>&nbsp;<\/p>\n<p>Rafael S\u00e1nchez Andrade, representante de Delfina G\u00f3mez \u00c1lvarez, secretaria de Educaci\u00f3n P\u00fablica manifest\u00f3 que esta jornada de vacunaci\u00f3n es un momento de esperanza en ese ansiado regreso a clases que han esperado durante m\u00e1s de un a\u00f1o.<\/p>\n<p>La vacuna, dijo, es uno de los requisitos, pero adem\u00e1s deben de cumplirse el que la entidad est\u00e9 en sem\u00e1foro verde y que los padres y madres de familia lleven a sus hijas e hijos a las escuelas de manera voluntaria.<\/p>\n<p>&nbsp;<\/p>\n<p>Hizo el llamado para que todos contin\u00faen haciendo las actividades que sean pertinentes realizar para tener un regreso a clases gradual y progresivo, \u201ceste es un gran momento para Sonora, para el magisterio, para ustedes\u201d, enfatiz\u00f3.<\/p>\n<p>&nbsp;<\/p>\n<p>Personal del sistema educativo de Hermosillo, Guaymas, Cajeme y Navojoa se mostraron contentos por recibir la vacuna, se\u00f1alaron que el proceso se desarroll\u00f3 de forma \u00e1gil y que es un gran avance hacia el regreso de las clases presenciales.<\/p>\n<p>Fecha de publicaci\u00f3n \u00a0mi\u00e9rcoles\/ 12\u00a0 \/ mayo \/ 2021<\/p>\n<p>&nbsp;<\/p>\n","protected":false},"excerpt":{"rendered":"<p>NAVOJOA, SONORA,MX.\u2500\u2500 Despu\u00e9s de calificar como un \u00e9xito el programa de vacunaci\u00f3n al personal del&#8230;<\/p>\n","protected":false},"author":1,"featured_media":113797,"comment_status":"open","ping_status":"open","sticky":false,"template":"","format":"standard","meta":{"_monsterinsights_skip_tracking":false,"_monsterinsights_sitenote_active":false,"_monsterinsights_sitenote_note":"","_monsterinsights_sitenote_category":0,"footnotes":""},"categories":[22],"tags":[4249,47,15],"class_list":["post"],"yoast_head":" \n<title>Sonora en Equipo. Tras vacunaci\u00f3n a maestros se analiza plan piloto de regreso a clases presenciales en 50 escuelas: SEC Sonora<\/title>\n<meta name=\"description\" content=\"NAVOJOA, SONORA,MX.\u2500\u2500 Despu\u00e9s de calificar como un \u00e9xito el programa de vacunaci\u00f3n al personal del sistema educativo del estado de Sonora, el secretario En Sonora en Equipo publicamos toda la informaci\u00f3n de Sonora, M\u00e9xico y el Mundo de manera oportuna y busca que la libertad de expresi\u00f3n sea real. Visita nuestro medio informativo publicado desde Hermosillo, Sonora. %\" \/>\n<meta name=\"robots\" content=\"index, follow, max-snippet:-1, max-image-preview:large, max-video-preview:-1\" \/>\n<link rel=\"canonical\" href=\"https:\/\/www.sonoraenequipo.com.mx\/tras-vacunacion-a-maestros-se-analiza-plan-piloto-de-regreso-a-clases-presenciales-en-50-escuelas-sec\/\" \/>\n<meta property=\"og:locale\" content=\"es_ES\" \/>\n<meta property=\"og:type\" content=\"article\" \/>\n<meta property=\"og:title\" content=\"Sonora en Equipo. Tras vacunaci\u00f3n a maestros se analiza plan piloto de regreso a clases presenciales en 50 escuelas: SEC Sonora\" \/>\n<meta property=\"og:description\" content=\"NAVOJOA, SONORA,MX.\u2500\u2500 Despu\u00e9s de calificar como un \u00e9xito el programa de vacunaci\u00f3n al personal del sistema educativo del estado de Sonora, el secretario En Sonora en Equipo publicamos toda la informaci\u00f3n de Sonora, M\u00e9xico y el Mundo de manera oportuna y busca que la libertad de expresi\u00f3n sea real. Visita nuestro medio informativo publicado desde Hermosillo, Sonora. %\" \/>\n<meta property=\"og:url\" content=\"https:\/\/www.sonoraenequipo.com.mx\/tras-vacunacion-a-maestros-se-analiza-plan-piloto-de-regreso-a-clases-presenciales-en-50-escuelas-sec\/\" \/>\n<meta property=\"og:site_name\" content=\"Sonora en Equipo.\" \/>\n<meta property=\"article:publisher\" content=\"https:\/\/www.facebook.com\/SonoraEE\/\" \/>\n<meta property=\"article:author\" content=\"https:\/\/www.facebook.com\/SonoraEE\" \/>\n<meta property=\"article:published_time\" content=\"2021-05-13T02:29:29+00:00\" \/>\n<meta property=\"article:modified_time\" content=\"2021-05-13T04:13:51+00:00\" \/>\n<meta property=\"og:image\" content=\"https:\/\/www.sonoraenequipo.com.mx\/storage\/2021\/05\/sec120521.jpg\" \/>\n\t<meta property=\"og:image:width\" content=\"500\" \/>\n\t<meta property=\"og:image:height\" content=\"300\" \/>\n\t<meta property=\"og:image:type\" content=\"image\/jpeg\" \/>\n<meta name=\"author\" content=\"enequipo\" \/>\n<meta name=\"twitter:card\" content=\"summary_large_image\" \/>\n<meta name=\"twitter:creator\" content=\"@sonoraenequipo\" \/>\n<meta name=\"twitter:site\" content=\"@sonoraenequipo\" \/>\n<meta name=\"twitter:label1\" content=\"Escrito por\" \/>\n\t<meta name=\"twitter:data1\" content=\"enequipo\" \/>\n\t<meta name=\"twitter:label2\" content=\"Tiempo de lectura\" \/>\n\t<meta name=\"twitter:data2\" content=\"4 minutos\" \/>\n<script type=\"application\/ld+json\" class=\"yoast-schema-graph\">{\"@context\":\"https:\/\/schema.org\",\"@graph\":[{\"@type\":\"Article\",\"@id\":\"https:\/\/www.sonoraenequipo.com.mx\/tras-vacunacion-a-maestros-se-analiza-plan-piloto-de-regreso-a-clases-presenciales-en-50-escuelas-sec\/#article\",\"isPartOf\":{\"@id\":\"https:\/\/www.sonoraenequipo.com.mx\/tras-vacunacion-a-maestros-se-analiza-plan-piloto-de-regreso-a-clases-presenciales-en-50-escuelas-sec\/\"},\"author\":{\"name\":\"enequipo\",\"@id\":\"https:\/\/www.sonoraenequipo.com.mx\/#\/schema\/person\/50102df0fb23a8fa9e8effad8fa81386\"},\"headline\":\"Tras vacunaci\u00f3n a maestros se analiza plan piloto de regreso a clases presenciales en 50 escuelas: SEC\",\"datePublished\":\"2021-05-13T02:29:29+00:00\",\"dateModified\":\"2021-05-13T04:13:51+00:00\",\"mainEntityOfPage\":{\"@id\":\"https:\/\/www.sonoraenequipo.com.mx\/tras-vacunacion-a-maestros-se-analiza-plan-piloto-de-regreso-a-clases-presenciales-en-50-escuelas-sec\/\"},\"wordCount\":763,\"commentCount\":0,\"publisher\":{\"@id\":\"https:\/\/www.sonoraenequipo.com.mx\/#organization\"},\"image\":{\"@id\":\"https:\/\/www.sonoraenequipo.com.mx\/tras-vacunacion-a-maestros-se-analiza-plan-piloto-de-regreso-a-clases-presenciales-en-50-escuelas-sec\/#primaryimage\"},\"thumbnailUrl\":\"https:\/\/www.sonoraenequipo.com.mx\/storage\/2021\/05\/sec120521.jpg\",\"keywords\":[\"covid\",\"educaci\u00f3n\",\"Sonora\"],\"articleSection\":[\"Sonora\"],\"inLanguage\":\"es\",\"potentialAction\":[{\"@type\":\"CommentAction\",\"name\":\"Comment\",\"target\":[\"https:\/\/www.sonoraenequipo.com.mx\/tras-vacunacion-a-maestros-se-analiza-plan-piloto-de-regreso-a-clases-presenciales-en-50-escuelas-sec\/#respond\"]}]},{\"@type\":\"WebPage\",\"@id\":\"https:\/\/www.sonoraenequipo.com.mx\/tras-vacunacion-a-maestros-se-analiza-plan-piloto-de-regreso-a-clases-presenciales-en-50-escuelas-sec\/\",\"url\":\"https:\/\/www.sonoraenequipo.com.mx\/tras-vacunacion-a-maestros-se-analiza-plan-piloto-de-regreso-a-clases-presenciales-en-50-escuelas-sec\/\",\"name\":\"Sonora en Equipo. Tras vacunaci\u00f3n a maestros se analiza plan piloto de regreso a clases presenciales en 50 escuelas: SEC Sonora\",\"isPartOf\":{\"@id\":\"https:\/\/www.sonoraenequipo.com.mx\/#website\"},\"primaryImageOfPage\":{\"@id\":\"https:\/\/www.sonoraenequipo.com.mx\/tras-vacunacion-a-maestros-se-analiza-plan-piloto-de-regreso-a-clases-presenciales-en-50-escuelas-sec\/#primaryimage\"},\"image\":{\"@id\":\"https:\/\/www.sonoraenequipo.com.mx\/tras-vacunacion-a-maestros-se-analiza-plan-piloto-de-regreso-a-clases-presenciales-en-50-escuelas-sec\/#primaryimage\"},\"thumbnailUrl\":\"https:\/\/www.sonoraenequipo.com.mx\/storage\/2021\/05\/sec120521.jpg\",\"datePublished\":\"2021-05-13T02:29:29+00:00\",\"dateModified\":\"2021-05-13T04:13:51+00:00\",\"description\":\"NAVOJOA, SONORA,MX.\u2500\u2500 Despu\u00e9s de calificar como un \u00e9xito el programa de vacunaci\u00f3n al personal del sistema educativo del estado de Sonora, el secretario En Sonora en Equipo publicamos toda la informaci\u00f3n de Sonora, M\u00e9xico y el Mundo de manera oportuna y busca que la libertad de expresi\u00f3n sea real. Visita nuestro medio informativo publicado desde Hermosillo, Sonora. %\",\"breadcrumb\":{\"@id\":\"https:\/\/www.sonoraenequipo.com.mx\/tras-vacunacion-a-maestros-se-analiza-plan-piloto-de-regreso-a-clases-presenciales-en-50-escuelas-sec\/#breadcrumb\"},\"inLanguage\":\"es\",\"potentialAction\":[{\"@type\":\"ReadAction\",\"target\":[\"https:\/\/www.sonoraenequipo.com.mx\/tras-vacunacion-a-maestros-se-analiza-plan-piloto-de-regreso-a-clases-presenciales-en-50-escuelas-sec\/\"]}]},{\"@type\":\"ImageObject\",\"inLanguage\":\"es\",\"@id\":\"https:\/\/www.sonoraenequipo.com.mx\/tras-vacunacion-a-maestros-se-analiza-plan-piloto-de-regreso-a-clases-presenciales-en-50-escuelas-sec\/#primaryimage\",\"url\":\"https:\/\/www.sonoraenequipo.com.mx\/storage\/2021\/05\/sec120521.jpg\",\"contentUrl\":\"https:\/\/www.sonoraenequipo.com.mx\/storage\/2021\/05\/sec120521.jpg\",\"width\":500,\"height\":300},{\"@type\":\"BreadcrumbList\",\"@id\":\"https:\/\/www.sonoraenequipo.com.mx\/tras-vacunacion-a-maestros-se-analiza-plan-piloto-de-regreso-a-clases-presenciales-en-50-escuelas-sec\/#breadcrumb\",\"itemListElement\":[{\"@type\":\"ListItem\",\"position\":1,\"name\":\"Portada\",\"item\":\"https:\/\/www.sonoraenequipo.com.mx\/\"},{\"@type\":\"ListItem\",\"position\":2,\"name\":\"Tras vacunaci\u00f3n a maestros se analiza plan piloto de regreso a clases presenciales en 50 escuelas: SEC\"}]},{\"@type\":\"WebSite\",\"@id\":\"https:\/\/www.sonoraenequipo.com.mx\/#website\",\"url\":\"https:\/\/www.sonoraenequipo.com.mx\/\",\"name\":\"Sonora en Equipo.\",\"description\":\"Diario en l\u00ednea con Noticias desde Hermosillo, Sonora\",\"publisher\":{\"@id\":\"https:\/\/www.sonoraenequipo.com.mx\/#organization\"},\"potentialAction\":[{\"@type\":\"SearchAction\",\"target\":{\"@type\":\"EntryPoint\",\"urlTemplate\":\"https:\/\/www.sonoraenequipo.com.mx\/?s={search_term_string}\"},\"query-input\":{\"@type\":\"PropertyValueSpecification\",\"valueRequired\":true,\"valueName\":\"search_term_string\"}}],\"inLanguage\":\"es\"},{\"@type\":\"Organization\",\"@id\":\"https:\/\/www.sonoraenequipo.com.mx\/#organization\",\"name\":\"Sonoraenequipo.com.mx\",\"url\":\"https:\/\/www.sonoraenequipo.com.mx\/\",\"logo\":{\"@type\":\"ImageObject\",\"inLanguage\":\"es\",\"@id\":\"https:\/\/www.sonoraenequipo.com.mx\/#\/schema\/logo\/image\/\",\"url\":\"https:\/\/www.sonoraenequipo.com.mx\/storage\/2019\/01\/sonoraenequipo_opt.png\",\"contentUrl\":\"https:\/\/www.sonoraenequipo.com.mx\/storage\/2019\/01\/sonoraenequipo_opt.png\",\"width\":375,\"height\":125,\"caption\":\"Sonoraenequipo.com.mx\"},\"image\":{\"@id\":\"https:\/\/www.sonoraenequipo.com.mx\/#\/schema\/logo\/image\/\"},\"sameAs\":[\"https:\/\/www.facebook.com\/SonoraEE\/\",\"https:\/\/x.com\/sonoraenequipo\",\"https:\/\/www.youtube.com\/channel\/UC338nW-lPEYmJQs4ZABQ1SQ\"]},{\"@type\":\"Person\",\"@id\":\"https:\/\/www.sonoraenequipo.com.mx\/#\/schema\/person\/50102df0fb23a8fa9e8effad8fa81386\",\"name\":\"enequipo\",\"image\":{\"@type\":\"ImageObject\",\"inLanguage\":\"es\",\"@id\":\"https:\/\/www.sonoraenequipo.com.mx\/#\/schema\/person\/image\/\",\"url\":\"https:\/\/secure.gravatar.com\/avatar\/049821681b589dabc0bc20695993ccebb09f5b5d4d790cd9251b97faac7c652b?s=96&d=blank&r=g\",\"contentUrl\":\"https:\/\/secure.gravatar.com\/avatar\/049821681b589dabc0bc20695993ccebb09f5b5d4d790cd9251b97faac7c652b?s=96&d=blank&r=g\",\"caption\":\"enequipo\"},\"sameAs\":[\"https:\/\/www.facebook.com\/SonoraEE\"]}]}<\/script>\n ","yoast_head_json":{"title":"Sonora en Equipo. Tras vacunaci\u00f3n a maestros se analiza plan piloto de regreso a clases presenciales en 50 escuelas: SEC Sonora","description":"NAVOJOA, SONORA,MX.\u2500\u2500 Despu\u00e9s de calificar como un \u00e9xito el programa de vacunaci\u00f3n al personal del sistema educativo del estado de Sonora, el secretario En Sonora en Equipo publicamos toda la informaci\u00f3n de Sonora, M\u00e9xico y el Mundo de manera oportuna y busca que la libertad de expresi\u00f3n sea real. Visita nuestro medio informativo publicado desde Hermosillo, Sonora. %","robots":{"index":"index","follow":"follow","max-snippet":"max-snippet:-1","max-image-preview":"max-image-preview:large","max-video-preview":"max-video-preview:-1"},"canonical":"https:\/\/www.sonoraenequipo.com.mx\/tras-vacunacion-a-maestros-se-analiza-plan-piloto-de-regreso-a-clases-presenciales-en-50-escuelas-sec\/","og_locale":"es_ES","og_type":"article","og_title":"Sonora en Equipo. Tras vacunaci\u00f3n a maestros se analiza plan piloto de regreso a clases presenciales en 50 escuelas: SEC Sonora","og_description":"NAVOJOA, SONORA,MX.\u2500\u2500 Despu\u00e9s de calificar como un \u00e9xito el programa de vacunaci\u00f3n al personal del sistema educativo del estado de Sonora, el secretario En Sonora en Equipo publicamos toda la informaci\u00f3n de Sonora, M\u00e9xico y el Mundo de manera oportuna y busca que la libertad de expresi\u00f3n sea real. Visita nuestro medio informativo publicado desde Hermosillo, Sonora. %","og_url":"https:\/\/www.sonoraenequipo.com.mx\/tras-vacunacion-a-maestros-se-analiza-plan-piloto-de-regreso-a-clases-presenciales-en-50-escuelas-sec\/","og_site_name":"Sonora en Equipo.","article_publisher":"https:\/\/www.facebook.com\/SonoraEE\/","article_author":"https:\/\/www.facebook.com\/SonoraEE","article_published_time":"2021-05-13T02:29:29+00:00","article_modified_time":"2021-05-13T04:13:51+00:00","og_image":[{"width":500,"height":300,"url":"https:\/\/www.sonoraenequipo.com.mx\/storage\/2021\/05\/sec120521.jpg","type":"image\/jpeg"}],"author":"enequipo","twitter_card":"summary_large_image","twitter_creator":"@sonoraenequipo","twitter_site":"@sonoraenequipo","twitter_misc":{"Escrito por":"enequipo","Tiempo de lectura":"4 minutos"},"schema":{"@context":"https:\/\/schema.org","@graph":[{"@type":"Article","@id":"https:\/\/www.sonoraenequipo.com.mx\/tras-vacunacion-a-maestros-se-analiza-plan-piloto-de-regreso-a-clases-presenciales-en-50-escuelas-sec\/#article","isPartOf":{"@id":"https:\/\/www.sonoraenequipo.com.mx\/tras-vacunacion-a-maestros-se-analiza-plan-piloto-de-regreso-a-clases-presenciales-en-50-escuelas-sec\/"},"author":{"name":"enequipo","@id":"https:\/\/www.sonoraenequipo.com.mx\/#\/schema\/person\/50102df0fb23a8fa9e8effad8fa81386"},"headline":"Tras vacunaci\u00f3n a maestros se analiza plan piloto de regreso a clases presenciales en 50 escuelas: SEC","datePublished":"2021-05-13T02:29:29+00:00","dateModified":"2021-05-13T04:13:51+00:00","mainEntityOfPage":{"@id":"https:\/\/www.sonoraenequipo.com.mx\/tras-vacunacion-a-maestros-se-analiza-plan-piloto-de-regreso-a-clases-presenciales-en-50-escuelas-sec\/"},"wordCount":763,"commentCount":0,"publisher":{"@id":"https:\/\/www.sonoraenequipo.com.mx\/#organization"},"image":{"@id":"https:\/\/www.sonoraenequipo.com.mx\/tras-vacunacion-a-maestros-se-analiza-plan-piloto-de-regreso-a-clases-presenciales-en-50-escuelas-sec\/#primaryimage"},"thumbnailUrl":"https:\/\/www.sonoraenequipo.com.mx\/storage\/2021\/05\/sec120521.jpg","keywords":["covid","educaci\u00f3n","Sonora"],"articleSection":["Sonora"],"inLanguage":"es","potentialAction":[{"@type":"CommentAction","name":"Comment","target":["https:\/\/www.sonoraenequipo.com.mx\/tras-vacunacion-a-maestros-se-analiza-plan-piloto-de-regreso-a-clases-presenciales-en-50-escuelas-sec\/#respond"]}]},{"@type":"WebPage","@id":"https:\/\/www.sonoraenequipo.com.mx\/tras-vacunacion-a-maestros-se-analiza-plan-piloto-de-regreso-a-clases-presenciales-en-50-escuelas-sec\/","url":"https:\/\/www.sonoraenequipo.com.mx\/tras-vacunacion-a-maestros-se-analiza-plan-piloto-de-regreso-a-clases-presenciales-en-50-escuelas-sec\/","name":"Sonora en Equipo. Tras vacunaci\u00f3n a maestros se analiza plan piloto de regreso a clases presenciales en 50 escuelas: SEC Sonora","isPartOf":{"@id":"https:\/\/www.sonoraenequipo.com.mx\/#website"},"primaryImageOfPage":{"@id":"https:\/\/www.sonoraenequipo.com.mx\/tras-vacunacion-a-maestros-se-analiza-plan-piloto-de-regreso-a-clases-presenciales-en-50-escuelas-sec\/#primaryimage"},"image":{"@id":"https:\/\/www.sonoraenequipo.com.mx\/tras-vacunacion-a-maestros-se-analiza-plan-piloto-de-regreso-a-clases-presenciales-en-50-escuelas-sec\/#primaryimage"},"thumbnailUrl":"https:\/\/www.sonoraenequipo.com.mx\/storage\/2021\/05\/sec120521.jpg","datePublished":"2021-05-13T02:29:29+00:00","dateModified":"2021-05-13T04:13:51+00:00","description":"NAVOJOA, SONORA,MX.\u2500\u2500 Despu\u00e9s de calificar como un \u00e9xito el programa de vacunaci\u00f3n al personal del sistema educativo del estado de Sonora, el secretario En Sonora en Equipo publicamos toda la informaci\u00f3n de Sonora, M\u00e9xico y el Mundo de manera oportuna y busca que la libertad de expresi\u00f3n sea real. Visita nuestro medio informativo publicado desde Hermosillo, Sonora. %","breadcrumb":{"@id":"https:\/\/www.sonoraenequipo.com.mx\/tras-vacunacion-a-maestros-se-analiza-plan-piloto-de-regreso-a-clases-presenciales-en-50-escuelas-sec\/#breadcrumb"},"inLanguage":"es","potentialAction":[{"@type":"ReadAction","target":["https:\/\/www.sonoraenequipo.com.mx\/tras-vacunacion-a-maestros-se-analiza-plan-piloto-de-regreso-a-clases-presenciales-en-50-escuelas-sec\/"]}]},{"@type":"ImageObject","inLanguage":"es","@id":"https:\/\/www.sonoraenequipo.com.mx\/tras-vacunacion-a-maestros-se-analiza-plan-piloto-de-regreso-a-clases-presenciales-en-50-escuelas-sec\/#primaryimage","url":"https:\/\/www.sonoraenequipo.com.mx\/storage\/2021\/05\/sec120521.jpg","contentUrl":"https:\/\/www.sonoraenequipo.com.mx\/storage\/2021\/05\/sec120521.jpg","width":500,"height":300},{"@type":"BreadcrumbList","@id":"https:\/\/www.sonoraenequipo.com.mx\/tras-vacunacion-a-maestros-se-analiza-plan-piloto-de-regreso-a-clases-presenciales-en-50-escuelas-sec\/#breadcrumb","itemListElement":[{"@type":"ListItem","position":1,"name":"Portada","item":"https:\/\/www.sonoraenequipo.com.mx\/"},{"@type":"ListItem","position":2,"name":"Tras vacunaci\u00f3n a maestros se analiza plan piloto de regreso a clases presenciales en 50 escuelas: SEC"}]},{"@type":"WebSite","@id":"https:\/\/www.sonoraenequipo.com.mx\/#website","url":"https:\/\/www.sonoraenequipo.com.mx\/","name":"Sonora en Equipo.","description":"Diario en l\u00ednea con Noticias desde Hermosillo, Sonora","publisher":{"@id":"https:\/\/www.sonoraenequipo.com.mx\/#organization"},"potentialAction":[{"@type":"SearchAction","target":{"@type":"EntryPoint","urlTemplate":"https:\/\/www.sonoraenequipo.com.mx\/?s={search_term_string}"},"query-input":{"@type":"PropertyValueSpecification","valueRequired":true,"valueName":"search_term_string"}}],"inLanguage":"es"},{"@type":"Organization","@id":"https:\/\/www.sonoraenequipo.com.mx\/#organization","name":"Sonoraenequipo.com.mx","url":"https:\/\/www.sonoraenequipo.com.mx\/","logo":{"@type":"ImageObject","inLanguage":"es","@id":"https:\/\/www.sonoraenequipo.com.mx\/#\/schema\/logo\/image\/","url":"https:\/\/www.sonoraenequipo.com.mx\/storage\/2019\/01\/sonoraenequipo_opt.png","contentUrl":"https:\/\/www.sonoraenequipo.com.mx\/storage\/2019\/01\/sonoraenequipo_opt.png","width":375,"height":125,"caption":"Sonoraenequipo.com.mx"},"image":{"@id":"https:\/\/www.sonoraenequipo.com.mx\/#\/schema\/logo\/image\/"},"sameAs":["https:\/\/www.facebook.com\/SonoraEE\/","https:\/\/x.com\/sonoraenequipo","https:\/\/www.youtube.com\/channel\/UC338nW-lPEYmJQs4ZABQ1SQ"]},{"@type":"Person","@id":"https:\/\/www.sonoraenequipo.com.mx\/#\/schema\/person\/50102df0fb23a8fa9e8effad8fa81386","name":"enequipo","image":{"@type":"ImageObject","inLanguage":"es","@id":"https:\/\/www.sonoraenequipo.com.mx\/#\/schema\/person\/image\/","url":"https:\/\/secure.gravatar.com\/avatar\/049821681b589dabc0bc20695993ccebb09f5b5d4d790cd9251b97faac7c652b?s=96&d=blank&r=g","contentUrl":"https:\/\/secure.gravatar.com\/avatar\/049821681b589dabc0bc20695993ccebb09f5b5d4d790cd9251b97faac7c652b?s=96&d=blank&r=g","caption":"enequipo"},"sameAs":["https:\/\/www.facebook.com\/SonoraEE"]}]}},"jetpack_featured_media_url":"https:\/\/www.sonoraenequipo.com.mx\/storage\/2021\/05\/sec120521.jpg","_links":{"self":[{"href":"https:\/\/www.sonoraenequipo.com.mx\/api\/wp\/v2\/posts\/113796","targetHints":{"allow":["GET"]}}],"collection":[{"href":"https:\/\/www.sonoraenequipo.com.mx\/api\/wp\/v2\/posts"}],"about":[{"href":"https:\/\/www.sonoraenequipo.com.mx\/api\/wp\/v2\/types\/post"}],"author":[{"embeddable":true,"href":"https:\/\/www.sonoraenequipo.com.mx\/api\/wp\/v2\/users\/1"}],"replies":[{"embeddable":true,"href":"https:\/\/www.sonoraenequipo.com.mx\/api\/wp\/v2\/comments?post=113796"}],"version-history":[{"count":1,"href":"https:\/\/www.sonoraenequipo.com.mx\/api\/wp\/v2\/posts\/113796\/revisions"}],"predecessor-version":[{"id":113798,"href":"https:\/\/www.sonoraenequipo.com.mx\/api\/wp\/v2\/posts\/113796\/revisions\/113798"}],"wp:featuredmedia":[{"embeddable":true,"href":"https:\/\/www.sonoraenequipo.com.mx\/api\/wp\/v2\/media\/113797"}],"wp:attachment":[{"href":"https:\/\/www.sonoraenequipo.com.mx\/api\/wp\/v2\/media?parent=113796"}],"wp:term":[{"taxonomy":"category","embeddable":true,"href":"https:\/\/www.sonoraenequipo.com.mx\/api\/wp\/v2\/categories?post=113796"},{"taxonomy":"post_tag","embeddable":true,"href":"https:\/\/www.sonoraenequipo.com.mx\/api\/wp\/v2\/tags?post=113796"}],"curies":[{"name":"wp","href":"https:\/\/api.w.org\/{rel}","templated":true}]}}