{"id":113804,"date":"2021-05-12T21:28:34","date_gmt":"2021-05-13T04:28:34","guid":{"rendered":"https:\/\/www.sonoraenequipo.com.mx\/?p=113804"},"modified":"2021-05-12T21:30:10","modified_gmt":"2021-05-13T04:30:10","slug":"victor-fuentes-renuncia-candidatura-de-morena-a-alcaldia-de-monterrey","status":"publish","type":"post","link":"https:\/\/www.sonoraenequipo.com.mx\/victor-fuentes-renuncia-candidatura-de-morena-a-alcaldia-de-monterrey\/","title":{"rendered":"V\u00edctor Fuentes renuncia candidatura de Morena a alcald\u00eda de Monterrey"},"content":{"rendered":"<p>MONTERREY,NUEVO LE\u00d3N. MX. \u2014 A tres semanas de las elecciones, V\u00edctor Fuentes Sol\u00eds anunci\u00f3 su retiro como candidato de la coalici\u00f3n <em>\u2018Juntos Haremos Historia en Nuevo Le\u00f3n\u2019<\/em> de Morena a la alcald\u00eda de Monterrey, al considerar que no hay condiciones para una competencia <em>\u201csana y de altura\u201d.<\/em><\/p>\n<p>&nbsp;<\/p>\n<p> <\/p>\n<p>Mediante un comunicado, Fuentes Sol\u00eds se\u00f1al\u00f3 que desde hace mucho tiempo busc\u00f3 ser candidato del PAN sirviendo a la gubernatura de Nuevo Le\u00f3n, pero \u201c<em>la evidente intromisi\u00f3n en el partido por parte del gobernador <strong>Jaime Rodr\u00edguez \u201cel Bronco\u201d<\/strong> y otras cosas m\u00e1s que son ya del dominio p\u00fablico impidieron este noble prop\u00f3sito\u201d.<\/em><\/p>\n<p>&nbsp;<\/p>\n<p>Mencion\u00f3 que, posteriormente acept\u00f3 la invitaci\u00f3n para ir con la coalici\u00f3n <em>\u201cJuntos Haremos Historia<\/em>\u201d en calidad de ciudadano, pero en d\u00edas recientes le pidieron <em>\u201cuna preponderante identidad con uno de los partidos integrantes\u201d,<\/em> a lo que no cedi\u00f3.<\/p>\n<p>&nbsp;<\/p>\n<p><em>\u201cNunca fue el planteamiento original, de haber sido as\u00ed definitivamente no hubiera aceptado la invitaci\u00f3n como tampoco acepte la de muchos otros partidos que tuvieron a bien invitarme a ser su candidato y lo cual agradezco\u201d,<\/em> se lee en el documento.<\/p>\n<p>&nbsp;<\/p>\n<p>Ante ello, explic\u00f3 que decidi\u00f3 separarse en los mejores t\u00e9rminos, <em>\u201cdeseando que esta inadecuada pugna en las elecciones no contin\u00fae da\u00f1ando la vida p\u00fablica\u201d.<\/em><\/p>\n<p>&nbsp;<\/p>\n<p>Asimismo, manifest\u00f3 que otro de los motivos de su renuncia es que en Monterrey y en todo el pa\u00eds, se est\u00e1 entrando en una pugna est\u00e9ril, entre importantes actores del poder pol\u00edtico y econ\u00f3mico, que posiblemente llevar\u00e1n a la elecci\u00f3n a un nivel de desgaste sin precedentes donde nadie ganar\u00e1.<\/p>\n<p>&nbsp;<\/p>\n<p>Todo esto me ha llevado a la triste decisi\u00f3n de renunciar a mi candidatura por la alcald\u00eda por Monterrey, porque definitivamente no hay condiciones para una competencia sana y de altura. Hoy se ha entrado, en lugar de una competencia pareja y justa, en una desgastante situaci\u00f3n donde buscar ganar a base a presiones, mentiras, ataques, se\u00f1alamientos, guerra sucia, desacredito, denuncias, etc\u2026\u201d, asever\u00f3 el excandidato.<\/p>\n<p>&nbsp;<\/p>\n<p>Finalmente, V\u00edctor Fuentes agradeci\u00f3 a los miembros y candidatos de los diferentes partidos integrantes de la coalici\u00f3n que mostraron un buen \u00e1nimo durante sus d\u00edas en campa\u00f1a, y anunci\u00f3 que en los pr\u00f3ximos d\u00edas se reintegrar\u00e1 a sus labores como senador.<\/p>\n<p>&nbsp;<\/p>\n<p>Cabe se\u00f1alar que, la noticia de su renuncia se da dos d\u00edas despu\u00e9s del debate de los candidatos a la alcald\u00eda de dicha ciudad.<\/p>\n<p>&nbsp;<\/p>\n<p>&nbsp;<\/p>\n<p>(Publicada el 12\/05\/2021 \/ V\u00edctor Fuentes)<\/p>\n","protected":false},"excerpt":{"rendered":"<p>MONTERREY,NUEVO LE\u00d3N. MX. \u2014 A tres semanas de las elecciones, V\u00edctor Fuentes Sol\u00eds anunci\u00f3 su&#8230;<\/p>\n","protected":false},"author":1,"featured_media":113805,"comment_status":"open","ping_status":"open","sticky":false,"template":"","format":"standard","meta":{"_monsterinsights_skip_tracking":false,"_monsterinsights_sitenote_active":false,"_monsterinsights_sitenote_note":"","_monsterinsights_sitenote_category":0,"footnotes":""},"categories":[5],"tags":[],"class_list":["post"],"yoast_head":" \n<title>Sonora en Equipo. V\u00edctor Fuentes renuncia candidatura de Morena a alcald\u00eda de Monterrey Rep\u00fablica<\/title>\n<meta name=\"description\" content=\"MONTERREY,NUEVO LE\u00d3N. MX. \u2014 A tres semanas de las elecciones, V\u00edctor Fuentes Sol\u00eds anunci\u00f3 su retiro como candidato de la coalici\u00f3n \u2018Juntos Haremos En Sonora en Equipo publicamos toda la informaci\u00f3n de Sonora, M\u00e9xico y el Mundo de manera oportuna y busca que la libertad de expresi\u00f3n sea real. Visita nuestro medio informativo publicado desde Hermosillo, Sonora. %\" \/>\n<meta name=\"robots\" content=\"index, follow, max-snippet:-1, max-image-preview:large, max-video-preview:-1\" \/>\n<link rel=\"canonical\" href=\"https:\/\/www.sonoraenequipo.com.mx\/victor-fuentes-renuncia-candidatura-de-morena-a-alcaldia-de-monterrey\/\" \/>\n<meta property=\"og:locale\" content=\"es_ES\" \/>\n<meta property=\"og:type\" content=\"article\" \/>\n<meta property=\"og:title\" content=\"Sonora en Equipo. V\u00edctor Fuentes renuncia candidatura de Morena a alcald\u00eda de Monterrey Rep\u00fablica\" \/>\n<meta property=\"og:description\" content=\"MONTERREY,NUEVO LE\u00d3N. MX. \u2014 A tres semanas de las elecciones, V\u00edctor Fuentes Sol\u00eds anunci\u00f3 su retiro como candidato de la coalici\u00f3n \u2018Juntos Haremos En Sonora en Equipo publicamos toda la informaci\u00f3n de Sonora, M\u00e9xico y el Mundo de manera oportuna y busca que la libertad de expresi\u00f3n sea real. Visita nuestro medio informativo publicado desde Hermosillo, Sonora. %\" \/>\n<meta property=\"og:url\" content=\"https:\/\/www.sonoraenequipo.com.mx\/victor-fuentes-renuncia-candidatura-de-morena-a-alcaldia-de-monterrey\/\" \/>\n<meta property=\"og:site_name\" content=\"Sonora en Equipo.\" \/>\n<meta property=\"article:publisher\" content=\"https:\/\/www.facebook.com\/SonoraEE\/\" \/>\n<meta property=\"article:author\" content=\"https:\/\/www.facebook.com\/SonoraEE\" \/>\n<meta property=\"article:published_time\" content=\"2021-05-13T04:28:34+00:00\" \/>\n<meta property=\"article:modified_time\" content=\"2021-05-13T04:30:10+00:00\" \/>\n<meta property=\"og:image\" content=\"https:\/\/www.sonoraenequipo.com.mx\/storage\/2021\/05\/Victor-Fuentes_opt.jpg\" \/>\n\t<meta property=\"og:image:width\" content=\"700\" \/>\n\t<meta property=\"og:image:height\" content=\"394\" \/>\n\t<meta property=\"og:image:type\" content=\"image\/jpeg\" \/>\n<meta name=\"author\" content=\"enequipo\" \/>\n<meta name=\"twitter:card\" content=\"summary_large_image\" \/>\n<meta name=\"twitter:creator\" content=\"@sonoraenequipo\" \/>\n<meta name=\"twitter:site\" content=\"@sonoraenequipo\" \/>\n<meta name=\"twitter:label1\" content=\"Escrito por\" \/>\n\t<meta name=\"twitter:data1\" content=\"enequipo\" \/>\n\t<meta name=\"twitter:label2\" content=\"Tiempo de lectura\" \/>\n\t<meta name=\"twitter:data2\" content=\"2 minutos\" \/>\n<script type=\"application\/ld+json\" class=\"yoast-schema-graph\">{\"@context\":\"https:\/\/schema.org\",\"@graph\":[{\"@type\":\"Article\",\"@id\":\"https:\/\/www.sonoraenequipo.com.mx\/victor-fuentes-renuncia-candidatura-de-morena-a-alcaldia-de-monterrey\/#article\",\"isPartOf\":{\"@id\":\"https:\/\/www.sonoraenequipo.com.mx\/victor-fuentes-renuncia-candidatura-de-morena-a-alcaldia-de-monterrey\/\"},\"author\":{\"name\":\"enequipo\",\"@id\":\"https:\/\/www.sonoraenequipo.com.mx\/#\/schema\/person\/50102df0fb23a8fa9e8effad8fa81386\"},\"headline\":\"V\u00edctor Fuentes renuncia candidatura de Morena a alcald\u00eda de Monterrey\",\"datePublished\":\"2021-05-13T04:28:34+00:00\",\"dateModified\":\"2021-05-13T04:30:10+00:00\",\"mainEntityOfPage\":{\"@id\":\"https:\/\/www.sonoraenequipo.com.mx\/victor-fuentes-renuncia-candidatura-de-morena-a-alcaldia-de-monterrey\/\"},\"wordCount\":451,\"commentCount\":0,\"publisher\":{\"@id\":\"https:\/\/www.sonoraenequipo.com.mx\/#organization\"},\"image\":{\"@id\":\"https:\/\/www.sonoraenequipo.com.mx\/victor-fuentes-renuncia-candidatura-de-morena-a-alcaldia-de-monterrey\/#primaryimage\"},\"thumbnailUrl\":\"https:\/\/www.sonoraenequipo.com.mx\/storage\/2021\/05\/Victor-Fuentes_opt.jpg\",\"articleSection\":[\"Rep\u00fablica\"],\"inLanguage\":\"es\",\"potentialAction\":[{\"@type\":\"CommentAction\",\"name\":\"Comment\",\"target\":[\"https:\/\/www.sonoraenequipo.com.mx\/victor-fuentes-renuncia-candidatura-de-morena-a-alcaldia-de-monterrey\/#respond\"]}]},{\"@type\":\"WebPage\",\"@id\":\"https:\/\/www.sonoraenequipo.com.mx\/victor-fuentes-renuncia-candidatura-de-morena-a-alcaldia-de-monterrey\/\",\"url\":\"https:\/\/www.sonoraenequipo.com.mx\/victor-fuentes-renuncia-candidatura-de-morena-a-alcaldia-de-monterrey\/\",\"name\":\"Sonora en Equipo. V\u00edctor Fuentes renuncia candidatura de Morena a alcald\u00eda de Monterrey Rep\u00fablica\",\"isPartOf\":{\"@id\":\"https:\/\/www.sonoraenequipo.com.mx\/#website\"},\"primaryImageOfPage\":{\"@id\":\"https:\/\/www.sonoraenequipo.com.mx\/victor-fuentes-renuncia-candidatura-de-morena-a-alcaldia-de-monterrey\/#primaryimage\"},\"image\":{\"@id\":\"https:\/\/www.sonoraenequipo.com.mx\/victor-fuentes-renuncia-candidatura-de-morena-a-alcaldia-de-monterrey\/#primaryimage\"},\"thumbnailUrl\":\"https:\/\/www.sonoraenequipo.com.mx\/storage\/2021\/05\/Victor-Fuentes_opt.jpg\",\"datePublished\":\"2021-05-13T04:28:34+00:00\",\"dateModified\":\"2021-05-13T04:30:10+00:00\",\"description\":\"MONTERREY,NUEVO LE\u00d3N. MX. \u2014 A tres semanas de las elecciones, V\u00edctor Fuentes Sol\u00eds anunci\u00f3 su retiro como candidato de la coalici\u00f3n \u2018Juntos Haremos En Sonora en Equipo publicamos toda la informaci\u00f3n de Sonora, M\u00e9xico y el Mundo de manera oportuna y busca que la libertad de expresi\u00f3n sea real. Visita nuestro medio informativo publicado desde Hermosillo, Sonora. %\",\"breadcrumb\":{\"@id\":\"https:\/\/www.sonoraenequipo.com.mx\/victor-fuentes-renuncia-candidatura-de-morena-a-alcaldia-de-monterrey\/#breadcrumb\"},\"inLanguage\":\"es\",\"potentialAction\":[{\"@type\":\"ReadAction\",\"target\":[\"https:\/\/www.sonoraenequipo.com.mx\/victor-fuentes-renuncia-candidatura-de-morena-a-alcaldia-de-monterrey\/\"]}]},{\"@type\":\"ImageObject\",\"inLanguage\":\"es\",\"@id\":\"https:\/\/www.sonoraenequipo.com.mx\/victor-fuentes-renuncia-candidatura-de-morena-a-alcaldia-de-monterrey\/#primaryimage\",\"url\":\"https:\/\/www.sonoraenequipo.com.mx\/storage\/2021\/05\/Victor-Fuentes_opt.jpg\",\"contentUrl\":\"https:\/\/www.sonoraenequipo.com.mx\/storage\/2021\/05\/Victor-Fuentes_opt.jpg\",\"width\":700,\"height\":394},{\"@type\":\"BreadcrumbList\",\"@id\":\"https:\/\/www.sonoraenequipo.com.mx\/victor-fuentes-renuncia-candidatura-de-morena-a-alcaldia-de-monterrey\/#breadcrumb\",\"itemListElement\":[{\"@type\":\"ListItem\",\"position\":1,\"name\":\"Portada\",\"item\":\"https:\/\/www.sonoraenequipo.com.mx\/\"},{\"@type\":\"ListItem\",\"position\":2,\"name\":\"V\u00edctor Fuentes renuncia candidatura de Morena a alcald\u00eda de Monterrey\"}]},{\"@type\":\"WebSite\",\"@id\":\"https:\/\/www.sonoraenequipo.com.mx\/#website\",\"url\":\"https:\/\/www.sonoraenequipo.com.mx\/\",\"name\":\"Sonora en Equipo.\",\"description\":\"Diario en l\u00ednea con Noticias desde Hermosillo, Sonora\",\"publisher\":{\"@id\":\"https:\/\/www.sonoraenequipo.com.mx\/#organization\"},\"potentialAction\":[{\"@type\":\"SearchAction\",\"target\":{\"@type\":\"EntryPoint\",\"urlTemplate\":\"https:\/\/www.sonoraenequipo.com.mx\/?s={search_term_string}\"},\"query-input\":{\"@type\":\"PropertyValueSpecification\",\"valueRequired\":true,\"valueName\":\"search_term_string\"}}],\"inLanguage\":\"es\"},{\"@type\":\"Organization\",\"@id\":\"https:\/\/www.sonoraenequipo.com.mx\/#organization\",\"name\":\"Sonoraenequipo.com.mx\",\"url\":\"https:\/\/www.sonoraenequipo.com.mx\/\",\"logo\":{\"@type\":\"ImageObject\",\"inLanguage\":\"es\",\"@id\":\"https:\/\/www.sonoraenequipo.com.mx\/#\/schema\/logo\/image\/\",\"url\":\"https:\/\/www.sonoraenequipo.com.mx\/storage\/2019\/01\/sonoraenequipo_opt.png\",\"contentUrl\":\"https:\/\/www.sonoraenequipo.com.mx\/storage\/2019\/01\/sonoraenequipo_opt.png\",\"width\":375,\"height\":125,\"caption\":\"Sonoraenequipo.com.mx\"},\"image\":{\"@id\":\"https:\/\/www.sonoraenequipo.com.mx\/#\/schema\/logo\/image\/\"},\"sameAs\":[\"https:\/\/www.facebook.com\/SonoraEE\/\",\"https:\/\/x.com\/sonoraenequipo\",\"https:\/\/www.youtube.com\/channel\/UC338nW-lPEYmJQs4ZABQ1SQ\"]},{\"@type\":\"Person\",\"@id\":\"https:\/\/www.sonoraenequipo.com.mx\/#\/schema\/person\/50102df0fb23a8fa9e8effad8fa81386\",\"name\":\"enequipo\",\"image\":{\"@type\":\"ImageObject\",\"inLanguage\":\"es\",\"@id\":\"https:\/\/www.sonoraenequipo.com.mx\/#\/schema\/person\/image\/\",\"url\":\"https:\/\/secure.gravatar.com\/avatar\/049821681b589dabc0bc20695993ccebb09f5b5d4d790cd9251b97faac7c652b?s=96&d=blank&r=g\",\"contentUrl\":\"https:\/\/secure.gravatar.com\/avatar\/049821681b589dabc0bc20695993ccebb09f5b5d4d790cd9251b97faac7c652b?s=96&d=blank&r=g\",\"caption\":\"enequipo\"},\"sameAs\":[\"https:\/\/www.facebook.com\/SonoraEE\"]}]}<\/script>\n ","yoast_head_json":{"title":"Sonora en Equipo. V\u00edctor Fuentes renuncia candidatura de Morena a alcald\u00eda de Monterrey Rep\u00fablica","description":"MONTERREY,NUEVO LE\u00d3N. MX. \u2014 A tres semanas de las elecciones, V\u00edctor Fuentes Sol\u00eds anunci\u00f3 su retiro como candidato de la coalici\u00f3n \u2018Juntos Haremos En Sonora en Equipo publicamos toda la informaci\u00f3n de Sonora, M\u00e9xico y el Mundo de manera oportuna y busca que la libertad de expresi\u00f3n sea real. Visita nuestro medio informativo publicado desde Hermosillo, Sonora. %","robots":{"index":"index","follow":"follow","max-snippet":"max-snippet:-1","max-image-preview":"max-image-preview:large","max-video-preview":"max-video-preview:-1"},"canonical":"https:\/\/www.sonoraenequipo.com.mx\/victor-fuentes-renuncia-candidatura-de-morena-a-alcaldia-de-monterrey\/","og_locale":"es_ES","og_type":"article","og_title":"Sonora en Equipo. V\u00edctor Fuentes renuncia candidatura de Morena a alcald\u00eda de Monterrey Rep\u00fablica","og_description":"MONTERREY,NUEVO LE\u00d3N. MX. \u2014 A tres semanas de las elecciones, V\u00edctor Fuentes Sol\u00eds anunci\u00f3 su retiro como candidato de la coalici\u00f3n \u2018Juntos Haremos En Sonora en Equipo publicamos toda la informaci\u00f3n de Sonora, M\u00e9xico y el Mundo de manera oportuna y busca que la libertad de expresi\u00f3n sea real. Visita nuestro medio informativo publicado desde Hermosillo, Sonora. %","og_url":"https:\/\/www.sonoraenequipo.com.mx\/victor-fuentes-renuncia-candidatura-de-morena-a-alcaldia-de-monterrey\/","og_site_name":"Sonora en Equipo.","article_publisher":"https:\/\/www.facebook.com\/SonoraEE\/","article_author":"https:\/\/www.facebook.com\/SonoraEE","article_published_time":"2021-05-13T04:28:34+00:00","article_modified_time":"2021-05-13T04:30:10+00:00","og_image":[{"width":700,"height":394,"url":"https:\/\/www.sonoraenequipo.com.mx\/storage\/2021\/05\/Victor-Fuentes_opt.jpg","type":"image\/jpeg"}],"author":"enequipo","twitter_card":"summary_large_image","twitter_creator":"@sonoraenequipo","twitter_site":"@sonoraenequipo","twitter_misc":{"Escrito por":"enequipo","Tiempo de lectura":"2 minutos"},"schema":{"@context":"https:\/\/schema.org","@graph":[{"@type":"Article","@id":"https:\/\/www.sonoraenequipo.com.mx\/victor-fuentes-renuncia-candidatura-de-morena-a-alcaldia-de-monterrey\/#article","isPartOf":{"@id":"https:\/\/www.sonoraenequipo.com.mx\/victor-fuentes-renuncia-candidatura-de-morena-a-alcaldia-de-monterrey\/"},"author":{"name":"enequipo","@id":"https:\/\/www.sonoraenequipo.com.mx\/#\/schema\/person\/50102df0fb23a8fa9e8effad8fa81386"},"headline":"V\u00edctor Fuentes renuncia candidatura de Morena a alcald\u00eda de Monterrey","datePublished":"2021-05-13T04:28:34+00:00","dateModified":"2021-05-13T04:30:10+00:00","mainEntityOfPage":{"@id":"https:\/\/www.sonoraenequipo.com.mx\/victor-fuentes-renuncia-candidatura-de-morena-a-alcaldia-de-monterrey\/"},"wordCount":451,"commentCount":0,"publisher":{"@id":"https:\/\/www.sonoraenequipo.com.mx\/#organization"},"image":{"@id":"https:\/\/www.sonoraenequipo.com.mx\/victor-fuentes-renuncia-candidatura-de-morena-a-alcaldia-de-monterrey\/#primaryimage"},"thumbnailUrl":"https:\/\/www.sonoraenequipo.com.mx\/storage\/2021\/05\/Victor-Fuentes_opt.jpg","articleSection":["Rep\u00fablica"],"inLanguage":"es","potentialAction":[{"@type":"CommentAction","name":"Comment","target":["https:\/\/www.sonoraenequipo.com.mx\/victor-fuentes-renuncia-candidatura-de-morena-a-alcaldia-de-monterrey\/#respond"]}]},{"@type":"WebPage","@id":"https:\/\/www.sonoraenequipo.com.mx\/victor-fuentes-renuncia-candidatura-de-morena-a-alcaldia-de-monterrey\/","url":"https:\/\/www.sonoraenequipo.com.mx\/victor-fuentes-renuncia-candidatura-de-morena-a-alcaldia-de-monterrey\/","name":"Sonora en Equipo. V\u00edctor Fuentes renuncia candidatura de Morena a alcald\u00eda de Monterrey Rep\u00fablica","isPartOf":{"@id":"https:\/\/www.sonoraenequipo.com.mx\/#website"},"primaryImageOfPage":{"@id":"https:\/\/www.sonoraenequipo.com.mx\/victor-fuentes-renuncia-candidatura-de-morena-a-alcaldia-de-monterrey\/#primaryimage"},"image":{"@id":"https:\/\/www.sonoraenequipo.com.mx\/victor-fuentes-renuncia-candidatura-de-morena-a-alcaldia-de-monterrey\/#primaryimage"},"thumbnailUrl":"https:\/\/www.sonoraenequipo.com.mx\/storage\/2021\/05\/Victor-Fuentes_opt.jpg","datePublished":"2021-05-13T04:28:34+00:00","dateModified":"2021-05-13T04:30:10+00:00","description":"MONTERREY,NUEVO LE\u00d3N. MX. \u2014 A tres semanas de las elecciones, V\u00edctor Fuentes Sol\u00eds anunci\u00f3 su retiro como candidato de la coalici\u00f3n \u2018Juntos Haremos En Sonora en Equipo publicamos toda la informaci\u00f3n de Sonora, M\u00e9xico y el Mundo de manera oportuna y busca que la libertad de expresi\u00f3n sea real. Visita nuestro medio informativo publicado desde Hermosillo, Sonora. %","breadcrumb":{"@id":"https:\/\/www.sonoraenequipo.com.mx\/victor-fuentes-renuncia-candidatura-de-morena-a-alcaldia-de-monterrey\/#breadcrumb"},"inLanguage":"es","potentialAction":[{"@type":"ReadAction","target":["https:\/\/www.sonoraenequipo.com.mx\/victor-fuentes-renuncia-candidatura-de-morena-a-alcaldia-de-monterrey\/"]}]},{"@type":"ImageObject","inLanguage":"es","@id":"https:\/\/www.sonoraenequipo.com.mx\/victor-fuentes-renuncia-candidatura-de-morena-a-alcaldia-de-monterrey\/#primaryimage","url":"https:\/\/www.sonoraenequipo.com.mx\/storage\/2021\/05\/Victor-Fuentes_opt.jpg","contentUrl":"https:\/\/www.sonoraenequipo.com.mx\/storage\/2021\/05\/Victor-Fuentes_opt.jpg","width":700,"height":394},{"@type":"BreadcrumbList","@id":"https:\/\/www.sonoraenequipo.com.mx\/victor-fuentes-renuncia-candidatura-de-morena-a-alcaldia-de-monterrey\/#breadcrumb","itemListElement":[{"@type":"ListItem","position":1,"name":"Portada","item":"https:\/\/www.sonoraenequipo.com.mx\/"},{"@type":"ListItem","position":2,"name":"V\u00edctor Fuentes renuncia candidatura de Morena a alcald\u00eda de Monterrey"}]},{"@type":"WebSite","@id":"https:\/\/www.sonoraenequipo.com.mx\/#website","url":"https:\/\/www.sonoraenequipo.com.mx\/","name":"Sonora en Equipo.","description":"Diario en l\u00ednea con Noticias desde Hermosillo, Sonora","publisher":{"@id":"https:\/\/www.sonoraenequipo.com.mx\/#organization"},"potentialAction":[{"@type":"SearchAction","target":{"@type":"EntryPoint","urlTemplate":"https:\/\/www.sonoraenequipo.com.mx\/?s={search_term_string}"},"query-input":{"@type":"PropertyValueSpecification","valueRequired":true,"valueName":"search_term_string"}}],"inLanguage":"es"},{"@type":"Organization","@id":"https:\/\/www.sonoraenequipo.com.mx\/#organization","name":"Sonoraenequipo.com.mx","url":"https:\/\/www.sonoraenequipo.com.mx\/","logo":{"@type":"ImageObject","inLanguage":"es","@id":"https:\/\/www.sonoraenequipo.com.mx\/#\/schema\/logo\/image\/","url":"https:\/\/www.sonoraenequipo.com.mx\/storage\/2019\/01\/sonoraenequipo_opt.png","contentUrl":"https:\/\/www.sonoraenequipo.com.mx\/storage\/2019\/01\/sonoraenequipo_opt.png","width":375,"height":125,"caption":"Sonoraenequipo.com.mx"},"image":{"@id":"https:\/\/www.sonoraenequipo.com.mx\/#\/schema\/logo\/image\/"},"sameAs":["https:\/\/www.facebook.com\/SonoraEE\/","https:\/\/x.com\/sonoraenequipo","https:\/\/www.youtube.com\/channel\/UC338nW-lPEYmJQs4ZABQ1SQ"]},{"@type":"Person","@id":"https:\/\/www.sonoraenequipo.com.mx\/#\/schema\/person\/50102df0fb23a8fa9e8effad8fa81386","name":"enequipo","image":{"@type":"ImageObject","inLanguage":"es","@id":"https:\/\/www.sonoraenequipo.com.mx\/#\/schema\/person\/image\/","url":"https:\/\/secure.gravatar.com\/avatar\/049821681b589dabc0bc20695993ccebb09f5b5d4d790cd9251b97faac7c652b?s=96&d=blank&r=g","contentUrl":"https:\/\/secure.gravatar.com\/avatar\/049821681b589dabc0bc20695993ccebb09f5b5d4d790cd9251b97faac7c652b?s=96&d=blank&r=g","caption":"enequipo"},"sameAs":["https:\/\/www.facebook.com\/SonoraEE"]}]}},"jetpack_featured_media_url":"https:\/\/www.sonoraenequipo.com.mx\/storage\/2021\/05\/Victor-Fuentes_opt.jpg","_links":{"self":[{"href":"https:\/\/www.sonoraenequipo.com.mx\/api\/wp\/v2\/posts\/113804","targetHints":{"allow":["GET"]}}],"collection":[{"href":"https:\/\/www.sonoraenequipo.com.mx\/api\/wp\/v2\/posts"}],"about":[{"href":"https:\/\/www.sonoraenequipo.com.mx\/api\/wp\/v2\/types\/post"}],"author":[{"embeddable":true,"href":"https:\/\/www.sonoraenequipo.com.mx\/api\/wp\/v2\/users\/1"}],"replies":[{"embeddable":true,"href":"https:\/\/www.sonoraenequipo.com.mx\/api\/wp\/v2\/comments?post=113804"}],"version-history":[{"count":1,"href":"https:\/\/www.sonoraenequipo.com.mx\/api\/wp\/v2\/posts\/113804\/revisions"}],"predecessor-version":[{"id":113806,"href":"https:\/\/www.sonoraenequipo.com.mx\/api\/wp\/v2\/posts\/113804\/revisions\/113806"}],"wp:featuredmedia":[{"embeddable":true,"href":"https:\/\/www.sonoraenequipo.com.mx\/api\/wp\/v2\/media\/113805"}],"wp:attachment":[{"href":"https:\/\/www.sonoraenequipo.com.mx\/api\/wp\/v2\/media?parent=113804"}],"wp:term":[{"taxonomy":"category","embeddable":true,"href":"https:\/\/www.sonoraenequipo.com.mx\/api\/wp\/v2\/categories?post=113804"},{"taxonomy":"post_tag","embeddable":true,"href":"https:\/\/www.sonoraenequipo.com.mx\/api\/wp\/v2\/tags?post=113804"}],"curies":[{"name":"wp","href":"https:\/\/api.w.org\/{rel}","templated":true}]}}