{"id":113807,"date":"2021-05-12T16:22:00","date_gmt":"2021-05-12T23:22:00","guid":{"rendered":"https:\/\/www.sonoraenequipo.com.mx\/?p=113807"},"modified":"2021-05-12T21:43:56","modified_gmt":"2021-05-13T04:43:56","slug":"scjn-posterga-resolucion-de-controversia-contra-desafuero-de-cabeza-de-vaca","status":"publish","type":"post","link":"https:\/\/www.sonoraenequipo.com.mx\/scjn-posterga-resolucion-de-controversia-contra-desafuero-de-cabeza-de-vaca\/","title":{"rendered":"SCJN posterga resoluci\u00f3n de controversia contra desafuero de Cabeza de Vaca"},"content":{"rendered":"<p>CIUDAD DE M\u00c9XICO.MX. \u2014 La Suprema Corte de Justicia de la Naci\u00f3n (SCJN) posterg\u00f3 la admisi\u00f3n o desechamiento de la controversia constitucional presentada por el Congreso de Tamaulipas contra el desafuero del gobernador, Francisco Javier Garc\u00eda Cabeza de Vaca.<\/p>\n<p>&nbsp;<\/p>\n<p> <\/p>\n<p>&nbsp;<\/p>\n<p>De acuerdo con las notificaciones publicadas este mi\u00e9rcoles (12.05.2021), la Corte concedi\u00f3 un plazo de 24 horas al Congreso de Tamaulipas para que presente la documentaci\u00f3n que acredite oficialmente el cargo de la presidencia de la Mesa Directiva.<\/p>\n<p>&nbsp;<\/p>\n<p>Una vez desahogado el requerimiento, la SCJN podr\u00e1 continuar con el tr\u00e1mite de la impugnaci\u00f3n del desafuero de Garc\u00eda Cabeza de Vaca que present\u00f3 el Congreso estatal.<\/p>\n<p>Al cumplir con ese requisito, un ministro determinar\u00e1 si admite a tr\u00e1mite o desecha la controversia constitucional.<\/p>\n<p>&nbsp;<\/p>\n<p>Garc\u00eda Cabeza de Vaca es se\u00f1alado por los delitos de delincuencia organizada, operaci\u00f3n con recursos de procedencia il\u00edcita y fraude fiscal equiparado.<\/p>\n<p>&nbsp;<\/p>\n<p>El mes pasado, la C\u00e1mara de Diputados aprob\u00f3 el desafuero del mandatario tamaulipeco, con 302 votos a favor, 134 en contra y 14 abstenciones. No obstante, fue desaforado \u00fanicamente por el delito de defraudaci\u00f3n fiscal equiparada, mientras que los delitos de delincuencia organizada y operaciones con recursos de procedencia il\u00edcita no fueron acreditados.<\/p>\n<p>&nbsp;<\/p>\n<p>&nbsp;<\/p>\n<p>(Publicada el 12\/05\/2021)<\/p>\n","protected":false},"excerpt":{"rendered":"<p>CIUDAD DE M\u00c9XICO.MX. \u2014 La Suprema Corte de Justicia de la Naci\u00f3n (SCJN) posterg\u00f3 la&#8230;<\/p>\n","protected":false},"author":1,"featured_media":113808,"comment_status":"open","ping_status":"open","sticky":false,"template":"","format":"standard","meta":{"_monsterinsights_skip_tracking":false,"_monsterinsights_sitenote_active":false,"_monsterinsights_sitenote_note":"","_monsterinsights_sitenote_category":0,"footnotes":""},"categories":[5],"tags":[],"class_list":["post"],"yoast_head":" \n<title>Sonora en Equipo. SCJN posterga resoluci\u00f3n de controversia contra desafuero de Cabeza de Vaca Rep\u00fablica<\/title>\n<meta name=\"description\" content=\"CIUDAD DE M\u00c9XICO.MX. \u2014 La Suprema Corte de Justicia de la Naci\u00f3n (SCJN) posterg\u00f3 la admisi\u00f3n o desechamiento de la controversia constitucional presentada En Sonora en Equipo publicamos toda la informaci\u00f3n de Sonora, M\u00e9xico y el Mundo de manera oportuna y busca que la libertad de expresi\u00f3n sea real. Visita nuestro medio informativo publicado desde Hermosillo, Sonora. %\" \/>\n<meta name=\"robots\" content=\"index, follow, max-snippet:-1, max-image-preview:large, max-video-preview:-1\" \/>\n<link rel=\"canonical\" href=\"https:\/\/www.sonoraenequipo.com.mx\/scjn-posterga-resolucion-de-controversia-contra-desafuero-de-cabeza-de-vaca\/\" \/>\n<meta property=\"og:locale\" content=\"es_ES\" \/>\n<meta property=\"og:type\" content=\"article\" \/>\n<meta property=\"og:title\" content=\"Sonora en Equipo. SCJN posterga resoluci\u00f3n de controversia contra desafuero de Cabeza de Vaca Rep\u00fablica\" \/>\n<meta property=\"og:description\" content=\"CIUDAD DE M\u00c9XICO.MX. \u2014 La Suprema Corte de Justicia de la Naci\u00f3n (SCJN) posterg\u00f3 la admisi\u00f3n o desechamiento de la controversia constitucional presentada En Sonora en Equipo publicamos toda la informaci\u00f3n de Sonora, M\u00e9xico y el Mundo de manera oportuna y busca que la libertad de expresi\u00f3n sea real. Visita nuestro medio informativo publicado desde Hermosillo, Sonora. %\" \/>\n<meta property=\"og:url\" content=\"https:\/\/www.sonoraenequipo.com.mx\/scjn-posterga-resolucion-de-controversia-contra-desafuero-de-cabeza-de-vaca\/\" \/>\n<meta property=\"og:site_name\" content=\"Sonora en Equipo.\" \/>\n<meta property=\"article:publisher\" content=\"https:\/\/www.facebook.com\/SonoraEE\/\" \/>\n<meta property=\"article:author\" content=\"https:\/\/www.facebook.com\/SonoraEE\" \/>\n<meta property=\"article:published_time\" content=\"2021-05-12T23:22:00+00:00\" \/>\n<meta property=\"article:modified_time\" content=\"2021-05-13T04:43:56+00:00\" \/>\n<meta property=\"og:image\" content=\"https:\/\/www.sonoraenequipo.com.mx\/storage\/2021\/05\/posterga-scjn_opt.jpg\" \/>\n\t<meta property=\"og:image:width\" content=\"700\" \/>\n\t<meta property=\"og:image:height\" content=\"441\" \/>\n\t<meta property=\"og:image:type\" content=\"image\/jpeg\" \/>\n<meta name=\"author\" content=\"enequipo\" \/>\n<meta name=\"twitter:card\" content=\"summary_large_image\" \/>\n<meta name=\"twitter:creator\" content=\"@sonoraenequipo\" \/>\n<meta name=\"twitter:site\" content=\"@sonoraenequipo\" \/>\n<meta name=\"twitter:label1\" content=\"Escrito por\" \/>\n\t<meta name=\"twitter:data1\" content=\"enequipo\" \/>\n\t<meta name=\"twitter:label2\" content=\"Tiempo de lectura\" \/>\n\t<meta name=\"twitter:data2\" content=\"1 minuto\" \/>\n<script type=\"application\/ld+json\" class=\"yoast-schema-graph\">{\"@context\":\"https:\/\/schema.org\",\"@graph\":[{\"@type\":\"Article\",\"@id\":\"https:\/\/www.sonoraenequipo.com.mx\/scjn-posterga-resolucion-de-controversia-contra-desafuero-de-cabeza-de-vaca\/#article\",\"isPartOf\":{\"@id\":\"https:\/\/www.sonoraenequipo.com.mx\/scjn-posterga-resolucion-de-controversia-contra-desafuero-de-cabeza-de-vaca\/\"},\"author\":{\"name\":\"enequipo\",\"@id\":\"https:\/\/www.sonoraenequipo.com.mx\/#\/schema\/person\/50102df0fb23a8fa9e8effad8fa81386\"},\"headline\":\"SCJN posterga resoluci\u00f3n de controversia contra desafuero de Cabeza de Vaca\",\"datePublished\":\"2021-05-12T23:22:00+00:00\",\"dateModified\":\"2021-05-13T04:43:56+00:00\",\"mainEntityOfPage\":{\"@id\":\"https:\/\/www.sonoraenequipo.com.mx\/scjn-posterga-resolucion-de-controversia-contra-desafuero-de-cabeza-de-vaca\/\"},\"wordCount\":229,\"commentCount\":0,\"publisher\":{\"@id\":\"https:\/\/www.sonoraenequipo.com.mx\/#organization\"},\"image\":{\"@id\":\"https:\/\/www.sonoraenequipo.com.mx\/scjn-posterga-resolucion-de-controversia-contra-desafuero-de-cabeza-de-vaca\/#primaryimage\"},\"thumbnailUrl\":\"https:\/\/www.sonoraenequipo.com.mx\/storage\/2021\/05\/posterga-scjn_opt.jpg\",\"articleSection\":[\"Rep\u00fablica\"],\"inLanguage\":\"es\",\"potentialAction\":[{\"@type\":\"CommentAction\",\"name\":\"Comment\",\"target\":[\"https:\/\/www.sonoraenequipo.com.mx\/scjn-posterga-resolucion-de-controversia-contra-desafuero-de-cabeza-de-vaca\/#respond\"]}]},{\"@type\":\"WebPage\",\"@id\":\"https:\/\/www.sonoraenequipo.com.mx\/scjn-posterga-resolucion-de-controversia-contra-desafuero-de-cabeza-de-vaca\/\",\"url\":\"https:\/\/www.sonoraenequipo.com.mx\/scjn-posterga-resolucion-de-controversia-contra-desafuero-de-cabeza-de-vaca\/\",\"name\":\"Sonora en Equipo. SCJN posterga resoluci\u00f3n de controversia contra desafuero de Cabeza de Vaca Rep\u00fablica\",\"isPartOf\":{\"@id\":\"https:\/\/www.sonoraenequipo.com.mx\/#website\"},\"primaryImageOfPage\":{\"@id\":\"https:\/\/www.sonoraenequipo.com.mx\/scjn-posterga-resolucion-de-controversia-contra-desafuero-de-cabeza-de-vaca\/#primaryimage\"},\"image\":{\"@id\":\"https:\/\/www.sonoraenequipo.com.mx\/scjn-posterga-resolucion-de-controversia-contra-desafuero-de-cabeza-de-vaca\/#primaryimage\"},\"thumbnailUrl\":\"https:\/\/www.sonoraenequipo.com.mx\/storage\/2021\/05\/posterga-scjn_opt.jpg\",\"datePublished\":\"2021-05-12T23:22:00+00:00\",\"dateModified\":\"2021-05-13T04:43:56+00:00\",\"description\":\"CIUDAD DE M\u00c9XICO.MX. \u2014 La Suprema Corte de Justicia de la Naci\u00f3n (SCJN) posterg\u00f3 la admisi\u00f3n o desechamiento de la controversia constitucional presentada En Sonora en Equipo publicamos toda la informaci\u00f3n de Sonora, M\u00e9xico y el Mundo de manera oportuna y busca que la libertad de expresi\u00f3n sea real. Visita nuestro medio informativo publicado desde Hermosillo, Sonora. %\",\"breadcrumb\":{\"@id\":\"https:\/\/www.sonoraenequipo.com.mx\/scjn-posterga-resolucion-de-controversia-contra-desafuero-de-cabeza-de-vaca\/#breadcrumb\"},\"inLanguage\":\"es\",\"potentialAction\":[{\"@type\":\"ReadAction\",\"target\":[\"https:\/\/www.sonoraenequipo.com.mx\/scjn-posterga-resolucion-de-controversia-contra-desafuero-de-cabeza-de-vaca\/\"]}]},{\"@type\":\"ImageObject\",\"inLanguage\":\"es\",\"@id\":\"https:\/\/www.sonoraenequipo.com.mx\/scjn-posterga-resolucion-de-controversia-contra-desafuero-de-cabeza-de-vaca\/#primaryimage\",\"url\":\"https:\/\/www.sonoraenequipo.com.mx\/storage\/2021\/05\/posterga-scjn_opt.jpg\",\"contentUrl\":\"https:\/\/www.sonoraenequipo.com.mx\/storage\/2021\/05\/posterga-scjn_opt.jpg\",\"width\":700,\"height\":441},{\"@type\":\"BreadcrumbList\",\"@id\":\"https:\/\/www.sonoraenequipo.com.mx\/scjn-posterga-resolucion-de-controversia-contra-desafuero-de-cabeza-de-vaca\/#breadcrumb\",\"itemListElement\":[{\"@type\":\"ListItem\",\"position\":1,\"name\":\"Portada\",\"item\":\"https:\/\/www.sonoraenequipo.com.mx\/\"},{\"@type\":\"ListItem\",\"position\":2,\"name\":\"SCJN posterga resoluci\u00f3n de controversia contra desafuero de Cabeza de Vaca\"}]},{\"@type\":\"WebSite\",\"@id\":\"https:\/\/www.sonoraenequipo.com.mx\/#website\",\"url\":\"https:\/\/www.sonoraenequipo.com.mx\/\",\"name\":\"Sonora en Equipo.\",\"description\":\"Diario en l\u00ednea con Noticias desde Hermosillo, Sonora\",\"publisher\":{\"@id\":\"https:\/\/www.sonoraenequipo.com.mx\/#organization\"},\"potentialAction\":[{\"@type\":\"SearchAction\",\"target\":{\"@type\":\"EntryPoint\",\"urlTemplate\":\"https:\/\/www.sonoraenequipo.com.mx\/?s={search_term_string}\"},\"query-input\":{\"@type\":\"PropertyValueSpecification\",\"valueRequired\":true,\"valueName\":\"search_term_string\"}}],\"inLanguage\":\"es\"},{\"@type\":\"Organization\",\"@id\":\"https:\/\/www.sonoraenequipo.com.mx\/#organization\",\"name\":\"Sonoraenequipo.com.mx\",\"url\":\"https:\/\/www.sonoraenequipo.com.mx\/\",\"logo\":{\"@type\":\"ImageObject\",\"inLanguage\":\"es\",\"@id\":\"https:\/\/www.sonoraenequipo.com.mx\/#\/schema\/logo\/image\/\",\"url\":\"https:\/\/www.sonoraenequipo.com.mx\/storage\/2019\/01\/sonoraenequipo_opt.png\",\"contentUrl\":\"https:\/\/www.sonoraenequipo.com.mx\/storage\/2019\/01\/sonoraenequipo_opt.png\",\"width\":375,\"height\":125,\"caption\":\"Sonoraenequipo.com.mx\"},\"image\":{\"@id\":\"https:\/\/www.sonoraenequipo.com.mx\/#\/schema\/logo\/image\/\"},\"sameAs\":[\"https:\/\/www.facebook.com\/SonoraEE\/\",\"https:\/\/x.com\/sonoraenequipo\",\"https:\/\/www.youtube.com\/channel\/UC338nW-lPEYmJQs4ZABQ1SQ\"]},{\"@type\":\"Person\",\"@id\":\"https:\/\/www.sonoraenequipo.com.mx\/#\/schema\/person\/50102df0fb23a8fa9e8effad8fa81386\",\"name\":\"enequipo\",\"image\":{\"@type\":\"ImageObject\",\"inLanguage\":\"es\",\"@id\":\"https:\/\/www.sonoraenequipo.com.mx\/#\/schema\/person\/image\/\",\"url\":\"https:\/\/secure.gravatar.com\/avatar\/049821681b589dabc0bc20695993ccebb09f5b5d4d790cd9251b97faac7c652b?s=96&d=blank&r=g\",\"contentUrl\":\"https:\/\/secure.gravatar.com\/avatar\/049821681b589dabc0bc20695993ccebb09f5b5d4d790cd9251b97faac7c652b?s=96&d=blank&r=g\",\"caption\":\"enequipo\"},\"sameAs\":[\"https:\/\/www.facebook.com\/SonoraEE\"]}]}<\/script>\n ","yoast_head_json":{"title":"Sonora en Equipo. SCJN posterga resoluci\u00f3n de controversia contra desafuero de Cabeza de Vaca Rep\u00fablica","description":"CIUDAD DE M\u00c9XICO.MX. \u2014 La Suprema Corte de Justicia de la Naci\u00f3n (SCJN) posterg\u00f3 la admisi\u00f3n o desechamiento de la controversia constitucional presentada En Sonora en Equipo publicamos toda la informaci\u00f3n de Sonora, M\u00e9xico y el Mundo de manera oportuna y busca que la libertad de expresi\u00f3n sea real. Visita nuestro medio informativo publicado desde Hermosillo, Sonora. %","robots":{"index":"index","follow":"follow","max-snippet":"max-snippet:-1","max-image-preview":"max-image-preview:large","max-video-preview":"max-video-preview:-1"},"canonical":"https:\/\/www.sonoraenequipo.com.mx\/scjn-posterga-resolucion-de-controversia-contra-desafuero-de-cabeza-de-vaca\/","og_locale":"es_ES","og_type":"article","og_title":"Sonora en Equipo. SCJN posterga resoluci\u00f3n de controversia contra desafuero de Cabeza de Vaca Rep\u00fablica","og_description":"CIUDAD DE M\u00c9XICO.MX. \u2014 La Suprema Corte de Justicia de la Naci\u00f3n (SCJN) posterg\u00f3 la admisi\u00f3n o desechamiento de la controversia constitucional presentada En Sonora en Equipo publicamos toda la informaci\u00f3n de Sonora, M\u00e9xico y el Mundo de manera oportuna y busca que la libertad de expresi\u00f3n sea real. Visita nuestro medio informativo publicado desde Hermosillo, Sonora. %","og_url":"https:\/\/www.sonoraenequipo.com.mx\/scjn-posterga-resolucion-de-controversia-contra-desafuero-de-cabeza-de-vaca\/","og_site_name":"Sonora en Equipo.","article_publisher":"https:\/\/www.facebook.com\/SonoraEE\/","article_author":"https:\/\/www.facebook.com\/SonoraEE","article_published_time":"2021-05-12T23:22:00+00:00","article_modified_time":"2021-05-13T04:43:56+00:00","og_image":[{"width":700,"height":441,"url":"https:\/\/www.sonoraenequipo.com.mx\/storage\/2021\/05\/posterga-scjn_opt.jpg","type":"image\/jpeg"}],"author":"enequipo","twitter_card":"summary_large_image","twitter_creator":"@sonoraenequipo","twitter_site":"@sonoraenequipo","twitter_misc":{"Escrito por":"enequipo","Tiempo de lectura":"1 minuto"},"schema":{"@context":"https:\/\/schema.org","@graph":[{"@type":"Article","@id":"https:\/\/www.sonoraenequipo.com.mx\/scjn-posterga-resolucion-de-controversia-contra-desafuero-de-cabeza-de-vaca\/#article","isPartOf":{"@id":"https:\/\/www.sonoraenequipo.com.mx\/scjn-posterga-resolucion-de-controversia-contra-desafuero-de-cabeza-de-vaca\/"},"author":{"name":"enequipo","@id":"https:\/\/www.sonoraenequipo.com.mx\/#\/schema\/person\/50102df0fb23a8fa9e8effad8fa81386"},"headline":"SCJN posterga resoluci\u00f3n de controversia contra desafuero de Cabeza de Vaca","datePublished":"2021-05-12T23:22:00+00:00","dateModified":"2021-05-13T04:43:56+00:00","mainEntityOfPage":{"@id":"https:\/\/www.sonoraenequipo.com.mx\/scjn-posterga-resolucion-de-controversia-contra-desafuero-de-cabeza-de-vaca\/"},"wordCount":229,"commentCount":0,"publisher":{"@id":"https:\/\/www.sonoraenequipo.com.mx\/#organization"},"image":{"@id":"https:\/\/www.sonoraenequipo.com.mx\/scjn-posterga-resolucion-de-controversia-contra-desafuero-de-cabeza-de-vaca\/#primaryimage"},"thumbnailUrl":"https:\/\/www.sonoraenequipo.com.mx\/storage\/2021\/05\/posterga-scjn_opt.jpg","articleSection":["Rep\u00fablica"],"inLanguage":"es","potentialAction":[{"@type":"CommentAction","name":"Comment","target":["https:\/\/www.sonoraenequipo.com.mx\/scjn-posterga-resolucion-de-controversia-contra-desafuero-de-cabeza-de-vaca\/#respond"]}]},{"@type":"WebPage","@id":"https:\/\/www.sonoraenequipo.com.mx\/scjn-posterga-resolucion-de-controversia-contra-desafuero-de-cabeza-de-vaca\/","url":"https:\/\/www.sonoraenequipo.com.mx\/scjn-posterga-resolucion-de-controversia-contra-desafuero-de-cabeza-de-vaca\/","name":"Sonora en Equipo. SCJN posterga resoluci\u00f3n de controversia contra desafuero de Cabeza de Vaca Rep\u00fablica","isPartOf":{"@id":"https:\/\/www.sonoraenequipo.com.mx\/#website"},"primaryImageOfPage":{"@id":"https:\/\/www.sonoraenequipo.com.mx\/scjn-posterga-resolucion-de-controversia-contra-desafuero-de-cabeza-de-vaca\/#primaryimage"},"image":{"@id":"https:\/\/www.sonoraenequipo.com.mx\/scjn-posterga-resolucion-de-controversia-contra-desafuero-de-cabeza-de-vaca\/#primaryimage"},"thumbnailUrl":"https:\/\/www.sonoraenequipo.com.mx\/storage\/2021\/05\/posterga-scjn_opt.jpg","datePublished":"2021-05-12T23:22:00+00:00","dateModified":"2021-05-13T04:43:56+00:00","description":"CIUDAD DE M\u00c9XICO.MX. \u2014 La Suprema Corte de Justicia de la Naci\u00f3n (SCJN) posterg\u00f3 la admisi\u00f3n o desechamiento de la controversia constitucional presentada En Sonora en Equipo publicamos toda la informaci\u00f3n de Sonora, M\u00e9xico y el Mundo de manera oportuna y busca que la libertad de expresi\u00f3n sea real. Visita nuestro medio informativo publicado desde Hermosillo, Sonora. %","breadcrumb":{"@id":"https:\/\/www.sonoraenequipo.com.mx\/scjn-posterga-resolucion-de-controversia-contra-desafuero-de-cabeza-de-vaca\/#breadcrumb"},"inLanguage":"es","potentialAction":[{"@type":"ReadAction","target":["https:\/\/www.sonoraenequipo.com.mx\/scjn-posterga-resolucion-de-controversia-contra-desafuero-de-cabeza-de-vaca\/"]}]},{"@type":"ImageObject","inLanguage":"es","@id":"https:\/\/www.sonoraenequipo.com.mx\/scjn-posterga-resolucion-de-controversia-contra-desafuero-de-cabeza-de-vaca\/#primaryimage","url":"https:\/\/www.sonoraenequipo.com.mx\/storage\/2021\/05\/posterga-scjn_opt.jpg","contentUrl":"https:\/\/www.sonoraenequipo.com.mx\/storage\/2021\/05\/posterga-scjn_opt.jpg","width":700,"height":441},{"@type":"BreadcrumbList","@id":"https:\/\/www.sonoraenequipo.com.mx\/scjn-posterga-resolucion-de-controversia-contra-desafuero-de-cabeza-de-vaca\/#breadcrumb","itemListElement":[{"@type":"ListItem","position":1,"name":"Portada","item":"https:\/\/www.sonoraenequipo.com.mx\/"},{"@type":"ListItem","position":2,"name":"SCJN posterga resoluci\u00f3n de controversia contra desafuero de Cabeza de Vaca"}]},{"@type":"WebSite","@id":"https:\/\/www.sonoraenequipo.com.mx\/#website","url":"https:\/\/www.sonoraenequipo.com.mx\/","name":"Sonora en Equipo.","description":"Diario en l\u00ednea con Noticias desde Hermosillo, Sonora","publisher":{"@id":"https:\/\/www.sonoraenequipo.com.mx\/#organization"},"potentialAction":[{"@type":"SearchAction","target":{"@type":"EntryPoint","urlTemplate":"https:\/\/www.sonoraenequipo.com.mx\/?s={search_term_string}"},"query-input":{"@type":"PropertyValueSpecification","valueRequired":true,"valueName":"search_term_string"}}],"inLanguage":"es"},{"@type":"Organization","@id":"https:\/\/www.sonoraenequipo.com.mx\/#organization","name":"Sonoraenequipo.com.mx","url":"https:\/\/www.sonoraenequipo.com.mx\/","logo":{"@type":"ImageObject","inLanguage":"es","@id":"https:\/\/www.sonoraenequipo.com.mx\/#\/schema\/logo\/image\/","url":"https:\/\/www.sonoraenequipo.com.mx\/storage\/2019\/01\/sonoraenequipo_opt.png","contentUrl":"https:\/\/www.sonoraenequipo.com.mx\/storage\/2019\/01\/sonoraenequipo_opt.png","width":375,"height":125,"caption":"Sonoraenequipo.com.mx"},"image":{"@id":"https:\/\/www.sonoraenequipo.com.mx\/#\/schema\/logo\/image\/"},"sameAs":["https:\/\/www.facebook.com\/SonoraEE\/","https:\/\/x.com\/sonoraenequipo","https:\/\/www.youtube.com\/channel\/UC338nW-lPEYmJQs4ZABQ1SQ"]},{"@type":"Person","@id":"https:\/\/www.sonoraenequipo.com.mx\/#\/schema\/person\/50102df0fb23a8fa9e8effad8fa81386","name":"enequipo","image":{"@type":"ImageObject","inLanguage":"es","@id":"https:\/\/www.sonoraenequipo.com.mx\/#\/schema\/person\/image\/","url":"https:\/\/secure.gravatar.com\/avatar\/049821681b589dabc0bc20695993ccebb09f5b5d4d790cd9251b97faac7c652b?s=96&d=blank&r=g","contentUrl":"https:\/\/secure.gravatar.com\/avatar\/049821681b589dabc0bc20695993ccebb09f5b5d4d790cd9251b97faac7c652b?s=96&d=blank&r=g","caption":"enequipo"},"sameAs":["https:\/\/www.facebook.com\/SonoraEE"]}]}},"jetpack_featured_media_url":"https:\/\/www.sonoraenequipo.com.mx\/storage\/2021\/05\/posterga-scjn_opt.jpg","_links":{"self":[{"href":"https:\/\/www.sonoraenequipo.com.mx\/api\/wp\/v2\/posts\/113807","targetHints":{"allow":["GET"]}}],"collection":[{"href":"https:\/\/www.sonoraenequipo.com.mx\/api\/wp\/v2\/posts"}],"about":[{"href":"https:\/\/www.sonoraenequipo.com.mx\/api\/wp\/v2\/types\/post"}],"author":[{"embeddable":true,"href":"https:\/\/www.sonoraenequipo.com.mx\/api\/wp\/v2\/users\/1"}],"replies":[{"embeddable":true,"href":"https:\/\/www.sonoraenequipo.com.mx\/api\/wp\/v2\/comments?post=113807"}],"version-history":[{"count":3,"href":"https:\/\/www.sonoraenequipo.com.mx\/api\/wp\/v2\/posts\/113807\/revisions"}],"predecessor-version":[{"id":113811,"href":"https:\/\/www.sonoraenequipo.com.mx\/api\/wp\/v2\/posts\/113807\/revisions\/113811"}],"wp:featuredmedia":[{"embeddable":true,"href":"https:\/\/www.sonoraenequipo.com.mx\/api\/wp\/v2\/media\/113808"}],"wp:attachment":[{"href":"https:\/\/www.sonoraenequipo.com.mx\/api\/wp\/v2\/media?parent=113807"}],"wp:term":[{"taxonomy":"category","embeddable":true,"href":"https:\/\/www.sonoraenequipo.com.mx\/api\/wp\/v2\/categories?post=113807"},{"taxonomy":"post_tag","embeddable":true,"href":"https:\/\/www.sonoraenequipo.com.mx\/api\/wp\/v2\/tags?post=113807"}],"curies":[{"name":"wp","href":"https:\/\/api.w.org\/{rel}","templated":true}]}}