{"id":113819,"date":"2021-05-12T14:34:18","date_gmt":"2021-05-12T21:34:18","guid":{"rendered":"https:\/\/www.sonoraenequipo.com.mx\/?p=113819"},"modified":"2021-05-13T07:12:55","modified_gmt":"2021-05-13T14:12:55","slug":"acuerdan-gobernadora-de-sonora-y-gabinete-de-seguridad-federal-focalizar-acciones-contra-el-homicidio-doloso-y-la-extorsion","status":"publish","type":"post","link":"https:\/\/www.sonoraenequipo.com.mx\/acuerdan-gobernadora-de-sonora-y-gabinete-de-seguridad-federal-focalizar-acciones-contra-el-homicidio-doloso-y-la-extorsion\/","title":{"rendered":"Acuerdan Gobernadora de Sonora  y Gabinete de Seguridad federal focalizar acciones contra el homicidio doloso y la extorsi\u00f3n"},"content":{"rendered":"<p><strong>La gobernadora Pavlovich expuso la necesidad de brindarles a las y los sonorenses tranquilidad en sus comunidades<\/strong><\/p>\n<p>&nbsp;<\/p>\n<p> <\/p>\n<p>CIUDAD DE M\u00c9XICO.MX. \u2014 El compromiso de intensificar acciones en materia de prevenci\u00f3n y dar seguimiento a un plan de trabajo que refleje una disminuci\u00f3n en los delitos de homicidio doloso y extorsi\u00f3n, fueron los acuerdos asumidos en la Reuni\u00f3n Sonora del Gabinete de Seguridad del Gobierno Federal, encabezada por la gobernadora Claudia Pavlovich Arellano y la secretaria de Seguridad y Protecci\u00f3n Ciudadana, Rosa Icela Rodr\u00edguez Vel\u00e1zquez.<\/p>\n<p>&nbsp;<\/p>\n<p>Ante Jos\u00e9 Rafael Ojeda Dur\u00e1n, secretario de Marina; Luis Cresencio Sandoval Gonz\u00e1lez, secretario de la Defensa Nacional; General Audomaro Mart\u00ednez Zapata, director general del Centro Nacional de Inteligencia; Luis Rodr\u00edguez Bucio, comandante de la Guardia Nacional y L\u00e1zaro C\u00e1rdenas Batel, coordinador de asesores de Presidencia de la Rep\u00fablica, la gobernadora Pavlovich plante\u00f3 la importancia de intensificar acciones para reducir la incidencia delictiva en los temas de alto impacto como es, prioritariamente, el homicidio doloso, asimismo, atacar la extorsi\u00f3n telef\u00f3nica en sus modalidades de amenaza y secuestro virtual.<\/p>\n<p>&nbsp;<\/p>\n<p>Ello, especialmente en las zonas m\u00e1s complicadas del estado, entre las que destac\u00f3 las regiones de Caborca-Magdalena, San Luis R\u00edo Colorado, Guaymas-Empalme y Cajeme, que es donde, reiter\u00f3, se requiere enfocar en mayor medida los esfuerzos, ya que es donde se han vivido m\u00e1s hechos violentos que han afectado la tranquilidad de las familias sonorenses y se debe de tener la presencia constante de elementos municipales, estatales y federales.<\/p>\n<p>En la mesa de trabajo y seguimiento de acuerdos con los integrantes del Gabinete de Seguridad del Gobierno Federal, la mandataria sonorense estuvo acompa\u00f1ada por David Anaya Cooley, secretario de Seguridad P\u00fablica en Sonora; Claudia Indira Contreras C\u00f3rdova, fiscal General de Justicia del Estado y Epifanio Salido Pavlovich, jefe de la oficina del Ejecutivo Estatal.<\/p>\n<p>La gobernadora Pavlovich expuso la necesidad de brindarles a las y los sonorenses tranquilidad en sus comunidades y una respuesta efectiva por parte de sus autoridades de todos los \u00f3rdenes de gobierno frente a los hechos delictivos que se presentan y alteran la seguridad de toda la poblaci\u00f3n, y aun cuando ha habido una reducci\u00f3n en materia de delitos patrimoniales pidi\u00f3 no bajar la guardia en los operativos que han permitido esta reducci\u00f3n.<\/p>\n<p>&nbsp;<\/p>\n<p>(Publicada el 12\/05\/2021)<\/p>\n","protected":false},"excerpt":{"rendered":"<p>La gobernadora Pavlovich expuso la necesidad de brindarles a las y los sonorenses tranquilidad en&#8230;<\/p>\n","protected":false},"author":1,"featured_media":113820,"comment_status":"open","ping_status":"open","sticky":false,"template":"","format":"standard","meta":{"_monsterinsights_skip_tracking":false,"_monsterinsights_sitenote_active":false,"_monsterinsights_sitenote_note":"","_monsterinsights_sitenote_category":0,"footnotes":""},"categories":[5],"tags":[],"class_list":["post"],"yoast_head":" \n<title>Sonora en Equipo. Acuerdan Gobernadora de Sonora y Gabinete de Seguridad federal focalizar acciones contra el homicidio doloso y la extorsi\u00f3n Rep\u00fablica<\/title>\n<meta name=\"description\" content=\"La gobernadora Pavlovich expuso la necesidad de brindarles a las y los sonorenses tranquilidad en sus comunidades &nbsp; CIUDAD DE M\u00c9XICO.MX. \u2014 El En Sonora en Equipo publicamos toda la informaci\u00f3n de Sonora, M\u00e9xico y el Mundo de manera oportuna y busca que la libertad de expresi\u00f3n sea real. Visita nuestro medio informativo publicado desde Hermosillo, Sonora. %\" \/>\n<meta name=\"robots\" content=\"index, follow, max-snippet:-1, max-image-preview:large, max-video-preview:-1\" \/>\n<link rel=\"canonical\" href=\"https:\/\/www.sonoraenequipo.com.mx\/acuerdan-gobernadora-de-sonora-y-gabinete-de-seguridad-federal-focalizar-acciones-contra-el-homicidio-doloso-y-la-extorsion\/\" \/>\n<meta property=\"og:locale\" content=\"es_ES\" \/>\n<meta property=\"og:type\" content=\"article\" \/>\n<meta property=\"og:title\" content=\"Sonora en Equipo. Acuerdan Gobernadora de Sonora y Gabinete de Seguridad federal focalizar acciones contra el homicidio doloso y la extorsi\u00f3n Rep\u00fablica\" \/>\n<meta property=\"og:description\" content=\"La gobernadora Pavlovich expuso la necesidad de brindarles a las y los sonorenses tranquilidad en sus comunidades &nbsp; CIUDAD DE M\u00c9XICO.MX. \u2014 El En Sonora en Equipo publicamos toda la informaci\u00f3n de Sonora, M\u00e9xico y el Mundo de manera oportuna y busca que la libertad de expresi\u00f3n sea real. Visita nuestro medio informativo publicado desde Hermosillo, Sonora. %\" \/>\n<meta property=\"og:url\" content=\"https:\/\/www.sonoraenequipo.com.mx\/acuerdan-gobernadora-de-sonora-y-gabinete-de-seguridad-federal-focalizar-acciones-contra-el-homicidio-doloso-y-la-extorsion\/\" \/>\n<meta property=\"og:site_name\" content=\"Sonora en Equipo.\" \/>\n<meta property=\"article:publisher\" content=\"https:\/\/www.facebook.com\/SonoraEE\/\" \/>\n<meta property=\"article:author\" content=\"https:\/\/www.facebook.com\/SonoraEE\" \/>\n<meta property=\"article:published_time\" content=\"2021-05-12T21:34:18+00:00\" \/>\n<meta property=\"article:modified_time\" content=\"2021-05-13T14:12:55+00:00\" \/>\n<meta property=\"og:image\" content=\"https:\/\/www.sonoraenequipo.com.mx\/storage\/2021\/05\/Gabinete-de-seguridad-acuerda-con-sonora_opt.jpg\" \/>\n\t<meta property=\"og:image:width\" content=\"700\" \/>\n\t<meta property=\"og:image:height\" content=\"400\" \/>\n\t<meta property=\"og:image:type\" content=\"image\/jpeg\" \/>\n<meta name=\"author\" content=\"enequipo\" \/>\n<meta name=\"twitter:card\" content=\"summary_large_image\" \/>\n<meta name=\"twitter:creator\" content=\"@sonoraenequipo\" \/>\n<meta name=\"twitter:site\" content=\"@sonoraenequipo\" \/>\n<meta name=\"twitter:label1\" content=\"Escrito por\" \/>\n\t<meta name=\"twitter:data1\" content=\"enequipo\" \/>\n\t<meta name=\"twitter:label2\" content=\"Tiempo de lectura\" \/>\n\t<meta name=\"twitter:data2\" content=\"2 minutos\" \/>\n<script type=\"application\/ld+json\" class=\"yoast-schema-graph\">{\"@context\":\"https:\/\/schema.org\",\"@graph\":[{\"@type\":\"Article\",\"@id\":\"https:\/\/www.sonoraenequipo.com.mx\/acuerdan-gobernadora-de-sonora-y-gabinete-de-seguridad-federal-focalizar-acciones-contra-el-homicidio-doloso-y-la-extorsion\/#article\",\"isPartOf\":{\"@id\":\"https:\/\/www.sonoraenequipo.com.mx\/acuerdan-gobernadora-de-sonora-y-gabinete-de-seguridad-federal-focalizar-acciones-contra-el-homicidio-doloso-y-la-extorsion\/\"},\"author\":{\"name\":\"enequipo\",\"@id\":\"https:\/\/www.sonoraenequipo.com.mx\/#\/schema\/person\/50102df0fb23a8fa9e8effad8fa81386\"},\"headline\":\"Acuerdan Gobernadora de Sonora y Gabinete de Seguridad federal focalizar acciones contra el homicidio doloso y la extorsi\u00f3n\",\"datePublished\":\"2021-05-12T21:34:18+00:00\",\"dateModified\":\"2021-05-13T14:12:55+00:00\",\"mainEntityOfPage\":{\"@id\":\"https:\/\/www.sonoraenequipo.com.mx\/acuerdan-gobernadora-de-sonora-y-gabinete-de-seguridad-federal-focalizar-acciones-contra-el-homicidio-doloso-y-la-extorsion\/\"},\"wordCount\":419,\"commentCount\":0,\"publisher\":{\"@id\":\"https:\/\/www.sonoraenequipo.com.mx\/#organization\"},\"image\":{\"@id\":\"https:\/\/www.sonoraenequipo.com.mx\/acuerdan-gobernadora-de-sonora-y-gabinete-de-seguridad-federal-focalizar-acciones-contra-el-homicidio-doloso-y-la-extorsion\/#primaryimage\"},\"thumbnailUrl\":\"https:\/\/www.sonoraenequipo.com.mx\/storage\/2021\/05\/Gabinete-de-seguridad-acuerda-con-sonora_opt.jpg\",\"articleSection\":[\"Rep\u00fablica\"],\"inLanguage\":\"es\",\"potentialAction\":[{\"@type\":\"CommentAction\",\"name\":\"Comment\",\"target\":[\"https:\/\/www.sonoraenequipo.com.mx\/acuerdan-gobernadora-de-sonora-y-gabinete-de-seguridad-federal-focalizar-acciones-contra-el-homicidio-doloso-y-la-extorsion\/#respond\"]}]},{\"@type\":\"WebPage\",\"@id\":\"https:\/\/www.sonoraenequipo.com.mx\/acuerdan-gobernadora-de-sonora-y-gabinete-de-seguridad-federal-focalizar-acciones-contra-el-homicidio-doloso-y-la-extorsion\/\",\"url\":\"https:\/\/www.sonoraenequipo.com.mx\/acuerdan-gobernadora-de-sonora-y-gabinete-de-seguridad-federal-focalizar-acciones-contra-el-homicidio-doloso-y-la-extorsion\/\",\"name\":\"Sonora en Equipo. Acuerdan Gobernadora de Sonora y Gabinete de Seguridad federal focalizar acciones contra el homicidio doloso y la extorsi\u00f3n Rep\u00fablica\",\"isPartOf\":{\"@id\":\"https:\/\/www.sonoraenequipo.com.mx\/#website\"},\"primaryImageOfPage\":{\"@id\":\"https:\/\/www.sonoraenequipo.com.mx\/acuerdan-gobernadora-de-sonora-y-gabinete-de-seguridad-federal-focalizar-acciones-contra-el-homicidio-doloso-y-la-extorsion\/#primaryimage\"},\"image\":{\"@id\":\"https:\/\/www.sonoraenequipo.com.mx\/acuerdan-gobernadora-de-sonora-y-gabinete-de-seguridad-federal-focalizar-acciones-contra-el-homicidio-doloso-y-la-extorsion\/#primaryimage\"},\"thumbnailUrl\":\"https:\/\/www.sonoraenequipo.com.mx\/storage\/2021\/05\/Gabinete-de-seguridad-acuerda-con-sonora_opt.jpg\",\"datePublished\":\"2021-05-12T21:34:18+00:00\",\"dateModified\":\"2021-05-13T14:12:55+00:00\",\"description\":\"La gobernadora Pavlovich expuso la necesidad de brindarles a las y los sonorenses tranquilidad en sus comunidades &nbsp; CIUDAD DE M\u00c9XICO.MX. \u2014 El En Sonora en Equipo publicamos toda la informaci\u00f3n de Sonora, M\u00e9xico y el Mundo de manera oportuna y busca que la libertad de expresi\u00f3n sea real. Visita nuestro medio informativo publicado desde Hermosillo, Sonora. %\",\"breadcrumb\":{\"@id\":\"https:\/\/www.sonoraenequipo.com.mx\/acuerdan-gobernadora-de-sonora-y-gabinete-de-seguridad-federal-focalizar-acciones-contra-el-homicidio-doloso-y-la-extorsion\/#breadcrumb\"},\"inLanguage\":\"es\",\"potentialAction\":[{\"@type\":\"ReadAction\",\"target\":[\"https:\/\/www.sonoraenequipo.com.mx\/acuerdan-gobernadora-de-sonora-y-gabinete-de-seguridad-federal-focalizar-acciones-contra-el-homicidio-doloso-y-la-extorsion\/\"]}]},{\"@type\":\"ImageObject\",\"inLanguage\":\"es\",\"@id\":\"https:\/\/www.sonoraenequipo.com.mx\/acuerdan-gobernadora-de-sonora-y-gabinete-de-seguridad-federal-focalizar-acciones-contra-el-homicidio-doloso-y-la-extorsion\/#primaryimage\",\"url\":\"https:\/\/www.sonoraenequipo.com.mx\/storage\/2021\/05\/Gabinete-de-seguridad-acuerda-con-sonora_opt.jpg\",\"contentUrl\":\"https:\/\/www.sonoraenequipo.com.mx\/storage\/2021\/05\/Gabinete-de-seguridad-acuerda-con-sonora_opt.jpg\",\"width\":700,\"height\":400},{\"@type\":\"BreadcrumbList\",\"@id\":\"https:\/\/www.sonoraenequipo.com.mx\/acuerdan-gobernadora-de-sonora-y-gabinete-de-seguridad-federal-focalizar-acciones-contra-el-homicidio-doloso-y-la-extorsion\/#breadcrumb\",\"itemListElement\":[{\"@type\":\"ListItem\",\"position\":1,\"name\":\"Portada\",\"item\":\"https:\/\/www.sonoraenequipo.com.mx\/\"},{\"@type\":\"ListItem\",\"position\":2,\"name\":\"Acuerdan Gobernadora de Sonora y Gabinete de Seguridad federal focalizar acciones contra el homicidio doloso y la extorsi\u00f3n\"}]},{\"@type\":\"WebSite\",\"@id\":\"https:\/\/www.sonoraenequipo.com.mx\/#website\",\"url\":\"https:\/\/www.sonoraenequipo.com.mx\/\",\"name\":\"Sonora en Equipo.\",\"description\":\"Diario en l\u00ednea con Noticias desde Hermosillo, Sonora\",\"publisher\":{\"@id\":\"https:\/\/www.sonoraenequipo.com.mx\/#organization\"},\"potentialAction\":[{\"@type\":\"SearchAction\",\"target\":{\"@type\":\"EntryPoint\",\"urlTemplate\":\"https:\/\/www.sonoraenequipo.com.mx\/?s={search_term_string}\"},\"query-input\":{\"@type\":\"PropertyValueSpecification\",\"valueRequired\":true,\"valueName\":\"search_term_string\"}}],\"inLanguage\":\"es\"},{\"@type\":\"Organization\",\"@id\":\"https:\/\/www.sonoraenequipo.com.mx\/#organization\",\"name\":\"Sonoraenequipo.com.mx\",\"url\":\"https:\/\/www.sonoraenequipo.com.mx\/\",\"logo\":{\"@type\":\"ImageObject\",\"inLanguage\":\"es\",\"@id\":\"https:\/\/www.sonoraenequipo.com.mx\/#\/schema\/logo\/image\/\",\"url\":\"https:\/\/www.sonoraenequipo.com.mx\/storage\/2019\/01\/sonoraenequipo_opt.png\",\"contentUrl\":\"https:\/\/www.sonoraenequipo.com.mx\/storage\/2019\/01\/sonoraenequipo_opt.png\",\"width\":375,\"height\":125,\"caption\":\"Sonoraenequipo.com.mx\"},\"image\":{\"@id\":\"https:\/\/www.sonoraenequipo.com.mx\/#\/schema\/logo\/image\/\"},\"sameAs\":[\"https:\/\/www.facebook.com\/SonoraEE\/\",\"https:\/\/x.com\/sonoraenequipo\",\"https:\/\/www.youtube.com\/channel\/UC338nW-lPEYmJQs4ZABQ1SQ\"]},{\"@type\":\"Person\",\"@id\":\"https:\/\/www.sonoraenequipo.com.mx\/#\/schema\/person\/50102df0fb23a8fa9e8effad8fa81386\",\"name\":\"enequipo\",\"image\":{\"@type\":\"ImageObject\",\"inLanguage\":\"es\",\"@id\":\"https:\/\/www.sonoraenequipo.com.mx\/#\/schema\/person\/image\/\",\"url\":\"https:\/\/secure.gravatar.com\/avatar\/049821681b589dabc0bc20695993ccebb09f5b5d4d790cd9251b97faac7c652b?s=96&d=blank&r=g\",\"contentUrl\":\"https:\/\/secure.gravatar.com\/avatar\/049821681b589dabc0bc20695993ccebb09f5b5d4d790cd9251b97faac7c652b?s=96&d=blank&r=g\",\"caption\":\"enequipo\"},\"sameAs\":[\"https:\/\/www.facebook.com\/SonoraEE\"]}]}<\/script>\n ","yoast_head_json":{"title":"Sonora en Equipo. Acuerdan Gobernadora de Sonora y Gabinete de Seguridad federal focalizar acciones contra el homicidio doloso y la extorsi\u00f3n Rep\u00fablica","description":"La gobernadora Pavlovich expuso la necesidad de brindarles a las y los sonorenses tranquilidad en sus comunidades &nbsp; CIUDAD DE M\u00c9XICO.MX. \u2014 El En Sonora en Equipo publicamos toda la informaci\u00f3n de Sonora, M\u00e9xico y el Mundo de manera oportuna y busca que la libertad de expresi\u00f3n sea real. Visita nuestro medio informativo publicado desde Hermosillo, Sonora. %","robots":{"index":"index","follow":"follow","max-snippet":"max-snippet:-1","max-image-preview":"max-image-preview:large","max-video-preview":"max-video-preview:-1"},"canonical":"https:\/\/www.sonoraenequipo.com.mx\/acuerdan-gobernadora-de-sonora-y-gabinete-de-seguridad-federal-focalizar-acciones-contra-el-homicidio-doloso-y-la-extorsion\/","og_locale":"es_ES","og_type":"article","og_title":"Sonora en Equipo. Acuerdan Gobernadora de Sonora y Gabinete de Seguridad federal focalizar acciones contra el homicidio doloso y la extorsi\u00f3n Rep\u00fablica","og_description":"La gobernadora Pavlovich expuso la necesidad de brindarles a las y los sonorenses tranquilidad en sus comunidades &nbsp; CIUDAD DE M\u00c9XICO.MX. \u2014 El En Sonora en Equipo publicamos toda la informaci\u00f3n de Sonora, M\u00e9xico y el Mundo de manera oportuna y busca que la libertad de expresi\u00f3n sea real. Visita nuestro medio informativo publicado desde Hermosillo, Sonora. %","og_url":"https:\/\/www.sonoraenequipo.com.mx\/acuerdan-gobernadora-de-sonora-y-gabinete-de-seguridad-federal-focalizar-acciones-contra-el-homicidio-doloso-y-la-extorsion\/","og_site_name":"Sonora en Equipo.","article_publisher":"https:\/\/www.facebook.com\/SonoraEE\/","article_author":"https:\/\/www.facebook.com\/SonoraEE","article_published_time":"2021-05-12T21:34:18+00:00","article_modified_time":"2021-05-13T14:12:55+00:00","og_image":[{"width":700,"height":400,"url":"https:\/\/www.sonoraenequipo.com.mx\/storage\/2021\/05\/Gabinete-de-seguridad-acuerda-con-sonora_opt.jpg","type":"image\/jpeg"}],"author":"enequipo","twitter_card":"summary_large_image","twitter_creator":"@sonoraenequipo","twitter_site":"@sonoraenequipo","twitter_misc":{"Escrito por":"enequipo","Tiempo de lectura":"2 minutos"},"schema":{"@context":"https:\/\/schema.org","@graph":[{"@type":"Article","@id":"https:\/\/www.sonoraenequipo.com.mx\/acuerdan-gobernadora-de-sonora-y-gabinete-de-seguridad-federal-focalizar-acciones-contra-el-homicidio-doloso-y-la-extorsion\/#article","isPartOf":{"@id":"https:\/\/www.sonoraenequipo.com.mx\/acuerdan-gobernadora-de-sonora-y-gabinete-de-seguridad-federal-focalizar-acciones-contra-el-homicidio-doloso-y-la-extorsion\/"},"author":{"name":"enequipo","@id":"https:\/\/www.sonoraenequipo.com.mx\/#\/schema\/person\/50102df0fb23a8fa9e8effad8fa81386"},"headline":"Acuerdan Gobernadora de Sonora y Gabinete de Seguridad federal focalizar acciones contra el homicidio doloso y la extorsi\u00f3n","datePublished":"2021-05-12T21:34:18+00:00","dateModified":"2021-05-13T14:12:55+00:00","mainEntityOfPage":{"@id":"https:\/\/www.sonoraenequipo.com.mx\/acuerdan-gobernadora-de-sonora-y-gabinete-de-seguridad-federal-focalizar-acciones-contra-el-homicidio-doloso-y-la-extorsion\/"},"wordCount":419,"commentCount":0,"publisher":{"@id":"https:\/\/www.sonoraenequipo.com.mx\/#organization"},"image":{"@id":"https:\/\/www.sonoraenequipo.com.mx\/acuerdan-gobernadora-de-sonora-y-gabinete-de-seguridad-federal-focalizar-acciones-contra-el-homicidio-doloso-y-la-extorsion\/#primaryimage"},"thumbnailUrl":"https:\/\/www.sonoraenequipo.com.mx\/storage\/2021\/05\/Gabinete-de-seguridad-acuerda-con-sonora_opt.jpg","articleSection":["Rep\u00fablica"],"inLanguage":"es","potentialAction":[{"@type":"CommentAction","name":"Comment","target":["https:\/\/www.sonoraenequipo.com.mx\/acuerdan-gobernadora-de-sonora-y-gabinete-de-seguridad-federal-focalizar-acciones-contra-el-homicidio-doloso-y-la-extorsion\/#respond"]}]},{"@type":"WebPage","@id":"https:\/\/www.sonoraenequipo.com.mx\/acuerdan-gobernadora-de-sonora-y-gabinete-de-seguridad-federal-focalizar-acciones-contra-el-homicidio-doloso-y-la-extorsion\/","url":"https:\/\/www.sonoraenequipo.com.mx\/acuerdan-gobernadora-de-sonora-y-gabinete-de-seguridad-federal-focalizar-acciones-contra-el-homicidio-doloso-y-la-extorsion\/","name":"Sonora en Equipo. Acuerdan Gobernadora de Sonora y Gabinete de Seguridad federal focalizar acciones contra el homicidio doloso y la extorsi\u00f3n Rep\u00fablica","isPartOf":{"@id":"https:\/\/www.sonoraenequipo.com.mx\/#website"},"primaryImageOfPage":{"@id":"https:\/\/www.sonoraenequipo.com.mx\/acuerdan-gobernadora-de-sonora-y-gabinete-de-seguridad-federal-focalizar-acciones-contra-el-homicidio-doloso-y-la-extorsion\/#primaryimage"},"image":{"@id":"https:\/\/www.sonoraenequipo.com.mx\/acuerdan-gobernadora-de-sonora-y-gabinete-de-seguridad-federal-focalizar-acciones-contra-el-homicidio-doloso-y-la-extorsion\/#primaryimage"},"thumbnailUrl":"https:\/\/www.sonoraenequipo.com.mx\/storage\/2021\/05\/Gabinete-de-seguridad-acuerda-con-sonora_opt.jpg","datePublished":"2021-05-12T21:34:18+00:00","dateModified":"2021-05-13T14:12:55+00:00","description":"La gobernadora Pavlovich expuso la necesidad de brindarles a las y los sonorenses tranquilidad en sus comunidades &nbsp; CIUDAD DE M\u00c9XICO.MX. \u2014 El En Sonora en Equipo publicamos toda la informaci\u00f3n de Sonora, M\u00e9xico y el Mundo de manera oportuna y busca que la libertad de expresi\u00f3n sea real. Visita nuestro medio informativo publicado desde Hermosillo, Sonora. %","breadcrumb":{"@id":"https:\/\/www.sonoraenequipo.com.mx\/acuerdan-gobernadora-de-sonora-y-gabinete-de-seguridad-federal-focalizar-acciones-contra-el-homicidio-doloso-y-la-extorsion\/#breadcrumb"},"inLanguage":"es","potentialAction":[{"@type":"ReadAction","target":["https:\/\/www.sonoraenequipo.com.mx\/acuerdan-gobernadora-de-sonora-y-gabinete-de-seguridad-federal-focalizar-acciones-contra-el-homicidio-doloso-y-la-extorsion\/"]}]},{"@type":"ImageObject","inLanguage":"es","@id":"https:\/\/www.sonoraenequipo.com.mx\/acuerdan-gobernadora-de-sonora-y-gabinete-de-seguridad-federal-focalizar-acciones-contra-el-homicidio-doloso-y-la-extorsion\/#primaryimage","url":"https:\/\/www.sonoraenequipo.com.mx\/storage\/2021\/05\/Gabinete-de-seguridad-acuerda-con-sonora_opt.jpg","contentUrl":"https:\/\/www.sonoraenequipo.com.mx\/storage\/2021\/05\/Gabinete-de-seguridad-acuerda-con-sonora_opt.jpg","width":700,"height":400},{"@type":"BreadcrumbList","@id":"https:\/\/www.sonoraenequipo.com.mx\/acuerdan-gobernadora-de-sonora-y-gabinete-de-seguridad-federal-focalizar-acciones-contra-el-homicidio-doloso-y-la-extorsion\/#breadcrumb","itemListElement":[{"@type":"ListItem","position":1,"name":"Portada","item":"https:\/\/www.sonoraenequipo.com.mx\/"},{"@type":"ListItem","position":2,"name":"Acuerdan Gobernadora de Sonora y Gabinete de Seguridad federal focalizar acciones contra el homicidio doloso y la extorsi\u00f3n"}]},{"@type":"WebSite","@id":"https:\/\/www.sonoraenequipo.com.mx\/#website","url":"https:\/\/www.sonoraenequipo.com.mx\/","name":"Sonora en Equipo.","description":"Diario en l\u00ednea con Noticias desde Hermosillo, Sonora","publisher":{"@id":"https:\/\/www.sonoraenequipo.com.mx\/#organization"},"potentialAction":[{"@type":"SearchAction","target":{"@type":"EntryPoint","urlTemplate":"https:\/\/www.sonoraenequipo.com.mx\/?s={search_term_string}"},"query-input":{"@type":"PropertyValueSpecification","valueRequired":true,"valueName":"search_term_string"}}],"inLanguage":"es"},{"@type":"Organization","@id":"https:\/\/www.sonoraenequipo.com.mx\/#organization","name":"Sonoraenequipo.com.mx","url":"https:\/\/www.sonoraenequipo.com.mx\/","logo":{"@type":"ImageObject","inLanguage":"es","@id":"https:\/\/www.sonoraenequipo.com.mx\/#\/schema\/logo\/image\/","url":"https:\/\/www.sonoraenequipo.com.mx\/storage\/2019\/01\/sonoraenequipo_opt.png","contentUrl":"https:\/\/www.sonoraenequipo.com.mx\/storage\/2019\/01\/sonoraenequipo_opt.png","width":375,"height":125,"caption":"Sonoraenequipo.com.mx"},"image":{"@id":"https:\/\/www.sonoraenequipo.com.mx\/#\/schema\/logo\/image\/"},"sameAs":["https:\/\/www.facebook.com\/SonoraEE\/","https:\/\/x.com\/sonoraenequipo","https:\/\/www.youtube.com\/channel\/UC338nW-lPEYmJQs4ZABQ1SQ"]},{"@type":"Person","@id":"https:\/\/www.sonoraenequipo.com.mx\/#\/schema\/person\/50102df0fb23a8fa9e8effad8fa81386","name":"enequipo","image":{"@type":"ImageObject","inLanguage":"es","@id":"https:\/\/www.sonoraenequipo.com.mx\/#\/schema\/person\/image\/","url":"https:\/\/secure.gravatar.com\/avatar\/049821681b589dabc0bc20695993ccebb09f5b5d4d790cd9251b97faac7c652b?s=96&d=blank&r=g","contentUrl":"https:\/\/secure.gravatar.com\/avatar\/049821681b589dabc0bc20695993ccebb09f5b5d4d790cd9251b97faac7c652b?s=96&d=blank&r=g","caption":"enequipo"},"sameAs":["https:\/\/www.facebook.com\/SonoraEE"]}]}},"jetpack_featured_media_url":"https:\/\/www.sonoraenequipo.com.mx\/storage\/2021\/05\/Gabinete-de-seguridad-acuerda-con-sonora_opt.jpg","_links":{"self":[{"href":"https:\/\/www.sonoraenequipo.com.mx\/api\/wp\/v2\/posts\/113819","targetHints":{"allow":["GET"]}}],"collection":[{"href":"https:\/\/www.sonoraenequipo.com.mx\/api\/wp\/v2\/posts"}],"about":[{"href":"https:\/\/www.sonoraenequipo.com.mx\/api\/wp\/v2\/types\/post"}],"author":[{"embeddable":true,"href":"https:\/\/www.sonoraenequipo.com.mx\/api\/wp\/v2\/users\/1"}],"replies":[{"embeddable":true,"href":"https:\/\/www.sonoraenequipo.com.mx\/api\/wp\/v2\/comments?post=113819"}],"version-history":[{"count":2,"href":"https:\/\/www.sonoraenequipo.com.mx\/api\/wp\/v2\/posts\/113819\/revisions"}],"predecessor-version":[{"id":113822,"href":"https:\/\/www.sonoraenequipo.com.mx\/api\/wp\/v2\/posts\/113819\/revisions\/113822"}],"wp:featuredmedia":[{"embeddable":true,"href":"https:\/\/www.sonoraenequipo.com.mx\/api\/wp\/v2\/media\/113820"}],"wp:attachment":[{"href":"https:\/\/www.sonoraenequipo.com.mx\/api\/wp\/v2\/media?parent=113819"}],"wp:term":[{"taxonomy":"category","embeddable":true,"href":"https:\/\/www.sonoraenequipo.com.mx\/api\/wp\/v2\/categories?post=113819"},{"taxonomy":"post_tag","embeddable":true,"href":"https:\/\/www.sonoraenequipo.com.mx\/api\/wp\/v2\/tags?post=113819"}],"curies":[{"name":"wp","href":"https:\/\/api.w.org\/{rel}","templated":true}]}}