{"id":113823,"date":"2021-05-12T13:17:55","date_gmt":"2021-05-12T20:17:55","guid":{"rendered":"https:\/\/www.sonoraenequipo.com.mx\/?p=113823"},"modified":"2021-05-13T07:30:02","modified_gmt":"2021-05-13T14:30:02","slug":"busca-diputado-carlos-navarrete-se-incluyan-utiles-escolares-gratuitos-como-apoyo-a-padres-de-familia","status":"publish","type":"post","link":"https:\/\/www.sonoraenequipo.com.mx\/busca-diputado-carlos-navarrete-se-incluyan-utiles-escolares-gratuitos-como-apoyo-a-padres-de-familia\/","title":{"rendered":"Busca diputado Carlos Navarrete se incluyan \u00fatiles escolares gratuitos como apoyo a padres de familia"},"content":{"rendered":"<p>HERMOSILLO, SONORA.MX. \u2014 Con la finalidad de incrementar el apoyo a los padres de familia ante la situaci\u00f3n econ\u00f3mica actual, el diputado Carlos Navarrete Aguirre present\u00f3 una iniciativa para agregar \u00fatiles escolares a la Ley que establece la entrega de uniformes gratuitos.<\/p>\n<p>&nbsp;<\/p>\n<p> <\/p>\n<p>&nbsp;<\/p>\n<p>El legislador del S\u00e9ptimo Distrito Sonorense manifest\u00f3 que, si bien este apoyo existe desde 2014, a la fecha se ha tornado insuficiente debido a la problem\u00e1tica situaci\u00f3n econ\u00f3mica derivada de la pandemia que se vive hoy en d\u00eda.<\/p>\n<p>&nbsp;<\/p>\n<p><em>\u00abActualmente no es suficiente por la situaci\u00f3n que estamos padeciendo, en medio de una crisis econ\u00f3mica provocada por la contingencia sanitaria que nos queja, donde se han perdido empleos y han cerrado negocios\u00bb,<\/em> manifest\u00f3.<\/p>\n<p>&nbsp;<\/p>\n<p>Ante esto, solicit\u00f3 que se establezca como parte del programa de uniformes escolares la entrega de \u00fatiles para los alumnos, lo que representar\u00e1 una ayuda m\u00e1s significativa para las familias sonorenses.<\/p>\n<p>&nbsp;<\/p>\n<p>La iniciativa fue turnada a la Comisi\u00f3n de Educaci\u00f3n para su estudio, an\u00e1lisis y, en su caso, dictaminaci\u00f3n, a la espera de que sea incluida en el orden del d\u00eda de una pr\u00f3xima sesi\u00f3n de Pleno para su votaci\u00f3n.<\/p>\n<p>&nbsp;<\/p>\n<p>(Publicada el 12\/05\/2021)<\/p>\n","protected":false},"excerpt":{"rendered":"<p>HERMOSILLO, SONORA.MX. \u2014 Con la finalidad de incrementar el apoyo a los padres de familia&#8230;<\/p>\n","protected":false},"author":1,"featured_media":113824,"comment_status":"open","ping_status":"open","sticky":false,"template":"","format":"standard","meta":{"_monsterinsights_skip_tracking":false,"_monsterinsights_sitenote_active":false,"_monsterinsights_sitenote_note":"","_monsterinsights_sitenote_category":0,"footnotes":""},"categories":[3281],"tags":[],"class_list":["post"],"yoast_head":" \n<title>Sonora en Equipo. Busca diputado Carlos Navarrete se incluyan \u00fatiles escolares gratuitos como apoyo a padres de familia Congreso<\/title>\n<meta name=\"description\" content=\"HERMOSILLO, SONORA.MX. \u2014 Con la finalidad de incrementar el apoyo a los padres de familia ante la situaci\u00f3n econ\u00f3mica actual, el diputado Carlos Navarrete En Sonora en Equipo publicamos toda la informaci\u00f3n de Sonora, M\u00e9xico y el Mundo de manera oportuna y busca que la libertad de expresi\u00f3n sea real. Visita nuestro medio informativo publicado desde Hermosillo, Sonora. %\" \/>\n<meta name=\"robots\" content=\"index, follow, max-snippet:-1, max-image-preview:large, max-video-preview:-1\" \/>\n<link rel=\"canonical\" href=\"https:\/\/www.sonoraenequipo.com.mx\/busca-diputado-carlos-navarrete-se-incluyan-utiles-escolares-gratuitos-como-apoyo-a-padres-de-familia\/\" \/>\n<meta property=\"og:locale\" content=\"es_ES\" \/>\n<meta property=\"og:type\" content=\"article\" \/>\n<meta property=\"og:title\" content=\"Sonora en Equipo. Busca diputado Carlos Navarrete se incluyan \u00fatiles escolares gratuitos como apoyo a padres de familia Congreso\" \/>\n<meta property=\"og:description\" content=\"HERMOSILLO, SONORA.MX. \u2014 Con la finalidad de incrementar el apoyo a los padres de familia ante la situaci\u00f3n econ\u00f3mica actual, el diputado Carlos Navarrete En Sonora en Equipo publicamos toda la informaci\u00f3n de Sonora, M\u00e9xico y el Mundo de manera oportuna y busca que la libertad de expresi\u00f3n sea real. Visita nuestro medio informativo publicado desde Hermosillo, Sonora. %\" \/>\n<meta property=\"og:url\" content=\"https:\/\/www.sonoraenequipo.com.mx\/busca-diputado-carlos-navarrete-se-incluyan-utiles-escolares-gratuitos-como-apoyo-a-padres-de-familia\/\" \/>\n<meta property=\"og:site_name\" content=\"Sonora en Equipo.\" \/>\n<meta property=\"article:publisher\" content=\"https:\/\/www.facebook.com\/SonoraEE\/\" \/>\n<meta property=\"article:author\" content=\"https:\/\/www.facebook.com\/SonoraEE\" \/>\n<meta property=\"article:published_time\" content=\"2021-05-12T20:17:55+00:00\" \/>\n<meta property=\"article:modified_time\" content=\"2021-05-13T14:30:02+00:00\" \/>\n<meta property=\"og:image\" content=\"https:\/\/www.sonoraenequipo.com.mx\/storage\/2021\/05\/Dip-Carlos-Navarrete-7\u00b0-distrito-local_opt.jpg\" \/>\n\t<meta property=\"og:image:width\" content=\"700\" \/>\n\t<meta property=\"og:image:height\" content=\"401\" \/>\n\t<meta property=\"og:image:type\" content=\"image\/jpeg\" \/>\n<meta name=\"author\" content=\"enequipo\" \/>\n<meta name=\"twitter:card\" content=\"summary_large_image\" \/>\n<meta name=\"twitter:creator\" content=\"@sonoraenequipo\" \/>\n<meta name=\"twitter:site\" content=\"@sonoraenequipo\" \/>\n<meta name=\"twitter:label1\" content=\"Escrito por\" \/>\n\t<meta name=\"twitter:data1\" content=\"enequipo\" \/>\n\t<meta name=\"twitter:label2\" content=\"Tiempo de lectura\" \/>\n\t<meta name=\"twitter:data2\" content=\"1 minuto\" \/>\n<script type=\"application\/ld+json\" class=\"yoast-schema-graph\">{\"@context\":\"https:\/\/schema.org\",\"@graph\":[{\"@type\":\"Article\",\"@id\":\"https:\/\/www.sonoraenequipo.com.mx\/busca-diputado-carlos-navarrete-se-incluyan-utiles-escolares-gratuitos-como-apoyo-a-padres-de-familia\/#article\",\"isPartOf\":{\"@id\":\"https:\/\/www.sonoraenequipo.com.mx\/busca-diputado-carlos-navarrete-se-incluyan-utiles-escolares-gratuitos-como-apoyo-a-padres-de-familia\/\"},\"author\":{\"name\":\"enequipo\",\"@id\":\"https:\/\/www.sonoraenequipo.com.mx\/#\/schema\/person\/50102df0fb23a8fa9e8effad8fa81386\"},\"headline\":\"Busca diputado Carlos Navarrete se incluyan \u00fatiles escolares gratuitos como apoyo a padres de familia\",\"datePublished\":\"2021-05-12T20:17:55+00:00\",\"dateModified\":\"2021-05-13T14:30:02+00:00\",\"mainEntityOfPage\":{\"@id\":\"https:\/\/www.sonoraenequipo.com.mx\/busca-diputado-carlos-navarrete-se-incluyan-utiles-escolares-gratuitos-como-apoyo-a-padres-de-familia\/\"},\"wordCount\":224,\"commentCount\":0,\"publisher\":{\"@id\":\"https:\/\/www.sonoraenequipo.com.mx\/#organization\"},\"image\":{\"@id\":\"https:\/\/www.sonoraenequipo.com.mx\/busca-diputado-carlos-navarrete-se-incluyan-utiles-escolares-gratuitos-como-apoyo-a-padres-de-familia\/#primaryimage\"},\"thumbnailUrl\":\"https:\/\/www.sonoraenequipo.com.mx\/storage\/2021\/05\/Dip-Carlos-Navarrete-7\u00b0-distrito-local_opt.jpg\",\"articleSection\":[\"Congreso\"],\"inLanguage\":\"es\",\"potentialAction\":[{\"@type\":\"CommentAction\",\"name\":\"Comment\",\"target\":[\"https:\/\/www.sonoraenequipo.com.mx\/busca-diputado-carlos-navarrete-se-incluyan-utiles-escolares-gratuitos-como-apoyo-a-padres-de-familia\/#respond\"]}]},{\"@type\":\"WebPage\",\"@id\":\"https:\/\/www.sonoraenequipo.com.mx\/busca-diputado-carlos-navarrete-se-incluyan-utiles-escolares-gratuitos-como-apoyo-a-padres-de-familia\/\",\"url\":\"https:\/\/www.sonoraenequipo.com.mx\/busca-diputado-carlos-navarrete-se-incluyan-utiles-escolares-gratuitos-como-apoyo-a-padres-de-familia\/\",\"name\":\"Sonora en Equipo. Busca diputado Carlos Navarrete se incluyan \u00fatiles escolares gratuitos como apoyo a padres de familia Congreso\",\"isPartOf\":{\"@id\":\"https:\/\/www.sonoraenequipo.com.mx\/#website\"},\"primaryImageOfPage\":{\"@id\":\"https:\/\/www.sonoraenequipo.com.mx\/busca-diputado-carlos-navarrete-se-incluyan-utiles-escolares-gratuitos-como-apoyo-a-padres-de-familia\/#primaryimage\"},\"image\":{\"@id\":\"https:\/\/www.sonoraenequipo.com.mx\/busca-diputado-carlos-navarrete-se-incluyan-utiles-escolares-gratuitos-como-apoyo-a-padres-de-familia\/#primaryimage\"},\"thumbnailUrl\":\"https:\/\/www.sonoraenequipo.com.mx\/storage\/2021\/05\/Dip-Carlos-Navarrete-7\u00b0-distrito-local_opt.jpg\",\"datePublished\":\"2021-05-12T20:17:55+00:00\",\"dateModified\":\"2021-05-13T14:30:02+00:00\",\"description\":\"HERMOSILLO, SONORA.MX. \u2014 Con la finalidad de incrementar el apoyo a los padres de familia ante la situaci\u00f3n econ\u00f3mica actual, el diputado Carlos Navarrete En Sonora en Equipo publicamos toda la informaci\u00f3n de Sonora, M\u00e9xico y el Mundo de manera oportuna y busca que la libertad de expresi\u00f3n sea real. Visita nuestro medio informativo publicado desde Hermosillo, Sonora. %\",\"breadcrumb\":{\"@id\":\"https:\/\/www.sonoraenequipo.com.mx\/busca-diputado-carlos-navarrete-se-incluyan-utiles-escolares-gratuitos-como-apoyo-a-padres-de-familia\/#breadcrumb\"},\"inLanguage\":\"es\",\"potentialAction\":[{\"@type\":\"ReadAction\",\"target\":[\"https:\/\/www.sonoraenequipo.com.mx\/busca-diputado-carlos-navarrete-se-incluyan-utiles-escolares-gratuitos-como-apoyo-a-padres-de-familia\/\"]}]},{\"@type\":\"ImageObject\",\"inLanguage\":\"es\",\"@id\":\"https:\/\/www.sonoraenequipo.com.mx\/busca-diputado-carlos-navarrete-se-incluyan-utiles-escolares-gratuitos-como-apoyo-a-padres-de-familia\/#primaryimage\",\"url\":\"https:\/\/www.sonoraenequipo.com.mx\/storage\/2021\/05\/Dip-Carlos-Navarrete-7\u00b0-distrito-local_opt.jpg\",\"contentUrl\":\"https:\/\/www.sonoraenequipo.com.mx\/storage\/2021\/05\/Dip-Carlos-Navarrete-7\u00b0-distrito-local_opt.jpg\",\"width\":700,\"height\":401},{\"@type\":\"BreadcrumbList\",\"@id\":\"https:\/\/www.sonoraenequipo.com.mx\/busca-diputado-carlos-navarrete-se-incluyan-utiles-escolares-gratuitos-como-apoyo-a-padres-de-familia\/#breadcrumb\",\"itemListElement\":[{\"@type\":\"ListItem\",\"position\":1,\"name\":\"Portada\",\"item\":\"https:\/\/www.sonoraenequipo.com.mx\/\"},{\"@type\":\"ListItem\",\"position\":2,\"name\":\"Busca diputado Carlos Navarrete se incluyan \u00fatiles escolares gratuitos como apoyo a padres de familia\"}]},{\"@type\":\"WebSite\",\"@id\":\"https:\/\/www.sonoraenequipo.com.mx\/#website\",\"url\":\"https:\/\/www.sonoraenequipo.com.mx\/\",\"name\":\"Sonora en Equipo.\",\"description\":\"Diario en l\u00ednea con Noticias desde Hermosillo, Sonora\",\"publisher\":{\"@id\":\"https:\/\/www.sonoraenequipo.com.mx\/#organization\"},\"potentialAction\":[{\"@type\":\"SearchAction\",\"target\":{\"@type\":\"EntryPoint\",\"urlTemplate\":\"https:\/\/www.sonoraenequipo.com.mx\/?s={search_term_string}\"},\"query-input\":{\"@type\":\"PropertyValueSpecification\",\"valueRequired\":true,\"valueName\":\"search_term_string\"}}],\"inLanguage\":\"es\"},{\"@type\":\"Organization\",\"@id\":\"https:\/\/www.sonoraenequipo.com.mx\/#organization\",\"name\":\"Sonoraenequipo.com.mx\",\"url\":\"https:\/\/www.sonoraenequipo.com.mx\/\",\"logo\":{\"@type\":\"ImageObject\",\"inLanguage\":\"es\",\"@id\":\"https:\/\/www.sonoraenequipo.com.mx\/#\/schema\/logo\/image\/\",\"url\":\"https:\/\/www.sonoraenequipo.com.mx\/storage\/2019\/01\/sonoraenequipo_opt.png\",\"contentUrl\":\"https:\/\/www.sonoraenequipo.com.mx\/storage\/2019\/01\/sonoraenequipo_opt.png\",\"width\":375,\"height\":125,\"caption\":\"Sonoraenequipo.com.mx\"},\"image\":{\"@id\":\"https:\/\/www.sonoraenequipo.com.mx\/#\/schema\/logo\/image\/\"},\"sameAs\":[\"https:\/\/www.facebook.com\/SonoraEE\/\",\"https:\/\/x.com\/sonoraenequipo\",\"https:\/\/www.youtube.com\/channel\/UC338nW-lPEYmJQs4ZABQ1SQ\"]},{\"@type\":\"Person\",\"@id\":\"https:\/\/www.sonoraenequipo.com.mx\/#\/schema\/person\/50102df0fb23a8fa9e8effad8fa81386\",\"name\":\"enequipo\",\"image\":{\"@type\":\"ImageObject\",\"inLanguage\":\"es\",\"@id\":\"https:\/\/www.sonoraenequipo.com.mx\/#\/schema\/person\/image\/\",\"url\":\"https:\/\/secure.gravatar.com\/avatar\/049821681b589dabc0bc20695993ccebb09f5b5d4d790cd9251b97faac7c652b?s=96&d=blank&r=g\",\"contentUrl\":\"https:\/\/secure.gravatar.com\/avatar\/049821681b589dabc0bc20695993ccebb09f5b5d4d790cd9251b97faac7c652b?s=96&d=blank&r=g\",\"caption\":\"enequipo\"},\"sameAs\":[\"https:\/\/www.facebook.com\/SonoraEE\"]}]}<\/script>\n ","yoast_head_json":{"title":"Sonora en Equipo. Busca diputado Carlos Navarrete se incluyan \u00fatiles escolares gratuitos como apoyo a padres de familia Congreso","description":"HERMOSILLO, SONORA.MX. \u2014 Con la finalidad de incrementar el apoyo a los padres de familia ante la situaci\u00f3n econ\u00f3mica actual, el diputado Carlos Navarrete En Sonora en Equipo publicamos toda la informaci\u00f3n de Sonora, M\u00e9xico y el Mundo de manera oportuna y busca que la libertad de expresi\u00f3n sea real. Visita nuestro medio informativo publicado desde Hermosillo, Sonora. %","robots":{"index":"index","follow":"follow","max-snippet":"max-snippet:-1","max-image-preview":"max-image-preview:large","max-video-preview":"max-video-preview:-1"},"canonical":"https:\/\/www.sonoraenequipo.com.mx\/busca-diputado-carlos-navarrete-se-incluyan-utiles-escolares-gratuitos-como-apoyo-a-padres-de-familia\/","og_locale":"es_ES","og_type":"article","og_title":"Sonora en Equipo. Busca diputado Carlos Navarrete se incluyan \u00fatiles escolares gratuitos como apoyo a padres de familia Congreso","og_description":"HERMOSILLO, SONORA.MX. \u2014 Con la finalidad de incrementar el apoyo a los padres de familia ante la situaci\u00f3n econ\u00f3mica actual, el diputado Carlos Navarrete En Sonora en Equipo publicamos toda la informaci\u00f3n de Sonora, M\u00e9xico y el Mundo de manera oportuna y busca que la libertad de expresi\u00f3n sea real. Visita nuestro medio informativo publicado desde Hermosillo, Sonora. %","og_url":"https:\/\/www.sonoraenequipo.com.mx\/busca-diputado-carlos-navarrete-se-incluyan-utiles-escolares-gratuitos-como-apoyo-a-padres-de-familia\/","og_site_name":"Sonora en Equipo.","article_publisher":"https:\/\/www.facebook.com\/SonoraEE\/","article_author":"https:\/\/www.facebook.com\/SonoraEE","article_published_time":"2021-05-12T20:17:55+00:00","article_modified_time":"2021-05-13T14:30:02+00:00","og_image":[{"width":700,"height":401,"url":"https:\/\/www.sonoraenequipo.com.mx\/storage\/2021\/05\/Dip-Carlos-Navarrete-7\u00b0-distrito-local_opt.jpg","type":"image\/jpeg"}],"author":"enequipo","twitter_card":"summary_large_image","twitter_creator":"@sonoraenequipo","twitter_site":"@sonoraenequipo","twitter_misc":{"Escrito por":"enequipo","Tiempo de lectura":"1 minuto"},"schema":{"@context":"https:\/\/schema.org","@graph":[{"@type":"Article","@id":"https:\/\/www.sonoraenequipo.com.mx\/busca-diputado-carlos-navarrete-se-incluyan-utiles-escolares-gratuitos-como-apoyo-a-padres-de-familia\/#article","isPartOf":{"@id":"https:\/\/www.sonoraenequipo.com.mx\/busca-diputado-carlos-navarrete-se-incluyan-utiles-escolares-gratuitos-como-apoyo-a-padres-de-familia\/"},"author":{"name":"enequipo","@id":"https:\/\/www.sonoraenequipo.com.mx\/#\/schema\/person\/50102df0fb23a8fa9e8effad8fa81386"},"headline":"Busca diputado Carlos Navarrete se incluyan \u00fatiles escolares gratuitos como apoyo a padres de familia","datePublished":"2021-05-12T20:17:55+00:00","dateModified":"2021-05-13T14:30:02+00:00","mainEntityOfPage":{"@id":"https:\/\/www.sonoraenequipo.com.mx\/busca-diputado-carlos-navarrete-se-incluyan-utiles-escolares-gratuitos-como-apoyo-a-padres-de-familia\/"},"wordCount":224,"commentCount":0,"publisher":{"@id":"https:\/\/www.sonoraenequipo.com.mx\/#organization"},"image":{"@id":"https:\/\/www.sonoraenequipo.com.mx\/busca-diputado-carlos-navarrete-se-incluyan-utiles-escolares-gratuitos-como-apoyo-a-padres-de-familia\/#primaryimage"},"thumbnailUrl":"https:\/\/www.sonoraenequipo.com.mx\/storage\/2021\/05\/Dip-Carlos-Navarrete-7\u00b0-distrito-local_opt.jpg","articleSection":["Congreso"],"inLanguage":"es","potentialAction":[{"@type":"CommentAction","name":"Comment","target":["https:\/\/www.sonoraenequipo.com.mx\/busca-diputado-carlos-navarrete-se-incluyan-utiles-escolares-gratuitos-como-apoyo-a-padres-de-familia\/#respond"]}]},{"@type":"WebPage","@id":"https:\/\/www.sonoraenequipo.com.mx\/busca-diputado-carlos-navarrete-se-incluyan-utiles-escolares-gratuitos-como-apoyo-a-padres-de-familia\/","url":"https:\/\/www.sonoraenequipo.com.mx\/busca-diputado-carlos-navarrete-se-incluyan-utiles-escolares-gratuitos-como-apoyo-a-padres-de-familia\/","name":"Sonora en Equipo. Busca diputado Carlos Navarrete se incluyan \u00fatiles escolares gratuitos como apoyo a padres de familia Congreso","isPartOf":{"@id":"https:\/\/www.sonoraenequipo.com.mx\/#website"},"primaryImageOfPage":{"@id":"https:\/\/www.sonoraenequipo.com.mx\/busca-diputado-carlos-navarrete-se-incluyan-utiles-escolares-gratuitos-como-apoyo-a-padres-de-familia\/#primaryimage"},"image":{"@id":"https:\/\/www.sonoraenequipo.com.mx\/busca-diputado-carlos-navarrete-se-incluyan-utiles-escolares-gratuitos-como-apoyo-a-padres-de-familia\/#primaryimage"},"thumbnailUrl":"https:\/\/www.sonoraenequipo.com.mx\/storage\/2021\/05\/Dip-Carlos-Navarrete-7\u00b0-distrito-local_opt.jpg","datePublished":"2021-05-12T20:17:55+00:00","dateModified":"2021-05-13T14:30:02+00:00","description":"HERMOSILLO, SONORA.MX. \u2014 Con la finalidad de incrementar el apoyo a los padres de familia ante la situaci\u00f3n econ\u00f3mica actual, el diputado Carlos Navarrete En Sonora en Equipo publicamos toda la informaci\u00f3n de Sonora, M\u00e9xico y el Mundo de manera oportuna y busca que la libertad de expresi\u00f3n sea real. Visita nuestro medio informativo publicado desde Hermosillo, Sonora. %","breadcrumb":{"@id":"https:\/\/www.sonoraenequipo.com.mx\/busca-diputado-carlos-navarrete-se-incluyan-utiles-escolares-gratuitos-como-apoyo-a-padres-de-familia\/#breadcrumb"},"inLanguage":"es","potentialAction":[{"@type":"ReadAction","target":["https:\/\/www.sonoraenequipo.com.mx\/busca-diputado-carlos-navarrete-se-incluyan-utiles-escolares-gratuitos-como-apoyo-a-padres-de-familia\/"]}]},{"@type":"ImageObject","inLanguage":"es","@id":"https:\/\/www.sonoraenequipo.com.mx\/busca-diputado-carlos-navarrete-se-incluyan-utiles-escolares-gratuitos-como-apoyo-a-padres-de-familia\/#primaryimage","url":"https:\/\/www.sonoraenequipo.com.mx\/storage\/2021\/05\/Dip-Carlos-Navarrete-7\u00b0-distrito-local_opt.jpg","contentUrl":"https:\/\/www.sonoraenequipo.com.mx\/storage\/2021\/05\/Dip-Carlos-Navarrete-7\u00b0-distrito-local_opt.jpg","width":700,"height":401},{"@type":"BreadcrumbList","@id":"https:\/\/www.sonoraenequipo.com.mx\/busca-diputado-carlos-navarrete-se-incluyan-utiles-escolares-gratuitos-como-apoyo-a-padres-de-familia\/#breadcrumb","itemListElement":[{"@type":"ListItem","position":1,"name":"Portada","item":"https:\/\/www.sonoraenequipo.com.mx\/"},{"@type":"ListItem","position":2,"name":"Busca diputado Carlos Navarrete se incluyan \u00fatiles escolares gratuitos como apoyo a padres de familia"}]},{"@type":"WebSite","@id":"https:\/\/www.sonoraenequipo.com.mx\/#website","url":"https:\/\/www.sonoraenequipo.com.mx\/","name":"Sonora en Equipo.","description":"Diario en l\u00ednea con Noticias desde Hermosillo, Sonora","publisher":{"@id":"https:\/\/www.sonoraenequipo.com.mx\/#organization"},"potentialAction":[{"@type":"SearchAction","target":{"@type":"EntryPoint","urlTemplate":"https:\/\/www.sonoraenequipo.com.mx\/?s={search_term_string}"},"query-input":{"@type":"PropertyValueSpecification","valueRequired":true,"valueName":"search_term_string"}}],"inLanguage":"es"},{"@type":"Organization","@id":"https:\/\/www.sonoraenequipo.com.mx\/#organization","name":"Sonoraenequipo.com.mx","url":"https:\/\/www.sonoraenequipo.com.mx\/","logo":{"@type":"ImageObject","inLanguage":"es","@id":"https:\/\/www.sonoraenequipo.com.mx\/#\/schema\/logo\/image\/","url":"https:\/\/www.sonoraenequipo.com.mx\/storage\/2019\/01\/sonoraenequipo_opt.png","contentUrl":"https:\/\/www.sonoraenequipo.com.mx\/storage\/2019\/01\/sonoraenequipo_opt.png","width":375,"height":125,"caption":"Sonoraenequipo.com.mx"},"image":{"@id":"https:\/\/www.sonoraenequipo.com.mx\/#\/schema\/logo\/image\/"},"sameAs":["https:\/\/www.facebook.com\/SonoraEE\/","https:\/\/x.com\/sonoraenequipo","https:\/\/www.youtube.com\/channel\/UC338nW-lPEYmJQs4ZABQ1SQ"]},{"@type":"Person","@id":"https:\/\/www.sonoraenequipo.com.mx\/#\/schema\/person\/50102df0fb23a8fa9e8effad8fa81386","name":"enequipo","image":{"@type":"ImageObject","inLanguage":"es","@id":"https:\/\/www.sonoraenequipo.com.mx\/#\/schema\/person\/image\/","url":"https:\/\/secure.gravatar.com\/avatar\/049821681b589dabc0bc20695993ccebb09f5b5d4d790cd9251b97faac7c652b?s=96&d=blank&r=g","contentUrl":"https:\/\/secure.gravatar.com\/avatar\/049821681b589dabc0bc20695993ccebb09f5b5d4d790cd9251b97faac7c652b?s=96&d=blank&r=g","caption":"enequipo"},"sameAs":["https:\/\/www.facebook.com\/SonoraEE"]}]}},"jetpack_featured_media_url":"https:\/\/www.sonoraenequipo.com.mx\/storage\/2021\/05\/Dip-Carlos-Navarrete-7\u00b0-distrito-local_opt.jpg","_links":{"self":[{"href":"https:\/\/www.sonoraenequipo.com.mx\/api\/wp\/v2\/posts\/113823","targetHints":{"allow":["GET"]}}],"collection":[{"href":"https:\/\/www.sonoraenequipo.com.mx\/api\/wp\/v2\/posts"}],"about":[{"href":"https:\/\/www.sonoraenequipo.com.mx\/api\/wp\/v2\/types\/post"}],"author":[{"embeddable":true,"href":"https:\/\/www.sonoraenequipo.com.mx\/api\/wp\/v2\/users\/1"}],"replies":[{"embeddable":true,"href":"https:\/\/www.sonoraenequipo.com.mx\/api\/wp\/v2\/comments?post=113823"}],"version-history":[{"count":1,"href":"https:\/\/www.sonoraenequipo.com.mx\/api\/wp\/v2\/posts\/113823\/revisions"}],"predecessor-version":[{"id":113825,"href":"https:\/\/www.sonoraenequipo.com.mx\/api\/wp\/v2\/posts\/113823\/revisions\/113825"}],"wp:featuredmedia":[{"embeddable":true,"href":"https:\/\/www.sonoraenequipo.com.mx\/api\/wp\/v2\/media\/113824"}],"wp:attachment":[{"href":"https:\/\/www.sonoraenequipo.com.mx\/api\/wp\/v2\/media?parent=113823"}],"wp:term":[{"taxonomy":"category","embeddable":true,"href":"https:\/\/www.sonoraenequipo.com.mx\/api\/wp\/v2\/categories?post=113823"},{"taxonomy":"post_tag","embeddable":true,"href":"https:\/\/www.sonoraenequipo.com.mx\/api\/wp\/v2\/tags?post=113823"}],"curies":[{"name":"wp","href":"https:\/\/api.w.org\/{rel}","templated":true}]}}