{"id":114050,"date":"2021-05-15T17:21:35","date_gmt":"2021-05-16T00:21:35","guid":{"rendered":"https:\/\/www.sonoraenequipo.com.mx\/?p=114050"},"modified":"2021-05-15T22:16:07","modified_gmt":"2021-05-16T05:16:07","slug":"brasil-el-promedio-de-muertes-por-covid-19-cayo-a-su-menor-nivel-en-dos-meses","status":"publish","type":"post","link":"https:\/\/www.sonoraenequipo.com.mx\/brasil-el-promedio-de-muertes-por-covid-19-cayo-a-su-menor-nivel-en-dos-meses\/","title":{"rendered":"BRASIL. El promedio de muertes por covid-19 cay\u00f3 a su menor nivel en dos meses"},"content":{"rendered":"<p>BRASILIA, GRASIL. \u2014 Brasil, uno de los pa\u00edses m\u00e1s castigados por la covid-19 en el mundo, registr\u00f3 en las \u00faltimas 24 horas 2.087 nuevos fallecimientos por coronavirus y acumul\u00f3 434.715 v\u00edctimas desde el inicio de la pandemia, pero el promedio de fallecimientos en una semana cay\u00f3 este s\u00e1bado a su menor nivel en dos meses.<\/p>\n<p>&nbsp;<\/p>\n<p> <\/p>\n<p>&nbsp;<\/p>\n<p>De acuerdo con el bolet\u00edn divulgado este s\u00e1bado (15.05.2021) por el Ministerio de Salud, en las \u00faltimas 24 horas tambi\u00e9n se registraron 67.009 nuevos contagios, con lo que el total de casos lleg\u00f3 a 15.586.534 desde el inicio de la pandemia, hace poco m\u00e1s de quince meses.<br \/>\nProveedores de contenidos.<\/p>\n<p>&nbsp;<\/p>\n<p>&nbsp;<\/p>\n<p>(Publicada el 15\/05\/2021)<\/p>\n","protected":false},"excerpt":{"rendered":"<p>BRASILIA, GRASIL. \u2014 Brasil, uno de los pa\u00edses m\u00e1s castigados por la covid-19 en el&#8230;<\/p>\n","protected":false},"author":1,"featured_media":114062,"comment_status":"open","ping_status":"open","sticky":false,"template":"","format":"standard","meta":{"_monsterinsights_skip_tracking":false,"_monsterinsights_sitenote_active":false,"_monsterinsights_sitenote_note":"","_monsterinsights_sitenote_category":0,"footnotes":""},"categories":[3],"tags":[],"class_list":["post"],"yoast_head":" \n<title>Sonora en Equipo. BRASIL. El promedio de muertes por covid-19 cay\u00f3 a su menor nivel en dos meses MUNDO<\/title>\n<meta name=\"description\" content=\"BRASILIA, GRASIL. \u2014 Brasil, uno de los pa\u00edses m\u00e1s castigados por la covid-19 en el mundo, registr\u00f3 en las \u00faltimas 24 horas 2.087 nuevos fallecimientos por En Sonora en Equipo publicamos toda la informaci\u00f3n de Sonora, M\u00e9xico y el Mundo de manera oportuna y busca que la libertad de expresi\u00f3n sea real. Visita nuestro medio informativo publicado desde Hermosillo, Sonora. %\" \/>\n<meta name=\"robots\" content=\"index, follow, max-snippet:-1, max-image-preview:large, max-video-preview:-1\" \/>\n<link rel=\"canonical\" href=\"https:\/\/www.sonoraenequipo.com.mx\/brasil-el-promedio-de-muertes-por-covid-19-cayo-a-su-menor-nivel-en-dos-meses\/\" \/>\n<meta property=\"og:locale\" content=\"es_ES\" \/>\n<meta property=\"og:type\" content=\"article\" \/>\n<meta property=\"og:title\" content=\"Sonora en Equipo. BRASIL. El promedio de muertes por covid-19 cay\u00f3 a su menor nivel en dos meses MUNDO\" \/>\n<meta property=\"og:description\" content=\"BRASILIA, GRASIL. \u2014 Brasil, uno de los pa\u00edses m\u00e1s castigados por la covid-19 en el mundo, registr\u00f3 en las \u00faltimas 24 horas 2.087 nuevos fallecimientos por En Sonora en Equipo publicamos toda la informaci\u00f3n de Sonora, M\u00e9xico y el Mundo de manera oportuna y busca que la libertad de expresi\u00f3n sea real. Visita nuestro medio informativo publicado desde Hermosillo, Sonora. %\" \/>\n<meta property=\"og:url\" content=\"https:\/\/www.sonoraenequipo.com.mx\/brasil-el-promedio-de-muertes-por-covid-19-cayo-a-su-menor-nivel-en-dos-meses\/\" \/>\n<meta property=\"og:site_name\" content=\"Sonora en Equipo.\" \/>\n<meta property=\"article:publisher\" content=\"https:\/\/www.facebook.com\/SonoraEE\/\" \/>\n<meta property=\"article:author\" content=\"https:\/\/www.facebook.com\/SonoraEE\" \/>\n<meta property=\"article:published_time\" content=\"2021-05-16T00:21:35+00:00\" \/>\n<meta property=\"article:modified_time\" content=\"2021-05-16T05:16:07+00:00\" \/>\n<meta property=\"og:image\" content=\"https:\/\/www.sonoraenequipo.com.mx\/storage\/2021\/05\/brasil-coronavirus_opt.jpg\" \/>\n\t<meta property=\"og:image:width\" content=\"700\" \/>\n\t<meta property=\"og:image:height\" content=\"400\" \/>\n\t<meta property=\"og:image:type\" content=\"image\/jpeg\" \/>\n<meta name=\"author\" content=\"enequipo\" \/>\n<meta name=\"twitter:card\" content=\"summary_large_image\" \/>\n<meta name=\"twitter:creator\" content=\"@sonoraenequipo\" \/>\n<meta name=\"twitter:site\" content=\"@sonoraenequipo\" \/>\n<meta name=\"twitter:label1\" content=\"Escrito por\" \/>\n\t<meta name=\"twitter:data1\" content=\"enequipo\" \/>\n\t<meta name=\"twitter:label2\" content=\"Tiempo de lectura\" \/>\n\t<meta name=\"twitter:data2\" content=\"1 minuto\" \/>\n<script type=\"application\/ld+json\" class=\"yoast-schema-graph\">{\"@context\":\"https:\/\/schema.org\",\"@graph\":[{\"@type\":\"Article\",\"@id\":\"https:\/\/www.sonoraenequipo.com.mx\/brasil-el-promedio-de-muertes-por-covid-19-cayo-a-su-menor-nivel-en-dos-meses\/#article\",\"isPartOf\":{\"@id\":\"https:\/\/www.sonoraenequipo.com.mx\/brasil-el-promedio-de-muertes-por-covid-19-cayo-a-su-menor-nivel-en-dos-meses\/\"},\"author\":{\"name\":\"enequipo\",\"@id\":\"https:\/\/www.sonoraenequipo.com.mx\/#\/schema\/person\/50102df0fb23a8fa9e8effad8fa81386\"},\"headline\":\"BRASIL. El promedio de muertes por covid-19 cay\u00f3 a su menor nivel en dos meses\",\"datePublished\":\"2021-05-16T00:21:35+00:00\",\"dateModified\":\"2021-05-16T05:16:07+00:00\",\"mainEntityOfPage\":{\"@id\":\"https:\/\/www.sonoraenequipo.com.mx\/brasil-el-promedio-de-muertes-por-covid-19-cayo-a-su-menor-nivel-en-dos-meses\/\"},\"wordCount\":126,\"commentCount\":0,\"publisher\":{\"@id\":\"https:\/\/www.sonoraenequipo.com.mx\/#organization\"},\"image\":{\"@id\":\"https:\/\/www.sonoraenequipo.com.mx\/brasil-el-promedio-de-muertes-por-covid-19-cayo-a-su-menor-nivel-en-dos-meses\/#primaryimage\"},\"thumbnailUrl\":\"https:\/\/www.sonoraenequipo.com.mx\/storage\/2021\/05\/brasil-coronavirus_opt.jpg\",\"articleSection\":[\"MUNDO\"],\"inLanguage\":\"es\",\"potentialAction\":[{\"@type\":\"CommentAction\",\"name\":\"Comment\",\"target\":[\"https:\/\/www.sonoraenequipo.com.mx\/brasil-el-promedio-de-muertes-por-covid-19-cayo-a-su-menor-nivel-en-dos-meses\/#respond\"]}]},{\"@type\":\"WebPage\",\"@id\":\"https:\/\/www.sonoraenequipo.com.mx\/brasil-el-promedio-de-muertes-por-covid-19-cayo-a-su-menor-nivel-en-dos-meses\/\",\"url\":\"https:\/\/www.sonoraenequipo.com.mx\/brasil-el-promedio-de-muertes-por-covid-19-cayo-a-su-menor-nivel-en-dos-meses\/\",\"name\":\"Sonora en Equipo. BRASIL. El promedio de muertes por covid-19 cay\u00f3 a su menor nivel en dos meses MUNDO\",\"isPartOf\":{\"@id\":\"https:\/\/www.sonoraenequipo.com.mx\/#website\"},\"primaryImageOfPage\":{\"@id\":\"https:\/\/www.sonoraenequipo.com.mx\/brasil-el-promedio-de-muertes-por-covid-19-cayo-a-su-menor-nivel-en-dos-meses\/#primaryimage\"},\"image\":{\"@id\":\"https:\/\/www.sonoraenequipo.com.mx\/brasil-el-promedio-de-muertes-por-covid-19-cayo-a-su-menor-nivel-en-dos-meses\/#primaryimage\"},\"thumbnailUrl\":\"https:\/\/www.sonoraenequipo.com.mx\/storage\/2021\/05\/brasil-coronavirus_opt.jpg\",\"datePublished\":\"2021-05-16T00:21:35+00:00\",\"dateModified\":\"2021-05-16T05:16:07+00:00\",\"description\":\"BRASILIA, GRASIL. \u2014 Brasil, uno de los pa\u00edses m\u00e1s castigados por la covid-19 en el mundo, registr\u00f3 en las \u00faltimas 24 horas 2.087 nuevos fallecimientos por En Sonora en Equipo publicamos toda la informaci\u00f3n de Sonora, M\u00e9xico y el Mundo de manera oportuna y busca que la libertad de expresi\u00f3n sea real. Visita nuestro medio informativo publicado desde Hermosillo, Sonora. %\",\"breadcrumb\":{\"@id\":\"https:\/\/www.sonoraenequipo.com.mx\/brasil-el-promedio-de-muertes-por-covid-19-cayo-a-su-menor-nivel-en-dos-meses\/#breadcrumb\"},\"inLanguage\":\"es\",\"potentialAction\":[{\"@type\":\"ReadAction\",\"target\":[\"https:\/\/www.sonoraenequipo.com.mx\/brasil-el-promedio-de-muertes-por-covid-19-cayo-a-su-menor-nivel-en-dos-meses\/\"]}]},{\"@type\":\"ImageObject\",\"inLanguage\":\"es\",\"@id\":\"https:\/\/www.sonoraenequipo.com.mx\/brasil-el-promedio-de-muertes-por-covid-19-cayo-a-su-menor-nivel-en-dos-meses\/#primaryimage\",\"url\":\"https:\/\/www.sonoraenequipo.com.mx\/storage\/2021\/05\/brasil-coronavirus_opt.jpg\",\"contentUrl\":\"https:\/\/www.sonoraenequipo.com.mx\/storage\/2021\/05\/brasil-coronavirus_opt.jpg\",\"width\":700,\"height\":400},{\"@type\":\"BreadcrumbList\",\"@id\":\"https:\/\/www.sonoraenequipo.com.mx\/brasil-el-promedio-de-muertes-por-covid-19-cayo-a-su-menor-nivel-en-dos-meses\/#breadcrumb\",\"itemListElement\":[{\"@type\":\"ListItem\",\"position\":1,\"name\":\"Portada\",\"item\":\"https:\/\/www.sonoraenequipo.com.mx\/\"},{\"@type\":\"ListItem\",\"position\":2,\"name\":\"BRASIL. El promedio de muertes por covid-19 cay\u00f3 a su menor nivel en dos meses\"}]},{\"@type\":\"WebSite\",\"@id\":\"https:\/\/www.sonoraenequipo.com.mx\/#website\",\"url\":\"https:\/\/www.sonoraenequipo.com.mx\/\",\"name\":\"Sonora en Equipo.\",\"description\":\"Diario en l\u00ednea con Noticias desde Hermosillo, Sonora\",\"publisher\":{\"@id\":\"https:\/\/www.sonoraenequipo.com.mx\/#organization\"},\"potentialAction\":[{\"@type\":\"SearchAction\",\"target\":{\"@type\":\"EntryPoint\",\"urlTemplate\":\"https:\/\/www.sonoraenequipo.com.mx\/?s={search_term_string}\"},\"query-input\":{\"@type\":\"PropertyValueSpecification\",\"valueRequired\":true,\"valueName\":\"search_term_string\"}}],\"inLanguage\":\"es\"},{\"@type\":\"Organization\",\"@id\":\"https:\/\/www.sonoraenequipo.com.mx\/#organization\",\"name\":\"Sonoraenequipo.com.mx\",\"url\":\"https:\/\/www.sonoraenequipo.com.mx\/\",\"logo\":{\"@type\":\"ImageObject\",\"inLanguage\":\"es\",\"@id\":\"https:\/\/www.sonoraenequipo.com.mx\/#\/schema\/logo\/image\/\",\"url\":\"https:\/\/www.sonoraenequipo.com.mx\/storage\/2019\/01\/sonoraenequipo_opt.png\",\"contentUrl\":\"https:\/\/www.sonoraenequipo.com.mx\/storage\/2019\/01\/sonoraenequipo_opt.png\",\"width\":375,\"height\":125,\"caption\":\"Sonoraenequipo.com.mx\"},\"image\":{\"@id\":\"https:\/\/www.sonoraenequipo.com.mx\/#\/schema\/logo\/image\/\"},\"sameAs\":[\"https:\/\/www.facebook.com\/SonoraEE\/\",\"https:\/\/x.com\/sonoraenequipo\",\"https:\/\/www.youtube.com\/channel\/UC338nW-lPEYmJQs4ZABQ1SQ\"]},{\"@type\":\"Person\",\"@id\":\"https:\/\/www.sonoraenequipo.com.mx\/#\/schema\/person\/50102df0fb23a8fa9e8effad8fa81386\",\"name\":\"enequipo\",\"image\":{\"@type\":\"ImageObject\",\"inLanguage\":\"es\",\"@id\":\"https:\/\/www.sonoraenequipo.com.mx\/#\/schema\/person\/image\/\",\"url\":\"https:\/\/secure.gravatar.com\/avatar\/049821681b589dabc0bc20695993ccebb09f5b5d4d790cd9251b97faac7c652b?s=96&d=blank&r=g\",\"contentUrl\":\"https:\/\/secure.gravatar.com\/avatar\/049821681b589dabc0bc20695993ccebb09f5b5d4d790cd9251b97faac7c652b?s=96&d=blank&r=g\",\"caption\":\"enequipo\"},\"sameAs\":[\"https:\/\/www.facebook.com\/SonoraEE\"]}]}<\/script>\n ","yoast_head_json":{"title":"Sonora en Equipo. BRASIL. El promedio de muertes por covid-19 cay\u00f3 a su menor nivel en dos meses MUNDO","description":"BRASILIA, GRASIL. \u2014 Brasil, uno de los pa\u00edses m\u00e1s castigados por la covid-19 en el mundo, registr\u00f3 en las \u00faltimas 24 horas 2.087 nuevos fallecimientos por En Sonora en Equipo publicamos toda la informaci\u00f3n de Sonora, M\u00e9xico y el Mundo de manera oportuna y busca que la libertad de expresi\u00f3n sea real. Visita nuestro medio informativo publicado desde Hermosillo, Sonora. %","robots":{"index":"index","follow":"follow","max-snippet":"max-snippet:-1","max-image-preview":"max-image-preview:large","max-video-preview":"max-video-preview:-1"},"canonical":"https:\/\/www.sonoraenequipo.com.mx\/brasil-el-promedio-de-muertes-por-covid-19-cayo-a-su-menor-nivel-en-dos-meses\/","og_locale":"es_ES","og_type":"article","og_title":"Sonora en Equipo. BRASIL. El promedio de muertes por covid-19 cay\u00f3 a su menor nivel en dos meses MUNDO","og_description":"BRASILIA, GRASIL. \u2014 Brasil, uno de los pa\u00edses m\u00e1s castigados por la covid-19 en el mundo, registr\u00f3 en las \u00faltimas 24 horas 2.087 nuevos fallecimientos por En Sonora en Equipo publicamos toda la informaci\u00f3n de Sonora, M\u00e9xico y el Mundo de manera oportuna y busca que la libertad de expresi\u00f3n sea real. Visita nuestro medio informativo publicado desde Hermosillo, Sonora. %","og_url":"https:\/\/www.sonoraenequipo.com.mx\/brasil-el-promedio-de-muertes-por-covid-19-cayo-a-su-menor-nivel-en-dos-meses\/","og_site_name":"Sonora en Equipo.","article_publisher":"https:\/\/www.facebook.com\/SonoraEE\/","article_author":"https:\/\/www.facebook.com\/SonoraEE","article_published_time":"2021-05-16T00:21:35+00:00","article_modified_time":"2021-05-16T05:16:07+00:00","og_image":[{"width":700,"height":400,"url":"https:\/\/www.sonoraenequipo.com.mx\/storage\/2021\/05\/brasil-coronavirus_opt.jpg","type":"image\/jpeg"}],"author":"enequipo","twitter_card":"summary_large_image","twitter_creator":"@sonoraenequipo","twitter_site":"@sonoraenequipo","twitter_misc":{"Escrito por":"enequipo","Tiempo de lectura":"1 minuto"},"schema":{"@context":"https:\/\/schema.org","@graph":[{"@type":"Article","@id":"https:\/\/www.sonoraenequipo.com.mx\/brasil-el-promedio-de-muertes-por-covid-19-cayo-a-su-menor-nivel-en-dos-meses\/#article","isPartOf":{"@id":"https:\/\/www.sonoraenequipo.com.mx\/brasil-el-promedio-de-muertes-por-covid-19-cayo-a-su-menor-nivel-en-dos-meses\/"},"author":{"name":"enequipo","@id":"https:\/\/www.sonoraenequipo.com.mx\/#\/schema\/person\/50102df0fb23a8fa9e8effad8fa81386"},"headline":"BRASIL. El promedio de muertes por covid-19 cay\u00f3 a su menor nivel en dos meses","datePublished":"2021-05-16T00:21:35+00:00","dateModified":"2021-05-16T05:16:07+00:00","mainEntityOfPage":{"@id":"https:\/\/www.sonoraenequipo.com.mx\/brasil-el-promedio-de-muertes-por-covid-19-cayo-a-su-menor-nivel-en-dos-meses\/"},"wordCount":126,"commentCount":0,"publisher":{"@id":"https:\/\/www.sonoraenequipo.com.mx\/#organization"},"image":{"@id":"https:\/\/www.sonoraenequipo.com.mx\/brasil-el-promedio-de-muertes-por-covid-19-cayo-a-su-menor-nivel-en-dos-meses\/#primaryimage"},"thumbnailUrl":"https:\/\/www.sonoraenequipo.com.mx\/storage\/2021\/05\/brasil-coronavirus_opt.jpg","articleSection":["MUNDO"],"inLanguage":"es","potentialAction":[{"@type":"CommentAction","name":"Comment","target":["https:\/\/www.sonoraenequipo.com.mx\/brasil-el-promedio-de-muertes-por-covid-19-cayo-a-su-menor-nivel-en-dos-meses\/#respond"]}]},{"@type":"WebPage","@id":"https:\/\/www.sonoraenequipo.com.mx\/brasil-el-promedio-de-muertes-por-covid-19-cayo-a-su-menor-nivel-en-dos-meses\/","url":"https:\/\/www.sonoraenequipo.com.mx\/brasil-el-promedio-de-muertes-por-covid-19-cayo-a-su-menor-nivel-en-dos-meses\/","name":"Sonora en Equipo. BRASIL. El promedio de muertes por covid-19 cay\u00f3 a su menor nivel en dos meses MUNDO","isPartOf":{"@id":"https:\/\/www.sonoraenequipo.com.mx\/#website"},"primaryImageOfPage":{"@id":"https:\/\/www.sonoraenequipo.com.mx\/brasil-el-promedio-de-muertes-por-covid-19-cayo-a-su-menor-nivel-en-dos-meses\/#primaryimage"},"image":{"@id":"https:\/\/www.sonoraenequipo.com.mx\/brasil-el-promedio-de-muertes-por-covid-19-cayo-a-su-menor-nivel-en-dos-meses\/#primaryimage"},"thumbnailUrl":"https:\/\/www.sonoraenequipo.com.mx\/storage\/2021\/05\/brasil-coronavirus_opt.jpg","datePublished":"2021-05-16T00:21:35+00:00","dateModified":"2021-05-16T05:16:07+00:00","description":"BRASILIA, GRASIL. \u2014 Brasil, uno de los pa\u00edses m\u00e1s castigados por la covid-19 en el mundo, registr\u00f3 en las \u00faltimas 24 horas 2.087 nuevos fallecimientos por En Sonora en Equipo publicamos toda la informaci\u00f3n de Sonora, M\u00e9xico y el Mundo de manera oportuna y busca que la libertad de expresi\u00f3n sea real. Visita nuestro medio informativo publicado desde Hermosillo, Sonora. %","breadcrumb":{"@id":"https:\/\/www.sonoraenequipo.com.mx\/brasil-el-promedio-de-muertes-por-covid-19-cayo-a-su-menor-nivel-en-dos-meses\/#breadcrumb"},"inLanguage":"es","potentialAction":[{"@type":"ReadAction","target":["https:\/\/www.sonoraenequipo.com.mx\/brasil-el-promedio-de-muertes-por-covid-19-cayo-a-su-menor-nivel-en-dos-meses\/"]}]},{"@type":"ImageObject","inLanguage":"es","@id":"https:\/\/www.sonoraenequipo.com.mx\/brasil-el-promedio-de-muertes-por-covid-19-cayo-a-su-menor-nivel-en-dos-meses\/#primaryimage","url":"https:\/\/www.sonoraenequipo.com.mx\/storage\/2021\/05\/brasil-coronavirus_opt.jpg","contentUrl":"https:\/\/www.sonoraenequipo.com.mx\/storage\/2021\/05\/brasil-coronavirus_opt.jpg","width":700,"height":400},{"@type":"BreadcrumbList","@id":"https:\/\/www.sonoraenequipo.com.mx\/brasil-el-promedio-de-muertes-por-covid-19-cayo-a-su-menor-nivel-en-dos-meses\/#breadcrumb","itemListElement":[{"@type":"ListItem","position":1,"name":"Portada","item":"https:\/\/www.sonoraenequipo.com.mx\/"},{"@type":"ListItem","position":2,"name":"BRASIL. El promedio de muertes por covid-19 cay\u00f3 a su menor nivel en dos meses"}]},{"@type":"WebSite","@id":"https:\/\/www.sonoraenequipo.com.mx\/#website","url":"https:\/\/www.sonoraenequipo.com.mx\/","name":"Sonora en Equipo.","description":"Diario en l\u00ednea con Noticias desde Hermosillo, Sonora","publisher":{"@id":"https:\/\/www.sonoraenequipo.com.mx\/#organization"},"potentialAction":[{"@type":"SearchAction","target":{"@type":"EntryPoint","urlTemplate":"https:\/\/www.sonoraenequipo.com.mx\/?s={search_term_string}"},"query-input":{"@type":"PropertyValueSpecification","valueRequired":true,"valueName":"search_term_string"}}],"inLanguage":"es"},{"@type":"Organization","@id":"https:\/\/www.sonoraenequipo.com.mx\/#organization","name":"Sonoraenequipo.com.mx","url":"https:\/\/www.sonoraenequipo.com.mx\/","logo":{"@type":"ImageObject","inLanguage":"es","@id":"https:\/\/www.sonoraenequipo.com.mx\/#\/schema\/logo\/image\/","url":"https:\/\/www.sonoraenequipo.com.mx\/storage\/2019\/01\/sonoraenequipo_opt.png","contentUrl":"https:\/\/www.sonoraenequipo.com.mx\/storage\/2019\/01\/sonoraenequipo_opt.png","width":375,"height":125,"caption":"Sonoraenequipo.com.mx"},"image":{"@id":"https:\/\/www.sonoraenequipo.com.mx\/#\/schema\/logo\/image\/"},"sameAs":["https:\/\/www.facebook.com\/SonoraEE\/","https:\/\/x.com\/sonoraenequipo","https:\/\/www.youtube.com\/channel\/UC338nW-lPEYmJQs4ZABQ1SQ"]},{"@type":"Person","@id":"https:\/\/www.sonoraenequipo.com.mx\/#\/schema\/person\/50102df0fb23a8fa9e8effad8fa81386","name":"enequipo","image":{"@type":"ImageObject","inLanguage":"es","@id":"https:\/\/www.sonoraenequipo.com.mx\/#\/schema\/person\/image\/","url":"https:\/\/secure.gravatar.com\/avatar\/049821681b589dabc0bc20695993ccebb09f5b5d4d790cd9251b97faac7c652b?s=96&d=blank&r=g","contentUrl":"https:\/\/secure.gravatar.com\/avatar\/049821681b589dabc0bc20695993ccebb09f5b5d4d790cd9251b97faac7c652b?s=96&d=blank&r=g","caption":"enequipo"},"sameAs":["https:\/\/www.facebook.com\/SonoraEE"]}]}},"jetpack_featured_media_url":"https:\/\/www.sonoraenequipo.com.mx\/storage\/2021\/05\/brasil-coronavirus_opt.jpg","_links":{"self":[{"href":"https:\/\/www.sonoraenequipo.com.mx\/api\/wp\/v2\/posts\/114050","targetHints":{"allow":["GET"]}}],"collection":[{"href":"https:\/\/www.sonoraenequipo.com.mx\/api\/wp\/v2\/posts"}],"about":[{"href":"https:\/\/www.sonoraenequipo.com.mx\/api\/wp\/v2\/types\/post"}],"author":[{"embeddable":true,"href":"https:\/\/www.sonoraenequipo.com.mx\/api\/wp\/v2\/users\/1"}],"replies":[{"embeddable":true,"href":"https:\/\/www.sonoraenequipo.com.mx\/api\/wp\/v2\/comments?post=114050"}],"version-history":[{"count":1,"href":"https:\/\/www.sonoraenequipo.com.mx\/api\/wp\/v2\/posts\/114050\/revisions"}],"predecessor-version":[{"id":114064,"href":"https:\/\/www.sonoraenequipo.com.mx\/api\/wp\/v2\/posts\/114050\/revisions\/114064"}],"wp:featuredmedia":[{"embeddable":true,"href":"https:\/\/www.sonoraenequipo.com.mx\/api\/wp\/v2\/media\/114062"}],"wp:attachment":[{"href":"https:\/\/www.sonoraenequipo.com.mx\/api\/wp\/v2\/media?parent=114050"}],"wp:term":[{"taxonomy":"category","embeddable":true,"href":"https:\/\/www.sonoraenequipo.com.mx\/api\/wp\/v2\/categories?post=114050"},{"taxonomy":"post_tag","embeddable":true,"href":"https:\/\/www.sonoraenequipo.com.mx\/api\/wp\/v2\/tags?post=114050"}],"curies":[{"name":"wp","href":"https:\/\/api.w.org\/{rel}","templated":true}]}}