{"id":114074,"date":"2021-05-15T20:25:24","date_gmt":"2021-05-16T03:25:24","guid":{"rendered":"https:\/\/www.sonoraenequipo.com.mx\/?p=114074"},"modified":"2021-05-15T23:33:34","modified_gmt":"2021-05-16T06:33:34","slug":"cual-es-el-plan-de-israel-y-hamas-con-su-escalada-militar","status":"publish","type":"post","link":"https:\/\/www.sonoraenequipo.com.mx\/cual-es-el-plan-de-israel-y-hamas-con-su-escalada-militar\/","title":{"rendered":"\u00bfCu\u00e1l es el plan de Israel y Ham\u00e1s con su escalada militar?"},"content":{"rendered":"<p>JERUSAL\u00c9N, ISRAEL. \u2014 La escalada militar entre Israel y Ham\u00e1s dejaron por el momento m\u00e1s de un centenar de muertos, la mayor\u00eda palestinos, entre ellos decenas de ni\u00f1os.<\/p>\n<p>&nbsp;<\/p>\n<p> <\/p>\n<p>El movimiento islamista Ham\u00e1s quiere imponerse como l\u00edder de la causa palestina con sus salvas de cohetes contra Israel, y \u00e9ste busca eliminar la influencia del grupo atacando sus infraestructuras en la Franja de Gaza, estiman los analistas.<\/p>\n<p>&nbsp;<\/p>\n<p>La escalada se desat\u00f3 en menos de una semana: los enfrentamientos entre manifestantes palestinos y fuerzas de seguridad israel\u00edes en la Explanada de las Mezquitas, en Jerusal\u00e9n Este se transformaron en conflicto entre Ham\u00e1s e Israel en la Franja de Gaza, en tensiones en las ciudades mixtas donde cohabitan \u00e1rabes y jud\u00edos en suelo israel\u00ed y en violentos disturbios en Cisjordania ocupada.<\/p>\n<p>&nbsp;<\/p>\n<p>La escalada militar entre Israel y Ham\u00e1s, con bombardeos israel\u00edes contra la Franja de Gaza y cohetes lanzados desde el enclave hacia territorio israel\u00ed, dejaron por el momento m\u00e1s de un centenar de muertos, la mayor\u00eda palestinos, entre ellos decenas de ni\u00f1os.<\/p>\n<h3>\u00bfQu\u00e9 buscan con estas ofensivas?<\/h3>\n<p>Ham\u00e1s <em>\u201cintenta posicionarse como principal garante de la salvaguardia de los palestinos y sobre todo de Jerusal\u00e9n, lo que es bastante novedoso en relaci\u00f3n a lo que hab\u00edamos visto anteriormente\u201d,<\/em> considera Le\u00efla Seurat, investigadora en el Observatorio de Mundos rabes y Musulmanes (OMAM) de la Universidad Libre de Bruselas (ULB).<\/p>\n<p>&nbsp;<\/p>\n<p><em>\u201cClaramente, intenta socavar al (presidente palestino) Mahmud Abas, que ya est\u00e1 muy debilitado, pero, m\u00e1s en general, siente que hay cosas que est\u00e1n evolucionando desde un punto de vista palestino\u201c<\/em>, dice a la AFP.<\/p>\n<p>&nbsp;<\/p>\n<p>Estos \u00faltimos meses, Ham\u00e1s, en el poder en la Franja de Gaza, y Fatah, partido laico de Mahmud Abas, con sede en Cisjordania ocupada, se hab\u00edan puesto de acuerdo sobre una hoja de ruta para reconciliarse tras m\u00e1s de una d\u00e9cada de divisiones.<\/p>\n<p>&nbsp;<\/p>\n<p>Esta reconciliaci\u00f3n pasaba por unas elecciones previstas este mes de mayo.<\/p>\n<p>Pero Abas aplaz\u00f3 sin nueva fecha los comicios, alegando que Israel, que controla Jerusal\u00e9n Este, no autoriz\u00f3 las elecciones para los palestinos de la Ciudad Santa. Y Ham\u00e1s, que quer\u00eda afianzar su legitimidad en las urnas, se indign\u00f3 con la medida.<\/p>\n<p>&nbsp;<\/p>\n<p>Casi de forma simult\u00e1nea, estallaron los enfrentamientos en Jerusal\u00e9n, resultado de las manifestaciones a ra\u00edz de la amenaza de expulsi\u00f3n de familias palestinas a favor de colonos jud\u00edos en un barrio de la ciudad.<\/p>\n<p>&nbsp;<\/p>\n<p>Pero Ham\u00e1s \u201cno controla este levantamiento, ellos mismos est\u00e1n desbordados\u201d, pero quieren intentar <em>\u201ccaptarlo\u201d,<\/em> asegura Seurat. Y<em> \u201cutilizaron un medio militar para situarse en el centro de la protecci\u00f3n de los palestinos de Jerusal\u00e9n\u201c<\/em>, a\u00f1ade la investigadora.<\/p>\n<p>&nbsp;<\/p>\n<p>Ya desde los primeros cohetes lanzados desde Gaza, el primer ministro israel\u00ed, Benjamin Netanyahu, acus\u00f3 a Ham\u00e1s de haber cruzad<em>o \u201cuna l\u00ednea roja\u201d.<\/em><\/p>\n<p>&nbsp;<\/p>\n<p>Pero el ej\u00e9rcito no se limit\u00f3 a unos bombardeos como represalia, como suele hacer, sino que lanz\u00f3 una terrible ofensiva contra el enclave, donde viven dos millones de personas baja bloqueo israel\u00ed.<\/p>\n<p>&nbsp;<\/p>\n<p>Para Yaakov Amidror, exconsejero de seguridad nacional de Netanyahu, <em>\u201cIsrael tiene que demostrar a Ham\u00e1s que no le puede imponer nada\u201d<\/em>, y para eso no s\u00f3lo debe \u201cdestruir las capacidades y las infraestructuras\u201d de Ham\u00e1s sino que tiene que <em>\u201cmatar\u201d<\/em> a sus dirigentes, afirma a la AFP.<\/p>\n<p>&nbsp;<\/p>\n<p><em>\u201cLos esfuerzos (buscan) matar el m\u00e1ximo n\u00famero de miembros de Ham\u00e1s y principalmente los expertos t\u00e9cnicos\u201d<\/em> en cohetes y drones, a\u00f1ade.<\/p>\n<p>&nbsp;<\/p>\n<p>Esta semana, el ej\u00e9rcito israel\u00ed lanz\u00f3 ataques selectivos contra numerosos responsables t\u00e9cnicos del grupo islamista, desde comandantes a ingenieros y especialistas en la fabricaci\u00f3n de drones.<\/p>\n<p>&nbsp;<\/p>\n<p><em>\u201cEsto impacta a largo plazo la capacidad del movimiento de producir armas\u201d,<\/em> se\u00f1ala una fuente militar israel\u00ed.<\/p>\n<p>&nbsp;<\/p>\n<p>En Gaza murieron m\u00e1s de un centenar de personas, incluyendo ni\u00f1os. En Israel perecieron una decena de personas, entre ellas un menor y un soldado.<\/p>\n<p>&nbsp;<\/p>\n<p>El sistema antimisiles \u201cC\u00fapula de Hierro\u201d intercept\u00f3 la mayor\u00eda de proyectiles, un dispositivo que hace ganar tiempo al ej\u00e9rcito, estima Amidror.<\/p>\n<p>&nbsp;<\/p>\n<p>&nbsp;<\/p>\n<p><em>\u201cDurar\u00e1 entre 10 y 50 d\u00edas (\u2026) al final, todo lo que simboliza Ham\u00e1s como gobierno en Gaza ser\u00e1 destruido\u201d<\/em>, asegura.<\/p>\n<p>&nbsp;<\/p>\n<p>&nbsp;<\/p>\n<p>Para Naji Shurab, profesor de Ciencias Pol\u00edticas en la Universidad Isl\u00e1mica de Gaza, Israel quiere <em>\u201cdebilitar\u201d<\/em> a Ham\u00e1s y \u201cconsolidar\u201d la divisi\u00f3n entre facciones palestinas. <em>\u201cPero es un juego peligroso, porque es posible que el levantamiento se extienda a Cisjordania y ponga fin a la Autoridad Palestina\u201d<\/em> de Abas, lo que hundir\u00eda todav\u00eda m\u00e1s la situaci\u00f3n de los palestinos.<\/p>\n<p>&nbsp;<\/p>\n<p>&nbsp;<\/p>\n<p>(Publicada el 15\/05\/2021 \/Con informaci\u00f3n de AFP )<\/p>\n","protected":false},"excerpt":{"rendered":"<p>JERUSAL\u00c9N, ISRAEL. \u2014 La escalada militar entre Israel y Ham\u00e1s dejaron por el momento m\u00e1s&#8230;<\/p>\n","protected":false},"author":1,"featured_media":114075,"comment_status":"open","ping_status":"open","sticky":false,"template":"","format":"standard","meta":{"_monsterinsights_skip_tracking":false,"_monsterinsights_sitenote_active":false,"_monsterinsights_sitenote_note":"","_monsterinsights_sitenote_category":0,"footnotes":""},"categories":[3],"tags":[],"class_list":["post"],"yoast_head":" \n<title>Sonora en Equipo. \u00bfCu\u00e1l es el plan de Israel y Ham\u00e1s con su escalada militar? MUNDO<\/title>\n<meta name=\"description\" content=\"JERUSAL\u00c9N, ISRAEL. \u2014 La escalada militar entre Israel y Ham\u00e1s dejaron por el momento m\u00e1s de un centenar de muertos, la mayor\u00eda palestinos, entre ellos En Sonora en Equipo publicamos toda la informaci\u00f3n de Sonora, M\u00e9xico y el Mundo de manera oportuna y busca que la libertad de expresi\u00f3n sea real. Visita nuestro medio informativo publicado desde Hermosillo, Sonora. %\" \/>\n<meta name=\"robots\" content=\"index, follow, max-snippet:-1, max-image-preview:large, max-video-preview:-1\" \/>\n<link rel=\"canonical\" href=\"https:\/\/www.sonoraenequipo.com.mx\/cual-es-el-plan-de-israel-y-hamas-con-su-escalada-militar\/\" \/>\n<meta property=\"og:locale\" content=\"es_ES\" \/>\n<meta property=\"og:type\" content=\"article\" \/>\n<meta property=\"og:title\" content=\"Sonora en Equipo. \u00bfCu\u00e1l es el plan de Israel y Ham\u00e1s con su escalada militar? MUNDO\" \/>\n<meta property=\"og:description\" content=\"JERUSAL\u00c9N, ISRAEL. \u2014 La escalada militar entre Israel y Ham\u00e1s dejaron por el momento m\u00e1s de un centenar de muertos, la mayor\u00eda palestinos, entre ellos En Sonora en Equipo publicamos toda la informaci\u00f3n de Sonora, M\u00e9xico y el Mundo de manera oportuna y busca que la libertad de expresi\u00f3n sea real. Visita nuestro medio informativo publicado desde Hermosillo, Sonora. %\" \/>\n<meta property=\"og:url\" content=\"https:\/\/www.sonoraenequipo.com.mx\/cual-es-el-plan-de-israel-y-hamas-con-su-escalada-militar\/\" \/>\n<meta property=\"og:site_name\" content=\"Sonora en Equipo.\" \/>\n<meta property=\"article:publisher\" content=\"https:\/\/www.facebook.com\/SonoraEE\/\" \/>\n<meta property=\"article:author\" content=\"https:\/\/www.facebook.com\/SonoraEE\" \/>\n<meta property=\"article:published_time\" content=\"2021-05-16T03:25:24+00:00\" \/>\n<meta property=\"article:modified_time\" content=\"2021-05-16T06:33:34+00:00\" \/>\n<meta property=\"og:image\" content=\"https:\/\/www.sonoraenequipo.com.mx\/storage\/2021\/05\/israel-y-hamas_opt.jpg\" \/>\n\t<meta property=\"og:image:width\" content=\"700\" \/>\n\t<meta property=\"og:image:height\" content=\"400\" \/>\n\t<meta property=\"og:image:type\" content=\"image\/jpeg\" \/>\n<meta name=\"author\" content=\"enequipo\" \/>\n<meta name=\"twitter:card\" content=\"summary_large_image\" \/>\n<meta name=\"twitter:creator\" content=\"@sonoraenequipo\" \/>\n<meta name=\"twitter:site\" content=\"@sonoraenequipo\" \/>\n<meta name=\"twitter:label1\" content=\"Escrito por\" \/>\n\t<meta name=\"twitter:data1\" content=\"enequipo\" \/>\n\t<meta name=\"twitter:label2\" content=\"Tiempo de lectura\" \/>\n\t<meta name=\"twitter:data2\" content=\"4 minutos\" \/>\n<script type=\"application\/ld+json\" class=\"yoast-schema-graph\">{\"@context\":\"https:\/\/schema.org\",\"@graph\":[{\"@type\":\"Article\",\"@id\":\"https:\/\/www.sonoraenequipo.com.mx\/cual-es-el-plan-de-israel-y-hamas-con-su-escalada-militar\/#article\",\"isPartOf\":{\"@id\":\"https:\/\/www.sonoraenequipo.com.mx\/cual-es-el-plan-de-israel-y-hamas-con-su-escalada-militar\/\"},\"author\":{\"name\":\"enequipo\",\"@id\":\"https:\/\/www.sonoraenequipo.com.mx\/#\/schema\/person\/50102df0fb23a8fa9e8effad8fa81386\"},\"headline\":\"\u00bfCu\u00e1l es el plan de Israel y Ham\u00e1s con su escalada militar?\",\"datePublished\":\"2021-05-16T03:25:24+00:00\",\"dateModified\":\"2021-05-16T06:33:34+00:00\",\"mainEntityOfPage\":{\"@id\":\"https:\/\/www.sonoraenequipo.com.mx\/cual-es-el-plan-de-israel-y-hamas-con-su-escalada-militar\/\"},\"wordCount\":827,\"commentCount\":0,\"publisher\":{\"@id\":\"https:\/\/www.sonoraenequipo.com.mx\/#organization\"},\"image\":{\"@id\":\"https:\/\/www.sonoraenequipo.com.mx\/cual-es-el-plan-de-israel-y-hamas-con-su-escalada-militar\/#primaryimage\"},\"thumbnailUrl\":\"https:\/\/www.sonoraenequipo.com.mx\/storage\/2021\/05\/israel-y-hamas_opt.jpg\",\"articleSection\":[\"MUNDO\"],\"inLanguage\":\"es\",\"potentialAction\":[{\"@type\":\"CommentAction\",\"name\":\"Comment\",\"target\":[\"https:\/\/www.sonoraenequipo.com.mx\/cual-es-el-plan-de-israel-y-hamas-con-su-escalada-militar\/#respond\"]}]},{\"@type\":\"WebPage\",\"@id\":\"https:\/\/www.sonoraenequipo.com.mx\/cual-es-el-plan-de-israel-y-hamas-con-su-escalada-militar\/\",\"url\":\"https:\/\/www.sonoraenequipo.com.mx\/cual-es-el-plan-de-israel-y-hamas-con-su-escalada-militar\/\",\"name\":\"Sonora en Equipo. \u00bfCu\u00e1l es el plan de Israel y Ham\u00e1s con su escalada militar? MUNDO\",\"isPartOf\":{\"@id\":\"https:\/\/www.sonoraenequipo.com.mx\/#website\"},\"primaryImageOfPage\":{\"@id\":\"https:\/\/www.sonoraenequipo.com.mx\/cual-es-el-plan-de-israel-y-hamas-con-su-escalada-militar\/#primaryimage\"},\"image\":{\"@id\":\"https:\/\/www.sonoraenequipo.com.mx\/cual-es-el-plan-de-israel-y-hamas-con-su-escalada-militar\/#primaryimage\"},\"thumbnailUrl\":\"https:\/\/www.sonoraenequipo.com.mx\/storage\/2021\/05\/israel-y-hamas_opt.jpg\",\"datePublished\":\"2021-05-16T03:25:24+00:00\",\"dateModified\":\"2021-05-16T06:33:34+00:00\",\"description\":\"JERUSAL\u00c9N, ISRAEL. \u2014 La escalada militar entre Israel y Ham\u00e1s dejaron por el momento m\u00e1s de un centenar de muertos, la mayor\u00eda palestinos, entre ellos En Sonora en Equipo publicamos toda la informaci\u00f3n de Sonora, M\u00e9xico y el Mundo de manera oportuna y busca que la libertad de expresi\u00f3n sea real. Visita nuestro medio informativo publicado desde Hermosillo, Sonora. %\",\"breadcrumb\":{\"@id\":\"https:\/\/www.sonoraenequipo.com.mx\/cual-es-el-plan-de-israel-y-hamas-con-su-escalada-militar\/#breadcrumb\"},\"inLanguage\":\"es\",\"potentialAction\":[{\"@type\":\"ReadAction\",\"target\":[\"https:\/\/www.sonoraenequipo.com.mx\/cual-es-el-plan-de-israel-y-hamas-con-su-escalada-militar\/\"]}]},{\"@type\":\"ImageObject\",\"inLanguage\":\"es\",\"@id\":\"https:\/\/www.sonoraenequipo.com.mx\/cual-es-el-plan-de-israel-y-hamas-con-su-escalada-militar\/#primaryimage\",\"url\":\"https:\/\/www.sonoraenequipo.com.mx\/storage\/2021\/05\/israel-y-hamas_opt.jpg\",\"contentUrl\":\"https:\/\/www.sonoraenequipo.com.mx\/storage\/2021\/05\/israel-y-hamas_opt.jpg\",\"width\":700,\"height\":400},{\"@type\":\"BreadcrumbList\",\"@id\":\"https:\/\/www.sonoraenequipo.com.mx\/cual-es-el-plan-de-israel-y-hamas-con-su-escalada-militar\/#breadcrumb\",\"itemListElement\":[{\"@type\":\"ListItem\",\"position\":1,\"name\":\"Portada\",\"item\":\"https:\/\/www.sonoraenequipo.com.mx\/\"},{\"@type\":\"ListItem\",\"position\":2,\"name\":\"\u00bfCu\u00e1l es el plan de Israel y Ham\u00e1s con su escalada militar?\"}]},{\"@type\":\"WebSite\",\"@id\":\"https:\/\/www.sonoraenequipo.com.mx\/#website\",\"url\":\"https:\/\/www.sonoraenequipo.com.mx\/\",\"name\":\"Sonora en Equipo.\",\"description\":\"Diario en l\u00ednea con Noticias desde Hermosillo, Sonora\",\"publisher\":{\"@id\":\"https:\/\/www.sonoraenequipo.com.mx\/#organization\"},\"potentialAction\":[{\"@type\":\"SearchAction\",\"target\":{\"@type\":\"EntryPoint\",\"urlTemplate\":\"https:\/\/www.sonoraenequipo.com.mx\/?s={search_term_string}\"},\"query-input\":{\"@type\":\"PropertyValueSpecification\",\"valueRequired\":true,\"valueName\":\"search_term_string\"}}],\"inLanguage\":\"es\"},{\"@type\":\"Organization\",\"@id\":\"https:\/\/www.sonoraenequipo.com.mx\/#organization\",\"name\":\"Sonoraenequipo.com.mx\",\"url\":\"https:\/\/www.sonoraenequipo.com.mx\/\",\"logo\":{\"@type\":\"ImageObject\",\"inLanguage\":\"es\",\"@id\":\"https:\/\/www.sonoraenequipo.com.mx\/#\/schema\/logo\/image\/\",\"url\":\"https:\/\/www.sonoraenequipo.com.mx\/storage\/2019\/01\/sonoraenequipo_opt.png\",\"contentUrl\":\"https:\/\/www.sonoraenequipo.com.mx\/storage\/2019\/01\/sonoraenequipo_opt.png\",\"width\":375,\"height\":125,\"caption\":\"Sonoraenequipo.com.mx\"},\"image\":{\"@id\":\"https:\/\/www.sonoraenequipo.com.mx\/#\/schema\/logo\/image\/\"},\"sameAs\":[\"https:\/\/www.facebook.com\/SonoraEE\/\",\"https:\/\/x.com\/sonoraenequipo\",\"https:\/\/www.youtube.com\/channel\/UC338nW-lPEYmJQs4ZABQ1SQ\"]},{\"@type\":\"Person\",\"@id\":\"https:\/\/www.sonoraenequipo.com.mx\/#\/schema\/person\/50102df0fb23a8fa9e8effad8fa81386\",\"name\":\"enequipo\",\"image\":{\"@type\":\"ImageObject\",\"inLanguage\":\"es\",\"@id\":\"https:\/\/www.sonoraenequipo.com.mx\/#\/schema\/person\/image\/\",\"url\":\"https:\/\/secure.gravatar.com\/avatar\/049821681b589dabc0bc20695993ccebb09f5b5d4d790cd9251b97faac7c652b?s=96&d=blank&r=g\",\"contentUrl\":\"https:\/\/secure.gravatar.com\/avatar\/049821681b589dabc0bc20695993ccebb09f5b5d4d790cd9251b97faac7c652b?s=96&d=blank&r=g\",\"caption\":\"enequipo\"},\"sameAs\":[\"https:\/\/www.facebook.com\/SonoraEE\"]}]}<\/script>\n ","yoast_head_json":{"title":"Sonora en Equipo. \u00bfCu\u00e1l es el plan de Israel y Ham\u00e1s con su escalada militar? MUNDO","description":"JERUSAL\u00c9N, ISRAEL. \u2014 La escalada militar entre Israel y Ham\u00e1s dejaron por el momento m\u00e1s de un centenar de muertos, la mayor\u00eda palestinos, entre ellos En Sonora en Equipo publicamos toda la informaci\u00f3n de Sonora, M\u00e9xico y el Mundo de manera oportuna y busca que la libertad de expresi\u00f3n sea real. Visita nuestro medio informativo publicado desde Hermosillo, Sonora. %","robots":{"index":"index","follow":"follow","max-snippet":"max-snippet:-1","max-image-preview":"max-image-preview:large","max-video-preview":"max-video-preview:-1"},"canonical":"https:\/\/www.sonoraenequipo.com.mx\/cual-es-el-plan-de-israel-y-hamas-con-su-escalada-militar\/","og_locale":"es_ES","og_type":"article","og_title":"Sonora en Equipo. \u00bfCu\u00e1l es el plan de Israel y Ham\u00e1s con su escalada militar? MUNDO","og_description":"JERUSAL\u00c9N, ISRAEL. \u2014 La escalada militar entre Israel y Ham\u00e1s dejaron por el momento m\u00e1s de un centenar de muertos, la mayor\u00eda palestinos, entre ellos En Sonora en Equipo publicamos toda la informaci\u00f3n de Sonora, M\u00e9xico y el Mundo de manera oportuna y busca que la libertad de expresi\u00f3n sea real. Visita nuestro medio informativo publicado desde Hermosillo, Sonora. %","og_url":"https:\/\/www.sonoraenequipo.com.mx\/cual-es-el-plan-de-israel-y-hamas-con-su-escalada-militar\/","og_site_name":"Sonora en Equipo.","article_publisher":"https:\/\/www.facebook.com\/SonoraEE\/","article_author":"https:\/\/www.facebook.com\/SonoraEE","article_published_time":"2021-05-16T03:25:24+00:00","article_modified_time":"2021-05-16T06:33:34+00:00","og_image":[{"width":700,"height":400,"url":"https:\/\/www.sonoraenequipo.com.mx\/storage\/2021\/05\/israel-y-hamas_opt.jpg","type":"image\/jpeg"}],"author":"enequipo","twitter_card":"summary_large_image","twitter_creator":"@sonoraenequipo","twitter_site":"@sonoraenequipo","twitter_misc":{"Escrito por":"enequipo","Tiempo de lectura":"4 minutos"},"schema":{"@context":"https:\/\/schema.org","@graph":[{"@type":"Article","@id":"https:\/\/www.sonoraenequipo.com.mx\/cual-es-el-plan-de-israel-y-hamas-con-su-escalada-militar\/#article","isPartOf":{"@id":"https:\/\/www.sonoraenequipo.com.mx\/cual-es-el-plan-de-israel-y-hamas-con-su-escalada-militar\/"},"author":{"name":"enequipo","@id":"https:\/\/www.sonoraenequipo.com.mx\/#\/schema\/person\/50102df0fb23a8fa9e8effad8fa81386"},"headline":"\u00bfCu\u00e1l es el plan de Israel y Ham\u00e1s con su escalada militar?","datePublished":"2021-05-16T03:25:24+00:00","dateModified":"2021-05-16T06:33:34+00:00","mainEntityOfPage":{"@id":"https:\/\/www.sonoraenequipo.com.mx\/cual-es-el-plan-de-israel-y-hamas-con-su-escalada-militar\/"},"wordCount":827,"commentCount":0,"publisher":{"@id":"https:\/\/www.sonoraenequipo.com.mx\/#organization"},"image":{"@id":"https:\/\/www.sonoraenequipo.com.mx\/cual-es-el-plan-de-israel-y-hamas-con-su-escalada-militar\/#primaryimage"},"thumbnailUrl":"https:\/\/www.sonoraenequipo.com.mx\/storage\/2021\/05\/israel-y-hamas_opt.jpg","articleSection":["MUNDO"],"inLanguage":"es","potentialAction":[{"@type":"CommentAction","name":"Comment","target":["https:\/\/www.sonoraenequipo.com.mx\/cual-es-el-plan-de-israel-y-hamas-con-su-escalada-militar\/#respond"]}]},{"@type":"WebPage","@id":"https:\/\/www.sonoraenequipo.com.mx\/cual-es-el-plan-de-israel-y-hamas-con-su-escalada-militar\/","url":"https:\/\/www.sonoraenequipo.com.mx\/cual-es-el-plan-de-israel-y-hamas-con-su-escalada-militar\/","name":"Sonora en Equipo. \u00bfCu\u00e1l es el plan de Israel y Ham\u00e1s con su escalada militar? MUNDO","isPartOf":{"@id":"https:\/\/www.sonoraenequipo.com.mx\/#website"},"primaryImageOfPage":{"@id":"https:\/\/www.sonoraenequipo.com.mx\/cual-es-el-plan-de-israel-y-hamas-con-su-escalada-militar\/#primaryimage"},"image":{"@id":"https:\/\/www.sonoraenequipo.com.mx\/cual-es-el-plan-de-israel-y-hamas-con-su-escalada-militar\/#primaryimage"},"thumbnailUrl":"https:\/\/www.sonoraenequipo.com.mx\/storage\/2021\/05\/israel-y-hamas_opt.jpg","datePublished":"2021-05-16T03:25:24+00:00","dateModified":"2021-05-16T06:33:34+00:00","description":"JERUSAL\u00c9N, ISRAEL. \u2014 La escalada militar entre Israel y Ham\u00e1s dejaron por el momento m\u00e1s de un centenar de muertos, la mayor\u00eda palestinos, entre ellos En Sonora en Equipo publicamos toda la informaci\u00f3n de Sonora, M\u00e9xico y el Mundo de manera oportuna y busca que la libertad de expresi\u00f3n sea real. Visita nuestro medio informativo publicado desde Hermosillo, Sonora. %","breadcrumb":{"@id":"https:\/\/www.sonoraenequipo.com.mx\/cual-es-el-plan-de-israel-y-hamas-con-su-escalada-militar\/#breadcrumb"},"inLanguage":"es","potentialAction":[{"@type":"ReadAction","target":["https:\/\/www.sonoraenequipo.com.mx\/cual-es-el-plan-de-israel-y-hamas-con-su-escalada-militar\/"]}]},{"@type":"ImageObject","inLanguage":"es","@id":"https:\/\/www.sonoraenequipo.com.mx\/cual-es-el-plan-de-israel-y-hamas-con-su-escalada-militar\/#primaryimage","url":"https:\/\/www.sonoraenequipo.com.mx\/storage\/2021\/05\/israel-y-hamas_opt.jpg","contentUrl":"https:\/\/www.sonoraenequipo.com.mx\/storage\/2021\/05\/israel-y-hamas_opt.jpg","width":700,"height":400},{"@type":"BreadcrumbList","@id":"https:\/\/www.sonoraenequipo.com.mx\/cual-es-el-plan-de-israel-y-hamas-con-su-escalada-militar\/#breadcrumb","itemListElement":[{"@type":"ListItem","position":1,"name":"Portada","item":"https:\/\/www.sonoraenequipo.com.mx\/"},{"@type":"ListItem","position":2,"name":"\u00bfCu\u00e1l es el plan de Israel y Ham\u00e1s con su escalada militar?"}]},{"@type":"WebSite","@id":"https:\/\/www.sonoraenequipo.com.mx\/#website","url":"https:\/\/www.sonoraenequipo.com.mx\/","name":"Sonora en Equipo.","description":"Diario en l\u00ednea con Noticias desde Hermosillo, Sonora","publisher":{"@id":"https:\/\/www.sonoraenequipo.com.mx\/#organization"},"potentialAction":[{"@type":"SearchAction","target":{"@type":"EntryPoint","urlTemplate":"https:\/\/www.sonoraenequipo.com.mx\/?s={search_term_string}"},"query-input":{"@type":"PropertyValueSpecification","valueRequired":true,"valueName":"search_term_string"}}],"inLanguage":"es"},{"@type":"Organization","@id":"https:\/\/www.sonoraenequipo.com.mx\/#organization","name":"Sonoraenequipo.com.mx","url":"https:\/\/www.sonoraenequipo.com.mx\/","logo":{"@type":"ImageObject","inLanguage":"es","@id":"https:\/\/www.sonoraenequipo.com.mx\/#\/schema\/logo\/image\/","url":"https:\/\/www.sonoraenequipo.com.mx\/storage\/2019\/01\/sonoraenequipo_opt.png","contentUrl":"https:\/\/www.sonoraenequipo.com.mx\/storage\/2019\/01\/sonoraenequipo_opt.png","width":375,"height":125,"caption":"Sonoraenequipo.com.mx"},"image":{"@id":"https:\/\/www.sonoraenequipo.com.mx\/#\/schema\/logo\/image\/"},"sameAs":["https:\/\/www.facebook.com\/SonoraEE\/","https:\/\/x.com\/sonoraenequipo","https:\/\/www.youtube.com\/channel\/UC338nW-lPEYmJQs4ZABQ1SQ"]},{"@type":"Person","@id":"https:\/\/www.sonoraenequipo.com.mx\/#\/schema\/person\/50102df0fb23a8fa9e8effad8fa81386","name":"enequipo","image":{"@type":"ImageObject","inLanguage":"es","@id":"https:\/\/www.sonoraenequipo.com.mx\/#\/schema\/person\/image\/","url":"https:\/\/secure.gravatar.com\/avatar\/049821681b589dabc0bc20695993ccebb09f5b5d4d790cd9251b97faac7c652b?s=96&d=blank&r=g","contentUrl":"https:\/\/secure.gravatar.com\/avatar\/049821681b589dabc0bc20695993ccebb09f5b5d4d790cd9251b97faac7c652b?s=96&d=blank&r=g","caption":"enequipo"},"sameAs":["https:\/\/www.facebook.com\/SonoraEE"]}]}},"jetpack_featured_media_url":"https:\/\/www.sonoraenequipo.com.mx\/storage\/2021\/05\/israel-y-hamas_opt.jpg","_links":{"self":[{"href":"https:\/\/www.sonoraenequipo.com.mx\/api\/wp\/v2\/posts\/114074","targetHints":{"allow":["GET"]}}],"collection":[{"href":"https:\/\/www.sonoraenequipo.com.mx\/api\/wp\/v2\/posts"}],"about":[{"href":"https:\/\/www.sonoraenequipo.com.mx\/api\/wp\/v2\/types\/post"}],"author":[{"embeddable":true,"href":"https:\/\/www.sonoraenequipo.com.mx\/api\/wp\/v2\/users\/1"}],"replies":[{"embeddable":true,"href":"https:\/\/www.sonoraenequipo.com.mx\/api\/wp\/v2\/comments?post=114074"}],"version-history":[{"count":1,"href":"https:\/\/www.sonoraenequipo.com.mx\/api\/wp\/v2\/posts\/114074\/revisions"}],"predecessor-version":[{"id":114076,"href":"https:\/\/www.sonoraenequipo.com.mx\/api\/wp\/v2\/posts\/114074\/revisions\/114076"}],"wp:featuredmedia":[{"embeddable":true,"href":"https:\/\/www.sonoraenequipo.com.mx\/api\/wp\/v2\/media\/114075"}],"wp:attachment":[{"href":"https:\/\/www.sonoraenequipo.com.mx\/api\/wp\/v2\/media?parent=114074"}],"wp:term":[{"taxonomy":"category","embeddable":true,"href":"https:\/\/www.sonoraenequipo.com.mx\/api\/wp\/v2\/categories?post=114074"},{"taxonomy":"post_tag","embeddable":true,"href":"https:\/\/www.sonoraenequipo.com.mx\/api\/wp\/v2\/tags?post=114074"}],"curies":[{"name":"wp","href":"https:\/\/api.w.org\/{rel}","templated":true}]}}