{"id":114094,"date":"2021-05-15T14:30:36","date_gmt":"2021-05-15T21:30:36","guid":{"rendered":"https:\/\/www.sonoraenequipo.com.mx\/?p=114094"},"modified":"2021-05-16T17:38:09","modified_gmt":"2021-05-17T00:38:09","slug":"rinde-sec-homenaje-a-docentes-que-dedicaron-su-vida-a-la-ensenanza-2","status":"publish","type":"post","link":"https:\/\/www.sonoraenequipo.com.mx\/rinde-sec-homenaje-a-docentes-que-dedicaron-su-vida-a-la-ensenanza-2\/","title":{"rendered":"Rinde SEC homenaje a docentes que dedicaron su vida a la ense\u00f1anza"},"content":{"rendered":"<p>HERMOSILLO, SONORA. MX.\u2014 A\u00fan en la adversidad, con la concurrencia de objetivos y esfuerzos, la comunidad escolar se organiza, trabaja y trasciende, destac\u00f3 el secretario de Educaci\u00f3n y Cultura, V\u00edctor Guerrero Gonz\u00e1lez, al rendir homenaje a docentes fallecidos que dedicaron su vida a la ense\u00f1anza.<\/p>\n<p>&nbsp;<\/p>\n<p> <\/p>\n<p>El titular de la SEC, acompa\u00f1ado de autoridades educativas, sindicales, civiles y militares, as\u00ed como alumnos y padres de familia, encabez\u00f3 una ceremonia conmemorativa en el Monumento al Maestro y una guardia de honor, como parte de las actividades del D\u00eda del Maestro 2021.<\/p>\n<p><em>\u201cEn este homenaje honramos la memoria de grandes forjadores de la historia en la entidad, que dejaron un gran legado entre los sonorenses, pero tambi\u00e9n es propicio reconocer a quienes, en la actualidad, siguen dando lo mejor de s\u00ed mismo en favor de las ni\u00f1as, los ni\u00f1os y j\u00f3venes de la entidad\u201d,<\/em> enfatiz\u00f3.<\/p>\n<p>&nbsp;<\/p>\n<p>Hoy, m\u00e1s que nunca, agreg\u00f3, se revalora la tesis de que la educaci\u00f3n de nuestros hijos es una tarea compartida que inicia en el hogar y se fortalece en la escuela; como nunca, la vinculaci\u00f3n entre padres, maestros y alumnos se hace imprescindible.<\/p>\n<p>&nbsp;<\/p>\n<p><em>\u201cEl magisterio estatal est\u00e1 m\u00e1s activo que nunca y listo para recuperar el espacio, la cotidianidad, la convivencia, la interacci\u00f3n, la vida de las comunidades escolares, 14 meses despu\u00e9s nos alienta la emoci\u00f3n de un escenario que nos ubica en el umbral del regreso a la normalidad\u201d,<\/em> se\u00f1al\u00f3.<\/p>\n<p>&nbsp;<\/p>\n<p>Enfatiz\u00f3 que el trabajo de maestras y maestros, en dicho periodo, ha permeado para dar continuidad a la misi\u00f3n de ense\u00f1ar con nuevas formas, con creatividad, con ingenio, con emociones encontradas, pero con la misma pasi\u00f3n de siempre.<\/p>\n<p>&nbsp;<\/p>\n<p>Guerrero Gonz\u00e1lez se refiri\u00f3 al reciente proceso de vacunaci\u00f3n del personal de Sector Educativo Estatal, como una jornada exitosa gracias a la colaboraci\u00f3n de una gran cantidad de instituciones y dependencias de los diferentes niveles de gobierno.<\/p>\n<p>&nbsp;<\/p>\n<p>Por su parte, Raymundo Lagarda Borb\u00f3n, secretario general de la Secci\u00f3n 54 del SNTE, en representaci\u00f3n del gremio magisterial, manifest\u00f3 su admiraci\u00f3n y respeto para quienes conscientes de su rol ante la sociedad, encaminan los destinos de la ni\u00f1ez y juventud con paciencia, entrega y sacrificio, acercando a los estudiantes a las fuentes inagotables del saber.<\/p>\n<p>&nbsp;<\/p>\n<p>Durante el evento, se entreg\u00f3 el reconocimiento \u201cMtro. Ignacio Manuel Altamirano\u201d por 40 a\u00f1os de servicio a las y los docentes Beatriz Eugenia L\u00f3pez S\u00e1nchez, Alejandrina Reyes Durazo, Carmen Miguel Pimentel, Guillermo Guadalupe Aguirre Caraveo, Mario Alberto Esquer Duarte, Francisca Laguna Soberano, Santiago Ram\u00edrez Ortega, Jerardo Antonio Robles Blanco y Mar\u00eda Dolores Soto Cano.<\/p>\n<p>&nbsp;<\/p>\n<p>Asimismo, las autoridades presentes colocaron ofrendas florales en el Monumento al Maestro para recordar y reconocer a las y los maestros que por muchos a\u00f1os dedicaron su vida al magisterio.<\/p>\n<p>&nbsp;<\/p>\n<p>Presentes: Francisco Javier Duarte Flores, Presidente del H. Congreso del Estado; general de Brigada D.E.M. Jorge Ambia Minero, comandante de la IV Zona Militar; inspector General Benedicto Santamar\u00eda Gonz\u00e1lez, coordinador Estatal de la Guardia Nacional en Sonora y Rigoberto Ram\u00edrez God\u00ednez, representante Comit\u00e9 Ejecutivo Nacional del SNTE.<\/p>\n<p>&nbsp;<\/p>\n<p>Tambi\u00e9n, Jes\u00fas Benito P\u00e9rez Valenzuela, s\u00edndico Municipal, en representaci\u00f3n del alcalde de Hermosillo, Ferm\u00edn Gonz\u00e1lez Gaxiola; Cecilio Luna Salazar, presidente de la Asociaci\u00f3n Estatal de Padres de Familia; Mar\u00eda del Refugio Medina Cano, secretaria de Promociones Econ\u00f3micas, en representaci\u00f3n del secretario general de la Secci\u00f3n 28 SNTE, C\u00e9sar Adalberto Salazar L\u00f3pez y alumnos de la Escuela Secundaria Estatal 12 <em>\u201cJuan Ceballos Ayala\u201d,<\/em> entre otros.<\/p>\n<p>&nbsp;<\/p>\n<p>&nbsp;<\/p>\n<p>(Publicada el 16\/05\/2021)<\/p>\n","protected":false},"excerpt":{"rendered":"<p>HERMOSILLO, SONORA. MX.\u2014 A\u00fan en la adversidad, con la concurrencia de objetivos y esfuerzos, la&#8230;<\/p>\n","protected":false},"author":1,"featured_media":114096,"comment_status":"open","ping_status":"open","sticky":false,"template":"","format":"standard","meta":{"_monsterinsights_skip_tracking":false,"_monsterinsights_sitenote_active":false,"_monsterinsights_sitenote_note":"","_monsterinsights_sitenote_category":0,"footnotes":""},"categories":[22],"tags":[],"class_list":["post"],"yoast_head":" \n<title>Sonora en Equipo. Rinde SEC homenaje a docentes que dedicaron su vida a la ense\u00f1anza Sonora<\/title>\n<meta name=\"description\" content=\"HERMOSILLO, SONORA. MX.\u2014 A\u00fan en la adversidad, con la concurrencia de objetivos y esfuerzos, la comunidad escolar se organiza, trabaja y trasciende, En Sonora en Equipo publicamos toda la informaci\u00f3n de Sonora, M\u00e9xico y el Mundo de manera oportuna y busca que la libertad de expresi\u00f3n sea real. Visita nuestro medio informativo publicado desde Hermosillo, Sonora. %\" \/>\n<meta name=\"robots\" content=\"index, follow, max-snippet:-1, max-image-preview:large, max-video-preview:-1\" \/>\n<link rel=\"canonical\" href=\"https:\/\/www.sonoraenequipo.com.mx\/rinde-sec-homenaje-a-docentes-que-dedicaron-su-vida-a-la-ensenanza-2\/\" \/>\n<meta property=\"og:locale\" content=\"es_ES\" \/>\n<meta property=\"og:type\" content=\"article\" \/>\n<meta property=\"og:title\" content=\"Sonora en Equipo. Rinde SEC homenaje a docentes que dedicaron su vida a la ense\u00f1anza Sonora\" \/>\n<meta property=\"og:description\" content=\"HERMOSILLO, SONORA. MX.\u2014 A\u00fan en la adversidad, con la concurrencia de objetivos y esfuerzos, la comunidad escolar se organiza, trabaja y trasciende, En Sonora en Equipo publicamos toda la informaci\u00f3n de Sonora, M\u00e9xico y el Mundo de manera oportuna y busca que la libertad de expresi\u00f3n sea real. Visita nuestro medio informativo publicado desde Hermosillo, Sonora. %\" \/>\n<meta property=\"og:url\" content=\"https:\/\/www.sonoraenequipo.com.mx\/rinde-sec-homenaje-a-docentes-que-dedicaron-su-vida-a-la-ensenanza-2\/\" \/>\n<meta property=\"og:site_name\" content=\"Sonora en Equipo.\" \/>\n<meta property=\"article:publisher\" content=\"https:\/\/www.facebook.com\/SonoraEE\/\" \/>\n<meta property=\"article:author\" content=\"https:\/\/www.facebook.com\/SonoraEE\" \/>\n<meta property=\"article:published_time\" content=\"2021-05-15T21:30:36+00:00\" \/>\n<meta property=\"article:modified_time\" content=\"2021-05-17T00:38:09+00:00\" \/>\n<meta property=\"og:image\" content=\"https:\/\/www.sonoraenequipo.com.mx\/storage\/2021\/05\/homenaje-a-los-maestros-de-sonora_opt.jpg\" \/>\n\t<meta property=\"og:image:width\" content=\"700\" \/>\n\t<meta property=\"og:image:height\" content=\"400\" \/>\n\t<meta property=\"og:image:type\" content=\"image\/jpeg\" \/>\n<meta name=\"author\" content=\"enequipo\" \/>\n<meta name=\"twitter:card\" content=\"summary_large_image\" \/>\n<meta name=\"twitter:creator\" content=\"@sonoraenequipo\" \/>\n<meta name=\"twitter:site\" content=\"@sonoraenequipo\" \/>\n<meta name=\"twitter:label1\" content=\"Escrito por\" \/>\n\t<meta name=\"twitter:data1\" content=\"enequipo\" \/>\n\t<meta name=\"twitter:label2\" content=\"Tiempo de lectura\" \/>\n\t<meta name=\"twitter:data2\" content=\"3 minutos\" \/>\n<script type=\"application\/ld+json\" class=\"yoast-schema-graph\">{\"@context\":\"https:\/\/schema.org\",\"@graph\":[{\"@type\":\"Article\",\"@id\":\"https:\/\/www.sonoraenequipo.com.mx\/rinde-sec-homenaje-a-docentes-que-dedicaron-su-vida-a-la-ensenanza-2\/#article\",\"isPartOf\":{\"@id\":\"https:\/\/www.sonoraenequipo.com.mx\/rinde-sec-homenaje-a-docentes-que-dedicaron-su-vida-a-la-ensenanza-2\/\"},\"author\":{\"name\":\"enequipo\",\"@id\":\"https:\/\/www.sonoraenequipo.com.mx\/#\/schema\/person\/50102df0fb23a8fa9e8effad8fa81386\"},\"headline\":\"Rinde SEC homenaje a docentes que dedicaron su vida a la ense\u00f1anza\",\"datePublished\":\"2021-05-15T21:30:36+00:00\",\"dateModified\":\"2021-05-17T00:38:09+00:00\",\"mainEntityOfPage\":{\"@id\":\"https:\/\/www.sonoraenequipo.com.mx\/rinde-sec-homenaje-a-docentes-que-dedicaron-su-vida-a-la-ensenanza-2\/\"},\"wordCount\":636,\"commentCount\":0,\"publisher\":{\"@id\":\"https:\/\/www.sonoraenequipo.com.mx\/#organization\"},\"image\":{\"@id\":\"https:\/\/www.sonoraenequipo.com.mx\/rinde-sec-homenaje-a-docentes-que-dedicaron-su-vida-a-la-ensenanza-2\/#primaryimage\"},\"thumbnailUrl\":\"https:\/\/www.sonoraenequipo.com.mx\/storage\/2021\/05\/homenaje-a-los-maestros-de-sonora_opt.jpg\",\"articleSection\":[\"Sonora\"],\"inLanguage\":\"es\",\"potentialAction\":[{\"@type\":\"CommentAction\",\"name\":\"Comment\",\"target\":[\"https:\/\/www.sonoraenequipo.com.mx\/rinde-sec-homenaje-a-docentes-que-dedicaron-su-vida-a-la-ensenanza-2\/#respond\"]}]},{\"@type\":\"WebPage\",\"@id\":\"https:\/\/www.sonoraenequipo.com.mx\/rinde-sec-homenaje-a-docentes-que-dedicaron-su-vida-a-la-ensenanza-2\/\",\"url\":\"https:\/\/www.sonoraenequipo.com.mx\/rinde-sec-homenaje-a-docentes-que-dedicaron-su-vida-a-la-ensenanza-2\/\",\"name\":\"Sonora en Equipo. Rinde SEC homenaje a docentes que dedicaron su vida a la ense\u00f1anza Sonora\",\"isPartOf\":{\"@id\":\"https:\/\/www.sonoraenequipo.com.mx\/#website\"},\"primaryImageOfPage\":{\"@id\":\"https:\/\/www.sonoraenequipo.com.mx\/rinde-sec-homenaje-a-docentes-que-dedicaron-su-vida-a-la-ensenanza-2\/#primaryimage\"},\"image\":{\"@id\":\"https:\/\/www.sonoraenequipo.com.mx\/rinde-sec-homenaje-a-docentes-que-dedicaron-su-vida-a-la-ensenanza-2\/#primaryimage\"},\"thumbnailUrl\":\"https:\/\/www.sonoraenequipo.com.mx\/storage\/2021\/05\/homenaje-a-los-maestros-de-sonora_opt.jpg\",\"datePublished\":\"2021-05-15T21:30:36+00:00\",\"dateModified\":\"2021-05-17T00:38:09+00:00\",\"description\":\"HERMOSILLO, SONORA. MX.\u2014 A\u00fan en la adversidad, con la concurrencia de objetivos y esfuerzos, la comunidad escolar se organiza, trabaja y trasciende, En Sonora en Equipo publicamos toda la informaci\u00f3n de Sonora, M\u00e9xico y el Mundo de manera oportuna y busca que la libertad de expresi\u00f3n sea real. Visita nuestro medio informativo publicado desde Hermosillo, Sonora. %\",\"breadcrumb\":{\"@id\":\"https:\/\/www.sonoraenequipo.com.mx\/rinde-sec-homenaje-a-docentes-que-dedicaron-su-vida-a-la-ensenanza-2\/#breadcrumb\"},\"inLanguage\":\"es\",\"potentialAction\":[{\"@type\":\"ReadAction\",\"target\":[\"https:\/\/www.sonoraenequipo.com.mx\/rinde-sec-homenaje-a-docentes-que-dedicaron-su-vida-a-la-ensenanza-2\/\"]}]},{\"@type\":\"ImageObject\",\"inLanguage\":\"es\",\"@id\":\"https:\/\/www.sonoraenequipo.com.mx\/rinde-sec-homenaje-a-docentes-que-dedicaron-su-vida-a-la-ensenanza-2\/#primaryimage\",\"url\":\"https:\/\/www.sonoraenequipo.com.mx\/storage\/2021\/05\/homenaje-a-los-maestros-de-sonora_opt.jpg\",\"contentUrl\":\"https:\/\/www.sonoraenequipo.com.mx\/storage\/2021\/05\/homenaje-a-los-maestros-de-sonora_opt.jpg\",\"width\":700,\"height\":400},{\"@type\":\"BreadcrumbList\",\"@id\":\"https:\/\/www.sonoraenequipo.com.mx\/rinde-sec-homenaje-a-docentes-que-dedicaron-su-vida-a-la-ensenanza-2\/#breadcrumb\",\"itemListElement\":[{\"@type\":\"ListItem\",\"position\":1,\"name\":\"Portada\",\"item\":\"https:\/\/www.sonoraenequipo.com.mx\/\"},{\"@type\":\"ListItem\",\"position\":2,\"name\":\"Rinde SEC homenaje a docentes que dedicaron su vida a la ense\u00f1anza\"}]},{\"@type\":\"WebSite\",\"@id\":\"https:\/\/www.sonoraenequipo.com.mx\/#website\",\"url\":\"https:\/\/www.sonoraenequipo.com.mx\/\",\"name\":\"Sonora en Equipo.\",\"description\":\"Diario en l\u00ednea con Noticias desde Hermosillo, Sonora\",\"publisher\":{\"@id\":\"https:\/\/www.sonoraenequipo.com.mx\/#organization\"},\"potentialAction\":[{\"@type\":\"SearchAction\",\"target\":{\"@type\":\"EntryPoint\",\"urlTemplate\":\"https:\/\/www.sonoraenequipo.com.mx\/?s={search_term_string}\"},\"query-input\":{\"@type\":\"PropertyValueSpecification\",\"valueRequired\":true,\"valueName\":\"search_term_string\"}}],\"inLanguage\":\"es\"},{\"@type\":\"Organization\",\"@id\":\"https:\/\/www.sonoraenequipo.com.mx\/#organization\",\"name\":\"Sonoraenequipo.com.mx\",\"url\":\"https:\/\/www.sonoraenequipo.com.mx\/\",\"logo\":{\"@type\":\"ImageObject\",\"inLanguage\":\"es\",\"@id\":\"https:\/\/www.sonoraenequipo.com.mx\/#\/schema\/logo\/image\/\",\"url\":\"https:\/\/www.sonoraenequipo.com.mx\/storage\/2019\/01\/sonoraenequipo_opt.png\",\"contentUrl\":\"https:\/\/www.sonoraenequipo.com.mx\/storage\/2019\/01\/sonoraenequipo_opt.png\",\"width\":375,\"height\":125,\"caption\":\"Sonoraenequipo.com.mx\"},\"image\":{\"@id\":\"https:\/\/www.sonoraenequipo.com.mx\/#\/schema\/logo\/image\/\"},\"sameAs\":[\"https:\/\/www.facebook.com\/SonoraEE\/\",\"https:\/\/x.com\/sonoraenequipo\",\"https:\/\/www.youtube.com\/channel\/UC338nW-lPEYmJQs4ZABQ1SQ\"]},{\"@type\":\"Person\",\"@id\":\"https:\/\/www.sonoraenequipo.com.mx\/#\/schema\/person\/50102df0fb23a8fa9e8effad8fa81386\",\"name\":\"enequipo\",\"image\":{\"@type\":\"ImageObject\",\"inLanguage\":\"es\",\"@id\":\"https:\/\/www.sonoraenequipo.com.mx\/#\/schema\/person\/image\/\",\"url\":\"https:\/\/secure.gravatar.com\/avatar\/049821681b589dabc0bc20695993ccebb09f5b5d4d790cd9251b97faac7c652b?s=96&d=blank&r=g\",\"contentUrl\":\"https:\/\/secure.gravatar.com\/avatar\/049821681b589dabc0bc20695993ccebb09f5b5d4d790cd9251b97faac7c652b?s=96&d=blank&r=g\",\"caption\":\"enequipo\"},\"sameAs\":[\"https:\/\/www.facebook.com\/SonoraEE\"]}]}<\/script>\n ","yoast_head_json":{"title":"Sonora en Equipo. Rinde SEC homenaje a docentes que dedicaron su vida a la ense\u00f1anza Sonora","description":"HERMOSILLO, SONORA. MX.\u2014 A\u00fan en la adversidad, con la concurrencia de objetivos y esfuerzos, la comunidad escolar se organiza, trabaja y trasciende, En Sonora en Equipo publicamos toda la informaci\u00f3n de Sonora, M\u00e9xico y el Mundo de manera oportuna y busca que la libertad de expresi\u00f3n sea real. Visita nuestro medio informativo publicado desde Hermosillo, Sonora. %","robots":{"index":"index","follow":"follow","max-snippet":"max-snippet:-1","max-image-preview":"max-image-preview:large","max-video-preview":"max-video-preview:-1"},"canonical":"https:\/\/www.sonoraenequipo.com.mx\/rinde-sec-homenaje-a-docentes-que-dedicaron-su-vida-a-la-ensenanza-2\/","og_locale":"es_ES","og_type":"article","og_title":"Sonora en Equipo. Rinde SEC homenaje a docentes que dedicaron su vida a la ense\u00f1anza Sonora","og_description":"HERMOSILLO, SONORA. MX.\u2014 A\u00fan en la adversidad, con la concurrencia de objetivos y esfuerzos, la comunidad escolar se organiza, trabaja y trasciende, En Sonora en Equipo publicamos toda la informaci\u00f3n de Sonora, M\u00e9xico y el Mundo de manera oportuna y busca que la libertad de expresi\u00f3n sea real. Visita nuestro medio informativo publicado desde Hermosillo, Sonora. %","og_url":"https:\/\/www.sonoraenequipo.com.mx\/rinde-sec-homenaje-a-docentes-que-dedicaron-su-vida-a-la-ensenanza-2\/","og_site_name":"Sonora en Equipo.","article_publisher":"https:\/\/www.facebook.com\/SonoraEE\/","article_author":"https:\/\/www.facebook.com\/SonoraEE","article_published_time":"2021-05-15T21:30:36+00:00","article_modified_time":"2021-05-17T00:38:09+00:00","og_image":[{"width":700,"height":400,"url":"https:\/\/www.sonoraenequipo.com.mx\/storage\/2021\/05\/homenaje-a-los-maestros-de-sonora_opt.jpg","type":"image\/jpeg"}],"author":"enequipo","twitter_card":"summary_large_image","twitter_creator":"@sonoraenequipo","twitter_site":"@sonoraenequipo","twitter_misc":{"Escrito por":"enequipo","Tiempo de lectura":"3 minutos"},"schema":{"@context":"https:\/\/schema.org","@graph":[{"@type":"Article","@id":"https:\/\/www.sonoraenequipo.com.mx\/rinde-sec-homenaje-a-docentes-que-dedicaron-su-vida-a-la-ensenanza-2\/#article","isPartOf":{"@id":"https:\/\/www.sonoraenequipo.com.mx\/rinde-sec-homenaje-a-docentes-que-dedicaron-su-vida-a-la-ensenanza-2\/"},"author":{"name":"enequipo","@id":"https:\/\/www.sonoraenequipo.com.mx\/#\/schema\/person\/50102df0fb23a8fa9e8effad8fa81386"},"headline":"Rinde SEC homenaje a docentes que dedicaron su vida a la ense\u00f1anza","datePublished":"2021-05-15T21:30:36+00:00","dateModified":"2021-05-17T00:38:09+00:00","mainEntityOfPage":{"@id":"https:\/\/www.sonoraenequipo.com.mx\/rinde-sec-homenaje-a-docentes-que-dedicaron-su-vida-a-la-ensenanza-2\/"},"wordCount":636,"commentCount":0,"publisher":{"@id":"https:\/\/www.sonoraenequipo.com.mx\/#organization"},"image":{"@id":"https:\/\/www.sonoraenequipo.com.mx\/rinde-sec-homenaje-a-docentes-que-dedicaron-su-vida-a-la-ensenanza-2\/#primaryimage"},"thumbnailUrl":"https:\/\/www.sonoraenequipo.com.mx\/storage\/2021\/05\/homenaje-a-los-maestros-de-sonora_opt.jpg","articleSection":["Sonora"],"inLanguage":"es","potentialAction":[{"@type":"CommentAction","name":"Comment","target":["https:\/\/www.sonoraenequipo.com.mx\/rinde-sec-homenaje-a-docentes-que-dedicaron-su-vida-a-la-ensenanza-2\/#respond"]}]},{"@type":"WebPage","@id":"https:\/\/www.sonoraenequipo.com.mx\/rinde-sec-homenaje-a-docentes-que-dedicaron-su-vida-a-la-ensenanza-2\/","url":"https:\/\/www.sonoraenequipo.com.mx\/rinde-sec-homenaje-a-docentes-que-dedicaron-su-vida-a-la-ensenanza-2\/","name":"Sonora en Equipo. Rinde SEC homenaje a docentes que dedicaron su vida a la ense\u00f1anza Sonora","isPartOf":{"@id":"https:\/\/www.sonoraenequipo.com.mx\/#website"},"primaryImageOfPage":{"@id":"https:\/\/www.sonoraenequipo.com.mx\/rinde-sec-homenaje-a-docentes-que-dedicaron-su-vida-a-la-ensenanza-2\/#primaryimage"},"image":{"@id":"https:\/\/www.sonoraenequipo.com.mx\/rinde-sec-homenaje-a-docentes-que-dedicaron-su-vida-a-la-ensenanza-2\/#primaryimage"},"thumbnailUrl":"https:\/\/www.sonoraenequipo.com.mx\/storage\/2021\/05\/homenaje-a-los-maestros-de-sonora_opt.jpg","datePublished":"2021-05-15T21:30:36+00:00","dateModified":"2021-05-17T00:38:09+00:00","description":"HERMOSILLO, SONORA. MX.\u2014 A\u00fan en la adversidad, con la concurrencia de objetivos y esfuerzos, la comunidad escolar se organiza, trabaja y trasciende, En Sonora en Equipo publicamos toda la informaci\u00f3n de Sonora, M\u00e9xico y el Mundo de manera oportuna y busca que la libertad de expresi\u00f3n sea real. Visita nuestro medio informativo publicado desde Hermosillo, Sonora. %","breadcrumb":{"@id":"https:\/\/www.sonoraenequipo.com.mx\/rinde-sec-homenaje-a-docentes-que-dedicaron-su-vida-a-la-ensenanza-2\/#breadcrumb"},"inLanguage":"es","potentialAction":[{"@type":"ReadAction","target":["https:\/\/www.sonoraenequipo.com.mx\/rinde-sec-homenaje-a-docentes-que-dedicaron-su-vida-a-la-ensenanza-2\/"]}]},{"@type":"ImageObject","inLanguage":"es","@id":"https:\/\/www.sonoraenequipo.com.mx\/rinde-sec-homenaje-a-docentes-que-dedicaron-su-vida-a-la-ensenanza-2\/#primaryimage","url":"https:\/\/www.sonoraenequipo.com.mx\/storage\/2021\/05\/homenaje-a-los-maestros-de-sonora_opt.jpg","contentUrl":"https:\/\/www.sonoraenequipo.com.mx\/storage\/2021\/05\/homenaje-a-los-maestros-de-sonora_opt.jpg","width":700,"height":400},{"@type":"BreadcrumbList","@id":"https:\/\/www.sonoraenequipo.com.mx\/rinde-sec-homenaje-a-docentes-que-dedicaron-su-vida-a-la-ensenanza-2\/#breadcrumb","itemListElement":[{"@type":"ListItem","position":1,"name":"Portada","item":"https:\/\/www.sonoraenequipo.com.mx\/"},{"@type":"ListItem","position":2,"name":"Rinde SEC homenaje a docentes que dedicaron su vida a la ense\u00f1anza"}]},{"@type":"WebSite","@id":"https:\/\/www.sonoraenequipo.com.mx\/#website","url":"https:\/\/www.sonoraenequipo.com.mx\/","name":"Sonora en Equipo.","description":"Diario en l\u00ednea con Noticias desde Hermosillo, Sonora","publisher":{"@id":"https:\/\/www.sonoraenequipo.com.mx\/#organization"},"potentialAction":[{"@type":"SearchAction","target":{"@type":"EntryPoint","urlTemplate":"https:\/\/www.sonoraenequipo.com.mx\/?s={search_term_string}"},"query-input":{"@type":"PropertyValueSpecification","valueRequired":true,"valueName":"search_term_string"}}],"inLanguage":"es"},{"@type":"Organization","@id":"https:\/\/www.sonoraenequipo.com.mx\/#organization","name":"Sonoraenequipo.com.mx","url":"https:\/\/www.sonoraenequipo.com.mx\/","logo":{"@type":"ImageObject","inLanguage":"es","@id":"https:\/\/www.sonoraenequipo.com.mx\/#\/schema\/logo\/image\/","url":"https:\/\/www.sonoraenequipo.com.mx\/storage\/2019\/01\/sonoraenequipo_opt.png","contentUrl":"https:\/\/www.sonoraenequipo.com.mx\/storage\/2019\/01\/sonoraenequipo_opt.png","width":375,"height":125,"caption":"Sonoraenequipo.com.mx"},"image":{"@id":"https:\/\/www.sonoraenequipo.com.mx\/#\/schema\/logo\/image\/"},"sameAs":["https:\/\/www.facebook.com\/SonoraEE\/","https:\/\/x.com\/sonoraenequipo","https:\/\/www.youtube.com\/channel\/UC338nW-lPEYmJQs4ZABQ1SQ"]},{"@type":"Person","@id":"https:\/\/www.sonoraenequipo.com.mx\/#\/schema\/person\/50102df0fb23a8fa9e8effad8fa81386","name":"enequipo","image":{"@type":"ImageObject","inLanguage":"es","@id":"https:\/\/www.sonoraenequipo.com.mx\/#\/schema\/person\/image\/","url":"https:\/\/secure.gravatar.com\/avatar\/049821681b589dabc0bc20695993ccebb09f5b5d4d790cd9251b97faac7c652b?s=96&d=blank&r=g","contentUrl":"https:\/\/secure.gravatar.com\/avatar\/049821681b589dabc0bc20695993ccebb09f5b5d4d790cd9251b97faac7c652b?s=96&d=blank&r=g","caption":"enequipo"},"sameAs":["https:\/\/www.facebook.com\/SonoraEE"]}]}},"jetpack_featured_media_url":"https:\/\/www.sonoraenequipo.com.mx\/storage\/2021\/05\/homenaje-a-los-maestros-de-sonora_opt.jpg","_links":{"self":[{"href":"https:\/\/www.sonoraenequipo.com.mx\/api\/wp\/v2\/posts\/114094","targetHints":{"allow":["GET"]}}],"collection":[{"href":"https:\/\/www.sonoraenequipo.com.mx\/api\/wp\/v2\/posts"}],"about":[{"href":"https:\/\/www.sonoraenequipo.com.mx\/api\/wp\/v2\/types\/post"}],"author":[{"embeddable":true,"href":"https:\/\/www.sonoraenequipo.com.mx\/api\/wp\/v2\/users\/1"}],"replies":[{"embeddable":true,"href":"https:\/\/www.sonoraenequipo.com.mx\/api\/wp\/v2\/comments?post=114094"}],"version-history":[{"count":1,"href":"https:\/\/www.sonoraenequipo.com.mx\/api\/wp\/v2\/posts\/114094\/revisions"}],"predecessor-version":[{"id":114097,"href":"https:\/\/www.sonoraenequipo.com.mx\/api\/wp\/v2\/posts\/114094\/revisions\/114097"}],"wp:featuredmedia":[{"embeddable":true,"href":"https:\/\/www.sonoraenequipo.com.mx\/api\/wp\/v2\/media\/114096"}],"wp:attachment":[{"href":"https:\/\/www.sonoraenequipo.com.mx\/api\/wp\/v2\/media?parent=114094"}],"wp:term":[{"taxonomy":"category","embeddable":true,"href":"https:\/\/www.sonoraenequipo.com.mx\/api\/wp\/v2\/categories?post=114094"},{"taxonomy":"post_tag","embeddable":true,"href":"https:\/\/www.sonoraenequipo.com.mx\/api\/wp\/v2\/tags?post=114094"}],"curies":[{"name":"wp","href":"https:\/\/api.w.org\/{rel}","templated":true}]}}