{"id":114319,"date":"2021-05-19T16:10:02","date_gmt":"2021-05-19T23:10:02","guid":{"rendered":"https:\/\/www.sonoraenequipo.com.mx\/?p=114319"},"modified":"2021-05-19T20:29:57","modified_gmt":"2021-05-20T03:29:57","slug":"demandara-ayuntamiento-de-hermosillo-a-gas-natural-por-danos-al-acueducto","status":"publish","type":"post","link":"https:\/\/www.sonoraenequipo.com.mx\/demandara-ayuntamiento-de-hermosillo-a-gas-natural-por-danos-al-acueducto\/","title":{"rendered":"Demandar\u00e1 Ayuntamiento de Hermosillo a Gas Natural por da\u00f1os al Acueducto"},"content":{"rendered":"<p>HERMOSILLO, SONORA,MX.\u2500\u2500\u00a0 \u00a0\u201cVamos a demandar penalmente a Gas Natural, no es posible que provoque este tipo de accidentes de una forma tan irresponsable y que meta a los hermosillenses en este dilema\u201d, declar\u00f3 Ferm\u00edn Gonz\u00e1lez Gaxiola, Presidente Municipal de Hermosillo.<\/p>\n<p>&nbsp;<\/p>\n<p> <\/p>\n<p>&nbsp;<\/p>\n<p>&nbsp;<\/p>\n<p>Este martes, maquinaria de la referida empresa rompi\u00f3, a la altura del kil\u00f3metro 7 de la carretera a Sahuaripa,\u00a0 el conducto que aporta el vital l\u00edquido a la red de distribuci\u00f3n del sur de la ciudad, ante lo cual, el Mun\u00edcipe calific\u00f3 la situaci\u00f3n como grave en el actual escenario de sequ\u00eda y elevadas temperaturas.<\/p>\n<p>&nbsp;<\/p>\n<p><em>\u201cEstamos hablando de 89 colonias que van a tener problemas\u201d,<\/em> extern\u00f3 en conferencia de prensa en la que estuvo acompa\u00f1ado por Daniel S\u00e1nchez, Herman Valenzuela, Domingo G\u00f3mez,\u00a0 Director General de Agua de Hermosillo, Director de Operaciones y Presidente del Consejo Consultivo del Organismo Operador, respectivamente.<\/p>\n<p>&nbsp;<\/p>\n<p>El Presidente Municipal alert\u00f3 a los habitantes de las colonias del sur para que tomen las previsiones necesarias por las eventuales fallas en la presi\u00f3n y suministro, y a la vez apremi\u00f3 al Gobierno del Estado, a trav\u00e9s de la Comisi\u00f3n Estatal del Agua (CEA),\u00a0 para que tome cartas en el asunto.<\/p>\n<p>&nbsp;<\/p>\n<p>En cuanto a la pregunta sobre la posibilidad de que lo ocurrido fuera un sabotaje en contra del Gobierno Municipal, Gonz\u00e1lez Gaxiola consider\u00f3 que no se puede descartar, dado que es casi inexplicable que una empresa que dispone de toda la informaci\u00f3n para llevar a cabo su trabajo cometa un error y <em>\u201cle atine\u201d<\/em> al acueducto.<\/p>\n<p>&nbsp;<\/p>\n<p>En una primera valoraci\u00f3n t\u00e9cnica que Agua de Hermosillo efectu\u00f3, a solicitud de la CEA, se revel\u00f3 que el Acueducto Independencia requiere de piezas especiales que no est\u00e1n a disposici\u00f3n inmediata en la localidad, y por ello fue necesario mandarlas elaborar lo que tardar\u00e1 entre 3 y 4 d\u00edas.<\/p>\n<p>&nbsp;<\/p>\n<p>&nbsp;<\/p>\n<p><em>\u201cUna vez que se cuente con las piezas para reparaci\u00f3n, se iniciar\u00e1n los trabajos que implican dejar sin abastecimiento del vital l\u00edquido un tiempo m\u00e1ximo de 24 horas, expuso el Director de Aguah\u201d,<\/em> Daniel S\u00e1nchez Gonz\u00e1lez.<\/p>\n<p>&nbsp;<\/p>\n<p>&nbsp;<\/p>\n<p>Por su parte, el Director de Operaciones precis\u00f3 que el flujo no va a parar hasta que se cuente con todo lo necesario para la reparaci\u00f3n, como piezas, tuber\u00eda y mano de obra;\u00a0 y que van a continuar con el modo de operaci\u00f3n que se tiene en el momento, de 960 litros por segundo, aunque llam\u00f3 a los usuarios al cuidado del agua.<\/p>\n<p>&nbsp;<\/p>\n<p><em>\u201cAlgunas colonias tendr\u00e1n baja presi\u00f3n, pero estaremos atentos a cualquier situaci\u00f3n y contaremos con pipas para atender a los sectores m\u00e1s vulnerables, que ya se tienen\u00a0 detectados\u201d<\/em>, agreg\u00f3.<\/p>\n<p>&nbsp;<\/p>\n<p>Expres\u00f3 que Agua de Hermosillo pone a disposici\u00f3n de la CEA y la empresa Gas Natural\u00a0 al personal altamente calificado con que cuenta el Organismo Operador para trabajar en reparaciones de estas dimensiones.<\/p>\n<p>&nbsp;<\/p>\n<p>&nbsp;<\/p>\n<p>Fecha de Publicaci\u00f3n mi\u00e9rcoles \/ 19\u00a0 \/ mayo \/ 2021<\/p>\n","protected":false},"excerpt":{"rendered":"<p>HERMOSILLO, SONORA,MX.\u2500\u2500\u00a0 \u00a0\u201cVamos a demandar penalmente a Gas Natural, no es posible que provoque este&#8230;<\/p>\n","protected":false},"author":1,"featured_media":114320,"comment_status":"open","ping_status":"open","sticky":false,"template":"","format":"standard","meta":{"_monsterinsights_skip_tracking":false,"_monsterinsights_sitenote_active":false,"_monsterinsights_sitenote_note":"","_monsterinsights_sitenote_category":0,"footnotes":""},"categories":[4],"tags":[473,1761,35],"class_list":["post"],"yoast_head":" \n<title>Sonora en Equipo. Demandar\u00e1 Ayuntamiento de Hermosillo a Gas Natural por da\u00f1os al Acueducto Municipios<\/title>\n<meta name=\"description\" content=\"HERMOSILLO, SONORA,MX.\u2500\u2500\u00a0 \u00a0\u201cVamos a demandar penalmente a Gas Natural, no es posible que provoque este tipo de accidentes de una forma tan irresponsable y En Sonora en Equipo publicamos toda la informaci\u00f3n de Sonora, M\u00e9xico y el Mundo de manera oportuna y busca que la libertad de expresi\u00f3n sea real. Visita nuestro medio informativo publicado desde Hermosillo, Sonora. %\" \/>\n<meta name=\"robots\" content=\"index, follow, max-snippet:-1, max-image-preview:large, max-video-preview:-1\" \/>\n<link rel=\"canonical\" href=\"https:\/\/www.sonoraenequipo.com.mx\/demandara-ayuntamiento-de-hermosillo-a-gas-natural-por-danos-al-acueducto\/\" \/>\n<meta property=\"og:locale\" content=\"es_ES\" \/>\n<meta property=\"og:type\" content=\"article\" \/>\n<meta property=\"og:title\" content=\"Sonora en Equipo. Demandar\u00e1 Ayuntamiento de Hermosillo a Gas Natural por da\u00f1os al Acueducto Municipios\" \/>\n<meta property=\"og:description\" content=\"HERMOSILLO, SONORA,MX.\u2500\u2500\u00a0 \u00a0\u201cVamos a demandar penalmente a Gas Natural, no es posible que provoque este tipo de accidentes de una forma tan irresponsable y En Sonora en Equipo publicamos toda la informaci\u00f3n de Sonora, M\u00e9xico y el Mundo de manera oportuna y busca que la libertad de expresi\u00f3n sea real. Visita nuestro medio informativo publicado desde Hermosillo, Sonora. %\" \/>\n<meta property=\"og:url\" content=\"https:\/\/www.sonoraenequipo.com.mx\/demandara-ayuntamiento-de-hermosillo-a-gas-natural-por-danos-al-acueducto\/\" \/>\n<meta property=\"og:site_name\" content=\"Sonora en Equipo.\" \/>\n<meta property=\"article:publisher\" content=\"https:\/\/www.facebook.com\/SonoraEE\/\" \/>\n<meta property=\"article:author\" content=\"https:\/\/www.facebook.com\/SonoraEE\" \/>\n<meta property=\"article:published_time\" content=\"2021-05-19T23:10:02+00:00\" \/>\n<meta property=\"article:modified_time\" content=\"2021-05-20T03:29:57+00:00\" \/>\n<meta property=\"og:image\" content=\"https:\/\/www.sonoraenequipo.com.mx\/storage\/2021\/05\/aguah-acueducto.jpg\" \/>\n\t<meta property=\"og:image:width\" content=\"500\" \/>\n\t<meta property=\"og:image:height\" content=\"300\" \/>\n\t<meta property=\"og:image:type\" content=\"image\/jpeg\" \/>\n<meta name=\"author\" content=\"enequipo\" \/>\n<meta name=\"twitter:card\" content=\"summary_large_image\" \/>\n<meta name=\"twitter:creator\" content=\"@sonoraenequipo\" \/>\n<meta name=\"twitter:site\" content=\"@sonoraenequipo\" \/>\n<meta name=\"twitter:label1\" content=\"Escrito por\" \/>\n\t<meta name=\"twitter:data1\" content=\"enequipo\" \/>\n\t<meta name=\"twitter:label2\" content=\"Tiempo de lectura\" \/>\n\t<meta name=\"twitter:data2\" content=\"3 minutos\" \/>\n<script type=\"application\/ld+json\" class=\"yoast-schema-graph\">{\"@context\":\"https:\/\/schema.org\",\"@graph\":[{\"@type\":\"Article\",\"@id\":\"https:\/\/www.sonoraenequipo.com.mx\/demandara-ayuntamiento-de-hermosillo-a-gas-natural-por-danos-al-acueducto\/#article\",\"isPartOf\":{\"@id\":\"https:\/\/www.sonoraenequipo.com.mx\/demandara-ayuntamiento-de-hermosillo-a-gas-natural-por-danos-al-acueducto\/\"},\"author\":{\"name\":\"enequipo\",\"@id\":\"https:\/\/www.sonoraenequipo.com.mx\/#\/schema\/person\/50102df0fb23a8fa9e8effad8fa81386\"},\"headline\":\"Demandar\u00e1 Ayuntamiento de Hermosillo a Gas Natural por da\u00f1os al Acueducto\",\"datePublished\":\"2021-05-19T23:10:02+00:00\",\"dateModified\":\"2021-05-20T03:29:57+00:00\",\"mainEntityOfPage\":{\"@id\":\"https:\/\/www.sonoraenequipo.com.mx\/demandara-ayuntamiento-de-hermosillo-a-gas-natural-por-danos-al-acueducto\/\"},\"wordCount\":521,\"commentCount\":0,\"publisher\":{\"@id\":\"https:\/\/www.sonoraenequipo.com.mx\/#organization\"},\"image\":{\"@id\":\"https:\/\/www.sonoraenequipo.com.mx\/demandara-ayuntamiento-de-hermosillo-a-gas-natural-por-danos-al-acueducto\/#primaryimage\"},\"thumbnailUrl\":\"https:\/\/www.sonoraenequipo.com.mx\/storage\/2021\/05\/aguah-acueducto.jpg\",\"keywords\":[\"Acueducto Independencia\",\"AGUAH\",\"hermosillo\"],\"articleSection\":[\"Municipios\"],\"inLanguage\":\"es\",\"potentialAction\":[{\"@type\":\"CommentAction\",\"name\":\"Comment\",\"target\":[\"https:\/\/www.sonoraenequipo.com.mx\/demandara-ayuntamiento-de-hermosillo-a-gas-natural-por-danos-al-acueducto\/#respond\"]}]},{\"@type\":\"WebPage\",\"@id\":\"https:\/\/www.sonoraenequipo.com.mx\/demandara-ayuntamiento-de-hermosillo-a-gas-natural-por-danos-al-acueducto\/\",\"url\":\"https:\/\/www.sonoraenequipo.com.mx\/demandara-ayuntamiento-de-hermosillo-a-gas-natural-por-danos-al-acueducto\/\",\"name\":\"Sonora en Equipo. Demandar\u00e1 Ayuntamiento de Hermosillo a Gas Natural por da\u00f1os al Acueducto Municipios\",\"isPartOf\":{\"@id\":\"https:\/\/www.sonoraenequipo.com.mx\/#website\"},\"primaryImageOfPage\":{\"@id\":\"https:\/\/www.sonoraenequipo.com.mx\/demandara-ayuntamiento-de-hermosillo-a-gas-natural-por-danos-al-acueducto\/#primaryimage\"},\"image\":{\"@id\":\"https:\/\/www.sonoraenequipo.com.mx\/demandara-ayuntamiento-de-hermosillo-a-gas-natural-por-danos-al-acueducto\/#primaryimage\"},\"thumbnailUrl\":\"https:\/\/www.sonoraenequipo.com.mx\/storage\/2021\/05\/aguah-acueducto.jpg\",\"datePublished\":\"2021-05-19T23:10:02+00:00\",\"dateModified\":\"2021-05-20T03:29:57+00:00\",\"description\":\"HERMOSILLO, SONORA,MX.\u2500\u2500\u00a0 \u00a0\u201cVamos a demandar penalmente a Gas Natural, no es posible que provoque este tipo de accidentes de una forma tan irresponsable y En Sonora en Equipo publicamos toda la informaci\u00f3n de Sonora, M\u00e9xico y el Mundo de manera oportuna y busca que la libertad de expresi\u00f3n sea real. Visita nuestro medio informativo publicado desde Hermosillo, Sonora. %\",\"breadcrumb\":{\"@id\":\"https:\/\/www.sonoraenequipo.com.mx\/demandara-ayuntamiento-de-hermosillo-a-gas-natural-por-danos-al-acueducto\/#breadcrumb\"},\"inLanguage\":\"es\",\"potentialAction\":[{\"@type\":\"ReadAction\",\"target\":[\"https:\/\/www.sonoraenequipo.com.mx\/demandara-ayuntamiento-de-hermosillo-a-gas-natural-por-danos-al-acueducto\/\"]}]},{\"@type\":\"ImageObject\",\"inLanguage\":\"es\",\"@id\":\"https:\/\/www.sonoraenequipo.com.mx\/demandara-ayuntamiento-de-hermosillo-a-gas-natural-por-danos-al-acueducto\/#primaryimage\",\"url\":\"https:\/\/www.sonoraenequipo.com.mx\/storage\/2021\/05\/aguah-acueducto.jpg\",\"contentUrl\":\"https:\/\/www.sonoraenequipo.com.mx\/storage\/2021\/05\/aguah-acueducto.jpg\",\"width\":500,\"height\":300},{\"@type\":\"BreadcrumbList\",\"@id\":\"https:\/\/www.sonoraenequipo.com.mx\/demandara-ayuntamiento-de-hermosillo-a-gas-natural-por-danos-al-acueducto\/#breadcrumb\",\"itemListElement\":[{\"@type\":\"ListItem\",\"position\":1,\"name\":\"Portada\",\"item\":\"https:\/\/www.sonoraenequipo.com.mx\/\"},{\"@type\":\"ListItem\",\"position\":2,\"name\":\"Demandar\u00e1 Ayuntamiento de Hermosillo a Gas Natural por da\u00f1os al Acueducto\"}]},{\"@type\":\"WebSite\",\"@id\":\"https:\/\/www.sonoraenequipo.com.mx\/#website\",\"url\":\"https:\/\/www.sonoraenequipo.com.mx\/\",\"name\":\"Sonora en Equipo.\",\"description\":\"Diario en l\u00ednea con Noticias desde Hermosillo, Sonora\",\"publisher\":{\"@id\":\"https:\/\/www.sonoraenequipo.com.mx\/#organization\"},\"potentialAction\":[{\"@type\":\"SearchAction\",\"target\":{\"@type\":\"EntryPoint\",\"urlTemplate\":\"https:\/\/www.sonoraenequipo.com.mx\/?s={search_term_string}\"},\"query-input\":{\"@type\":\"PropertyValueSpecification\",\"valueRequired\":true,\"valueName\":\"search_term_string\"}}],\"inLanguage\":\"es\"},{\"@type\":\"Organization\",\"@id\":\"https:\/\/www.sonoraenequipo.com.mx\/#organization\",\"name\":\"Sonoraenequipo.com.mx\",\"url\":\"https:\/\/www.sonoraenequipo.com.mx\/\",\"logo\":{\"@type\":\"ImageObject\",\"inLanguage\":\"es\",\"@id\":\"https:\/\/www.sonoraenequipo.com.mx\/#\/schema\/logo\/image\/\",\"url\":\"https:\/\/www.sonoraenequipo.com.mx\/storage\/2019\/01\/sonoraenequipo_opt.png\",\"contentUrl\":\"https:\/\/www.sonoraenequipo.com.mx\/storage\/2019\/01\/sonoraenequipo_opt.png\",\"width\":375,\"height\":125,\"caption\":\"Sonoraenequipo.com.mx\"},\"image\":{\"@id\":\"https:\/\/www.sonoraenequipo.com.mx\/#\/schema\/logo\/image\/\"},\"sameAs\":[\"https:\/\/www.facebook.com\/SonoraEE\/\",\"https:\/\/x.com\/sonoraenequipo\",\"https:\/\/www.youtube.com\/channel\/UC338nW-lPEYmJQs4ZABQ1SQ\"]},{\"@type\":\"Person\",\"@id\":\"https:\/\/www.sonoraenequipo.com.mx\/#\/schema\/person\/50102df0fb23a8fa9e8effad8fa81386\",\"name\":\"enequipo\",\"image\":{\"@type\":\"ImageObject\",\"inLanguage\":\"es\",\"@id\":\"https:\/\/www.sonoraenequipo.com.mx\/#\/schema\/person\/image\/\",\"url\":\"https:\/\/secure.gravatar.com\/avatar\/049821681b589dabc0bc20695993ccebb09f5b5d4d790cd9251b97faac7c652b?s=96&d=blank&r=g\",\"contentUrl\":\"https:\/\/secure.gravatar.com\/avatar\/049821681b589dabc0bc20695993ccebb09f5b5d4d790cd9251b97faac7c652b?s=96&d=blank&r=g\",\"caption\":\"enequipo\"},\"sameAs\":[\"https:\/\/www.facebook.com\/SonoraEE\"]}]}<\/script>\n ","yoast_head_json":{"title":"Sonora en Equipo. Demandar\u00e1 Ayuntamiento de Hermosillo a Gas Natural por da\u00f1os al Acueducto Municipios","description":"HERMOSILLO, SONORA,MX.\u2500\u2500\u00a0 \u00a0\u201cVamos a demandar penalmente a Gas Natural, no es posible que provoque este tipo de accidentes de una forma tan irresponsable y En Sonora en Equipo publicamos toda la informaci\u00f3n de Sonora, M\u00e9xico y el Mundo de manera oportuna y busca que la libertad de expresi\u00f3n sea real. Visita nuestro medio informativo publicado desde Hermosillo, Sonora. %","robots":{"index":"index","follow":"follow","max-snippet":"max-snippet:-1","max-image-preview":"max-image-preview:large","max-video-preview":"max-video-preview:-1"},"canonical":"https:\/\/www.sonoraenequipo.com.mx\/demandara-ayuntamiento-de-hermosillo-a-gas-natural-por-danos-al-acueducto\/","og_locale":"es_ES","og_type":"article","og_title":"Sonora en Equipo. Demandar\u00e1 Ayuntamiento de Hermosillo a Gas Natural por da\u00f1os al Acueducto Municipios","og_description":"HERMOSILLO, SONORA,MX.\u2500\u2500\u00a0 \u00a0\u201cVamos a demandar penalmente a Gas Natural, no es posible que provoque este tipo de accidentes de una forma tan irresponsable y En Sonora en Equipo publicamos toda la informaci\u00f3n de Sonora, M\u00e9xico y el Mundo de manera oportuna y busca que la libertad de expresi\u00f3n sea real. Visita nuestro medio informativo publicado desde Hermosillo, Sonora. %","og_url":"https:\/\/www.sonoraenequipo.com.mx\/demandara-ayuntamiento-de-hermosillo-a-gas-natural-por-danos-al-acueducto\/","og_site_name":"Sonora en Equipo.","article_publisher":"https:\/\/www.facebook.com\/SonoraEE\/","article_author":"https:\/\/www.facebook.com\/SonoraEE","article_published_time":"2021-05-19T23:10:02+00:00","article_modified_time":"2021-05-20T03:29:57+00:00","og_image":[{"width":500,"height":300,"url":"https:\/\/www.sonoraenequipo.com.mx\/storage\/2021\/05\/aguah-acueducto.jpg","type":"image\/jpeg"}],"author":"enequipo","twitter_card":"summary_large_image","twitter_creator":"@sonoraenequipo","twitter_site":"@sonoraenequipo","twitter_misc":{"Escrito por":"enequipo","Tiempo de lectura":"3 minutos"},"schema":{"@context":"https:\/\/schema.org","@graph":[{"@type":"Article","@id":"https:\/\/www.sonoraenequipo.com.mx\/demandara-ayuntamiento-de-hermosillo-a-gas-natural-por-danos-al-acueducto\/#article","isPartOf":{"@id":"https:\/\/www.sonoraenequipo.com.mx\/demandara-ayuntamiento-de-hermosillo-a-gas-natural-por-danos-al-acueducto\/"},"author":{"name":"enequipo","@id":"https:\/\/www.sonoraenequipo.com.mx\/#\/schema\/person\/50102df0fb23a8fa9e8effad8fa81386"},"headline":"Demandar\u00e1 Ayuntamiento de Hermosillo a Gas Natural por da\u00f1os al Acueducto","datePublished":"2021-05-19T23:10:02+00:00","dateModified":"2021-05-20T03:29:57+00:00","mainEntityOfPage":{"@id":"https:\/\/www.sonoraenequipo.com.mx\/demandara-ayuntamiento-de-hermosillo-a-gas-natural-por-danos-al-acueducto\/"},"wordCount":521,"commentCount":0,"publisher":{"@id":"https:\/\/www.sonoraenequipo.com.mx\/#organization"},"image":{"@id":"https:\/\/www.sonoraenequipo.com.mx\/demandara-ayuntamiento-de-hermosillo-a-gas-natural-por-danos-al-acueducto\/#primaryimage"},"thumbnailUrl":"https:\/\/www.sonoraenequipo.com.mx\/storage\/2021\/05\/aguah-acueducto.jpg","keywords":["Acueducto Independencia","AGUAH","hermosillo"],"articleSection":["Municipios"],"inLanguage":"es","potentialAction":[{"@type":"CommentAction","name":"Comment","target":["https:\/\/www.sonoraenequipo.com.mx\/demandara-ayuntamiento-de-hermosillo-a-gas-natural-por-danos-al-acueducto\/#respond"]}]},{"@type":"WebPage","@id":"https:\/\/www.sonoraenequipo.com.mx\/demandara-ayuntamiento-de-hermosillo-a-gas-natural-por-danos-al-acueducto\/","url":"https:\/\/www.sonoraenequipo.com.mx\/demandara-ayuntamiento-de-hermosillo-a-gas-natural-por-danos-al-acueducto\/","name":"Sonora en Equipo. Demandar\u00e1 Ayuntamiento de Hermosillo a Gas Natural por da\u00f1os al Acueducto Municipios","isPartOf":{"@id":"https:\/\/www.sonoraenequipo.com.mx\/#website"},"primaryImageOfPage":{"@id":"https:\/\/www.sonoraenequipo.com.mx\/demandara-ayuntamiento-de-hermosillo-a-gas-natural-por-danos-al-acueducto\/#primaryimage"},"image":{"@id":"https:\/\/www.sonoraenequipo.com.mx\/demandara-ayuntamiento-de-hermosillo-a-gas-natural-por-danos-al-acueducto\/#primaryimage"},"thumbnailUrl":"https:\/\/www.sonoraenequipo.com.mx\/storage\/2021\/05\/aguah-acueducto.jpg","datePublished":"2021-05-19T23:10:02+00:00","dateModified":"2021-05-20T03:29:57+00:00","description":"HERMOSILLO, SONORA,MX.\u2500\u2500\u00a0 \u00a0\u201cVamos a demandar penalmente a Gas Natural, no es posible que provoque este tipo de accidentes de una forma tan irresponsable y En Sonora en Equipo publicamos toda la informaci\u00f3n de Sonora, M\u00e9xico y el Mundo de manera oportuna y busca que la libertad de expresi\u00f3n sea real. Visita nuestro medio informativo publicado desde Hermosillo, Sonora. %","breadcrumb":{"@id":"https:\/\/www.sonoraenequipo.com.mx\/demandara-ayuntamiento-de-hermosillo-a-gas-natural-por-danos-al-acueducto\/#breadcrumb"},"inLanguage":"es","potentialAction":[{"@type":"ReadAction","target":["https:\/\/www.sonoraenequipo.com.mx\/demandara-ayuntamiento-de-hermosillo-a-gas-natural-por-danos-al-acueducto\/"]}]},{"@type":"ImageObject","inLanguage":"es","@id":"https:\/\/www.sonoraenequipo.com.mx\/demandara-ayuntamiento-de-hermosillo-a-gas-natural-por-danos-al-acueducto\/#primaryimage","url":"https:\/\/www.sonoraenequipo.com.mx\/storage\/2021\/05\/aguah-acueducto.jpg","contentUrl":"https:\/\/www.sonoraenequipo.com.mx\/storage\/2021\/05\/aguah-acueducto.jpg","width":500,"height":300},{"@type":"BreadcrumbList","@id":"https:\/\/www.sonoraenequipo.com.mx\/demandara-ayuntamiento-de-hermosillo-a-gas-natural-por-danos-al-acueducto\/#breadcrumb","itemListElement":[{"@type":"ListItem","position":1,"name":"Portada","item":"https:\/\/www.sonoraenequipo.com.mx\/"},{"@type":"ListItem","position":2,"name":"Demandar\u00e1 Ayuntamiento de Hermosillo a Gas Natural por da\u00f1os al Acueducto"}]},{"@type":"WebSite","@id":"https:\/\/www.sonoraenequipo.com.mx\/#website","url":"https:\/\/www.sonoraenequipo.com.mx\/","name":"Sonora en Equipo.","description":"Diario en l\u00ednea con Noticias desde Hermosillo, Sonora","publisher":{"@id":"https:\/\/www.sonoraenequipo.com.mx\/#organization"},"potentialAction":[{"@type":"SearchAction","target":{"@type":"EntryPoint","urlTemplate":"https:\/\/www.sonoraenequipo.com.mx\/?s={search_term_string}"},"query-input":{"@type":"PropertyValueSpecification","valueRequired":true,"valueName":"search_term_string"}}],"inLanguage":"es"},{"@type":"Organization","@id":"https:\/\/www.sonoraenequipo.com.mx\/#organization","name":"Sonoraenequipo.com.mx","url":"https:\/\/www.sonoraenequipo.com.mx\/","logo":{"@type":"ImageObject","inLanguage":"es","@id":"https:\/\/www.sonoraenequipo.com.mx\/#\/schema\/logo\/image\/","url":"https:\/\/www.sonoraenequipo.com.mx\/storage\/2019\/01\/sonoraenequipo_opt.png","contentUrl":"https:\/\/www.sonoraenequipo.com.mx\/storage\/2019\/01\/sonoraenequipo_opt.png","width":375,"height":125,"caption":"Sonoraenequipo.com.mx"},"image":{"@id":"https:\/\/www.sonoraenequipo.com.mx\/#\/schema\/logo\/image\/"},"sameAs":["https:\/\/www.facebook.com\/SonoraEE\/","https:\/\/x.com\/sonoraenequipo","https:\/\/www.youtube.com\/channel\/UC338nW-lPEYmJQs4ZABQ1SQ"]},{"@type":"Person","@id":"https:\/\/www.sonoraenequipo.com.mx\/#\/schema\/person\/50102df0fb23a8fa9e8effad8fa81386","name":"enequipo","image":{"@type":"ImageObject","inLanguage":"es","@id":"https:\/\/www.sonoraenequipo.com.mx\/#\/schema\/person\/image\/","url":"https:\/\/secure.gravatar.com\/avatar\/049821681b589dabc0bc20695993ccebb09f5b5d4d790cd9251b97faac7c652b?s=96&d=blank&r=g","contentUrl":"https:\/\/secure.gravatar.com\/avatar\/049821681b589dabc0bc20695993ccebb09f5b5d4d790cd9251b97faac7c652b?s=96&d=blank&r=g","caption":"enequipo"},"sameAs":["https:\/\/www.facebook.com\/SonoraEE"]}]}},"jetpack_featured_media_url":"https:\/\/www.sonoraenequipo.com.mx\/storage\/2021\/05\/aguah-acueducto.jpg","_links":{"self":[{"href":"https:\/\/www.sonoraenequipo.com.mx\/api\/wp\/v2\/posts\/114319","targetHints":{"allow":["GET"]}}],"collection":[{"href":"https:\/\/www.sonoraenequipo.com.mx\/api\/wp\/v2\/posts"}],"about":[{"href":"https:\/\/www.sonoraenequipo.com.mx\/api\/wp\/v2\/types\/post"}],"author":[{"embeddable":true,"href":"https:\/\/www.sonoraenequipo.com.mx\/api\/wp\/v2\/users\/1"}],"replies":[{"embeddable":true,"href":"https:\/\/www.sonoraenequipo.com.mx\/api\/wp\/v2\/comments?post=114319"}],"version-history":[{"count":3,"href":"https:\/\/www.sonoraenequipo.com.mx\/api\/wp\/v2\/posts\/114319\/revisions"}],"predecessor-version":[{"id":114345,"href":"https:\/\/www.sonoraenequipo.com.mx\/api\/wp\/v2\/posts\/114319\/revisions\/114345"}],"wp:featuredmedia":[{"embeddable":true,"href":"https:\/\/www.sonoraenequipo.com.mx\/api\/wp\/v2\/media\/114320"}],"wp:attachment":[{"href":"https:\/\/www.sonoraenequipo.com.mx\/api\/wp\/v2\/media?parent=114319"}],"wp:term":[{"taxonomy":"category","embeddable":true,"href":"https:\/\/www.sonoraenequipo.com.mx\/api\/wp\/v2\/categories?post=114319"},{"taxonomy":"post_tag","embeddable":true,"href":"https:\/\/www.sonoraenequipo.com.mx\/api\/wp\/v2\/tags?post=114319"}],"curies":[{"name":"wp","href":"https:\/\/api.w.org\/{rel}","templated":true}]}}