{"id":114324,"date":"2021-05-19T17:50:02","date_gmt":"2021-05-20T00:50:02","guid":{"rendered":"https:\/\/www.sonoraenequipo.com.mx\/?p=114324"},"modified":"2021-05-19T18:08:13","modified_gmt":"2021-05-20T01:08:13","slug":"seguridad-e-inversiones-en-agenda-de-proxima-visita-de-kamala-harris-a-mexico-marcelo-ebrard","status":"publish","type":"post","link":"https:\/\/www.sonoraenequipo.com.mx\/seguridad-e-inversiones-en-agenda-de-proxima-visita-de-kamala-harris-a-mexico-marcelo-ebrard\/","title":{"rendered":"Seguridad e inversiones, en agenda de pr\u00f3xima visita de Kamala Harris a M\u00e9xico: Marcelo Ebrard"},"content":{"rendered":"<p>CIUDAD DE M\u00c9XICO. MX. \u2014 La seguridad, las inversiones y las cadenas de valor en M\u00e9xico y Centroam\u00e9rica ser\u00e1n algunos de los temas que integrar\u00e1n la agenda de la visita al pa\u00eds latinoamericano de la vicepresidenta de Estados Unidos, Kamala Harris, el 8 junio, dijo el mi\u00e9rcoles el canciller mexicano, Marcelo Ebrard.<\/p>\n<p>&nbsp;<\/p>\n<p> <\/p>\n<p>Harris, que llegar\u00e1 a M\u00e9xico dos d\u00edas despu\u00e9s de una crucial elecci\u00f3n de los miembros de la c\u00e1mara de diputados y de autoridades locales, viajar\u00e1 tambi\u00e9n a Guatemala como parte de una breve gira.<\/p>\n<p>&nbsp;<\/p>\n<p><em>\u00abLa seguridad es otro punto importante. La inversi\u00f3n, las cadenas de valor, eso es muy muy relevante\u00bb,<\/em> indic\u00f3 Ebrard, tras enfatizar que esos asuntos se sumar\u00e1n a la cuesti\u00f3n migratoria, motivo de tensi\u00f3n a ra\u00edz de un incremento de las personas sin documentos que intentan cruzar a Estados Unidos.<\/p>\n<p>&nbsp;<\/p>\n<p>&nbsp;<\/p>\n<p>El funcionario realiz\u00f3 estas declaraciones a la prensa tras presidir el acto de lanzamiento de las vacunas contra el Covid-19 de la farmac\u00e9utica brit\u00e1nica AstraZeneca que M\u00e9xico envasa en el laboratorio Liomont, en el Estado de M\u00e9xico, colindante con la capital.<\/p>\n<p>&nbsp;<\/p>\n<p>&nbsp;<\/p>\n<p>La visita de Harris se producir\u00e1 tambi\u00e9n despu\u00e9s de varios incidentes que han generado tirantez entre Estados Unidos y M\u00e9xico, entre ellos unos cambios legales en el sector energ\u00e9tico impulsados por el gobierno del presidente Andr\u00e9s Manuel L\u00f3pez Obrador que afectan a compa\u00f1\u00edas estadounidenses, entre otras.<\/p>\n<p>&nbsp;<\/p>\n<p>Siguen restricciones en frontera de M\u00e9xico y EU hasta el 21 de junio<\/p>\n<p>&nbsp;<\/p>\n<p>La Secretar\u00eda de Relaciones Exteriores (SRE) inform\u00f3 que ante la pandemia por Covid-19, las restricciones de viaje en la frontera terrestre entre M\u00e9xico y Estados Unidos se mantienen hasta el pr\u00f3ximo 21 de junio.<\/p>\n<p>&nbsp;<\/p>\n<p>La SRE se\u00f1al\u00f3 que el gobierno estadounidense inform\u00f3 a M\u00e9xico que se decidi\u00f3 prolongar las restricciones de viaje un mes m\u00e1s y \u00fanicamente pueden cruzar la frontera terrestre quienes lleven a cabo actividades esenciales.<\/p>\n<p>&nbsp;<\/p>\n<p>M\u00e9xico y Estados Unidos est\u00e1n en conversaciones para flexibilizar a partir del 22 de junio las restricciones a cruces fronterizos a partir de los \u00edndices de propagaci\u00f3n del Covid-19 y el n\u00famero de vacunas aplicadas en ambos lados de la frontera\u00bb, refiri\u00f3 la Canciller\u00eda a trav\u00e9s de redes sociales.<\/p>\n<p>&nbsp;<\/p>\n<p>En la conferencia ma\u00f1anera de este martes del presidente Andr\u00e9s Manuel L\u00f3pez Obrador, el titular de la SRE, Marcelo Ebrard, se\u00f1al\u00f3 que hay conversaciones con el gobierno de Joe Biden sobre las restricciones en la frontera.<\/p>\n<p>&nbsp;<\/p>\n<p><em>\u00abEllos tomaron la decisi\u00f3n de prolongar todav\u00eda las restricciones, porque no han terminado la vacunaci\u00f3n en toda la zona, hay ciudades que ya terminaron, pero hay otras que no; entonces, su criterio es no abrir o no quitar esas restricciones hasta que terminen la vacunaci\u00f3n, en todo caso ya est\u00e1n cerca de lograrlo.<\/em><\/p>\n<p>&nbsp;<\/p>\n<p><em>\u00abDe nuestra parte, cuando se est\u00e1 en una ciudad en verde ya no hay motivos para poner restricciones, salvo que hubiese alg\u00fan indicador de que la ciudad del otro pa\u00eds tiene problemas o tiene contagios en mayor n\u00famero que en M\u00e9xico, que no es el caso en la frontera norte. Entonces, yo dir\u00eda que vamos en camino a que se pueda regularizar la situaci\u00f3n\u00bb,<\/em> expres\u00f3 el canciller Ebrard.<\/p>\n<p>&nbsp;<\/p>\n<p>Agreg\u00f3 que han puesto sobre la mesa que<em> \u00abel impacto econ\u00f3mico es severo y ya los alcances de la vacunaci\u00f3n que ellos tienen y de que nosotros empezamos a tener aconsejar\u00edan ya quitar las restricciones muy pronto\u00bb.<\/em><\/p>\n<p>&nbsp;<\/p>\n<p>&nbsp;<\/p>\n<p>(Publicada el 19\/05\/2021 \/AGENCIAS \/)<\/p>\n","protected":false},"excerpt":{"rendered":"<p>CIUDAD DE M\u00c9XICO. MX. \u2014 La seguridad, las inversiones y las cadenas de valor en&#8230;<\/p>\n","protected":false},"author":1,"featured_media":114325,"comment_status":"open","ping_status":"open","sticky":false,"template":"","format":"standard","meta":{"_monsterinsights_skip_tracking":false,"_monsterinsights_sitenote_active":false,"_monsterinsights_sitenote_note":"","_monsterinsights_sitenote_category":0,"footnotes":""},"categories":[3],"tags":[],"class_list":["post"],"yoast_head":" \n<title>Sonora en Equipo. Seguridad e inversiones, en agenda de pr\u00f3xima visita de Kamala Harris a M\u00e9xico: Marcelo Ebrard MUNDO<\/title>\n<meta name=\"description\" content=\"CIUDAD DE M\u00c9XICO. MX. \u2014 La seguridad, las inversiones y las cadenas de valor en M\u00e9xico y Centroam\u00e9rica ser\u00e1n algunos de los temas que integrar\u00e1n la agenda En Sonora en Equipo publicamos toda la informaci\u00f3n de Sonora, M\u00e9xico y el Mundo de manera oportuna y busca que la libertad de expresi\u00f3n sea real. Visita nuestro medio informativo publicado desde Hermosillo, Sonora. %\" \/>\n<meta name=\"robots\" content=\"index, follow, max-snippet:-1, max-image-preview:large, max-video-preview:-1\" \/>\n<link rel=\"canonical\" href=\"https:\/\/www.sonoraenequipo.com.mx\/seguridad-e-inversiones-en-agenda-de-proxima-visita-de-kamala-harris-a-mexico-marcelo-ebrard\/\" \/>\n<meta property=\"og:locale\" content=\"es_ES\" \/>\n<meta property=\"og:type\" content=\"article\" \/>\n<meta property=\"og:title\" content=\"Sonora en Equipo. Seguridad e inversiones, en agenda de pr\u00f3xima visita de Kamala Harris a M\u00e9xico: Marcelo Ebrard MUNDO\" \/>\n<meta property=\"og:description\" content=\"CIUDAD DE M\u00c9XICO. MX. \u2014 La seguridad, las inversiones y las cadenas de valor en M\u00e9xico y Centroam\u00e9rica ser\u00e1n algunos de los temas que integrar\u00e1n la agenda En Sonora en Equipo publicamos toda la informaci\u00f3n de Sonora, M\u00e9xico y el Mundo de manera oportuna y busca que la libertad de expresi\u00f3n sea real. Visita nuestro medio informativo publicado desde Hermosillo, Sonora. %\" \/>\n<meta property=\"og:url\" content=\"https:\/\/www.sonoraenequipo.com.mx\/seguridad-e-inversiones-en-agenda-de-proxima-visita-de-kamala-harris-a-mexico-marcelo-ebrard\/\" \/>\n<meta property=\"og:site_name\" content=\"Sonora en Equipo.\" \/>\n<meta property=\"article:publisher\" content=\"https:\/\/www.facebook.com\/SonoraEE\/\" \/>\n<meta property=\"article:author\" content=\"https:\/\/www.facebook.com\/SonoraEE\" \/>\n<meta property=\"article:published_time\" content=\"2021-05-20T00:50:02+00:00\" \/>\n<meta property=\"article:modified_time\" content=\"2021-05-20T01:08:13+00:00\" \/>\n<meta property=\"og:image\" content=\"https:\/\/www.sonoraenequipo.com.mx\/storage\/2021\/05\/kamala-harris_opt.jpg\" \/>\n\t<meta property=\"og:image:width\" content=\"700\" \/>\n\t<meta property=\"og:image:height\" content=\"400\" \/>\n\t<meta property=\"og:image:type\" content=\"image\/jpeg\" \/>\n<meta name=\"author\" content=\"enequipo\" \/>\n<meta name=\"twitter:card\" content=\"summary_large_image\" \/>\n<meta name=\"twitter:creator\" content=\"@sonoraenequipo\" \/>\n<meta name=\"twitter:site\" content=\"@sonoraenequipo\" \/>\n<meta name=\"twitter:label1\" content=\"Escrito por\" \/>\n\t<meta name=\"twitter:data1\" content=\"enequipo\" \/>\n\t<meta name=\"twitter:label2\" content=\"Tiempo de lectura\" \/>\n\t<meta name=\"twitter:data2\" content=\"3 minutos\" \/>\n<script type=\"application\/ld+json\" class=\"yoast-schema-graph\">{\"@context\":\"https:\/\/schema.org\",\"@graph\":[{\"@type\":\"Article\",\"@id\":\"https:\/\/www.sonoraenequipo.com.mx\/seguridad-e-inversiones-en-agenda-de-proxima-visita-de-kamala-harris-a-mexico-marcelo-ebrard\/#article\",\"isPartOf\":{\"@id\":\"https:\/\/www.sonoraenequipo.com.mx\/seguridad-e-inversiones-en-agenda-de-proxima-visita-de-kamala-harris-a-mexico-marcelo-ebrard\/\"},\"author\":{\"name\":\"enequipo\",\"@id\":\"https:\/\/www.sonoraenequipo.com.mx\/#\/schema\/person\/50102df0fb23a8fa9e8effad8fa81386\"},\"headline\":\"Seguridad e inversiones, en agenda de pr\u00f3xima visita de Kamala Harris a M\u00e9xico: Marcelo Ebrard\",\"datePublished\":\"2021-05-20T00:50:02+00:00\",\"dateModified\":\"2021-05-20T01:08:13+00:00\",\"mainEntityOfPage\":{\"@id\":\"https:\/\/www.sonoraenequipo.com.mx\/seguridad-e-inversiones-en-agenda-de-proxima-visita-de-kamala-harris-a-mexico-marcelo-ebrard\/\"},\"wordCount\":637,\"commentCount\":0,\"publisher\":{\"@id\":\"https:\/\/www.sonoraenequipo.com.mx\/#organization\"},\"image\":{\"@id\":\"https:\/\/www.sonoraenequipo.com.mx\/seguridad-e-inversiones-en-agenda-de-proxima-visita-de-kamala-harris-a-mexico-marcelo-ebrard\/#primaryimage\"},\"thumbnailUrl\":\"https:\/\/www.sonoraenequipo.com.mx\/storage\/2021\/05\/kamala-harris_opt.jpg\",\"articleSection\":[\"MUNDO\"],\"inLanguage\":\"es\",\"potentialAction\":[{\"@type\":\"CommentAction\",\"name\":\"Comment\",\"target\":[\"https:\/\/www.sonoraenequipo.com.mx\/seguridad-e-inversiones-en-agenda-de-proxima-visita-de-kamala-harris-a-mexico-marcelo-ebrard\/#respond\"]}]},{\"@type\":\"WebPage\",\"@id\":\"https:\/\/www.sonoraenequipo.com.mx\/seguridad-e-inversiones-en-agenda-de-proxima-visita-de-kamala-harris-a-mexico-marcelo-ebrard\/\",\"url\":\"https:\/\/www.sonoraenequipo.com.mx\/seguridad-e-inversiones-en-agenda-de-proxima-visita-de-kamala-harris-a-mexico-marcelo-ebrard\/\",\"name\":\"Sonora en Equipo. Seguridad e inversiones, en agenda de pr\u00f3xima visita de Kamala Harris a M\u00e9xico: Marcelo Ebrard MUNDO\",\"isPartOf\":{\"@id\":\"https:\/\/www.sonoraenequipo.com.mx\/#website\"},\"primaryImageOfPage\":{\"@id\":\"https:\/\/www.sonoraenequipo.com.mx\/seguridad-e-inversiones-en-agenda-de-proxima-visita-de-kamala-harris-a-mexico-marcelo-ebrard\/#primaryimage\"},\"image\":{\"@id\":\"https:\/\/www.sonoraenequipo.com.mx\/seguridad-e-inversiones-en-agenda-de-proxima-visita-de-kamala-harris-a-mexico-marcelo-ebrard\/#primaryimage\"},\"thumbnailUrl\":\"https:\/\/www.sonoraenequipo.com.mx\/storage\/2021\/05\/kamala-harris_opt.jpg\",\"datePublished\":\"2021-05-20T00:50:02+00:00\",\"dateModified\":\"2021-05-20T01:08:13+00:00\",\"description\":\"CIUDAD DE M\u00c9XICO. MX. \u2014 La seguridad, las inversiones y las cadenas de valor en M\u00e9xico y Centroam\u00e9rica ser\u00e1n algunos de los temas que integrar\u00e1n la agenda En Sonora en Equipo publicamos toda la informaci\u00f3n de Sonora, M\u00e9xico y el Mundo de manera oportuna y busca que la libertad de expresi\u00f3n sea real. Visita nuestro medio informativo publicado desde Hermosillo, Sonora. %\",\"breadcrumb\":{\"@id\":\"https:\/\/www.sonoraenequipo.com.mx\/seguridad-e-inversiones-en-agenda-de-proxima-visita-de-kamala-harris-a-mexico-marcelo-ebrard\/#breadcrumb\"},\"inLanguage\":\"es\",\"potentialAction\":[{\"@type\":\"ReadAction\",\"target\":[\"https:\/\/www.sonoraenequipo.com.mx\/seguridad-e-inversiones-en-agenda-de-proxima-visita-de-kamala-harris-a-mexico-marcelo-ebrard\/\"]}]},{\"@type\":\"ImageObject\",\"inLanguage\":\"es\",\"@id\":\"https:\/\/www.sonoraenequipo.com.mx\/seguridad-e-inversiones-en-agenda-de-proxima-visita-de-kamala-harris-a-mexico-marcelo-ebrard\/#primaryimage\",\"url\":\"https:\/\/www.sonoraenequipo.com.mx\/storage\/2021\/05\/kamala-harris_opt.jpg\",\"contentUrl\":\"https:\/\/www.sonoraenequipo.com.mx\/storage\/2021\/05\/kamala-harris_opt.jpg\",\"width\":700,\"height\":400},{\"@type\":\"BreadcrumbList\",\"@id\":\"https:\/\/www.sonoraenequipo.com.mx\/seguridad-e-inversiones-en-agenda-de-proxima-visita-de-kamala-harris-a-mexico-marcelo-ebrard\/#breadcrumb\",\"itemListElement\":[{\"@type\":\"ListItem\",\"position\":1,\"name\":\"Portada\",\"item\":\"https:\/\/www.sonoraenequipo.com.mx\/\"},{\"@type\":\"ListItem\",\"position\":2,\"name\":\"Seguridad e inversiones, en agenda de pr\u00f3xima visita de Kamala Harris a M\u00e9xico: Marcelo Ebrard\"}]},{\"@type\":\"WebSite\",\"@id\":\"https:\/\/www.sonoraenequipo.com.mx\/#website\",\"url\":\"https:\/\/www.sonoraenequipo.com.mx\/\",\"name\":\"Sonora en Equipo.\",\"description\":\"Diario en l\u00ednea con Noticias desde Hermosillo, Sonora\",\"publisher\":{\"@id\":\"https:\/\/www.sonoraenequipo.com.mx\/#organization\"},\"potentialAction\":[{\"@type\":\"SearchAction\",\"target\":{\"@type\":\"EntryPoint\",\"urlTemplate\":\"https:\/\/www.sonoraenequipo.com.mx\/?s={search_term_string}\"},\"query-input\":{\"@type\":\"PropertyValueSpecification\",\"valueRequired\":true,\"valueName\":\"search_term_string\"}}],\"inLanguage\":\"es\"},{\"@type\":\"Organization\",\"@id\":\"https:\/\/www.sonoraenequipo.com.mx\/#organization\",\"name\":\"Sonoraenequipo.com.mx\",\"url\":\"https:\/\/www.sonoraenequipo.com.mx\/\",\"logo\":{\"@type\":\"ImageObject\",\"inLanguage\":\"es\",\"@id\":\"https:\/\/www.sonoraenequipo.com.mx\/#\/schema\/logo\/image\/\",\"url\":\"https:\/\/www.sonoraenequipo.com.mx\/storage\/2019\/01\/sonoraenequipo_opt.png\",\"contentUrl\":\"https:\/\/www.sonoraenequipo.com.mx\/storage\/2019\/01\/sonoraenequipo_opt.png\",\"width\":375,\"height\":125,\"caption\":\"Sonoraenequipo.com.mx\"},\"image\":{\"@id\":\"https:\/\/www.sonoraenequipo.com.mx\/#\/schema\/logo\/image\/\"},\"sameAs\":[\"https:\/\/www.facebook.com\/SonoraEE\/\",\"https:\/\/x.com\/sonoraenequipo\",\"https:\/\/www.youtube.com\/channel\/UC338nW-lPEYmJQs4ZABQ1SQ\"]},{\"@type\":\"Person\",\"@id\":\"https:\/\/www.sonoraenequipo.com.mx\/#\/schema\/person\/50102df0fb23a8fa9e8effad8fa81386\",\"name\":\"enequipo\",\"image\":{\"@type\":\"ImageObject\",\"inLanguage\":\"es\",\"@id\":\"https:\/\/www.sonoraenequipo.com.mx\/#\/schema\/person\/image\/\",\"url\":\"https:\/\/secure.gravatar.com\/avatar\/049821681b589dabc0bc20695993ccebb09f5b5d4d790cd9251b97faac7c652b?s=96&d=blank&r=g\",\"contentUrl\":\"https:\/\/secure.gravatar.com\/avatar\/049821681b589dabc0bc20695993ccebb09f5b5d4d790cd9251b97faac7c652b?s=96&d=blank&r=g\",\"caption\":\"enequipo\"},\"sameAs\":[\"https:\/\/www.facebook.com\/SonoraEE\"]}]}<\/script>\n ","yoast_head_json":{"title":"Sonora en Equipo. Seguridad e inversiones, en agenda de pr\u00f3xima visita de Kamala Harris a M\u00e9xico: Marcelo Ebrard MUNDO","description":"CIUDAD DE M\u00c9XICO. MX. \u2014 La seguridad, las inversiones y las cadenas de valor en M\u00e9xico y Centroam\u00e9rica ser\u00e1n algunos de los temas que integrar\u00e1n la agenda En Sonora en Equipo publicamos toda la informaci\u00f3n de Sonora, M\u00e9xico y el Mundo de manera oportuna y busca que la libertad de expresi\u00f3n sea real. Visita nuestro medio informativo publicado desde Hermosillo, Sonora. %","robots":{"index":"index","follow":"follow","max-snippet":"max-snippet:-1","max-image-preview":"max-image-preview:large","max-video-preview":"max-video-preview:-1"},"canonical":"https:\/\/www.sonoraenequipo.com.mx\/seguridad-e-inversiones-en-agenda-de-proxima-visita-de-kamala-harris-a-mexico-marcelo-ebrard\/","og_locale":"es_ES","og_type":"article","og_title":"Sonora en Equipo. Seguridad e inversiones, en agenda de pr\u00f3xima visita de Kamala Harris a M\u00e9xico: Marcelo Ebrard MUNDO","og_description":"CIUDAD DE M\u00c9XICO. MX. \u2014 La seguridad, las inversiones y las cadenas de valor en M\u00e9xico y Centroam\u00e9rica ser\u00e1n algunos de los temas que integrar\u00e1n la agenda En Sonora en Equipo publicamos toda la informaci\u00f3n de Sonora, M\u00e9xico y el Mundo de manera oportuna y busca que la libertad de expresi\u00f3n sea real. Visita nuestro medio informativo publicado desde Hermosillo, Sonora. %","og_url":"https:\/\/www.sonoraenequipo.com.mx\/seguridad-e-inversiones-en-agenda-de-proxima-visita-de-kamala-harris-a-mexico-marcelo-ebrard\/","og_site_name":"Sonora en Equipo.","article_publisher":"https:\/\/www.facebook.com\/SonoraEE\/","article_author":"https:\/\/www.facebook.com\/SonoraEE","article_published_time":"2021-05-20T00:50:02+00:00","article_modified_time":"2021-05-20T01:08:13+00:00","og_image":[{"width":700,"height":400,"url":"https:\/\/www.sonoraenequipo.com.mx\/storage\/2021\/05\/kamala-harris_opt.jpg","type":"image\/jpeg"}],"author":"enequipo","twitter_card":"summary_large_image","twitter_creator":"@sonoraenequipo","twitter_site":"@sonoraenequipo","twitter_misc":{"Escrito por":"enequipo","Tiempo de lectura":"3 minutos"},"schema":{"@context":"https:\/\/schema.org","@graph":[{"@type":"Article","@id":"https:\/\/www.sonoraenequipo.com.mx\/seguridad-e-inversiones-en-agenda-de-proxima-visita-de-kamala-harris-a-mexico-marcelo-ebrard\/#article","isPartOf":{"@id":"https:\/\/www.sonoraenequipo.com.mx\/seguridad-e-inversiones-en-agenda-de-proxima-visita-de-kamala-harris-a-mexico-marcelo-ebrard\/"},"author":{"name":"enequipo","@id":"https:\/\/www.sonoraenequipo.com.mx\/#\/schema\/person\/50102df0fb23a8fa9e8effad8fa81386"},"headline":"Seguridad e inversiones, en agenda de pr\u00f3xima visita de Kamala Harris a M\u00e9xico: Marcelo Ebrard","datePublished":"2021-05-20T00:50:02+00:00","dateModified":"2021-05-20T01:08:13+00:00","mainEntityOfPage":{"@id":"https:\/\/www.sonoraenequipo.com.mx\/seguridad-e-inversiones-en-agenda-de-proxima-visita-de-kamala-harris-a-mexico-marcelo-ebrard\/"},"wordCount":637,"commentCount":0,"publisher":{"@id":"https:\/\/www.sonoraenequipo.com.mx\/#organization"},"image":{"@id":"https:\/\/www.sonoraenequipo.com.mx\/seguridad-e-inversiones-en-agenda-de-proxima-visita-de-kamala-harris-a-mexico-marcelo-ebrard\/#primaryimage"},"thumbnailUrl":"https:\/\/www.sonoraenequipo.com.mx\/storage\/2021\/05\/kamala-harris_opt.jpg","articleSection":["MUNDO"],"inLanguage":"es","potentialAction":[{"@type":"CommentAction","name":"Comment","target":["https:\/\/www.sonoraenequipo.com.mx\/seguridad-e-inversiones-en-agenda-de-proxima-visita-de-kamala-harris-a-mexico-marcelo-ebrard\/#respond"]}]},{"@type":"WebPage","@id":"https:\/\/www.sonoraenequipo.com.mx\/seguridad-e-inversiones-en-agenda-de-proxima-visita-de-kamala-harris-a-mexico-marcelo-ebrard\/","url":"https:\/\/www.sonoraenequipo.com.mx\/seguridad-e-inversiones-en-agenda-de-proxima-visita-de-kamala-harris-a-mexico-marcelo-ebrard\/","name":"Sonora en Equipo. Seguridad e inversiones, en agenda de pr\u00f3xima visita de Kamala Harris a M\u00e9xico: Marcelo Ebrard MUNDO","isPartOf":{"@id":"https:\/\/www.sonoraenequipo.com.mx\/#website"},"primaryImageOfPage":{"@id":"https:\/\/www.sonoraenequipo.com.mx\/seguridad-e-inversiones-en-agenda-de-proxima-visita-de-kamala-harris-a-mexico-marcelo-ebrard\/#primaryimage"},"image":{"@id":"https:\/\/www.sonoraenequipo.com.mx\/seguridad-e-inversiones-en-agenda-de-proxima-visita-de-kamala-harris-a-mexico-marcelo-ebrard\/#primaryimage"},"thumbnailUrl":"https:\/\/www.sonoraenequipo.com.mx\/storage\/2021\/05\/kamala-harris_opt.jpg","datePublished":"2021-05-20T00:50:02+00:00","dateModified":"2021-05-20T01:08:13+00:00","description":"CIUDAD DE M\u00c9XICO. MX. \u2014 La seguridad, las inversiones y las cadenas de valor en M\u00e9xico y Centroam\u00e9rica ser\u00e1n algunos de los temas que integrar\u00e1n la agenda En Sonora en Equipo publicamos toda la informaci\u00f3n de Sonora, M\u00e9xico y el Mundo de manera oportuna y busca que la libertad de expresi\u00f3n sea real. Visita nuestro medio informativo publicado desde Hermosillo, Sonora. %","breadcrumb":{"@id":"https:\/\/www.sonoraenequipo.com.mx\/seguridad-e-inversiones-en-agenda-de-proxima-visita-de-kamala-harris-a-mexico-marcelo-ebrard\/#breadcrumb"},"inLanguage":"es","potentialAction":[{"@type":"ReadAction","target":["https:\/\/www.sonoraenequipo.com.mx\/seguridad-e-inversiones-en-agenda-de-proxima-visita-de-kamala-harris-a-mexico-marcelo-ebrard\/"]}]},{"@type":"ImageObject","inLanguage":"es","@id":"https:\/\/www.sonoraenequipo.com.mx\/seguridad-e-inversiones-en-agenda-de-proxima-visita-de-kamala-harris-a-mexico-marcelo-ebrard\/#primaryimage","url":"https:\/\/www.sonoraenequipo.com.mx\/storage\/2021\/05\/kamala-harris_opt.jpg","contentUrl":"https:\/\/www.sonoraenequipo.com.mx\/storage\/2021\/05\/kamala-harris_opt.jpg","width":700,"height":400},{"@type":"BreadcrumbList","@id":"https:\/\/www.sonoraenequipo.com.mx\/seguridad-e-inversiones-en-agenda-de-proxima-visita-de-kamala-harris-a-mexico-marcelo-ebrard\/#breadcrumb","itemListElement":[{"@type":"ListItem","position":1,"name":"Portada","item":"https:\/\/www.sonoraenequipo.com.mx\/"},{"@type":"ListItem","position":2,"name":"Seguridad e inversiones, en agenda de pr\u00f3xima visita de Kamala Harris a M\u00e9xico: Marcelo Ebrard"}]},{"@type":"WebSite","@id":"https:\/\/www.sonoraenequipo.com.mx\/#website","url":"https:\/\/www.sonoraenequipo.com.mx\/","name":"Sonora en Equipo.","description":"Diario en l\u00ednea con Noticias desde Hermosillo, Sonora","publisher":{"@id":"https:\/\/www.sonoraenequipo.com.mx\/#organization"},"potentialAction":[{"@type":"SearchAction","target":{"@type":"EntryPoint","urlTemplate":"https:\/\/www.sonoraenequipo.com.mx\/?s={search_term_string}"},"query-input":{"@type":"PropertyValueSpecification","valueRequired":true,"valueName":"search_term_string"}}],"inLanguage":"es"},{"@type":"Organization","@id":"https:\/\/www.sonoraenequipo.com.mx\/#organization","name":"Sonoraenequipo.com.mx","url":"https:\/\/www.sonoraenequipo.com.mx\/","logo":{"@type":"ImageObject","inLanguage":"es","@id":"https:\/\/www.sonoraenequipo.com.mx\/#\/schema\/logo\/image\/","url":"https:\/\/www.sonoraenequipo.com.mx\/storage\/2019\/01\/sonoraenequipo_opt.png","contentUrl":"https:\/\/www.sonoraenequipo.com.mx\/storage\/2019\/01\/sonoraenequipo_opt.png","width":375,"height":125,"caption":"Sonoraenequipo.com.mx"},"image":{"@id":"https:\/\/www.sonoraenequipo.com.mx\/#\/schema\/logo\/image\/"},"sameAs":["https:\/\/www.facebook.com\/SonoraEE\/","https:\/\/x.com\/sonoraenequipo","https:\/\/www.youtube.com\/channel\/UC338nW-lPEYmJQs4ZABQ1SQ"]},{"@type":"Person","@id":"https:\/\/www.sonoraenequipo.com.mx\/#\/schema\/person\/50102df0fb23a8fa9e8effad8fa81386","name":"enequipo","image":{"@type":"ImageObject","inLanguage":"es","@id":"https:\/\/www.sonoraenequipo.com.mx\/#\/schema\/person\/image\/","url":"https:\/\/secure.gravatar.com\/avatar\/049821681b589dabc0bc20695993ccebb09f5b5d4d790cd9251b97faac7c652b?s=96&d=blank&r=g","contentUrl":"https:\/\/secure.gravatar.com\/avatar\/049821681b589dabc0bc20695993ccebb09f5b5d4d790cd9251b97faac7c652b?s=96&d=blank&r=g","caption":"enequipo"},"sameAs":["https:\/\/www.facebook.com\/SonoraEE"]}]}},"jetpack_featured_media_url":"https:\/\/www.sonoraenequipo.com.mx\/storage\/2021\/05\/kamala-harris_opt.jpg","_links":{"self":[{"href":"https:\/\/www.sonoraenequipo.com.mx\/api\/wp\/v2\/posts\/114324","targetHints":{"allow":["GET"]}}],"collection":[{"href":"https:\/\/www.sonoraenequipo.com.mx\/api\/wp\/v2\/posts"}],"about":[{"href":"https:\/\/www.sonoraenequipo.com.mx\/api\/wp\/v2\/types\/post"}],"author":[{"embeddable":true,"href":"https:\/\/www.sonoraenequipo.com.mx\/api\/wp\/v2\/users\/1"}],"replies":[{"embeddable":true,"href":"https:\/\/www.sonoraenequipo.com.mx\/api\/wp\/v2\/comments?post=114324"}],"version-history":[{"count":1,"href":"https:\/\/www.sonoraenequipo.com.mx\/api\/wp\/v2\/posts\/114324\/revisions"}],"predecessor-version":[{"id":114326,"href":"https:\/\/www.sonoraenequipo.com.mx\/api\/wp\/v2\/posts\/114324\/revisions\/114326"}],"wp:featuredmedia":[{"embeddable":true,"href":"https:\/\/www.sonoraenequipo.com.mx\/api\/wp\/v2\/media\/114325"}],"wp:attachment":[{"href":"https:\/\/www.sonoraenequipo.com.mx\/api\/wp\/v2\/media?parent=114324"}],"wp:term":[{"taxonomy":"category","embeddable":true,"href":"https:\/\/www.sonoraenequipo.com.mx\/api\/wp\/v2\/categories?post=114324"},{"taxonomy":"post_tag","embeddable":true,"href":"https:\/\/www.sonoraenequipo.com.mx\/api\/wp\/v2\/tags?post=114324"}],"curies":[{"name":"wp","href":"https:\/\/api.w.org\/{rel}","templated":true}]}}