{"id":114335,"date":"2021-05-19T19:06:01","date_gmt":"2021-05-20T02:06:01","guid":{"rendered":"https:\/\/www.sonoraenequipo.com.mx\/?p=114335"},"modified":"2021-05-19T19:24:38","modified_gmt":"2021-05-20T02:24:38","slug":"se-compromete-celida-lopez-a-seguir-trabajando-con-la-ciudadania-por-hermosillo","status":"publish","type":"post","link":"https:\/\/www.sonoraenequipo.com.mx\/se-compromete-celida-lopez-a-seguir-trabajando-con-la-ciudadania-por-hermosillo\/","title":{"rendered":"Se compromete Celida L\u00f3pez a seguir trabajando con la ciudadan\u00eda por Hermosillo"},"content":{"rendered":"<p>Hermosillo, Sonora a 19 de abril de 2021.- Con el objetivo de hacer de Hermosillo un mejor lugar para vivir, la candidata de Morena por la alcald\u00eda de Hermosillo, Celida L\u00f3pez C\u00e1rdenas, se comprometi\u00f3 a seguir trabajando de la mano con la ciudadan\u00eda y asociaciones no gubernamentales comprometidas con la ciudad.<\/p>\n<p>&nbsp;<\/p>\n<p>Invitada por Hermosillo \u00bfC\u00f3mo vamos?, L\u00f3pez C\u00e1rdenas firm\u00f3 la AgendaHMO, la cual contiene 139 acciones para la ciudad, donde participaron m\u00e1s de 250 representantes de organizaciones de la sociedad civil, acad\u00e9micos, especialistas y activistas.<\/p>\n<p>&nbsp;<\/p>\n<p>Dicha agenda aborda nueve tem\u00e1ticas prioritarias como son adicciones, agua, buen gobierno y participaci\u00f3n c\u00edvica, competitividad, desarrollo humano, desarrollo urbano sustentable y servicios p\u00fablicos municipales, medio ambiente, movilidad y seguridad ciudadana.<\/p>\n<p>&nbsp;<\/p>\n<p>\u201cHace casi 3 a\u00f1os estuvimos con mucha emoci\u00f3n, asumiendo el compromiso como alcaldesa electa, de acompa\u00f1ar esta agenda. Lo m\u00e1s importante es que estoy con ustedes no para hablar de una promesa sino de lo que hemos hecho juntos\u201d, expres\u00f3 la morenista.<\/p>\n<p>&nbsp;<\/p>\n<p>Celida L\u00f3pez subray\u00f3 que para los pr\u00f3ximos 3 a\u00f1os es necesario continuar con la profesionalizaci\u00f3n de la Polic\u00eda Municipal, mejorar el tiempo de respuesta de las llamadas al 911, adquirir 150 patrullas m\u00e1s, contratar al menos 300 elementos policiacos y mejorar el desempe\u00f1o de los ministerios p\u00fablicos.<\/p>\n<p>&nbsp;<\/p>\n<p>Fecha de Publicaci\u00f3n\u00a0 mi\u00e9rcoles \u00a0\/ 19\/05\/2021<\/p>\n<p>&nbsp;<\/p>\n","protected":false},"excerpt":{"rendered":"<p>Hermosillo, Sonora a 19 de abril de 2021.- Con el objetivo de hacer de Hermosillo&#8230;<\/p>\n","protected":false},"author":1,"featured_media":114336,"comment_status":"open","ping_status":"open","sticky":false,"template":"","format":"standard","meta":{"_monsterinsights_skip_tracking":false,"_monsterinsights_sitenote_active":false,"_monsterinsights_sitenote_note":"","_monsterinsights_sitenote_category":0,"footnotes":""},"categories":[8],"tags":[3062,5712],"class_list":["post"],"yoast_head":" \n<title>Sonora en Equipo. Se compromete Celida L\u00f3pez a seguir trabajando con la ciudadan\u00eda por Hermosillo LA ELECCION 2024<\/title>\n<meta name=\"description\" content=\"Hermosillo, Sonora a 19 de abril de 2021.- Con el objetivo de hacer de Hermosillo un mejor lugar para vivir, la candidata de Morena por la alcald\u00eda de En Sonora en Equipo publicamos toda la informaci\u00f3n de Sonora, M\u00e9xico y el Mundo de manera oportuna y busca que la libertad de expresi\u00f3n sea real. Visita nuestro medio informativo publicado desde Hermosillo, Sonora. %\" \/>\n<meta name=\"robots\" content=\"index, follow, max-snippet:-1, max-image-preview:large, max-video-preview:-1\" \/>\n<link rel=\"canonical\" href=\"https:\/\/www.sonoraenequipo.com.mx\/se-compromete-celida-lopez-a-seguir-trabajando-con-la-ciudadania-por-hermosillo\/\" \/>\n<meta property=\"og:locale\" content=\"es_ES\" \/>\n<meta property=\"og:type\" content=\"article\" \/>\n<meta property=\"og:title\" content=\"Sonora en Equipo. Se compromete Celida L\u00f3pez a seguir trabajando con la ciudadan\u00eda por Hermosillo LA ELECCION 2024\" \/>\n<meta property=\"og:description\" content=\"Hermosillo, Sonora a 19 de abril de 2021.- Con el objetivo de hacer de Hermosillo un mejor lugar para vivir, la candidata de Morena por la alcald\u00eda de En Sonora en Equipo publicamos toda la informaci\u00f3n de Sonora, M\u00e9xico y el Mundo de manera oportuna y busca que la libertad de expresi\u00f3n sea real. Visita nuestro medio informativo publicado desde Hermosillo, Sonora. %\" \/>\n<meta property=\"og:url\" content=\"https:\/\/www.sonoraenequipo.com.mx\/se-compromete-celida-lopez-a-seguir-trabajando-con-la-ciudadania-por-hermosillo\/\" \/>\n<meta property=\"og:site_name\" content=\"Sonora en Equipo.\" \/>\n<meta property=\"article:publisher\" content=\"https:\/\/www.facebook.com\/SonoraEE\/\" \/>\n<meta property=\"article:author\" content=\"https:\/\/www.facebook.com\/SonoraEE\" \/>\n<meta property=\"article:published_time\" content=\"2021-05-20T02:06:01+00:00\" \/>\n<meta property=\"article:modified_time\" content=\"2021-05-20T02:24:38+00:00\" \/>\n<meta property=\"og:image\" content=\"https:\/\/www.sonoraenequipo.com.mx\/storage\/2021\/05\/clc190521.jpg\" \/>\n\t<meta property=\"og:image:width\" content=\"500\" \/>\n\t<meta property=\"og:image:height\" content=\"300\" \/>\n\t<meta property=\"og:image:type\" content=\"image\/jpeg\" \/>\n<meta name=\"author\" content=\"enequipo\" \/>\n<meta name=\"twitter:card\" content=\"summary_large_image\" \/>\n<meta name=\"twitter:creator\" content=\"@sonoraenequipo\" \/>\n<meta name=\"twitter:site\" content=\"@sonoraenequipo\" \/>\n<meta name=\"twitter:label1\" content=\"Escrito por\" \/>\n\t<meta name=\"twitter:data1\" content=\"enequipo\" \/>\n\t<meta name=\"twitter:label2\" content=\"Tiempo de lectura\" \/>\n\t<meta name=\"twitter:data2\" content=\"1 minuto\" \/>\n<script type=\"application\/ld+json\" class=\"yoast-schema-graph\">{\"@context\":\"https:\/\/schema.org\",\"@graph\":[{\"@type\":\"Article\",\"@id\":\"https:\/\/www.sonoraenequipo.com.mx\/se-compromete-celida-lopez-a-seguir-trabajando-con-la-ciudadania-por-hermosillo\/#article\",\"isPartOf\":{\"@id\":\"https:\/\/www.sonoraenequipo.com.mx\/se-compromete-celida-lopez-a-seguir-trabajando-con-la-ciudadania-por-hermosillo\/\"},\"author\":{\"name\":\"enequipo\",\"@id\":\"https:\/\/www.sonoraenequipo.com.mx\/#\/schema\/person\/50102df0fb23a8fa9e8effad8fa81386\"},\"headline\":\"Se compromete Celida L\u00f3pez a seguir trabajando con la ciudadan\u00eda por Hermosillo\",\"datePublished\":\"2021-05-20T02:06:01+00:00\",\"dateModified\":\"2021-05-20T02:24:38+00:00\",\"mainEntityOfPage\":{\"@id\":\"https:\/\/www.sonoraenequipo.com.mx\/se-compromete-celida-lopez-a-seguir-trabajando-con-la-ciudadania-por-hermosillo\/\"},\"wordCount\":248,\"commentCount\":0,\"publisher\":{\"@id\":\"https:\/\/www.sonoraenequipo.com.mx\/#organization\"},\"image\":{\"@id\":\"https:\/\/www.sonoraenequipo.com.mx\/se-compromete-celida-lopez-a-seguir-trabajando-con-la-ciudadania-por-hermosillo\/#primaryimage\"},\"thumbnailUrl\":\"https:\/\/www.sonoraenequipo.com.mx\/storage\/2021\/05\/clc190521.jpg\",\"keywords\":[\"celida\",\"eleccioneshermosillo2021\"],\"articleSection\":[\"LA ELECCION 2024\"],\"inLanguage\":\"es\",\"potentialAction\":[{\"@type\":\"CommentAction\",\"name\":\"Comment\",\"target\":[\"https:\/\/www.sonoraenequipo.com.mx\/se-compromete-celida-lopez-a-seguir-trabajando-con-la-ciudadania-por-hermosillo\/#respond\"]}]},{\"@type\":\"WebPage\",\"@id\":\"https:\/\/www.sonoraenequipo.com.mx\/se-compromete-celida-lopez-a-seguir-trabajando-con-la-ciudadania-por-hermosillo\/\",\"url\":\"https:\/\/www.sonoraenequipo.com.mx\/se-compromete-celida-lopez-a-seguir-trabajando-con-la-ciudadania-por-hermosillo\/\",\"name\":\"Sonora en Equipo. Se compromete Celida L\u00f3pez a seguir trabajando con la ciudadan\u00eda por Hermosillo LA ELECCION 2024\",\"isPartOf\":{\"@id\":\"https:\/\/www.sonoraenequipo.com.mx\/#website\"},\"primaryImageOfPage\":{\"@id\":\"https:\/\/www.sonoraenequipo.com.mx\/se-compromete-celida-lopez-a-seguir-trabajando-con-la-ciudadania-por-hermosillo\/#primaryimage\"},\"image\":{\"@id\":\"https:\/\/www.sonoraenequipo.com.mx\/se-compromete-celida-lopez-a-seguir-trabajando-con-la-ciudadania-por-hermosillo\/#primaryimage\"},\"thumbnailUrl\":\"https:\/\/www.sonoraenequipo.com.mx\/storage\/2021\/05\/clc190521.jpg\",\"datePublished\":\"2021-05-20T02:06:01+00:00\",\"dateModified\":\"2021-05-20T02:24:38+00:00\",\"description\":\"Hermosillo, Sonora a 19 de abril de 2021.- Con el objetivo de hacer de Hermosillo un mejor lugar para vivir, la candidata de Morena por la alcald\u00eda de En Sonora en Equipo publicamos toda la informaci\u00f3n de Sonora, M\u00e9xico y el Mundo de manera oportuna y busca que la libertad de expresi\u00f3n sea real. Visita nuestro medio informativo publicado desde Hermosillo, Sonora. %\",\"breadcrumb\":{\"@id\":\"https:\/\/www.sonoraenequipo.com.mx\/se-compromete-celida-lopez-a-seguir-trabajando-con-la-ciudadania-por-hermosillo\/#breadcrumb\"},\"inLanguage\":\"es\",\"potentialAction\":[{\"@type\":\"ReadAction\",\"target\":[\"https:\/\/www.sonoraenequipo.com.mx\/se-compromete-celida-lopez-a-seguir-trabajando-con-la-ciudadania-por-hermosillo\/\"]}]},{\"@type\":\"ImageObject\",\"inLanguage\":\"es\",\"@id\":\"https:\/\/www.sonoraenequipo.com.mx\/se-compromete-celida-lopez-a-seguir-trabajando-con-la-ciudadania-por-hermosillo\/#primaryimage\",\"url\":\"https:\/\/www.sonoraenequipo.com.mx\/storage\/2021\/05\/clc190521.jpg\",\"contentUrl\":\"https:\/\/www.sonoraenequipo.com.mx\/storage\/2021\/05\/clc190521.jpg\",\"width\":500,\"height\":300},{\"@type\":\"BreadcrumbList\",\"@id\":\"https:\/\/www.sonoraenequipo.com.mx\/se-compromete-celida-lopez-a-seguir-trabajando-con-la-ciudadania-por-hermosillo\/#breadcrumb\",\"itemListElement\":[{\"@type\":\"ListItem\",\"position\":1,\"name\":\"Portada\",\"item\":\"https:\/\/www.sonoraenequipo.com.mx\/\"},{\"@type\":\"ListItem\",\"position\":2,\"name\":\"Se compromete Celida L\u00f3pez a seguir trabajando con la ciudadan\u00eda por Hermosillo\"}]},{\"@type\":\"WebSite\",\"@id\":\"https:\/\/www.sonoraenequipo.com.mx\/#website\",\"url\":\"https:\/\/www.sonoraenequipo.com.mx\/\",\"name\":\"Sonora en Equipo.\",\"description\":\"Diario en l\u00ednea con Noticias desde Hermosillo, Sonora\",\"publisher\":{\"@id\":\"https:\/\/www.sonoraenequipo.com.mx\/#organization\"},\"potentialAction\":[{\"@type\":\"SearchAction\",\"target\":{\"@type\":\"EntryPoint\",\"urlTemplate\":\"https:\/\/www.sonoraenequipo.com.mx\/?s={search_term_string}\"},\"query-input\":{\"@type\":\"PropertyValueSpecification\",\"valueRequired\":true,\"valueName\":\"search_term_string\"}}],\"inLanguage\":\"es\"},{\"@type\":\"Organization\",\"@id\":\"https:\/\/www.sonoraenequipo.com.mx\/#organization\",\"name\":\"Sonoraenequipo.com.mx\",\"url\":\"https:\/\/www.sonoraenequipo.com.mx\/\",\"logo\":{\"@type\":\"ImageObject\",\"inLanguage\":\"es\",\"@id\":\"https:\/\/www.sonoraenequipo.com.mx\/#\/schema\/logo\/image\/\",\"url\":\"https:\/\/www.sonoraenequipo.com.mx\/storage\/2019\/01\/sonoraenequipo_opt.png\",\"contentUrl\":\"https:\/\/www.sonoraenequipo.com.mx\/storage\/2019\/01\/sonoraenequipo_opt.png\",\"width\":375,\"height\":125,\"caption\":\"Sonoraenequipo.com.mx\"},\"image\":{\"@id\":\"https:\/\/www.sonoraenequipo.com.mx\/#\/schema\/logo\/image\/\"},\"sameAs\":[\"https:\/\/www.facebook.com\/SonoraEE\/\",\"https:\/\/x.com\/sonoraenequipo\",\"https:\/\/www.youtube.com\/channel\/UC338nW-lPEYmJQs4ZABQ1SQ\"]},{\"@type\":\"Person\",\"@id\":\"https:\/\/www.sonoraenequipo.com.mx\/#\/schema\/person\/50102df0fb23a8fa9e8effad8fa81386\",\"name\":\"enequipo\",\"image\":{\"@type\":\"ImageObject\",\"inLanguage\":\"es\",\"@id\":\"https:\/\/www.sonoraenequipo.com.mx\/#\/schema\/person\/image\/\",\"url\":\"https:\/\/secure.gravatar.com\/avatar\/049821681b589dabc0bc20695993ccebb09f5b5d4d790cd9251b97faac7c652b?s=96&d=blank&r=g\",\"contentUrl\":\"https:\/\/secure.gravatar.com\/avatar\/049821681b589dabc0bc20695993ccebb09f5b5d4d790cd9251b97faac7c652b?s=96&d=blank&r=g\",\"caption\":\"enequipo\"},\"sameAs\":[\"https:\/\/www.facebook.com\/SonoraEE\"]}]}<\/script>\n ","yoast_head_json":{"title":"Sonora en Equipo. Se compromete Celida L\u00f3pez a seguir trabajando con la ciudadan\u00eda por Hermosillo LA ELECCION 2024","description":"Hermosillo, Sonora a 19 de abril de 2021.- Con el objetivo de hacer de Hermosillo un mejor lugar para vivir, la candidata de Morena por la alcald\u00eda de En Sonora en Equipo publicamos toda la informaci\u00f3n de Sonora, M\u00e9xico y el Mundo de manera oportuna y busca que la libertad de expresi\u00f3n sea real. Visita nuestro medio informativo publicado desde Hermosillo, Sonora. %","robots":{"index":"index","follow":"follow","max-snippet":"max-snippet:-1","max-image-preview":"max-image-preview:large","max-video-preview":"max-video-preview:-1"},"canonical":"https:\/\/www.sonoraenequipo.com.mx\/se-compromete-celida-lopez-a-seguir-trabajando-con-la-ciudadania-por-hermosillo\/","og_locale":"es_ES","og_type":"article","og_title":"Sonora en Equipo. Se compromete Celida L\u00f3pez a seguir trabajando con la ciudadan\u00eda por Hermosillo LA ELECCION 2024","og_description":"Hermosillo, Sonora a 19 de abril de 2021.- Con el objetivo de hacer de Hermosillo un mejor lugar para vivir, la candidata de Morena por la alcald\u00eda de En Sonora en Equipo publicamos toda la informaci\u00f3n de Sonora, M\u00e9xico y el Mundo de manera oportuna y busca que la libertad de expresi\u00f3n sea real. Visita nuestro medio informativo publicado desde Hermosillo, Sonora. %","og_url":"https:\/\/www.sonoraenequipo.com.mx\/se-compromete-celida-lopez-a-seguir-trabajando-con-la-ciudadania-por-hermosillo\/","og_site_name":"Sonora en Equipo.","article_publisher":"https:\/\/www.facebook.com\/SonoraEE\/","article_author":"https:\/\/www.facebook.com\/SonoraEE","article_published_time":"2021-05-20T02:06:01+00:00","article_modified_time":"2021-05-20T02:24:38+00:00","og_image":[{"width":500,"height":300,"url":"https:\/\/www.sonoraenequipo.com.mx\/storage\/2021\/05\/clc190521.jpg","type":"image\/jpeg"}],"author":"enequipo","twitter_card":"summary_large_image","twitter_creator":"@sonoraenequipo","twitter_site":"@sonoraenequipo","twitter_misc":{"Escrito por":"enequipo","Tiempo de lectura":"1 minuto"},"schema":{"@context":"https:\/\/schema.org","@graph":[{"@type":"Article","@id":"https:\/\/www.sonoraenequipo.com.mx\/se-compromete-celida-lopez-a-seguir-trabajando-con-la-ciudadania-por-hermosillo\/#article","isPartOf":{"@id":"https:\/\/www.sonoraenequipo.com.mx\/se-compromete-celida-lopez-a-seguir-trabajando-con-la-ciudadania-por-hermosillo\/"},"author":{"name":"enequipo","@id":"https:\/\/www.sonoraenequipo.com.mx\/#\/schema\/person\/50102df0fb23a8fa9e8effad8fa81386"},"headline":"Se compromete Celida L\u00f3pez a seguir trabajando con la ciudadan\u00eda por Hermosillo","datePublished":"2021-05-20T02:06:01+00:00","dateModified":"2021-05-20T02:24:38+00:00","mainEntityOfPage":{"@id":"https:\/\/www.sonoraenequipo.com.mx\/se-compromete-celida-lopez-a-seguir-trabajando-con-la-ciudadania-por-hermosillo\/"},"wordCount":248,"commentCount":0,"publisher":{"@id":"https:\/\/www.sonoraenequipo.com.mx\/#organization"},"image":{"@id":"https:\/\/www.sonoraenequipo.com.mx\/se-compromete-celida-lopez-a-seguir-trabajando-con-la-ciudadania-por-hermosillo\/#primaryimage"},"thumbnailUrl":"https:\/\/www.sonoraenequipo.com.mx\/storage\/2021\/05\/clc190521.jpg","keywords":["celida","eleccioneshermosillo2021"],"articleSection":["LA ELECCION 2024"],"inLanguage":"es","potentialAction":[{"@type":"CommentAction","name":"Comment","target":["https:\/\/www.sonoraenequipo.com.mx\/se-compromete-celida-lopez-a-seguir-trabajando-con-la-ciudadania-por-hermosillo\/#respond"]}]},{"@type":"WebPage","@id":"https:\/\/www.sonoraenequipo.com.mx\/se-compromete-celida-lopez-a-seguir-trabajando-con-la-ciudadania-por-hermosillo\/","url":"https:\/\/www.sonoraenequipo.com.mx\/se-compromete-celida-lopez-a-seguir-trabajando-con-la-ciudadania-por-hermosillo\/","name":"Sonora en Equipo. Se compromete Celida L\u00f3pez a seguir trabajando con la ciudadan\u00eda por Hermosillo LA ELECCION 2024","isPartOf":{"@id":"https:\/\/www.sonoraenequipo.com.mx\/#website"},"primaryImageOfPage":{"@id":"https:\/\/www.sonoraenequipo.com.mx\/se-compromete-celida-lopez-a-seguir-trabajando-con-la-ciudadania-por-hermosillo\/#primaryimage"},"image":{"@id":"https:\/\/www.sonoraenequipo.com.mx\/se-compromete-celida-lopez-a-seguir-trabajando-con-la-ciudadania-por-hermosillo\/#primaryimage"},"thumbnailUrl":"https:\/\/www.sonoraenequipo.com.mx\/storage\/2021\/05\/clc190521.jpg","datePublished":"2021-05-20T02:06:01+00:00","dateModified":"2021-05-20T02:24:38+00:00","description":"Hermosillo, Sonora a 19 de abril de 2021.- Con el objetivo de hacer de Hermosillo un mejor lugar para vivir, la candidata de Morena por la alcald\u00eda de En Sonora en Equipo publicamos toda la informaci\u00f3n de Sonora, M\u00e9xico y el Mundo de manera oportuna y busca que la libertad de expresi\u00f3n sea real. Visita nuestro medio informativo publicado desde Hermosillo, Sonora. %","breadcrumb":{"@id":"https:\/\/www.sonoraenequipo.com.mx\/se-compromete-celida-lopez-a-seguir-trabajando-con-la-ciudadania-por-hermosillo\/#breadcrumb"},"inLanguage":"es","potentialAction":[{"@type":"ReadAction","target":["https:\/\/www.sonoraenequipo.com.mx\/se-compromete-celida-lopez-a-seguir-trabajando-con-la-ciudadania-por-hermosillo\/"]}]},{"@type":"ImageObject","inLanguage":"es","@id":"https:\/\/www.sonoraenequipo.com.mx\/se-compromete-celida-lopez-a-seguir-trabajando-con-la-ciudadania-por-hermosillo\/#primaryimage","url":"https:\/\/www.sonoraenequipo.com.mx\/storage\/2021\/05\/clc190521.jpg","contentUrl":"https:\/\/www.sonoraenequipo.com.mx\/storage\/2021\/05\/clc190521.jpg","width":500,"height":300},{"@type":"BreadcrumbList","@id":"https:\/\/www.sonoraenequipo.com.mx\/se-compromete-celida-lopez-a-seguir-trabajando-con-la-ciudadania-por-hermosillo\/#breadcrumb","itemListElement":[{"@type":"ListItem","position":1,"name":"Portada","item":"https:\/\/www.sonoraenequipo.com.mx\/"},{"@type":"ListItem","position":2,"name":"Se compromete Celida L\u00f3pez a seguir trabajando con la ciudadan\u00eda por Hermosillo"}]},{"@type":"WebSite","@id":"https:\/\/www.sonoraenequipo.com.mx\/#website","url":"https:\/\/www.sonoraenequipo.com.mx\/","name":"Sonora en Equipo.","description":"Diario en l\u00ednea con Noticias desde Hermosillo, Sonora","publisher":{"@id":"https:\/\/www.sonoraenequipo.com.mx\/#organization"},"potentialAction":[{"@type":"SearchAction","target":{"@type":"EntryPoint","urlTemplate":"https:\/\/www.sonoraenequipo.com.mx\/?s={search_term_string}"},"query-input":{"@type":"PropertyValueSpecification","valueRequired":true,"valueName":"search_term_string"}}],"inLanguage":"es"},{"@type":"Organization","@id":"https:\/\/www.sonoraenequipo.com.mx\/#organization","name":"Sonoraenequipo.com.mx","url":"https:\/\/www.sonoraenequipo.com.mx\/","logo":{"@type":"ImageObject","inLanguage":"es","@id":"https:\/\/www.sonoraenequipo.com.mx\/#\/schema\/logo\/image\/","url":"https:\/\/www.sonoraenequipo.com.mx\/storage\/2019\/01\/sonoraenequipo_opt.png","contentUrl":"https:\/\/www.sonoraenequipo.com.mx\/storage\/2019\/01\/sonoraenequipo_opt.png","width":375,"height":125,"caption":"Sonoraenequipo.com.mx"},"image":{"@id":"https:\/\/www.sonoraenequipo.com.mx\/#\/schema\/logo\/image\/"},"sameAs":["https:\/\/www.facebook.com\/SonoraEE\/","https:\/\/x.com\/sonoraenequipo","https:\/\/www.youtube.com\/channel\/UC338nW-lPEYmJQs4ZABQ1SQ"]},{"@type":"Person","@id":"https:\/\/www.sonoraenequipo.com.mx\/#\/schema\/person\/50102df0fb23a8fa9e8effad8fa81386","name":"enequipo","image":{"@type":"ImageObject","inLanguage":"es","@id":"https:\/\/www.sonoraenequipo.com.mx\/#\/schema\/person\/image\/","url":"https:\/\/secure.gravatar.com\/avatar\/049821681b589dabc0bc20695993ccebb09f5b5d4d790cd9251b97faac7c652b?s=96&d=blank&r=g","contentUrl":"https:\/\/secure.gravatar.com\/avatar\/049821681b589dabc0bc20695993ccebb09f5b5d4d790cd9251b97faac7c652b?s=96&d=blank&r=g","caption":"enequipo"},"sameAs":["https:\/\/www.facebook.com\/SonoraEE"]}]}},"jetpack_featured_media_url":"https:\/\/www.sonoraenequipo.com.mx\/storage\/2021\/05\/clc190521.jpg","_links":{"self":[{"href":"https:\/\/www.sonoraenequipo.com.mx\/api\/wp\/v2\/posts\/114335","targetHints":{"allow":["GET"]}}],"collection":[{"href":"https:\/\/www.sonoraenequipo.com.mx\/api\/wp\/v2\/posts"}],"about":[{"href":"https:\/\/www.sonoraenequipo.com.mx\/api\/wp\/v2\/types\/post"}],"author":[{"embeddable":true,"href":"https:\/\/www.sonoraenequipo.com.mx\/api\/wp\/v2\/users\/1"}],"replies":[{"embeddable":true,"href":"https:\/\/www.sonoraenequipo.com.mx\/api\/wp\/v2\/comments?post=114335"}],"version-history":[{"count":3,"href":"https:\/\/www.sonoraenequipo.com.mx\/api\/wp\/v2\/posts\/114335\/revisions"}],"predecessor-version":[{"id":114340,"href":"https:\/\/www.sonoraenequipo.com.mx\/api\/wp\/v2\/posts\/114335\/revisions\/114340"}],"wp:featuredmedia":[{"embeddable":true,"href":"https:\/\/www.sonoraenequipo.com.mx\/api\/wp\/v2\/media\/114336"}],"wp:attachment":[{"href":"https:\/\/www.sonoraenequipo.com.mx\/api\/wp\/v2\/media?parent=114335"}],"wp:term":[{"taxonomy":"category","embeddable":true,"href":"https:\/\/www.sonoraenequipo.com.mx\/api\/wp\/v2\/categories?post=114335"},{"taxonomy":"post_tag","embeddable":true,"href":"https:\/\/www.sonoraenequipo.com.mx\/api\/wp\/v2\/tags?post=114335"}],"curies":[{"name":"wp","href":"https:\/\/api.w.org\/{rel}","templated":true}]}}