{"id":114346,"date":"2021-05-19T14:34:37","date_gmt":"2021-05-19T21:34:37","guid":{"rendered":"https:\/\/www.sonoraenequipo.com.mx\/?p=114346"},"modified":"2021-05-19T21:01:06","modified_gmt":"2021-05-20T04:01:06","slug":"diputados-mexicanos-autorizan-rehabilitacion-de-los-salones-de-pleno-y-legisladores","status":"publish","type":"post","link":"https:\/\/www.sonoraenequipo.com.mx\/diputados-mexicanos-autorizan-rehabilitacion-de-los-salones-de-pleno-y-legisladores\/","title":{"rendered":"Diputados mexicanos autorizan rehabilitaci\u00f3n de los salones de pleno y legisladores."},"content":{"rendered":"<p>CIUDAD DE M\u00c9XICO. MX. \u2014 Diputados de la 64.\u00aa Legislatura, alistan la rehabilitaci\u00f3n de los salones de pleno y legisladores, y para ello cambiar\u00e1n 4 mil 375 metros cuadrados de alfombras verdes; se retapizar\u00e1n y restaurar\u00e1n 678 curules y se les dar\u00e1 mantenimiento a otros 540 espacios.<\/p>\n<p>&nbsp;<\/p>\n<p> <\/p>\n<p>&nbsp;<\/p>\n<p>La C\u00e1mara de Diputados lanz\u00f3 dos licitaciones p\u00fablicas para cambiar todas las alfombras verdes que hay en los salones de pleno y legisladores, que tienen cuatro a\u00f1os y medio de haber sido sustituidas por sus antecesores de la 63.\u00aa Legislatura, y por lo que pagaron en diciembre de 2016 m\u00e1s de 8 millones de pesos.<\/p>\n<p>&nbsp;<\/p>\n<p>Esta primera licitaci\u00f3n, titulada Rehabilitaci\u00f3n al Sal\u00f3n de Sesiones y Sal\u00f3n Legisladores de la Rep\u00fablica de la C\u00e1mara de Diputados, tambi\u00e9n contempla el cambio de 198 metros cuadrados del plaf\u00f3n falso del pleno, as\u00ed como la instalaci\u00f3n de 209 luminarias de led recuperadas.<\/p>\n<p>&nbsp;<\/p>\n<p>En una segunda licitaci\u00f3n, titulada Rehabilitaci\u00f3n del Mobiliario del Sal\u00f3n de Sesiones y Sal\u00f3n Legisladores de la Rep\u00fablica de la C\u00e1mara de Diputados, emitida por la Direcci\u00f3n General de Recursos Materiales y Servicios de San L\u00e1zaro, se busca el retapizado de 678 curules con piel vacuna en respaldos, coderas, ri\u00f1oneras y asientos; as\u00ed como el cambio de hule espuma y resortes de los asientos; el cambio de la tela que cubre el polvo de la tapa inferior del asiento y el mantenimiento de pintura y acabados.<\/p>\n<p>&nbsp;<\/p>\n<p>Se busca que a los 540 lugares que se utilizan en el pleno y en el sal\u00f3n Legisladores se les cambie la piel de la mesa, se les colocar\u00e1 una l\u00e1mina calibre 22, se les sustituir\u00e1 el tapete de hule en los descansapi\u00e9s, y se le dar\u00e1 mantenimiento a la madera con desengrasado, pulido, resanado y laqueado.<\/p>\n<p>&nbsp;<\/p>\n<p>El concurso incluye el mantenimiento de la tribuna, y la rehabilitaci\u00f3n del espacio para la Mesa Directiva, adem\u00e1s de varias mesas y sillones del sal\u00f3n de sesiones, as\u00ed como el retapizado y restablecimiento de cuatro sillones, de la mesa de pres\u00eddium y el atril del sal\u00f3n Legisladores.<\/p>\n<p>&nbsp;<\/p>\n<p>Estas licitaciones fueron publicadas los d\u00edas 11 y 18 de mayo, respectivamente, y el concurso para las alfombras y el techo falso tendr\u00eda plazo para concluirse el 31 de diciembre pr\u00f3ximo.<\/p>\n<p>&nbsp;<\/p>\n<p>La convocatoria para la restauraci\u00f3n de las curules y lugares tendr\u00eda vigencia al 15 de julio de 2021. Sin embargo, de acuerdo con fuentes consultadas, estos trabajos de rehabilitaci\u00f3n tendr\u00e1n que finalizar antes del pr\u00f3ximo 1 de septiembre, cuando inicie la 65.\u00aa Legislatura.<\/p>\n<p>&nbsp;<\/p>\n<p>La licitaci\u00f3n HCD\/LXIV \/LPN\/ 30\/2021 para el reemplazo de las alfombras establece que hoy 19 de mayo se abrir\u00e1 la Junta de Aclaraciones a las Bases.<\/p>\n<p>&nbsp;<\/p>\n<p>Para participar en este concurso los licitantes tuvieron que pagar 5 mil pesos para ingresar, y el pr\u00f3ximo 26 de mayo se har\u00e1 la presentaci\u00f3n y apertura de las propuestas, y la Direcci\u00f3n General de Recursos Materiales y Servicios emitir\u00e1 un dictamen que servir\u00e1 como base para el fallo.<\/p>\n<p>&nbsp;<\/p>\n<p>&nbsp;<\/p>\n<p>(Publicada el 19\/05\/2021)<\/p>\n","protected":false},"excerpt":{"rendered":"<p>CIUDAD DE M\u00c9XICO. MX. \u2014 Diputados de la 64.\u00aa Legislatura, alistan la rehabilitaci\u00f3n de los&#8230;<\/p>\n","protected":false},"author":1,"featured_media":114287,"comment_status":"open","ping_status":"open","sticky":false,"template":"","format":"standard","meta":{"_monsterinsights_skip_tracking":false,"_monsterinsights_sitenote_active":false,"_monsterinsights_sitenote_note":"","_monsterinsights_sitenote_category":0,"footnotes":""},"categories":[5],"tags":[],"class_list":["post"],"yoast_head":" \n<title>Sonora en Equipo. Diputados mexicanos autorizan rehabilitaci\u00f3n de los salones de pleno y legisladores. Rep\u00fablica<\/title>\n<meta name=\"description\" content=\"CIUDAD DE M\u00c9XICO. MX. \u2014 Diputados de la 64.\u00aa Legislatura, alistan la rehabilitaci\u00f3n de los salones de pleno y legisladores, y para ello cambiar\u00e1n 4 mil En Sonora en Equipo publicamos toda la informaci\u00f3n de Sonora, M\u00e9xico y el Mundo de manera oportuna y busca que la libertad de expresi\u00f3n sea real. Visita nuestro medio informativo publicado desde Hermosillo, Sonora. %\" \/>\n<meta name=\"robots\" content=\"index, follow, max-snippet:-1, max-image-preview:large, max-video-preview:-1\" \/>\n<link rel=\"canonical\" href=\"https:\/\/www.sonoraenequipo.com.mx\/diputados-mexicanos-autorizan-rehabilitacion-de-los-salones-de-pleno-y-legisladores\/\" \/>\n<meta property=\"og:locale\" content=\"es_ES\" \/>\n<meta property=\"og:type\" content=\"article\" \/>\n<meta property=\"og:title\" content=\"Sonora en Equipo. Diputados mexicanos autorizan rehabilitaci\u00f3n de los salones de pleno y legisladores. Rep\u00fablica\" \/>\n<meta property=\"og:description\" content=\"CIUDAD DE M\u00c9XICO. MX. \u2014 Diputados de la 64.\u00aa Legislatura, alistan la rehabilitaci\u00f3n de los salones de pleno y legisladores, y para ello cambiar\u00e1n 4 mil En Sonora en Equipo publicamos toda la informaci\u00f3n de Sonora, M\u00e9xico y el Mundo de manera oportuna y busca que la libertad de expresi\u00f3n sea real. Visita nuestro medio informativo publicado desde Hermosillo, Sonora. %\" \/>\n<meta property=\"og:url\" content=\"https:\/\/www.sonoraenequipo.com.mx\/diputados-mexicanos-autorizan-rehabilitacion-de-los-salones-de-pleno-y-legisladores\/\" \/>\n<meta property=\"og:site_name\" content=\"Sonora en Equipo.\" \/>\n<meta property=\"article:publisher\" content=\"https:\/\/www.facebook.com\/SonoraEE\/\" \/>\n<meta property=\"article:author\" content=\"https:\/\/www.facebook.com\/SonoraEE\" \/>\n<meta property=\"article:published_time\" content=\"2021-05-19T21:34:37+00:00\" \/>\n<meta property=\"article:modified_time\" content=\"2021-05-20T04:01:06+00:00\" \/>\n<meta property=\"og:image\" content=\"https:\/\/www.sonoraenequipo.com.mx\/storage\/2021\/05\/congreso-de-la-union_opt...jpg\" \/>\n\t<meta property=\"og:image:width\" content=\"700\" \/>\n\t<meta property=\"og:image:height\" content=\"400\" \/>\n\t<meta property=\"og:image:type\" content=\"image\/jpeg\" \/>\n<meta name=\"author\" content=\"enequipo\" \/>\n<meta name=\"twitter:card\" content=\"summary_large_image\" \/>\n<meta name=\"twitter:creator\" content=\"@sonoraenequipo\" \/>\n<meta name=\"twitter:site\" content=\"@sonoraenequipo\" \/>\n<meta name=\"twitter:label1\" content=\"Escrito por\" \/>\n\t<meta name=\"twitter:data1\" content=\"enequipo\" \/>\n\t<meta name=\"twitter:label2\" content=\"Tiempo de lectura\" \/>\n\t<meta name=\"twitter:data2\" content=\"3 minutos\" \/>\n<script type=\"application\/ld+json\" class=\"yoast-schema-graph\">{\"@context\":\"https:\/\/schema.org\",\"@graph\":[{\"@type\":\"Article\",\"@id\":\"https:\/\/www.sonoraenequipo.com.mx\/diputados-mexicanos-autorizan-rehabilitacion-de-los-salones-de-pleno-y-legisladores\/#article\",\"isPartOf\":{\"@id\":\"https:\/\/www.sonoraenequipo.com.mx\/diputados-mexicanos-autorizan-rehabilitacion-de-los-salones-de-pleno-y-legisladores\/\"},\"author\":{\"name\":\"enequipo\",\"@id\":\"https:\/\/www.sonoraenequipo.com.mx\/#\/schema\/person\/50102df0fb23a8fa9e8effad8fa81386\"},\"headline\":\"Diputados mexicanos autorizan rehabilitaci\u00f3n de los salones de pleno y legisladores.\",\"datePublished\":\"2021-05-19T21:34:37+00:00\",\"dateModified\":\"2021-05-20T04:01:06+00:00\",\"mainEntityOfPage\":{\"@id\":\"https:\/\/www.sonoraenequipo.com.mx\/diputados-mexicanos-autorizan-rehabilitacion-de-los-salones-de-pleno-y-legisladores\/\"},\"wordCount\":533,\"commentCount\":0,\"publisher\":{\"@id\":\"https:\/\/www.sonoraenequipo.com.mx\/#organization\"},\"image\":{\"@id\":\"https:\/\/www.sonoraenequipo.com.mx\/diputados-mexicanos-autorizan-rehabilitacion-de-los-salones-de-pleno-y-legisladores\/#primaryimage\"},\"thumbnailUrl\":\"https:\/\/www.sonoraenequipo.com.mx\/storage\/2021\/05\/congreso-de-la-union_opt...jpg\",\"articleSection\":[\"Rep\u00fablica\"],\"inLanguage\":\"es\",\"potentialAction\":[{\"@type\":\"CommentAction\",\"name\":\"Comment\",\"target\":[\"https:\/\/www.sonoraenequipo.com.mx\/diputados-mexicanos-autorizan-rehabilitacion-de-los-salones-de-pleno-y-legisladores\/#respond\"]}]},{\"@type\":\"WebPage\",\"@id\":\"https:\/\/www.sonoraenequipo.com.mx\/diputados-mexicanos-autorizan-rehabilitacion-de-los-salones-de-pleno-y-legisladores\/\",\"url\":\"https:\/\/www.sonoraenequipo.com.mx\/diputados-mexicanos-autorizan-rehabilitacion-de-los-salones-de-pleno-y-legisladores\/\",\"name\":\"Sonora en Equipo. Diputados mexicanos autorizan rehabilitaci\u00f3n de los salones de pleno y legisladores. Rep\u00fablica\",\"isPartOf\":{\"@id\":\"https:\/\/www.sonoraenequipo.com.mx\/#website\"},\"primaryImageOfPage\":{\"@id\":\"https:\/\/www.sonoraenequipo.com.mx\/diputados-mexicanos-autorizan-rehabilitacion-de-los-salones-de-pleno-y-legisladores\/#primaryimage\"},\"image\":{\"@id\":\"https:\/\/www.sonoraenequipo.com.mx\/diputados-mexicanos-autorizan-rehabilitacion-de-los-salones-de-pleno-y-legisladores\/#primaryimage\"},\"thumbnailUrl\":\"https:\/\/www.sonoraenequipo.com.mx\/storage\/2021\/05\/congreso-de-la-union_opt...jpg\",\"datePublished\":\"2021-05-19T21:34:37+00:00\",\"dateModified\":\"2021-05-20T04:01:06+00:00\",\"description\":\"CIUDAD DE M\u00c9XICO. MX. \u2014 Diputados de la 64.\u00aa Legislatura, alistan la rehabilitaci\u00f3n de los salones de pleno y legisladores, y para ello cambiar\u00e1n 4 mil En Sonora en Equipo publicamos toda la informaci\u00f3n de Sonora, M\u00e9xico y el Mundo de manera oportuna y busca que la libertad de expresi\u00f3n sea real. Visita nuestro medio informativo publicado desde Hermosillo, Sonora. %\",\"breadcrumb\":{\"@id\":\"https:\/\/www.sonoraenequipo.com.mx\/diputados-mexicanos-autorizan-rehabilitacion-de-los-salones-de-pleno-y-legisladores\/#breadcrumb\"},\"inLanguage\":\"es\",\"potentialAction\":[{\"@type\":\"ReadAction\",\"target\":[\"https:\/\/www.sonoraenequipo.com.mx\/diputados-mexicanos-autorizan-rehabilitacion-de-los-salones-de-pleno-y-legisladores\/\"]}]},{\"@type\":\"ImageObject\",\"inLanguage\":\"es\",\"@id\":\"https:\/\/www.sonoraenequipo.com.mx\/diputados-mexicanos-autorizan-rehabilitacion-de-los-salones-de-pleno-y-legisladores\/#primaryimage\",\"url\":\"https:\/\/www.sonoraenequipo.com.mx\/storage\/2021\/05\/congreso-de-la-union_opt...jpg\",\"contentUrl\":\"https:\/\/www.sonoraenequipo.com.mx\/storage\/2021\/05\/congreso-de-la-union_opt...jpg\",\"width\":700,\"height\":400},{\"@type\":\"BreadcrumbList\",\"@id\":\"https:\/\/www.sonoraenequipo.com.mx\/diputados-mexicanos-autorizan-rehabilitacion-de-los-salones-de-pleno-y-legisladores\/#breadcrumb\",\"itemListElement\":[{\"@type\":\"ListItem\",\"position\":1,\"name\":\"Portada\",\"item\":\"https:\/\/www.sonoraenequipo.com.mx\/\"},{\"@type\":\"ListItem\",\"position\":2,\"name\":\"Diputados mexicanos autorizan rehabilitaci\u00f3n de los salones de pleno y legisladores.\"}]},{\"@type\":\"WebSite\",\"@id\":\"https:\/\/www.sonoraenequipo.com.mx\/#website\",\"url\":\"https:\/\/www.sonoraenequipo.com.mx\/\",\"name\":\"Sonora en Equipo.\",\"description\":\"Diario en l\u00ednea con Noticias desde Hermosillo, Sonora\",\"publisher\":{\"@id\":\"https:\/\/www.sonoraenequipo.com.mx\/#organization\"},\"potentialAction\":[{\"@type\":\"SearchAction\",\"target\":{\"@type\":\"EntryPoint\",\"urlTemplate\":\"https:\/\/www.sonoraenequipo.com.mx\/?s={search_term_string}\"},\"query-input\":{\"@type\":\"PropertyValueSpecification\",\"valueRequired\":true,\"valueName\":\"search_term_string\"}}],\"inLanguage\":\"es\"},{\"@type\":\"Organization\",\"@id\":\"https:\/\/www.sonoraenequipo.com.mx\/#organization\",\"name\":\"Sonoraenequipo.com.mx\",\"url\":\"https:\/\/www.sonoraenequipo.com.mx\/\",\"logo\":{\"@type\":\"ImageObject\",\"inLanguage\":\"es\",\"@id\":\"https:\/\/www.sonoraenequipo.com.mx\/#\/schema\/logo\/image\/\",\"url\":\"https:\/\/www.sonoraenequipo.com.mx\/storage\/2019\/01\/sonoraenequipo_opt.png\",\"contentUrl\":\"https:\/\/www.sonoraenequipo.com.mx\/storage\/2019\/01\/sonoraenequipo_opt.png\",\"width\":375,\"height\":125,\"caption\":\"Sonoraenequipo.com.mx\"},\"image\":{\"@id\":\"https:\/\/www.sonoraenequipo.com.mx\/#\/schema\/logo\/image\/\"},\"sameAs\":[\"https:\/\/www.facebook.com\/SonoraEE\/\",\"https:\/\/x.com\/sonoraenequipo\",\"https:\/\/www.youtube.com\/channel\/UC338nW-lPEYmJQs4ZABQ1SQ\"]},{\"@type\":\"Person\",\"@id\":\"https:\/\/www.sonoraenequipo.com.mx\/#\/schema\/person\/50102df0fb23a8fa9e8effad8fa81386\",\"name\":\"enequipo\",\"image\":{\"@type\":\"ImageObject\",\"inLanguage\":\"es\",\"@id\":\"https:\/\/www.sonoraenequipo.com.mx\/#\/schema\/person\/image\/\",\"url\":\"https:\/\/secure.gravatar.com\/avatar\/049821681b589dabc0bc20695993ccebb09f5b5d4d790cd9251b97faac7c652b?s=96&d=blank&r=g\",\"contentUrl\":\"https:\/\/secure.gravatar.com\/avatar\/049821681b589dabc0bc20695993ccebb09f5b5d4d790cd9251b97faac7c652b?s=96&d=blank&r=g\",\"caption\":\"enequipo\"},\"sameAs\":[\"https:\/\/www.facebook.com\/SonoraEE\"]}]}<\/script>\n ","yoast_head_json":{"title":"Sonora en Equipo. Diputados mexicanos autorizan rehabilitaci\u00f3n de los salones de pleno y legisladores. Rep\u00fablica","description":"CIUDAD DE M\u00c9XICO. MX. \u2014 Diputados de la 64.\u00aa Legislatura, alistan la rehabilitaci\u00f3n de los salones de pleno y legisladores, y para ello cambiar\u00e1n 4 mil En Sonora en Equipo publicamos toda la informaci\u00f3n de Sonora, M\u00e9xico y el Mundo de manera oportuna y busca que la libertad de expresi\u00f3n sea real. Visita nuestro medio informativo publicado desde Hermosillo, Sonora. %","robots":{"index":"index","follow":"follow","max-snippet":"max-snippet:-1","max-image-preview":"max-image-preview:large","max-video-preview":"max-video-preview:-1"},"canonical":"https:\/\/www.sonoraenequipo.com.mx\/diputados-mexicanos-autorizan-rehabilitacion-de-los-salones-de-pleno-y-legisladores\/","og_locale":"es_ES","og_type":"article","og_title":"Sonora en Equipo. Diputados mexicanos autorizan rehabilitaci\u00f3n de los salones de pleno y legisladores. Rep\u00fablica","og_description":"CIUDAD DE M\u00c9XICO. MX. \u2014 Diputados de la 64.\u00aa Legislatura, alistan la rehabilitaci\u00f3n de los salones de pleno y legisladores, y para ello cambiar\u00e1n 4 mil En Sonora en Equipo publicamos toda la informaci\u00f3n de Sonora, M\u00e9xico y el Mundo de manera oportuna y busca que la libertad de expresi\u00f3n sea real. Visita nuestro medio informativo publicado desde Hermosillo, Sonora. %","og_url":"https:\/\/www.sonoraenequipo.com.mx\/diputados-mexicanos-autorizan-rehabilitacion-de-los-salones-de-pleno-y-legisladores\/","og_site_name":"Sonora en Equipo.","article_publisher":"https:\/\/www.facebook.com\/SonoraEE\/","article_author":"https:\/\/www.facebook.com\/SonoraEE","article_published_time":"2021-05-19T21:34:37+00:00","article_modified_time":"2021-05-20T04:01:06+00:00","og_image":[{"width":700,"height":400,"url":"https:\/\/www.sonoraenequipo.com.mx\/storage\/2021\/05\/congreso-de-la-union_opt...jpg","type":"image\/jpeg"}],"author":"enequipo","twitter_card":"summary_large_image","twitter_creator":"@sonoraenequipo","twitter_site":"@sonoraenequipo","twitter_misc":{"Escrito por":"enequipo","Tiempo de lectura":"3 minutos"},"schema":{"@context":"https:\/\/schema.org","@graph":[{"@type":"Article","@id":"https:\/\/www.sonoraenequipo.com.mx\/diputados-mexicanos-autorizan-rehabilitacion-de-los-salones-de-pleno-y-legisladores\/#article","isPartOf":{"@id":"https:\/\/www.sonoraenequipo.com.mx\/diputados-mexicanos-autorizan-rehabilitacion-de-los-salones-de-pleno-y-legisladores\/"},"author":{"name":"enequipo","@id":"https:\/\/www.sonoraenequipo.com.mx\/#\/schema\/person\/50102df0fb23a8fa9e8effad8fa81386"},"headline":"Diputados mexicanos autorizan rehabilitaci\u00f3n de los salones de pleno y legisladores.","datePublished":"2021-05-19T21:34:37+00:00","dateModified":"2021-05-20T04:01:06+00:00","mainEntityOfPage":{"@id":"https:\/\/www.sonoraenequipo.com.mx\/diputados-mexicanos-autorizan-rehabilitacion-de-los-salones-de-pleno-y-legisladores\/"},"wordCount":533,"commentCount":0,"publisher":{"@id":"https:\/\/www.sonoraenequipo.com.mx\/#organization"},"image":{"@id":"https:\/\/www.sonoraenequipo.com.mx\/diputados-mexicanos-autorizan-rehabilitacion-de-los-salones-de-pleno-y-legisladores\/#primaryimage"},"thumbnailUrl":"https:\/\/www.sonoraenequipo.com.mx\/storage\/2021\/05\/congreso-de-la-union_opt...jpg","articleSection":["Rep\u00fablica"],"inLanguage":"es","potentialAction":[{"@type":"CommentAction","name":"Comment","target":["https:\/\/www.sonoraenequipo.com.mx\/diputados-mexicanos-autorizan-rehabilitacion-de-los-salones-de-pleno-y-legisladores\/#respond"]}]},{"@type":"WebPage","@id":"https:\/\/www.sonoraenequipo.com.mx\/diputados-mexicanos-autorizan-rehabilitacion-de-los-salones-de-pleno-y-legisladores\/","url":"https:\/\/www.sonoraenequipo.com.mx\/diputados-mexicanos-autorizan-rehabilitacion-de-los-salones-de-pleno-y-legisladores\/","name":"Sonora en Equipo. Diputados mexicanos autorizan rehabilitaci\u00f3n de los salones de pleno y legisladores. Rep\u00fablica","isPartOf":{"@id":"https:\/\/www.sonoraenequipo.com.mx\/#website"},"primaryImageOfPage":{"@id":"https:\/\/www.sonoraenequipo.com.mx\/diputados-mexicanos-autorizan-rehabilitacion-de-los-salones-de-pleno-y-legisladores\/#primaryimage"},"image":{"@id":"https:\/\/www.sonoraenequipo.com.mx\/diputados-mexicanos-autorizan-rehabilitacion-de-los-salones-de-pleno-y-legisladores\/#primaryimage"},"thumbnailUrl":"https:\/\/www.sonoraenequipo.com.mx\/storage\/2021\/05\/congreso-de-la-union_opt...jpg","datePublished":"2021-05-19T21:34:37+00:00","dateModified":"2021-05-20T04:01:06+00:00","description":"CIUDAD DE M\u00c9XICO. MX. \u2014 Diputados de la 64.\u00aa Legislatura, alistan la rehabilitaci\u00f3n de los salones de pleno y legisladores, y para ello cambiar\u00e1n 4 mil En Sonora en Equipo publicamos toda la informaci\u00f3n de Sonora, M\u00e9xico y el Mundo de manera oportuna y busca que la libertad de expresi\u00f3n sea real. Visita nuestro medio informativo publicado desde Hermosillo, Sonora. %","breadcrumb":{"@id":"https:\/\/www.sonoraenequipo.com.mx\/diputados-mexicanos-autorizan-rehabilitacion-de-los-salones-de-pleno-y-legisladores\/#breadcrumb"},"inLanguage":"es","potentialAction":[{"@type":"ReadAction","target":["https:\/\/www.sonoraenequipo.com.mx\/diputados-mexicanos-autorizan-rehabilitacion-de-los-salones-de-pleno-y-legisladores\/"]}]},{"@type":"ImageObject","inLanguage":"es","@id":"https:\/\/www.sonoraenequipo.com.mx\/diputados-mexicanos-autorizan-rehabilitacion-de-los-salones-de-pleno-y-legisladores\/#primaryimage","url":"https:\/\/www.sonoraenequipo.com.mx\/storage\/2021\/05\/congreso-de-la-union_opt...jpg","contentUrl":"https:\/\/www.sonoraenequipo.com.mx\/storage\/2021\/05\/congreso-de-la-union_opt...jpg","width":700,"height":400},{"@type":"BreadcrumbList","@id":"https:\/\/www.sonoraenequipo.com.mx\/diputados-mexicanos-autorizan-rehabilitacion-de-los-salones-de-pleno-y-legisladores\/#breadcrumb","itemListElement":[{"@type":"ListItem","position":1,"name":"Portada","item":"https:\/\/www.sonoraenequipo.com.mx\/"},{"@type":"ListItem","position":2,"name":"Diputados mexicanos autorizan rehabilitaci\u00f3n de los salones de pleno y legisladores."}]},{"@type":"WebSite","@id":"https:\/\/www.sonoraenequipo.com.mx\/#website","url":"https:\/\/www.sonoraenequipo.com.mx\/","name":"Sonora en Equipo.","description":"Diario en l\u00ednea con Noticias desde Hermosillo, Sonora","publisher":{"@id":"https:\/\/www.sonoraenequipo.com.mx\/#organization"},"potentialAction":[{"@type":"SearchAction","target":{"@type":"EntryPoint","urlTemplate":"https:\/\/www.sonoraenequipo.com.mx\/?s={search_term_string}"},"query-input":{"@type":"PropertyValueSpecification","valueRequired":true,"valueName":"search_term_string"}}],"inLanguage":"es"},{"@type":"Organization","@id":"https:\/\/www.sonoraenequipo.com.mx\/#organization","name":"Sonoraenequipo.com.mx","url":"https:\/\/www.sonoraenequipo.com.mx\/","logo":{"@type":"ImageObject","inLanguage":"es","@id":"https:\/\/www.sonoraenequipo.com.mx\/#\/schema\/logo\/image\/","url":"https:\/\/www.sonoraenequipo.com.mx\/storage\/2019\/01\/sonoraenequipo_opt.png","contentUrl":"https:\/\/www.sonoraenequipo.com.mx\/storage\/2019\/01\/sonoraenequipo_opt.png","width":375,"height":125,"caption":"Sonoraenequipo.com.mx"},"image":{"@id":"https:\/\/www.sonoraenequipo.com.mx\/#\/schema\/logo\/image\/"},"sameAs":["https:\/\/www.facebook.com\/SonoraEE\/","https:\/\/x.com\/sonoraenequipo","https:\/\/www.youtube.com\/channel\/UC338nW-lPEYmJQs4ZABQ1SQ"]},{"@type":"Person","@id":"https:\/\/www.sonoraenequipo.com.mx\/#\/schema\/person\/50102df0fb23a8fa9e8effad8fa81386","name":"enequipo","image":{"@type":"ImageObject","inLanguage":"es","@id":"https:\/\/www.sonoraenequipo.com.mx\/#\/schema\/person\/image\/","url":"https:\/\/secure.gravatar.com\/avatar\/049821681b589dabc0bc20695993ccebb09f5b5d4d790cd9251b97faac7c652b?s=96&d=blank&r=g","contentUrl":"https:\/\/secure.gravatar.com\/avatar\/049821681b589dabc0bc20695993ccebb09f5b5d4d790cd9251b97faac7c652b?s=96&d=blank&r=g","caption":"enequipo"},"sameAs":["https:\/\/www.facebook.com\/SonoraEE"]}]}},"jetpack_featured_media_url":"https:\/\/www.sonoraenequipo.com.mx\/storage\/2021\/05\/congreso-de-la-union_opt...jpg","_links":{"self":[{"href":"https:\/\/www.sonoraenequipo.com.mx\/api\/wp\/v2\/posts\/114346","targetHints":{"allow":["GET"]}}],"collection":[{"href":"https:\/\/www.sonoraenequipo.com.mx\/api\/wp\/v2\/posts"}],"about":[{"href":"https:\/\/www.sonoraenequipo.com.mx\/api\/wp\/v2\/types\/post"}],"author":[{"embeddable":true,"href":"https:\/\/www.sonoraenequipo.com.mx\/api\/wp\/v2\/users\/1"}],"replies":[{"embeddable":true,"href":"https:\/\/www.sonoraenequipo.com.mx\/api\/wp\/v2\/comments?post=114346"}],"version-history":[{"count":1,"href":"https:\/\/www.sonoraenequipo.com.mx\/api\/wp\/v2\/posts\/114346\/revisions"}],"predecessor-version":[{"id":114348,"href":"https:\/\/www.sonoraenequipo.com.mx\/api\/wp\/v2\/posts\/114346\/revisions\/114348"}],"wp:featuredmedia":[{"embeddable":true,"href":"https:\/\/www.sonoraenequipo.com.mx\/api\/wp\/v2\/media\/114287"}],"wp:attachment":[{"href":"https:\/\/www.sonoraenequipo.com.mx\/api\/wp\/v2\/media?parent=114346"}],"wp:term":[{"taxonomy":"category","embeddable":true,"href":"https:\/\/www.sonoraenequipo.com.mx\/api\/wp\/v2\/categories?post=114346"},{"taxonomy":"post_tag","embeddable":true,"href":"https:\/\/www.sonoraenequipo.com.mx\/api\/wp\/v2\/tags?post=114346"}],"curies":[{"name":"wp","href":"https:\/\/api.w.org\/{rel}","templated":true}]}}