{"id":114349,"date":"2021-05-19T15:01:56","date_gmt":"2021-05-19T22:01:56","guid":{"rendered":"https:\/\/www.sonoraenequipo.com.mx\/?p=114349"},"modified":"2021-05-19T21:42:17","modified_gmt":"2021-05-20T04:42:17","slug":"reitera-amlo-que-80-millones-de-mexicanos-estaran-vacunados-a-finales-de-octubre","status":"publish","type":"post","link":"https:\/\/www.sonoraenequipo.com.mx\/reitera-amlo-que-80-millones-de-mexicanos-estaran-vacunados-a-finales-de-octubre\/","title":{"rendered":"Reitera AMLO que 80 millones de mexicanos estar\u00e1n vacunados a finales de octubre"},"content":{"rendered":"<p>CIUDAD DE M\u00c9XICO. MX. \u2014 El presidente Andr\u00e9s Manuel L\u00f3pez Obrador asegur\u00f3 que para finales de octubre pr\u00f3ximo estar\u00e1n vacunados 80 millones de mexicanos contra el COVID-19, mayores de 18 a\u00f1os y al menos con una dosis.<\/p>\n<p>&nbsp;<\/p>\n<p> <\/p>\n<p>&nbsp;<\/p>\n<p>\u00ab<em>Tenemos vacunas y s\u00ed podemos reiterar el compromiso de que a finales de octubre van a estar vacunados aun con una dosis todos los mexicanos mayores de 18 a\u00f1os. \u00c9se es el compromiso que estamos haciendo, estamos hablando de cerca de 80 millones de vacunados para entonces\u00bb.<\/em><\/p>\n<p>&nbsp;<\/p>\n<p>&nbsp;<\/p>\n<p>En su conferencia de prensa, en Palacio Nacional, el titular del Ejecutivo celebr\u00f3 que a pesar de las cr\u00edticas de sus opositores, M\u00e9xico cuenta con las dosis para continuar con el Plan Nacional de la Vacunaci\u00f3n.<\/p>\n<p>&nbsp;<\/p>\n<p>&nbsp;<\/p>\n<p><em>\u00abYa se termin\u00f3 de vacunar a todos los que trabajan en hospitales COVID; ya se termin\u00f3 pr\u00e1cticamente de vacunar a todos los adultos mayores de 60 a\u00f1os, cuando menos con una dosis; al d\u00eda de hoy el 70% de los adultos mayores tiene ya las dos dosis y el 30% restante una\u00bb.<\/em><\/p>\n<p>&nbsp;<\/p>\n<p>&nbsp;<\/p>\n<p>Explic\u00f3 que alrededor del 80% de todo el personal educativo de M\u00e9xico ya est\u00e1 vacunado y de acuerdo con la informaci\u00f3n que le dio el gobernador del Estado de M\u00e9xico, Alfredo del Mazo (PRI), hoy se concluye de inmunizar a todos los docentes en la entidad, solo est\u00e1 pendiente Puebla y Chihuahua, en el caso del magisterio.<\/p>\n<p>&nbsp;<\/p>\n<p>&nbsp;<\/p>\n<p><em>\u00abEstamos avanzando considerablemente en la vacunaci\u00f3n de 50 a 59 a\u00f1os, ya se ampli\u00f3 todo el plan de vacunaci\u00f3n, por eso ayer rebasamos las 500 mil vacunaciones, porque reforzamos el plan al aprovechar que est\u00e1 bajando el contagio\u00bb.<\/em><\/p>\n<p>&nbsp;<\/p>\n<p>&nbsp;<\/p>\n<p>Se\u00f1al\u00f3 que para finales de mayo, M\u00e9xico tendr\u00e1 40 millones de dosis de vacunas contra el SARS-CoV-2.<\/p>\n<p>&nbsp;<\/p>\n<p>(Publicada el 19\/05\/2021)<\/p>\n","protected":false},"excerpt":{"rendered":"<p>CIUDAD DE M\u00c9XICO. MX. \u2014 El presidente Andr\u00e9s Manuel L\u00f3pez Obrador asegur\u00f3 que para finales&#8230;<\/p>\n","protected":false},"author":1,"featured_media":114350,"comment_status":"open","ping_status":"open","sticky":false,"template":"","format":"standard","meta":{"_monsterinsights_skip_tracking":false,"_monsterinsights_sitenote_active":false,"_monsterinsights_sitenote_note":"","_monsterinsights_sitenote_category":0,"footnotes":""},"categories":[5],"tags":[],"class_list":["post"],"yoast_head":" \n<title>Sonora en Equipo. Reitera AMLO que 80 millones de mexicanos estar\u00e1n vacunados a finales de octubre Rep\u00fablica<\/title>\n<meta name=\"description\" content=\"CIUDAD DE M\u00c9XICO. MX. \u2014 El presidente Andr\u00e9s Manuel L\u00f3pez Obrador asegur\u00f3 que para finales de octubre pr\u00f3ximo estar\u00e1n vacunados 80 millones de mexicanos En Sonora en Equipo publicamos toda la informaci\u00f3n de Sonora, M\u00e9xico y el Mundo de manera oportuna y busca que la libertad de expresi\u00f3n sea real. Visita nuestro medio informativo publicado desde Hermosillo, Sonora. %\" \/>\n<meta name=\"robots\" content=\"index, follow, max-snippet:-1, max-image-preview:large, max-video-preview:-1\" \/>\n<link rel=\"canonical\" href=\"https:\/\/www.sonoraenequipo.com.mx\/reitera-amlo-que-80-millones-de-mexicanos-estaran-vacunados-a-finales-de-octubre\/\" \/>\n<meta property=\"og:locale\" content=\"es_ES\" \/>\n<meta property=\"og:type\" content=\"article\" \/>\n<meta property=\"og:title\" content=\"Sonora en Equipo. Reitera AMLO que 80 millones de mexicanos estar\u00e1n vacunados a finales de octubre Rep\u00fablica\" \/>\n<meta property=\"og:description\" content=\"CIUDAD DE M\u00c9XICO. MX. \u2014 El presidente Andr\u00e9s Manuel L\u00f3pez Obrador asegur\u00f3 que para finales de octubre pr\u00f3ximo estar\u00e1n vacunados 80 millones de mexicanos En Sonora en Equipo publicamos toda la informaci\u00f3n de Sonora, M\u00e9xico y el Mundo de manera oportuna y busca que la libertad de expresi\u00f3n sea real. Visita nuestro medio informativo publicado desde Hermosillo, Sonora. %\" \/>\n<meta property=\"og:url\" content=\"https:\/\/www.sonoraenequipo.com.mx\/reitera-amlo-que-80-millones-de-mexicanos-estaran-vacunados-a-finales-de-octubre\/\" \/>\n<meta property=\"og:site_name\" content=\"Sonora en Equipo.\" \/>\n<meta property=\"article:publisher\" content=\"https:\/\/www.facebook.com\/SonoraEE\/\" \/>\n<meta property=\"article:author\" content=\"https:\/\/www.facebook.com\/SonoraEE\" \/>\n<meta property=\"article:published_time\" content=\"2021-05-19T22:01:56+00:00\" \/>\n<meta property=\"article:modified_time\" content=\"2021-05-20T04:42:17+00:00\" \/>\n<meta property=\"og:image\" content=\"https:\/\/www.sonoraenequipo.com.mx\/storage\/2021\/05\/19-05-2021-1CONF-DE-PRENSA_opt.jpg\" \/>\n\t<meta property=\"og:image:width\" content=\"700\" \/>\n\t<meta property=\"og:image:height\" content=\"400\" \/>\n\t<meta property=\"og:image:type\" content=\"image\/jpeg\" \/>\n<meta name=\"author\" content=\"enequipo\" \/>\n<meta name=\"twitter:card\" content=\"summary_large_image\" \/>\n<meta name=\"twitter:creator\" content=\"@sonoraenequipo\" \/>\n<meta name=\"twitter:site\" content=\"@sonoraenequipo\" \/>\n<meta name=\"twitter:label1\" content=\"Escrito por\" \/>\n\t<meta name=\"twitter:data1\" content=\"enequipo\" \/>\n\t<meta name=\"twitter:label2\" content=\"Tiempo de lectura\" \/>\n\t<meta name=\"twitter:data2\" content=\"2 minutos\" \/>\n<script type=\"application\/ld+json\" class=\"yoast-schema-graph\">{\"@context\":\"https:\/\/schema.org\",\"@graph\":[{\"@type\":\"Article\",\"@id\":\"https:\/\/www.sonoraenequipo.com.mx\/reitera-amlo-que-80-millones-de-mexicanos-estaran-vacunados-a-finales-de-octubre\/#article\",\"isPartOf\":{\"@id\":\"https:\/\/www.sonoraenequipo.com.mx\/reitera-amlo-que-80-millones-de-mexicanos-estaran-vacunados-a-finales-de-octubre\/\"},\"author\":{\"name\":\"enequipo\",\"@id\":\"https:\/\/www.sonoraenequipo.com.mx\/#\/schema\/person\/50102df0fb23a8fa9e8effad8fa81386\"},\"headline\":\"Reitera AMLO que 80 millones de mexicanos estar\u00e1n vacunados a finales de octubre\",\"datePublished\":\"2021-05-19T22:01:56+00:00\",\"dateModified\":\"2021-05-20T04:42:17+00:00\",\"mainEntityOfPage\":{\"@id\":\"https:\/\/www.sonoraenequipo.com.mx\/reitera-amlo-que-80-millones-de-mexicanos-estaran-vacunados-a-finales-de-octubre\/\"},\"wordCount\":320,\"commentCount\":0,\"publisher\":{\"@id\":\"https:\/\/www.sonoraenequipo.com.mx\/#organization\"},\"image\":{\"@id\":\"https:\/\/www.sonoraenequipo.com.mx\/reitera-amlo-que-80-millones-de-mexicanos-estaran-vacunados-a-finales-de-octubre\/#primaryimage\"},\"thumbnailUrl\":\"https:\/\/www.sonoraenequipo.com.mx\/storage\/2021\/05\/19-05-2021-1CONF-DE-PRENSA_opt.jpg\",\"articleSection\":[\"Rep\u00fablica\"],\"inLanguage\":\"es\",\"potentialAction\":[{\"@type\":\"CommentAction\",\"name\":\"Comment\",\"target\":[\"https:\/\/www.sonoraenequipo.com.mx\/reitera-amlo-que-80-millones-de-mexicanos-estaran-vacunados-a-finales-de-octubre\/#respond\"]}]},{\"@type\":\"WebPage\",\"@id\":\"https:\/\/www.sonoraenequipo.com.mx\/reitera-amlo-que-80-millones-de-mexicanos-estaran-vacunados-a-finales-de-octubre\/\",\"url\":\"https:\/\/www.sonoraenequipo.com.mx\/reitera-amlo-que-80-millones-de-mexicanos-estaran-vacunados-a-finales-de-octubre\/\",\"name\":\"Sonora en Equipo. Reitera AMLO que 80 millones de mexicanos estar\u00e1n vacunados a finales de octubre Rep\u00fablica\",\"isPartOf\":{\"@id\":\"https:\/\/www.sonoraenequipo.com.mx\/#website\"},\"primaryImageOfPage\":{\"@id\":\"https:\/\/www.sonoraenequipo.com.mx\/reitera-amlo-que-80-millones-de-mexicanos-estaran-vacunados-a-finales-de-octubre\/#primaryimage\"},\"image\":{\"@id\":\"https:\/\/www.sonoraenequipo.com.mx\/reitera-amlo-que-80-millones-de-mexicanos-estaran-vacunados-a-finales-de-octubre\/#primaryimage\"},\"thumbnailUrl\":\"https:\/\/www.sonoraenequipo.com.mx\/storage\/2021\/05\/19-05-2021-1CONF-DE-PRENSA_opt.jpg\",\"datePublished\":\"2021-05-19T22:01:56+00:00\",\"dateModified\":\"2021-05-20T04:42:17+00:00\",\"description\":\"CIUDAD DE M\u00c9XICO. MX. \u2014 El presidente Andr\u00e9s Manuel L\u00f3pez Obrador asegur\u00f3 que para finales de octubre pr\u00f3ximo estar\u00e1n vacunados 80 millones de mexicanos En Sonora en Equipo publicamos toda la informaci\u00f3n de Sonora, M\u00e9xico y el Mundo de manera oportuna y busca que la libertad de expresi\u00f3n sea real. Visita nuestro medio informativo publicado desde Hermosillo, Sonora. %\",\"breadcrumb\":{\"@id\":\"https:\/\/www.sonoraenequipo.com.mx\/reitera-amlo-que-80-millones-de-mexicanos-estaran-vacunados-a-finales-de-octubre\/#breadcrumb\"},\"inLanguage\":\"es\",\"potentialAction\":[{\"@type\":\"ReadAction\",\"target\":[\"https:\/\/www.sonoraenequipo.com.mx\/reitera-amlo-que-80-millones-de-mexicanos-estaran-vacunados-a-finales-de-octubre\/\"]}]},{\"@type\":\"ImageObject\",\"inLanguage\":\"es\",\"@id\":\"https:\/\/www.sonoraenequipo.com.mx\/reitera-amlo-que-80-millones-de-mexicanos-estaran-vacunados-a-finales-de-octubre\/#primaryimage\",\"url\":\"https:\/\/www.sonoraenequipo.com.mx\/storage\/2021\/05\/19-05-2021-1CONF-DE-PRENSA_opt.jpg\",\"contentUrl\":\"https:\/\/www.sonoraenequipo.com.mx\/storage\/2021\/05\/19-05-2021-1CONF-DE-PRENSA_opt.jpg\",\"width\":700,\"height\":400},{\"@type\":\"BreadcrumbList\",\"@id\":\"https:\/\/www.sonoraenequipo.com.mx\/reitera-amlo-que-80-millones-de-mexicanos-estaran-vacunados-a-finales-de-octubre\/#breadcrumb\",\"itemListElement\":[{\"@type\":\"ListItem\",\"position\":1,\"name\":\"Portada\",\"item\":\"https:\/\/www.sonoraenequipo.com.mx\/\"},{\"@type\":\"ListItem\",\"position\":2,\"name\":\"Reitera AMLO que 80 millones de mexicanos estar\u00e1n vacunados a finales de octubre\"}]},{\"@type\":\"WebSite\",\"@id\":\"https:\/\/www.sonoraenequipo.com.mx\/#website\",\"url\":\"https:\/\/www.sonoraenequipo.com.mx\/\",\"name\":\"Sonora en Equipo.\",\"description\":\"Diario en l\u00ednea con Noticias desde Hermosillo, Sonora\",\"publisher\":{\"@id\":\"https:\/\/www.sonoraenequipo.com.mx\/#organization\"},\"potentialAction\":[{\"@type\":\"SearchAction\",\"target\":{\"@type\":\"EntryPoint\",\"urlTemplate\":\"https:\/\/www.sonoraenequipo.com.mx\/?s={search_term_string}\"},\"query-input\":{\"@type\":\"PropertyValueSpecification\",\"valueRequired\":true,\"valueName\":\"search_term_string\"}}],\"inLanguage\":\"es\"},{\"@type\":\"Organization\",\"@id\":\"https:\/\/www.sonoraenequipo.com.mx\/#organization\",\"name\":\"Sonoraenequipo.com.mx\",\"url\":\"https:\/\/www.sonoraenequipo.com.mx\/\",\"logo\":{\"@type\":\"ImageObject\",\"inLanguage\":\"es\",\"@id\":\"https:\/\/www.sonoraenequipo.com.mx\/#\/schema\/logo\/image\/\",\"url\":\"https:\/\/www.sonoraenequipo.com.mx\/storage\/2019\/01\/sonoraenequipo_opt.png\",\"contentUrl\":\"https:\/\/www.sonoraenequipo.com.mx\/storage\/2019\/01\/sonoraenequipo_opt.png\",\"width\":375,\"height\":125,\"caption\":\"Sonoraenequipo.com.mx\"},\"image\":{\"@id\":\"https:\/\/www.sonoraenequipo.com.mx\/#\/schema\/logo\/image\/\"},\"sameAs\":[\"https:\/\/www.facebook.com\/SonoraEE\/\",\"https:\/\/x.com\/sonoraenequipo\",\"https:\/\/www.youtube.com\/channel\/UC338nW-lPEYmJQs4ZABQ1SQ\"]},{\"@type\":\"Person\",\"@id\":\"https:\/\/www.sonoraenequipo.com.mx\/#\/schema\/person\/50102df0fb23a8fa9e8effad8fa81386\",\"name\":\"enequipo\",\"image\":{\"@type\":\"ImageObject\",\"inLanguage\":\"es\",\"@id\":\"https:\/\/www.sonoraenequipo.com.mx\/#\/schema\/person\/image\/\",\"url\":\"https:\/\/secure.gravatar.com\/avatar\/049821681b589dabc0bc20695993ccebb09f5b5d4d790cd9251b97faac7c652b?s=96&d=blank&r=g\",\"contentUrl\":\"https:\/\/secure.gravatar.com\/avatar\/049821681b589dabc0bc20695993ccebb09f5b5d4d790cd9251b97faac7c652b?s=96&d=blank&r=g\",\"caption\":\"enequipo\"},\"sameAs\":[\"https:\/\/www.facebook.com\/SonoraEE\"]}]}<\/script>\n ","yoast_head_json":{"title":"Sonora en Equipo. Reitera AMLO que 80 millones de mexicanos estar\u00e1n vacunados a finales de octubre Rep\u00fablica","description":"CIUDAD DE M\u00c9XICO. MX. \u2014 El presidente Andr\u00e9s Manuel L\u00f3pez Obrador asegur\u00f3 que para finales de octubre pr\u00f3ximo estar\u00e1n vacunados 80 millones de mexicanos En Sonora en Equipo publicamos toda la informaci\u00f3n de Sonora, M\u00e9xico y el Mundo de manera oportuna y busca que la libertad de expresi\u00f3n sea real. Visita nuestro medio informativo publicado desde Hermosillo, Sonora. %","robots":{"index":"index","follow":"follow","max-snippet":"max-snippet:-1","max-image-preview":"max-image-preview:large","max-video-preview":"max-video-preview:-1"},"canonical":"https:\/\/www.sonoraenequipo.com.mx\/reitera-amlo-que-80-millones-de-mexicanos-estaran-vacunados-a-finales-de-octubre\/","og_locale":"es_ES","og_type":"article","og_title":"Sonora en Equipo. Reitera AMLO que 80 millones de mexicanos estar\u00e1n vacunados a finales de octubre Rep\u00fablica","og_description":"CIUDAD DE M\u00c9XICO. MX. \u2014 El presidente Andr\u00e9s Manuel L\u00f3pez Obrador asegur\u00f3 que para finales de octubre pr\u00f3ximo estar\u00e1n vacunados 80 millones de mexicanos En Sonora en Equipo publicamos toda la informaci\u00f3n de Sonora, M\u00e9xico y el Mundo de manera oportuna y busca que la libertad de expresi\u00f3n sea real. Visita nuestro medio informativo publicado desde Hermosillo, Sonora. %","og_url":"https:\/\/www.sonoraenequipo.com.mx\/reitera-amlo-que-80-millones-de-mexicanos-estaran-vacunados-a-finales-de-octubre\/","og_site_name":"Sonora en Equipo.","article_publisher":"https:\/\/www.facebook.com\/SonoraEE\/","article_author":"https:\/\/www.facebook.com\/SonoraEE","article_published_time":"2021-05-19T22:01:56+00:00","article_modified_time":"2021-05-20T04:42:17+00:00","og_image":[{"width":700,"height":400,"url":"https:\/\/www.sonoraenequipo.com.mx\/storage\/2021\/05\/19-05-2021-1CONF-DE-PRENSA_opt.jpg","type":"image\/jpeg"}],"author":"enequipo","twitter_card":"summary_large_image","twitter_creator":"@sonoraenequipo","twitter_site":"@sonoraenequipo","twitter_misc":{"Escrito por":"enequipo","Tiempo de lectura":"2 minutos"},"schema":{"@context":"https:\/\/schema.org","@graph":[{"@type":"Article","@id":"https:\/\/www.sonoraenequipo.com.mx\/reitera-amlo-que-80-millones-de-mexicanos-estaran-vacunados-a-finales-de-octubre\/#article","isPartOf":{"@id":"https:\/\/www.sonoraenequipo.com.mx\/reitera-amlo-que-80-millones-de-mexicanos-estaran-vacunados-a-finales-de-octubre\/"},"author":{"name":"enequipo","@id":"https:\/\/www.sonoraenequipo.com.mx\/#\/schema\/person\/50102df0fb23a8fa9e8effad8fa81386"},"headline":"Reitera AMLO que 80 millones de mexicanos estar\u00e1n vacunados a finales de octubre","datePublished":"2021-05-19T22:01:56+00:00","dateModified":"2021-05-20T04:42:17+00:00","mainEntityOfPage":{"@id":"https:\/\/www.sonoraenequipo.com.mx\/reitera-amlo-que-80-millones-de-mexicanos-estaran-vacunados-a-finales-de-octubre\/"},"wordCount":320,"commentCount":0,"publisher":{"@id":"https:\/\/www.sonoraenequipo.com.mx\/#organization"},"image":{"@id":"https:\/\/www.sonoraenequipo.com.mx\/reitera-amlo-que-80-millones-de-mexicanos-estaran-vacunados-a-finales-de-octubre\/#primaryimage"},"thumbnailUrl":"https:\/\/www.sonoraenequipo.com.mx\/storage\/2021\/05\/19-05-2021-1CONF-DE-PRENSA_opt.jpg","articleSection":["Rep\u00fablica"],"inLanguage":"es","potentialAction":[{"@type":"CommentAction","name":"Comment","target":["https:\/\/www.sonoraenequipo.com.mx\/reitera-amlo-que-80-millones-de-mexicanos-estaran-vacunados-a-finales-de-octubre\/#respond"]}]},{"@type":"WebPage","@id":"https:\/\/www.sonoraenequipo.com.mx\/reitera-amlo-que-80-millones-de-mexicanos-estaran-vacunados-a-finales-de-octubre\/","url":"https:\/\/www.sonoraenequipo.com.mx\/reitera-amlo-que-80-millones-de-mexicanos-estaran-vacunados-a-finales-de-octubre\/","name":"Sonora en Equipo. Reitera AMLO que 80 millones de mexicanos estar\u00e1n vacunados a finales de octubre Rep\u00fablica","isPartOf":{"@id":"https:\/\/www.sonoraenequipo.com.mx\/#website"},"primaryImageOfPage":{"@id":"https:\/\/www.sonoraenequipo.com.mx\/reitera-amlo-que-80-millones-de-mexicanos-estaran-vacunados-a-finales-de-octubre\/#primaryimage"},"image":{"@id":"https:\/\/www.sonoraenequipo.com.mx\/reitera-amlo-que-80-millones-de-mexicanos-estaran-vacunados-a-finales-de-octubre\/#primaryimage"},"thumbnailUrl":"https:\/\/www.sonoraenequipo.com.mx\/storage\/2021\/05\/19-05-2021-1CONF-DE-PRENSA_opt.jpg","datePublished":"2021-05-19T22:01:56+00:00","dateModified":"2021-05-20T04:42:17+00:00","description":"CIUDAD DE M\u00c9XICO. MX. \u2014 El presidente Andr\u00e9s Manuel L\u00f3pez Obrador asegur\u00f3 que para finales de octubre pr\u00f3ximo estar\u00e1n vacunados 80 millones de mexicanos En Sonora en Equipo publicamos toda la informaci\u00f3n de Sonora, M\u00e9xico y el Mundo de manera oportuna y busca que la libertad de expresi\u00f3n sea real. Visita nuestro medio informativo publicado desde Hermosillo, Sonora. %","breadcrumb":{"@id":"https:\/\/www.sonoraenequipo.com.mx\/reitera-amlo-que-80-millones-de-mexicanos-estaran-vacunados-a-finales-de-octubre\/#breadcrumb"},"inLanguage":"es","potentialAction":[{"@type":"ReadAction","target":["https:\/\/www.sonoraenequipo.com.mx\/reitera-amlo-que-80-millones-de-mexicanos-estaran-vacunados-a-finales-de-octubre\/"]}]},{"@type":"ImageObject","inLanguage":"es","@id":"https:\/\/www.sonoraenequipo.com.mx\/reitera-amlo-que-80-millones-de-mexicanos-estaran-vacunados-a-finales-de-octubre\/#primaryimage","url":"https:\/\/www.sonoraenequipo.com.mx\/storage\/2021\/05\/19-05-2021-1CONF-DE-PRENSA_opt.jpg","contentUrl":"https:\/\/www.sonoraenequipo.com.mx\/storage\/2021\/05\/19-05-2021-1CONF-DE-PRENSA_opt.jpg","width":700,"height":400},{"@type":"BreadcrumbList","@id":"https:\/\/www.sonoraenequipo.com.mx\/reitera-amlo-que-80-millones-de-mexicanos-estaran-vacunados-a-finales-de-octubre\/#breadcrumb","itemListElement":[{"@type":"ListItem","position":1,"name":"Portada","item":"https:\/\/www.sonoraenequipo.com.mx\/"},{"@type":"ListItem","position":2,"name":"Reitera AMLO que 80 millones de mexicanos estar\u00e1n vacunados a finales de octubre"}]},{"@type":"WebSite","@id":"https:\/\/www.sonoraenequipo.com.mx\/#website","url":"https:\/\/www.sonoraenequipo.com.mx\/","name":"Sonora en Equipo.","description":"Diario en l\u00ednea con Noticias desde Hermosillo, Sonora","publisher":{"@id":"https:\/\/www.sonoraenequipo.com.mx\/#organization"},"potentialAction":[{"@type":"SearchAction","target":{"@type":"EntryPoint","urlTemplate":"https:\/\/www.sonoraenequipo.com.mx\/?s={search_term_string}"},"query-input":{"@type":"PropertyValueSpecification","valueRequired":true,"valueName":"search_term_string"}}],"inLanguage":"es"},{"@type":"Organization","@id":"https:\/\/www.sonoraenequipo.com.mx\/#organization","name":"Sonoraenequipo.com.mx","url":"https:\/\/www.sonoraenequipo.com.mx\/","logo":{"@type":"ImageObject","inLanguage":"es","@id":"https:\/\/www.sonoraenequipo.com.mx\/#\/schema\/logo\/image\/","url":"https:\/\/www.sonoraenequipo.com.mx\/storage\/2019\/01\/sonoraenequipo_opt.png","contentUrl":"https:\/\/www.sonoraenequipo.com.mx\/storage\/2019\/01\/sonoraenequipo_opt.png","width":375,"height":125,"caption":"Sonoraenequipo.com.mx"},"image":{"@id":"https:\/\/www.sonoraenequipo.com.mx\/#\/schema\/logo\/image\/"},"sameAs":["https:\/\/www.facebook.com\/SonoraEE\/","https:\/\/x.com\/sonoraenequipo","https:\/\/www.youtube.com\/channel\/UC338nW-lPEYmJQs4ZABQ1SQ"]},{"@type":"Person","@id":"https:\/\/www.sonoraenequipo.com.mx\/#\/schema\/person\/50102df0fb23a8fa9e8effad8fa81386","name":"enequipo","image":{"@type":"ImageObject","inLanguage":"es","@id":"https:\/\/www.sonoraenequipo.com.mx\/#\/schema\/person\/image\/","url":"https:\/\/secure.gravatar.com\/avatar\/049821681b589dabc0bc20695993ccebb09f5b5d4d790cd9251b97faac7c652b?s=96&d=blank&r=g","contentUrl":"https:\/\/secure.gravatar.com\/avatar\/049821681b589dabc0bc20695993ccebb09f5b5d4d790cd9251b97faac7c652b?s=96&d=blank&r=g","caption":"enequipo"},"sameAs":["https:\/\/www.facebook.com\/SonoraEE"]}]}},"jetpack_featured_media_url":"https:\/\/www.sonoraenequipo.com.mx\/storage\/2021\/05\/19-05-2021-1CONF-DE-PRENSA_opt.jpg","_links":{"self":[{"href":"https:\/\/www.sonoraenequipo.com.mx\/api\/wp\/v2\/posts\/114349","targetHints":{"allow":["GET"]}}],"collection":[{"href":"https:\/\/www.sonoraenequipo.com.mx\/api\/wp\/v2\/posts"}],"about":[{"href":"https:\/\/www.sonoraenequipo.com.mx\/api\/wp\/v2\/types\/post"}],"author":[{"embeddable":true,"href":"https:\/\/www.sonoraenequipo.com.mx\/api\/wp\/v2\/users\/1"}],"replies":[{"embeddable":true,"href":"https:\/\/www.sonoraenequipo.com.mx\/api\/wp\/v2\/comments?post=114349"}],"version-history":[{"count":1,"href":"https:\/\/www.sonoraenequipo.com.mx\/api\/wp\/v2\/posts\/114349\/revisions"}],"predecessor-version":[{"id":114351,"href":"https:\/\/www.sonoraenequipo.com.mx\/api\/wp\/v2\/posts\/114349\/revisions\/114351"}],"wp:featuredmedia":[{"embeddable":true,"href":"https:\/\/www.sonoraenequipo.com.mx\/api\/wp\/v2\/media\/114350"}],"wp:attachment":[{"href":"https:\/\/www.sonoraenequipo.com.mx\/api\/wp\/v2\/media?parent=114349"}],"wp:term":[{"taxonomy":"category","embeddable":true,"href":"https:\/\/www.sonoraenequipo.com.mx\/api\/wp\/v2\/categories?post=114349"},{"taxonomy":"post_tag","embeddable":true,"href":"https:\/\/www.sonoraenequipo.com.mx\/api\/wp\/v2\/tags?post=114349"}],"curies":[{"name":"wp","href":"https:\/\/api.w.org\/{rel}","templated":true}]}}