{"id":114393,"date":"2021-05-20T14:20:28","date_gmt":"2021-05-20T21:20:28","guid":{"rendered":"https:\/\/www.sonoraenequipo.com.mx\/?p=114393"},"modified":"2021-05-20T12:15:17","modified_gmt":"2021-05-20T19:15:17","slug":"oms-afirma-que-todas-las-vacunas-de-la-covid-son-efectivas-pero-pide-cautela","status":"publish","type":"post","link":"https:\/\/www.sonoraenequipo.com.mx\/oms-afirma-que-todas-las-vacunas-de-la-covid-son-efectivas-pero-pide-cautela\/","title":{"rendered":"OMS afirma que todas las vacunas de la covid son efectivas pero pide cautela"},"content":{"rendered":"<p>NUEVA YORK, ESTADOS UNIDOS. \u2014 La Organizaci\u00f3n Mundial de la Salud (OMS) afirm\u00f3 este jueves que todas las vacunas aprobadas son efectivas contra las variantes del coronavirus descubiertas, pero pidi\u00f3 precauci\u00f3n con la vista puesta en los procesos de desescalada en Europa y la llegada del verano.<\/p>\n<p>&nbsp;<\/p>\n<p> <\/p>\n<p><em>\u00abTodas las variantes del virus de la covid-19 que han surgido hasta el momento responden ante las vacunas disponibles y aprobadas\u00bb,<\/em> asegur\u00f3 el director regional para Europa de la OMS, Hans Henri Kluge, en una rueda de prensa sobre la evoluci\u00f3n de la pandemia.<\/p>\n<p>&nbsp;<\/p>\n<p>Adem\u00e1s, la incidencia acumulada est\u00e1 claramente a la baja en la regi\u00f3n y los nuevos casos han ca\u00eddo un 60 % en el \u00faltimo mes. Pero este progreso es <em>\u00abfr\u00e1gil\u00bb<\/em> y hay precedentes de que una evoluci\u00f3n positiva se puede revertir r\u00e1pidamente.<\/p>\n<p>&nbsp;<\/p>\n<p><em>\u00abVamos en la direcci\u00f3n adecuada\u00bb,<\/em> asegur\u00f3 Kluge, que pidi\u00f3 <em>\u00abno repetir los errores del a\u00f1o pasado\u00bb,<\/em> en referencia a la relajaci\u00f3n de las restricciones de cara al verano, que provocaron un repunte de los casos que dio lugar, en oto\u00f1o, a la segunda ola de la pandemia en el continente.<\/p>\n<p>&nbsp;<\/p>\n<p>En los pr\u00f3ximos meses, explic\u00f3, un aumento de la <em>\u00abmovilidad\u00bb<\/em> y de los <em>\u00abcontactos interpersonales\u00bb<\/em> pueden provocar un repunte de la transmisi\u00f3n.<\/p>\n<p>&nbsp;<\/p>\n<p>Las vacunas y la evoluci\u00f3n positiva no deben llevar al triunfalismo ni a la relajaci\u00f3n de las medidas de seguridad, de las mascarillas a la distancia de seguridad. Sigue siendo vital el uso masivo del test, la secuenciaci\u00f3n, el aislamiento de los enfermos y las cuarentenas preventivas, aleg\u00f3.<\/p>\n<p>&nbsp;<\/p>\n<p><em>\u00abLas vacunas pueden ser la luz al final del t\u00fanel, pero no podemos cegarnos por esa luz\u00bb<\/em>, asegur\u00f3 tras incidir en que tan s\u00f3lo un 23 % de la poblaci\u00f3n de la regi\u00f3n europea ha recibido al menos una dosis de la vacuna.<\/p>\n<p>&nbsp;<\/p>\n<p>La OMS sigue con atenci\u00f3n la evoluci\u00f3n de las cuatro variantes m\u00e1s destacadas que ha detectado en Europa, y que denomina <em>\u00abde inter\u00e9s\u00bb o \u00abpreocupantes\u00bb.<\/em><\/p>\n<p>&nbsp;<\/p>\n<p>&nbsp;<\/p>\n<p>La dominante en la regi\u00f3n es la detectada en primer lugar en Reino Unido, pero la india se ha registrado ya en 26 de los 53 pa\u00edses que componen la regi\u00f3n europea de la OMS, y en algunos est\u00e1 ganando terreno, en gran medida debido a viajes internacionales.<\/p>\n<p>&nbsp;<\/p>\n<p>Sobre \u00e9sta variante la OMS no tiene por el momento datos que permitan hablar de una mayor incidencia sobre menores, como se ha apuntado en alg\u00fan momento.<\/p>\n<p>&nbsp;<\/p>\n<h3>Viajes internacionales y turismo<\/h3>\n<p>&nbsp;<\/p>\n<p>En esta situaci\u00f3n, Kluge pidi\u00f3 evitar los viajes internacionales no esenciales y se mostr\u00f3 esc\u00e9ptico ante la posibilidad de los llamados<em> \u00abpasaportes de vacunaci\u00f3n\u00bb.<\/em> Apoy\u00f3 sin embargo los <em>\u00abcertificados de vacunaci\u00f3n\u00bb<\/em>, especialmente los digitales, que ayudan a documentar el proceso de inmunizaci\u00f3n.<\/p>\n<p>&nbsp;<\/p>\n<p>&nbsp;<\/p>\n<p>No obstante, el director regional de la OMS reconoci\u00f3 que el turismo es una v\u00eda de ingresos vital para algunas regiones.<\/p>\n<p>&nbsp;<\/p>\n<p>&nbsp;<\/p>\n<p>La responsable de Emergencias de OMS en Europa, Catherine Smallwood, advirti\u00f3 por su parte que en un momento de \u00ab<em>alta transmisi\u00f3n\u00bb<\/em> como el actual -pese al descenso regional de la incidencia- y con la <em>\u00abamenaza\u00bb<\/em> de una nueva variante preocupante es preciso ser <em>\u00abextremadamente cuidadosos\u00bb<\/em> y reflexionar sobre cualquier decisi\u00f3n de desescalada.<\/p>\n<p>&nbsp;<\/p>\n<p>&nbsp;<\/p>\n<p><em>\u00abNecesitaremos redoblar todos los esfuerzos\u00bb<\/em>, afirm\u00f3 Smallwood, que se mostr\u00f3 a favor de mantener los requisitos para los viajes, como los test y las cuarentenas en ciertas situaciones.<\/p>\n<h3>Patentes y vacunas<\/h3>\n<p>&nbsp;<\/p>\n<p>Kluge aplaudi\u00f3 asimismo el debate sobre la suspensi\u00f3n de las patentes de las vacunas contra la covid. Sin posicionarse a favor o en contra, manifest\u00f3 que el objetivo de la OMS es el aumento de la producci\u00f3n para garantizar un<em> \u00abacceso igualitario\u00bb<\/em> y procurar que la soluci\u00f3n sea beneficiosa tanto para los pacientes como para mantener la innovaci\u00f3n de la industria farmac\u00e9utica.<\/p>\n<p>&nbsp;<\/p>\n<p>Siddhartha Datta, asesor de vacunaci\u00f3n de la OMS, agreg\u00f3 que la propiedad intelectual <em>\u00abes s\u00f3lo una pieza del puzzle\u00bb<\/em> y que el elemento principal es el aumento de la producci\u00f3n, a lo que se debe contribuir con \u00abuna visi\u00f3n comprensiva\u00bb que incluya a los ingredientes de las vacunas.<\/p>\n<p>&nbsp;<\/p>\n<p>Smallwood recalc\u00f3 a este respecto que el inter\u00e9s en que la vacuna llegue a todos cuanto antes \u00abno es s\u00f3lo altruismo, sino que es tambi\u00e9n en inter\u00e9s de los pa\u00edses m\u00e1s desarrollados, porque \u00absituaciones catastr\u00f3ficas\u00bb como la de la India son<em> \u00abuna amenaza para todos\u00bb.<\/em><\/p>\n<p>&nbsp;<\/p>\n<p>&nbsp;<\/p>\n<p>(Publicada el 20\/05\/2021 \/EFE)<\/p>\n","protected":false},"excerpt":{"rendered":"<p>NUEVA YORK, ESTADOS UNIDOS. \u2014 La Organizaci\u00f3n Mundial de la Salud (OMS) afirm\u00f3 este jueves&#8230;<\/p>\n","protected":false},"author":1,"featured_media":114382,"comment_status":"open","ping_status":"open","sticky":false,"template":"","format":"standard","meta":{"_monsterinsights_skip_tracking":false,"_monsterinsights_sitenote_active":false,"_monsterinsights_sitenote_note":"","_monsterinsights_sitenote_category":0,"footnotes":""},"categories":[3],"tags":[],"class_list":["post"],"yoast_head":" \n<title>Sonora en Equipo. OMS afirma que todas las vacunas de la covid son efectivas pero pide cautela MUNDO<\/title>\n<meta name=\"description\" content=\"NUEVA YORK, ESTADOS UNIDOS. \u2014 La Organizaci\u00f3n Mundial de la Salud (OMS) afirm\u00f3 este jueves que todas las vacunas aprobadas son efectivas contra las En Sonora en Equipo publicamos toda la informaci\u00f3n de Sonora, M\u00e9xico y el Mundo de manera oportuna y busca que la libertad de expresi\u00f3n sea real. Visita nuestro medio informativo publicado desde Hermosillo, Sonora. %\" \/>\n<meta name=\"robots\" content=\"index, follow, max-snippet:-1, max-image-preview:large, max-video-preview:-1\" \/>\n<link rel=\"canonical\" href=\"https:\/\/www.sonoraenequipo.com.mx\/oms-afirma-que-todas-las-vacunas-de-la-covid-son-efectivas-pero-pide-cautela\/\" \/>\n<meta property=\"og:locale\" content=\"es_ES\" \/>\n<meta property=\"og:type\" content=\"article\" \/>\n<meta property=\"og:title\" content=\"Sonora en Equipo. OMS afirma que todas las vacunas de la covid son efectivas pero pide cautela MUNDO\" \/>\n<meta property=\"og:description\" content=\"NUEVA YORK, ESTADOS UNIDOS. \u2014 La Organizaci\u00f3n Mundial de la Salud (OMS) afirm\u00f3 este jueves que todas las vacunas aprobadas son efectivas contra las En Sonora en Equipo publicamos toda la informaci\u00f3n de Sonora, M\u00e9xico y el Mundo de manera oportuna y busca que la libertad de expresi\u00f3n sea real. Visita nuestro medio informativo publicado desde Hermosillo, Sonora. %\" \/>\n<meta property=\"og:url\" content=\"https:\/\/www.sonoraenequipo.com.mx\/oms-afirma-que-todas-las-vacunas-de-la-covid-son-efectivas-pero-pide-cautela\/\" \/>\n<meta property=\"og:site_name\" content=\"Sonora en Equipo.\" \/>\n<meta property=\"article:publisher\" content=\"https:\/\/www.facebook.com\/SonoraEE\/\" \/>\n<meta property=\"article:author\" content=\"https:\/\/www.facebook.com\/SonoraEE\" \/>\n<meta property=\"article:published_time\" content=\"2021-05-20T21:20:28+00:00\" \/>\n<meta property=\"og:image\" content=\"https:\/\/www.sonoraenequipo.com.mx\/storage\/2021\/05\/equipos-vacunasS-covid19_opt.jpg\" \/>\n\t<meta property=\"og:image:width\" content=\"700\" \/>\n\t<meta property=\"og:image:height\" content=\"400\" \/>\n\t<meta property=\"og:image:type\" content=\"image\/jpeg\" \/>\n<meta name=\"author\" content=\"enequipo\" \/>\n<meta name=\"twitter:card\" content=\"summary_large_image\" \/>\n<meta name=\"twitter:creator\" content=\"@sonoraenequipo\" \/>\n<meta name=\"twitter:site\" content=\"@sonoraenequipo\" \/>\n<meta name=\"twitter:label1\" content=\"Escrito por\" \/>\n\t<meta name=\"twitter:data1\" content=\"enequipo\" \/>\n\t<meta name=\"twitter:label2\" content=\"Tiempo de lectura\" \/>\n\t<meta name=\"twitter:data2\" content=\"4 minutos\" \/>\n<script type=\"application\/ld+json\" class=\"yoast-schema-graph\">{\"@context\":\"https:\/\/schema.org\",\"@graph\":[{\"@type\":\"Article\",\"@id\":\"https:\/\/www.sonoraenequipo.com.mx\/oms-afirma-que-todas-las-vacunas-de-la-covid-son-efectivas-pero-pide-cautela\/#article\",\"isPartOf\":{\"@id\":\"https:\/\/www.sonoraenequipo.com.mx\/oms-afirma-que-todas-las-vacunas-de-la-covid-son-efectivas-pero-pide-cautela\/\"},\"author\":{\"name\":\"enequipo\",\"@id\":\"https:\/\/www.sonoraenequipo.com.mx\/#\/schema\/person\/50102df0fb23a8fa9e8effad8fa81386\"},\"headline\":\"OMS afirma que todas las vacunas de la covid son efectivas pero pide cautela\",\"datePublished\":\"2021-05-20T21:20:28+00:00\",\"mainEntityOfPage\":{\"@id\":\"https:\/\/www.sonoraenequipo.com.mx\/oms-afirma-que-todas-las-vacunas-de-la-covid-son-efectivas-pero-pide-cautela\/\"},\"wordCount\":788,\"commentCount\":0,\"publisher\":{\"@id\":\"https:\/\/www.sonoraenequipo.com.mx\/#organization\"},\"image\":{\"@id\":\"https:\/\/www.sonoraenequipo.com.mx\/oms-afirma-que-todas-las-vacunas-de-la-covid-son-efectivas-pero-pide-cautela\/#primaryimage\"},\"thumbnailUrl\":\"https:\/\/www.sonoraenequipo.com.mx\/storage\/2021\/05\/equipos-vacunasS-covid19_opt.jpg\",\"articleSection\":[\"MUNDO\"],\"inLanguage\":\"es\",\"potentialAction\":[{\"@type\":\"CommentAction\",\"name\":\"Comment\",\"target\":[\"https:\/\/www.sonoraenequipo.com.mx\/oms-afirma-que-todas-las-vacunas-de-la-covid-son-efectivas-pero-pide-cautela\/#respond\"]}]},{\"@type\":\"WebPage\",\"@id\":\"https:\/\/www.sonoraenequipo.com.mx\/oms-afirma-que-todas-las-vacunas-de-la-covid-son-efectivas-pero-pide-cautela\/\",\"url\":\"https:\/\/www.sonoraenequipo.com.mx\/oms-afirma-que-todas-las-vacunas-de-la-covid-son-efectivas-pero-pide-cautela\/\",\"name\":\"Sonora en Equipo. OMS afirma que todas las vacunas de la covid son efectivas pero pide cautela MUNDO\",\"isPartOf\":{\"@id\":\"https:\/\/www.sonoraenequipo.com.mx\/#website\"},\"primaryImageOfPage\":{\"@id\":\"https:\/\/www.sonoraenequipo.com.mx\/oms-afirma-que-todas-las-vacunas-de-la-covid-son-efectivas-pero-pide-cautela\/#primaryimage\"},\"image\":{\"@id\":\"https:\/\/www.sonoraenequipo.com.mx\/oms-afirma-que-todas-las-vacunas-de-la-covid-son-efectivas-pero-pide-cautela\/#primaryimage\"},\"thumbnailUrl\":\"https:\/\/www.sonoraenequipo.com.mx\/storage\/2021\/05\/equipos-vacunasS-covid19_opt.jpg\",\"datePublished\":\"2021-05-20T21:20:28+00:00\",\"description\":\"NUEVA YORK, ESTADOS UNIDOS. \u2014 La Organizaci\u00f3n Mundial de la Salud (OMS) afirm\u00f3 este jueves que todas las vacunas aprobadas son efectivas contra las En Sonora en Equipo publicamos toda la informaci\u00f3n de Sonora, M\u00e9xico y el Mundo de manera oportuna y busca que la libertad de expresi\u00f3n sea real. Visita nuestro medio informativo publicado desde Hermosillo, Sonora. %\",\"breadcrumb\":{\"@id\":\"https:\/\/www.sonoraenequipo.com.mx\/oms-afirma-que-todas-las-vacunas-de-la-covid-son-efectivas-pero-pide-cautela\/#breadcrumb\"},\"inLanguage\":\"es\",\"potentialAction\":[{\"@type\":\"ReadAction\",\"target\":[\"https:\/\/www.sonoraenequipo.com.mx\/oms-afirma-que-todas-las-vacunas-de-la-covid-son-efectivas-pero-pide-cautela\/\"]}]},{\"@type\":\"ImageObject\",\"inLanguage\":\"es\",\"@id\":\"https:\/\/www.sonoraenequipo.com.mx\/oms-afirma-que-todas-las-vacunas-de-la-covid-son-efectivas-pero-pide-cautela\/#primaryimage\",\"url\":\"https:\/\/www.sonoraenequipo.com.mx\/storage\/2021\/05\/equipos-vacunasS-covid19_opt.jpg\",\"contentUrl\":\"https:\/\/www.sonoraenequipo.com.mx\/storage\/2021\/05\/equipos-vacunasS-covid19_opt.jpg\",\"width\":700,\"height\":400},{\"@type\":\"BreadcrumbList\",\"@id\":\"https:\/\/www.sonoraenequipo.com.mx\/oms-afirma-que-todas-las-vacunas-de-la-covid-son-efectivas-pero-pide-cautela\/#breadcrumb\",\"itemListElement\":[{\"@type\":\"ListItem\",\"position\":1,\"name\":\"Portada\",\"item\":\"https:\/\/www.sonoraenequipo.com.mx\/\"},{\"@type\":\"ListItem\",\"position\":2,\"name\":\"OMS afirma que todas las vacunas de la covid son efectivas pero pide cautela\"}]},{\"@type\":\"WebSite\",\"@id\":\"https:\/\/www.sonoraenequipo.com.mx\/#website\",\"url\":\"https:\/\/www.sonoraenequipo.com.mx\/\",\"name\":\"Sonora en Equipo.\",\"description\":\"Diario en l\u00ednea con Noticias desde Hermosillo, Sonora\",\"publisher\":{\"@id\":\"https:\/\/www.sonoraenequipo.com.mx\/#organization\"},\"potentialAction\":[{\"@type\":\"SearchAction\",\"target\":{\"@type\":\"EntryPoint\",\"urlTemplate\":\"https:\/\/www.sonoraenequipo.com.mx\/?s={search_term_string}\"},\"query-input\":{\"@type\":\"PropertyValueSpecification\",\"valueRequired\":true,\"valueName\":\"search_term_string\"}}],\"inLanguage\":\"es\"},{\"@type\":\"Organization\",\"@id\":\"https:\/\/www.sonoraenequipo.com.mx\/#organization\",\"name\":\"Sonoraenequipo.com.mx\",\"url\":\"https:\/\/www.sonoraenequipo.com.mx\/\",\"logo\":{\"@type\":\"ImageObject\",\"inLanguage\":\"es\",\"@id\":\"https:\/\/www.sonoraenequipo.com.mx\/#\/schema\/logo\/image\/\",\"url\":\"https:\/\/www.sonoraenequipo.com.mx\/storage\/2019\/01\/sonoraenequipo_opt.png\",\"contentUrl\":\"https:\/\/www.sonoraenequipo.com.mx\/storage\/2019\/01\/sonoraenequipo_opt.png\",\"width\":375,\"height\":125,\"caption\":\"Sonoraenequipo.com.mx\"},\"image\":{\"@id\":\"https:\/\/www.sonoraenequipo.com.mx\/#\/schema\/logo\/image\/\"},\"sameAs\":[\"https:\/\/www.facebook.com\/SonoraEE\/\",\"https:\/\/x.com\/sonoraenequipo\",\"https:\/\/www.youtube.com\/channel\/UC338nW-lPEYmJQs4ZABQ1SQ\"]},{\"@type\":\"Person\",\"@id\":\"https:\/\/www.sonoraenequipo.com.mx\/#\/schema\/person\/50102df0fb23a8fa9e8effad8fa81386\",\"name\":\"enequipo\",\"image\":{\"@type\":\"ImageObject\",\"inLanguage\":\"es\",\"@id\":\"https:\/\/www.sonoraenequipo.com.mx\/#\/schema\/person\/image\/\",\"url\":\"https:\/\/secure.gravatar.com\/avatar\/049821681b589dabc0bc20695993ccebb09f5b5d4d790cd9251b97faac7c652b?s=96&d=blank&r=g\",\"contentUrl\":\"https:\/\/secure.gravatar.com\/avatar\/049821681b589dabc0bc20695993ccebb09f5b5d4d790cd9251b97faac7c652b?s=96&d=blank&r=g\",\"caption\":\"enequipo\"},\"sameAs\":[\"https:\/\/www.facebook.com\/SonoraEE\"]}]}<\/script>\n ","yoast_head_json":{"title":"Sonora en Equipo. OMS afirma que todas las vacunas de la covid son efectivas pero pide cautela MUNDO","description":"NUEVA YORK, ESTADOS UNIDOS. \u2014 La Organizaci\u00f3n Mundial de la Salud (OMS) afirm\u00f3 este jueves que todas las vacunas aprobadas son efectivas contra las En Sonora en Equipo publicamos toda la informaci\u00f3n de Sonora, M\u00e9xico y el Mundo de manera oportuna y busca que la libertad de expresi\u00f3n sea real. Visita nuestro medio informativo publicado desde Hermosillo, Sonora. %","robots":{"index":"index","follow":"follow","max-snippet":"max-snippet:-1","max-image-preview":"max-image-preview:large","max-video-preview":"max-video-preview:-1"},"canonical":"https:\/\/www.sonoraenequipo.com.mx\/oms-afirma-que-todas-las-vacunas-de-la-covid-son-efectivas-pero-pide-cautela\/","og_locale":"es_ES","og_type":"article","og_title":"Sonora en Equipo. OMS afirma que todas las vacunas de la covid son efectivas pero pide cautela MUNDO","og_description":"NUEVA YORK, ESTADOS UNIDOS. \u2014 La Organizaci\u00f3n Mundial de la Salud (OMS) afirm\u00f3 este jueves que todas las vacunas aprobadas son efectivas contra las En Sonora en Equipo publicamos toda la informaci\u00f3n de Sonora, M\u00e9xico y el Mundo de manera oportuna y busca que la libertad de expresi\u00f3n sea real. Visita nuestro medio informativo publicado desde Hermosillo, Sonora. %","og_url":"https:\/\/www.sonoraenequipo.com.mx\/oms-afirma-que-todas-las-vacunas-de-la-covid-son-efectivas-pero-pide-cautela\/","og_site_name":"Sonora en Equipo.","article_publisher":"https:\/\/www.facebook.com\/SonoraEE\/","article_author":"https:\/\/www.facebook.com\/SonoraEE","article_published_time":"2021-05-20T21:20:28+00:00","og_image":[{"width":700,"height":400,"url":"https:\/\/www.sonoraenequipo.com.mx\/storage\/2021\/05\/equipos-vacunasS-covid19_opt.jpg","type":"image\/jpeg"}],"author":"enequipo","twitter_card":"summary_large_image","twitter_creator":"@sonoraenequipo","twitter_site":"@sonoraenequipo","twitter_misc":{"Escrito por":"enequipo","Tiempo de lectura":"4 minutos"},"schema":{"@context":"https:\/\/schema.org","@graph":[{"@type":"Article","@id":"https:\/\/www.sonoraenequipo.com.mx\/oms-afirma-que-todas-las-vacunas-de-la-covid-son-efectivas-pero-pide-cautela\/#article","isPartOf":{"@id":"https:\/\/www.sonoraenequipo.com.mx\/oms-afirma-que-todas-las-vacunas-de-la-covid-son-efectivas-pero-pide-cautela\/"},"author":{"name":"enequipo","@id":"https:\/\/www.sonoraenequipo.com.mx\/#\/schema\/person\/50102df0fb23a8fa9e8effad8fa81386"},"headline":"OMS afirma que todas las vacunas de la covid son efectivas pero pide cautela","datePublished":"2021-05-20T21:20:28+00:00","mainEntityOfPage":{"@id":"https:\/\/www.sonoraenequipo.com.mx\/oms-afirma-que-todas-las-vacunas-de-la-covid-son-efectivas-pero-pide-cautela\/"},"wordCount":788,"commentCount":0,"publisher":{"@id":"https:\/\/www.sonoraenequipo.com.mx\/#organization"},"image":{"@id":"https:\/\/www.sonoraenequipo.com.mx\/oms-afirma-que-todas-las-vacunas-de-la-covid-son-efectivas-pero-pide-cautela\/#primaryimage"},"thumbnailUrl":"https:\/\/www.sonoraenequipo.com.mx\/storage\/2021\/05\/equipos-vacunasS-covid19_opt.jpg","articleSection":["MUNDO"],"inLanguage":"es","potentialAction":[{"@type":"CommentAction","name":"Comment","target":["https:\/\/www.sonoraenequipo.com.mx\/oms-afirma-que-todas-las-vacunas-de-la-covid-son-efectivas-pero-pide-cautela\/#respond"]}]},{"@type":"WebPage","@id":"https:\/\/www.sonoraenequipo.com.mx\/oms-afirma-que-todas-las-vacunas-de-la-covid-son-efectivas-pero-pide-cautela\/","url":"https:\/\/www.sonoraenequipo.com.mx\/oms-afirma-que-todas-las-vacunas-de-la-covid-son-efectivas-pero-pide-cautela\/","name":"Sonora en Equipo. OMS afirma que todas las vacunas de la covid son efectivas pero pide cautela MUNDO","isPartOf":{"@id":"https:\/\/www.sonoraenequipo.com.mx\/#website"},"primaryImageOfPage":{"@id":"https:\/\/www.sonoraenequipo.com.mx\/oms-afirma-que-todas-las-vacunas-de-la-covid-son-efectivas-pero-pide-cautela\/#primaryimage"},"image":{"@id":"https:\/\/www.sonoraenequipo.com.mx\/oms-afirma-que-todas-las-vacunas-de-la-covid-son-efectivas-pero-pide-cautela\/#primaryimage"},"thumbnailUrl":"https:\/\/www.sonoraenequipo.com.mx\/storage\/2021\/05\/equipos-vacunasS-covid19_opt.jpg","datePublished":"2021-05-20T21:20:28+00:00","description":"NUEVA YORK, ESTADOS UNIDOS. \u2014 La Organizaci\u00f3n Mundial de la Salud (OMS) afirm\u00f3 este jueves que todas las vacunas aprobadas son efectivas contra las En Sonora en Equipo publicamos toda la informaci\u00f3n de Sonora, M\u00e9xico y el Mundo de manera oportuna y busca que la libertad de expresi\u00f3n sea real. Visita nuestro medio informativo publicado desde Hermosillo, Sonora. %","breadcrumb":{"@id":"https:\/\/www.sonoraenequipo.com.mx\/oms-afirma-que-todas-las-vacunas-de-la-covid-son-efectivas-pero-pide-cautela\/#breadcrumb"},"inLanguage":"es","potentialAction":[{"@type":"ReadAction","target":["https:\/\/www.sonoraenequipo.com.mx\/oms-afirma-que-todas-las-vacunas-de-la-covid-son-efectivas-pero-pide-cautela\/"]}]},{"@type":"ImageObject","inLanguage":"es","@id":"https:\/\/www.sonoraenequipo.com.mx\/oms-afirma-que-todas-las-vacunas-de-la-covid-son-efectivas-pero-pide-cautela\/#primaryimage","url":"https:\/\/www.sonoraenequipo.com.mx\/storage\/2021\/05\/equipos-vacunasS-covid19_opt.jpg","contentUrl":"https:\/\/www.sonoraenequipo.com.mx\/storage\/2021\/05\/equipos-vacunasS-covid19_opt.jpg","width":700,"height":400},{"@type":"BreadcrumbList","@id":"https:\/\/www.sonoraenequipo.com.mx\/oms-afirma-que-todas-las-vacunas-de-la-covid-son-efectivas-pero-pide-cautela\/#breadcrumb","itemListElement":[{"@type":"ListItem","position":1,"name":"Portada","item":"https:\/\/www.sonoraenequipo.com.mx\/"},{"@type":"ListItem","position":2,"name":"OMS afirma que todas las vacunas de la covid son efectivas pero pide cautela"}]},{"@type":"WebSite","@id":"https:\/\/www.sonoraenequipo.com.mx\/#website","url":"https:\/\/www.sonoraenequipo.com.mx\/","name":"Sonora en Equipo.","description":"Diario en l\u00ednea con Noticias desde Hermosillo, Sonora","publisher":{"@id":"https:\/\/www.sonoraenequipo.com.mx\/#organization"},"potentialAction":[{"@type":"SearchAction","target":{"@type":"EntryPoint","urlTemplate":"https:\/\/www.sonoraenequipo.com.mx\/?s={search_term_string}"},"query-input":{"@type":"PropertyValueSpecification","valueRequired":true,"valueName":"search_term_string"}}],"inLanguage":"es"},{"@type":"Organization","@id":"https:\/\/www.sonoraenequipo.com.mx\/#organization","name":"Sonoraenequipo.com.mx","url":"https:\/\/www.sonoraenequipo.com.mx\/","logo":{"@type":"ImageObject","inLanguage":"es","@id":"https:\/\/www.sonoraenequipo.com.mx\/#\/schema\/logo\/image\/","url":"https:\/\/www.sonoraenequipo.com.mx\/storage\/2019\/01\/sonoraenequipo_opt.png","contentUrl":"https:\/\/www.sonoraenequipo.com.mx\/storage\/2019\/01\/sonoraenequipo_opt.png","width":375,"height":125,"caption":"Sonoraenequipo.com.mx"},"image":{"@id":"https:\/\/www.sonoraenequipo.com.mx\/#\/schema\/logo\/image\/"},"sameAs":["https:\/\/www.facebook.com\/SonoraEE\/","https:\/\/x.com\/sonoraenequipo","https:\/\/www.youtube.com\/channel\/UC338nW-lPEYmJQs4ZABQ1SQ"]},{"@type":"Person","@id":"https:\/\/www.sonoraenequipo.com.mx\/#\/schema\/person\/50102df0fb23a8fa9e8effad8fa81386","name":"enequipo","image":{"@type":"ImageObject","inLanguage":"es","@id":"https:\/\/www.sonoraenequipo.com.mx\/#\/schema\/person\/image\/","url":"https:\/\/secure.gravatar.com\/avatar\/049821681b589dabc0bc20695993ccebb09f5b5d4d790cd9251b97faac7c652b?s=96&d=blank&r=g","contentUrl":"https:\/\/secure.gravatar.com\/avatar\/049821681b589dabc0bc20695993ccebb09f5b5d4d790cd9251b97faac7c652b?s=96&d=blank&r=g","caption":"enequipo"},"sameAs":["https:\/\/www.facebook.com\/SonoraEE"]}]}},"jetpack_featured_media_url":"https:\/\/www.sonoraenequipo.com.mx\/storage\/2021\/05\/equipos-vacunasS-covid19_opt.jpg","_links":{"self":[{"href":"https:\/\/www.sonoraenequipo.com.mx\/api\/wp\/v2\/posts\/114393","targetHints":{"allow":["GET"]}}],"collection":[{"href":"https:\/\/www.sonoraenequipo.com.mx\/api\/wp\/v2\/posts"}],"about":[{"href":"https:\/\/www.sonoraenequipo.com.mx\/api\/wp\/v2\/types\/post"}],"author":[{"embeddable":true,"href":"https:\/\/www.sonoraenequipo.com.mx\/api\/wp\/v2\/users\/1"}],"replies":[{"embeddable":true,"href":"https:\/\/www.sonoraenequipo.com.mx\/api\/wp\/v2\/comments?post=114393"}],"version-history":[{"count":1,"href":"https:\/\/www.sonoraenequipo.com.mx\/api\/wp\/v2\/posts\/114393\/revisions"}],"predecessor-version":[{"id":114396,"href":"https:\/\/www.sonoraenequipo.com.mx\/api\/wp\/v2\/posts\/114393\/revisions\/114396"}],"wp:featuredmedia":[{"embeddable":true,"href":"https:\/\/www.sonoraenequipo.com.mx\/api\/wp\/v2\/media\/114382"}],"wp:attachment":[{"href":"https:\/\/www.sonoraenequipo.com.mx\/api\/wp\/v2\/media?parent=114393"}],"wp:term":[{"taxonomy":"category","embeddable":true,"href":"https:\/\/www.sonoraenequipo.com.mx\/api\/wp\/v2\/categories?post=114393"},{"taxonomy":"post_tag","embeddable":true,"href":"https:\/\/www.sonoraenequipo.com.mx\/api\/wp\/v2\/tags?post=114393"}],"curies":[{"name":"wp","href":"https:\/\/api.w.org\/{rel}","templated":true}]}}