{"id":114398,"date":"2021-05-20T13:45:14","date_gmt":"2021-05-20T20:45:14","guid":{"rendered":"https:\/\/www.sonoraenequipo.com.mx\/?p=114398"},"modified":"2021-05-20T15:07:36","modified_gmt":"2021-05-20T22:07:36","slug":"mexico-y-bolivia-eliminan-visa-para-ciudadanos-de-ambos-paises","status":"publish","type":"post","link":"https:\/\/www.sonoraenequipo.com.mx\/mexico-y-bolivia-eliminan-visa-para-ciudadanos-de-ambos-paises\/","title":{"rendered":"M\u00e9xico y Bolivia eliminan visa para ciudadanos de ambos pa\u00edses"},"content":{"rendered":"<p>CIUDAD DE M\u00c9XICO. MX.\u2014 M\u00e9xico y Bolivia eliminar\u00e1n el requisito de visa para ciudadanos de ambos pa\u00edses a partir del lunes 24 de mayo, a fin de facilitar la movilidad con fines culturales, tur\u00edsticos y de negocios de hasta 180 d\u00edas en calidad de visitantes.<\/p>\n<p>&nbsp;<\/p>\n<p> <\/p>\n<p>As\u00ed lo anunciaron autoridades de M\u00e9xico y Bolivia en el marco de la ceremonia de intercambio de notas diplom\u00e1ticas sobre la supresi\u00f3n de visas realizada en la sede de la Secretar\u00eda de Relaciones Exteriores (SRE), encabezado por las ministras de la Presidencia, Mar\u00eda Nela Prada Tejada, de Culturas, Sabina Orellana, el ministro de Gobierno (Interior), Eduardo del Castillo y el presidente de la C\u00e1mara de Diputados, Freddy Mamani.<\/p>\n<p>&nbsp;<\/p>\n<p>Adem\u00e1s, tambi\u00e9n participaron de forma telem\u00e1tica autoridades del Gobierno mexicano.<\/p>\n<p>&nbsp;<\/p>\n<p>El canciller mexicano Marcelo Ebrard, reconoci\u00f3 que la imposici\u00f3n de visado afecta m\u00e1s a M\u00e9xico dado que el pa\u00eds tiene m\u00e1s poblaci\u00f3n y turismo hacia Bolivia.<\/p>\n<p>&nbsp;<\/p>\n<p>\u201cPensamos que al quitar esta restricci\u00f3n va a fluir de mejor manera la vida, \u00bfde qui\u00e9n? Pues de los ciudadanos comunes y corrientes, todos nosotros, les vamos a quitar de encima un tr\u00e1mite burocr\u00e1tico basado en la desconfianza. Y lo que vamos a hacer es decir: los ciudadanos bolivianos, como en Bolivia los ciudadanos mexicanos pues podr\u00e1n viajar libremente\u201d, se\u00f1al\u00f3.<\/p>\n<p>&nbsp;<\/p>\n<p>Por otra parte, el gobierno boliviano precis\u00f3 que este acuerdo facilitar\u00e1 la movilidad de los ciudadanos de ambos pa\u00edses con fines culturales, tur\u00edsticos y de negocios \u201cguiados por el principio de la reciprocidad y respeto a la soberan\u00eda\u201d.<\/p>\n<p>Subray\u00f3 que este anuncio es el \u201cresultado de las \u00f3ptimas relaciones diplom\u00e1ticas\u201d entre Bolivia y M\u00e9xico que este a\u00f1o cumplir\u00e1n 190 a\u00f1os y que fueron reafirmadas en la visita oficial que realiz\u00f3 el presidente boliviano, Luis Arce, a su hom\u00f3logo mexicano, Andr\u00e9s Manuel L\u00f3pez Obrador, en marzo pasado.<\/p>\n<p><a class=\"twitter-timeline\" data-width=\"640\" data-height=\"960\" data-dnt=\"true\" href=\"https:\/\/twitter.com\/m_ebrard?ref_src=twsrc%5Etfw\">Tweets by m_ebrard<\/a><script async src=\"https:\/\/platform.twitter.com\/widgets.js\" charset=\"utf-8\"><\/script><\/p>\n<p>(Publicada el 20\/05\/2021 \/El Economista)<\/p>\n","protected":false},"excerpt":{"rendered":"<p>CIUDAD DE M\u00c9XICO. MX.\u2014 M\u00e9xico y Bolivia eliminar\u00e1n el requisito de visa para ciudadanos de&#8230;<\/p>\n","protected":false},"author":1,"featured_media":114415,"comment_status":"open","ping_status":"open","sticky":false,"template":"","format":"standard","meta":{"_monsterinsights_skip_tracking":false,"_monsterinsights_sitenote_active":false,"_monsterinsights_sitenote_note":"","_monsterinsights_sitenote_category":0,"footnotes":""},"categories":[3],"tags":[],"class_list":["post"],"yoast_head":" \n<title>Sonora en Equipo. M\u00e9xico y Bolivia eliminan visa para ciudadanos de ambos pa\u00edses MUNDO<\/title>\n<meta name=\"description\" content=\"CIUDAD DE M\u00c9XICO. MX.\u2014 M\u00e9xico y Bolivia eliminar\u00e1n el requisito de visa para ciudadanos de ambos pa\u00edses a partir del lunes 24 de mayo, a fin de facilitar En Sonora en Equipo publicamos toda la informaci\u00f3n de Sonora, M\u00e9xico y el Mundo de manera oportuna y busca que la libertad de expresi\u00f3n sea real. Visita nuestro medio informativo publicado desde Hermosillo, Sonora. %\" \/>\n<meta name=\"robots\" content=\"index, follow, max-snippet:-1, max-image-preview:large, max-video-preview:-1\" \/>\n<link rel=\"canonical\" href=\"https:\/\/www.sonoraenequipo.com.mx\/mexico-y-bolivia-eliminan-visa-para-ciudadanos-de-ambos-paises\/\" \/>\n<meta property=\"og:locale\" content=\"es_ES\" \/>\n<meta property=\"og:type\" content=\"article\" \/>\n<meta property=\"og:title\" content=\"Sonora en Equipo. M\u00e9xico y Bolivia eliminan visa para ciudadanos de ambos pa\u00edses MUNDO\" \/>\n<meta property=\"og:description\" content=\"CIUDAD DE M\u00c9XICO. MX.\u2014 M\u00e9xico y Bolivia eliminar\u00e1n el requisito de visa para ciudadanos de ambos pa\u00edses a partir del lunes 24 de mayo, a fin de facilitar En Sonora en Equipo publicamos toda la informaci\u00f3n de Sonora, M\u00e9xico y el Mundo de manera oportuna y busca que la libertad de expresi\u00f3n sea real. Visita nuestro medio informativo publicado desde Hermosillo, Sonora. %\" \/>\n<meta property=\"og:url\" content=\"https:\/\/www.sonoraenequipo.com.mx\/mexico-y-bolivia-eliminan-visa-para-ciudadanos-de-ambos-paises\/\" \/>\n<meta property=\"og:site_name\" content=\"Sonora en Equipo.\" \/>\n<meta property=\"article:publisher\" content=\"https:\/\/www.facebook.com\/SonoraEE\/\" \/>\n<meta property=\"article:author\" content=\"https:\/\/www.facebook.com\/SonoraEE\" \/>\n<meta property=\"article:published_time\" content=\"2021-05-20T20:45:14+00:00\" \/>\n<meta property=\"article:modified_time\" content=\"2021-05-20T22:07:36+00:00\" \/>\n<meta property=\"og:image\" content=\"https:\/\/www.sonoraenequipo.com.mx\/storage\/2021\/05\/pasaporte-bolivia-mx_opt.jpg\" \/>\n\t<meta property=\"og:image:width\" content=\"700\" \/>\n\t<meta property=\"og:image:height\" content=\"400\" \/>\n\t<meta property=\"og:image:type\" content=\"image\/jpeg\" \/>\n<meta name=\"author\" content=\"enequipo\" \/>\n<meta name=\"twitter:card\" content=\"summary_large_image\" \/>\n<meta name=\"twitter:creator\" content=\"@sonoraenequipo\" \/>\n<meta name=\"twitter:site\" content=\"@sonoraenequipo\" \/>\n<meta name=\"twitter:label1\" content=\"Escrito por\" \/>\n\t<meta name=\"twitter:data1\" content=\"enequipo\" \/>\n\t<meta name=\"twitter:label2\" content=\"Tiempo de lectura\" \/>\n\t<meta name=\"twitter:data2\" content=\"2 minutos\" \/>\n<script type=\"application\/ld+json\" class=\"yoast-schema-graph\">{\"@context\":\"https:\/\/schema.org\",\"@graph\":[{\"@type\":\"Article\",\"@id\":\"https:\/\/www.sonoraenequipo.com.mx\/mexico-y-bolivia-eliminan-visa-para-ciudadanos-de-ambos-paises\/#article\",\"isPartOf\":{\"@id\":\"https:\/\/www.sonoraenequipo.com.mx\/mexico-y-bolivia-eliminan-visa-para-ciudadanos-de-ambos-paises\/\"},\"author\":{\"name\":\"enequipo\",\"@id\":\"https:\/\/www.sonoraenequipo.com.mx\/#\/schema\/person\/50102df0fb23a8fa9e8effad8fa81386\"},\"headline\":\"M\u00e9xico y Bolivia eliminan visa para ciudadanos de ambos pa\u00edses\",\"datePublished\":\"2021-05-20T20:45:14+00:00\",\"dateModified\":\"2021-05-20T22:07:36+00:00\",\"mainEntityOfPage\":{\"@id\":\"https:\/\/www.sonoraenequipo.com.mx\/mexico-y-bolivia-eliminan-visa-para-ciudadanos-de-ambos-paises\/\"},\"wordCount\":356,\"commentCount\":0,\"publisher\":{\"@id\":\"https:\/\/www.sonoraenequipo.com.mx\/#organization\"},\"image\":{\"@id\":\"https:\/\/www.sonoraenequipo.com.mx\/mexico-y-bolivia-eliminan-visa-para-ciudadanos-de-ambos-paises\/#primaryimage\"},\"thumbnailUrl\":\"https:\/\/www.sonoraenequipo.com.mx\/storage\/2021\/05\/pasaporte-bolivia-mx_opt.jpg\",\"articleSection\":[\"MUNDO\"],\"inLanguage\":\"es\",\"potentialAction\":[{\"@type\":\"CommentAction\",\"name\":\"Comment\",\"target\":[\"https:\/\/www.sonoraenequipo.com.mx\/mexico-y-bolivia-eliminan-visa-para-ciudadanos-de-ambos-paises\/#respond\"]}]},{\"@type\":\"WebPage\",\"@id\":\"https:\/\/www.sonoraenequipo.com.mx\/mexico-y-bolivia-eliminan-visa-para-ciudadanos-de-ambos-paises\/\",\"url\":\"https:\/\/www.sonoraenequipo.com.mx\/mexico-y-bolivia-eliminan-visa-para-ciudadanos-de-ambos-paises\/\",\"name\":\"Sonora en Equipo. M\u00e9xico y Bolivia eliminan visa para ciudadanos de ambos pa\u00edses MUNDO\",\"isPartOf\":{\"@id\":\"https:\/\/www.sonoraenequipo.com.mx\/#website\"},\"primaryImageOfPage\":{\"@id\":\"https:\/\/www.sonoraenequipo.com.mx\/mexico-y-bolivia-eliminan-visa-para-ciudadanos-de-ambos-paises\/#primaryimage\"},\"image\":{\"@id\":\"https:\/\/www.sonoraenequipo.com.mx\/mexico-y-bolivia-eliminan-visa-para-ciudadanos-de-ambos-paises\/#primaryimage\"},\"thumbnailUrl\":\"https:\/\/www.sonoraenequipo.com.mx\/storage\/2021\/05\/pasaporte-bolivia-mx_opt.jpg\",\"datePublished\":\"2021-05-20T20:45:14+00:00\",\"dateModified\":\"2021-05-20T22:07:36+00:00\",\"description\":\"CIUDAD DE M\u00c9XICO. MX.\u2014 M\u00e9xico y Bolivia eliminar\u00e1n el requisito de visa para ciudadanos de ambos pa\u00edses a partir del lunes 24 de mayo, a fin de facilitar En Sonora en Equipo publicamos toda la informaci\u00f3n de Sonora, M\u00e9xico y el Mundo de manera oportuna y busca que la libertad de expresi\u00f3n sea real. Visita nuestro medio informativo publicado desde Hermosillo, Sonora. %\",\"breadcrumb\":{\"@id\":\"https:\/\/www.sonoraenequipo.com.mx\/mexico-y-bolivia-eliminan-visa-para-ciudadanos-de-ambos-paises\/#breadcrumb\"},\"inLanguage\":\"es\",\"potentialAction\":[{\"@type\":\"ReadAction\",\"target\":[\"https:\/\/www.sonoraenequipo.com.mx\/mexico-y-bolivia-eliminan-visa-para-ciudadanos-de-ambos-paises\/\"]}]},{\"@type\":\"ImageObject\",\"inLanguage\":\"es\",\"@id\":\"https:\/\/www.sonoraenequipo.com.mx\/mexico-y-bolivia-eliminan-visa-para-ciudadanos-de-ambos-paises\/#primaryimage\",\"url\":\"https:\/\/www.sonoraenequipo.com.mx\/storage\/2021\/05\/pasaporte-bolivia-mx_opt.jpg\",\"contentUrl\":\"https:\/\/www.sonoraenequipo.com.mx\/storage\/2021\/05\/pasaporte-bolivia-mx_opt.jpg\",\"width\":700,\"height\":400},{\"@type\":\"BreadcrumbList\",\"@id\":\"https:\/\/www.sonoraenequipo.com.mx\/mexico-y-bolivia-eliminan-visa-para-ciudadanos-de-ambos-paises\/#breadcrumb\",\"itemListElement\":[{\"@type\":\"ListItem\",\"position\":1,\"name\":\"Portada\",\"item\":\"https:\/\/www.sonoraenequipo.com.mx\/\"},{\"@type\":\"ListItem\",\"position\":2,\"name\":\"M\u00e9xico y Bolivia eliminan visa para ciudadanos de ambos pa\u00edses\"}]},{\"@type\":\"WebSite\",\"@id\":\"https:\/\/www.sonoraenequipo.com.mx\/#website\",\"url\":\"https:\/\/www.sonoraenequipo.com.mx\/\",\"name\":\"Sonora en Equipo.\",\"description\":\"Diario en l\u00ednea con Noticias desde Hermosillo, Sonora\",\"publisher\":{\"@id\":\"https:\/\/www.sonoraenequipo.com.mx\/#organization\"},\"potentialAction\":[{\"@type\":\"SearchAction\",\"target\":{\"@type\":\"EntryPoint\",\"urlTemplate\":\"https:\/\/www.sonoraenequipo.com.mx\/?s={search_term_string}\"},\"query-input\":{\"@type\":\"PropertyValueSpecification\",\"valueRequired\":true,\"valueName\":\"search_term_string\"}}],\"inLanguage\":\"es\"},{\"@type\":\"Organization\",\"@id\":\"https:\/\/www.sonoraenequipo.com.mx\/#organization\",\"name\":\"Sonoraenequipo.com.mx\",\"url\":\"https:\/\/www.sonoraenequipo.com.mx\/\",\"logo\":{\"@type\":\"ImageObject\",\"inLanguage\":\"es\",\"@id\":\"https:\/\/www.sonoraenequipo.com.mx\/#\/schema\/logo\/image\/\",\"url\":\"https:\/\/www.sonoraenequipo.com.mx\/storage\/2019\/01\/sonoraenequipo_opt.png\",\"contentUrl\":\"https:\/\/www.sonoraenequipo.com.mx\/storage\/2019\/01\/sonoraenequipo_opt.png\",\"width\":375,\"height\":125,\"caption\":\"Sonoraenequipo.com.mx\"},\"image\":{\"@id\":\"https:\/\/www.sonoraenequipo.com.mx\/#\/schema\/logo\/image\/\"},\"sameAs\":[\"https:\/\/www.facebook.com\/SonoraEE\/\",\"https:\/\/x.com\/sonoraenequipo\",\"https:\/\/www.youtube.com\/channel\/UC338nW-lPEYmJQs4ZABQ1SQ\"]},{\"@type\":\"Person\",\"@id\":\"https:\/\/www.sonoraenequipo.com.mx\/#\/schema\/person\/50102df0fb23a8fa9e8effad8fa81386\",\"name\":\"enequipo\",\"image\":{\"@type\":\"ImageObject\",\"inLanguage\":\"es\",\"@id\":\"https:\/\/www.sonoraenequipo.com.mx\/#\/schema\/person\/image\/\",\"url\":\"https:\/\/secure.gravatar.com\/avatar\/049821681b589dabc0bc20695993ccebb09f5b5d4d790cd9251b97faac7c652b?s=96&d=blank&r=g\",\"contentUrl\":\"https:\/\/secure.gravatar.com\/avatar\/049821681b589dabc0bc20695993ccebb09f5b5d4d790cd9251b97faac7c652b?s=96&d=blank&r=g\",\"caption\":\"enequipo\"},\"sameAs\":[\"https:\/\/www.facebook.com\/SonoraEE\"]}]}<\/script>\n ","yoast_head_json":{"title":"Sonora en Equipo. M\u00e9xico y Bolivia eliminan visa para ciudadanos de ambos pa\u00edses MUNDO","description":"CIUDAD DE M\u00c9XICO. MX.\u2014 M\u00e9xico y Bolivia eliminar\u00e1n el requisito de visa para ciudadanos de ambos pa\u00edses a partir del lunes 24 de mayo, a fin de facilitar En Sonora en Equipo publicamos toda la informaci\u00f3n de Sonora, M\u00e9xico y el Mundo de manera oportuna y busca que la libertad de expresi\u00f3n sea real. Visita nuestro medio informativo publicado desde Hermosillo, Sonora. %","robots":{"index":"index","follow":"follow","max-snippet":"max-snippet:-1","max-image-preview":"max-image-preview:large","max-video-preview":"max-video-preview:-1"},"canonical":"https:\/\/www.sonoraenequipo.com.mx\/mexico-y-bolivia-eliminan-visa-para-ciudadanos-de-ambos-paises\/","og_locale":"es_ES","og_type":"article","og_title":"Sonora en Equipo. M\u00e9xico y Bolivia eliminan visa para ciudadanos de ambos pa\u00edses MUNDO","og_description":"CIUDAD DE M\u00c9XICO. MX.\u2014 M\u00e9xico y Bolivia eliminar\u00e1n el requisito de visa para ciudadanos de ambos pa\u00edses a partir del lunes 24 de mayo, a fin de facilitar En Sonora en Equipo publicamos toda la informaci\u00f3n de Sonora, M\u00e9xico y el Mundo de manera oportuna y busca que la libertad de expresi\u00f3n sea real. Visita nuestro medio informativo publicado desde Hermosillo, Sonora. %","og_url":"https:\/\/www.sonoraenequipo.com.mx\/mexico-y-bolivia-eliminan-visa-para-ciudadanos-de-ambos-paises\/","og_site_name":"Sonora en Equipo.","article_publisher":"https:\/\/www.facebook.com\/SonoraEE\/","article_author":"https:\/\/www.facebook.com\/SonoraEE","article_published_time":"2021-05-20T20:45:14+00:00","article_modified_time":"2021-05-20T22:07:36+00:00","og_image":[{"width":700,"height":400,"url":"https:\/\/www.sonoraenequipo.com.mx\/storage\/2021\/05\/pasaporte-bolivia-mx_opt.jpg","type":"image\/jpeg"}],"author":"enequipo","twitter_card":"summary_large_image","twitter_creator":"@sonoraenequipo","twitter_site":"@sonoraenequipo","twitter_misc":{"Escrito por":"enequipo","Tiempo de lectura":"2 minutos"},"schema":{"@context":"https:\/\/schema.org","@graph":[{"@type":"Article","@id":"https:\/\/www.sonoraenequipo.com.mx\/mexico-y-bolivia-eliminan-visa-para-ciudadanos-de-ambos-paises\/#article","isPartOf":{"@id":"https:\/\/www.sonoraenequipo.com.mx\/mexico-y-bolivia-eliminan-visa-para-ciudadanos-de-ambos-paises\/"},"author":{"name":"enequipo","@id":"https:\/\/www.sonoraenequipo.com.mx\/#\/schema\/person\/50102df0fb23a8fa9e8effad8fa81386"},"headline":"M\u00e9xico y Bolivia eliminan visa para ciudadanos de ambos pa\u00edses","datePublished":"2021-05-20T20:45:14+00:00","dateModified":"2021-05-20T22:07:36+00:00","mainEntityOfPage":{"@id":"https:\/\/www.sonoraenequipo.com.mx\/mexico-y-bolivia-eliminan-visa-para-ciudadanos-de-ambos-paises\/"},"wordCount":356,"commentCount":0,"publisher":{"@id":"https:\/\/www.sonoraenequipo.com.mx\/#organization"},"image":{"@id":"https:\/\/www.sonoraenequipo.com.mx\/mexico-y-bolivia-eliminan-visa-para-ciudadanos-de-ambos-paises\/#primaryimage"},"thumbnailUrl":"https:\/\/www.sonoraenequipo.com.mx\/storage\/2021\/05\/pasaporte-bolivia-mx_opt.jpg","articleSection":["MUNDO"],"inLanguage":"es","potentialAction":[{"@type":"CommentAction","name":"Comment","target":["https:\/\/www.sonoraenequipo.com.mx\/mexico-y-bolivia-eliminan-visa-para-ciudadanos-de-ambos-paises\/#respond"]}]},{"@type":"WebPage","@id":"https:\/\/www.sonoraenequipo.com.mx\/mexico-y-bolivia-eliminan-visa-para-ciudadanos-de-ambos-paises\/","url":"https:\/\/www.sonoraenequipo.com.mx\/mexico-y-bolivia-eliminan-visa-para-ciudadanos-de-ambos-paises\/","name":"Sonora en Equipo. M\u00e9xico y Bolivia eliminan visa para ciudadanos de ambos pa\u00edses MUNDO","isPartOf":{"@id":"https:\/\/www.sonoraenequipo.com.mx\/#website"},"primaryImageOfPage":{"@id":"https:\/\/www.sonoraenequipo.com.mx\/mexico-y-bolivia-eliminan-visa-para-ciudadanos-de-ambos-paises\/#primaryimage"},"image":{"@id":"https:\/\/www.sonoraenequipo.com.mx\/mexico-y-bolivia-eliminan-visa-para-ciudadanos-de-ambos-paises\/#primaryimage"},"thumbnailUrl":"https:\/\/www.sonoraenequipo.com.mx\/storage\/2021\/05\/pasaporte-bolivia-mx_opt.jpg","datePublished":"2021-05-20T20:45:14+00:00","dateModified":"2021-05-20T22:07:36+00:00","description":"CIUDAD DE M\u00c9XICO. MX.\u2014 M\u00e9xico y Bolivia eliminar\u00e1n el requisito de visa para ciudadanos de ambos pa\u00edses a partir del lunes 24 de mayo, a fin de facilitar En Sonora en Equipo publicamos toda la informaci\u00f3n de Sonora, M\u00e9xico y el Mundo de manera oportuna y busca que la libertad de expresi\u00f3n sea real. Visita nuestro medio informativo publicado desde Hermosillo, Sonora. %","breadcrumb":{"@id":"https:\/\/www.sonoraenequipo.com.mx\/mexico-y-bolivia-eliminan-visa-para-ciudadanos-de-ambos-paises\/#breadcrumb"},"inLanguage":"es","potentialAction":[{"@type":"ReadAction","target":["https:\/\/www.sonoraenequipo.com.mx\/mexico-y-bolivia-eliminan-visa-para-ciudadanos-de-ambos-paises\/"]}]},{"@type":"ImageObject","inLanguage":"es","@id":"https:\/\/www.sonoraenequipo.com.mx\/mexico-y-bolivia-eliminan-visa-para-ciudadanos-de-ambos-paises\/#primaryimage","url":"https:\/\/www.sonoraenequipo.com.mx\/storage\/2021\/05\/pasaporte-bolivia-mx_opt.jpg","contentUrl":"https:\/\/www.sonoraenequipo.com.mx\/storage\/2021\/05\/pasaporte-bolivia-mx_opt.jpg","width":700,"height":400},{"@type":"BreadcrumbList","@id":"https:\/\/www.sonoraenequipo.com.mx\/mexico-y-bolivia-eliminan-visa-para-ciudadanos-de-ambos-paises\/#breadcrumb","itemListElement":[{"@type":"ListItem","position":1,"name":"Portada","item":"https:\/\/www.sonoraenequipo.com.mx\/"},{"@type":"ListItem","position":2,"name":"M\u00e9xico y Bolivia eliminan visa para ciudadanos de ambos pa\u00edses"}]},{"@type":"WebSite","@id":"https:\/\/www.sonoraenequipo.com.mx\/#website","url":"https:\/\/www.sonoraenequipo.com.mx\/","name":"Sonora en Equipo.","description":"Diario en l\u00ednea con Noticias desde Hermosillo, Sonora","publisher":{"@id":"https:\/\/www.sonoraenequipo.com.mx\/#organization"},"potentialAction":[{"@type":"SearchAction","target":{"@type":"EntryPoint","urlTemplate":"https:\/\/www.sonoraenequipo.com.mx\/?s={search_term_string}"},"query-input":{"@type":"PropertyValueSpecification","valueRequired":true,"valueName":"search_term_string"}}],"inLanguage":"es"},{"@type":"Organization","@id":"https:\/\/www.sonoraenequipo.com.mx\/#organization","name":"Sonoraenequipo.com.mx","url":"https:\/\/www.sonoraenequipo.com.mx\/","logo":{"@type":"ImageObject","inLanguage":"es","@id":"https:\/\/www.sonoraenequipo.com.mx\/#\/schema\/logo\/image\/","url":"https:\/\/www.sonoraenequipo.com.mx\/storage\/2019\/01\/sonoraenequipo_opt.png","contentUrl":"https:\/\/www.sonoraenequipo.com.mx\/storage\/2019\/01\/sonoraenequipo_opt.png","width":375,"height":125,"caption":"Sonoraenequipo.com.mx"},"image":{"@id":"https:\/\/www.sonoraenequipo.com.mx\/#\/schema\/logo\/image\/"},"sameAs":["https:\/\/www.facebook.com\/SonoraEE\/","https:\/\/x.com\/sonoraenequipo","https:\/\/www.youtube.com\/channel\/UC338nW-lPEYmJQs4ZABQ1SQ"]},{"@type":"Person","@id":"https:\/\/www.sonoraenequipo.com.mx\/#\/schema\/person\/50102df0fb23a8fa9e8effad8fa81386","name":"enequipo","image":{"@type":"ImageObject","inLanguage":"es","@id":"https:\/\/www.sonoraenequipo.com.mx\/#\/schema\/person\/image\/","url":"https:\/\/secure.gravatar.com\/avatar\/049821681b589dabc0bc20695993ccebb09f5b5d4d790cd9251b97faac7c652b?s=96&d=blank&r=g","contentUrl":"https:\/\/secure.gravatar.com\/avatar\/049821681b589dabc0bc20695993ccebb09f5b5d4d790cd9251b97faac7c652b?s=96&d=blank&r=g","caption":"enequipo"},"sameAs":["https:\/\/www.facebook.com\/SonoraEE"]}]}},"jetpack_featured_media_url":"https:\/\/www.sonoraenequipo.com.mx\/storage\/2021\/05\/pasaporte-bolivia-mx_opt.jpg","_links":{"self":[{"href":"https:\/\/www.sonoraenequipo.com.mx\/api\/wp\/v2\/posts\/114398","targetHints":{"allow":["GET"]}}],"collection":[{"href":"https:\/\/www.sonoraenequipo.com.mx\/api\/wp\/v2\/posts"}],"about":[{"href":"https:\/\/www.sonoraenequipo.com.mx\/api\/wp\/v2\/types\/post"}],"author":[{"embeddable":true,"href":"https:\/\/www.sonoraenequipo.com.mx\/api\/wp\/v2\/users\/1"}],"replies":[{"embeddable":true,"href":"https:\/\/www.sonoraenequipo.com.mx\/api\/wp\/v2\/comments?post=114398"}],"version-history":[{"count":1,"href":"https:\/\/www.sonoraenequipo.com.mx\/api\/wp\/v2\/posts\/114398\/revisions"}],"predecessor-version":[{"id":114419,"href":"https:\/\/www.sonoraenequipo.com.mx\/api\/wp\/v2\/posts\/114398\/revisions\/114419"}],"wp:featuredmedia":[{"embeddable":true,"href":"https:\/\/www.sonoraenequipo.com.mx\/api\/wp\/v2\/media\/114415"}],"wp:attachment":[{"href":"https:\/\/www.sonoraenequipo.com.mx\/api\/wp\/v2\/media?parent=114398"}],"wp:term":[{"taxonomy":"category","embeddable":true,"href":"https:\/\/www.sonoraenequipo.com.mx\/api\/wp\/v2\/categories?post=114398"},{"taxonomy":"post_tag","embeddable":true,"href":"https:\/\/www.sonoraenequipo.com.mx\/api\/wp\/v2\/tags?post=114398"}],"curies":[{"name":"wp","href":"https:\/\/api.w.org\/{rel}","templated":true}]}}