{"id":114430,"date":"2021-05-20T19:15:58","date_gmt":"2021-05-21T02:15:58","guid":{"rendered":"https:\/\/www.sonoraenequipo.com.mx\/?p=114430"},"modified":"2021-05-20T16:05:31","modified_gmt":"2021-05-20T23:05:31","slug":"arnold-schwarzenegger-protagonizara-su-primera-serie-de-television-para-netflix","status":"publish","type":"post","link":"https:\/\/www.sonoraenequipo.com.mx\/arnold-schwarzenegger-protagonizara-su-primera-serie-de-television-para-netflix\/","title":{"rendered":"Arnold Schwarzenegger protagonizar\u00e1 su primera serie de televisi\u00f3n para Netflix"},"content":{"rendered":"<p>HOLLYWOOD, ESTADOS UNIDOS. \u2014 El astro de Hollywood debutar\u00e1 en la peque\u00f1a pantalla, en lo que al campo de la ficci\u00f3n se refiere, con una serie de \u00abaventuras y espionaje\u00bb de la que, de momento, no ha trascendido su t\u00edtulo.<\/p>\n<p>&nbsp;<\/p>\n<p> <\/p>\n<p>El actor Arnold Schwarzenegger se prepara para realizar un esperado debut televisivo en el campo de la ficci\u00f3n. Sin embargo, la discreci\u00f3n que el int\u00e9rprete ha venido mostrando al respecto no ha impedido que, esta semana, se hayan dado ya a conocer algunos detalles sobre la serie que protagonizar\u00e1 nada menos que para el gigante Netflix.<\/p>\n<p>&nbsp;<\/p>\n<p>La prensa estadounidense asegura que el astro de Hollywood se ha comprometido a grabar un producto que, de momento, tendr\u00e1 una primera temporada compuesta por ocho episodios y de la que a\u00fan no ha trascendido su t\u00edtulo. La serie girar\u00e1 en torno a las \u00abaventuras\u00bb de dos esp\u00edas que, adem\u00e1s de trabajar para la CIA, son padre e hija. La encargada de dar vida a la segunda de las personas mencionadas ser\u00e1 Monica Barbaro, seg\u00fan el portal de noticias Deadline.<\/p>\n<p>&nbsp;<\/p>\n<p>De acuerdo con la escasa informaci\u00f3n que se ha filtrado sobre el proyecto, los personajes principales de la trama no saben que el otro trabaja para la agencia de inteligencia estadounidense, lo que desembocar\u00e1 en hilarantes situaciones que afectar\u00e1n, sin que ellos sean conscientes de lo que ocurre, a su aparentemente apacible vida familiar. Cada cap\u00edtulo tendr\u00e1 una duraci\u00f3n aproximada de una hora y todav\u00eda queda por resolver la inc\u00f3gnita de si se trata de una miniserie o de una historia que podr\u00eda contar con mayor recorrido en la plataforma de streaming.<\/p>\n<p>&nbsp;<\/p>\n<p>&nbsp;<\/p>\n<p>(Publicada el 20\/05\/2021\/RSS)<\/p>\n","protected":false},"excerpt":{"rendered":"<p>HOLLYWOOD, ESTADOS UNIDOS. \u2014 El astro de Hollywood debutar\u00e1 en la peque\u00f1a pantalla, en lo&#8230;<\/p>\n","protected":false},"author":1,"featured_media":114385,"comment_status":"open","ping_status":"open","sticky":false,"template":"","format":"standard","meta":{"_monsterinsights_skip_tracking":false,"_monsterinsights_sitenote_active":false,"_monsterinsights_sitenote_note":"","_monsterinsights_sitenote_category":0,"footnotes":""},"categories":[2987],"tags":[],"class_list":["post"],"yoast_head":" \n<title>Sonora en Equipo. Arnold Schwarzenegger protagonizar\u00e1 su primera serie de televisi\u00f3n para Netflix Showbiz<\/title>\n<meta name=\"description\" content=\"HOLLYWOOD, ESTADOS UNIDOS. \u2014 El astro de Hollywood debutar\u00e1 en la peque\u00f1a pantalla, en lo que al campo de la ficci\u00f3n se refiere, con una serie de En Sonora en Equipo publicamos toda la informaci\u00f3n de Sonora, M\u00e9xico y el Mundo de manera oportuna y busca que la libertad de expresi\u00f3n sea real. Visita nuestro medio informativo publicado desde Hermosillo, Sonora. %\" \/>\n<meta name=\"robots\" content=\"index, follow, max-snippet:-1, max-image-preview:large, max-video-preview:-1\" \/>\n<link rel=\"canonical\" href=\"https:\/\/www.sonoraenequipo.com.mx\/arnold-schwarzenegger-protagonizara-su-primera-serie-de-television-para-netflix\/\" \/>\n<meta property=\"og:locale\" content=\"es_ES\" \/>\n<meta property=\"og:type\" content=\"article\" \/>\n<meta property=\"og:title\" content=\"Sonora en Equipo. Arnold Schwarzenegger protagonizar\u00e1 su primera serie de televisi\u00f3n para Netflix Showbiz\" \/>\n<meta property=\"og:description\" content=\"HOLLYWOOD, ESTADOS UNIDOS. \u2014 El astro de Hollywood debutar\u00e1 en la peque\u00f1a pantalla, en lo que al campo de la ficci\u00f3n se refiere, con una serie de En Sonora en Equipo publicamos toda la informaci\u00f3n de Sonora, M\u00e9xico y el Mundo de manera oportuna y busca que la libertad de expresi\u00f3n sea real. Visita nuestro medio informativo publicado desde Hermosillo, Sonora. %\" \/>\n<meta property=\"og:url\" content=\"https:\/\/www.sonoraenequipo.com.mx\/arnold-schwarzenegger-protagonizara-su-primera-serie-de-television-para-netflix\/\" \/>\n<meta property=\"og:site_name\" content=\"Sonora en Equipo.\" \/>\n<meta property=\"article:publisher\" content=\"https:\/\/www.facebook.com\/SonoraEE\/\" \/>\n<meta property=\"article:author\" content=\"https:\/\/www.facebook.com\/SonoraEE\" \/>\n<meta property=\"article:published_time\" content=\"2021-05-21T02:15:58+00:00\" \/>\n<meta property=\"og:image\" content=\"https:\/\/www.sonoraenequipo.com.mx\/storage\/2021\/05\/arnold-Schwazengger_opt.jpg\" \/>\n\t<meta property=\"og:image:width\" content=\"700\" \/>\n\t<meta property=\"og:image:height\" content=\"400\" \/>\n\t<meta property=\"og:image:type\" content=\"image\/jpeg\" \/>\n<meta name=\"author\" content=\"enequipo\" \/>\n<meta name=\"twitter:card\" content=\"summary_large_image\" \/>\n<meta name=\"twitter:creator\" content=\"@sonoraenequipo\" \/>\n<meta name=\"twitter:site\" content=\"@sonoraenequipo\" \/>\n<meta name=\"twitter:label1\" content=\"Escrito por\" \/>\n\t<meta name=\"twitter:data1\" content=\"enequipo\" \/>\n\t<meta name=\"twitter:label2\" content=\"Tiempo de lectura\" \/>\n\t<meta name=\"twitter:data2\" content=\"2 minutos\" \/>\n<script type=\"application\/ld+json\" class=\"yoast-schema-graph\">{\"@context\":\"https:\/\/schema.org\",\"@graph\":[{\"@type\":\"Article\",\"@id\":\"https:\/\/www.sonoraenequipo.com.mx\/arnold-schwarzenegger-protagonizara-su-primera-serie-de-television-para-netflix\/#article\",\"isPartOf\":{\"@id\":\"https:\/\/www.sonoraenequipo.com.mx\/arnold-schwarzenegger-protagonizara-su-primera-serie-de-television-para-netflix\/\"},\"author\":{\"name\":\"enequipo\",\"@id\":\"https:\/\/www.sonoraenequipo.com.mx\/#\/schema\/person\/50102df0fb23a8fa9e8effad8fa81386\"},\"headline\":\"Arnold Schwarzenegger protagonizar\u00e1 su primera serie de televisi\u00f3n para Netflix\",\"datePublished\":\"2021-05-21T02:15:58+00:00\",\"mainEntityOfPage\":{\"@id\":\"https:\/\/www.sonoraenequipo.com.mx\/arnold-schwarzenegger-protagonizara-su-primera-serie-de-television-para-netflix\/\"},\"wordCount\":304,\"commentCount\":0,\"publisher\":{\"@id\":\"https:\/\/www.sonoraenequipo.com.mx\/#organization\"},\"image\":{\"@id\":\"https:\/\/www.sonoraenequipo.com.mx\/arnold-schwarzenegger-protagonizara-su-primera-serie-de-television-para-netflix\/#primaryimage\"},\"thumbnailUrl\":\"https:\/\/www.sonoraenequipo.com.mx\/storage\/2021\/05\/arnold-Schwazengger_opt.jpg\",\"articleSection\":[\"Showbiz\"],\"inLanguage\":\"es\",\"potentialAction\":[{\"@type\":\"CommentAction\",\"name\":\"Comment\",\"target\":[\"https:\/\/www.sonoraenequipo.com.mx\/arnold-schwarzenegger-protagonizara-su-primera-serie-de-television-para-netflix\/#respond\"]}]},{\"@type\":\"WebPage\",\"@id\":\"https:\/\/www.sonoraenequipo.com.mx\/arnold-schwarzenegger-protagonizara-su-primera-serie-de-television-para-netflix\/\",\"url\":\"https:\/\/www.sonoraenequipo.com.mx\/arnold-schwarzenegger-protagonizara-su-primera-serie-de-television-para-netflix\/\",\"name\":\"Sonora en Equipo. Arnold Schwarzenegger protagonizar\u00e1 su primera serie de televisi\u00f3n para Netflix Showbiz\",\"isPartOf\":{\"@id\":\"https:\/\/www.sonoraenequipo.com.mx\/#website\"},\"primaryImageOfPage\":{\"@id\":\"https:\/\/www.sonoraenequipo.com.mx\/arnold-schwarzenegger-protagonizara-su-primera-serie-de-television-para-netflix\/#primaryimage\"},\"image\":{\"@id\":\"https:\/\/www.sonoraenequipo.com.mx\/arnold-schwarzenegger-protagonizara-su-primera-serie-de-television-para-netflix\/#primaryimage\"},\"thumbnailUrl\":\"https:\/\/www.sonoraenequipo.com.mx\/storage\/2021\/05\/arnold-Schwazengger_opt.jpg\",\"datePublished\":\"2021-05-21T02:15:58+00:00\",\"description\":\"HOLLYWOOD, ESTADOS UNIDOS. \u2014 El astro de Hollywood debutar\u00e1 en la peque\u00f1a pantalla, en lo que al campo de la ficci\u00f3n se refiere, con una serie de En Sonora en Equipo publicamos toda la informaci\u00f3n de Sonora, M\u00e9xico y el Mundo de manera oportuna y busca que la libertad de expresi\u00f3n sea real. Visita nuestro medio informativo publicado desde Hermosillo, Sonora. %\",\"breadcrumb\":{\"@id\":\"https:\/\/www.sonoraenequipo.com.mx\/arnold-schwarzenegger-protagonizara-su-primera-serie-de-television-para-netflix\/#breadcrumb\"},\"inLanguage\":\"es\",\"potentialAction\":[{\"@type\":\"ReadAction\",\"target\":[\"https:\/\/www.sonoraenequipo.com.mx\/arnold-schwarzenegger-protagonizara-su-primera-serie-de-television-para-netflix\/\"]}]},{\"@type\":\"ImageObject\",\"inLanguage\":\"es\",\"@id\":\"https:\/\/www.sonoraenequipo.com.mx\/arnold-schwarzenegger-protagonizara-su-primera-serie-de-television-para-netflix\/#primaryimage\",\"url\":\"https:\/\/www.sonoraenequipo.com.mx\/storage\/2021\/05\/arnold-Schwazengger_opt.jpg\",\"contentUrl\":\"https:\/\/www.sonoraenequipo.com.mx\/storage\/2021\/05\/arnold-Schwazengger_opt.jpg\",\"width\":700,\"height\":400},{\"@type\":\"BreadcrumbList\",\"@id\":\"https:\/\/www.sonoraenequipo.com.mx\/arnold-schwarzenegger-protagonizara-su-primera-serie-de-television-para-netflix\/#breadcrumb\",\"itemListElement\":[{\"@type\":\"ListItem\",\"position\":1,\"name\":\"Portada\",\"item\":\"https:\/\/www.sonoraenequipo.com.mx\/\"},{\"@type\":\"ListItem\",\"position\":2,\"name\":\"Arnold Schwarzenegger protagonizar\u00e1 su primera serie de televisi\u00f3n para Netflix\"}]},{\"@type\":\"WebSite\",\"@id\":\"https:\/\/www.sonoraenequipo.com.mx\/#website\",\"url\":\"https:\/\/www.sonoraenequipo.com.mx\/\",\"name\":\"Sonora en Equipo.\",\"description\":\"Diario en l\u00ednea con Noticias desde Hermosillo, Sonora\",\"publisher\":{\"@id\":\"https:\/\/www.sonoraenequipo.com.mx\/#organization\"},\"potentialAction\":[{\"@type\":\"SearchAction\",\"target\":{\"@type\":\"EntryPoint\",\"urlTemplate\":\"https:\/\/www.sonoraenequipo.com.mx\/?s={search_term_string}\"},\"query-input\":{\"@type\":\"PropertyValueSpecification\",\"valueRequired\":true,\"valueName\":\"search_term_string\"}}],\"inLanguage\":\"es\"},{\"@type\":\"Organization\",\"@id\":\"https:\/\/www.sonoraenequipo.com.mx\/#organization\",\"name\":\"Sonoraenequipo.com.mx\",\"url\":\"https:\/\/www.sonoraenequipo.com.mx\/\",\"logo\":{\"@type\":\"ImageObject\",\"inLanguage\":\"es\",\"@id\":\"https:\/\/www.sonoraenequipo.com.mx\/#\/schema\/logo\/image\/\",\"url\":\"https:\/\/www.sonoraenequipo.com.mx\/storage\/2019\/01\/sonoraenequipo_opt.png\",\"contentUrl\":\"https:\/\/www.sonoraenequipo.com.mx\/storage\/2019\/01\/sonoraenequipo_opt.png\",\"width\":375,\"height\":125,\"caption\":\"Sonoraenequipo.com.mx\"},\"image\":{\"@id\":\"https:\/\/www.sonoraenequipo.com.mx\/#\/schema\/logo\/image\/\"},\"sameAs\":[\"https:\/\/www.facebook.com\/SonoraEE\/\",\"https:\/\/x.com\/sonoraenequipo\",\"https:\/\/www.youtube.com\/channel\/UC338nW-lPEYmJQs4ZABQ1SQ\"]},{\"@type\":\"Person\",\"@id\":\"https:\/\/www.sonoraenequipo.com.mx\/#\/schema\/person\/50102df0fb23a8fa9e8effad8fa81386\",\"name\":\"enequipo\",\"image\":{\"@type\":\"ImageObject\",\"inLanguage\":\"es\",\"@id\":\"https:\/\/www.sonoraenequipo.com.mx\/#\/schema\/person\/image\/\",\"url\":\"https:\/\/secure.gravatar.com\/avatar\/049821681b589dabc0bc20695993ccebb09f5b5d4d790cd9251b97faac7c652b?s=96&d=blank&r=g\",\"contentUrl\":\"https:\/\/secure.gravatar.com\/avatar\/049821681b589dabc0bc20695993ccebb09f5b5d4d790cd9251b97faac7c652b?s=96&d=blank&r=g\",\"caption\":\"enequipo\"},\"sameAs\":[\"https:\/\/www.facebook.com\/SonoraEE\"]}]}<\/script>\n ","yoast_head_json":{"title":"Sonora en Equipo. Arnold Schwarzenegger protagonizar\u00e1 su primera serie de televisi\u00f3n para Netflix Showbiz","description":"HOLLYWOOD, ESTADOS UNIDOS. \u2014 El astro de Hollywood debutar\u00e1 en la peque\u00f1a pantalla, en lo que al campo de la ficci\u00f3n se refiere, con una serie de En Sonora en Equipo publicamos toda la informaci\u00f3n de Sonora, M\u00e9xico y el Mundo de manera oportuna y busca que la libertad de expresi\u00f3n sea real. Visita nuestro medio informativo publicado desde Hermosillo, Sonora. %","robots":{"index":"index","follow":"follow","max-snippet":"max-snippet:-1","max-image-preview":"max-image-preview:large","max-video-preview":"max-video-preview:-1"},"canonical":"https:\/\/www.sonoraenequipo.com.mx\/arnold-schwarzenegger-protagonizara-su-primera-serie-de-television-para-netflix\/","og_locale":"es_ES","og_type":"article","og_title":"Sonora en Equipo. Arnold Schwarzenegger protagonizar\u00e1 su primera serie de televisi\u00f3n para Netflix Showbiz","og_description":"HOLLYWOOD, ESTADOS UNIDOS. \u2014 El astro de Hollywood debutar\u00e1 en la peque\u00f1a pantalla, en lo que al campo de la ficci\u00f3n se refiere, con una serie de En Sonora en Equipo publicamos toda la informaci\u00f3n de Sonora, M\u00e9xico y el Mundo de manera oportuna y busca que la libertad de expresi\u00f3n sea real. Visita nuestro medio informativo publicado desde Hermosillo, Sonora. %","og_url":"https:\/\/www.sonoraenequipo.com.mx\/arnold-schwarzenegger-protagonizara-su-primera-serie-de-television-para-netflix\/","og_site_name":"Sonora en Equipo.","article_publisher":"https:\/\/www.facebook.com\/SonoraEE\/","article_author":"https:\/\/www.facebook.com\/SonoraEE","article_published_time":"2021-05-21T02:15:58+00:00","og_image":[{"width":700,"height":400,"url":"https:\/\/www.sonoraenequipo.com.mx\/storage\/2021\/05\/arnold-Schwazengger_opt.jpg","type":"image\/jpeg"}],"author":"enequipo","twitter_card":"summary_large_image","twitter_creator":"@sonoraenequipo","twitter_site":"@sonoraenequipo","twitter_misc":{"Escrito por":"enequipo","Tiempo de lectura":"2 minutos"},"schema":{"@context":"https:\/\/schema.org","@graph":[{"@type":"Article","@id":"https:\/\/www.sonoraenequipo.com.mx\/arnold-schwarzenegger-protagonizara-su-primera-serie-de-television-para-netflix\/#article","isPartOf":{"@id":"https:\/\/www.sonoraenequipo.com.mx\/arnold-schwarzenegger-protagonizara-su-primera-serie-de-television-para-netflix\/"},"author":{"name":"enequipo","@id":"https:\/\/www.sonoraenequipo.com.mx\/#\/schema\/person\/50102df0fb23a8fa9e8effad8fa81386"},"headline":"Arnold Schwarzenegger protagonizar\u00e1 su primera serie de televisi\u00f3n para Netflix","datePublished":"2021-05-21T02:15:58+00:00","mainEntityOfPage":{"@id":"https:\/\/www.sonoraenequipo.com.mx\/arnold-schwarzenegger-protagonizara-su-primera-serie-de-television-para-netflix\/"},"wordCount":304,"commentCount":0,"publisher":{"@id":"https:\/\/www.sonoraenequipo.com.mx\/#organization"},"image":{"@id":"https:\/\/www.sonoraenequipo.com.mx\/arnold-schwarzenegger-protagonizara-su-primera-serie-de-television-para-netflix\/#primaryimage"},"thumbnailUrl":"https:\/\/www.sonoraenequipo.com.mx\/storage\/2021\/05\/arnold-Schwazengger_opt.jpg","articleSection":["Showbiz"],"inLanguage":"es","potentialAction":[{"@type":"CommentAction","name":"Comment","target":["https:\/\/www.sonoraenequipo.com.mx\/arnold-schwarzenegger-protagonizara-su-primera-serie-de-television-para-netflix\/#respond"]}]},{"@type":"WebPage","@id":"https:\/\/www.sonoraenequipo.com.mx\/arnold-schwarzenegger-protagonizara-su-primera-serie-de-television-para-netflix\/","url":"https:\/\/www.sonoraenequipo.com.mx\/arnold-schwarzenegger-protagonizara-su-primera-serie-de-television-para-netflix\/","name":"Sonora en Equipo. Arnold Schwarzenegger protagonizar\u00e1 su primera serie de televisi\u00f3n para Netflix Showbiz","isPartOf":{"@id":"https:\/\/www.sonoraenequipo.com.mx\/#website"},"primaryImageOfPage":{"@id":"https:\/\/www.sonoraenequipo.com.mx\/arnold-schwarzenegger-protagonizara-su-primera-serie-de-television-para-netflix\/#primaryimage"},"image":{"@id":"https:\/\/www.sonoraenequipo.com.mx\/arnold-schwarzenegger-protagonizara-su-primera-serie-de-television-para-netflix\/#primaryimage"},"thumbnailUrl":"https:\/\/www.sonoraenequipo.com.mx\/storage\/2021\/05\/arnold-Schwazengger_opt.jpg","datePublished":"2021-05-21T02:15:58+00:00","description":"HOLLYWOOD, ESTADOS UNIDOS. \u2014 El astro de Hollywood debutar\u00e1 en la peque\u00f1a pantalla, en lo que al campo de la ficci\u00f3n se refiere, con una serie de En Sonora en Equipo publicamos toda la informaci\u00f3n de Sonora, M\u00e9xico y el Mundo de manera oportuna y busca que la libertad de expresi\u00f3n sea real. Visita nuestro medio informativo publicado desde Hermosillo, Sonora. %","breadcrumb":{"@id":"https:\/\/www.sonoraenequipo.com.mx\/arnold-schwarzenegger-protagonizara-su-primera-serie-de-television-para-netflix\/#breadcrumb"},"inLanguage":"es","potentialAction":[{"@type":"ReadAction","target":["https:\/\/www.sonoraenequipo.com.mx\/arnold-schwarzenegger-protagonizara-su-primera-serie-de-television-para-netflix\/"]}]},{"@type":"ImageObject","inLanguage":"es","@id":"https:\/\/www.sonoraenequipo.com.mx\/arnold-schwarzenegger-protagonizara-su-primera-serie-de-television-para-netflix\/#primaryimage","url":"https:\/\/www.sonoraenequipo.com.mx\/storage\/2021\/05\/arnold-Schwazengger_opt.jpg","contentUrl":"https:\/\/www.sonoraenequipo.com.mx\/storage\/2021\/05\/arnold-Schwazengger_opt.jpg","width":700,"height":400},{"@type":"BreadcrumbList","@id":"https:\/\/www.sonoraenequipo.com.mx\/arnold-schwarzenegger-protagonizara-su-primera-serie-de-television-para-netflix\/#breadcrumb","itemListElement":[{"@type":"ListItem","position":1,"name":"Portada","item":"https:\/\/www.sonoraenequipo.com.mx\/"},{"@type":"ListItem","position":2,"name":"Arnold Schwarzenegger protagonizar\u00e1 su primera serie de televisi\u00f3n para Netflix"}]},{"@type":"WebSite","@id":"https:\/\/www.sonoraenequipo.com.mx\/#website","url":"https:\/\/www.sonoraenequipo.com.mx\/","name":"Sonora en Equipo.","description":"Diario en l\u00ednea con Noticias desde Hermosillo, Sonora","publisher":{"@id":"https:\/\/www.sonoraenequipo.com.mx\/#organization"},"potentialAction":[{"@type":"SearchAction","target":{"@type":"EntryPoint","urlTemplate":"https:\/\/www.sonoraenequipo.com.mx\/?s={search_term_string}"},"query-input":{"@type":"PropertyValueSpecification","valueRequired":true,"valueName":"search_term_string"}}],"inLanguage":"es"},{"@type":"Organization","@id":"https:\/\/www.sonoraenequipo.com.mx\/#organization","name":"Sonoraenequipo.com.mx","url":"https:\/\/www.sonoraenequipo.com.mx\/","logo":{"@type":"ImageObject","inLanguage":"es","@id":"https:\/\/www.sonoraenequipo.com.mx\/#\/schema\/logo\/image\/","url":"https:\/\/www.sonoraenequipo.com.mx\/storage\/2019\/01\/sonoraenequipo_opt.png","contentUrl":"https:\/\/www.sonoraenequipo.com.mx\/storage\/2019\/01\/sonoraenequipo_opt.png","width":375,"height":125,"caption":"Sonoraenequipo.com.mx"},"image":{"@id":"https:\/\/www.sonoraenequipo.com.mx\/#\/schema\/logo\/image\/"},"sameAs":["https:\/\/www.facebook.com\/SonoraEE\/","https:\/\/x.com\/sonoraenequipo","https:\/\/www.youtube.com\/channel\/UC338nW-lPEYmJQs4ZABQ1SQ"]},{"@type":"Person","@id":"https:\/\/www.sonoraenequipo.com.mx\/#\/schema\/person\/50102df0fb23a8fa9e8effad8fa81386","name":"enequipo","image":{"@type":"ImageObject","inLanguage":"es","@id":"https:\/\/www.sonoraenequipo.com.mx\/#\/schema\/person\/image\/","url":"https:\/\/secure.gravatar.com\/avatar\/049821681b589dabc0bc20695993ccebb09f5b5d4d790cd9251b97faac7c652b?s=96&d=blank&r=g","contentUrl":"https:\/\/secure.gravatar.com\/avatar\/049821681b589dabc0bc20695993ccebb09f5b5d4d790cd9251b97faac7c652b?s=96&d=blank&r=g","caption":"enequipo"},"sameAs":["https:\/\/www.facebook.com\/SonoraEE"]}]}},"jetpack_featured_media_url":"https:\/\/www.sonoraenequipo.com.mx\/storage\/2021\/05\/arnold-Schwazengger_opt.jpg","_links":{"self":[{"href":"https:\/\/www.sonoraenequipo.com.mx\/api\/wp\/v2\/posts\/114430","targetHints":{"allow":["GET"]}}],"collection":[{"href":"https:\/\/www.sonoraenequipo.com.mx\/api\/wp\/v2\/posts"}],"about":[{"href":"https:\/\/www.sonoraenequipo.com.mx\/api\/wp\/v2\/types\/post"}],"author":[{"embeddable":true,"href":"https:\/\/www.sonoraenequipo.com.mx\/api\/wp\/v2\/users\/1"}],"replies":[{"embeddable":true,"href":"https:\/\/www.sonoraenequipo.com.mx\/api\/wp\/v2\/comments?post=114430"}],"version-history":[{"count":1,"href":"https:\/\/www.sonoraenequipo.com.mx\/api\/wp\/v2\/posts\/114430\/revisions"}],"predecessor-version":[{"id":114431,"href":"https:\/\/www.sonoraenequipo.com.mx\/api\/wp\/v2\/posts\/114430\/revisions\/114431"}],"wp:featuredmedia":[{"embeddable":true,"href":"https:\/\/www.sonoraenequipo.com.mx\/api\/wp\/v2\/media\/114385"}],"wp:attachment":[{"href":"https:\/\/www.sonoraenequipo.com.mx\/api\/wp\/v2\/media?parent=114430"}],"wp:term":[{"taxonomy":"category","embeddable":true,"href":"https:\/\/www.sonoraenequipo.com.mx\/api\/wp\/v2\/categories?post=114430"},{"taxonomy":"post_tag","embeddable":true,"href":"https:\/\/www.sonoraenequipo.com.mx\/api\/wp\/v2\/tags?post=114430"}],"curies":[{"name":"wp","href":"https:\/\/api.w.org\/{rel}","templated":true}]}}