{"id":114437,"date":"2021-05-20T17:00:35","date_gmt":"2021-05-21T00:00:35","guid":{"rendered":"https:\/\/www.sonoraenequipo.com.mx\/?p=114437"},"modified":"2021-05-20T16:30:53","modified_gmt":"2021-05-20T23:30:53","slug":"familia-de-cabeza-de-vaca-en-lista-de-investigaciones-de-fbi-amlo","status":"publish","type":"post","link":"https:\/\/www.sonoraenequipo.com.mx\/familia-de-cabeza-de-vaca-en-lista-de-investigaciones-de-fbi-amlo\/","title":{"rendered":"Familia de Cabeza de Vaca, en lista de investigaciones de FBI: AMLO"},"content":{"rendered":"<p>REYNOSA, TAMAULIPAS. MX.\u2014 En el oficio que el Departamento de Justicia de Estados Unidos envi\u00f3 a la Unidad de Inteligencia Financiera (UIF) en el que solicita informaci\u00f3n sobre el gobernador de Tamaulipas, Francisco Javier Cabeza de Vaca y que esta ma\u00f1ana exhibi\u00f3 el presidente Andr\u00e9s Manuel L\u00f3pez Obrador se encuentran familiares del mandatario local, personas f\u00edsicas, y empresas, como parte de la presunta red lavado de dinero que investiga el FBI.<\/p>\n<p>&nbsp;<\/p>\n<p> <\/p>\n<p>&nbsp;<\/p>\n<p>Entre los familiares de Cabeza de Vaca est\u00e1 su esposa Mariana G\u00f3mez Leal; sus hermanos Ismael y Jos\u00e9 Manuel; su mam\u00e1 Mar\u00eda de Lourdes Cabeza de Vaca Wattenbarger; as\u00ed como su suegro Jos\u00e9 Ram\u00f3n G\u00f3mez Res\u00e9ndez y su primo Jos\u00e9 Ram\u00f3n Cabeza de Vaca Castillo.<\/p>\n<p>&nbsp;<\/p>\n<p>&nbsp;<\/p>\n<p>Tambi\u00e9n se enlistan un total de 18 empresas involucradas presuntamente en lavado internacional de activos de los que el gobierno de Estados Unidos pidi\u00f3 informaci\u00f3n a la UIF y que fue difundida por el presidente L\u00f3pez Obrador.<\/p>\n<p>&nbsp;<\/p>\n<p><strong>1.- Alfonso Pasqual M\u00e9ndez.<\/strong><\/p>\n<p><strong>2.- Aval\u00faos y Peritajes del Sur SA de CV.<\/strong><\/p>\n<p><strong>3.- Bernardo Pasqual M\u00e9ndez.<\/strong><\/p>\n<p><strong>4.- Baltazar Higinio Res\u00e9ndiz Cant\u00fa.<\/strong><\/p>\n<p><strong>5.- Barca de Reynosa SA de CV.<\/strong><\/p>\n<p><strong>6.- British English Olympics SA de CV.<\/strong><\/p>\n<p><strong>7.- Bufete Jur\u00eddico Goat and Smith SC.<\/strong><\/p>\n<p><strong>8.- Comercializadora Bosque Alto SA de CV.<\/strong><\/p>\n<p><strong>9.- Comercializadora Nacional de Proveedores Lexeur.<\/strong><\/p>\n<p><strong>10.- Construcciones y Mantenimiento Roca SA de CV.<\/strong><\/p>\n<p><strong>11.- Desarrolladora y Constructora CDEV SA de CV.<\/strong><\/p>\n<p><strong>12.- Desarrollos Renovables Enerxiza SA de CV.<\/strong><\/p>\n<p><strong>13.- Desarrolladora Cava SA de CV.<\/strong><\/p>\n<p><strong>14.- Flunky y SA de CV.<\/strong><\/p>\n<p><strong>15.- Francisco Javier Garc\u00eda Cabeza de Vaca.<\/strong><\/p>\n<p><strong>16.- Gerardo Pasquel M\u00e9ndez.<\/strong><\/p>\n<p><strong>17.- Grupo Tramitador y Asesor\u00eda Legal SA de CV.<\/strong><\/p>\n<p><strong>18.- Horizonte Vertical CO SA de CV.<\/strong><\/p>\n<p><strong>19.- Hel\u00fa Garc\u00eda Juan.<\/strong><\/p>\n<p><strong>20.- Impulsos y desarrollos GBO SOFOM ENR.<\/strong><\/p>\n<p><strong>21.- Inmobiliaria Asturias Inlas SA de CV.<\/strong><\/p>\n<p><strong>22.- Inmobiliaria RC de Tamaulipas SA de CV.<\/strong><\/p>\n<p><strong>23.- Ismael Garc\u00eda Cabeza de Vaca.<\/strong><\/p>\n<p><strong>24.- Jos\u00e9 Ram\u00f3n Cabeza de Vaca Castillo.<\/strong><\/p>\n<p><strong>25.- Jos\u00e9 Ram\u00f3n G\u00f3mez Resendiz.<\/strong><\/p>\n<p><strong>26.- Juan Francisco Tamez Arellano.<\/strong><\/p>\n<p><strong>27.- Ladislao V\u00e1zquez L\u00f3pez.<\/strong><\/p>\n<p><strong>28.- Leticia Rodr\u00edguez Villarreal.<\/strong><\/p>\n<p><strong>29.- Manuel Garza Espinosa.<\/strong><\/p>\n<p>&nbsp;<\/p>\n<p><strong>30.- Marbole SA de CV.<\/strong><\/p>\n<p><strong>31.- Mar\u00eda de Lourdes Cabeza de Vaca Wattembarger.<\/strong><\/p>\n<p><strong>32.- Mariana G\u00f3mez Leal.<\/strong><\/p>\n<p><strong>33.- Perforaciones y Remodelaciones Entransito SA de CV.<\/strong><\/p>\n<p>&nbsp;<\/p>\n<p>Ayer mi\u00e9rcoles en su cuenta de Twitter, el titular de la UIF, Santiago Nieto, inform\u00f3 que hab\u00eda ordenado el congelamiento de cuentas de 12 personas f\u00edsicas y 25 jur\u00eddicas, presuntas integrantes de la red de Cabeza de Vaca por presuntas operaciones con recursos de procedencia il\u00edcita.<\/p>\n<p>&nbsp;<\/p>\n<p><em>\u00abHe ordenado el congelamiento de cuentas de la red de Francisco &#8216;G&#8217; por presuntas operaciones con recursos de procedencia il\u00edcita. 12 personas f\u00edsicas y 25 jur\u00eddicas. Cero tolerancia a la corrupci\u00f3n y a la impunidad, sobre todo a quienes se cre\u00edan intocables. Continuaremos las investigaciones para determinar si de la red de Francisco \u2018G\u2019 o del gobierno de Tamaulipas se financiaron de forma il\u00edcita campa\u00f1as electorales. En su caso, presentaremos las denuncias\u00bb,<\/em> escribi\u00f3.<\/p>\n<p>&nbsp;<\/p>\n<p>&nbsp;<\/p>\n<p>(Publicada el 20\/05\/2021)<\/p>\n","protected":false},"excerpt":{"rendered":"<p>REYNOSA, TAMAULIPAS. MX.\u2014 En el oficio que el Departamento de Justicia de Estados Unidos envi\u00f3&#8230;<\/p>\n","protected":false},"author":1,"featured_media":114438,"comment_status":"open","ping_status":"open","sticky":false,"template":"","format":"standard","meta":{"_monsterinsights_skip_tracking":false,"_monsterinsights_sitenote_active":false,"_monsterinsights_sitenote_note":"","_monsterinsights_sitenote_category":0,"footnotes":""},"categories":[5],"tags":[],"class_list":["post"],"yoast_head":" \n<title>Sonora en Equipo. Familia de Cabeza de Vaca, en lista de investigaciones de FBI: AMLO Rep\u00fablica<\/title>\n<meta name=\"description\" content=\"REYNOSA, TAMAULIPAS. MX.\u2014 En el oficio que el Departamento de Justicia de Estados Unidos envi\u00f3 a la Unidad de Inteligencia Financiera (UIF) en el que En Sonora en Equipo publicamos toda la informaci\u00f3n de Sonora, M\u00e9xico y el Mundo de manera oportuna y busca que la libertad de expresi\u00f3n sea real. Visita nuestro medio informativo publicado desde Hermosillo, Sonora. %\" \/>\n<meta name=\"robots\" content=\"index, follow, max-snippet:-1, max-image-preview:large, max-video-preview:-1\" \/>\n<link rel=\"canonical\" href=\"https:\/\/www.sonoraenequipo.com.mx\/familia-de-cabeza-de-vaca-en-lista-de-investigaciones-de-fbi-amlo\/\" \/>\n<meta property=\"og:locale\" content=\"es_ES\" \/>\n<meta property=\"og:type\" content=\"article\" \/>\n<meta property=\"og:title\" content=\"Sonora en Equipo. Familia de Cabeza de Vaca, en lista de investigaciones de FBI: AMLO Rep\u00fablica\" \/>\n<meta property=\"og:description\" content=\"REYNOSA, TAMAULIPAS. MX.\u2014 En el oficio que el Departamento de Justicia de Estados Unidos envi\u00f3 a la Unidad de Inteligencia Financiera (UIF) en el que En Sonora en Equipo publicamos toda la informaci\u00f3n de Sonora, M\u00e9xico y el Mundo de manera oportuna y busca que la libertad de expresi\u00f3n sea real. Visita nuestro medio informativo publicado desde Hermosillo, Sonora. %\" \/>\n<meta property=\"og:url\" content=\"https:\/\/www.sonoraenequipo.com.mx\/familia-de-cabeza-de-vaca-en-lista-de-investigaciones-de-fbi-amlo\/\" \/>\n<meta property=\"og:site_name\" content=\"Sonora en Equipo.\" \/>\n<meta property=\"article:publisher\" content=\"https:\/\/www.facebook.com\/SonoraEE\/\" \/>\n<meta property=\"article:author\" content=\"https:\/\/www.facebook.com\/SonoraEE\" \/>\n<meta property=\"article:published_time\" content=\"2021-05-21T00:00:35+00:00\" \/>\n<meta property=\"og:image\" content=\"https:\/\/www.sonoraenequipo.com.mx\/storage\/2021\/05\/FBI-tambien-investiga-a-familia-de-Garcia-Cabeza_opt.jpg\" \/>\n\t<meta property=\"og:image:width\" content=\"700\" \/>\n\t<meta property=\"og:image:height\" content=\"400\" \/>\n\t<meta property=\"og:image:type\" content=\"image\/jpeg\" \/>\n<meta name=\"author\" content=\"enequipo\" \/>\n<meta name=\"twitter:card\" content=\"summary_large_image\" \/>\n<meta name=\"twitter:creator\" content=\"@sonoraenequipo\" \/>\n<meta name=\"twitter:site\" content=\"@sonoraenequipo\" \/>\n<meta name=\"twitter:label1\" content=\"Escrito por\" \/>\n\t<meta name=\"twitter:data1\" content=\"enequipo\" \/>\n\t<meta name=\"twitter:label2\" content=\"Tiempo de lectura\" \/>\n\t<meta name=\"twitter:data2\" content=\"3 minutos\" \/>\n<script type=\"application\/ld+json\" class=\"yoast-schema-graph\">{\"@context\":\"https:\/\/schema.org\",\"@graph\":[{\"@type\":\"Article\",\"@id\":\"https:\/\/www.sonoraenequipo.com.mx\/familia-de-cabeza-de-vaca-en-lista-de-investigaciones-de-fbi-amlo\/#article\",\"isPartOf\":{\"@id\":\"https:\/\/www.sonoraenequipo.com.mx\/familia-de-cabeza-de-vaca-en-lista-de-investigaciones-de-fbi-amlo\/\"},\"author\":{\"name\":\"enequipo\",\"@id\":\"https:\/\/www.sonoraenequipo.com.mx\/#\/schema\/person\/50102df0fb23a8fa9e8effad8fa81386\"},\"headline\":\"Familia de Cabeza de Vaca, en lista de investigaciones de FBI: AMLO\",\"datePublished\":\"2021-05-21T00:00:35+00:00\",\"mainEntityOfPage\":{\"@id\":\"https:\/\/www.sonoraenequipo.com.mx\/familia-de-cabeza-de-vaca-en-lista-de-investigaciones-de-fbi-amlo\/\"},\"wordCount\":539,\"commentCount\":0,\"publisher\":{\"@id\":\"https:\/\/www.sonoraenequipo.com.mx\/#organization\"},\"image\":{\"@id\":\"https:\/\/www.sonoraenequipo.com.mx\/familia-de-cabeza-de-vaca-en-lista-de-investigaciones-de-fbi-amlo\/#primaryimage\"},\"thumbnailUrl\":\"https:\/\/www.sonoraenequipo.com.mx\/storage\/2021\/05\/FBI-tambien-investiga-a-familia-de-Garcia-Cabeza_opt.jpg\",\"articleSection\":[\"Rep\u00fablica\"],\"inLanguage\":\"es\",\"potentialAction\":[{\"@type\":\"CommentAction\",\"name\":\"Comment\",\"target\":[\"https:\/\/www.sonoraenequipo.com.mx\/familia-de-cabeza-de-vaca-en-lista-de-investigaciones-de-fbi-amlo\/#respond\"]}]},{\"@type\":\"WebPage\",\"@id\":\"https:\/\/www.sonoraenequipo.com.mx\/familia-de-cabeza-de-vaca-en-lista-de-investigaciones-de-fbi-amlo\/\",\"url\":\"https:\/\/www.sonoraenequipo.com.mx\/familia-de-cabeza-de-vaca-en-lista-de-investigaciones-de-fbi-amlo\/\",\"name\":\"Sonora en Equipo. Familia de Cabeza de Vaca, en lista de investigaciones de FBI: AMLO Rep\u00fablica\",\"isPartOf\":{\"@id\":\"https:\/\/www.sonoraenequipo.com.mx\/#website\"},\"primaryImageOfPage\":{\"@id\":\"https:\/\/www.sonoraenequipo.com.mx\/familia-de-cabeza-de-vaca-en-lista-de-investigaciones-de-fbi-amlo\/#primaryimage\"},\"image\":{\"@id\":\"https:\/\/www.sonoraenequipo.com.mx\/familia-de-cabeza-de-vaca-en-lista-de-investigaciones-de-fbi-amlo\/#primaryimage\"},\"thumbnailUrl\":\"https:\/\/www.sonoraenequipo.com.mx\/storage\/2021\/05\/FBI-tambien-investiga-a-familia-de-Garcia-Cabeza_opt.jpg\",\"datePublished\":\"2021-05-21T00:00:35+00:00\",\"description\":\"REYNOSA, TAMAULIPAS. MX.\u2014 En el oficio que el Departamento de Justicia de Estados Unidos envi\u00f3 a la Unidad de Inteligencia Financiera (UIF) en el que En Sonora en Equipo publicamos toda la informaci\u00f3n de Sonora, M\u00e9xico y el Mundo de manera oportuna y busca que la libertad de expresi\u00f3n sea real. Visita nuestro medio informativo publicado desde Hermosillo, Sonora. %\",\"breadcrumb\":{\"@id\":\"https:\/\/www.sonoraenequipo.com.mx\/familia-de-cabeza-de-vaca-en-lista-de-investigaciones-de-fbi-amlo\/#breadcrumb\"},\"inLanguage\":\"es\",\"potentialAction\":[{\"@type\":\"ReadAction\",\"target\":[\"https:\/\/www.sonoraenequipo.com.mx\/familia-de-cabeza-de-vaca-en-lista-de-investigaciones-de-fbi-amlo\/\"]}]},{\"@type\":\"ImageObject\",\"inLanguage\":\"es\",\"@id\":\"https:\/\/www.sonoraenequipo.com.mx\/familia-de-cabeza-de-vaca-en-lista-de-investigaciones-de-fbi-amlo\/#primaryimage\",\"url\":\"https:\/\/www.sonoraenequipo.com.mx\/storage\/2021\/05\/FBI-tambien-investiga-a-familia-de-Garcia-Cabeza_opt.jpg\",\"contentUrl\":\"https:\/\/www.sonoraenequipo.com.mx\/storage\/2021\/05\/FBI-tambien-investiga-a-familia-de-Garcia-Cabeza_opt.jpg\",\"width\":700,\"height\":400},{\"@type\":\"BreadcrumbList\",\"@id\":\"https:\/\/www.sonoraenequipo.com.mx\/familia-de-cabeza-de-vaca-en-lista-de-investigaciones-de-fbi-amlo\/#breadcrumb\",\"itemListElement\":[{\"@type\":\"ListItem\",\"position\":1,\"name\":\"Portada\",\"item\":\"https:\/\/www.sonoraenequipo.com.mx\/\"},{\"@type\":\"ListItem\",\"position\":2,\"name\":\"Familia de Cabeza de Vaca, en lista de investigaciones de FBI: AMLO\"}]},{\"@type\":\"WebSite\",\"@id\":\"https:\/\/www.sonoraenequipo.com.mx\/#website\",\"url\":\"https:\/\/www.sonoraenequipo.com.mx\/\",\"name\":\"Sonora en Equipo.\",\"description\":\"Diario en l\u00ednea con Noticias desde Hermosillo, Sonora\",\"publisher\":{\"@id\":\"https:\/\/www.sonoraenequipo.com.mx\/#organization\"},\"potentialAction\":[{\"@type\":\"SearchAction\",\"target\":{\"@type\":\"EntryPoint\",\"urlTemplate\":\"https:\/\/www.sonoraenequipo.com.mx\/?s={search_term_string}\"},\"query-input\":{\"@type\":\"PropertyValueSpecification\",\"valueRequired\":true,\"valueName\":\"search_term_string\"}}],\"inLanguage\":\"es\"},{\"@type\":\"Organization\",\"@id\":\"https:\/\/www.sonoraenequipo.com.mx\/#organization\",\"name\":\"Sonoraenequipo.com.mx\",\"url\":\"https:\/\/www.sonoraenequipo.com.mx\/\",\"logo\":{\"@type\":\"ImageObject\",\"inLanguage\":\"es\",\"@id\":\"https:\/\/www.sonoraenequipo.com.mx\/#\/schema\/logo\/image\/\",\"url\":\"https:\/\/www.sonoraenequipo.com.mx\/storage\/2019\/01\/sonoraenequipo_opt.png\",\"contentUrl\":\"https:\/\/www.sonoraenequipo.com.mx\/storage\/2019\/01\/sonoraenequipo_opt.png\",\"width\":375,\"height\":125,\"caption\":\"Sonoraenequipo.com.mx\"},\"image\":{\"@id\":\"https:\/\/www.sonoraenequipo.com.mx\/#\/schema\/logo\/image\/\"},\"sameAs\":[\"https:\/\/www.facebook.com\/SonoraEE\/\",\"https:\/\/x.com\/sonoraenequipo\",\"https:\/\/www.youtube.com\/channel\/UC338nW-lPEYmJQs4ZABQ1SQ\"]},{\"@type\":\"Person\",\"@id\":\"https:\/\/www.sonoraenequipo.com.mx\/#\/schema\/person\/50102df0fb23a8fa9e8effad8fa81386\",\"name\":\"enequipo\",\"image\":{\"@type\":\"ImageObject\",\"inLanguage\":\"es\",\"@id\":\"https:\/\/www.sonoraenequipo.com.mx\/#\/schema\/person\/image\/\",\"url\":\"https:\/\/secure.gravatar.com\/avatar\/049821681b589dabc0bc20695993ccebb09f5b5d4d790cd9251b97faac7c652b?s=96&d=blank&r=g\",\"contentUrl\":\"https:\/\/secure.gravatar.com\/avatar\/049821681b589dabc0bc20695993ccebb09f5b5d4d790cd9251b97faac7c652b?s=96&d=blank&r=g\",\"caption\":\"enequipo\"},\"sameAs\":[\"https:\/\/www.facebook.com\/SonoraEE\"]}]}<\/script>\n ","yoast_head_json":{"title":"Sonora en Equipo. Familia de Cabeza de Vaca, en lista de investigaciones de FBI: AMLO Rep\u00fablica","description":"REYNOSA, TAMAULIPAS. MX.\u2014 En el oficio que el Departamento de Justicia de Estados Unidos envi\u00f3 a la Unidad de Inteligencia Financiera (UIF) en el que En Sonora en Equipo publicamos toda la informaci\u00f3n de Sonora, M\u00e9xico y el Mundo de manera oportuna y busca que la libertad de expresi\u00f3n sea real. Visita nuestro medio informativo publicado desde Hermosillo, Sonora. %","robots":{"index":"index","follow":"follow","max-snippet":"max-snippet:-1","max-image-preview":"max-image-preview:large","max-video-preview":"max-video-preview:-1"},"canonical":"https:\/\/www.sonoraenequipo.com.mx\/familia-de-cabeza-de-vaca-en-lista-de-investigaciones-de-fbi-amlo\/","og_locale":"es_ES","og_type":"article","og_title":"Sonora en Equipo. Familia de Cabeza de Vaca, en lista de investigaciones de FBI: AMLO Rep\u00fablica","og_description":"REYNOSA, TAMAULIPAS. MX.\u2014 En el oficio que el Departamento de Justicia de Estados Unidos envi\u00f3 a la Unidad de Inteligencia Financiera (UIF) en el que En Sonora en Equipo publicamos toda la informaci\u00f3n de Sonora, M\u00e9xico y el Mundo de manera oportuna y busca que la libertad de expresi\u00f3n sea real. Visita nuestro medio informativo publicado desde Hermosillo, Sonora. %","og_url":"https:\/\/www.sonoraenequipo.com.mx\/familia-de-cabeza-de-vaca-en-lista-de-investigaciones-de-fbi-amlo\/","og_site_name":"Sonora en Equipo.","article_publisher":"https:\/\/www.facebook.com\/SonoraEE\/","article_author":"https:\/\/www.facebook.com\/SonoraEE","article_published_time":"2021-05-21T00:00:35+00:00","og_image":[{"width":700,"height":400,"url":"https:\/\/www.sonoraenequipo.com.mx\/storage\/2021\/05\/FBI-tambien-investiga-a-familia-de-Garcia-Cabeza_opt.jpg","type":"image\/jpeg"}],"author":"enequipo","twitter_card":"summary_large_image","twitter_creator":"@sonoraenequipo","twitter_site":"@sonoraenequipo","twitter_misc":{"Escrito por":"enequipo","Tiempo de lectura":"3 minutos"},"schema":{"@context":"https:\/\/schema.org","@graph":[{"@type":"Article","@id":"https:\/\/www.sonoraenequipo.com.mx\/familia-de-cabeza-de-vaca-en-lista-de-investigaciones-de-fbi-amlo\/#article","isPartOf":{"@id":"https:\/\/www.sonoraenequipo.com.mx\/familia-de-cabeza-de-vaca-en-lista-de-investigaciones-de-fbi-amlo\/"},"author":{"name":"enequipo","@id":"https:\/\/www.sonoraenequipo.com.mx\/#\/schema\/person\/50102df0fb23a8fa9e8effad8fa81386"},"headline":"Familia de Cabeza de Vaca, en lista de investigaciones de FBI: AMLO","datePublished":"2021-05-21T00:00:35+00:00","mainEntityOfPage":{"@id":"https:\/\/www.sonoraenequipo.com.mx\/familia-de-cabeza-de-vaca-en-lista-de-investigaciones-de-fbi-amlo\/"},"wordCount":539,"commentCount":0,"publisher":{"@id":"https:\/\/www.sonoraenequipo.com.mx\/#organization"},"image":{"@id":"https:\/\/www.sonoraenequipo.com.mx\/familia-de-cabeza-de-vaca-en-lista-de-investigaciones-de-fbi-amlo\/#primaryimage"},"thumbnailUrl":"https:\/\/www.sonoraenequipo.com.mx\/storage\/2021\/05\/FBI-tambien-investiga-a-familia-de-Garcia-Cabeza_opt.jpg","articleSection":["Rep\u00fablica"],"inLanguage":"es","potentialAction":[{"@type":"CommentAction","name":"Comment","target":["https:\/\/www.sonoraenequipo.com.mx\/familia-de-cabeza-de-vaca-en-lista-de-investigaciones-de-fbi-amlo\/#respond"]}]},{"@type":"WebPage","@id":"https:\/\/www.sonoraenequipo.com.mx\/familia-de-cabeza-de-vaca-en-lista-de-investigaciones-de-fbi-amlo\/","url":"https:\/\/www.sonoraenequipo.com.mx\/familia-de-cabeza-de-vaca-en-lista-de-investigaciones-de-fbi-amlo\/","name":"Sonora en Equipo. Familia de Cabeza de Vaca, en lista de investigaciones de FBI: AMLO Rep\u00fablica","isPartOf":{"@id":"https:\/\/www.sonoraenequipo.com.mx\/#website"},"primaryImageOfPage":{"@id":"https:\/\/www.sonoraenequipo.com.mx\/familia-de-cabeza-de-vaca-en-lista-de-investigaciones-de-fbi-amlo\/#primaryimage"},"image":{"@id":"https:\/\/www.sonoraenequipo.com.mx\/familia-de-cabeza-de-vaca-en-lista-de-investigaciones-de-fbi-amlo\/#primaryimage"},"thumbnailUrl":"https:\/\/www.sonoraenequipo.com.mx\/storage\/2021\/05\/FBI-tambien-investiga-a-familia-de-Garcia-Cabeza_opt.jpg","datePublished":"2021-05-21T00:00:35+00:00","description":"REYNOSA, TAMAULIPAS. MX.\u2014 En el oficio que el Departamento de Justicia de Estados Unidos envi\u00f3 a la Unidad de Inteligencia Financiera (UIF) en el que En Sonora en Equipo publicamos toda la informaci\u00f3n de Sonora, M\u00e9xico y el Mundo de manera oportuna y busca que la libertad de expresi\u00f3n sea real. Visita nuestro medio informativo publicado desde Hermosillo, Sonora. %","breadcrumb":{"@id":"https:\/\/www.sonoraenequipo.com.mx\/familia-de-cabeza-de-vaca-en-lista-de-investigaciones-de-fbi-amlo\/#breadcrumb"},"inLanguage":"es","potentialAction":[{"@type":"ReadAction","target":["https:\/\/www.sonoraenequipo.com.mx\/familia-de-cabeza-de-vaca-en-lista-de-investigaciones-de-fbi-amlo\/"]}]},{"@type":"ImageObject","inLanguage":"es","@id":"https:\/\/www.sonoraenequipo.com.mx\/familia-de-cabeza-de-vaca-en-lista-de-investigaciones-de-fbi-amlo\/#primaryimage","url":"https:\/\/www.sonoraenequipo.com.mx\/storage\/2021\/05\/FBI-tambien-investiga-a-familia-de-Garcia-Cabeza_opt.jpg","contentUrl":"https:\/\/www.sonoraenequipo.com.mx\/storage\/2021\/05\/FBI-tambien-investiga-a-familia-de-Garcia-Cabeza_opt.jpg","width":700,"height":400},{"@type":"BreadcrumbList","@id":"https:\/\/www.sonoraenequipo.com.mx\/familia-de-cabeza-de-vaca-en-lista-de-investigaciones-de-fbi-amlo\/#breadcrumb","itemListElement":[{"@type":"ListItem","position":1,"name":"Portada","item":"https:\/\/www.sonoraenequipo.com.mx\/"},{"@type":"ListItem","position":2,"name":"Familia de Cabeza de Vaca, en lista de investigaciones de FBI: AMLO"}]},{"@type":"WebSite","@id":"https:\/\/www.sonoraenequipo.com.mx\/#website","url":"https:\/\/www.sonoraenequipo.com.mx\/","name":"Sonora en Equipo.","description":"Diario en l\u00ednea con Noticias desde Hermosillo, Sonora","publisher":{"@id":"https:\/\/www.sonoraenequipo.com.mx\/#organization"},"potentialAction":[{"@type":"SearchAction","target":{"@type":"EntryPoint","urlTemplate":"https:\/\/www.sonoraenequipo.com.mx\/?s={search_term_string}"},"query-input":{"@type":"PropertyValueSpecification","valueRequired":true,"valueName":"search_term_string"}}],"inLanguage":"es"},{"@type":"Organization","@id":"https:\/\/www.sonoraenequipo.com.mx\/#organization","name":"Sonoraenequipo.com.mx","url":"https:\/\/www.sonoraenequipo.com.mx\/","logo":{"@type":"ImageObject","inLanguage":"es","@id":"https:\/\/www.sonoraenequipo.com.mx\/#\/schema\/logo\/image\/","url":"https:\/\/www.sonoraenequipo.com.mx\/storage\/2019\/01\/sonoraenequipo_opt.png","contentUrl":"https:\/\/www.sonoraenequipo.com.mx\/storage\/2019\/01\/sonoraenequipo_opt.png","width":375,"height":125,"caption":"Sonoraenequipo.com.mx"},"image":{"@id":"https:\/\/www.sonoraenequipo.com.mx\/#\/schema\/logo\/image\/"},"sameAs":["https:\/\/www.facebook.com\/SonoraEE\/","https:\/\/x.com\/sonoraenequipo","https:\/\/www.youtube.com\/channel\/UC338nW-lPEYmJQs4ZABQ1SQ"]},{"@type":"Person","@id":"https:\/\/www.sonoraenequipo.com.mx\/#\/schema\/person\/50102df0fb23a8fa9e8effad8fa81386","name":"enequipo","image":{"@type":"ImageObject","inLanguage":"es","@id":"https:\/\/www.sonoraenequipo.com.mx\/#\/schema\/person\/image\/","url":"https:\/\/secure.gravatar.com\/avatar\/049821681b589dabc0bc20695993ccebb09f5b5d4d790cd9251b97faac7c652b?s=96&d=blank&r=g","contentUrl":"https:\/\/secure.gravatar.com\/avatar\/049821681b589dabc0bc20695993ccebb09f5b5d4d790cd9251b97faac7c652b?s=96&d=blank&r=g","caption":"enequipo"},"sameAs":["https:\/\/www.facebook.com\/SonoraEE"]}]}},"jetpack_featured_media_url":"https:\/\/www.sonoraenequipo.com.mx\/storage\/2021\/05\/FBI-tambien-investiga-a-familia-de-Garcia-Cabeza_opt.jpg","_links":{"self":[{"href":"https:\/\/www.sonoraenequipo.com.mx\/api\/wp\/v2\/posts\/114437","targetHints":{"allow":["GET"]}}],"collection":[{"href":"https:\/\/www.sonoraenequipo.com.mx\/api\/wp\/v2\/posts"}],"about":[{"href":"https:\/\/www.sonoraenequipo.com.mx\/api\/wp\/v2\/types\/post"}],"author":[{"embeddable":true,"href":"https:\/\/www.sonoraenequipo.com.mx\/api\/wp\/v2\/users\/1"}],"replies":[{"embeddable":true,"href":"https:\/\/www.sonoraenequipo.com.mx\/api\/wp\/v2\/comments?post=114437"}],"version-history":[{"count":1,"href":"https:\/\/www.sonoraenequipo.com.mx\/api\/wp\/v2\/posts\/114437\/revisions"}],"predecessor-version":[{"id":114439,"href":"https:\/\/www.sonoraenequipo.com.mx\/api\/wp\/v2\/posts\/114437\/revisions\/114439"}],"wp:featuredmedia":[{"embeddable":true,"href":"https:\/\/www.sonoraenequipo.com.mx\/api\/wp\/v2\/media\/114438"}],"wp:attachment":[{"href":"https:\/\/www.sonoraenequipo.com.mx\/api\/wp\/v2\/media?parent=114437"}],"wp:term":[{"taxonomy":"category","embeddable":true,"href":"https:\/\/www.sonoraenequipo.com.mx\/api\/wp\/v2\/categories?post=114437"},{"taxonomy":"post_tag","embeddable":true,"href":"https:\/\/www.sonoraenequipo.com.mx\/api\/wp\/v2\/tags?post=114437"}],"curies":[{"name":"wp","href":"https:\/\/api.w.org\/{rel}","templated":true}]}}