{"id":114444,"date":"2021-05-20T19:28:11","date_gmt":"2021-05-21T02:28:11","guid":{"rendered":"https:\/\/www.sonoraenequipo.com.mx\/?p=114444"},"modified":"2021-05-20T20:20:15","modified_gmt":"2021-05-21T03:20:15","slug":"el-liderazgo-de-la-comision-sonora-arizona-trasciende-generaciones-coinciden-gobernadores-pavlovich-y-ducey","status":"publish","type":"post","link":"https:\/\/www.sonoraenequipo.com.mx\/el-liderazgo-de-la-comision-sonora-arizona-trasciende-generaciones-coinciden-gobernadores-pavlovich-y-ducey\/","title":{"rendered":"El liderazgo de la Comisi\u00f3n Sonora-Arizona trasciende generaciones: coinciden Gobernadores Pavlovich y Ducey"},"content":{"rendered":"<p>PHOENIX, ARIZONA,EE.UU.\u2500 La Comisi\u00f3n Sonora-Arizona se ha ganado un lugar en la historia de Estados Unidos y de M\u00e9xico, ya que ha demostrado con hechos, por m\u00e1s de 62 a\u00f1os, que la uni\u00f3n genera resultados y la Megarregi\u00f3n que han conformado los actuales gobiernos de ambos estados posee un enorme potencial econ\u00f3mico y cultural por lo que esta pol\u00edtica de cooperaci\u00f3n y coordinaci\u00f3n transfronteriza debe de seguir, coincidieron la gobernadora Claudia Pavlovich Arellano y el gobernador de Arizona Doug Ducey.<\/p>\n<p>&nbsp;<\/p>\n<p> <\/p>\n<p>&nbsp;<\/p>\n<p>En atenci\u00f3n a las medidas sanitarias para prevenir la propagaci\u00f3n del COVID-19, la sesi\u00f3n plenaria de Comisi\u00f3n Sonora-Arizona y las reuniones de los comit\u00e9s de trabajo, en esta edici\u00f3n se realizaron de manera virtual y los gobernadores de Arizona y Sonora celebraron un encuentro de di\u00e1logo sobre resultados del trabajo conjunto y el \u00e9xito compartido de la Megarregi\u00f3n durante los \u00faltimos seis a\u00f1os.<\/p>\n<p>&nbsp;<\/p>\n<p>Ante Jessica Pacheco, presidenta de la Mesa Directiva la Comisi\u00f3n Arizona-M\u00e9xico y \u00c1ngel Bours, vicepresidente de la Comisi\u00f3n Sonora-Arizona, la gobernadora Pavlovich destac\u00f3 el fortalecimiento institucional entre las principales universidades, tecnol\u00f3gicos y colegios comunitarios de ambos estados; la alianza interuniversitaria, con lo cual alumnos sonorenses pueden cursar sus estudios con pago preferente; la capacitaci\u00f3n a m\u00e1s de mil 300 profesores, a trav\u00e9s de la Universidad Estatal de Arizona; y la conformaci\u00f3n de la Megarregi\u00f3n que ha permitido dado apertura al sector empresarial y a la sociedad civil.<\/p>\n<p>&nbsp;<\/p>\n<p>\u201cA trav\u00e9s de los a\u00f1os logramos que m\u00e1s acad\u00e9micos, que m\u00e1s empresarios se unieran al trabajo de la comisi\u00f3n, que no solo fu\u00e9ramos los funcionarios de uno y otro lado, sino todos los que forman parte de este gran Sonora y este gran Arizona, los acad\u00e9micos, empresarios, la gente de la sociedad civil que quer\u00eda dar sus propuestas y formar parte de este gran equipo, porque eso es lo que somos, un gran equipo\u201d, resalt\u00f3 la gobernadora Pavlovich quien puntualiz\u00f3 la creaci\u00f3n del Comit\u00e9 de Organizaciones de la Sociedad Civil para apoyar al sector social.<\/p>\n<p>&nbsp;<\/p>\n<p>Asimismo, destac\u00f3 que en estos seis a\u00f1os se le ha dado un fuerte impulso al turismo de la Megarregi\u00f3n, a trav\u00e9s del corredor seguro Lukeville-Puerto Pe\u00f1asco y Puerto Pe\u00f1asco-Sonoyta, as\u00ed como la promoci\u00f3n del deporte de aventura y se logr\u00f3 reducir para transportistas, los tiempos de espera para cruzar la frontera.<\/p>\n<p>&nbsp;<\/p>\n<p>&nbsp;<\/p>\n<p>Fecha de Publicaci\u00f3n\u00a0 jueves\u00a0 \/ 20\u00a0 \/ mayo \/ 2021<\/p>\n","protected":false},"excerpt":{"rendered":"<p>PHOENIX, ARIZONA,EE.UU.\u2500 La Comisi\u00f3n Sonora-Arizona se ha ganado un lugar en la historia de Estados&#8230;<\/p>\n","protected":false},"author":1,"featured_media":114445,"comment_status":"open","ping_status":"open","sticky":false,"template":"","format":"standard","meta":{"_monsterinsights_skip_tracking":false,"_monsterinsights_sitenote_active":false,"_monsterinsights_sitenote_note":"","_monsterinsights_sitenote_category":0,"footnotes":""},"categories":[3],"tags":[5726],"class_list":["post"],"yoast_head":" \n<title>Sonora en Equipo. El liderazgo de la Comisi\u00f3n Sonora-Arizona trasciende generaciones: coinciden Gobernadores Pavlovich y Ducey MUNDO<\/title>\n<meta name=\"description\" content=\"PHOENIX, ARIZONA,EE.UU.\u2500 La Comisi\u00f3n Sonora-Arizona se ha ganado un lugar en la historia de Estados Unidos y de M\u00e9xico, ya que ha demostrado con hechos, En Sonora en Equipo publicamos toda la informaci\u00f3n de Sonora, M\u00e9xico y el Mundo de manera oportuna y busca que la libertad de expresi\u00f3n sea real. Visita nuestro medio informativo publicado desde Hermosillo, Sonora. %\" \/>\n<meta name=\"robots\" content=\"index, follow, max-snippet:-1, max-image-preview:large, max-video-preview:-1\" \/>\n<link rel=\"canonical\" href=\"https:\/\/www.sonoraenequipo.com.mx\/el-liderazgo-de-la-comision-sonora-arizona-trasciende-generaciones-coinciden-gobernadores-pavlovich-y-ducey\/\" \/>\n<meta property=\"og:locale\" content=\"es_ES\" \/>\n<meta property=\"og:type\" content=\"article\" \/>\n<meta property=\"og:title\" content=\"Sonora en Equipo. El liderazgo de la Comisi\u00f3n Sonora-Arizona trasciende generaciones: coinciden Gobernadores Pavlovich y Ducey MUNDO\" \/>\n<meta property=\"og:description\" content=\"PHOENIX, ARIZONA,EE.UU.\u2500 La Comisi\u00f3n Sonora-Arizona se ha ganado un lugar en la historia de Estados Unidos y de M\u00e9xico, ya que ha demostrado con hechos, En Sonora en Equipo publicamos toda la informaci\u00f3n de Sonora, M\u00e9xico y el Mundo de manera oportuna y busca que la libertad de expresi\u00f3n sea real. Visita nuestro medio informativo publicado desde Hermosillo, Sonora. %\" \/>\n<meta property=\"og:url\" content=\"https:\/\/www.sonoraenequipo.com.mx\/el-liderazgo-de-la-comision-sonora-arizona-trasciende-generaciones-coinciden-gobernadores-pavlovich-y-ducey\/\" \/>\n<meta property=\"og:site_name\" content=\"Sonora en Equipo.\" \/>\n<meta property=\"article:publisher\" content=\"https:\/\/www.facebook.com\/SonoraEE\/\" \/>\n<meta property=\"article:author\" content=\"https:\/\/www.facebook.com\/SonoraEE\" \/>\n<meta property=\"article:published_time\" content=\"2021-05-21T02:28:11+00:00\" \/>\n<meta property=\"article:modified_time\" content=\"2021-05-21T03:20:15+00:00\" \/>\n<meta property=\"og:image\" content=\"https:\/\/www.sonoraenequipo.com.mx\/storage\/2021\/05\/DUCEY-Y-CPA.jpg\" \/>\n\t<meta property=\"og:image:width\" content=\"500\" \/>\n\t<meta property=\"og:image:height\" content=\"300\" \/>\n\t<meta property=\"og:image:type\" content=\"image\/jpeg\" \/>\n<meta name=\"author\" content=\"enequipo\" \/>\n<meta name=\"twitter:card\" content=\"summary_large_image\" \/>\n<meta name=\"twitter:creator\" content=\"@sonoraenequipo\" \/>\n<meta name=\"twitter:site\" content=\"@sonoraenequipo\" \/>\n<meta name=\"twitter:label1\" content=\"Escrito por\" \/>\n\t<meta name=\"twitter:data1\" content=\"enequipo\" \/>\n\t<meta name=\"twitter:label2\" content=\"Tiempo de lectura\" \/>\n\t<meta name=\"twitter:data2\" content=\"2 minutos\" \/>\n<script type=\"application\/ld+json\" class=\"yoast-schema-graph\">{\"@context\":\"https:\/\/schema.org\",\"@graph\":[{\"@type\":\"Article\",\"@id\":\"https:\/\/www.sonoraenequipo.com.mx\/el-liderazgo-de-la-comision-sonora-arizona-trasciende-generaciones-coinciden-gobernadores-pavlovich-y-ducey\/#article\",\"isPartOf\":{\"@id\":\"https:\/\/www.sonoraenequipo.com.mx\/el-liderazgo-de-la-comision-sonora-arizona-trasciende-generaciones-coinciden-gobernadores-pavlovich-y-ducey\/\"},\"author\":{\"name\":\"enequipo\",\"@id\":\"https:\/\/www.sonoraenequipo.com.mx\/#\/schema\/person\/50102df0fb23a8fa9e8effad8fa81386\"},\"headline\":\"El liderazgo de la Comisi\u00f3n Sonora-Arizona trasciende generaciones: coinciden Gobernadores Pavlovich y Ducey\",\"datePublished\":\"2021-05-21T02:28:11+00:00\",\"dateModified\":\"2021-05-21T03:20:15+00:00\",\"mainEntityOfPage\":{\"@id\":\"https:\/\/www.sonoraenequipo.com.mx\/el-liderazgo-de-la-comision-sonora-arizona-trasciende-generaciones-coinciden-gobernadores-pavlovich-y-ducey\/\"},\"wordCount\":447,\"commentCount\":0,\"publisher\":{\"@id\":\"https:\/\/www.sonoraenequipo.com.mx\/#organization\"},\"image\":{\"@id\":\"https:\/\/www.sonoraenequipo.com.mx\/el-liderazgo-de-la-comision-sonora-arizona-trasciende-generaciones-coinciden-gobernadores-pavlovich-y-ducey\/#primaryimage\"},\"thumbnailUrl\":\"https:\/\/www.sonoraenequipo.com.mx\/storage\/2021\/05\/DUCEY-Y-CPA.jpg\",\"keywords\":[\"Gobernadores Ducey y Pavlovich\"],\"articleSection\":[\"MUNDO\"],\"inLanguage\":\"es\",\"potentialAction\":[{\"@type\":\"CommentAction\",\"name\":\"Comment\",\"target\":[\"https:\/\/www.sonoraenequipo.com.mx\/el-liderazgo-de-la-comision-sonora-arizona-trasciende-generaciones-coinciden-gobernadores-pavlovich-y-ducey\/#respond\"]}]},{\"@type\":\"WebPage\",\"@id\":\"https:\/\/www.sonoraenequipo.com.mx\/el-liderazgo-de-la-comision-sonora-arizona-trasciende-generaciones-coinciden-gobernadores-pavlovich-y-ducey\/\",\"url\":\"https:\/\/www.sonoraenequipo.com.mx\/el-liderazgo-de-la-comision-sonora-arizona-trasciende-generaciones-coinciden-gobernadores-pavlovich-y-ducey\/\",\"name\":\"Sonora en Equipo. El liderazgo de la Comisi\u00f3n Sonora-Arizona trasciende generaciones: coinciden Gobernadores Pavlovich y Ducey MUNDO\",\"isPartOf\":{\"@id\":\"https:\/\/www.sonoraenequipo.com.mx\/#website\"},\"primaryImageOfPage\":{\"@id\":\"https:\/\/www.sonoraenequipo.com.mx\/el-liderazgo-de-la-comision-sonora-arizona-trasciende-generaciones-coinciden-gobernadores-pavlovich-y-ducey\/#primaryimage\"},\"image\":{\"@id\":\"https:\/\/www.sonoraenequipo.com.mx\/el-liderazgo-de-la-comision-sonora-arizona-trasciende-generaciones-coinciden-gobernadores-pavlovich-y-ducey\/#primaryimage\"},\"thumbnailUrl\":\"https:\/\/www.sonoraenequipo.com.mx\/storage\/2021\/05\/DUCEY-Y-CPA.jpg\",\"datePublished\":\"2021-05-21T02:28:11+00:00\",\"dateModified\":\"2021-05-21T03:20:15+00:00\",\"description\":\"PHOENIX, ARIZONA,EE.UU.\u2500 La Comisi\u00f3n Sonora-Arizona se ha ganado un lugar en la historia de Estados Unidos y de M\u00e9xico, ya que ha demostrado con hechos, En Sonora en Equipo publicamos toda la informaci\u00f3n de Sonora, M\u00e9xico y el Mundo de manera oportuna y busca que la libertad de expresi\u00f3n sea real. Visita nuestro medio informativo publicado desde Hermosillo, Sonora. %\",\"breadcrumb\":{\"@id\":\"https:\/\/www.sonoraenequipo.com.mx\/el-liderazgo-de-la-comision-sonora-arizona-trasciende-generaciones-coinciden-gobernadores-pavlovich-y-ducey\/#breadcrumb\"},\"inLanguage\":\"es\",\"potentialAction\":[{\"@type\":\"ReadAction\",\"target\":[\"https:\/\/www.sonoraenequipo.com.mx\/el-liderazgo-de-la-comision-sonora-arizona-trasciende-generaciones-coinciden-gobernadores-pavlovich-y-ducey\/\"]}]},{\"@type\":\"ImageObject\",\"inLanguage\":\"es\",\"@id\":\"https:\/\/www.sonoraenequipo.com.mx\/el-liderazgo-de-la-comision-sonora-arizona-trasciende-generaciones-coinciden-gobernadores-pavlovich-y-ducey\/#primaryimage\",\"url\":\"https:\/\/www.sonoraenequipo.com.mx\/storage\/2021\/05\/DUCEY-Y-CPA.jpg\",\"contentUrl\":\"https:\/\/www.sonoraenequipo.com.mx\/storage\/2021\/05\/DUCEY-Y-CPA.jpg\",\"width\":500,\"height\":300},{\"@type\":\"BreadcrumbList\",\"@id\":\"https:\/\/www.sonoraenequipo.com.mx\/el-liderazgo-de-la-comision-sonora-arizona-trasciende-generaciones-coinciden-gobernadores-pavlovich-y-ducey\/#breadcrumb\",\"itemListElement\":[{\"@type\":\"ListItem\",\"position\":1,\"name\":\"Portada\",\"item\":\"https:\/\/www.sonoraenequipo.com.mx\/\"},{\"@type\":\"ListItem\",\"position\":2,\"name\":\"El liderazgo de la Comisi\u00f3n Sonora-Arizona trasciende generaciones: coinciden Gobernadores Pavlovich y Ducey\"}]},{\"@type\":\"WebSite\",\"@id\":\"https:\/\/www.sonoraenequipo.com.mx\/#website\",\"url\":\"https:\/\/www.sonoraenequipo.com.mx\/\",\"name\":\"Sonora en Equipo.\",\"description\":\"Diario en l\u00ednea con Noticias desde Hermosillo, Sonora\",\"publisher\":{\"@id\":\"https:\/\/www.sonoraenequipo.com.mx\/#organization\"},\"potentialAction\":[{\"@type\":\"SearchAction\",\"target\":{\"@type\":\"EntryPoint\",\"urlTemplate\":\"https:\/\/www.sonoraenequipo.com.mx\/?s={search_term_string}\"},\"query-input\":{\"@type\":\"PropertyValueSpecification\",\"valueRequired\":true,\"valueName\":\"search_term_string\"}}],\"inLanguage\":\"es\"},{\"@type\":\"Organization\",\"@id\":\"https:\/\/www.sonoraenequipo.com.mx\/#organization\",\"name\":\"Sonoraenequipo.com.mx\",\"url\":\"https:\/\/www.sonoraenequipo.com.mx\/\",\"logo\":{\"@type\":\"ImageObject\",\"inLanguage\":\"es\",\"@id\":\"https:\/\/www.sonoraenequipo.com.mx\/#\/schema\/logo\/image\/\",\"url\":\"https:\/\/www.sonoraenequipo.com.mx\/storage\/2019\/01\/sonoraenequipo_opt.png\",\"contentUrl\":\"https:\/\/www.sonoraenequipo.com.mx\/storage\/2019\/01\/sonoraenequipo_opt.png\",\"width\":375,\"height\":125,\"caption\":\"Sonoraenequipo.com.mx\"},\"image\":{\"@id\":\"https:\/\/www.sonoraenequipo.com.mx\/#\/schema\/logo\/image\/\"},\"sameAs\":[\"https:\/\/www.facebook.com\/SonoraEE\/\",\"https:\/\/x.com\/sonoraenequipo\",\"https:\/\/www.youtube.com\/channel\/UC338nW-lPEYmJQs4ZABQ1SQ\"]},{\"@type\":\"Person\",\"@id\":\"https:\/\/www.sonoraenequipo.com.mx\/#\/schema\/person\/50102df0fb23a8fa9e8effad8fa81386\",\"name\":\"enequipo\",\"image\":{\"@type\":\"ImageObject\",\"inLanguage\":\"es\",\"@id\":\"https:\/\/www.sonoraenequipo.com.mx\/#\/schema\/person\/image\/\",\"url\":\"https:\/\/secure.gravatar.com\/avatar\/049821681b589dabc0bc20695993ccebb09f5b5d4d790cd9251b97faac7c652b?s=96&d=blank&r=g\",\"contentUrl\":\"https:\/\/secure.gravatar.com\/avatar\/049821681b589dabc0bc20695993ccebb09f5b5d4d790cd9251b97faac7c652b?s=96&d=blank&r=g\",\"caption\":\"enequipo\"},\"sameAs\":[\"https:\/\/www.facebook.com\/SonoraEE\"]}]}<\/script>\n ","yoast_head_json":{"title":"Sonora en Equipo. El liderazgo de la Comisi\u00f3n Sonora-Arizona trasciende generaciones: coinciden Gobernadores Pavlovich y Ducey MUNDO","description":"PHOENIX, ARIZONA,EE.UU.\u2500 La Comisi\u00f3n Sonora-Arizona se ha ganado un lugar en la historia de Estados Unidos y de M\u00e9xico, ya que ha demostrado con hechos, En Sonora en Equipo publicamos toda la informaci\u00f3n de Sonora, M\u00e9xico y el Mundo de manera oportuna y busca que la libertad de expresi\u00f3n sea real. Visita nuestro medio informativo publicado desde Hermosillo, Sonora. %","robots":{"index":"index","follow":"follow","max-snippet":"max-snippet:-1","max-image-preview":"max-image-preview:large","max-video-preview":"max-video-preview:-1"},"canonical":"https:\/\/www.sonoraenequipo.com.mx\/el-liderazgo-de-la-comision-sonora-arizona-trasciende-generaciones-coinciden-gobernadores-pavlovich-y-ducey\/","og_locale":"es_ES","og_type":"article","og_title":"Sonora en Equipo. El liderazgo de la Comisi\u00f3n Sonora-Arizona trasciende generaciones: coinciden Gobernadores Pavlovich y Ducey MUNDO","og_description":"PHOENIX, ARIZONA,EE.UU.\u2500 La Comisi\u00f3n Sonora-Arizona se ha ganado un lugar en la historia de Estados Unidos y de M\u00e9xico, ya que ha demostrado con hechos, En Sonora en Equipo publicamos toda la informaci\u00f3n de Sonora, M\u00e9xico y el Mundo de manera oportuna y busca que la libertad de expresi\u00f3n sea real. Visita nuestro medio informativo publicado desde Hermosillo, Sonora. %","og_url":"https:\/\/www.sonoraenequipo.com.mx\/el-liderazgo-de-la-comision-sonora-arizona-trasciende-generaciones-coinciden-gobernadores-pavlovich-y-ducey\/","og_site_name":"Sonora en Equipo.","article_publisher":"https:\/\/www.facebook.com\/SonoraEE\/","article_author":"https:\/\/www.facebook.com\/SonoraEE","article_published_time":"2021-05-21T02:28:11+00:00","article_modified_time":"2021-05-21T03:20:15+00:00","og_image":[{"width":500,"height":300,"url":"https:\/\/www.sonoraenequipo.com.mx\/storage\/2021\/05\/DUCEY-Y-CPA.jpg","type":"image\/jpeg"}],"author":"enequipo","twitter_card":"summary_large_image","twitter_creator":"@sonoraenequipo","twitter_site":"@sonoraenequipo","twitter_misc":{"Escrito por":"enequipo","Tiempo de lectura":"2 minutos"},"schema":{"@context":"https:\/\/schema.org","@graph":[{"@type":"Article","@id":"https:\/\/www.sonoraenequipo.com.mx\/el-liderazgo-de-la-comision-sonora-arizona-trasciende-generaciones-coinciden-gobernadores-pavlovich-y-ducey\/#article","isPartOf":{"@id":"https:\/\/www.sonoraenequipo.com.mx\/el-liderazgo-de-la-comision-sonora-arizona-trasciende-generaciones-coinciden-gobernadores-pavlovich-y-ducey\/"},"author":{"name":"enequipo","@id":"https:\/\/www.sonoraenequipo.com.mx\/#\/schema\/person\/50102df0fb23a8fa9e8effad8fa81386"},"headline":"El liderazgo de la Comisi\u00f3n Sonora-Arizona trasciende generaciones: coinciden Gobernadores Pavlovich y Ducey","datePublished":"2021-05-21T02:28:11+00:00","dateModified":"2021-05-21T03:20:15+00:00","mainEntityOfPage":{"@id":"https:\/\/www.sonoraenequipo.com.mx\/el-liderazgo-de-la-comision-sonora-arizona-trasciende-generaciones-coinciden-gobernadores-pavlovich-y-ducey\/"},"wordCount":447,"commentCount":0,"publisher":{"@id":"https:\/\/www.sonoraenequipo.com.mx\/#organization"},"image":{"@id":"https:\/\/www.sonoraenequipo.com.mx\/el-liderazgo-de-la-comision-sonora-arizona-trasciende-generaciones-coinciden-gobernadores-pavlovich-y-ducey\/#primaryimage"},"thumbnailUrl":"https:\/\/www.sonoraenequipo.com.mx\/storage\/2021\/05\/DUCEY-Y-CPA.jpg","keywords":["Gobernadores Ducey y Pavlovich"],"articleSection":["MUNDO"],"inLanguage":"es","potentialAction":[{"@type":"CommentAction","name":"Comment","target":["https:\/\/www.sonoraenequipo.com.mx\/el-liderazgo-de-la-comision-sonora-arizona-trasciende-generaciones-coinciden-gobernadores-pavlovich-y-ducey\/#respond"]}]},{"@type":"WebPage","@id":"https:\/\/www.sonoraenequipo.com.mx\/el-liderazgo-de-la-comision-sonora-arizona-trasciende-generaciones-coinciden-gobernadores-pavlovich-y-ducey\/","url":"https:\/\/www.sonoraenequipo.com.mx\/el-liderazgo-de-la-comision-sonora-arizona-trasciende-generaciones-coinciden-gobernadores-pavlovich-y-ducey\/","name":"Sonora en Equipo. El liderazgo de la Comisi\u00f3n Sonora-Arizona trasciende generaciones: coinciden Gobernadores Pavlovich y Ducey MUNDO","isPartOf":{"@id":"https:\/\/www.sonoraenequipo.com.mx\/#website"},"primaryImageOfPage":{"@id":"https:\/\/www.sonoraenequipo.com.mx\/el-liderazgo-de-la-comision-sonora-arizona-trasciende-generaciones-coinciden-gobernadores-pavlovich-y-ducey\/#primaryimage"},"image":{"@id":"https:\/\/www.sonoraenequipo.com.mx\/el-liderazgo-de-la-comision-sonora-arizona-trasciende-generaciones-coinciden-gobernadores-pavlovich-y-ducey\/#primaryimage"},"thumbnailUrl":"https:\/\/www.sonoraenequipo.com.mx\/storage\/2021\/05\/DUCEY-Y-CPA.jpg","datePublished":"2021-05-21T02:28:11+00:00","dateModified":"2021-05-21T03:20:15+00:00","description":"PHOENIX, ARIZONA,EE.UU.\u2500 La Comisi\u00f3n Sonora-Arizona se ha ganado un lugar en la historia de Estados Unidos y de M\u00e9xico, ya que ha demostrado con hechos, En Sonora en Equipo publicamos toda la informaci\u00f3n de Sonora, M\u00e9xico y el Mundo de manera oportuna y busca que la libertad de expresi\u00f3n sea real. Visita nuestro medio informativo publicado desde Hermosillo, Sonora. %","breadcrumb":{"@id":"https:\/\/www.sonoraenequipo.com.mx\/el-liderazgo-de-la-comision-sonora-arizona-trasciende-generaciones-coinciden-gobernadores-pavlovich-y-ducey\/#breadcrumb"},"inLanguage":"es","potentialAction":[{"@type":"ReadAction","target":["https:\/\/www.sonoraenequipo.com.mx\/el-liderazgo-de-la-comision-sonora-arizona-trasciende-generaciones-coinciden-gobernadores-pavlovich-y-ducey\/"]}]},{"@type":"ImageObject","inLanguage":"es","@id":"https:\/\/www.sonoraenequipo.com.mx\/el-liderazgo-de-la-comision-sonora-arizona-trasciende-generaciones-coinciden-gobernadores-pavlovich-y-ducey\/#primaryimage","url":"https:\/\/www.sonoraenequipo.com.mx\/storage\/2021\/05\/DUCEY-Y-CPA.jpg","contentUrl":"https:\/\/www.sonoraenequipo.com.mx\/storage\/2021\/05\/DUCEY-Y-CPA.jpg","width":500,"height":300},{"@type":"BreadcrumbList","@id":"https:\/\/www.sonoraenequipo.com.mx\/el-liderazgo-de-la-comision-sonora-arizona-trasciende-generaciones-coinciden-gobernadores-pavlovich-y-ducey\/#breadcrumb","itemListElement":[{"@type":"ListItem","position":1,"name":"Portada","item":"https:\/\/www.sonoraenequipo.com.mx\/"},{"@type":"ListItem","position":2,"name":"El liderazgo de la Comisi\u00f3n Sonora-Arizona trasciende generaciones: coinciden Gobernadores Pavlovich y Ducey"}]},{"@type":"WebSite","@id":"https:\/\/www.sonoraenequipo.com.mx\/#website","url":"https:\/\/www.sonoraenequipo.com.mx\/","name":"Sonora en Equipo.","description":"Diario en l\u00ednea con Noticias desde Hermosillo, Sonora","publisher":{"@id":"https:\/\/www.sonoraenequipo.com.mx\/#organization"},"potentialAction":[{"@type":"SearchAction","target":{"@type":"EntryPoint","urlTemplate":"https:\/\/www.sonoraenequipo.com.mx\/?s={search_term_string}"},"query-input":{"@type":"PropertyValueSpecification","valueRequired":true,"valueName":"search_term_string"}}],"inLanguage":"es"},{"@type":"Organization","@id":"https:\/\/www.sonoraenequipo.com.mx\/#organization","name":"Sonoraenequipo.com.mx","url":"https:\/\/www.sonoraenequipo.com.mx\/","logo":{"@type":"ImageObject","inLanguage":"es","@id":"https:\/\/www.sonoraenequipo.com.mx\/#\/schema\/logo\/image\/","url":"https:\/\/www.sonoraenequipo.com.mx\/storage\/2019\/01\/sonoraenequipo_opt.png","contentUrl":"https:\/\/www.sonoraenequipo.com.mx\/storage\/2019\/01\/sonoraenequipo_opt.png","width":375,"height":125,"caption":"Sonoraenequipo.com.mx"},"image":{"@id":"https:\/\/www.sonoraenequipo.com.mx\/#\/schema\/logo\/image\/"},"sameAs":["https:\/\/www.facebook.com\/SonoraEE\/","https:\/\/x.com\/sonoraenequipo","https:\/\/www.youtube.com\/channel\/UC338nW-lPEYmJQs4ZABQ1SQ"]},{"@type":"Person","@id":"https:\/\/www.sonoraenequipo.com.mx\/#\/schema\/person\/50102df0fb23a8fa9e8effad8fa81386","name":"enequipo","image":{"@type":"ImageObject","inLanguage":"es","@id":"https:\/\/www.sonoraenequipo.com.mx\/#\/schema\/person\/image\/","url":"https:\/\/secure.gravatar.com\/avatar\/049821681b589dabc0bc20695993ccebb09f5b5d4d790cd9251b97faac7c652b?s=96&d=blank&r=g","contentUrl":"https:\/\/secure.gravatar.com\/avatar\/049821681b589dabc0bc20695993ccebb09f5b5d4d790cd9251b97faac7c652b?s=96&d=blank&r=g","caption":"enequipo"},"sameAs":["https:\/\/www.facebook.com\/SonoraEE"]}]}},"jetpack_featured_media_url":"https:\/\/www.sonoraenequipo.com.mx\/storage\/2021\/05\/DUCEY-Y-CPA.jpg","_links":{"self":[{"href":"https:\/\/www.sonoraenequipo.com.mx\/api\/wp\/v2\/posts\/114444","targetHints":{"allow":["GET"]}}],"collection":[{"href":"https:\/\/www.sonoraenequipo.com.mx\/api\/wp\/v2\/posts"}],"about":[{"href":"https:\/\/www.sonoraenequipo.com.mx\/api\/wp\/v2\/types\/post"}],"author":[{"embeddable":true,"href":"https:\/\/www.sonoraenequipo.com.mx\/api\/wp\/v2\/users\/1"}],"replies":[{"embeddable":true,"href":"https:\/\/www.sonoraenequipo.com.mx\/api\/wp\/v2\/comments?post=114444"}],"version-history":[{"count":3,"href":"https:\/\/www.sonoraenequipo.com.mx\/api\/wp\/v2\/posts\/114444\/revisions"}],"predecessor-version":[{"id":114448,"href":"https:\/\/www.sonoraenequipo.com.mx\/api\/wp\/v2\/posts\/114444\/revisions\/114448"}],"wp:featuredmedia":[{"embeddable":true,"href":"https:\/\/www.sonoraenequipo.com.mx\/api\/wp\/v2\/media\/114445"}],"wp:attachment":[{"href":"https:\/\/www.sonoraenequipo.com.mx\/api\/wp\/v2\/media?parent=114444"}],"wp:term":[{"taxonomy":"category","embeddable":true,"href":"https:\/\/www.sonoraenequipo.com.mx\/api\/wp\/v2\/categories?post=114444"},{"taxonomy":"post_tag","embeddable":true,"href":"https:\/\/www.sonoraenequipo.com.mx\/api\/wp\/v2\/tags?post=114444"}],"curies":[{"name":"wp","href":"https:\/\/api.w.org\/{rel}","templated":true}]}}