{"id":114449,"date":"2021-05-20T20:45:34","date_gmt":"2021-05-21T03:45:34","guid":{"rendered":"https:\/\/www.sonoraenequipo.com.mx\/?p=114449"},"modified":"2021-05-20T20:58:44","modified_gmt":"2021-05-21T03:58:44","slug":"alfonso-durazo-sigue-a-la-cabeza-en-la-eleccion-del-2021-en-sonora","status":"publish","type":"post","link":"https:\/\/www.sonoraenequipo.com.mx\/alfonso-durazo-sigue-a-la-cabeza-en-la-eleccion-del-2021-en-sonora\/","title":{"rendered":"Alfonso Durazo sigue a la cabeza en la elecci\u00f3n del 2021 en Sonora"},"content":{"rendered":"<p>HERMOSILLO, SONORA. MX. \u2014 A pocos d\u00edas de las elecciones en Sonora y el resto del pa\u00eds, la tensi\u00f3n y la polarizaci\u00f3n aumenta de manera exponencial .<\/p>\n<p> <\/p>\n<p>&nbsp;<\/p>\n<p>En el estado de Sonora, cinco hombres y una mujer son los personajes que buscan la gubernatura de la entidad n\u00famero 26 en una contienda<br \/>\ndonde\u00a0 Alfonso Durazo Monta\u00f1o \u2014por el partido MORENA\u2014\u00a0 se mantiene como puntero para ser el ganador el pr\u00f3ximo 6 de junio.<\/p>\n<p>&nbsp;<\/p>\n<p><img loading=\"lazy\" decoding=\"async\" class=\" x-center\" src=\"https:\/\/www.sonoraenequipo.com.mx\/storage\/2021\/05\/Encuestas-en-Sonora_opt.png\" alt=\"\" width=\"778\" height=\"496\" \/>Todo parece indicar que el PRI ceder\u00e1 a la 4T el mandato de la entidad, actualmente gobernada por Clauda Pavlovich, ya que su f\u00f3rmula de coalici\u00f3n con el PAN y el PRD, abanderando a Ernesto G\u00e1ndara Camou, se encuentra debajo de Durazo por m\u00e1s de 10 puntos porcentuales de acuerdo con el m\u00e1s reciente levantamiento de la encuestadora Massive Caller.<\/p>\n<p>&nbsp;<\/p>\n<p>Menos activa es la participaci\u00f3n de los candidatos del Movimiento Ciudadano, Redes Sociales Progresistas (RSP) y Fuerza Por M\u00e9xico (FPM), todos incluso por debajo del porcentaje de electores indecisos.<\/p>\n<p>&nbsp;<\/p>\n<p>Desde este panorama, es casi un hecho Sonora, una de las \u00fanicas dos entidades del pa\u00eds regidas por una mujer volver\u00e1 a ser gobernada por un hombre; pues su \u00fanica candidata, la activista feminista Rosario Robles Robles, apenas supera el uno porciento de los votos recabados en las encuestas previas a la contienda.<\/p>\n<p>&nbsp;<\/p>\n<p>Uno de los factores determinantes para explicar las tendencias de preferencia de voto, donde G\u00e1ndara Camou acumula casi un mes debajo del 30 por ciento de popularidad, es la gesti\u00f3n de Claudia Pavlovich, a la que la ciudadan\u00eda ha se\u00f1alado como \u2018c<em>arente de resultados\u2019.<\/em><\/p>\n<p>&nbsp;<\/p>\n<p>El combate a la corrupci\u00f3n fue una de las banderas de la gobernadora al iniciar su gubernatura; por lo que incluso lleg\u00f3 a comentar que:<\/p>\n<p>&nbsp;<\/p>\n<p><em>\u201cSi alguien piensa que podr\u00e1 disfrutar lo que indebidamente se llev\u00f3, que lo piense dos veces\u201d.<\/em><\/p>\n<p>&nbsp;<\/p>\n<p>Sin embargo, los sonorenses consideran que Pavlovich gener\u00f3 mucho m\u00e1s expectativas que resultados, , toda vez que en dichas operaciones se presume hubo funcionarios del estado involucrados y para los cuales no ha existido hasta el momento ninguna investigaci\u00f3n ni se ha informado a la ciudadan\u00eda sobre el seguimiento del caso.<\/p>\n<p>&nbsp;<\/p>\n<p>Mientras las cr\u00edticas a la pri\u00edsta avanzan y repercuten en la popularidad del candidato de Va Por Sonora, Durazo se mantiene constantemente por arriba del 35% de los votos.<\/p>\n<p>&nbsp;<\/p>\n<p>Tras el levantamiento del 11 de mayo, el morenista se encontraba 11 puntos por arriba de Ernesto G\u00e1ndara, con 39.8 por ciento de los votos contabilizados; mientras que el resto de los candidatos se hallaron por debajo del 10%.<\/p>\n<p>&nbsp;<\/p>\n<p><strong><a href=\"https:\/\/public.flourish.studio\/visualisation\/6120025\/?utm_source=showcase&amp;utm_campaign=visualisation\/6120025\">https:\/\/public.flourish.studio\/visualisation\/6120025\/?utm_source=showcase&amp;utm_campaign=visualisation\/6120025<\/a><\/strong><\/p>\n<p>&nbsp;<\/p>\n<p>&nbsp;<\/p>\n<p>&nbsp;<\/p>\n<p>(Publicada el 20\/05\/2021)<\/p>\n","protected":false},"excerpt":{"rendered":"<p>HERMOSILLO, SONORA. MX. \u2014 A pocos d\u00edas de las elecciones en Sonora y el resto&#8230;<\/p>\n","protected":false},"author":1,"featured_media":114450,"comment_status":"open","ping_status":"open","sticky":false,"template":"","format":"standard","meta":{"_monsterinsights_skip_tracking":false,"_monsterinsights_sitenote_active":false,"_monsterinsights_sitenote_note":"","_monsterinsights_sitenote_category":0,"footnotes":""},"categories":[8],"tags":[],"class_list":["post"],"yoast_head":" \n<title>Sonora en Equipo. Alfonso Durazo sigue a la cabeza en la elecci\u00f3n del 2021 en Sonora LA ELECCION 2024<\/title>\n<meta name=\"description\" content=\"HERMOSILLO, SONORA. MX. \u2014 A pocos d\u00edas de las elecciones en Sonora y el resto del pa\u00eds, la tensi\u00f3n y la polarizaci\u00f3n aumenta de manera exponencial . En Sonora en Equipo publicamos toda la informaci\u00f3n de Sonora, M\u00e9xico y el Mundo de manera oportuna y busca que la libertad de expresi\u00f3n sea real. Visita nuestro medio informativo publicado desde Hermosillo, Sonora. %\" \/>\n<meta name=\"robots\" content=\"index, follow, max-snippet:-1, max-image-preview:large, max-video-preview:-1\" \/>\n<link rel=\"canonical\" href=\"https:\/\/www.sonoraenequipo.com.mx\/alfonso-durazo-sigue-a-la-cabeza-en-la-eleccion-del-2021-en-sonora\/\" \/>\n<meta property=\"og:locale\" content=\"es_ES\" \/>\n<meta property=\"og:type\" content=\"article\" \/>\n<meta property=\"og:title\" content=\"Sonora en Equipo. Alfonso Durazo sigue a la cabeza en la elecci\u00f3n del 2021 en Sonora LA ELECCION 2024\" \/>\n<meta property=\"og:description\" content=\"HERMOSILLO, SONORA. MX. \u2014 A pocos d\u00edas de las elecciones en Sonora y el resto del pa\u00eds, la tensi\u00f3n y la polarizaci\u00f3n aumenta de manera exponencial . En Sonora en Equipo publicamos toda la informaci\u00f3n de Sonora, M\u00e9xico y el Mundo de manera oportuna y busca que la libertad de expresi\u00f3n sea real. Visita nuestro medio informativo publicado desde Hermosillo, Sonora. %\" \/>\n<meta property=\"og:url\" content=\"https:\/\/www.sonoraenequipo.com.mx\/alfonso-durazo-sigue-a-la-cabeza-en-la-eleccion-del-2021-en-sonora\/\" \/>\n<meta property=\"og:site_name\" content=\"Sonora en Equipo.\" \/>\n<meta property=\"article:publisher\" content=\"https:\/\/www.facebook.com\/SonoraEE\/\" \/>\n<meta property=\"article:author\" content=\"https:\/\/www.facebook.com\/SonoraEE\" \/>\n<meta property=\"article:published_time\" content=\"2021-05-21T03:45:34+00:00\" \/>\n<meta property=\"article:modified_time\" content=\"2021-05-21T03:58:44+00:00\" \/>\n<meta property=\"og:image\" content=\"https:\/\/www.sonoraenequipo.com.mx\/storage\/2021\/05\/durazo-a-la-cabeza_opt.jpg\" \/>\n\t<meta property=\"og:image:width\" content=\"700\" \/>\n\t<meta property=\"og:image:height\" content=\"400\" \/>\n\t<meta property=\"og:image:type\" content=\"image\/jpeg\" \/>\n<meta name=\"author\" content=\"enequipo\" \/>\n<meta name=\"twitter:card\" content=\"summary_large_image\" \/>\n<meta name=\"twitter:creator\" content=\"@sonoraenequipo\" \/>\n<meta name=\"twitter:site\" content=\"@sonoraenequipo\" \/>\n<meta name=\"twitter:label1\" content=\"Escrito por\" \/>\n\t<meta name=\"twitter:data1\" content=\"enequipo\" \/>\n\t<meta name=\"twitter:label2\" content=\"Tiempo de lectura\" \/>\n\t<meta name=\"twitter:data2\" content=\"3 minutos\" \/>\n<script type=\"application\/ld+json\" class=\"yoast-schema-graph\">{\"@context\":\"https:\/\/schema.org\",\"@graph\":[{\"@type\":\"Article\",\"@id\":\"https:\/\/www.sonoraenequipo.com.mx\/alfonso-durazo-sigue-a-la-cabeza-en-la-eleccion-del-2021-en-sonora\/#article\",\"isPartOf\":{\"@id\":\"https:\/\/www.sonoraenequipo.com.mx\/alfonso-durazo-sigue-a-la-cabeza-en-la-eleccion-del-2021-en-sonora\/\"},\"author\":{\"name\":\"enequipo\",\"@id\":\"https:\/\/www.sonoraenequipo.com.mx\/#\/schema\/person\/50102df0fb23a8fa9e8effad8fa81386\"},\"headline\":\"Alfonso Durazo sigue a la cabeza en la elecci\u00f3n del 2021 en Sonora\",\"datePublished\":\"2021-05-21T03:45:34+00:00\",\"dateModified\":\"2021-05-21T03:58:44+00:00\",\"mainEntityOfPage\":{\"@id\":\"https:\/\/www.sonoraenequipo.com.mx\/alfonso-durazo-sigue-a-la-cabeza-en-la-eleccion-del-2021-en-sonora\/\"},\"wordCount\":474,\"commentCount\":0,\"publisher\":{\"@id\":\"https:\/\/www.sonoraenequipo.com.mx\/#organization\"},\"image\":{\"@id\":\"https:\/\/www.sonoraenequipo.com.mx\/alfonso-durazo-sigue-a-la-cabeza-en-la-eleccion-del-2021-en-sonora\/#primaryimage\"},\"thumbnailUrl\":\"https:\/\/www.sonoraenequipo.com.mx\/storage\/2021\/05\/durazo-a-la-cabeza_opt.jpg\",\"articleSection\":[\"LA ELECCION 2024\"],\"inLanguage\":\"es\",\"potentialAction\":[{\"@type\":\"CommentAction\",\"name\":\"Comment\",\"target\":[\"https:\/\/www.sonoraenequipo.com.mx\/alfonso-durazo-sigue-a-la-cabeza-en-la-eleccion-del-2021-en-sonora\/#respond\"]}]},{\"@type\":\"WebPage\",\"@id\":\"https:\/\/www.sonoraenequipo.com.mx\/alfonso-durazo-sigue-a-la-cabeza-en-la-eleccion-del-2021-en-sonora\/\",\"url\":\"https:\/\/www.sonoraenequipo.com.mx\/alfonso-durazo-sigue-a-la-cabeza-en-la-eleccion-del-2021-en-sonora\/\",\"name\":\"Sonora en Equipo. Alfonso Durazo sigue a la cabeza en la elecci\u00f3n del 2021 en Sonora LA ELECCION 2024\",\"isPartOf\":{\"@id\":\"https:\/\/www.sonoraenequipo.com.mx\/#website\"},\"primaryImageOfPage\":{\"@id\":\"https:\/\/www.sonoraenequipo.com.mx\/alfonso-durazo-sigue-a-la-cabeza-en-la-eleccion-del-2021-en-sonora\/#primaryimage\"},\"image\":{\"@id\":\"https:\/\/www.sonoraenequipo.com.mx\/alfonso-durazo-sigue-a-la-cabeza-en-la-eleccion-del-2021-en-sonora\/#primaryimage\"},\"thumbnailUrl\":\"https:\/\/www.sonoraenequipo.com.mx\/storage\/2021\/05\/durazo-a-la-cabeza_opt.jpg\",\"datePublished\":\"2021-05-21T03:45:34+00:00\",\"dateModified\":\"2021-05-21T03:58:44+00:00\",\"description\":\"HERMOSILLO, SONORA. MX. \u2014 A pocos d\u00edas de las elecciones en Sonora y el resto del pa\u00eds, la tensi\u00f3n y la polarizaci\u00f3n aumenta de manera exponencial . En Sonora en Equipo publicamos toda la informaci\u00f3n de Sonora, M\u00e9xico y el Mundo de manera oportuna y busca que la libertad de expresi\u00f3n sea real. Visita nuestro medio informativo publicado desde Hermosillo, Sonora. %\",\"breadcrumb\":{\"@id\":\"https:\/\/www.sonoraenequipo.com.mx\/alfonso-durazo-sigue-a-la-cabeza-en-la-eleccion-del-2021-en-sonora\/#breadcrumb\"},\"inLanguage\":\"es\",\"potentialAction\":[{\"@type\":\"ReadAction\",\"target\":[\"https:\/\/www.sonoraenequipo.com.mx\/alfonso-durazo-sigue-a-la-cabeza-en-la-eleccion-del-2021-en-sonora\/\"]}]},{\"@type\":\"ImageObject\",\"inLanguage\":\"es\",\"@id\":\"https:\/\/www.sonoraenequipo.com.mx\/alfonso-durazo-sigue-a-la-cabeza-en-la-eleccion-del-2021-en-sonora\/#primaryimage\",\"url\":\"https:\/\/www.sonoraenequipo.com.mx\/storage\/2021\/05\/durazo-a-la-cabeza_opt.jpg\",\"contentUrl\":\"https:\/\/www.sonoraenequipo.com.mx\/storage\/2021\/05\/durazo-a-la-cabeza_opt.jpg\",\"width\":700,\"height\":400},{\"@type\":\"BreadcrumbList\",\"@id\":\"https:\/\/www.sonoraenequipo.com.mx\/alfonso-durazo-sigue-a-la-cabeza-en-la-eleccion-del-2021-en-sonora\/#breadcrumb\",\"itemListElement\":[{\"@type\":\"ListItem\",\"position\":1,\"name\":\"Portada\",\"item\":\"https:\/\/www.sonoraenequipo.com.mx\/\"},{\"@type\":\"ListItem\",\"position\":2,\"name\":\"Alfonso Durazo sigue a la cabeza en la elecci\u00f3n del 2021 en Sonora\"}]},{\"@type\":\"WebSite\",\"@id\":\"https:\/\/www.sonoraenequipo.com.mx\/#website\",\"url\":\"https:\/\/www.sonoraenequipo.com.mx\/\",\"name\":\"Sonora en Equipo.\",\"description\":\"Diario en l\u00ednea con Noticias desde Hermosillo, Sonora\",\"publisher\":{\"@id\":\"https:\/\/www.sonoraenequipo.com.mx\/#organization\"},\"potentialAction\":[{\"@type\":\"SearchAction\",\"target\":{\"@type\":\"EntryPoint\",\"urlTemplate\":\"https:\/\/www.sonoraenequipo.com.mx\/?s={search_term_string}\"},\"query-input\":{\"@type\":\"PropertyValueSpecification\",\"valueRequired\":true,\"valueName\":\"search_term_string\"}}],\"inLanguage\":\"es\"},{\"@type\":\"Organization\",\"@id\":\"https:\/\/www.sonoraenequipo.com.mx\/#organization\",\"name\":\"Sonoraenequipo.com.mx\",\"url\":\"https:\/\/www.sonoraenequipo.com.mx\/\",\"logo\":{\"@type\":\"ImageObject\",\"inLanguage\":\"es\",\"@id\":\"https:\/\/www.sonoraenequipo.com.mx\/#\/schema\/logo\/image\/\",\"url\":\"https:\/\/www.sonoraenequipo.com.mx\/storage\/2019\/01\/sonoraenequipo_opt.png\",\"contentUrl\":\"https:\/\/www.sonoraenequipo.com.mx\/storage\/2019\/01\/sonoraenequipo_opt.png\",\"width\":375,\"height\":125,\"caption\":\"Sonoraenequipo.com.mx\"},\"image\":{\"@id\":\"https:\/\/www.sonoraenequipo.com.mx\/#\/schema\/logo\/image\/\"},\"sameAs\":[\"https:\/\/www.facebook.com\/SonoraEE\/\",\"https:\/\/x.com\/sonoraenequipo\",\"https:\/\/www.youtube.com\/channel\/UC338nW-lPEYmJQs4ZABQ1SQ\"]},{\"@type\":\"Person\",\"@id\":\"https:\/\/www.sonoraenequipo.com.mx\/#\/schema\/person\/50102df0fb23a8fa9e8effad8fa81386\",\"name\":\"enequipo\",\"image\":{\"@type\":\"ImageObject\",\"inLanguage\":\"es\",\"@id\":\"https:\/\/www.sonoraenequipo.com.mx\/#\/schema\/person\/image\/\",\"url\":\"https:\/\/secure.gravatar.com\/avatar\/049821681b589dabc0bc20695993ccebb09f5b5d4d790cd9251b97faac7c652b?s=96&d=blank&r=g\",\"contentUrl\":\"https:\/\/secure.gravatar.com\/avatar\/049821681b589dabc0bc20695993ccebb09f5b5d4d790cd9251b97faac7c652b?s=96&d=blank&r=g\",\"caption\":\"enequipo\"},\"sameAs\":[\"https:\/\/www.facebook.com\/SonoraEE\"]}]}<\/script>\n ","yoast_head_json":{"title":"Sonora en Equipo. Alfonso Durazo sigue a la cabeza en la elecci\u00f3n del 2021 en Sonora LA ELECCION 2024","description":"HERMOSILLO, SONORA. MX. \u2014 A pocos d\u00edas de las elecciones en Sonora y el resto del pa\u00eds, la tensi\u00f3n y la polarizaci\u00f3n aumenta de manera exponencial . En Sonora en Equipo publicamos toda la informaci\u00f3n de Sonora, M\u00e9xico y el Mundo de manera oportuna y busca que la libertad de expresi\u00f3n sea real. Visita nuestro medio informativo publicado desde Hermosillo, Sonora. %","robots":{"index":"index","follow":"follow","max-snippet":"max-snippet:-1","max-image-preview":"max-image-preview:large","max-video-preview":"max-video-preview:-1"},"canonical":"https:\/\/www.sonoraenequipo.com.mx\/alfonso-durazo-sigue-a-la-cabeza-en-la-eleccion-del-2021-en-sonora\/","og_locale":"es_ES","og_type":"article","og_title":"Sonora en Equipo. Alfonso Durazo sigue a la cabeza en la elecci\u00f3n del 2021 en Sonora LA ELECCION 2024","og_description":"HERMOSILLO, SONORA. MX. \u2014 A pocos d\u00edas de las elecciones en Sonora y el resto del pa\u00eds, la tensi\u00f3n y la polarizaci\u00f3n aumenta de manera exponencial . En Sonora en Equipo publicamos toda la informaci\u00f3n de Sonora, M\u00e9xico y el Mundo de manera oportuna y busca que la libertad de expresi\u00f3n sea real. Visita nuestro medio informativo publicado desde Hermosillo, Sonora. %","og_url":"https:\/\/www.sonoraenequipo.com.mx\/alfonso-durazo-sigue-a-la-cabeza-en-la-eleccion-del-2021-en-sonora\/","og_site_name":"Sonora en Equipo.","article_publisher":"https:\/\/www.facebook.com\/SonoraEE\/","article_author":"https:\/\/www.facebook.com\/SonoraEE","article_published_time":"2021-05-21T03:45:34+00:00","article_modified_time":"2021-05-21T03:58:44+00:00","og_image":[{"width":700,"height":400,"url":"https:\/\/www.sonoraenequipo.com.mx\/storage\/2021\/05\/durazo-a-la-cabeza_opt.jpg","type":"image\/jpeg"}],"author":"enequipo","twitter_card":"summary_large_image","twitter_creator":"@sonoraenequipo","twitter_site":"@sonoraenequipo","twitter_misc":{"Escrito por":"enequipo","Tiempo de lectura":"3 minutos"},"schema":{"@context":"https:\/\/schema.org","@graph":[{"@type":"Article","@id":"https:\/\/www.sonoraenequipo.com.mx\/alfonso-durazo-sigue-a-la-cabeza-en-la-eleccion-del-2021-en-sonora\/#article","isPartOf":{"@id":"https:\/\/www.sonoraenequipo.com.mx\/alfonso-durazo-sigue-a-la-cabeza-en-la-eleccion-del-2021-en-sonora\/"},"author":{"name":"enequipo","@id":"https:\/\/www.sonoraenequipo.com.mx\/#\/schema\/person\/50102df0fb23a8fa9e8effad8fa81386"},"headline":"Alfonso Durazo sigue a la cabeza en la elecci\u00f3n del 2021 en Sonora","datePublished":"2021-05-21T03:45:34+00:00","dateModified":"2021-05-21T03:58:44+00:00","mainEntityOfPage":{"@id":"https:\/\/www.sonoraenequipo.com.mx\/alfonso-durazo-sigue-a-la-cabeza-en-la-eleccion-del-2021-en-sonora\/"},"wordCount":474,"commentCount":0,"publisher":{"@id":"https:\/\/www.sonoraenequipo.com.mx\/#organization"},"image":{"@id":"https:\/\/www.sonoraenequipo.com.mx\/alfonso-durazo-sigue-a-la-cabeza-en-la-eleccion-del-2021-en-sonora\/#primaryimage"},"thumbnailUrl":"https:\/\/www.sonoraenequipo.com.mx\/storage\/2021\/05\/durazo-a-la-cabeza_opt.jpg","articleSection":["LA ELECCION 2024"],"inLanguage":"es","potentialAction":[{"@type":"CommentAction","name":"Comment","target":["https:\/\/www.sonoraenequipo.com.mx\/alfonso-durazo-sigue-a-la-cabeza-en-la-eleccion-del-2021-en-sonora\/#respond"]}]},{"@type":"WebPage","@id":"https:\/\/www.sonoraenequipo.com.mx\/alfonso-durazo-sigue-a-la-cabeza-en-la-eleccion-del-2021-en-sonora\/","url":"https:\/\/www.sonoraenequipo.com.mx\/alfonso-durazo-sigue-a-la-cabeza-en-la-eleccion-del-2021-en-sonora\/","name":"Sonora en Equipo. Alfonso Durazo sigue a la cabeza en la elecci\u00f3n del 2021 en Sonora LA ELECCION 2024","isPartOf":{"@id":"https:\/\/www.sonoraenequipo.com.mx\/#website"},"primaryImageOfPage":{"@id":"https:\/\/www.sonoraenequipo.com.mx\/alfonso-durazo-sigue-a-la-cabeza-en-la-eleccion-del-2021-en-sonora\/#primaryimage"},"image":{"@id":"https:\/\/www.sonoraenequipo.com.mx\/alfonso-durazo-sigue-a-la-cabeza-en-la-eleccion-del-2021-en-sonora\/#primaryimage"},"thumbnailUrl":"https:\/\/www.sonoraenequipo.com.mx\/storage\/2021\/05\/durazo-a-la-cabeza_opt.jpg","datePublished":"2021-05-21T03:45:34+00:00","dateModified":"2021-05-21T03:58:44+00:00","description":"HERMOSILLO, SONORA. MX. \u2014 A pocos d\u00edas de las elecciones en Sonora y el resto del pa\u00eds, la tensi\u00f3n y la polarizaci\u00f3n aumenta de manera exponencial . En Sonora en Equipo publicamos toda la informaci\u00f3n de Sonora, M\u00e9xico y el Mundo de manera oportuna y busca que la libertad de expresi\u00f3n sea real. Visita nuestro medio informativo publicado desde Hermosillo, Sonora. %","breadcrumb":{"@id":"https:\/\/www.sonoraenequipo.com.mx\/alfonso-durazo-sigue-a-la-cabeza-en-la-eleccion-del-2021-en-sonora\/#breadcrumb"},"inLanguage":"es","potentialAction":[{"@type":"ReadAction","target":["https:\/\/www.sonoraenequipo.com.mx\/alfonso-durazo-sigue-a-la-cabeza-en-la-eleccion-del-2021-en-sonora\/"]}]},{"@type":"ImageObject","inLanguage":"es","@id":"https:\/\/www.sonoraenequipo.com.mx\/alfonso-durazo-sigue-a-la-cabeza-en-la-eleccion-del-2021-en-sonora\/#primaryimage","url":"https:\/\/www.sonoraenequipo.com.mx\/storage\/2021\/05\/durazo-a-la-cabeza_opt.jpg","contentUrl":"https:\/\/www.sonoraenequipo.com.mx\/storage\/2021\/05\/durazo-a-la-cabeza_opt.jpg","width":700,"height":400},{"@type":"BreadcrumbList","@id":"https:\/\/www.sonoraenequipo.com.mx\/alfonso-durazo-sigue-a-la-cabeza-en-la-eleccion-del-2021-en-sonora\/#breadcrumb","itemListElement":[{"@type":"ListItem","position":1,"name":"Portada","item":"https:\/\/www.sonoraenequipo.com.mx\/"},{"@type":"ListItem","position":2,"name":"Alfonso Durazo sigue a la cabeza en la elecci\u00f3n del 2021 en Sonora"}]},{"@type":"WebSite","@id":"https:\/\/www.sonoraenequipo.com.mx\/#website","url":"https:\/\/www.sonoraenequipo.com.mx\/","name":"Sonora en Equipo.","description":"Diario en l\u00ednea con Noticias desde Hermosillo, Sonora","publisher":{"@id":"https:\/\/www.sonoraenequipo.com.mx\/#organization"},"potentialAction":[{"@type":"SearchAction","target":{"@type":"EntryPoint","urlTemplate":"https:\/\/www.sonoraenequipo.com.mx\/?s={search_term_string}"},"query-input":{"@type":"PropertyValueSpecification","valueRequired":true,"valueName":"search_term_string"}}],"inLanguage":"es"},{"@type":"Organization","@id":"https:\/\/www.sonoraenequipo.com.mx\/#organization","name":"Sonoraenequipo.com.mx","url":"https:\/\/www.sonoraenequipo.com.mx\/","logo":{"@type":"ImageObject","inLanguage":"es","@id":"https:\/\/www.sonoraenequipo.com.mx\/#\/schema\/logo\/image\/","url":"https:\/\/www.sonoraenequipo.com.mx\/storage\/2019\/01\/sonoraenequipo_opt.png","contentUrl":"https:\/\/www.sonoraenequipo.com.mx\/storage\/2019\/01\/sonoraenequipo_opt.png","width":375,"height":125,"caption":"Sonoraenequipo.com.mx"},"image":{"@id":"https:\/\/www.sonoraenequipo.com.mx\/#\/schema\/logo\/image\/"},"sameAs":["https:\/\/www.facebook.com\/SonoraEE\/","https:\/\/x.com\/sonoraenequipo","https:\/\/www.youtube.com\/channel\/UC338nW-lPEYmJQs4ZABQ1SQ"]},{"@type":"Person","@id":"https:\/\/www.sonoraenequipo.com.mx\/#\/schema\/person\/50102df0fb23a8fa9e8effad8fa81386","name":"enequipo","image":{"@type":"ImageObject","inLanguage":"es","@id":"https:\/\/www.sonoraenequipo.com.mx\/#\/schema\/person\/image\/","url":"https:\/\/secure.gravatar.com\/avatar\/049821681b589dabc0bc20695993ccebb09f5b5d4d790cd9251b97faac7c652b?s=96&d=blank&r=g","contentUrl":"https:\/\/secure.gravatar.com\/avatar\/049821681b589dabc0bc20695993ccebb09f5b5d4d790cd9251b97faac7c652b?s=96&d=blank&r=g","caption":"enequipo"},"sameAs":["https:\/\/www.facebook.com\/SonoraEE"]}]}},"jetpack_featured_media_url":"https:\/\/www.sonoraenequipo.com.mx\/storage\/2021\/05\/durazo-a-la-cabeza_opt.jpg","_links":{"self":[{"href":"https:\/\/www.sonoraenequipo.com.mx\/api\/wp\/v2\/posts\/114449","targetHints":{"allow":["GET"]}}],"collection":[{"href":"https:\/\/www.sonoraenequipo.com.mx\/api\/wp\/v2\/posts"}],"about":[{"href":"https:\/\/www.sonoraenequipo.com.mx\/api\/wp\/v2\/types\/post"}],"author":[{"embeddable":true,"href":"https:\/\/www.sonoraenequipo.com.mx\/api\/wp\/v2\/users\/1"}],"replies":[{"embeddable":true,"href":"https:\/\/www.sonoraenequipo.com.mx\/api\/wp\/v2\/comments?post=114449"}],"version-history":[{"count":5,"href":"https:\/\/www.sonoraenequipo.com.mx\/api\/wp\/v2\/posts\/114449\/revisions"}],"predecessor-version":[{"id":114458,"href":"https:\/\/www.sonoraenequipo.com.mx\/api\/wp\/v2\/posts\/114449\/revisions\/114458"}],"wp:featuredmedia":[{"embeddable":true,"href":"https:\/\/www.sonoraenequipo.com.mx\/api\/wp\/v2\/media\/114450"}],"wp:attachment":[{"href":"https:\/\/www.sonoraenequipo.com.mx\/api\/wp\/v2\/media?parent=114449"}],"wp:term":[{"taxonomy":"category","embeddable":true,"href":"https:\/\/www.sonoraenequipo.com.mx\/api\/wp\/v2\/categories?post=114449"},{"taxonomy":"post_tag","embeddable":true,"href":"https:\/\/www.sonoraenequipo.com.mx\/api\/wp\/v2\/tags?post=114449"}],"curies":[{"name":"wp","href":"https:\/\/api.w.org\/{rel}","templated":true}]}}