{"id":114467,"date":"2021-05-20T23:00:59","date_gmt":"2021-05-21T06:00:59","guid":{"rendered":"https:\/\/www.sonoraenequipo.com.mx\/?p=114467"},"modified":"2021-05-21T11:58:40","modified_gmt":"2021-05-21T18:58:40","slug":"el-covid-no-ha-terminado-no-bajemos-la-guardia-enrique-clausen","status":"publish","type":"post","link":"https:\/\/www.sonoraenequipo.com.mx\/el-covid-no-ha-terminado-no-bajemos-la-guardia-enrique-clausen\/","title":{"rendered":"El COVID no ha terminado, no bajemos la guardia: Enrique Clausen"},"content":{"rendered":"<p>\u25baSe confirman cuatro defunciones m\u00e1s y 87 nuevos casos de COVID<\/p>\n<p>&nbsp;<\/p>\n<p>HERMOSILLO, SONORA,MX.\u2500\u2500 El coronavirus, aunque no lo podamos ver, est\u00e1 presente en todas partes y t\u00fa ya sabes c\u00f3mo protegerte de este virus, pues por un a\u00f1o ya se te ha informado que el uso de cubrebocas, lavado frecuente de manos y sana distancia son fundamentales, expres\u00f3 Enrique Clausen Iberri.<\/p>\n<p>&nbsp;<\/p>\n<p>Despu\u00e9s de confirmarse cuatro defunciones m\u00e1s y 87 nuevos contagios por COVID-19, el secretario de Salud reiter\u00f3anoche que confiarse y quitarse el cubrebocas ha ocasionado muchos contagios, la confianza de estar en lugares no ventilados conviviendo con personas fuera del n\u00facleo familiar han ocasionado que este virus cruel y despiadado siga propag\u00e1ndose.<\/p>\n<p>&nbsp;<\/p>\n<p>\u201cAct\u00faa con mucha cautela, evita lugares aglomerados y procura ventilar espacios cerrados. No bajes la guardia, esta guerra contra el COVID-19 no ha terminado\u201d, coment\u00f3.<\/p>\n<p>&nbsp;<\/p>\n<p>En cuanto a los datos estad\u00edsticos de hoy, 67 mil 239 personas se han recuperado en Sonora, cuatro pacientes COVID fueron dados de alta; hoy se confirman cuatro decesos en tres hombres y una mujer, dos residentes de Hermosillo, uno de Caborca y uno de Cajeme; los 4 derechohabientes del IMSS, con lo que se acumulan 6 mil 313 defunciones.<\/p>\n<p>&nbsp;<\/p>\n<p>Hoy se suman 87 nuevos casos en 47 mujeres y 40 hombres; residentes de Hermosillo 32; Cajeme 16; Guaymas 10; Huatabampo y Caborca seis cada uno; Navojoa cinco; San Luis R\u00edo Colorado tres; Santa Ana y Nogales dos cada uno; Magdalena, \u00c1lamos, Empalme, Pitiquito y Puerto Pe\u00f1asco uno cada uno, con los que se acumulan 74 mil 51 casos en total.<\/p>\n<p>&nbsp;<\/p>\n<p>Se confirmaron dos casos pedi\u00e1tricos en una ni\u00f1a y un ni\u00f1o; acumul\u00e1ndose mil 375 casos en total; y cinco casos en mujeres embarazadas; acumul\u00e1ndose 501 casos en total. De los 87 casos confirmados de hoy, tres fueron en trabajadores de la salud de diversas instituciones.<\/p>\n<p>&nbsp;<\/p>\n<p>Al momento se han realizado 132 mil 429; confirmado 74 mil 51 casos, y descartados 58 mil 378 casos; 4 mil 328 personas presentan cuadro leve (435 activos y 3 mil 893 seguimiento terminado); se han curado 63 mil 346 pacientes curados; hospitalizados: 64 (7 estables, 42 graves, 15 cr\u00edticos).<\/p>\n<p>Casos COVID-19 en Sonora 74,051 casos confirmados y 6,313 defunciones.<\/p>\n<p>Defunciones registradas el 20 de mayo de 2021: 4.<\/p>\n<p>Fecha de Publicaci\u00f3n\u00a0 jueves\u00a0 \/ 20\u00a0 \/ mayo \/ 2021<\/p>\n","protected":false},"excerpt":{"rendered":"<p>\u25baSe confirman cuatro defunciones m\u00e1s y 87 nuevos casos de COVID &nbsp; HERMOSILLO, SONORA,MX.\u2500\u2500 El&#8230;<\/p>\n","protected":false},"author":1,"featured_media":106973,"comment_status":"open","ping_status":"open","sticky":false,"template":"","format":"standard","meta":{"_monsterinsights_skip_tracking":false,"_monsterinsights_sitenote_active":false,"_monsterinsights_sitenote_note":"","_monsterinsights_sitenote_category":0,"footnotes":""},"categories":[22],"tags":[4611,4249,15],"class_list":["post"],"yoast_head":" \n<title>Sonora en Equipo. El COVID no ha terminado, no bajemos la guardia: Enrique Clausen Sonora<\/title>\n<meta name=\"description\" content=\"\u25baSe confirman cuatro defunciones m\u00e1s y 87 nuevos casos de COVID &nbsp; HERMOSILLO, SONORA,MX.\u2500\u2500 El coronavirus, aunque no lo podamos ver, est\u00e1 presente en En Sonora en Equipo publicamos toda la informaci\u00f3n de Sonora, M\u00e9xico y el Mundo de manera oportuna y busca que la libertad de expresi\u00f3n sea real. Visita nuestro medio informativo publicado desde Hermosillo, Sonora. %\" \/>\n<meta name=\"robots\" content=\"index, follow, max-snippet:-1, max-image-preview:large, max-video-preview:-1\" \/>\n<link rel=\"canonical\" href=\"https:\/\/www.sonoraenequipo.com.mx\/el-covid-no-ha-terminado-no-bajemos-la-guardia-enrique-clausen\/\" \/>\n<meta property=\"og:locale\" content=\"es_ES\" \/>\n<meta property=\"og:type\" content=\"article\" \/>\n<meta property=\"og:title\" content=\"Sonora en Equipo. El COVID no ha terminado, no bajemos la guardia: Enrique Clausen Sonora\" \/>\n<meta property=\"og:description\" content=\"\u25baSe confirman cuatro defunciones m\u00e1s y 87 nuevos casos de COVID &nbsp; HERMOSILLO, SONORA,MX.\u2500\u2500 El coronavirus, aunque no lo podamos ver, est\u00e1 presente en En Sonora en Equipo publicamos toda la informaci\u00f3n de Sonora, M\u00e9xico y el Mundo de manera oportuna y busca que la libertad de expresi\u00f3n sea real. Visita nuestro medio informativo publicado desde Hermosillo, Sonora. %\" \/>\n<meta property=\"og:url\" content=\"https:\/\/www.sonoraenequipo.com.mx\/el-covid-no-ha-terminado-no-bajemos-la-guardia-enrique-clausen\/\" \/>\n<meta property=\"og:site_name\" content=\"Sonora en Equipo.\" \/>\n<meta property=\"article:publisher\" content=\"https:\/\/www.facebook.com\/SonoraEE\/\" \/>\n<meta property=\"article:author\" content=\"https:\/\/www.facebook.com\/SonoraEE\" \/>\n<meta property=\"article:published_time\" content=\"2021-05-21T06:00:59+00:00\" \/>\n<meta property=\"article:modified_time\" content=\"2021-05-21T18:58:40+00:00\" \/>\n<meta property=\"og:image\" content=\"https:\/\/www.sonoraenequipo.com.mx\/storage\/2021\/02\/enrique-clausen-iberry_opt.jpg\" \/>\n\t<meta property=\"og:image:width\" content=\"580\" \/>\n\t<meta property=\"og:image:height\" content=\"400\" \/>\n\t<meta property=\"og:image:type\" content=\"image\/jpeg\" \/>\n<meta name=\"author\" content=\"enequipo\" \/>\n<meta name=\"twitter:card\" content=\"summary_large_image\" \/>\n<meta name=\"twitter:creator\" content=\"@sonoraenequipo\" \/>\n<meta name=\"twitter:site\" content=\"@sonoraenequipo\" \/>\n<meta name=\"twitter:label1\" content=\"Escrito por\" \/>\n\t<meta name=\"twitter:data1\" content=\"enequipo\" \/>\n\t<meta name=\"twitter:label2\" content=\"Tiempo de lectura\" \/>\n\t<meta name=\"twitter:data2\" content=\"2 minutos\" \/>\n<script type=\"application\/ld+json\" class=\"yoast-schema-graph\">{\"@context\":\"https:\/\/schema.org\",\"@graph\":[{\"@type\":\"Article\",\"@id\":\"https:\/\/www.sonoraenequipo.com.mx\/el-covid-no-ha-terminado-no-bajemos-la-guardia-enrique-clausen\/#article\",\"isPartOf\":{\"@id\":\"https:\/\/www.sonoraenequipo.com.mx\/el-covid-no-ha-terminado-no-bajemos-la-guardia-enrique-clausen\/\"},\"author\":{\"name\":\"enequipo\",\"@id\":\"https:\/\/www.sonoraenequipo.com.mx\/#\/schema\/person\/50102df0fb23a8fa9e8effad8fa81386\"},\"headline\":\"El COVID no ha terminado, no bajemos la guardia: Enrique Clausen\",\"datePublished\":\"2021-05-21T06:00:59+00:00\",\"dateModified\":\"2021-05-21T18:58:40+00:00\",\"mainEntityOfPage\":{\"@id\":\"https:\/\/www.sonoraenequipo.com.mx\/el-covid-no-ha-terminado-no-bajemos-la-guardia-enrique-clausen\/\"},\"wordCount\":376,\"commentCount\":0,\"publisher\":{\"@id\":\"https:\/\/www.sonoraenequipo.com.mx\/#organization\"},\"image\":{\"@id\":\"https:\/\/www.sonoraenequipo.com.mx\/el-covid-no-ha-terminado-no-bajemos-la-guardia-enrique-clausen\/#primaryimage\"},\"thumbnailUrl\":\"https:\/\/www.sonoraenequipo.com.mx\/storage\/2021\/02\/enrique-clausen-iberry_opt.jpg\",\"keywords\":[\"clausen\",\"covid\",\"Sonora\"],\"articleSection\":[\"Sonora\"],\"inLanguage\":\"es\",\"potentialAction\":[{\"@type\":\"CommentAction\",\"name\":\"Comment\",\"target\":[\"https:\/\/www.sonoraenequipo.com.mx\/el-covid-no-ha-terminado-no-bajemos-la-guardia-enrique-clausen\/#respond\"]}]},{\"@type\":\"WebPage\",\"@id\":\"https:\/\/www.sonoraenequipo.com.mx\/el-covid-no-ha-terminado-no-bajemos-la-guardia-enrique-clausen\/\",\"url\":\"https:\/\/www.sonoraenequipo.com.mx\/el-covid-no-ha-terminado-no-bajemos-la-guardia-enrique-clausen\/\",\"name\":\"Sonora en Equipo. El COVID no ha terminado, no bajemos la guardia: Enrique Clausen Sonora\",\"isPartOf\":{\"@id\":\"https:\/\/www.sonoraenequipo.com.mx\/#website\"},\"primaryImageOfPage\":{\"@id\":\"https:\/\/www.sonoraenequipo.com.mx\/el-covid-no-ha-terminado-no-bajemos-la-guardia-enrique-clausen\/#primaryimage\"},\"image\":{\"@id\":\"https:\/\/www.sonoraenequipo.com.mx\/el-covid-no-ha-terminado-no-bajemos-la-guardia-enrique-clausen\/#primaryimage\"},\"thumbnailUrl\":\"https:\/\/www.sonoraenequipo.com.mx\/storage\/2021\/02\/enrique-clausen-iberry_opt.jpg\",\"datePublished\":\"2021-05-21T06:00:59+00:00\",\"dateModified\":\"2021-05-21T18:58:40+00:00\",\"description\":\"\u25baSe confirman cuatro defunciones m\u00e1s y 87 nuevos casos de COVID &nbsp; HERMOSILLO, SONORA,MX.\u2500\u2500 El coronavirus, aunque no lo podamos ver, est\u00e1 presente en En Sonora en Equipo publicamos toda la informaci\u00f3n de Sonora, M\u00e9xico y el Mundo de manera oportuna y busca que la libertad de expresi\u00f3n sea real. Visita nuestro medio informativo publicado desde Hermosillo, Sonora. %\",\"breadcrumb\":{\"@id\":\"https:\/\/www.sonoraenequipo.com.mx\/el-covid-no-ha-terminado-no-bajemos-la-guardia-enrique-clausen\/#breadcrumb\"},\"inLanguage\":\"es\",\"potentialAction\":[{\"@type\":\"ReadAction\",\"target\":[\"https:\/\/www.sonoraenequipo.com.mx\/el-covid-no-ha-terminado-no-bajemos-la-guardia-enrique-clausen\/\"]}]},{\"@type\":\"ImageObject\",\"inLanguage\":\"es\",\"@id\":\"https:\/\/www.sonoraenequipo.com.mx\/el-covid-no-ha-terminado-no-bajemos-la-guardia-enrique-clausen\/#primaryimage\",\"url\":\"https:\/\/www.sonoraenequipo.com.mx\/storage\/2021\/02\/enrique-clausen-iberry_opt.jpg\",\"contentUrl\":\"https:\/\/www.sonoraenequipo.com.mx\/storage\/2021\/02\/enrique-clausen-iberry_opt.jpg\",\"width\":580,\"height\":400},{\"@type\":\"BreadcrumbList\",\"@id\":\"https:\/\/www.sonoraenequipo.com.mx\/el-covid-no-ha-terminado-no-bajemos-la-guardia-enrique-clausen\/#breadcrumb\",\"itemListElement\":[{\"@type\":\"ListItem\",\"position\":1,\"name\":\"Portada\",\"item\":\"https:\/\/www.sonoraenequipo.com.mx\/\"},{\"@type\":\"ListItem\",\"position\":2,\"name\":\"El COVID no ha terminado, no bajemos la guardia: Enrique Clausen\"}]},{\"@type\":\"WebSite\",\"@id\":\"https:\/\/www.sonoraenequipo.com.mx\/#website\",\"url\":\"https:\/\/www.sonoraenequipo.com.mx\/\",\"name\":\"Sonora en Equipo.\",\"description\":\"Diario en l\u00ednea con Noticias desde Hermosillo, Sonora\",\"publisher\":{\"@id\":\"https:\/\/www.sonoraenequipo.com.mx\/#organization\"},\"potentialAction\":[{\"@type\":\"SearchAction\",\"target\":{\"@type\":\"EntryPoint\",\"urlTemplate\":\"https:\/\/www.sonoraenequipo.com.mx\/?s={search_term_string}\"},\"query-input\":{\"@type\":\"PropertyValueSpecification\",\"valueRequired\":true,\"valueName\":\"search_term_string\"}}],\"inLanguage\":\"es\"},{\"@type\":\"Organization\",\"@id\":\"https:\/\/www.sonoraenequipo.com.mx\/#organization\",\"name\":\"Sonoraenequipo.com.mx\",\"url\":\"https:\/\/www.sonoraenequipo.com.mx\/\",\"logo\":{\"@type\":\"ImageObject\",\"inLanguage\":\"es\",\"@id\":\"https:\/\/www.sonoraenequipo.com.mx\/#\/schema\/logo\/image\/\",\"url\":\"https:\/\/www.sonoraenequipo.com.mx\/storage\/2019\/01\/sonoraenequipo_opt.png\",\"contentUrl\":\"https:\/\/www.sonoraenequipo.com.mx\/storage\/2019\/01\/sonoraenequipo_opt.png\",\"width\":375,\"height\":125,\"caption\":\"Sonoraenequipo.com.mx\"},\"image\":{\"@id\":\"https:\/\/www.sonoraenequipo.com.mx\/#\/schema\/logo\/image\/\"},\"sameAs\":[\"https:\/\/www.facebook.com\/SonoraEE\/\",\"https:\/\/x.com\/sonoraenequipo\",\"https:\/\/www.youtube.com\/channel\/UC338nW-lPEYmJQs4ZABQ1SQ\"]},{\"@type\":\"Person\",\"@id\":\"https:\/\/www.sonoraenequipo.com.mx\/#\/schema\/person\/50102df0fb23a8fa9e8effad8fa81386\",\"name\":\"enequipo\",\"image\":{\"@type\":\"ImageObject\",\"inLanguage\":\"es\",\"@id\":\"https:\/\/www.sonoraenequipo.com.mx\/#\/schema\/person\/image\/\",\"url\":\"https:\/\/secure.gravatar.com\/avatar\/049821681b589dabc0bc20695993ccebb09f5b5d4d790cd9251b97faac7c652b?s=96&d=blank&r=g\",\"contentUrl\":\"https:\/\/secure.gravatar.com\/avatar\/049821681b589dabc0bc20695993ccebb09f5b5d4d790cd9251b97faac7c652b?s=96&d=blank&r=g\",\"caption\":\"enequipo\"},\"sameAs\":[\"https:\/\/www.facebook.com\/SonoraEE\"]}]}<\/script>\n ","yoast_head_json":{"title":"Sonora en Equipo. El COVID no ha terminado, no bajemos la guardia: Enrique Clausen Sonora","description":"\u25baSe confirman cuatro defunciones m\u00e1s y 87 nuevos casos de COVID &nbsp; HERMOSILLO, SONORA,MX.\u2500\u2500 El coronavirus, aunque no lo podamos ver, est\u00e1 presente en En Sonora en Equipo publicamos toda la informaci\u00f3n de Sonora, M\u00e9xico y el Mundo de manera oportuna y busca que la libertad de expresi\u00f3n sea real. Visita nuestro medio informativo publicado desde Hermosillo, Sonora. %","robots":{"index":"index","follow":"follow","max-snippet":"max-snippet:-1","max-image-preview":"max-image-preview:large","max-video-preview":"max-video-preview:-1"},"canonical":"https:\/\/www.sonoraenequipo.com.mx\/el-covid-no-ha-terminado-no-bajemos-la-guardia-enrique-clausen\/","og_locale":"es_ES","og_type":"article","og_title":"Sonora en Equipo. El COVID no ha terminado, no bajemos la guardia: Enrique Clausen Sonora","og_description":"\u25baSe confirman cuatro defunciones m\u00e1s y 87 nuevos casos de COVID &nbsp; HERMOSILLO, SONORA,MX.\u2500\u2500 El coronavirus, aunque no lo podamos ver, est\u00e1 presente en En Sonora en Equipo publicamos toda la informaci\u00f3n de Sonora, M\u00e9xico y el Mundo de manera oportuna y busca que la libertad de expresi\u00f3n sea real. Visita nuestro medio informativo publicado desde Hermosillo, Sonora. %","og_url":"https:\/\/www.sonoraenequipo.com.mx\/el-covid-no-ha-terminado-no-bajemos-la-guardia-enrique-clausen\/","og_site_name":"Sonora en Equipo.","article_publisher":"https:\/\/www.facebook.com\/SonoraEE\/","article_author":"https:\/\/www.facebook.com\/SonoraEE","article_published_time":"2021-05-21T06:00:59+00:00","article_modified_time":"2021-05-21T18:58:40+00:00","og_image":[{"width":580,"height":400,"url":"https:\/\/www.sonoraenequipo.com.mx\/storage\/2021\/02\/enrique-clausen-iberry_opt.jpg","type":"image\/jpeg"}],"author":"enequipo","twitter_card":"summary_large_image","twitter_creator":"@sonoraenequipo","twitter_site":"@sonoraenequipo","twitter_misc":{"Escrito por":"enequipo","Tiempo de lectura":"2 minutos"},"schema":{"@context":"https:\/\/schema.org","@graph":[{"@type":"Article","@id":"https:\/\/www.sonoraenequipo.com.mx\/el-covid-no-ha-terminado-no-bajemos-la-guardia-enrique-clausen\/#article","isPartOf":{"@id":"https:\/\/www.sonoraenequipo.com.mx\/el-covid-no-ha-terminado-no-bajemos-la-guardia-enrique-clausen\/"},"author":{"name":"enequipo","@id":"https:\/\/www.sonoraenequipo.com.mx\/#\/schema\/person\/50102df0fb23a8fa9e8effad8fa81386"},"headline":"El COVID no ha terminado, no bajemos la guardia: Enrique Clausen","datePublished":"2021-05-21T06:00:59+00:00","dateModified":"2021-05-21T18:58:40+00:00","mainEntityOfPage":{"@id":"https:\/\/www.sonoraenequipo.com.mx\/el-covid-no-ha-terminado-no-bajemos-la-guardia-enrique-clausen\/"},"wordCount":376,"commentCount":0,"publisher":{"@id":"https:\/\/www.sonoraenequipo.com.mx\/#organization"},"image":{"@id":"https:\/\/www.sonoraenequipo.com.mx\/el-covid-no-ha-terminado-no-bajemos-la-guardia-enrique-clausen\/#primaryimage"},"thumbnailUrl":"https:\/\/www.sonoraenequipo.com.mx\/storage\/2021\/02\/enrique-clausen-iberry_opt.jpg","keywords":["clausen","covid","Sonora"],"articleSection":["Sonora"],"inLanguage":"es","potentialAction":[{"@type":"CommentAction","name":"Comment","target":["https:\/\/www.sonoraenequipo.com.mx\/el-covid-no-ha-terminado-no-bajemos-la-guardia-enrique-clausen\/#respond"]}]},{"@type":"WebPage","@id":"https:\/\/www.sonoraenequipo.com.mx\/el-covid-no-ha-terminado-no-bajemos-la-guardia-enrique-clausen\/","url":"https:\/\/www.sonoraenequipo.com.mx\/el-covid-no-ha-terminado-no-bajemos-la-guardia-enrique-clausen\/","name":"Sonora en Equipo. El COVID no ha terminado, no bajemos la guardia: Enrique Clausen Sonora","isPartOf":{"@id":"https:\/\/www.sonoraenequipo.com.mx\/#website"},"primaryImageOfPage":{"@id":"https:\/\/www.sonoraenequipo.com.mx\/el-covid-no-ha-terminado-no-bajemos-la-guardia-enrique-clausen\/#primaryimage"},"image":{"@id":"https:\/\/www.sonoraenequipo.com.mx\/el-covid-no-ha-terminado-no-bajemos-la-guardia-enrique-clausen\/#primaryimage"},"thumbnailUrl":"https:\/\/www.sonoraenequipo.com.mx\/storage\/2021\/02\/enrique-clausen-iberry_opt.jpg","datePublished":"2021-05-21T06:00:59+00:00","dateModified":"2021-05-21T18:58:40+00:00","description":"\u25baSe confirman cuatro defunciones m\u00e1s y 87 nuevos casos de COVID &nbsp; HERMOSILLO, SONORA,MX.\u2500\u2500 El coronavirus, aunque no lo podamos ver, est\u00e1 presente en En Sonora en Equipo publicamos toda la informaci\u00f3n de Sonora, M\u00e9xico y el Mundo de manera oportuna y busca que la libertad de expresi\u00f3n sea real. Visita nuestro medio informativo publicado desde Hermosillo, Sonora. %","breadcrumb":{"@id":"https:\/\/www.sonoraenequipo.com.mx\/el-covid-no-ha-terminado-no-bajemos-la-guardia-enrique-clausen\/#breadcrumb"},"inLanguage":"es","potentialAction":[{"@type":"ReadAction","target":["https:\/\/www.sonoraenequipo.com.mx\/el-covid-no-ha-terminado-no-bajemos-la-guardia-enrique-clausen\/"]}]},{"@type":"ImageObject","inLanguage":"es","@id":"https:\/\/www.sonoraenequipo.com.mx\/el-covid-no-ha-terminado-no-bajemos-la-guardia-enrique-clausen\/#primaryimage","url":"https:\/\/www.sonoraenequipo.com.mx\/storage\/2021\/02\/enrique-clausen-iberry_opt.jpg","contentUrl":"https:\/\/www.sonoraenequipo.com.mx\/storage\/2021\/02\/enrique-clausen-iberry_opt.jpg","width":580,"height":400},{"@type":"BreadcrumbList","@id":"https:\/\/www.sonoraenequipo.com.mx\/el-covid-no-ha-terminado-no-bajemos-la-guardia-enrique-clausen\/#breadcrumb","itemListElement":[{"@type":"ListItem","position":1,"name":"Portada","item":"https:\/\/www.sonoraenequipo.com.mx\/"},{"@type":"ListItem","position":2,"name":"El COVID no ha terminado, no bajemos la guardia: Enrique Clausen"}]},{"@type":"WebSite","@id":"https:\/\/www.sonoraenequipo.com.mx\/#website","url":"https:\/\/www.sonoraenequipo.com.mx\/","name":"Sonora en Equipo.","description":"Diario en l\u00ednea con Noticias desde Hermosillo, Sonora","publisher":{"@id":"https:\/\/www.sonoraenequipo.com.mx\/#organization"},"potentialAction":[{"@type":"SearchAction","target":{"@type":"EntryPoint","urlTemplate":"https:\/\/www.sonoraenequipo.com.mx\/?s={search_term_string}"},"query-input":{"@type":"PropertyValueSpecification","valueRequired":true,"valueName":"search_term_string"}}],"inLanguage":"es"},{"@type":"Organization","@id":"https:\/\/www.sonoraenequipo.com.mx\/#organization","name":"Sonoraenequipo.com.mx","url":"https:\/\/www.sonoraenequipo.com.mx\/","logo":{"@type":"ImageObject","inLanguage":"es","@id":"https:\/\/www.sonoraenequipo.com.mx\/#\/schema\/logo\/image\/","url":"https:\/\/www.sonoraenequipo.com.mx\/storage\/2019\/01\/sonoraenequipo_opt.png","contentUrl":"https:\/\/www.sonoraenequipo.com.mx\/storage\/2019\/01\/sonoraenequipo_opt.png","width":375,"height":125,"caption":"Sonoraenequipo.com.mx"},"image":{"@id":"https:\/\/www.sonoraenequipo.com.mx\/#\/schema\/logo\/image\/"},"sameAs":["https:\/\/www.facebook.com\/SonoraEE\/","https:\/\/x.com\/sonoraenequipo","https:\/\/www.youtube.com\/channel\/UC338nW-lPEYmJQs4ZABQ1SQ"]},{"@type":"Person","@id":"https:\/\/www.sonoraenequipo.com.mx\/#\/schema\/person\/50102df0fb23a8fa9e8effad8fa81386","name":"enequipo","image":{"@type":"ImageObject","inLanguage":"es","@id":"https:\/\/www.sonoraenequipo.com.mx\/#\/schema\/person\/image\/","url":"https:\/\/secure.gravatar.com\/avatar\/049821681b589dabc0bc20695993ccebb09f5b5d4d790cd9251b97faac7c652b?s=96&d=blank&r=g","contentUrl":"https:\/\/secure.gravatar.com\/avatar\/049821681b589dabc0bc20695993ccebb09f5b5d4d790cd9251b97faac7c652b?s=96&d=blank&r=g","caption":"enequipo"},"sameAs":["https:\/\/www.facebook.com\/SonoraEE"]}]}},"jetpack_featured_media_url":"https:\/\/www.sonoraenequipo.com.mx\/storage\/2021\/02\/enrique-clausen-iberry_opt.jpg","_links":{"self":[{"href":"https:\/\/www.sonoraenequipo.com.mx\/api\/wp\/v2\/posts\/114467","targetHints":{"allow":["GET"]}}],"collection":[{"href":"https:\/\/www.sonoraenequipo.com.mx\/api\/wp\/v2\/posts"}],"about":[{"href":"https:\/\/www.sonoraenequipo.com.mx\/api\/wp\/v2\/types\/post"}],"author":[{"embeddable":true,"href":"https:\/\/www.sonoraenequipo.com.mx\/api\/wp\/v2\/users\/1"}],"replies":[{"embeddable":true,"href":"https:\/\/www.sonoraenequipo.com.mx\/api\/wp\/v2\/comments?post=114467"}],"version-history":[{"count":1,"href":"https:\/\/www.sonoraenequipo.com.mx\/api\/wp\/v2\/posts\/114467\/revisions"}],"predecessor-version":[{"id":114468,"href":"https:\/\/www.sonoraenequipo.com.mx\/api\/wp\/v2\/posts\/114467\/revisions\/114468"}],"wp:featuredmedia":[{"embeddable":true,"href":"https:\/\/www.sonoraenequipo.com.mx\/api\/wp\/v2\/media\/106973"}],"wp:attachment":[{"href":"https:\/\/www.sonoraenequipo.com.mx\/api\/wp\/v2\/media?parent=114467"}],"wp:term":[{"taxonomy":"category","embeddable":true,"href":"https:\/\/www.sonoraenequipo.com.mx\/api\/wp\/v2\/categories?post=114467"},{"taxonomy":"post_tag","embeddable":true,"href":"https:\/\/www.sonoraenequipo.com.mx\/api\/wp\/v2\/tags?post=114467"}],"curies":[{"name":"wp","href":"https:\/\/api.w.org\/{rel}","templated":true}]}}