{"id":114479,"date":"2021-05-20T21:36:38","date_gmt":"2021-05-21T04:36:38","guid":{"rendered":"https:\/\/www.sonoraenequipo.com.mx\/?p=114479"},"modified":"2021-05-21T13:38:34","modified_gmt":"2021-05-21T20:38:34","slug":"apoya-unicef-en-sistematizacion-del-modelo-de-proteccion-familiar-del-9-1-1-sonora","status":"publish","type":"post","link":"https:\/\/www.sonoraenequipo.com.mx\/apoya-unicef-en-sistematizacion-del-modelo-de-proteccion-familiar-del-9-1-1-sonora\/","title":{"rendered":"Apoya Unicef en sistematizaci\u00f3n del modelo de Protecci\u00f3n Familiar del 9-1-1 Sonora"},"content":{"rendered":"<p>HERMOSILLO, SONORA.MX. \u2014 Para desarrollar una propuesta de modelo de atenci\u00f3n y seguimiento de casos de violencia contra ni\u00f1as, ni\u00f1os, adolescentes y mujeres, basado en el Despacho de Protecci\u00f3n Familiar del 9-1-1 Sonora que pueda ser replicado por distintas entidades federativas del pa\u00eds, autoridades de la Secretar\u00eda de Seguridad P\u00fablica (SSP) se reunieron con los Consultores promovidos por Unicef y proceder a la sistematizaci\u00f3n del proceso.<\/p>\n<p>&nbsp;<\/p>\n<p> <\/p>\n<p>&nbsp;<\/p>\n<p>Cassandra L\u00f3pez Manzano, titular de la Unidad de Seguimiento Interinstitucional a Programas con Perspectiva de G\u00e9nero de la SSP, inform\u00f3 que se han sostenido reuniones virtuales con el equipo de profesionales que validar\u00e1 el conocimiento y la informaci\u00f3n que se requiera para tener esta buena pr\u00e1ctica.<\/p>\n<p>&nbsp;<\/p>\n<p>El pasado mes de marzo, record\u00f3, el Fondo de las Naciones Unidas para la Infancia (Unicef), conoci\u00f3 a detalle la forma en la que se brinda en Sonora atenci\u00f3n y seguimiento a los casos de violencia contra ni\u00f1as, ni\u00f1os, adolescentes y mujeres por medio de la l\u00ednea de emergencia 9-1-1 a trav\u00e9s del despacho de <em>\u201cProtecci\u00f3n Familiar\u201d.<\/em><\/p>\n<p>&nbsp;<\/p>\n<p>Dicho despacho dijo est\u00e1 integrado por personal especializado del Instituto Sonorense de las Mujeres, DIF Sonora y Salud Mental y Adicciones, al cual lo reconoci\u00f3 como un modelo que puede ser replicado por las distintas entidades federativas del pa\u00eds.<\/p>\n<p>&nbsp;<\/p>\n<p>Precis\u00f3 que Unicef visualiz\u00f3 que el ejemplo de Sonora puede ayudar a construir sistemas fortalecidos en otros estados de la rep\u00fablica para cumplir con los desaf\u00edos y oportunidades.<\/p>\n<p>&nbsp;<\/p>\n<p>Con la representaci\u00f3n de David Anaya Cooley, secretario de Seguridad P\u00fablica y de Guadalupe Lares, N\u00fa\u00f1ez coordinadora estatal del Centro de Control, Comando, Comunicaci\u00f3n, C\u00f3mputo, Coordinaci\u00f3n e Inteligencia (C5i), L\u00f3pez Manzano, hizo del conocimiento del equipo de consultores el compromiso de la SSP para seguir fortaleciendo la atenci\u00f3n desde la l\u00ednea de emergencias.<\/p>\n<p>&nbsp;<\/p>\n<p>Durante la reuni\u00f3n, se presentaron las acciones con perspectiva de g\u00e9nero que actualmente se desarrollan en materia de prevenci\u00f3n, atenci\u00f3n, an\u00e1lisis de informaci\u00f3n, registro, seguimiento y uso de la informaci\u00f3n desde el C5I.<\/p>\n<p>&nbsp;<\/p>\n<p>Cada una de las etapas, dijo funge como prevenci\u00f3n de la violencia y los feminicidios porque permite brindar atenci\u00f3n y seguimiento a las v\u00edctimas desde el primer contacto, que en este caso ser\u00eda la llamada al 9-1-1 Emergencias.<\/p>\n<p>&nbsp;<\/p>\n<p>La pr\u00f3xima semana, adelant\u00f3, entrevistar\u00e1n a personal operativo del C5i, es decir, operadora, supervisora, personal del ISM, DIF y Salud Mental y Adicciones.<\/p>\n<p>&nbsp;<\/p>\n<p>L\u00f3pez Manzano agreg\u00f3 que ser\u00e1 en junio cuando se realicen las visitas presenciales en las instalaciones del C5i Sonora por parte del personal encargado de realizar la consultor\u00eda integrado por Gretha Jimena Vilchis Cordero, Isabel L\u00f3pez Padilla Tostado, Katia Ch\u00e1vez Le\u00f3n y Cristina Santoyo De Jes\u00fas.<\/p>\n<p>&nbsp;<\/p>\n<p>Adelant\u00f3 que para agosto se prev\u00e9 tener el documento del modelo de Protecci\u00f3n Familiar del 9-1-1 Sonora, mismo que podr\u00e1 ser replicable en otros estados del pa\u00eds.<\/p>\n<p>&nbsp;<\/p>\n<p>&nbsp;<\/p>\n<p>(Publicada el 20\/05\/2021)<\/p>\n","protected":false},"excerpt":{"rendered":"<p>HERMOSILLO, SONORA.MX. \u2014 Para desarrollar una propuesta de modelo de atenci\u00f3n y seguimiento de casos&#8230;<\/p>\n","protected":false},"author":1,"featured_media":114472,"comment_status":"open","ping_status":"open","sticky":false,"template":"","format":"standard","meta":{"_monsterinsights_skip_tracking":false,"_monsterinsights_sitenote_active":false,"_monsterinsights_sitenote_note":"","_monsterinsights_sitenote_category":0,"footnotes":""},"categories":[22],"tags":[],"class_list":["post"],"yoast_head":" \n<title>Sonora en Equipo. Apoya Unicef en sistematizaci\u00f3n del modelo de Protecci\u00f3n Familiar del 9-1-1 Sonora Sonora<\/title>\n<meta name=\"description\" content=\"HERMOSILLO, SONORA.MX. \u2014 Para desarrollar una propuesta de modelo de atenci\u00f3n y seguimiento de casos de violencia contra ni\u00f1as, ni\u00f1os, adolescentes y En Sonora en Equipo publicamos toda la informaci\u00f3n de Sonora, M\u00e9xico y el Mundo de manera oportuna y busca que la libertad de expresi\u00f3n sea real. Visita nuestro medio informativo publicado desde Hermosillo, Sonora. %\" \/>\n<meta name=\"robots\" content=\"index, follow, max-snippet:-1, max-image-preview:large, max-video-preview:-1\" \/>\n<link rel=\"canonical\" href=\"https:\/\/www.sonoraenequipo.com.mx\/apoya-unicef-en-sistematizacion-del-modelo-de-proteccion-familiar-del-9-1-1-sonora\/\" \/>\n<meta property=\"og:locale\" content=\"es_ES\" \/>\n<meta property=\"og:type\" content=\"article\" \/>\n<meta property=\"og:title\" content=\"Sonora en Equipo. Apoya Unicef en sistematizaci\u00f3n del modelo de Protecci\u00f3n Familiar del 9-1-1 Sonora Sonora\" \/>\n<meta property=\"og:description\" content=\"HERMOSILLO, SONORA.MX. \u2014 Para desarrollar una propuesta de modelo de atenci\u00f3n y seguimiento de casos de violencia contra ni\u00f1as, ni\u00f1os, adolescentes y En Sonora en Equipo publicamos toda la informaci\u00f3n de Sonora, M\u00e9xico y el Mundo de manera oportuna y busca que la libertad de expresi\u00f3n sea real. Visita nuestro medio informativo publicado desde Hermosillo, Sonora. %\" \/>\n<meta property=\"og:url\" content=\"https:\/\/www.sonoraenequipo.com.mx\/apoya-unicef-en-sistematizacion-del-modelo-de-proteccion-familiar-del-9-1-1-sonora\/\" \/>\n<meta property=\"og:site_name\" content=\"Sonora en Equipo.\" \/>\n<meta property=\"article:publisher\" content=\"https:\/\/www.facebook.com\/SonoraEE\/\" \/>\n<meta property=\"article:author\" content=\"https:\/\/www.facebook.com\/SonoraEE\" \/>\n<meta property=\"article:published_time\" content=\"2021-05-21T04:36:38+00:00\" \/>\n<meta property=\"article:modified_time\" content=\"2021-05-21T20:38:34+00:00\" \/>\n<meta property=\"og:image\" content=\"https:\/\/www.sonoraenequipo.com.mx\/storage\/2021\/05\/Unicef_opt.jpg\" \/>\n\t<meta property=\"og:image:width\" content=\"700\" \/>\n\t<meta property=\"og:image:height\" content=\"400\" \/>\n\t<meta property=\"og:image:type\" content=\"image\/jpeg\" \/>\n<meta name=\"author\" content=\"enequipo\" \/>\n<meta name=\"twitter:card\" content=\"summary_large_image\" \/>\n<meta name=\"twitter:creator\" content=\"@sonoraenequipo\" \/>\n<meta name=\"twitter:site\" content=\"@sonoraenequipo\" \/>\n<meta name=\"twitter:label1\" content=\"Escrito por\" \/>\n\t<meta name=\"twitter:data1\" content=\"enequipo\" \/>\n\t<meta name=\"twitter:label2\" content=\"Tiempo de lectura\" \/>\n\t<meta name=\"twitter:data2\" content=\"3 minutos\" \/>\n<script type=\"application\/ld+json\" class=\"yoast-schema-graph\">{\"@context\":\"https:\/\/schema.org\",\"@graph\":[{\"@type\":\"Article\",\"@id\":\"https:\/\/www.sonoraenequipo.com.mx\/apoya-unicef-en-sistematizacion-del-modelo-de-proteccion-familiar-del-9-1-1-sonora\/#article\",\"isPartOf\":{\"@id\":\"https:\/\/www.sonoraenequipo.com.mx\/apoya-unicef-en-sistematizacion-del-modelo-de-proteccion-familiar-del-9-1-1-sonora\/\"},\"author\":{\"name\":\"enequipo\",\"@id\":\"https:\/\/www.sonoraenequipo.com.mx\/#\/schema\/person\/50102df0fb23a8fa9e8effad8fa81386\"},\"headline\":\"Apoya Unicef en sistematizaci\u00f3n del modelo de Protecci\u00f3n Familiar del 9-1-1 Sonora\",\"datePublished\":\"2021-05-21T04:36:38+00:00\",\"dateModified\":\"2021-05-21T20:38:34+00:00\",\"mainEntityOfPage\":{\"@id\":\"https:\/\/www.sonoraenequipo.com.mx\/apoya-unicef-en-sistematizacion-del-modelo-de-proteccion-familiar-del-9-1-1-sonora\/\"},\"wordCount\":545,\"commentCount\":0,\"publisher\":{\"@id\":\"https:\/\/www.sonoraenequipo.com.mx\/#organization\"},\"image\":{\"@id\":\"https:\/\/www.sonoraenequipo.com.mx\/apoya-unicef-en-sistematizacion-del-modelo-de-proteccion-familiar-del-9-1-1-sonora\/#primaryimage\"},\"thumbnailUrl\":\"https:\/\/www.sonoraenequipo.com.mx\/storage\/2021\/05\/Unicef_opt.jpg\",\"articleSection\":[\"Sonora\"],\"inLanguage\":\"es\",\"potentialAction\":[{\"@type\":\"CommentAction\",\"name\":\"Comment\",\"target\":[\"https:\/\/www.sonoraenequipo.com.mx\/apoya-unicef-en-sistematizacion-del-modelo-de-proteccion-familiar-del-9-1-1-sonora\/#respond\"]}]},{\"@type\":\"WebPage\",\"@id\":\"https:\/\/www.sonoraenequipo.com.mx\/apoya-unicef-en-sistematizacion-del-modelo-de-proteccion-familiar-del-9-1-1-sonora\/\",\"url\":\"https:\/\/www.sonoraenequipo.com.mx\/apoya-unicef-en-sistematizacion-del-modelo-de-proteccion-familiar-del-9-1-1-sonora\/\",\"name\":\"Sonora en Equipo. Apoya Unicef en sistematizaci\u00f3n del modelo de Protecci\u00f3n Familiar del 9-1-1 Sonora Sonora\",\"isPartOf\":{\"@id\":\"https:\/\/www.sonoraenequipo.com.mx\/#website\"},\"primaryImageOfPage\":{\"@id\":\"https:\/\/www.sonoraenequipo.com.mx\/apoya-unicef-en-sistematizacion-del-modelo-de-proteccion-familiar-del-9-1-1-sonora\/#primaryimage\"},\"image\":{\"@id\":\"https:\/\/www.sonoraenequipo.com.mx\/apoya-unicef-en-sistematizacion-del-modelo-de-proteccion-familiar-del-9-1-1-sonora\/#primaryimage\"},\"thumbnailUrl\":\"https:\/\/www.sonoraenequipo.com.mx\/storage\/2021\/05\/Unicef_opt.jpg\",\"datePublished\":\"2021-05-21T04:36:38+00:00\",\"dateModified\":\"2021-05-21T20:38:34+00:00\",\"description\":\"HERMOSILLO, SONORA.MX. \u2014 Para desarrollar una propuesta de modelo de atenci\u00f3n y seguimiento de casos de violencia contra ni\u00f1as, ni\u00f1os, adolescentes y En Sonora en Equipo publicamos toda la informaci\u00f3n de Sonora, M\u00e9xico y el Mundo de manera oportuna y busca que la libertad de expresi\u00f3n sea real. Visita nuestro medio informativo publicado desde Hermosillo, Sonora. %\",\"breadcrumb\":{\"@id\":\"https:\/\/www.sonoraenequipo.com.mx\/apoya-unicef-en-sistematizacion-del-modelo-de-proteccion-familiar-del-9-1-1-sonora\/#breadcrumb\"},\"inLanguage\":\"es\",\"potentialAction\":[{\"@type\":\"ReadAction\",\"target\":[\"https:\/\/www.sonoraenequipo.com.mx\/apoya-unicef-en-sistematizacion-del-modelo-de-proteccion-familiar-del-9-1-1-sonora\/\"]}]},{\"@type\":\"ImageObject\",\"inLanguage\":\"es\",\"@id\":\"https:\/\/www.sonoraenequipo.com.mx\/apoya-unicef-en-sistematizacion-del-modelo-de-proteccion-familiar-del-9-1-1-sonora\/#primaryimage\",\"url\":\"https:\/\/www.sonoraenequipo.com.mx\/storage\/2021\/05\/Unicef_opt.jpg\",\"contentUrl\":\"https:\/\/www.sonoraenequipo.com.mx\/storage\/2021\/05\/Unicef_opt.jpg\",\"width\":700,\"height\":400},{\"@type\":\"BreadcrumbList\",\"@id\":\"https:\/\/www.sonoraenequipo.com.mx\/apoya-unicef-en-sistematizacion-del-modelo-de-proteccion-familiar-del-9-1-1-sonora\/#breadcrumb\",\"itemListElement\":[{\"@type\":\"ListItem\",\"position\":1,\"name\":\"Portada\",\"item\":\"https:\/\/www.sonoraenequipo.com.mx\/\"},{\"@type\":\"ListItem\",\"position\":2,\"name\":\"Apoya Unicef en sistematizaci\u00f3n del modelo de Protecci\u00f3n Familiar del 9-1-1 Sonora\"}]},{\"@type\":\"WebSite\",\"@id\":\"https:\/\/www.sonoraenequipo.com.mx\/#website\",\"url\":\"https:\/\/www.sonoraenequipo.com.mx\/\",\"name\":\"Sonora en Equipo.\",\"description\":\"Diario en l\u00ednea con Noticias desde Hermosillo, Sonora\",\"publisher\":{\"@id\":\"https:\/\/www.sonoraenequipo.com.mx\/#organization\"},\"potentialAction\":[{\"@type\":\"SearchAction\",\"target\":{\"@type\":\"EntryPoint\",\"urlTemplate\":\"https:\/\/www.sonoraenequipo.com.mx\/?s={search_term_string}\"},\"query-input\":{\"@type\":\"PropertyValueSpecification\",\"valueRequired\":true,\"valueName\":\"search_term_string\"}}],\"inLanguage\":\"es\"},{\"@type\":\"Organization\",\"@id\":\"https:\/\/www.sonoraenequipo.com.mx\/#organization\",\"name\":\"Sonoraenequipo.com.mx\",\"url\":\"https:\/\/www.sonoraenequipo.com.mx\/\",\"logo\":{\"@type\":\"ImageObject\",\"inLanguage\":\"es\",\"@id\":\"https:\/\/www.sonoraenequipo.com.mx\/#\/schema\/logo\/image\/\",\"url\":\"https:\/\/www.sonoraenequipo.com.mx\/storage\/2019\/01\/sonoraenequipo_opt.png\",\"contentUrl\":\"https:\/\/www.sonoraenequipo.com.mx\/storage\/2019\/01\/sonoraenequipo_opt.png\",\"width\":375,\"height\":125,\"caption\":\"Sonoraenequipo.com.mx\"},\"image\":{\"@id\":\"https:\/\/www.sonoraenequipo.com.mx\/#\/schema\/logo\/image\/\"},\"sameAs\":[\"https:\/\/www.facebook.com\/SonoraEE\/\",\"https:\/\/x.com\/sonoraenequipo\",\"https:\/\/www.youtube.com\/channel\/UC338nW-lPEYmJQs4ZABQ1SQ\"]},{\"@type\":\"Person\",\"@id\":\"https:\/\/www.sonoraenequipo.com.mx\/#\/schema\/person\/50102df0fb23a8fa9e8effad8fa81386\",\"name\":\"enequipo\",\"image\":{\"@type\":\"ImageObject\",\"inLanguage\":\"es\",\"@id\":\"https:\/\/www.sonoraenequipo.com.mx\/#\/schema\/person\/image\/\",\"url\":\"https:\/\/secure.gravatar.com\/avatar\/049821681b589dabc0bc20695993ccebb09f5b5d4d790cd9251b97faac7c652b?s=96&d=blank&r=g\",\"contentUrl\":\"https:\/\/secure.gravatar.com\/avatar\/049821681b589dabc0bc20695993ccebb09f5b5d4d790cd9251b97faac7c652b?s=96&d=blank&r=g\",\"caption\":\"enequipo\"},\"sameAs\":[\"https:\/\/www.facebook.com\/SonoraEE\"]}]}<\/script>\n ","yoast_head_json":{"title":"Sonora en Equipo. Apoya Unicef en sistematizaci\u00f3n del modelo de Protecci\u00f3n Familiar del 9-1-1 Sonora Sonora","description":"HERMOSILLO, SONORA.MX. \u2014 Para desarrollar una propuesta de modelo de atenci\u00f3n y seguimiento de casos de violencia contra ni\u00f1as, ni\u00f1os, adolescentes y En Sonora en Equipo publicamos toda la informaci\u00f3n de Sonora, M\u00e9xico y el Mundo de manera oportuna y busca que la libertad de expresi\u00f3n sea real. Visita nuestro medio informativo publicado desde Hermosillo, Sonora. %","robots":{"index":"index","follow":"follow","max-snippet":"max-snippet:-1","max-image-preview":"max-image-preview:large","max-video-preview":"max-video-preview:-1"},"canonical":"https:\/\/www.sonoraenequipo.com.mx\/apoya-unicef-en-sistematizacion-del-modelo-de-proteccion-familiar-del-9-1-1-sonora\/","og_locale":"es_ES","og_type":"article","og_title":"Sonora en Equipo. Apoya Unicef en sistematizaci\u00f3n del modelo de Protecci\u00f3n Familiar del 9-1-1 Sonora Sonora","og_description":"HERMOSILLO, SONORA.MX. \u2014 Para desarrollar una propuesta de modelo de atenci\u00f3n y seguimiento de casos de violencia contra ni\u00f1as, ni\u00f1os, adolescentes y En Sonora en Equipo publicamos toda la informaci\u00f3n de Sonora, M\u00e9xico y el Mundo de manera oportuna y busca que la libertad de expresi\u00f3n sea real. Visita nuestro medio informativo publicado desde Hermosillo, Sonora. %","og_url":"https:\/\/www.sonoraenequipo.com.mx\/apoya-unicef-en-sistematizacion-del-modelo-de-proteccion-familiar-del-9-1-1-sonora\/","og_site_name":"Sonora en Equipo.","article_publisher":"https:\/\/www.facebook.com\/SonoraEE\/","article_author":"https:\/\/www.facebook.com\/SonoraEE","article_published_time":"2021-05-21T04:36:38+00:00","article_modified_time":"2021-05-21T20:38:34+00:00","og_image":[{"width":700,"height":400,"url":"https:\/\/www.sonoraenequipo.com.mx\/storage\/2021\/05\/Unicef_opt.jpg","type":"image\/jpeg"}],"author":"enequipo","twitter_card":"summary_large_image","twitter_creator":"@sonoraenequipo","twitter_site":"@sonoraenequipo","twitter_misc":{"Escrito por":"enequipo","Tiempo de lectura":"3 minutos"},"schema":{"@context":"https:\/\/schema.org","@graph":[{"@type":"Article","@id":"https:\/\/www.sonoraenequipo.com.mx\/apoya-unicef-en-sistematizacion-del-modelo-de-proteccion-familiar-del-9-1-1-sonora\/#article","isPartOf":{"@id":"https:\/\/www.sonoraenequipo.com.mx\/apoya-unicef-en-sistematizacion-del-modelo-de-proteccion-familiar-del-9-1-1-sonora\/"},"author":{"name":"enequipo","@id":"https:\/\/www.sonoraenequipo.com.mx\/#\/schema\/person\/50102df0fb23a8fa9e8effad8fa81386"},"headline":"Apoya Unicef en sistematizaci\u00f3n del modelo de Protecci\u00f3n Familiar del 9-1-1 Sonora","datePublished":"2021-05-21T04:36:38+00:00","dateModified":"2021-05-21T20:38:34+00:00","mainEntityOfPage":{"@id":"https:\/\/www.sonoraenequipo.com.mx\/apoya-unicef-en-sistematizacion-del-modelo-de-proteccion-familiar-del-9-1-1-sonora\/"},"wordCount":545,"commentCount":0,"publisher":{"@id":"https:\/\/www.sonoraenequipo.com.mx\/#organization"},"image":{"@id":"https:\/\/www.sonoraenequipo.com.mx\/apoya-unicef-en-sistematizacion-del-modelo-de-proteccion-familiar-del-9-1-1-sonora\/#primaryimage"},"thumbnailUrl":"https:\/\/www.sonoraenequipo.com.mx\/storage\/2021\/05\/Unicef_opt.jpg","articleSection":["Sonora"],"inLanguage":"es","potentialAction":[{"@type":"CommentAction","name":"Comment","target":["https:\/\/www.sonoraenequipo.com.mx\/apoya-unicef-en-sistematizacion-del-modelo-de-proteccion-familiar-del-9-1-1-sonora\/#respond"]}]},{"@type":"WebPage","@id":"https:\/\/www.sonoraenequipo.com.mx\/apoya-unicef-en-sistematizacion-del-modelo-de-proteccion-familiar-del-9-1-1-sonora\/","url":"https:\/\/www.sonoraenequipo.com.mx\/apoya-unicef-en-sistematizacion-del-modelo-de-proteccion-familiar-del-9-1-1-sonora\/","name":"Sonora en Equipo. Apoya Unicef en sistematizaci\u00f3n del modelo de Protecci\u00f3n Familiar del 9-1-1 Sonora Sonora","isPartOf":{"@id":"https:\/\/www.sonoraenequipo.com.mx\/#website"},"primaryImageOfPage":{"@id":"https:\/\/www.sonoraenequipo.com.mx\/apoya-unicef-en-sistematizacion-del-modelo-de-proteccion-familiar-del-9-1-1-sonora\/#primaryimage"},"image":{"@id":"https:\/\/www.sonoraenequipo.com.mx\/apoya-unicef-en-sistematizacion-del-modelo-de-proteccion-familiar-del-9-1-1-sonora\/#primaryimage"},"thumbnailUrl":"https:\/\/www.sonoraenequipo.com.mx\/storage\/2021\/05\/Unicef_opt.jpg","datePublished":"2021-05-21T04:36:38+00:00","dateModified":"2021-05-21T20:38:34+00:00","description":"HERMOSILLO, SONORA.MX. \u2014 Para desarrollar una propuesta de modelo de atenci\u00f3n y seguimiento de casos de violencia contra ni\u00f1as, ni\u00f1os, adolescentes y En Sonora en Equipo publicamos toda la informaci\u00f3n de Sonora, M\u00e9xico y el Mundo de manera oportuna y busca que la libertad de expresi\u00f3n sea real. Visita nuestro medio informativo publicado desde Hermosillo, Sonora. %","breadcrumb":{"@id":"https:\/\/www.sonoraenequipo.com.mx\/apoya-unicef-en-sistematizacion-del-modelo-de-proteccion-familiar-del-9-1-1-sonora\/#breadcrumb"},"inLanguage":"es","potentialAction":[{"@type":"ReadAction","target":["https:\/\/www.sonoraenequipo.com.mx\/apoya-unicef-en-sistematizacion-del-modelo-de-proteccion-familiar-del-9-1-1-sonora\/"]}]},{"@type":"ImageObject","inLanguage":"es","@id":"https:\/\/www.sonoraenequipo.com.mx\/apoya-unicef-en-sistematizacion-del-modelo-de-proteccion-familiar-del-9-1-1-sonora\/#primaryimage","url":"https:\/\/www.sonoraenequipo.com.mx\/storage\/2021\/05\/Unicef_opt.jpg","contentUrl":"https:\/\/www.sonoraenequipo.com.mx\/storage\/2021\/05\/Unicef_opt.jpg","width":700,"height":400},{"@type":"BreadcrumbList","@id":"https:\/\/www.sonoraenequipo.com.mx\/apoya-unicef-en-sistematizacion-del-modelo-de-proteccion-familiar-del-9-1-1-sonora\/#breadcrumb","itemListElement":[{"@type":"ListItem","position":1,"name":"Portada","item":"https:\/\/www.sonoraenequipo.com.mx\/"},{"@type":"ListItem","position":2,"name":"Apoya Unicef en sistematizaci\u00f3n del modelo de Protecci\u00f3n Familiar del 9-1-1 Sonora"}]},{"@type":"WebSite","@id":"https:\/\/www.sonoraenequipo.com.mx\/#website","url":"https:\/\/www.sonoraenequipo.com.mx\/","name":"Sonora en Equipo.","description":"Diario en l\u00ednea con Noticias desde Hermosillo, Sonora","publisher":{"@id":"https:\/\/www.sonoraenequipo.com.mx\/#organization"},"potentialAction":[{"@type":"SearchAction","target":{"@type":"EntryPoint","urlTemplate":"https:\/\/www.sonoraenequipo.com.mx\/?s={search_term_string}"},"query-input":{"@type":"PropertyValueSpecification","valueRequired":true,"valueName":"search_term_string"}}],"inLanguage":"es"},{"@type":"Organization","@id":"https:\/\/www.sonoraenequipo.com.mx\/#organization","name":"Sonoraenequipo.com.mx","url":"https:\/\/www.sonoraenequipo.com.mx\/","logo":{"@type":"ImageObject","inLanguage":"es","@id":"https:\/\/www.sonoraenequipo.com.mx\/#\/schema\/logo\/image\/","url":"https:\/\/www.sonoraenequipo.com.mx\/storage\/2019\/01\/sonoraenequipo_opt.png","contentUrl":"https:\/\/www.sonoraenequipo.com.mx\/storage\/2019\/01\/sonoraenequipo_opt.png","width":375,"height":125,"caption":"Sonoraenequipo.com.mx"},"image":{"@id":"https:\/\/www.sonoraenequipo.com.mx\/#\/schema\/logo\/image\/"},"sameAs":["https:\/\/www.facebook.com\/SonoraEE\/","https:\/\/x.com\/sonoraenequipo","https:\/\/www.youtube.com\/channel\/UC338nW-lPEYmJQs4ZABQ1SQ"]},{"@type":"Person","@id":"https:\/\/www.sonoraenequipo.com.mx\/#\/schema\/person\/50102df0fb23a8fa9e8effad8fa81386","name":"enequipo","image":{"@type":"ImageObject","inLanguage":"es","@id":"https:\/\/www.sonoraenequipo.com.mx\/#\/schema\/person\/image\/","url":"https:\/\/secure.gravatar.com\/avatar\/049821681b589dabc0bc20695993ccebb09f5b5d4d790cd9251b97faac7c652b?s=96&d=blank&r=g","contentUrl":"https:\/\/secure.gravatar.com\/avatar\/049821681b589dabc0bc20695993ccebb09f5b5d4d790cd9251b97faac7c652b?s=96&d=blank&r=g","caption":"enequipo"},"sameAs":["https:\/\/www.facebook.com\/SonoraEE"]}]}},"jetpack_featured_media_url":"https:\/\/www.sonoraenequipo.com.mx\/storage\/2021\/05\/Unicef_opt.jpg","_links":{"self":[{"href":"https:\/\/www.sonoraenequipo.com.mx\/api\/wp\/v2\/posts\/114479","targetHints":{"allow":["GET"]}}],"collection":[{"href":"https:\/\/www.sonoraenequipo.com.mx\/api\/wp\/v2\/posts"}],"about":[{"href":"https:\/\/www.sonoraenequipo.com.mx\/api\/wp\/v2\/types\/post"}],"author":[{"embeddable":true,"href":"https:\/\/www.sonoraenequipo.com.mx\/api\/wp\/v2\/users\/1"}],"replies":[{"embeddable":true,"href":"https:\/\/www.sonoraenequipo.com.mx\/api\/wp\/v2\/comments?post=114479"}],"version-history":[{"count":1,"href":"https:\/\/www.sonoraenequipo.com.mx\/api\/wp\/v2\/posts\/114479\/revisions"}],"predecessor-version":[{"id":114480,"href":"https:\/\/www.sonoraenequipo.com.mx\/api\/wp\/v2\/posts\/114479\/revisions\/114480"}],"wp:featuredmedia":[{"embeddable":true,"href":"https:\/\/www.sonoraenequipo.com.mx\/api\/wp\/v2\/media\/114472"}],"wp:attachment":[{"href":"https:\/\/www.sonoraenequipo.com.mx\/api\/wp\/v2\/media?parent=114479"}],"wp:term":[{"taxonomy":"category","embeddable":true,"href":"https:\/\/www.sonoraenequipo.com.mx\/api\/wp\/v2\/categories?post=114479"},{"taxonomy":"post_tag","embeddable":true,"href":"https:\/\/www.sonoraenequipo.com.mx\/api\/wp\/v2\/tags?post=114479"}],"curies":[{"name":"wp","href":"https:\/\/api.w.org\/{rel}","templated":true}]}}