{"id":114482,"date":"2021-05-21T14:49:30","date_gmt":"2021-05-21T21:49:30","guid":{"rendered":"https:\/\/www.sonoraenequipo.com.mx\/?p=114482"},"modified":"2021-05-21T14:49:30","modified_gmt":"2021-05-21T21:49:30","slug":"congreso-de-tamaulipas-interpone-controversia-por-orden-de-aprehension-contra-cabeza-de-vaca","status":"publish","type":"post","link":"https:\/\/www.sonoraenequipo.com.mx\/congreso-de-tamaulipas-interpone-controversia-por-orden-de-aprehension-contra-cabeza-de-vaca\/","title":{"rendered":"Congreso de Tamaulipas interpone controversia por orden de aprehensi\u00f3n contra Cabeza de Vaca"},"content":{"rendered":"<p>REYNOSA, TAMAULIPAS. MX, \u2014 El Congreso de Tamaulipas interpuso una nueva controversia institucional ante la Suprema Corte de Justicia de la Naci\u00f3n (SCJN) por la orden de aprehensi\u00f3n que hay en contra del gobernador de la entidad, Francisco Garc\u00eda Cabeza de Vaca.<\/p>\n<p>&nbsp;<\/p>\n<p> <\/p>\n<p>&nbsp;<\/p>\n<p>Los legisladores locales detallaron que la controversia es contra la Fiscal\u00eda General de la Rep\u00fablica (FGR), dependencia a la que se le otorg\u00f3 la orden, y contra el juez que la concedi\u00f3, considerando que se trata de un acto que afecta la esfera constitucional del Congreso del estado.<\/p>\n<p>&nbsp;<\/p>\n<p><strong>Adem\u00e1s, agregaron que:<\/strong><\/p>\n<p>&nbsp;<\/p>\n<p><em>\u201c\u2026contraviene a la Constituci\u00f3n Pol\u00edtica Mexicana, respecto a la resoluci\u00f3n que con base en el p\u00e1rrafo quinto del art\u00edculo 111 Constitucional se emiti\u00f3 el pasado 14 de mayo por un ministro de la SCJN\u201d.<\/em><\/p>\n<p>&nbsp;<\/p>\n<p>El jueves, los legisladores tamaulipecos aprobaron un punto de acuerdo para solicitar que la FGR abra una carpeta de investigaci\u00f3n contra el Juez Iv\u00e1n Aar\u00f3n Zefer\u00edn Hern\u00e1ndez, quien habr\u00eda aprobado la orden de aprehensi\u00f3n.<\/p>\n<p>&nbsp;<\/p>\n<p>Adem\u00e1s, aprobaron presentar la denuncia ante la Fiscal\u00eda General de la Rep\u00fablica contra los servidores p\u00fablicos o quienes hayan participado en la solicitud, omisi\u00f3n y en su caso, probable ejecuci\u00f3n de la orden de aprehensi\u00f3n.<\/p>\n<p>&nbsp;<\/p>\n<p>&nbsp;<\/p>\n<p>(Publicada el 21\/05\/2021)<\/p>\n","protected":false},"excerpt":{"rendered":"<p>REYNOSA, TAMAULIPAS. MX, \u2014 El Congreso de Tamaulipas interpuso una nueva controversia institucional ante la&#8230;<\/p>\n","protected":false},"author":1,"featured_media":114483,"comment_status":"open","ping_status":"open","sticky":false,"template":"","format":"standard","meta":{"_monsterinsights_skip_tracking":false,"_monsterinsights_sitenote_active":false,"_monsterinsights_sitenote_note":"","_monsterinsights_sitenote_category":0,"footnotes":""},"categories":[5],"tags":[],"class_list":["post"],"yoast_head":" \n<title>Sonora en Equipo. Congreso de Tamaulipas interpone controversia por orden de aprehensi\u00f3n contra Cabeza de Vaca Rep\u00fablica<\/title>\n<meta name=\"description\" content=\"REYNOSA, TAMAULIPAS. MX, \u2014 El Congreso de Tamaulipas interpuso una nueva controversia institucional ante la Suprema Corte de Justicia de la Naci\u00f3n (SCJN) En Sonora en Equipo publicamos toda la informaci\u00f3n de Sonora, M\u00e9xico y el Mundo de manera oportuna y busca que la libertad de expresi\u00f3n sea real. Visita nuestro medio informativo publicado desde Hermosillo, Sonora. %\" \/>\n<meta name=\"robots\" content=\"index, follow, max-snippet:-1, max-image-preview:large, max-video-preview:-1\" \/>\n<link rel=\"canonical\" href=\"https:\/\/www.sonoraenequipo.com.mx\/congreso-de-tamaulipas-interpone-controversia-por-orden-de-aprehension-contra-cabeza-de-vaca\/\" \/>\n<meta property=\"og:locale\" content=\"es_ES\" \/>\n<meta property=\"og:type\" content=\"article\" \/>\n<meta property=\"og:title\" content=\"Sonora en Equipo. Congreso de Tamaulipas interpone controversia por orden de aprehensi\u00f3n contra Cabeza de Vaca Rep\u00fablica\" \/>\n<meta property=\"og:description\" content=\"REYNOSA, TAMAULIPAS. MX, \u2014 El Congreso de Tamaulipas interpuso una nueva controversia institucional ante la Suprema Corte de Justicia de la Naci\u00f3n (SCJN) En Sonora en Equipo publicamos toda la informaci\u00f3n de Sonora, M\u00e9xico y el Mundo de manera oportuna y busca que la libertad de expresi\u00f3n sea real. Visita nuestro medio informativo publicado desde Hermosillo, Sonora. %\" \/>\n<meta property=\"og:url\" content=\"https:\/\/www.sonoraenequipo.com.mx\/congreso-de-tamaulipas-interpone-controversia-por-orden-de-aprehension-contra-cabeza-de-vaca\/\" \/>\n<meta property=\"og:site_name\" content=\"Sonora en Equipo.\" \/>\n<meta property=\"article:publisher\" content=\"https:\/\/www.facebook.com\/SonoraEE\/\" \/>\n<meta property=\"article:author\" content=\"https:\/\/www.facebook.com\/SonoraEE\" \/>\n<meta property=\"article:published_time\" content=\"2021-05-21T21:49:30+00:00\" \/>\n<meta property=\"og:image\" content=\"https:\/\/www.sonoraenequipo.com.mx\/storage\/2021\/05\/garcia-cabeza-de-vaca_opt.jpg\" \/>\n\t<meta property=\"og:image:width\" content=\"700\" \/>\n\t<meta property=\"og:image:height\" content=\"400\" \/>\n\t<meta property=\"og:image:type\" content=\"image\/jpeg\" \/>\n<meta name=\"author\" content=\"enequipo\" \/>\n<meta name=\"twitter:card\" content=\"summary_large_image\" \/>\n<meta name=\"twitter:creator\" content=\"@sonoraenequipo\" \/>\n<meta name=\"twitter:site\" content=\"@sonoraenequipo\" \/>\n<meta name=\"twitter:label1\" content=\"Escrito por\" \/>\n\t<meta name=\"twitter:data1\" content=\"enequipo\" \/>\n\t<meta name=\"twitter:label2\" content=\"Tiempo de lectura\" \/>\n\t<meta name=\"twitter:data2\" content=\"1 minuto\" \/>\n<script type=\"application\/ld+json\" class=\"yoast-schema-graph\">{\"@context\":\"https:\/\/schema.org\",\"@graph\":[{\"@type\":\"Article\",\"@id\":\"https:\/\/www.sonoraenequipo.com.mx\/congreso-de-tamaulipas-interpone-controversia-por-orden-de-aprehension-contra-cabeza-de-vaca\/#article\",\"isPartOf\":{\"@id\":\"https:\/\/www.sonoraenequipo.com.mx\/congreso-de-tamaulipas-interpone-controversia-por-orden-de-aprehension-contra-cabeza-de-vaca\/\"},\"author\":{\"name\":\"enequipo\",\"@id\":\"https:\/\/www.sonoraenequipo.com.mx\/#\/schema\/person\/50102df0fb23a8fa9e8effad8fa81386\"},\"headline\":\"Congreso de Tamaulipas interpone controversia por orden de aprehensi\u00f3n contra Cabeza de Vaca\",\"datePublished\":\"2021-05-21T21:49:30+00:00\",\"mainEntityOfPage\":{\"@id\":\"https:\/\/www.sonoraenequipo.com.mx\/congreso-de-tamaulipas-interpone-controversia-por-orden-de-aprehension-contra-cabeza-de-vaca\/\"},\"wordCount\":242,\"commentCount\":0,\"publisher\":{\"@id\":\"https:\/\/www.sonoraenequipo.com.mx\/#organization\"},\"image\":{\"@id\":\"https:\/\/www.sonoraenequipo.com.mx\/congreso-de-tamaulipas-interpone-controversia-por-orden-de-aprehension-contra-cabeza-de-vaca\/#primaryimage\"},\"thumbnailUrl\":\"https:\/\/www.sonoraenequipo.com.mx\/storage\/2021\/05\/garcia-cabeza-de-vaca_opt.jpg\",\"articleSection\":[\"Rep\u00fablica\"],\"inLanguage\":\"es\",\"potentialAction\":[{\"@type\":\"CommentAction\",\"name\":\"Comment\",\"target\":[\"https:\/\/www.sonoraenequipo.com.mx\/congreso-de-tamaulipas-interpone-controversia-por-orden-de-aprehension-contra-cabeza-de-vaca\/#respond\"]}]},{\"@type\":\"WebPage\",\"@id\":\"https:\/\/www.sonoraenequipo.com.mx\/congreso-de-tamaulipas-interpone-controversia-por-orden-de-aprehension-contra-cabeza-de-vaca\/\",\"url\":\"https:\/\/www.sonoraenequipo.com.mx\/congreso-de-tamaulipas-interpone-controversia-por-orden-de-aprehension-contra-cabeza-de-vaca\/\",\"name\":\"Sonora en Equipo. Congreso de Tamaulipas interpone controversia por orden de aprehensi\u00f3n contra Cabeza de Vaca Rep\u00fablica\",\"isPartOf\":{\"@id\":\"https:\/\/www.sonoraenequipo.com.mx\/#website\"},\"primaryImageOfPage\":{\"@id\":\"https:\/\/www.sonoraenequipo.com.mx\/congreso-de-tamaulipas-interpone-controversia-por-orden-de-aprehension-contra-cabeza-de-vaca\/#primaryimage\"},\"image\":{\"@id\":\"https:\/\/www.sonoraenequipo.com.mx\/congreso-de-tamaulipas-interpone-controversia-por-orden-de-aprehension-contra-cabeza-de-vaca\/#primaryimage\"},\"thumbnailUrl\":\"https:\/\/www.sonoraenequipo.com.mx\/storage\/2021\/05\/garcia-cabeza-de-vaca_opt.jpg\",\"datePublished\":\"2021-05-21T21:49:30+00:00\",\"description\":\"REYNOSA, TAMAULIPAS. MX, \u2014 El Congreso de Tamaulipas interpuso una nueva controversia institucional ante la Suprema Corte de Justicia de la Naci\u00f3n (SCJN) En Sonora en Equipo publicamos toda la informaci\u00f3n de Sonora, M\u00e9xico y el Mundo de manera oportuna y busca que la libertad de expresi\u00f3n sea real. Visita nuestro medio informativo publicado desde Hermosillo, Sonora. %\",\"breadcrumb\":{\"@id\":\"https:\/\/www.sonoraenequipo.com.mx\/congreso-de-tamaulipas-interpone-controversia-por-orden-de-aprehension-contra-cabeza-de-vaca\/#breadcrumb\"},\"inLanguage\":\"es\",\"potentialAction\":[{\"@type\":\"ReadAction\",\"target\":[\"https:\/\/www.sonoraenequipo.com.mx\/congreso-de-tamaulipas-interpone-controversia-por-orden-de-aprehension-contra-cabeza-de-vaca\/\"]}]},{\"@type\":\"ImageObject\",\"inLanguage\":\"es\",\"@id\":\"https:\/\/www.sonoraenequipo.com.mx\/congreso-de-tamaulipas-interpone-controversia-por-orden-de-aprehension-contra-cabeza-de-vaca\/#primaryimage\",\"url\":\"https:\/\/www.sonoraenequipo.com.mx\/storage\/2021\/05\/garcia-cabeza-de-vaca_opt.jpg\",\"contentUrl\":\"https:\/\/www.sonoraenequipo.com.mx\/storage\/2021\/05\/garcia-cabeza-de-vaca_opt.jpg\",\"width\":700,\"height\":400},{\"@type\":\"BreadcrumbList\",\"@id\":\"https:\/\/www.sonoraenequipo.com.mx\/congreso-de-tamaulipas-interpone-controversia-por-orden-de-aprehension-contra-cabeza-de-vaca\/#breadcrumb\",\"itemListElement\":[{\"@type\":\"ListItem\",\"position\":1,\"name\":\"Portada\",\"item\":\"https:\/\/www.sonoraenequipo.com.mx\/\"},{\"@type\":\"ListItem\",\"position\":2,\"name\":\"Congreso de Tamaulipas interpone controversia por orden de aprehensi\u00f3n contra Cabeza de Vaca\"}]},{\"@type\":\"WebSite\",\"@id\":\"https:\/\/www.sonoraenequipo.com.mx\/#website\",\"url\":\"https:\/\/www.sonoraenequipo.com.mx\/\",\"name\":\"Sonora en Equipo.\",\"description\":\"Diario en l\u00ednea con Noticias desde Hermosillo, Sonora\",\"publisher\":{\"@id\":\"https:\/\/www.sonoraenequipo.com.mx\/#organization\"},\"potentialAction\":[{\"@type\":\"SearchAction\",\"target\":{\"@type\":\"EntryPoint\",\"urlTemplate\":\"https:\/\/www.sonoraenequipo.com.mx\/?s={search_term_string}\"},\"query-input\":{\"@type\":\"PropertyValueSpecification\",\"valueRequired\":true,\"valueName\":\"search_term_string\"}}],\"inLanguage\":\"es\"},{\"@type\":\"Organization\",\"@id\":\"https:\/\/www.sonoraenequipo.com.mx\/#organization\",\"name\":\"Sonoraenequipo.com.mx\",\"url\":\"https:\/\/www.sonoraenequipo.com.mx\/\",\"logo\":{\"@type\":\"ImageObject\",\"inLanguage\":\"es\",\"@id\":\"https:\/\/www.sonoraenequipo.com.mx\/#\/schema\/logo\/image\/\",\"url\":\"https:\/\/www.sonoraenequipo.com.mx\/storage\/2019\/01\/sonoraenequipo_opt.png\",\"contentUrl\":\"https:\/\/www.sonoraenequipo.com.mx\/storage\/2019\/01\/sonoraenequipo_opt.png\",\"width\":375,\"height\":125,\"caption\":\"Sonoraenequipo.com.mx\"},\"image\":{\"@id\":\"https:\/\/www.sonoraenequipo.com.mx\/#\/schema\/logo\/image\/\"},\"sameAs\":[\"https:\/\/www.facebook.com\/SonoraEE\/\",\"https:\/\/x.com\/sonoraenequipo\",\"https:\/\/www.youtube.com\/channel\/UC338nW-lPEYmJQs4ZABQ1SQ\"]},{\"@type\":\"Person\",\"@id\":\"https:\/\/www.sonoraenequipo.com.mx\/#\/schema\/person\/50102df0fb23a8fa9e8effad8fa81386\",\"name\":\"enequipo\",\"image\":{\"@type\":\"ImageObject\",\"inLanguage\":\"es\",\"@id\":\"https:\/\/www.sonoraenequipo.com.mx\/#\/schema\/person\/image\/\",\"url\":\"https:\/\/secure.gravatar.com\/avatar\/049821681b589dabc0bc20695993ccebb09f5b5d4d790cd9251b97faac7c652b?s=96&d=blank&r=g\",\"contentUrl\":\"https:\/\/secure.gravatar.com\/avatar\/049821681b589dabc0bc20695993ccebb09f5b5d4d790cd9251b97faac7c652b?s=96&d=blank&r=g\",\"caption\":\"enequipo\"},\"sameAs\":[\"https:\/\/www.facebook.com\/SonoraEE\"]}]}<\/script>\n ","yoast_head_json":{"title":"Sonora en Equipo. Congreso de Tamaulipas interpone controversia por orden de aprehensi\u00f3n contra Cabeza de Vaca Rep\u00fablica","description":"REYNOSA, TAMAULIPAS. MX, \u2014 El Congreso de Tamaulipas interpuso una nueva controversia institucional ante la Suprema Corte de Justicia de la Naci\u00f3n (SCJN) En Sonora en Equipo publicamos toda la informaci\u00f3n de Sonora, M\u00e9xico y el Mundo de manera oportuna y busca que la libertad de expresi\u00f3n sea real. Visita nuestro medio informativo publicado desde Hermosillo, Sonora. %","robots":{"index":"index","follow":"follow","max-snippet":"max-snippet:-1","max-image-preview":"max-image-preview:large","max-video-preview":"max-video-preview:-1"},"canonical":"https:\/\/www.sonoraenequipo.com.mx\/congreso-de-tamaulipas-interpone-controversia-por-orden-de-aprehension-contra-cabeza-de-vaca\/","og_locale":"es_ES","og_type":"article","og_title":"Sonora en Equipo. Congreso de Tamaulipas interpone controversia por orden de aprehensi\u00f3n contra Cabeza de Vaca Rep\u00fablica","og_description":"REYNOSA, TAMAULIPAS. MX, \u2014 El Congreso de Tamaulipas interpuso una nueva controversia institucional ante la Suprema Corte de Justicia de la Naci\u00f3n (SCJN) En Sonora en Equipo publicamos toda la informaci\u00f3n de Sonora, M\u00e9xico y el Mundo de manera oportuna y busca que la libertad de expresi\u00f3n sea real. Visita nuestro medio informativo publicado desde Hermosillo, Sonora. %","og_url":"https:\/\/www.sonoraenequipo.com.mx\/congreso-de-tamaulipas-interpone-controversia-por-orden-de-aprehension-contra-cabeza-de-vaca\/","og_site_name":"Sonora en Equipo.","article_publisher":"https:\/\/www.facebook.com\/SonoraEE\/","article_author":"https:\/\/www.facebook.com\/SonoraEE","article_published_time":"2021-05-21T21:49:30+00:00","og_image":[{"width":700,"height":400,"url":"https:\/\/www.sonoraenequipo.com.mx\/storage\/2021\/05\/garcia-cabeza-de-vaca_opt.jpg","type":"image\/jpeg"}],"author":"enequipo","twitter_card":"summary_large_image","twitter_creator":"@sonoraenequipo","twitter_site":"@sonoraenequipo","twitter_misc":{"Escrito por":"enequipo","Tiempo de lectura":"1 minuto"},"schema":{"@context":"https:\/\/schema.org","@graph":[{"@type":"Article","@id":"https:\/\/www.sonoraenequipo.com.mx\/congreso-de-tamaulipas-interpone-controversia-por-orden-de-aprehension-contra-cabeza-de-vaca\/#article","isPartOf":{"@id":"https:\/\/www.sonoraenequipo.com.mx\/congreso-de-tamaulipas-interpone-controversia-por-orden-de-aprehension-contra-cabeza-de-vaca\/"},"author":{"name":"enequipo","@id":"https:\/\/www.sonoraenequipo.com.mx\/#\/schema\/person\/50102df0fb23a8fa9e8effad8fa81386"},"headline":"Congreso de Tamaulipas interpone controversia por orden de aprehensi\u00f3n contra Cabeza de Vaca","datePublished":"2021-05-21T21:49:30+00:00","mainEntityOfPage":{"@id":"https:\/\/www.sonoraenequipo.com.mx\/congreso-de-tamaulipas-interpone-controversia-por-orden-de-aprehension-contra-cabeza-de-vaca\/"},"wordCount":242,"commentCount":0,"publisher":{"@id":"https:\/\/www.sonoraenequipo.com.mx\/#organization"},"image":{"@id":"https:\/\/www.sonoraenequipo.com.mx\/congreso-de-tamaulipas-interpone-controversia-por-orden-de-aprehension-contra-cabeza-de-vaca\/#primaryimage"},"thumbnailUrl":"https:\/\/www.sonoraenequipo.com.mx\/storage\/2021\/05\/garcia-cabeza-de-vaca_opt.jpg","articleSection":["Rep\u00fablica"],"inLanguage":"es","potentialAction":[{"@type":"CommentAction","name":"Comment","target":["https:\/\/www.sonoraenequipo.com.mx\/congreso-de-tamaulipas-interpone-controversia-por-orden-de-aprehension-contra-cabeza-de-vaca\/#respond"]}]},{"@type":"WebPage","@id":"https:\/\/www.sonoraenequipo.com.mx\/congreso-de-tamaulipas-interpone-controversia-por-orden-de-aprehension-contra-cabeza-de-vaca\/","url":"https:\/\/www.sonoraenequipo.com.mx\/congreso-de-tamaulipas-interpone-controversia-por-orden-de-aprehension-contra-cabeza-de-vaca\/","name":"Sonora en Equipo. Congreso de Tamaulipas interpone controversia por orden de aprehensi\u00f3n contra Cabeza de Vaca Rep\u00fablica","isPartOf":{"@id":"https:\/\/www.sonoraenequipo.com.mx\/#website"},"primaryImageOfPage":{"@id":"https:\/\/www.sonoraenequipo.com.mx\/congreso-de-tamaulipas-interpone-controversia-por-orden-de-aprehension-contra-cabeza-de-vaca\/#primaryimage"},"image":{"@id":"https:\/\/www.sonoraenequipo.com.mx\/congreso-de-tamaulipas-interpone-controversia-por-orden-de-aprehension-contra-cabeza-de-vaca\/#primaryimage"},"thumbnailUrl":"https:\/\/www.sonoraenequipo.com.mx\/storage\/2021\/05\/garcia-cabeza-de-vaca_opt.jpg","datePublished":"2021-05-21T21:49:30+00:00","description":"REYNOSA, TAMAULIPAS. MX, \u2014 El Congreso de Tamaulipas interpuso una nueva controversia institucional ante la Suprema Corte de Justicia de la Naci\u00f3n (SCJN) En Sonora en Equipo publicamos toda la informaci\u00f3n de Sonora, M\u00e9xico y el Mundo de manera oportuna y busca que la libertad de expresi\u00f3n sea real. Visita nuestro medio informativo publicado desde Hermosillo, Sonora. %","breadcrumb":{"@id":"https:\/\/www.sonoraenequipo.com.mx\/congreso-de-tamaulipas-interpone-controversia-por-orden-de-aprehension-contra-cabeza-de-vaca\/#breadcrumb"},"inLanguage":"es","potentialAction":[{"@type":"ReadAction","target":["https:\/\/www.sonoraenequipo.com.mx\/congreso-de-tamaulipas-interpone-controversia-por-orden-de-aprehension-contra-cabeza-de-vaca\/"]}]},{"@type":"ImageObject","inLanguage":"es","@id":"https:\/\/www.sonoraenequipo.com.mx\/congreso-de-tamaulipas-interpone-controversia-por-orden-de-aprehension-contra-cabeza-de-vaca\/#primaryimage","url":"https:\/\/www.sonoraenequipo.com.mx\/storage\/2021\/05\/garcia-cabeza-de-vaca_opt.jpg","contentUrl":"https:\/\/www.sonoraenequipo.com.mx\/storage\/2021\/05\/garcia-cabeza-de-vaca_opt.jpg","width":700,"height":400},{"@type":"BreadcrumbList","@id":"https:\/\/www.sonoraenequipo.com.mx\/congreso-de-tamaulipas-interpone-controversia-por-orden-de-aprehension-contra-cabeza-de-vaca\/#breadcrumb","itemListElement":[{"@type":"ListItem","position":1,"name":"Portada","item":"https:\/\/www.sonoraenequipo.com.mx\/"},{"@type":"ListItem","position":2,"name":"Congreso de Tamaulipas interpone controversia por orden de aprehensi\u00f3n contra Cabeza de Vaca"}]},{"@type":"WebSite","@id":"https:\/\/www.sonoraenequipo.com.mx\/#website","url":"https:\/\/www.sonoraenequipo.com.mx\/","name":"Sonora en Equipo.","description":"Diario en l\u00ednea con Noticias desde Hermosillo, Sonora","publisher":{"@id":"https:\/\/www.sonoraenequipo.com.mx\/#organization"},"potentialAction":[{"@type":"SearchAction","target":{"@type":"EntryPoint","urlTemplate":"https:\/\/www.sonoraenequipo.com.mx\/?s={search_term_string}"},"query-input":{"@type":"PropertyValueSpecification","valueRequired":true,"valueName":"search_term_string"}}],"inLanguage":"es"},{"@type":"Organization","@id":"https:\/\/www.sonoraenequipo.com.mx\/#organization","name":"Sonoraenequipo.com.mx","url":"https:\/\/www.sonoraenequipo.com.mx\/","logo":{"@type":"ImageObject","inLanguage":"es","@id":"https:\/\/www.sonoraenequipo.com.mx\/#\/schema\/logo\/image\/","url":"https:\/\/www.sonoraenequipo.com.mx\/storage\/2019\/01\/sonoraenequipo_opt.png","contentUrl":"https:\/\/www.sonoraenequipo.com.mx\/storage\/2019\/01\/sonoraenequipo_opt.png","width":375,"height":125,"caption":"Sonoraenequipo.com.mx"},"image":{"@id":"https:\/\/www.sonoraenequipo.com.mx\/#\/schema\/logo\/image\/"},"sameAs":["https:\/\/www.facebook.com\/SonoraEE\/","https:\/\/x.com\/sonoraenequipo","https:\/\/www.youtube.com\/channel\/UC338nW-lPEYmJQs4ZABQ1SQ"]},{"@type":"Person","@id":"https:\/\/www.sonoraenequipo.com.mx\/#\/schema\/person\/50102df0fb23a8fa9e8effad8fa81386","name":"enequipo","image":{"@type":"ImageObject","inLanguage":"es","@id":"https:\/\/www.sonoraenequipo.com.mx\/#\/schema\/person\/image\/","url":"https:\/\/secure.gravatar.com\/avatar\/049821681b589dabc0bc20695993ccebb09f5b5d4d790cd9251b97faac7c652b?s=96&d=blank&r=g","contentUrl":"https:\/\/secure.gravatar.com\/avatar\/049821681b589dabc0bc20695993ccebb09f5b5d4d790cd9251b97faac7c652b?s=96&d=blank&r=g","caption":"enequipo"},"sameAs":["https:\/\/www.facebook.com\/SonoraEE"]}]}},"jetpack_featured_media_url":"https:\/\/www.sonoraenequipo.com.mx\/storage\/2021\/05\/garcia-cabeza-de-vaca_opt.jpg","_links":{"self":[{"href":"https:\/\/www.sonoraenequipo.com.mx\/api\/wp\/v2\/posts\/114482","targetHints":{"allow":["GET"]}}],"collection":[{"href":"https:\/\/www.sonoraenequipo.com.mx\/api\/wp\/v2\/posts"}],"about":[{"href":"https:\/\/www.sonoraenequipo.com.mx\/api\/wp\/v2\/types\/post"}],"author":[{"embeddable":true,"href":"https:\/\/www.sonoraenequipo.com.mx\/api\/wp\/v2\/users\/1"}],"replies":[{"embeddable":true,"href":"https:\/\/www.sonoraenequipo.com.mx\/api\/wp\/v2\/comments?post=114482"}],"version-history":[{"count":1,"href":"https:\/\/www.sonoraenequipo.com.mx\/api\/wp\/v2\/posts\/114482\/revisions"}],"predecessor-version":[{"id":114484,"href":"https:\/\/www.sonoraenequipo.com.mx\/api\/wp\/v2\/posts\/114482\/revisions\/114484"}],"wp:featuredmedia":[{"embeddable":true,"href":"https:\/\/www.sonoraenequipo.com.mx\/api\/wp\/v2\/media\/114483"}],"wp:attachment":[{"href":"https:\/\/www.sonoraenequipo.com.mx\/api\/wp\/v2\/media?parent=114482"}],"wp:term":[{"taxonomy":"category","embeddable":true,"href":"https:\/\/www.sonoraenequipo.com.mx\/api\/wp\/v2\/categories?post=114482"},{"taxonomy":"post_tag","embeddable":true,"href":"https:\/\/www.sonoraenequipo.com.mx\/api\/wp\/v2\/tags?post=114482"}],"curies":[{"name":"wp","href":"https:\/\/api.w.org\/{rel}","templated":true}]}}