{"id":114492,"date":"2021-05-21T10:49:27","date_gmt":"2021-05-21T17:49:27","guid":{"rendered":"https:\/\/www.sonoraenequipo.com.mx\/?p=114492"},"modified":"2021-05-21T17:23:10","modified_gmt":"2021-05-22T00:23:10","slug":"la-aplicacion-del-ine-presentara-videos-de-candidatos-para-promover-un-voto-informado","status":"publish","type":"post","link":"https:\/\/www.sonoraenequipo.com.mx\/la-aplicacion-del-ine-presentara-videos-de-candidatos-para-promover-un-voto-informado\/","title":{"rendered":"La aplicaci\u00f3n del INE presentar\u00e1 videos de candidatos para promover un voto informado"},"content":{"rendered":"<p>CIUDAD DE M\u00c9XICO. MX. \u2014 Con el prop\u00f3sito de fomentar un voto informado para el d\u00eda de la Jornada Electoral y abonar al fortalecimiento de la cultura democr\u00e1tica del pa\u00eds, el Instituto Nacional Electoral (INE) particip\u00f3 en la presentaci\u00f3n de la plataforma Bur\u00f3 Parlamentario, una aplicaci\u00f3n m\u00f3vil gratuita para identificar qui\u00e9nes son las y los candidatos que compiten, adem\u00e1s de sus propuestas y trayectoria.<\/p>\n<p>&nbsp;<\/p>\n<p> <\/p>\n<p>&nbsp;<\/p>\n<p>Durante el evento virtual, la Consejera Adriana Favela destac\u00f3 que las campa\u00f1as electorales por parte de las y los actores pol\u00edticos son bastante dispersas o se concentran en estar haciendo campa\u00f1as de descalificaci\u00f3n entre candidaturas y partidos pol\u00edticos,<em> \u201cpero realmente no se esfuerzan en informar de las propuestas para que se pueda ejercer el voto\u201d.<\/em><\/p>\n<p>&nbsp;<\/p>\n<p>Acompa\u00f1ada del Sergio B\u00e1rcena Ju\u00e1rez, Fundador de Bur\u00f3 Parlamentario y Profesor-Investigador de la Escuela de Humanidades y Educaci\u00f3n del Instituto Tecnol\u00f3gico de Estudios Superiores de Monterrey (ITESM) y de Francisco M\u00e9ndez S\u00e1nchez, Maestro de Innovaci\u00f3n para el Desarrollo Empresarial de esa misma casa de estudios, Favela Herrera recalc\u00f3 el esfuerzo com\u00fan, INE-Bur\u00f3 Parlamentario, para que las y los votantes conozcan a las personas postuladas y valorar su trayectoria.<\/p>\n<p>&nbsp;<\/p>\n<p>La transcendencia de esta APP, resalt\u00f3, es que las personas conozcan a las y los candidatos a las diputaciones federales, gubernaturas y alcald\u00edas de la Ciudad de M\u00e9xico. En el caso de la elecci\u00f3n federal, detall\u00f3, se recopila informaci\u00f3n oficial a trav\u00e9s de la plataforma del INE \u00a1Candidatas y Candidatos, Con\u00f3celes!, cuyos datos son aportados por los mismos participantes.<\/p>\n<p>&nbsp;<\/p>\n<p>Respecto de las 15 gubernaturas -Baja California, Baja California Sur, Campeche, Chihuahua, Colima, Guerrero, Michoac\u00e1n, Nayarit, Nuevo Le\u00f3n, Quer\u00e9taro, San Luis Potos\u00ed, Sinaloa, Sonora, Tlaxcala y Zacatecas- y alcald\u00edas de la Ciudad de M\u00e9xico, se recopila informaci\u00f3n que proviene de los propios Organismos P\u00fablicos Locales Electorales y, en algunos casos, de las semblanzas curriculares publicadas por las candidatas y candidatos de sus redes sociales oficiales.<\/p>\n<p>&nbsp;<\/p>\n<p><em>\u201cEsta APP es muy amigable, ya que al momento de ingresar el n\u00famero de secci\u00f3n electoral aparece la informaci\u00f3n de los actores pol\u00edticos en contienda en el distrito correspondiente, identificando plenamente a la persona candidata con el partido pol\u00edtico o coalici\u00f3n que lo est\u00e1 postulando, lo que permite la consulta de sus semblanzas curriculares y la revisi\u00f3n de su propuesta en un m\u00e1ximo de 250 caracteres\u201d,<\/em> complement\u00f3.<\/p>\n<p>&nbsp;<\/p>\n<p>Tambi\u00e9n, dijo, permitir\u00e1 que las candidatas y candidatos suban un video al d\u00eda con duraci\u00f3n hasta de cinco minutos o realicen transmisiones en vivo que no rebase ese tiempo y que estar\u00e1n disponibles hasta el 2 de junio, fecha en que concluyen las campa\u00f1as electorales en el pa\u00eds, respetando la veda electoral.<\/p>\n<p>&nbsp;<\/p>\n<p>Al respecto, Cecilia Azuara, Titular de la Unidad T\u00e9cnica de Transparencia y Protecci\u00f3n de Datos Personales del INE, expuso que lo realizado por el Bur\u00f3 Parlamentario es optimizar el uso de la informaci\u00f3n y darle una diversidad para consulta de la ciudadan\u00eda, que cumple con el prop\u00f3sito de conocer las distintas candidaturas y sus plataformas para emitir un voto informado.<\/p>\n<p>&nbsp;<\/p>\n<p>&nbsp;<\/p>\n<h3>La APP es descargable en Bur\u00f3 Parlamentario de manera gratuita en versiones iOS y Android<\/h3>\n<p>&nbsp;<\/p>\n<p>&nbsp;<\/p>\n<p>Sergio B\u00e1rcena Ju\u00e1rez, uno de los creadores de la APP, explic\u00f3 que este proyecto hace accesible la informaci\u00f3n p\u00fablica y sencilla de consultar, ya que cada votante, en promedio, tendr\u00e1 que conocer hasta 19 perfiles por cargo para saber por qui\u00e9n ejercer\u00e1 su sufragio.<\/p>\n<p>&nbsp;<\/p>\n<p>Esta plataforma es descargable de manera gratuita en versiones iOS y Android, brinda la posibilidad a todo el electorado del pa\u00eds de conocer, interactuar y dar seguimiento a sus candidatos de manera instant\u00e1nea.<\/p>\n<p>&nbsp;<\/p>\n<p>En el marco de las elecciones 2021, indic\u00f3, la aplicaci\u00f3n est\u00e1 dise\u00f1ada para tener un mecanismo de rendici\u00f3n de cuentas con los representantes ya que, una vez que finalice el proceso electoral, servir\u00e1 para dar seguimiento al trabajo parlamentario.<\/p>\n<p>&nbsp;<\/p>\n<p>En su exposici\u00f3n, Alejandro Moreno, profesor de Ciencia Pol\u00edtica del Instituto Tecnol\u00f3gico Aut\u00f3nomo de M\u00e9xico (ITAM), indic\u00f3 que la aplicaci\u00f3n abonar\u00e1 a las y los votantes en tres objetivos fundamentales:<em> \u201cdotarla de informaci\u00f3n confiable de sus representantes populares y fortalecer el v\u00ednculo entre representantes electos y la ciudadan\u00eda, promover el constante monitoreo ciudadano de los representantes de gobierno y coadyuvar a la pr\u00e1ctica de la rendici\u00f3n de cuentas\u201d.<\/em><\/p>\n<p>&nbsp;<\/p>\n<p>Finalmente, el Maestro Francisco M\u00e9ndez S\u00e1nchez exhort\u00f3 a los medios de comunicaci\u00f3n a promover esta iniciativa que se ha hecho en favor del pa\u00eds, de la democracia y de la ciudadan\u00eda. Bur\u00f3 Parlamentario est\u00e1 conformado por personas apartidistas y la APP se cre\u00f3 con recursos propios.<\/p>\n<p>&nbsp;<\/p>\n<p>&nbsp;<\/p>\n<p>(Publicada el 21\/05\/2021)<\/p>\n","protected":false},"excerpt":{"rendered":"<p>CIUDAD DE M\u00c9XICO. MX. \u2014 Con el prop\u00f3sito de fomentar un voto informado para el&#8230;<\/p>\n","protected":false},"author":1,"featured_media":114493,"comment_status":"open","ping_status":"open","sticky":false,"template":"","format":"standard","meta":{"_monsterinsights_skip_tracking":false,"_monsterinsights_sitenote_active":false,"_monsterinsights_sitenote_note":"","_monsterinsights_sitenote_category":0,"footnotes":""},"categories":[8],"tags":[],"class_list":["post"],"yoast_head":" \n<title>Sonora en Equipo. La aplicaci\u00f3n del INE presentar\u00e1 videos de candidatos para promover un voto informado LA ELECCION 2024<\/title>\n<meta name=\"description\" content=\"CIUDAD DE M\u00c9XICO. MX. \u2014 Con el prop\u00f3sito de fomentar un voto informado para el d\u00eda de la Jornada Electoral y abonar al fortalecimiento de la cultura En Sonora en Equipo publicamos toda la informaci\u00f3n de Sonora, M\u00e9xico y el Mundo de manera oportuna y busca que la libertad de expresi\u00f3n sea real. Visita nuestro medio informativo publicado desde Hermosillo, Sonora. %\" \/>\n<meta name=\"robots\" content=\"index, follow, max-snippet:-1, max-image-preview:large, max-video-preview:-1\" \/>\n<link rel=\"canonical\" href=\"https:\/\/www.sonoraenequipo.com.mx\/la-aplicacion-del-ine-presentara-videos-de-candidatos-para-promover-un-voto-informado\/\" \/>\n<meta property=\"og:locale\" content=\"es_ES\" \/>\n<meta property=\"og:type\" content=\"article\" \/>\n<meta property=\"og:title\" content=\"Sonora en Equipo. La aplicaci\u00f3n del INE presentar\u00e1 videos de candidatos para promover un voto informado LA ELECCION 2024\" \/>\n<meta property=\"og:description\" content=\"CIUDAD DE M\u00c9XICO. MX. \u2014 Con el prop\u00f3sito de fomentar un voto informado para el d\u00eda de la Jornada Electoral y abonar al fortalecimiento de la cultura En Sonora en Equipo publicamos toda la informaci\u00f3n de Sonora, M\u00e9xico y el Mundo de manera oportuna y busca que la libertad de expresi\u00f3n sea real. Visita nuestro medio informativo publicado desde Hermosillo, Sonora. %\" \/>\n<meta property=\"og:url\" content=\"https:\/\/www.sonoraenequipo.com.mx\/la-aplicacion-del-ine-presentara-videos-de-candidatos-para-promover-un-voto-informado\/\" \/>\n<meta property=\"og:site_name\" content=\"Sonora en Equipo.\" \/>\n<meta property=\"article:publisher\" content=\"https:\/\/www.facebook.com\/SonoraEE\/\" \/>\n<meta property=\"article:author\" content=\"https:\/\/www.facebook.com\/SonoraEE\" \/>\n<meta property=\"article:published_time\" content=\"2021-05-21T17:49:27+00:00\" \/>\n<meta property=\"article:modified_time\" content=\"2021-05-22T00:23:10+00:00\" \/>\n<meta property=\"og:image\" content=\"https:\/\/www.sonoraenequipo.com.mx\/storage\/2021\/05\/Adriana-M_opt.jpg\" \/>\n\t<meta property=\"og:image:width\" content=\"700\" \/>\n\t<meta property=\"og:image:height\" content=\"400\" \/>\n\t<meta property=\"og:image:type\" content=\"image\/jpeg\" \/>\n<meta name=\"author\" content=\"enequipo\" \/>\n<meta name=\"twitter:card\" content=\"summary_large_image\" \/>\n<meta name=\"twitter:creator\" content=\"@sonoraenequipo\" \/>\n<meta name=\"twitter:site\" content=\"@sonoraenequipo\" \/>\n<meta name=\"twitter:label1\" content=\"Escrito por\" \/>\n\t<meta name=\"twitter:data1\" content=\"enequipo\" \/>\n\t<meta name=\"twitter:label2\" content=\"Tiempo de lectura\" \/>\n\t<meta name=\"twitter:data2\" content=\"4 minutos\" \/>\n<script type=\"application\/ld+json\" class=\"yoast-schema-graph\">{\"@context\":\"https:\/\/schema.org\",\"@graph\":[{\"@type\":\"Article\",\"@id\":\"https:\/\/www.sonoraenequipo.com.mx\/la-aplicacion-del-ine-presentara-videos-de-candidatos-para-promover-un-voto-informado\/#article\",\"isPartOf\":{\"@id\":\"https:\/\/www.sonoraenequipo.com.mx\/la-aplicacion-del-ine-presentara-videos-de-candidatos-para-promover-un-voto-informado\/\"},\"author\":{\"name\":\"enequipo\",\"@id\":\"https:\/\/www.sonoraenequipo.com.mx\/#\/schema\/person\/50102df0fb23a8fa9e8effad8fa81386\"},\"headline\":\"La aplicaci\u00f3n del INE presentar\u00e1 videos de candidatos para promover un voto informado\",\"datePublished\":\"2021-05-21T17:49:27+00:00\",\"dateModified\":\"2021-05-22T00:23:10+00:00\",\"mainEntityOfPage\":{\"@id\":\"https:\/\/www.sonoraenequipo.com.mx\/la-aplicacion-del-ine-presentara-videos-de-candidatos-para-promover-un-voto-informado\/\"},\"wordCount\":845,\"commentCount\":0,\"publisher\":{\"@id\":\"https:\/\/www.sonoraenequipo.com.mx\/#organization\"},\"image\":{\"@id\":\"https:\/\/www.sonoraenequipo.com.mx\/la-aplicacion-del-ine-presentara-videos-de-candidatos-para-promover-un-voto-informado\/#primaryimage\"},\"thumbnailUrl\":\"https:\/\/www.sonoraenequipo.com.mx\/storage\/2021\/05\/Adriana-M_opt.jpg\",\"articleSection\":[\"LA ELECCION 2024\"],\"inLanguage\":\"es\",\"potentialAction\":[{\"@type\":\"CommentAction\",\"name\":\"Comment\",\"target\":[\"https:\/\/www.sonoraenequipo.com.mx\/la-aplicacion-del-ine-presentara-videos-de-candidatos-para-promover-un-voto-informado\/#respond\"]}]},{\"@type\":\"WebPage\",\"@id\":\"https:\/\/www.sonoraenequipo.com.mx\/la-aplicacion-del-ine-presentara-videos-de-candidatos-para-promover-un-voto-informado\/\",\"url\":\"https:\/\/www.sonoraenequipo.com.mx\/la-aplicacion-del-ine-presentara-videos-de-candidatos-para-promover-un-voto-informado\/\",\"name\":\"Sonora en Equipo. La aplicaci\u00f3n del INE presentar\u00e1 videos de candidatos para promover un voto informado LA ELECCION 2024\",\"isPartOf\":{\"@id\":\"https:\/\/www.sonoraenequipo.com.mx\/#website\"},\"primaryImageOfPage\":{\"@id\":\"https:\/\/www.sonoraenequipo.com.mx\/la-aplicacion-del-ine-presentara-videos-de-candidatos-para-promover-un-voto-informado\/#primaryimage\"},\"image\":{\"@id\":\"https:\/\/www.sonoraenequipo.com.mx\/la-aplicacion-del-ine-presentara-videos-de-candidatos-para-promover-un-voto-informado\/#primaryimage\"},\"thumbnailUrl\":\"https:\/\/www.sonoraenequipo.com.mx\/storage\/2021\/05\/Adriana-M_opt.jpg\",\"datePublished\":\"2021-05-21T17:49:27+00:00\",\"dateModified\":\"2021-05-22T00:23:10+00:00\",\"description\":\"CIUDAD DE M\u00c9XICO. MX. \u2014 Con el prop\u00f3sito de fomentar un voto informado para el d\u00eda de la Jornada Electoral y abonar al fortalecimiento de la cultura En Sonora en Equipo publicamos toda la informaci\u00f3n de Sonora, M\u00e9xico y el Mundo de manera oportuna y busca que la libertad de expresi\u00f3n sea real. Visita nuestro medio informativo publicado desde Hermosillo, Sonora. %\",\"breadcrumb\":{\"@id\":\"https:\/\/www.sonoraenequipo.com.mx\/la-aplicacion-del-ine-presentara-videos-de-candidatos-para-promover-un-voto-informado\/#breadcrumb\"},\"inLanguage\":\"es\",\"potentialAction\":[{\"@type\":\"ReadAction\",\"target\":[\"https:\/\/www.sonoraenequipo.com.mx\/la-aplicacion-del-ine-presentara-videos-de-candidatos-para-promover-un-voto-informado\/\"]}]},{\"@type\":\"ImageObject\",\"inLanguage\":\"es\",\"@id\":\"https:\/\/www.sonoraenequipo.com.mx\/la-aplicacion-del-ine-presentara-videos-de-candidatos-para-promover-un-voto-informado\/#primaryimage\",\"url\":\"https:\/\/www.sonoraenequipo.com.mx\/storage\/2021\/05\/Adriana-M_opt.jpg\",\"contentUrl\":\"https:\/\/www.sonoraenequipo.com.mx\/storage\/2021\/05\/Adriana-M_opt.jpg\",\"width\":700,\"height\":400},{\"@type\":\"BreadcrumbList\",\"@id\":\"https:\/\/www.sonoraenequipo.com.mx\/la-aplicacion-del-ine-presentara-videos-de-candidatos-para-promover-un-voto-informado\/#breadcrumb\",\"itemListElement\":[{\"@type\":\"ListItem\",\"position\":1,\"name\":\"Portada\",\"item\":\"https:\/\/www.sonoraenequipo.com.mx\/\"},{\"@type\":\"ListItem\",\"position\":2,\"name\":\"La aplicaci\u00f3n del INE presentar\u00e1 videos de candidatos para promover un voto informado\"}]},{\"@type\":\"WebSite\",\"@id\":\"https:\/\/www.sonoraenequipo.com.mx\/#website\",\"url\":\"https:\/\/www.sonoraenequipo.com.mx\/\",\"name\":\"Sonora en Equipo.\",\"description\":\"Diario en l\u00ednea con Noticias desde Hermosillo, Sonora\",\"publisher\":{\"@id\":\"https:\/\/www.sonoraenequipo.com.mx\/#organization\"},\"potentialAction\":[{\"@type\":\"SearchAction\",\"target\":{\"@type\":\"EntryPoint\",\"urlTemplate\":\"https:\/\/www.sonoraenequipo.com.mx\/?s={search_term_string}\"},\"query-input\":{\"@type\":\"PropertyValueSpecification\",\"valueRequired\":true,\"valueName\":\"search_term_string\"}}],\"inLanguage\":\"es\"},{\"@type\":\"Organization\",\"@id\":\"https:\/\/www.sonoraenequipo.com.mx\/#organization\",\"name\":\"Sonoraenequipo.com.mx\",\"url\":\"https:\/\/www.sonoraenequipo.com.mx\/\",\"logo\":{\"@type\":\"ImageObject\",\"inLanguage\":\"es\",\"@id\":\"https:\/\/www.sonoraenequipo.com.mx\/#\/schema\/logo\/image\/\",\"url\":\"https:\/\/www.sonoraenequipo.com.mx\/storage\/2019\/01\/sonoraenequipo_opt.png\",\"contentUrl\":\"https:\/\/www.sonoraenequipo.com.mx\/storage\/2019\/01\/sonoraenequipo_opt.png\",\"width\":375,\"height\":125,\"caption\":\"Sonoraenequipo.com.mx\"},\"image\":{\"@id\":\"https:\/\/www.sonoraenequipo.com.mx\/#\/schema\/logo\/image\/\"},\"sameAs\":[\"https:\/\/www.facebook.com\/SonoraEE\/\",\"https:\/\/x.com\/sonoraenequipo\",\"https:\/\/www.youtube.com\/channel\/UC338nW-lPEYmJQs4ZABQ1SQ\"]},{\"@type\":\"Person\",\"@id\":\"https:\/\/www.sonoraenequipo.com.mx\/#\/schema\/person\/50102df0fb23a8fa9e8effad8fa81386\",\"name\":\"enequipo\",\"image\":{\"@type\":\"ImageObject\",\"inLanguage\":\"es\",\"@id\":\"https:\/\/www.sonoraenequipo.com.mx\/#\/schema\/person\/image\/\",\"url\":\"https:\/\/secure.gravatar.com\/avatar\/049821681b589dabc0bc20695993ccebb09f5b5d4d790cd9251b97faac7c652b?s=96&d=blank&r=g\",\"contentUrl\":\"https:\/\/secure.gravatar.com\/avatar\/049821681b589dabc0bc20695993ccebb09f5b5d4d790cd9251b97faac7c652b?s=96&d=blank&r=g\",\"caption\":\"enequipo\"},\"sameAs\":[\"https:\/\/www.facebook.com\/SonoraEE\"]}]}<\/script>\n ","yoast_head_json":{"title":"Sonora en Equipo. La aplicaci\u00f3n del INE presentar\u00e1 videos de candidatos para promover un voto informado LA ELECCION 2024","description":"CIUDAD DE M\u00c9XICO. MX. \u2014 Con el prop\u00f3sito de fomentar un voto informado para el d\u00eda de la Jornada Electoral y abonar al fortalecimiento de la cultura En Sonora en Equipo publicamos toda la informaci\u00f3n de Sonora, M\u00e9xico y el Mundo de manera oportuna y busca que la libertad de expresi\u00f3n sea real. Visita nuestro medio informativo publicado desde Hermosillo, Sonora. %","robots":{"index":"index","follow":"follow","max-snippet":"max-snippet:-1","max-image-preview":"max-image-preview:large","max-video-preview":"max-video-preview:-1"},"canonical":"https:\/\/www.sonoraenequipo.com.mx\/la-aplicacion-del-ine-presentara-videos-de-candidatos-para-promover-un-voto-informado\/","og_locale":"es_ES","og_type":"article","og_title":"Sonora en Equipo. La aplicaci\u00f3n del INE presentar\u00e1 videos de candidatos para promover un voto informado LA ELECCION 2024","og_description":"CIUDAD DE M\u00c9XICO. MX. \u2014 Con el prop\u00f3sito de fomentar un voto informado para el d\u00eda de la Jornada Electoral y abonar al fortalecimiento de la cultura En Sonora en Equipo publicamos toda la informaci\u00f3n de Sonora, M\u00e9xico y el Mundo de manera oportuna y busca que la libertad de expresi\u00f3n sea real. Visita nuestro medio informativo publicado desde Hermosillo, Sonora. %","og_url":"https:\/\/www.sonoraenequipo.com.mx\/la-aplicacion-del-ine-presentara-videos-de-candidatos-para-promover-un-voto-informado\/","og_site_name":"Sonora en Equipo.","article_publisher":"https:\/\/www.facebook.com\/SonoraEE\/","article_author":"https:\/\/www.facebook.com\/SonoraEE","article_published_time":"2021-05-21T17:49:27+00:00","article_modified_time":"2021-05-22T00:23:10+00:00","og_image":[{"width":700,"height":400,"url":"https:\/\/www.sonoraenequipo.com.mx\/storage\/2021\/05\/Adriana-M_opt.jpg","type":"image\/jpeg"}],"author":"enequipo","twitter_card":"summary_large_image","twitter_creator":"@sonoraenequipo","twitter_site":"@sonoraenequipo","twitter_misc":{"Escrito por":"enequipo","Tiempo de lectura":"4 minutos"},"schema":{"@context":"https:\/\/schema.org","@graph":[{"@type":"Article","@id":"https:\/\/www.sonoraenequipo.com.mx\/la-aplicacion-del-ine-presentara-videos-de-candidatos-para-promover-un-voto-informado\/#article","isPartOf":{"@id":"https:\/\/www.sonoraenequipo.com.mx\/la-aplicacion-del-ine-presentara-videos-de-candidatos-para-promover-un-voto-informado\/"},"author":{"name":"enequipo","@id":"https:\/\/www.sonoraenequipo.com.mx\/#\/schema\/person\/50102df0fb23a8fa9e8effad8fa81386"},"headline":"La aplicaci\u00f3n del INE presentar\u00e1 videos de candidatos para promover un voto informado","datePublished":"2021-05-21T17:49:27+00:00","dateModified":"2021-05-22T00:23:10+00:00","mainEntityOfPage":{"@id":"https:\/\/www.sonoraenequipo.com.mx\/la-aplicacion-del-ine-presentara-videos-de-candidatos-para-promover-un-voto-informado\/"},"wordCount":845,"commentCount":0,"publisher":{"@id":"https:\/\/www.sonoraenequipo.com.mx\/#organization"},"image":{"@id":"https:\/\/www.sonoraenequipo.com.mx\/la-aplicacion-del-ine-presentara-videos-de-candidatos-para-promover-un-voto-informado\/#primaryimage"},"thumbnailUrl":"https:\/\/www.sonoraenequipo.com.mx\/storage\/2021\/05\/Adriana-M_opt.jpg","articleSection":["LA ELECCION 2024"],"inLanguage":"es","potentialAction":[{"@type":"CommentAction","name":"Comment","target":["https:\/\/www.sonoraenequipo.com.mx\/la-aplicacion-del-ine-presentara-videos-de-candidatos-para-promover-un-voto-informado\/#respond"]}]},{"@type":"WebPage","@id":"https:\/\/www.sonoraenequipo.com.mx\/la-aplicacion-del-ine-presentara-videos-de-candidatos-para-promover-un-voto-informado\/","url":"https:\/\/www.sonoraenequipo.com.mx\/la-aplicacion-del-ine-presentara-videos-de-candidatos-para-promover-un-voto-informado\/","name":"Sonora en Equipo. La aplicaci\u00f3n del INE presentar\u00e1 videos de candidatos para promover un voto informado LA ELECCION 2024","isPartOf":{"@id":"https:\/\/www.sonoraenequipo.com.mx\/#website"},"primaryImageOfPage":{"@id":"https:\/\/www.sonoraenequipo.com.mx\/la-aplicacion-del-ine-presentara-videos-de-candidatos-para-promover-un-voto-informado\/#primaryimage"},"image":{"@id":"https:\/\/www.sonoraenequipo.com.mx\/la-aplicacion-del-ine-presentara-videos-de-candidatos-para-promover-un-voto-informado\/#primaryimage"},"thumbnailUrl":"https:\/\/www.sonoraenequipo.com.mx\/storage\/2021\/05\/Adriana-M_opt.jpg","datePublished":"2021-05-21T17:49:27+00:00","dateModified":"2021-05-22T00:23:10+00:00","description":"CIUDAD DE M\u00c9XICO. MX. \u2014 Con el prop\u00f3sito de fomentar un voto informado para el d\u00eda de la Jornada Electoral y abonar al fortalecimiento de la cultura En Sonora en Equipo publicamos toda la informaci\u00f3n de Sonora, M\u00e9xico y el Mundo de manera oportuna y busca que la libertad de expresi\u00f3n sea real. Visita nuestro medio informativo publicado desde Hermosillo, Sonora. %","breadcrumb":{"@id":"https:\/\/www.sonoraenequipo.com.mx\/la-aplicacion-del-ine-presentara-videos-de-candidatos-para-promover-un-voto-informado\/#breadcrumb"},"inLanguage":"es","potentialAction":[{"@type":"ReadAction","target":["https:\/\/www.sonoraenequipo.com.mx\/la-aplicacion-del-ine-presentara-videos-de-candidatos-para-promover-un-voto-informado\/"]}]},{"@type":"ImageObject","inLanguage":"es","@id":"https:\/\/www.sonoraenequipo.com.mx\/la-aplicacion-del-ine-presentara-videos-de-candidatos-para-promover-un-voto-informado\/#primaryimage","url":"https:\/\/www.sonoraenequipo.com.mx\/storage\/2021\/05\/Adriana-M_opt.jpg","contentUrl":"https:\/\/www.sonoraenequipo.com.mx\/storage\/2021\/05\/Adriana-M_opt.jpg","width":700,"height":400},{"@type":"BreadcrumbList","@id":"https:\/\/www.sonoraenequipo.com.mx\/la-aplicacion-del-ine-presentara-videos-de-candidatos-para-promover-un-voto-informado\/#breadcrumb","itemListElement":[{"@type":"ListItem","position":1,"name":"Portada","item":"https:\/\/www.sonoraenequipo.com.mx\/"},{"@type":"ListItem","position":2,"name":"La aplicaci\u00f3n del INE presentar\u00e1 videos de candidatos para promover un voto informado"}]},{"@type":"WebSite","@id":"https:\/\/www.sonoraenequipo.com.mx\/#website","url":"https:\/\/www.sonoraenequipo.com.mx\/","name":"Sonora en Equipo.","description":"Diario en l\u00ednea con Noticias desde Hermosillo, Sonora","publisher":{"@id":"https:\/\/www.sonoraenequipo.com.mx\/#organization"},"potentialAction":[{"@type":"SearchAction","target":{"@type":"EntryPoint","urlTemplate":"https:\/\/www.sonoraenequipo.com.mx\/?s={search_term_string}"},"query-input":{"@type":"PropertyValueSpecification","valueRequired":true,"valueName":"search_term_string"}}],"inLanguage":"es"},{"@type":"Organization","@id":"https:\/\/www.sonoraenequipo.com.mx\/#organization","name":"Sonoraenequipo.com.mx","url":"https:\/\/www.sonoraenequipo.com.mx\/","logo":{"@type":"ImageObject","inLanguage":"es","@id":"https:\/\/www.sonoraenequipo.com.mx\/#\/schema\/logo\/image\/","url":"https:\/\/www.sonoraenequipo.com.mx\/storage\/2019\/01\/sonoraenequipo_opt.png","contentUrl":"https:\/\/www.sonoraenequipo.com.mx\/storage\/2019\/01\/sonoraenequipo_opt.png","width":375,"height":125,"caption":"Sonoraenequipo.com.mx"},"image":{"@id":"https:\/\/www.sonoraenequipo.com.mx\/#\/schema\/logo\/image\/"},"sameAs":["https:\/\/www.facebook.com\/SonoraEE\/","https:\/\/x.com\/sonoraenequipo","https:\/\/www.youtube.com\/channel\/UC338nW-lPEYmJQs4ZABQ1SQ"]},{"@type":"Person","@id":"https:\/\/www.sonoraenequipo.com.mx\/#\/schema\/person\/50102df0fb23a8fa9e8effad8fa81386","name":"enequipo","image":{"@type":"ImageObject","inLanguage":"es","@id":"https:\/\/www.sonoraenequipo.com.mx\/#\/schema\/person\/image\/","url":"https:\/\/secure.gravatar.com\/avatar\/049821681b589dabc0bc20695993ccebb09f5b5d4d790cd9251b97faac7c652b?s=96&d=blank&r=g","contentUrl":"https:\/\/secure.gravatar.com\/avatar\/049821681b589dabc0bc20695993ccebb09f5b5d4d790cd9251b97faac7c652b?s=96&d=blank&r=g","caption":"enequipo"},"sameAs":["https:\/\/www.facebook.com\/SonoraEE"]}]}},"jetpack_featured_media_url":"https:\/\/www.sonoraenequipo.com.mx\/storage\/2021\/05\/Adriana-M_opt.jpg","_links":{"self":[{"href":"https:\/\/www.sonoraenequipo.com.mx\/api\/wp\/v2\/posts\/114492","targetHints":{"allow":["GET"]}}],"collection":[{"href":"https:\/\/www.sonoraenequipo.com.mx\/api\/wp\/v2\/posts"}],"about":[{"href":"https:\/\/www.sonoraenequipo.com.mx\/api\/wp\/v2\/types\/post"}],"author":[{"embeddable":true,"href":"https:\/\/www.sonoraenequipo.com.mx\/api\/wp\/v2\/users\/1"}],"replies":[{"embeddable":true,"href":"https:\/\/www.sonoraenequipo.com.mx\/api\/wp\/v2\/comments?post=114492"}],"version-history":[{"count":1,"href":"https:\/\/www.sonoraenequipo.com.mx\/api\/wp\/v2\/posts\/114492\/revisions"}],"predecessor-version":[{"id":114494,"href":"https:\/\/www.sonoraenequipo.com.mx\/api\/wp\/v2\/posts\/114492\/revisions\/114494"}],"wp:featuredmedia":[{"embeddable":true,"href":"https:\/\/www.sonoraenequipo.com.mx\/api\/wp\/v2\/media\/114493"}],"wp:attachment":[{"href":"https:\/\/www.sonoraenequipo.com.mx\/api\/wp\/v2\/media?parent=114492"}],"wp:term":[{"taxonomy":"category","embeddable":true,"href":"https:\/\/www.sonoraenequipo.com.mx\/api\/wp\/v2\/categories?post=114492"},{"taxonomy":"post_tag","embeddable":true,"href":"https:\/\/www.sonoraenequipo.com.mx\/api\/wp\/v2\/tags?post=114492"}],"curies":[{"name":"wp","href":"https:\/\/api.w.org\/{rel}","templated":true}]}}