{"id":114504,"date":"2021-05-21T12:02:31","date_gmt":"2021-05-21T19:02:31","guid":{"rendered":"https:\/\/www.sonoraenequipo.com.mx\/?p=114504"},"modified":"2021-05-21T18:10:22","modified_gmt":"2021-05-22T01:10:22","slug":"solicitaran-diputados-del-pan-a-ine-atraiga-eleccion-de-sonora","status":"publish","type":"post","link":"https:\/\/www.sonoraenequipo.com.mx\/solicitaran-diputados-del-pan-a-ine-atraiga-eleccion-de-sonora\/","title":{"rendered":"Solicitar\u00e1n diputados del PAN a INE atraiga elecci\u00f3n de Sonora"},"content":{"rendered":"<p>HERMOSILLO, SONORA.MX. \u2014 El grupo parlamentario del Partido Acci\u00f3n Nacional en el Congreso del Estado solicitar\u00e1 al Instituto Nacional Electoral ejerza la facultad de atracci\u00f3n de la elecci\u00f3n a la gubernatura de Sonora y la remoci\u00f3n de Guadalupe Taddei Zavala del cargo de Consejera presidenta del Instituto Estatal Electoral y de Participaci\u00f3n Ciudadana, anunci\u00f3 el diputado Jes\u00fas Eduardo Urbina Lucero.<\/p>\n<p>&nbsp;<\/p>\n<p> <\/p>\n<p>&nbsp;<\/p>\n<p>En conferencia ante representantes de medios de comunicaci\u00f3n, el diputado argument\u00f3 que la Consejera presidenta Guadalupe Taddei sobrepas\u00f3 sus atribuciones al remitir al Tribunal Estatal Electoral un oficio en el que anexa un acta de la asamblea realizada por el Partido Nueva Alianza con fecha del cuatro de septiembre de 2020.<\/p>\n<p>&nbsp;<\/p>\n<p>Lo anterior, dijo, apenas horas antes de que el Tribunal Estatal Electoral revocara el acuerdo que aprobaba las candidaturas comunes de los partidos Morena, PT, Panal y Partido Verde en 10 distritos locales de Sonora, ante la violaci\u00f3n de los estatutos del Panal que no permiten coaliciones o candidaturas comunes en m\u00e1s del 35 por ciento de los distritos o municipios.<\/p>\n<p>&nbsp;<\/p>\n<p>Agreg\u00f3 que el procedimiento se realizar\u00e1 a trav\u00e9s de los representantes del PAN ante el Consejo General del INE, quienes correr\u00e1n con las diligencias para solicitar que ese \u00f3rgano federal ejerza la facultad de atracci\u00f3n de la elecci\u00f3n de la gubernatura de Sonora y la remoci\u00f3n de la funcionaria, a quien calific\u00f3 de parcial y de actuar de forma ilegal en el desarrollo del presente proceso electoral.<\/p>\n<p>&nbsp;<\/p>\n<p>Urbina Lucero denunci\u00f3 que el documento presentado por la titular del IEE no tiene sellos de recepci\u00f3n ni folios para dar un seguimiento ante dicho \u00f3rgano electoral, y a\u00fan as\u00ed lo envi\u00f3 al tribunal electoral apenas horas antes de la sesi\u00f3n en donde se resolvi\u00f3 anular las candidaturas comunes en los 10 distritos locales.<\/p>\n<p>&nbsp;<\/p>\n<p><em>\u201cNo existe registro de la entrada de esta acta y tampoco del oficio donde el Panal remite al IEE dicho documento, entonces en archivos hay un acta que alguien meti\u00f3 sin ser recibida por oficial\u00eda de partes, y ello indica la gravedad de la injerencia que ha tenido la presidenta para salvar, mediante un acto ilegal, la situaci\u00f3n estatutaria del mencionado partido pol\u00edtico\u201d,<\/em> manifest\u00f3.<\/p>\n<p>&nbsp;<\/p>\n<p>Al participar la titular del IEE abogando por la alianza \u201cJuntos Haremos Historia en Sonora\u201d, incurre en la violaci\u00f3n de los principios rectores del \u00f3rgano electoral que son la imparcialidad y la neutralidad, extern\u00f3 el legislador.<\/p>\n<p>&nbsp;<\/p>\n<p><em>\u201cNo confiamos en la presidenta del IEE y con estas acciones se quita la m\u00e1scara y decide ir un paso m\u00e1s all\u00e1, y eso demuestra que es parcial y est\u00e1 a favor de Morena\u201d,<\/em> dijo.<\/p>\n<p>&nbsp;<\/p>\n<p>Lo que buscamos, agreg\u00f3, es que se atraiga por el INE la elecci\u00f3n a la gubernatura ante la desconfianza que tenemos de quien deber\u00eda organizar en la entidad el proceso electoral de manera imparcial.<\/p>\n<p>&nbsp;<\/p>\n<p>El legislador fundament\u00f3 la posibilidad de la remoci\u00f3n de la Consejera presidenta del IEE en el art\u00edculo 102, fracci\u00f3n segunda de la Ley General de Instituciones y Procedimientos Electorales, que tipifica la conducta de la presidenta del IEE en los causales para su separaci\u00f3n del cargo.<\/p>\n<p>&nbsp;<\/p>\n<p>&nbsp;<\/p>\n<p>&nbsp;<\/p>\n<p>(Publicada el 21\/05\/2021)<\/p>\n","protected":false},"excerpt":{"rendered":"<p>HERMOSILLO, SONORA.MX. \u2014 El grupo parlamentario del Partido Acci\u00f3n Nacional en el Congreso del Estado&#8230;<\/p>\n","protected":false},"author":1,"featured_media":114505,"comment_status":"open","ping_status":"open","sticky":false,"template":"","format":"standard","meta":{"_monsterinsights_skip_tracking":false,"_monsterinsights_sitenote_active":false,"_monsterinsights_sitenote_note":"","_monsterinsights_sitenote_category":0,"footnotes":""},"categories":[3281],"tags":[],"class_list":["post"],"yoast_head":" \n<title>Sonora en Equipo. Solicitar\u00e1n diputados del PAN a INE atraiga elecci\u00f3n de Sonora Congreso<\/title>\n<meta name=\"description\" content=\"HERMOSILLO, SONORA.MX. \u2014 El grupo parlamentario del Partido Acci\u00f3n Nacional en el Congreso del Estado solicitar\u00e1 al Instituto Nacional Electoral ejerza la En Sonora en Equipo publicamos toda la informaci\u00f3n de Sonora, M\u00e9xico y el Mundo de manera oportuna y busca que la libertad de expresi\u00f3n sea real. Visita nuestro medio informativo publicado desde Hermosillo, Sonora. %\" \/>\n<meta name=\"robots\" content=\"index, follow, max-snippet:-1, max-image-preview:large, max-video-preview:-1\" \/>\n<link rel=\"canonical\" href=\"https:\/\/www.sonoraenequipo.com.mx\/solicitaran-diputados-del-pan-a-ine-atraiga-eleccion-de-sonora\/\" \/>\n<meta property=\"og:locale\" content=\"es_ES\" \/>\n<meta property=\"og:type\" content=\"article\" \/>\n<meta property=\"og:title\" content=\"Sonora en Equipo. Solicitar\u00e1n diputados del PAN a INE atraiga elecci\u00f3n de Sonora Congreso\" \/>\n<meta property=\"og:description\" content=\"HERMOSILLO, SONORA.MX. \u2014 El grupo parlamentario del Partido Acci\u00f3n Nacional en el Congreso del Estado solicitar\u00e1 al Instituto Nacional Electoral ejerza la En Sonora en Equipo publicamos toda la informaci\u00f3n de Sonora, M\u00e9xico y el Mundo de manera oportuna y busca que la libertad de expresi\u00f3n sea real. Visita nuestro medio informativo publicado desde Hermosillo, Sonora. %\" \/>\n<meta property=\"og:url\" content=\"https:\/\/www.sonoraenequipo.com.mx\/solicitaran-diputados-del-pan-a-ine-atraiga-eleccion-de-sonora\/\" \/>\n<meta property=\"og:site_name\" content=\"Sonora en Equipo.\" \/>\n<meta property=\"article:publisher\" content=\"https:\/\/www.facebook.com\/SonoraEE\/\" \/>\n<meta property=\"article:author\" content=\"https:\/\/www.facebook.com\/SonoraEE\" \/>\n<meta property=\"article:published_time\" content=\"2021-05-21T19:02:31+00:00\" \/>\n<meta property=\"article:modified_time\" content=\"2021-05-22T01:10:22+00:00\" \/>\n<meta property=\"og:image\" content=\"https:\/\/www.sonoraenequipo.com.mx\/storage\/2021\/05\/Dip_opt.jpg\" \/>\n\t<meta property=\"og:image:width\" content=\"700\" \/>\n\t<meta property=\"og:image:height\" content=\"400\" \/>\n\t<meta property=\"og:image:type\" content=\"image\/jpeg\" \/>\n<meta name=\"author\" content=\"enequipo\" \/>\n<meta name=\"twitter:card\" content=\"summary_large_image\" \/>\n<meta name=\"twitter:creator\" content=\"@sonoraenequipo\" \/>\n<meta name=\"twitter:site\" content=\"@sonoraenequipo\" \/>\n<meta name=\"twitter:label1\" content=\"Escrito por\" \/>\n\t<meta name=\"twitter:data1\" content=\"enequipo\" \/>\n\t<meta name=\"twitter:label2\" content=\"Tiempo de lectura\" \/>\n\t<meta name=\"twitter:data2\" content=\"3 minutos\" \/>\n<script type=\"application\/ld+json\" class=\"yoast-schema-graph\">{\"@context\":\"https:\/\/schema.org\",\"@graph\":[{\"@type\":\"Article\",\"@id\":\"https:\/\/www.sonoraenequipo.com.mx\/solicitaran-diputados-del-pan-a-ine-atraiga-eleccion-de-sonora\/#article\",\"isPartOf\":{\"@id\":\"https:\/\/www.sonoraenequipo.com.mx\/solicitaran-diputados-del-pan-a-ine-atraiga-eleccion-de-sonora\/\"},\"author\":{\"name\":\"enequipo\",\"@id\":\"https:\/\/www.sonoraenequipo.com.mx\/#\/schema\/person\/50102df0fb23a8fa9e8effad8fa81386\"},\"headline\":\"Solicitar\u00e1n diputados del PAN a INE atraiga elecci\u00f3n de Sonora\",\"datePublished\":\"2021-05-21T19:02:31+00:00\",\"dateModified\":\"2021-05-22T01:10:22+00:00\",\"mainEntityOfPage\":{\"@id\":\"https:\/\/www.sonoraenequipo.com.mx\/solicitaran-diputados-del-pan-a-ine-atraiga-eleccion-de-sonora\/\"},\"wordCount\":559,\"commentCount\":0,\"publisher\":{\"@id\":\"https:\/\/www.sonoraenequipo.com.mx\/#organization\"},\"image\":{\"@id\":\"https:\/\/www.sonoraenequipo.com.mx\/solicitaran-diputados-del-pan-a-ine-atraiga-eleccion-de-sonora\/#primaryimage\"},\"thumbnailUrl\":\"https:\/\/www.sonoraenequipo.com.mx\/storage\/2021\/05\/Dip_opt.jpg\",\"articleSection\":[\"Congreso\"],\"inLanguage\":\"es\",\"potentialAction\":[{\"@type\":\"CommentAction\",\"name\":\"Comment\",\"target\":[\"https:\/\/www.sonoraenequipo.com.mx\/solicitaran-diputados-del-pan-a-ine-atraiga-eleccion-de-sonora\/#respond\"]}]},{\"@type\":\"WebPage\",\"@id\":\"https:\/\/www.sonoraenequipo.com.mx\/solicitaran-diputados-del-pan-a-ine-atraiga-eleccion-de-sonora\/\",\"url\":\"https:\/\/www.sonoraenequipo.com.mx\/solicitaran-diputados-del-pan-a-ine-atraiga-eleccion-de-sonora\/\",\"name\":\"Sonora en Equipo. Solicitar\u00e1n diputados del PAN a INE atraiga elecci\u00f3n de Sonora Congreso\",\"isPartOf\":{\"@id\":\"https:\/\/www.sonoraenequipo.com.mx\/#website\"},\"primaryImageOfPage\":{\"@id\":\"https:\/\/www.sonoraenequipo.com.mx\/solicitaran-diputados-del-pan-a-ine-atraiga-eleccion-de-sonora\/#primaryimage\"},\"image\":{\"@id\":\"https:\/\/www.sonoraenequipo.com.mx\/solicitaran-diputados-del-pan-a-ine-atraiga-eleccion-de-sonora\/#primaryimage\"},\"thumbnailUrl\":\"https:\/\/www.sonoraenequipo.com.mx\/storage\/2021\/05\/Dip_opt.jpg\",\"datePublished\":\"2021-05-21T19:02:31+00:00\",\"dateModified\":\"2021-05-22T01:10:22+00:00\",\"description\":\"HERMOSILLO, SONORA.MX. \u2014 El grupo parlamentario del Partido Acci\u00f3n Nacional en el Congreso del Estado solicitar\u00e1 al Instituto Nacional Electoral ejerza la En Sonora en Equipo publicamos toda la informaci\u00f3n de Sonora, M\u00e9xico y el Mundo de manera oportuna y busca que la libertad de expresi\u00f3n sea real. Visita nuestro medio informativo publicado desde Hermosillo, Sonora. %\",\"breadcrumb\":{\"@id\":\"https:\/\/www.sonoraenequipo.com.mx\/solicitaran-diputados-del-pan-a-ine-atraiga-eleccion-de-sonora\/#breadcrumb\"},\"inLanguage\":\"es\",\"potentialAction\":[{\"@type\":\"ReadAction\",\"target\":[\"https:\/\/www.sonoraenequipo.com.mx\/solicitaran-diputados-del-pan-a-ine-atraiga-eleccion-de-sonora\/\"]}]},{\"@type\":\"ImageObject\",\"inLanguage\":\"es\",\"@id\":\"https:\/\/www.sonoraenequipo.com.mx\/solicitaran-diputados-del-pan-a-ine-atraiga-eleccion-de-sonora\/#primaryimage\",\"url\":\"https:\/\/www.sonoraenequipo.com.mx\/storage\/2021\/05\/Dip_opt.jpg\",\"contentUrl\":\"https:\/\/www.sonoraenequipo.com.mx\/storage\/2021\/05\/Dip_opt.jpg\",\"width\":700,\"height\":400},{\"@type\":\"BreadcrumbList\",\"@id\":\"https:\/\/www.sonoraenequipo.com.mx\/solicitaran-diputados-del-pan-a-ine-atraiga-eleccion-de-sonora\/#breadcrumb\",\"itemListElement\":[{\"@type\":\"ListItem\",\"position\":1,\"name\":\"Portada\",\"item\":\"https:\/\/www.sonoraenequipo.com.mx\/\"},{\"@type\":\"ListItem\",\"position\":2,\"name\":\"Solicitar\u00e1n diputados del PAN a INE atraiga elecci\u00f3n de Sonora\"}]},{\"@type\":\"WebSite\",\"@id\":\"https:\/\/www.sonoraenequipo.com.mx\/#website\",\"url\":\"https:\/\/www.sonoraenequipo.com.mx\/\",\"name\":\"Sonora en Equipo.\",\"description\":\"Diario en l\u00ednea con Noticias desde Hermosillo, Sonora\",\"publisher\":{\"@id\":\"https:\/\/www.sonoraenequipo.com.mx\/#organization\"},\"potentialAction\":[{\"@type\":\"SearchAction\",\"target\":{\"@type\":\"EntryPoint\",\"urlTemplate\":\"https:\/\/www.sonoraenequipo.com.mx\/?s={search_term_string}\"},\"query-input\":{\"@type\":\"PropertyValueSpecification\",\"valueRequired\":true,\"valueName\":\"search_term_string\"}}],\"inLanguage\":\"es\"},{\"@type\":\"Organization\",\"@id\":\"https:\/\/www.sonoraenequipo.com.mx\/#organization\",\"name\":\"Sonoraenequipo.com.mx\",\"url\":\"https:\/\/www.sonoraenequipo.com.mx\/\",\"logo\":{\"@type\":\"ImageObject\",\"inLanguage\":\"es\",\"@id\":\"https:\/\/www.sonoraenequipo.com.mx\/#\/schema\/logo\/image\/\",\"url\":\"https:\/\/www.sonoraenequipo.com.mx\/storage\/2019\/01\/sonoraenequipo_opt.png\",\"contentUrl\":\"https:\/\/www.sonoraenequipo.com.mx\/storage\/2019\/01\/sonoraenequipo_opt.png\",\"width\":375,\"height\":125,\"caption\":\"Sonoraenequipo.com.mx\"},\"image\":{\"@id\":\"https:\/\/www.sonoraenequipo.com.mx\/#\/schema\/logo\/image\/\"},\"sameAs\":[\"https:\/\/www.facebook.com\/SonoraEE\/\",\"https:\/\/x.com\/sonoraenequipo\",\"https:\/\/www.youtube.com\/channel\/UC338nW-lPEYmJQs4ZABQ1SQ\"]},{\"@type\":\"Person\",\"@id\":\"https:\/\/www.sonoraenequipo.com.mx\/#\/schema\/person\/50102df0fb23a8fa9e8effad8fa81386\",\"name\":\"enequipo\",\"image\":{\"@type\":\"ImageObject\",\"inLanguage\":\"es\",\"@id\":\"https:\/\/www.sonoraenequipo.com.mx\/#\/schema\/person\/image\/\",\"url\":\"https:\/\/secure.gravatar.com\/avatar\/049821681b589dabc0bc20695993ccebb09f5b5d4d790cd9251b97faac7c652b?s=96&d=blank&r=g\",\"contentUrl\":\"https:\/\/secure.gravatar.com\/avatar\/049821681b589dabc0bc20695993ccebb09f5b5d4d790cd9251b97faac7c652b?s=96&d=blank&r=g\",\"caption\":\"enequipo\"},\"sameAs\":[\"https:\/\/www.facebook.com\/SonoraEE\"]}]}<\/script>\n ","yoast_head_json":{"title":"Sonora en Equipo. Solicitar\u00e1n diputados del PAN a INE atraiga elecci\u00f3n de Sonora Congreso","description":"HERMOSILLO, SONORA.MX. \u2014 El grupo parlamentario del Partido Acci\u00f3n Nacional en el Congreso del Estado solicitar\u00e1 al Instituto Nacional Electoral ejerza la En Sonora en Equipo publicamos toda la informaci\u00f3n de Sonora, M\u00e9xico y el Mundo de manera oportuna y busca que la libertad de expresi\u00f3n sea real. Visita nuestro medio informativo publicado desde Hermosillo, Sonora. %","robots":{"index":"index","follow":"follow","max-snippet":"max-snippet:-1","max-image-preview":"max-image-preview:large","max-video-preview":"max-video-preview:-1"},"canonical":"https:\/\/www.sonoraenequipo.com.mx\/solicitaran-diputados-del-pan-a-ine-atraiga-eleccion-de-sonora\/","og_locale":"es_ES","og_type":"article","og_title":"Sonora en Equipo. Solicitar\u00e1n diputados del PAN a INE atraiga elecci\u00f3n de Sonora Congreso","og_description":"HERMOSILLO, SONORA.MX. \u2014 El grupo parlamentario del Partido Acci\u00f3n Nacional en el Congreso del Estado solicitar\u00e1 al Instituto Nacional Electoral ejerza la En Sonora en Equipo publicamos toda la informaci\u00f3n de Sonora, M\u00e9xico y el Mundo de manera oportuna y busca que la libertad de expresi\u00f3n sea real. Visita nuestro medio informativo publicado desde Hermosillo, Sonora. %","og_url":"https:\/\/www.sonoraenequipo.com.mx\/solicitaran-diputados-del-pan-a-ine-atraiga-eleccion-de-sonora\/","og_site_name":"Sonora en Equipo.","article_publisher":"https:\/\/www.facebook.com\/SonoraEE\/","article_author":"https:\/\/www.facebook.com\/SonoraEE","article_published_time":"2021-05-21T19:02:31+00:00","article_modified_time":"2021-05-22T01:10:22+00:00","og_image":[{"width":700,"height":400,"url":"https:\/\/www.sonoraenequipo.com.mx\/storage\/2021\/05\/Dip_opt.jpg","type":"image\/jpeg"}],"author":"enequipo","twitter_card":"summary_large_image","twitter_creator":"@sonoraenequipo","twitter_site":"@sonoraenequipo","twitter_misc":{"Escrito por":"enequipo","Tiempo de lectura":"3 minutos"},"schema":{"@context":"https:\/\/schema.org","@graph":[{"@type":"Article","@id":"https:\/\/www.sonoraenequipo.com.mx\/solicitaran-diputados-del-pan-a-ine-atraiga-eleccion-de-sonora\/#article","isPartOf":{"@id":"https:\/\/www.sonoraenequipo.com.mx\/solicitaran-diputados-del-pan-a-ine-atraiga-eleccion-de-sonora\/"},"author":{"name":"enequipo","@id":"https:\/\/www.sonoraenequipo.com.mx\/#\/schema\/person\/50102df0fb23a8fa9e8effad8fa81386"},"headline":"Solicitar\u00e1n diputados del PAN a INE atraiga elecci\u00f3n de Sonora","datePublished":"2021-05-21T19:02:31+00:00","dateModified":"2021-05-22T01:10:22+00:00","mainEntityOfPage":{"@id":"https:\/\/www.sonoraenequipo.com.mx\/solicitaran-diputados-del-pan-a-ine-atraiga-eleccion-de-sonora\/"},"wordCount":559,"commentCount":0,"publisher":{"@id":"https:\/\/www.sonoraenequipo.com.mx\/#organization"},"image":{"@id":"https:\/\/www.sonoraenequipo.com.mx\/solicitaran-diputados-del-pan-a-ine-atraiga-eleccion-de-sonora\/#primaryimage"},"thumbnailUrl":"https:\/\/www.sonoraenequipo.com.mx\/storage\/2021\/05\/Dip_opt.jpg","articleSection":["Congreso"],"inLanguage":"es","potentialAction":[{"@type":"CommentAction","name":"Comment","target":["https:\/\/www.sonoraenequipo.com.mx\/solicitaran-diputados-del-pan-a-ine-atraiga-eleccion-de-sonora\/#respond"]}]},{"@type":"WebPage","@id":"https:\/\/www.sonoraenequipo.com.mx\/solicitaran-diputados-del-pan-a-ine-atraiga-eleccion-de-sonora\/","url":"https:\/\/www.sonoraenequipo.com.mx\/solicitaran-diputados-del-pan-a-ine-atraiga-eleccion-de-sonora\/","name":"Sonora en Equipo. Solicitar\u00e1n diputados del PAN a INE atraiga elecci\u00f3n de Sonora Congreso","isPartOf":{"@id":"https:\/\/www.sonoraenequipo.com.mx\/#website"},"primaryImageOfPage":{"@id":"https:\/\/www.sonoraenequipo.com.mx\/solicitaran-diputados-del-pan-a-ine-atraiga-eleccion-de-sonora\/#primaryimage"},"image":{"@id":"https:\/\/www.sonoraenequipo.com.mx\/solicitaran-diputados-del-pan-a-ine-atraiga-eleccion-de-sonora\/#primaryimage"},"thumbnailUrl":"https:\/\/www.sonoraenequipo.com.mx\/storage\/2021\/05\/Dip_opt.jpg","datePublished":"2021-05-21T19:02:31+00:00","dateModified":"2021-05-22T01:10:22+00:00","description":"HERMOSILLO, SONORA.MX. \u2014 El grupo parlamentario del Partido Acci\u00f3n Nacional en el Congreso del Estado solicitar\u00e1 al Instituto Nacional Electoral ejerza la En Sonora en Equipo publicamos toda la informaci\u00f3n de Sonora, M\u00e9xico y el Mundo de manera oportuna y busca que la libertad de expresi\u00f3n sea real. Visita nuestro medio informativo publicado desde Hermosillo, Sonora. %","breadcrumb":{"@id":"https:\/\/www.sonoraenequipo.com.mx\/solicitaran-diputados-del-pan-a-ine-atraiga-eleccion-de-sonora\/#breadcrumb"},"inLanguage":"es","potentialAction":[{"@type":"ReadAction","target":["https:\/\/www.sonoraenequipo.com.mx\/solicitaran-diputados-del-pan-a-ine-atraiga-eleccion-de-sonora\/"]}]},{"@type":"ImageObject","inLanguage":"es","@id":"https:\/\/www.sonoraenequipo.com.mx\/solicitaran-diputados-del-pan-a-ine-atraiga-eleccion-de-sonora\/#primaryimage","url":"https:\/\/www.sonoraenequipo.com.mx\/storage\/2021\/05\/Dip_opt.jpg","contentUrl":"https:\/\/www.sonoraenequipo.com.mx\/storage\/2021\/05\/Dip_opt.jpg","width":700,"height":400},{"@type":"BreadcrumbList","@id":"https:\/\/www.sonoraenequipo.com.mx\/solicitaran-diputados-del-pan-a-ine-atraiga-eleccion-de-sonora\/#breadcrumb","itemListElement":[{"@type":"ListItem","position":1,"name":"Portada","item":"https:\/\/www.sonoraenequipo.com.mx\/"},{"@type":"ListItem","position":2,"name":"Solicitar\u00e1n diputados del PAN a INE atraiga elecci\u00f3n de Sonora"}]},{"@type":"WebSite","@id":"https:\/\/www.sonoraenequipo.com.mx\/#website","url":"https:\/\/www.sonoraenequipo.com.mx\/","name":"Sonora en Equipo.","description":"Diario en l\u00ednea con Noticias desde Hermosillo, Sonora","publisher":{"@id":"https:\/\/www.sonoraenequipo.com.mx\/#organization"},"potentialAction":[{"@type":"SearchAction","target":{"@type":"EntryPoint","urlTemplate":"https:\/\/www.sonoraenequipo.com.mx\/?s={search_term_string}"},"query-input":{"@type":"PropertyValueSpecification","valueRequired":true,"valueName":"search_term_string"}}],"inLanguage":"es"},{"@type":"Organization","@id":"https:\/\/www.sonoraenequipo.com.mx\/#organization","name":"Sonoraenequipo.com.mx","url":"https:\/\/www.sonoraenequipo.com.mx\/","logo":{"@type":"ImageObject","inLanguage":"es","@id":"https:\/\/www.sonoraenequipo.com.mx\/#\/schema\/logo\/image\/","url":"https:\/\/www.sonoraenequipo.com.mx\/storage\/2019\/01\/sonoraenequipo_opt.png","contentUrl":"https:\/\/www.sonoraenequipo.com.mx\/storage\/2019\/01\/sonoraenequipo_opt.png","width":375,"height":125,"caption":"Sonoraenequipo.com.mx"},"image":{"@id":"https:\/\/www.sonoraenequipo.com.mx\/#\/schema\/logo\/image\/"},"sameAs":["https:\/\/www.facebook.com\/SonoraEE\/","https:\/\/x.com\/sonoraenequipo","https:\/\/www.youtube.com\/channel\/UC338nW-lPEYmJQs4ZABQ1SQ"]},{"@type":"Person","@id":"https:\/\/www.sonoraenequipo.com.mx\/#\/schema\/person\/50102df0fb23a8fa9e8effad8fa81386","name":"enequipo","image":{"@type":"ImageObject","inLanguage":"es","@id":"https:\/\/www.sonoraenequipo.com.mx\/#\/schema\/person\/image\/","url":"https:\/\/secure.gravatar.com\/avatar\/049821681b589dabc0bc20695993ccebb09f5b5d4d790cd9251b97faac7c652b?s=96&d=blank&r=g","contentUrl":"https:\/\/secure.gravatar.com\/avatar\/049821681b589dabc0bc20695993ccebb09f5b5d4d790cd9251b97faac7c652b?s=96&d=blank&r=g","caption":"enequipo"},"sameAs":["https:\/\/www.facebook.com\/SonoraEE"]}]}},"jetpack_featured_media_url":"https:\/\/www.sonoraenequipo.com.mx\/storage\/2021\/05\/Dip_opt.jpg","_links":{"self":[{"href":"https:\/\/www.sonoraenequipo.com.mx\/api\/wp\/v2\/posts\/114504","targetHints":{"allow":["GET"]}}],"collection":[{"href":"https:\/\/www.sonoraenequipo.com.mx\/api\/wp\/v2\/posts"}],"about":[{"href":"https:\/\/www.sonoraenequipo.com.mx\/api\/wp\/v2\/types\/post"}],"author":[{"embeddable":true,"href":"https:\/\/www.sonoraenequipo.com.mx\/api\/wp\/v2\/users\/1"}],"replies":[{"embeddable":true,"href":"https:\/\/www.sonoraenequipo.com.mx\/api\/wp\/v2\/comments?post=114504"}],"version-history":[{"count":2,"href":"https:\/\/www.sonoraenequipo.com.mx\/api\/wp\/v2\/posts\/114504\/revisions"}],"predecessor-version":[{"id":114507,"href":"https:\/\/www.sonoraenequipo.com.mx\/api\/wp\/v2\/posts\/114504\/revisions\/114507"}],"wp:featuredmedia":[{"embeddable":true,"href":"https:\/\/www.sonoraenequipo.com.mx\/api\/wp\/v2\/media\/114505"}],"wp:attachment":[{"href":"https:\/\/www.sonoraenequipo.com.mx\/api\/wp\/v2\/media?parent=114504"}],"wp:term":[{"taxonomy":"category","embeddable":true,"href":"https:\/\/www.sonoraenequipo.com.mx\/api\/wp\/v2\/categories?post=114504"},{"taxonomy":"post_tag","embeddable":true,"href":"https:\/\/www.sonoraenequipo.com.mx\/api\/wp\/v2\/tags?post=114504"}],"curies":[{"name":"wp","href":"https:\/\/api.w.org\/{rel}","templated":true}]}}