{"id":114512,"date":"2021-05-21T08:20:05","date_gmt":"2021-05-21T15:20:05","guid":{"rendered":"https:\/\/www.sonoraenequipo.com.mx\/?p=114512"},"modified":"2021-05-21T18:40:01","modified_gmt":"2021-05-22T01:40:01","slug":"gustavo-almada-borquez-es-el-nuevo-candidato-de-mc-para-cajeme","status":"publish","type":"post","link":"https:\/\/www.sonoraenequipo.com.mx\/gustavo-almada-borquez-es-el-nuevo-candidato-de-mc-para-cajeme\/","title":{"rendered":"Gustavo Almada B\u00f3rquez es el nuevo candidato de MC para Cajeme"},"content":{"rendered":"<p>CIUDAD OBREG\u00d3N, SONORA. MX. \u2014 En conferencia de prensa, la dirigencia nacional de Movimiento Ciudadano, en voz del senador Dante Delgado, dio a conocer que Gustavo Almada, sustituir\u00e1 la candidatura de Abel Murrieta, quien hasta el pasado 13 de mayo fuera candidato por la presidencia municipal de Cajeme y a quien siempre recordaremos.<\/p>\n<p>&nbsp;<\/p>\n<p> <\/p>\n<p>&nbsp;<\/p>\n<p>La trayectoria de Gustavo Almada al servicio de Cajeme, donde ha realizado trabajo a favor de la comunidad y ha impulsado el proyecto de Movimiento Ciudadano en el Sur de Sonora, fueron algunas de las principales razones para hacerle la invitaci\u00f3n. \u201cGustavo Almada es un hombre que ha dado la cara por nuestro Movimiento y ha servido a Cajeme desde el municipio\u201d afirm\u00f3 Delgado.<\/p>\n<p>&nbsp;<\/p>\n<p>Adem\u00e1s, reconoci\u00f3 la valent\u00eda de Gustavo Almada para asumir la responsabilidad de continuar el proyecto en Cajeme a pesar de las adversidades: \u201ccuando el valor es necesario, cuando la casta es necesaria, hay hombres y mujeres como ustedes que dan la cara. Aqu\u00ed hay valor, determinaci\u00f3n y compromiso con Sonora y M\u00e9xico\u201d agreg\u00f3.<\/p>\n<p>&nbsp;<\/p>\n<p>En su turno, Gustavo Almada agradeci\u00f3 el respaldo a su candidatura y expres\u00f3 el orgullo que representa continuar con el proyecto que encabezaba Abel Murrieta por <em>\u201cluchar por tener una comunidad pr\u00f3spera, segura y de oportunidades\u201d.<\/em><\/p>\n<p>&nbsp;<\/p>\n<p>El ahora candidato manifest\u00f3 que Movimiento Ciudadano se ha convertido en una alternativa real en la boleta y que puede representar una esperanza para los cajemenses frente a otras opciones pol\u00edticas. \u201c<em>Nuestra comunidad ha sido abandonada por los que estuvieron y los que est\u00e1n. Creo firmemente que no debemos permitir que regresen\u201d<\/em> coment\u00f3.<\/p>\n<p>&nbsp;<\/p>\n<p>&nbsp;<\/p>\n<p>Asimismo, hizo un llamado para recuperar la paz en Cajeme y poner un alto a la violencia. \u201cNecesitamos paz. Necesitamos generar esperanza. Vamos a encontrarla juntos. Los invito a que se sumen\u201d. Finalmente afirm\u00f3 que s\u00ed se pueden hacer las cosas distintas y de forma honesta si se combate la corrupci\u00f3n: <em>\u201cel Ayuntamiento maneja mucho dinero, pero se roban mucho m\u00e1s de lo que invierten en la ciudad. Necesitamos erradicar la corrupci\u00f3n\u201d<\/em> puntualiz\u00f3.<\/p>\n<p>&nbsp;<\/p>\n<p>&nbsp;<\/p>\n<p>Al evento tambi\u00e9n asistieron el Coordinador Estatal Carlos Garc\u00eda Le\u00f3n, el candidato a gobernador y vocero de Movimiento Ciudadano Sonora, Manuel Scott; los candidatos a diputados H\u00e9ctor Beltr\u00e1n y Eduardo Flores y las candidatas a diputadas locales Clarissa Flores Chong y Denisse Navarro.<\/p>\n<p>&nbsp;<\/p>\n<p>&nbsp;<\/p>\n<p>(Publicada el 21\/05\/2021)<\/p>\n","protected":false},"excerpt":{"rendered":"<p>CIUDAD OBREG\u00d3N, SONORA. MX. \u2014 En conferencia de prensa, la dirigencia nacional de Movimiento Ciudadano,&#8230;<\/p>\n","protected":false},"author":1,"featured_media":114513,"comment_status":"open","ping_status":"open","sticky":false,"template":"","format":"standard","meta":{"_monsterinsights_skip_tracking":false,"_monsterinsights_sitenote_active":false,"_monsterinsights_sitenote_note":"","_monsterinsights_sitenote_category":0,"footnotes":""},"categories":[8],"tags":[],"class_list":["post"],"yoast_head":" \n<title>Sonora en Equipo. Gustavo Almada B\u00f3rquez es el nuevo candidato de MC para Cajeme LA ELECCION 2024<\/title>\n<meta name=\"description\" content=\"CIUDAD OBREG\u00d3N, SONORA. MX. \u2014 En conferencia de prensa, la dirigencia nacional de Movimiento Ciudadano, en voz del senador Dante Delgado, dio a conocer En Sonora en Equipo publicamos toda la informaci\u00f3n de Sonora, M\u00e9xico y el Mundo de manera oportuna y busca que la libertad de expresi\u00f3n sea real. Visita nuestro medio informativo publicado desde Hermosillo, Sonora. %\" \/>\n<meta name=\"robots\" content=\"index, follow, max-snippet:-1, max-image-preview:large, max-video-preview:-1\" \/>\n<link rel=\"canonical\" href=\"https:\/\/www.sonoraenequipo.com.mx\/gustavo-almada-borquez-es-el-nuevo-candidato-de-mc-para-cajeme\/\" \/>\n<meta property=\"og:locale\" content=\"es_ES\" \/>\n<meta property=\"og:type\" content=\"article\" \/>\n<meta property=\"og:title\" content=\"Sonora en Equipo. Gustavo Almada B\u00f3rquez es el nuevo candidato de MC para Cajeme LA ELECCION 2024\" \/>\n<meta property=\"og:description\" content=\"CIUDAD OBREG\u00d3N, SONORA. MX. \u2014 En conferencia de prensa, la dirigencia nacional de Movimiento Ciudadano, en voz del senador Dante Delgado, dio a conocer En Sonora en Equipo publicamos toda la informaci\u00f3n de Sonora, M\u00e9xico y el Mundo de manera oportuna y busca que la libertad de expresi\u00f3n sea real. Visita nuestro medio informativo publicado desde Hermosillo, Sonora. %\" \/>\n<meta property=\"og:url\" content=\"https:\/\/www.sonoraenequipo.com.mx\/gustavo-almada-borquez-es-el-nuevo-candidato-de-mc-para-cajeme\/\" \/>\n<meta property=\"og:site_name\" content=\"Sonora en Equipo.\" \/>\n<meta property=\"article:publisher\" content=\"https:\/\/www.facebook.com\/SonoraEE\/\" \/>\n<meta property=\"article:author\" content=\"https:\/\/www.facebook.com\/SonoraEE\" \/>\n<meta property=\"article:published_time\" content=\"2021-05-21T15:20:05+00:00\" \/>\n<meta property=\"article:modified_time\" content=\"2021-05-22T01:40:01+00:00\" \/>\n<meta property=\"og:image\" content=\"https:\/\/www.sonoraenequipo.com.mx\/storage\/2021\/05\/ALMADA-BORQUEZ-CAJEME_2021-05-21_opt.jpg\" \/>\n\t<meta property=\"og:image:width\" content=\"700\" \/>\n\t<meta property=\"og:image:height\" content=\"400\" \/>\n\t<meta property=\"og:image:type\" content=\"image\/jpeg\" \/>\n<meta name=\"author\" content=\"enequipo\" \/>\n<meta name=\"twitter:card\" content=\"summary_large_image\" \/>\n<meta name=\"twitter:creator\" content=\"@sonoraenequipo\" \/>\n<meta name=\"twitter:site\" content=\"@sonoraenequipo\" \/>\n<meta name=\"twitter:label1\" content=\"Escrito por\" \/>\n\t<meta name=\"twitter:data1\" content=\"enequipo\" \/>\n\t<meta name=\"twitter:label2\" content=\"Tiempo de lectura\" \/>\n\t<meta name=\"twitter:data2\" content=\"2 minutos\" \/>\n<script type=\"application\/ld+json\" class=\"yoast-schema-graph\">{\"@context\":\"https:\/\/schema.org\",\"@graph\":[{\"@type\":\"Article\",\"@id\":\"https:\/\/www.sonoraenequipo.com.mx\/gustavo-almada-borquez-es-el-nuevo-candidato-de-mc-para-cajeme\/#article\",\"isPartOf\":{\"@id\":\"https:\/\/www.sonoraenequipo.com.mx\/gustavo-almada-borquez-es-el-nuevo-candidato-de-mc-para-cajeme\/\"},\"author\":{\"name\":\"enequipo\",\"@id\":\"https:\/\/www.sonoraenequipo.com.mx\/#\/schema\/person\/50102df0fb23a8fa9e8effad8fa81386\"},\"headline\":\"Gustavo Almada B\u00f3rquez es el nuevo candidato de MC para Cajeme\",\"datePublished\":\"2021-05-21T15:20:05+00:00\",\"dateModified\":\"2021-05-22T01:40:01+00:00\",\"mainEntityOfPage\":{\"@id\":\"https:\/\/www.sonoraenequipo.com.mx\/gustavo-almada-borquez-es-el-nuevo-candidato-de-mc-para-cajeme\/\"},\"wordCount\":415,\"commentCount\":0,\"publisher\":{\"@id\":\"https:\/\/www.sonoraenequipo.com.mx\/#organization\"},\"image\":{\"@id\":\"https:\/\/www.sonoraenequipo.com.mx\/gustavo-almada-borquez-es-el-nuevo-candidato-de-mc-para-cajeme\/#primaryimage\"},\"thumbnailUrl\":\"https:\/\/www.sonoraenequipo.com.mx\/storage\/2021\/05\/ALMADA-BORQUEZ-CAJEME_2021-05-21_opt.jpg\",\"articleSection\":[\"LA ELECCION 2024\"],\"inLanguage\":\"es\",\"potentialAction\":[{\"@type\":\"CommentAction\",\"name\":\"Comment\",\"target\":[\"https:\/\/www.sonoraenequipo.com.mx\/gustavo-almada-borquez-es-el-nuevo-candidato-de-mc-para-cajeme\/#respond\"]}]},{\"@type\":\"WebPage\",\"@id\":\"https:\/\/www.sonoraenequipo.com.mx\/gustavo-almada-borquez-es-el-nuevo-candidato-de-mc-para-cajeme\/\",\"url\":\"https:\/\/www.sonoraenequipo.com.mx\/gustavo-almada-borquez-es-el-nuevo-candidato-de-mc-para-cajeme\/\",\"name\":\"Sonora en Equipo. Gustavo Almada B\u00f3rquez es el nuevo candidato de MC para Cajeme LA ELECCION 2024\",\"isPartOf\":{\"@id\":\"https:\/\/www.sonoraenequipo.com.mx\/#website\"},\"primaryImageOfPage\":{\"@id\":\"https:\/\/www.sonoraenequipo.com.mx\/gustavo-almada-borquez-es-el-nuevo-candidato-de-mc-para-cajeme\/#primaryimage\"},\"image\":{\"@id\":\"https:\/\/www.sonoraenequipo.com.mx\/gustavo-almada-borquez-es-el-nuevo-candidato-de-mc-para-cajeme\/#primaryimage\"},\"thumbnailUrl\":\"https:\/\/www.sonoraenequipo.com.mx\/storage\/2021\/05\/ALMADA-BORQUEZ-CAJEME_2021-05-21_opt.jpg\",\"datePublished\":\"2021-05-21T15:20:05+00:00\",\"dateModified\":\"2021-05-22T01:40:01+00:00\",\"description\":\"CIUDAD OBREG\u00d3N, SONORA. MX. \u2014 En conferencia de prensa, la dirigencia nacional de Movimiento Ciudadano, en voz del senador Dante Delgado, dio a conocer En Sonora en Equipo publicamos toda la informaci\u00f3n de Sonora, M\u00e9xico y el Mundo de manera oportuna y busca que la libertad de expresi\u00f3n sea real. Visita nuestro medio informativo publicado desde Hermosillo, Sonora. %\",\"breadcrumb\":{\"@id\":\"https:\/\/www.sonoraenequipo.com.mx\/gustavo-almada-borquez-es-el-nuevo-candidato-de-mc-para-cajeme\/#breadcrumb\"},\"inLanguage\":\"es\",\"potentialAction\":[{\"@type\":\"ReadAction\",\"target\":[\"https:\/\/www.sonoraenequipo.com.mx\/gustavo-almada-borquez-es-el-nuevo-candidato-de-mc-para-cajeme\/\"]}]},{\"@type\":\"ImageObject\",\"inLanguage\":\"es\",\"@id\":\"https:\/\/www.sonoraenequipo.com.mx\/gustavo-almada-borquez-es-el-nuevo-candidato-de-mc-para-cajeme\/#primaryimage\",\"url\":\"https:\/\/www.sonoraenequipo.com.mx\/storage\/2021\/05\/ALMADA-BORQUEZ-CAJEME_2021-05-21_opt.jpg\",\"contentUrl\":\"https:\/\/www.sonoraenequipo.com.mx\/storage\/2021\/05\/ALMADA-BORQUEZ-CAJEME_2021-05-21_opt.jpg\",\"width\":700,\"height\":400},{\"@type\":\"BreadcrumbList\",\"@id\":\"https:\/\/www.sonoraenequipo.com.mx\/gustavo-almada-borquez-es-el-nuevo-candidato-de-mc-para-cajeme\/#breadcrumb\",\"itemListElement\":[{\"@type\":\"ListItem\",\"position\":1,\"name\":\"Portada\",\"item\":\"https:\/\/www.sonoraenequipo.com.mx\/\"},{\"@type\":\"ListItem\",\"position\":2,\"name\":\"Gustavo Almada B\u00f3rquez es el nuevo candidato de MC para Cajeme\"}]},{\"@type\":\"WebSite\",\"@id\":\"https:\/\/www.sonoraenequipo.com.mx\/#website\",\"url\":\"https:\/\/www.sonoraenequipo.com.mx\/\",\"name\":\"Sonora en Equipo.\",\"description\":\"Diario en l\u00ednea con Noticias desde Hermosillo, Sonora\",\"publisher\":{\"@id\":\"https:\/\/www.sonoraenequipo.com.mx\/#organization\"},\"potentialAction\":[{\"@type\":\"SearchAction\",\"target\":{\"@type\":\"EntryPoint\",\"urlTemplate\":\"https:\/\/www.sonoraenequipo.com.mx\/?s={search_term_string}\"},\"query-input\":{\"@type\":\"PropertyValueSpecification\",\"valueRequired\":true,\"valueName\":\"search_term_string\"}}],\"inLanguage\":\"es\"},{\"@type\":\"Organization\",\"@id\":\"https:\/\/www.sonoraenequipo.com.mx\/#organization\",\"name\":\"Sonoraenequipo.com.mx\",\"url\":\"https:\/\/www.sonoraenequipo.com.mx\/\",\"logo\":{\"@type\":\"ImageObject\",\"inLanguage\":\"es\",\"@id\":\"https:\/\/www.sonoraenequipo.com.mx\/#\/schema\/logo\/image\/\",\"url\":\"https:\/\/www.sonoraenequipo.com.mx\/storage\/2019\/01\/sonoraenequipo_opt.png\",\"contentUrl\":\"https:\/\/www.sonoraenequipo.com.mx\/storage\/2019\/01\/sonoraenequipo_opt.png\",\"width\":375,\"height\":125,\"caption\":\"Sonoraenequipo.com.mx\"},\"image\":{\"@id\":\"https:\/\/www.sonoraenequipo.com.mx\/#\/schema\/logo\/image\/\"},\"sameAs\":[\"https:\/\/www.facebook.com\/SonoraEE\/\",\"https:\/\/x.com\/sonoraenequipo\",\"https:\/\/www.youtube.com\/channel\/UC338nW-lPEYmJQs4ZABQ1SQ\"]},{\"@type\":\"Person\",\"@id\":\"https:\/\/www.sonoraenequipo.com.mx\/#\/schema\/person\/50102df0fb23a8fa9e8effad8fa81386\",\"name\":\"enequipo\",\"image\":{\"@type\":\"ImageObject\",\"inLanguage\":\"es\",\"@id\":\"https:\/\/www.sonoraenequipo.com.mx\/#\/schema\/person\/image\/\",\"url\":\"https:\/\/secure.gravatar.com\/avatar\/049821681b589dabc0bc20695993ccebb09f5b5d4d790cd9251b97faac7c652b?s=96&d=blank&r=g\",\"contentUrl\":\"https:\/\/secure.gravatar.com\/avatar\/049821681b589dabc0bc20695993ccebb09f5b5d4d790cd9251b97faac7c652b?s=96&d=blank&r=g\",\"caption\":\"enequipo\"},\"sameAs\":[\"https:\/\/www.facebook.com\/SonoraEE\"]}]}<\/script>\n ","yoast_head_json":{"title":"Sonora en Equipo. Gustavo Almada B\u00f3rquez es el nuevo candidato de MC para Cajeme LA ELECCION 2024","description":"CIUDAD OBREG\u00d3N, SONORA. MX. \u2014 En conferencia de prensa, la dirigencia nacional de Movimiento Ciudadano, en voz del senador Dante Delgado, dio a conocer En Sonora en Equipo publicamos toda la informaci\u00f3n de Sonora, M\u00e9xico y el Mundo de manera oportuna y busca que la libertad de expresi\u00f3n sea real. Visita nuestro medio informativo publicado desde Hermosillo, Sonora. %","robots":{"index":"index","follow":"follow","max-snippet":"max-snippet:-1","max-image-preview":"max-image-preview:large","max-video-preview":"max-video-preview:-1"},"canonical":"https:\/\/www.sonoraenequipo.com.mx\/gustavo-almada-borquez-es-el-nuevo-candidato-de-mc-para-cajeme\/","og_locale":"es_ES","og_type":"article","og_title":"Sonora en Equipo. Gustavo Almada B\u00f3rquez es el nuevo candidato de MC para Cajeme LA ELECCION 2024","og_description":"CIUDAD OBREG\u00d3N, SONORA. MX. \u2014 En conferencia de prensa, la dirigencia nacional de Movimiento Ciudadano, en voz del senador Dante Delgado, dio a conocer En Sonora en Equipo publicamos toda la informaci\u00f3n de Sonora, M\u00e9xico y el Mundo de manera oportuna y busca que la libertad de expresi\u00f3n sea real. Visita nuestro medio informativo publicado desde Hermosillo, Sonora. %","og_url":"https:\/\/www.sonoraenequipo.com.mx\/gustavo-almada-borquez-es-el-nuevo-candidato-de-mc-para-cajeme\/","og_site_name":"Sonora en Equipo.","article_publisher":"https:\/\/www.facebook.com\/SonoraEE\/","article_author":"https:\/\/www.facebook.com\/SonoraEE","article_published_time":"2021-05-21T15:20:05+00:00","article_modified_time":"2021-05-22T01:40:01+00:00","og_image":[{"width":700,"height":400,"url":"https:\/\/www.sonoraenequipo.com.mx\/storage\/2021\/05\/ALMADA-BORQUEZ-CAJEME_2021-05-21_opt.jpg","type":"image\/jpeg"}],"author":"enequipo","twitter_card":"summary_large_image","twitter_creator":"@sonoraenequipo","twitter_site":"@sonoraenequipo","twitter_misc":{"Escrito por":"enequipo","Tiempo de lectura":"2 minutos"},"schema":{"@context":"https:\/\/schema.org","@graph":[{"@type":"Article","@id":"https:\/\/www.sonoraenequipo.com.mx\/gustavo-almada-borquez-es-el-nuevo-candidato-de-mc-para-cajeme\/#article","isPartOf":{"@id":"https:\/\/www.sonoraenequipo.com.mx\/gustavo-almada-borquez-es-el-nuevo-candidato-de-mc-para-cajeme\/"},"author":{"name":"enequipo","@id":"https:\/\/www.sonoraenequipo.com.mx\/#\/schema\/person\/50102df0fb23a8fa9e8effad8fa81386"},"headline":"Gustavo Almada B\u00f3rquez es el nuevo candidato de MC para Cajeme","datePublished":"2021-05-21T15:20:05+00:00","dateModified":"2021-05-22T01:40:01+00:00","mainEntityOfPage":{"@id":"https:\/\/www.sonoraenequipo.com.mx\/gustavo-almada-borquez-es-el-nuevo-candidato-de-mc-para-cajeme\/"},"wordCount":415,"commentCount":0,"publisher":{"@id":"https:\/\/www.sonoraenequipo.com.mx\/#organization"},"image":{"@id":"https:\/\/www.sonoraenequipo.com.mx\/gustavo-almada-borquez-es-el-nuevo-candidato-de-mc-para-cajeme\/#primaryimage"},"thumbnailUrl":"https:\/\/www.sonoraenequipo.com.mx\/storage\/2021\/05\/ALMADA-BORQUEZ-CAJEME_2021-05-21_opt.jpg","articleSection":["LA ELECCION 2024"],"inLanguage":"es","potentialAction":[{"@type":"CommentAction","name":"Comment","target":["https:\/\/www.sonoraenequipo.com.mx\/gustavo-almada-borquez-es-el-nuevo-candidato-de-mc-para-cajeme\/#respond"]}]},{"@type":"WebPage","@id":"https:\/\/www.sonoraenequipo.com.mx\/gustavo-almada-borquez-es-el-nuevo-candidato-de-mc-para-cajeme\/","url":"https:\/\/www.sonoraenequipo.com.mx\/gustavo-almada-borquez-es-el-nuevo-candidato-de-mc-para-cajeme\/","name":"Sonora en Equipo. Gustavo Almada B\u00f3rquez es el nuevo candidato de MC para Cajeme LA ELECCION 2024","isPartOf":{"@id":"https:\/\/www.sonoraenequipo.com.mx\/#website"},"primaryImageOfPage":{"@id":"https:\/\/www.sonoraenequipo.com.mx\/gustavo-almada-borquez-es-el-nuevo-candidato-de-mc-para-cajeme\/#primaryimage"},"image":{"@id":"https:\/\/www.sonoraenequipo.com.mx\/gustavo-almada-borquez-es-el-nuevo-candidato-de-mc-para-cajeme\/#primaryimage"},"thumbnailUrl":"https:\/\/www.sonoraenequipo.com.mx\/storage\/2021\/05\/ALMADA-BORQUEZ-CAJEME_2021-05-21_opt.jpg","datePublished":"2021-05-21T15:20:05+00:00","dateModified":"2021-05-22T01:40:01+00:00","description":"CIUDAD OBREG\u00d3N, SONORA. MX. \u2014 En conferencia de prensa, la dirigencia nacional de Movimiento Ciudadano, en voz del senador Dante Delgado, dio a conocer En Sonora en Equipo publicamos toda la informaci\u00f3n de Sonora, M\u00e9xico y el Mundo de manera oportuna y busca que la libertad de expresi\u00f3n sea real. Visita nuestro medio informativo publicado desde Hermosillo, Sonora. %","breadcrumb":{"@id":"https:\/\/www.sonoraenequipo.com.mx\/gustavo-almada-borquez-es-el-nuevo-candidato-de-mc-para-cajeme\/#breadcrumb"},"inLanguage":"es","potentialAction":[{"@type":"ReadAction","target":["https:\/\/www.sonoraenequipo.com.mx\/gustavo-almada-borquez-es-el-nuevo-candidato-de-mc-para-cajeme\/"]}]},{"@type":"ImageObject","inLanguage":"es","@id":"https:\/\/www.sonoraenequipo.com.mx\/gustavo-almada-borquez-es-el-nuevo-candidato-de-mc-para-cajeme\/#primaryimage","url":"https:\/\/www.sonoraenequipo.com.mx\/storage\/2021\/05\/ALMADA-BORQUEZ-CAJEME_2021-05-21_opt.jpg","contentUrl":"https:\/\/www.sonoraenequipo.com.mx\/storage\/2021\/05\/ALMADA-BORQUEZ-CAJEME_2021-05-21_opt.jpg","width":700,"height":400},{"@type":"BreadcrumbList","@id":"https:\/\/www.sonoraenequipo.com.mx\/gustavo-almada-borquez-es-el-nuevo-candidato-de-mc-para-cajeme\/#breadcrumb","itemListElement":[{"@type":"ListItem","position":1,"name":"Portada","item":"https:\/\/www.sonoraenequipo.com.mx\/"},{"@type":"ListItem","position":2,"name":"Gustavo Almada B\u00f3rquez es el nuevo candidato de MC para Cajeme"}]},{"@type":"WebSite","@id":"https:\/\/www.sonoraenequipo.com.mx\/#website","url":"https:\/\/www.sonoraenequipo.com.mx\/","name":"Sonora en Equipo.","description":"Diario en l\u00ednea con Noticias desde Hermosillo, Sonora","publisher":{"@id":"https:\/\/www.sonoraenequipo.com.mx\/#organization"},"potentialAction":[{"@type":"SearchAction","target":{"@type":"EntryPoint","urlTemplate":"https:\/\/www.sonoraenequipo.com.mx\/?s={search_term_string}"},"query-input":{"@type":"PropertyValueSpecification","valueRequired":true,"valueName":"search_term_string"}}],"inLanguage":"es"},{"@type":"Organization","@id":"https:\/\/www.sonoraenequipo.com.mx\/#organization","name":"Sonoraenequipo.com.mx","url":"https:\/\/www.sonoraenequipo.com.mx\/","logo":{"@type":"ImageObject","inLanguage":"es","@id":"https:\/\/www.sonoraenequipo.com.mx\/#\/schema\/logo\/image\/","url":"https:\/\/www.sonoraenequipo.com.mx\/storage\/2019\/01\/sonoraenequipo_opt.png","contentUrl":"https:\/\/www.sonoraenequipo.com.mx\/storage\/2019\/01\/sonoraenequipo_opt.png","width":375,"height":125,"caption":"Sonoraenequipo.com.mx"},"image":{"@id":"https:\/\/www.sonoraenequipo.com.mx\/#\/schema\/logo\/image\/"},"sameAs":["https:\/\/www.facebook.com\/SonoraEE\/","https:\/\/x.com\/sonoraenequipo","https:\/\/www.youtube.com\/channel\/UC338nW-lPEYmJQs4ZABQ1SQ"]},{"@type":"Person","@id":"https:\/\/www.sonoraenequipo.com.mx\/#\/schema\/person\/50102df0fb23a8fa9e8effad8fa81386","name":"enequipo","image":{"@type":"ImageObject","inLanguage":"es","@id":"https:\/\/www.sonoraenequipo.com.mx\/#\/schema\/person\/image\/","url":"https:\/\/secure.gravatar.com\/avatar\/049821681b589dabc0bc20695993ccebb09f5b5d4d790cd9251b97faac7c652b?s=96&d=blank&r=g","contentUrl":"https:\/\/secure.gravatar.com\/avatar\/049821681b589dabc0bc20695993ccebb09f5b5d4d790cd9251b97faac7c652b?s=96&d=blank&r=g","caption":"enequipo"},"sameAs":["https:\/\/www.facebook.com\/SonoraEE"]}]}},"jetpack_featured_media_url":"https:\/\/www.sonoraenequipo.com.mx\/storage\/2021\/05\/ALMADA-BORQUEZ-CAJEME_2021-05-21_opt.jpg","_links":{"self":[{"href":"https:\/\/www.sonoraenequipo.com.mx\/api\/wp\/v2\/posts\/114512","targetHints":{"allow":["GET"]}}],"collection":[{"href":"https:\/\/www.sonoraenequipo.com.mx\/api\/wp\/v2\/posts"}],"about":[{"href":"https:\/\/www.sonoraenequipo.com.mx\/api\/wp\/v2\/types\/post"}],"author":[{"embeddable":true,"href":"https:\/\/www.sonoraenequipo.com.mx\/api\/wp\/v2\/users\/1"}],"replies":[{"embeddable":true,"href":"https:\/\/www.sonoraenequipo.com.mx\/api\/wp\/v2\/comments?post=114512"}],"version-history":[{"count":1,"href":"https:\/\/www.sonoraenequipo.com.mx\/api\/wp\/v2\/posts\/114512\/revisions"}],"predecessor-version":[{"id":114514,"href":"https:\/\/www.sonoraenequipo.com.mx\/api\/wp\/v2\/posts\/114512\/revisions\/114514"}],"wp:featuredmedia":[{"embeddable":true,"href":"https:\/\/www.sonoraenequipo.com.mx\/api\/wp\/v2\/media\/114513"}],"wp:attachment":[{"href":"https:\/\/www.sonoraenequipo.com.mx\/api\/wp\/v2\/media?parent=114512"}],"wp:term":[{"taxonomy":"category","embeddable":true,"href":"https:\/\/www.sonoraenequipo.com.mx\/api\/wp\/v2\/categories?post=114512"},{"taxonomy":"post_tag","embeddable":true,"href":"https:\/\/www.sonoraenequipo.com.mx\/api\/wp\/v2\/tags?post=114512"}],"curies":[{"name":"wp","href":"https:\/\/api.w.org\/{rel}","templated":true}]}}