{"id":114517,"date":"2021-05-21T19:06:10","date_gmt":"2021-05-22T02:06:10","guid":{"rendered":"https:\/\/www.sonoraenequipo.com.mx\/?p=114517"},"modified":"2021-05-21T20:30:04","modified_gmt":"2021-05-22T03:30:04","slug":"avala-oms-ops-y-salud-mental-federal-el-modelo-anticipa-educando-sonora","status":"publish","type":"post","link":"https:\/\/www.sonoraenequipo.com.mx\/avala-oms-ops-y-salud-mental-federal-el-modelo-anticipa-educando-sonora\/","title":{"rendered":"Avala OMS-OPS y Salud Mental Federal el modelo Anticipa Educando Sonora"},"content":{"rendered":"<p>Avala OMS-OPS y Salud Mental Federal el modelo Anticipa Educando Sonora<\/p>\n<p>HERMOSILLO, SONORA,MX.\u2500\u2500 Anticipa Educando Sonora fue presentado al representante en M\u00e9xico de la Organizaci\u00f3n Mundial y Panamericana de Salud (OMS-OPS), Cristian Morales Fuhrimann, y el Director Nacional de Salud Mental, Juan Manuel Quijada Gayt\u00e1n, quienes, tras reunirse con la gobernadora Claudia Pavlovich Arellano, supervisaron la implementaci\u00f3n de este modelo en las seis escuelas que lo est\u00e1n aplicando, inform\u00f3 Enrique Clausen Iberri.<\/p>\n<p>&nbsp;<\/p>\n<p>El secretario de Salud en el estado record\u00f3 que Anticipa Educando Sonora se trata de sesiones con ni\u00f1os y ni\u00f1as de seis escuelas de Hermosillo, en las que se les capacita en torno a los protocolos contra contagios de COVID-19, junto a personal, educativo, de epidemiolog\u00eda y padres de familia, con quienes se trabaja, en coordinaci\u00f3n con la Secretar\u00eda de Educaci\u00f3n y Cultura y su titular V\u00edctor Guerrero Gonz\u00e1lez.<\/p>\n<p>&nbsp;<\/p>\n<p>\u2018\u2019Estamos trabajando coordinadamente con la SEC y estaremos listos para apoyarlos en los protocolos sanitarios cuando ellos digan que estamos listos para comenzar, ellos ponen la fecha y nosotros estaremos recomendando y apoyando siempre al secretario de Educaci\u00f3n V\u00edctor Guerrero y en s\u00ed a todas las autoridades educativas\u201d extern\u00f3 Clausen Iberri, al enfatizar que con Anticipa Educando Sonora se busca ense\u00f1ar a las ni\u00f1as y ni\u00f1os c\u00f3mo protegerse del virus y prepararlos para un futuro regreso a clases cuando las autoridades educativas as\u00ed lo indiquen.<\/p>\n<p>&nbsp;<\/p>\n<p>Clausen Iberri aclar\u00f3 que Anticipa Educando Sonora no es un regreso a clases presenciales, sino un modelo de intervenci\u00f3n preventiva contra contagios de Coronavirus y que el retorno a las aulas se dar\u00e1 cuando las autoridades educativas as\u00ed lo determinen.<\/p>\n<p>&nbsp;<\/p>\n<p>En la presentaci\u00f3n, Cristian Morales Fuhrimann, representante en M\u00e9xico de la OMS-OPS indic\u00f3 que la experiencia de este modelo podr\u00eda ser replicado en otros estados del pa\u00eds y en regiones de las Am\u00e9ricas por la rigurosidad de sus protocolos que asegurar\u00edan un seguro regreso a clases.<\/p>\n<p>&nbsp;<\/p>\n<p>\u2018\u2019Para la organizaci\u00f3n es muy gratificante conocer de primera mano lo que Sonora est\u00e1 haciendo para combatir la pandemia. Felicitaciones por la iniciativa de Anticipa Educando Sonora por su energ\u00eda y rigurosidad para asegurar regreso seguro a las escuelas es muy importante de experiencia para otras entidades federativas y regiones de las Am\u00e9ricas\u2019\u2019, declar\u00f3.<\/p>\n<p>&nbsp;<\/p>\n<p>Juan Manuel Quijada Gayt\u00e1n, Director Nacional de Salud Mental indic\u00f3 que un regreso a clases ser\u00eda un factor protector emocional de ni\u00f1os y ni\u00f1as al volver a estar en contacto con sus iguales, a la par de fortalecer la expresi\u00f3n de sus emociones.<\/p>\n<p>&nbsp;<\/p>\n<p>\u2018\u2019Tenemos mucho por aprender y conocer, estamos en tiempos in\u00e9ditos pero es una oportunidad para fomentar estas herramientas para una mejor salud mental. Tenemos que fortalecer la expresi\u00f3n de emociones y herramientas para que puedan enfrentar no solo la pandemia, sino lo que viene en la nueva normalidad\u2019\u2019, coment\u00f3.<\/p>\n<p>&nbsp;<\/p>\n<p>Gerardo \u00c1lvarez Hern\u00e1ndez, director General de Promoci\u00f3n a la Salud y Prevenci\u00f3n de Enfermedades de la Secretar\u00eda de Salud recalc\u00f3 que en la implementaci\u00f3n han observado que los ni\u00f1os y ni\u00f1as respetan los protocolos sanitarios, siendo las escuelas un ambiente seguro tanto para ellos como para padres y personal de las unidades.<\/p>\n<p>&nbsp;<\/p>\n<p>\u2018\u2019Es una intervenci\u00f3n preventiva y de car\u00e1cter educativo. Las escuelas son espacios seguros y saludables para que la comunidad escolar desempe\u00f1e las actividades educativas a plenitud, lo que contribuye al bienestar integral de la sociedad sonorense\u2019\u2019, agreg\u00f3.<\/p>\n<p>&nbsp;<\/p>\n<p>Por su parte, Mar\u00eda Laura Cu\u00e9tara, representante de escuelas participantes en el modelo preventivo coment\u00f3 que Anticipa Educando Sonora ha sido una experiencia gratificante para todos.<\/p>\n<p>&nbsp;<\/p>\n<p>Innan Lagarda, representante de padres de familia, reconoci\u00f3 a Salud Sonora por atender la inquietud del sector de c\u00f3mo ser\u00edan los protocolos contra contagios de Coronavirus cuando se d\u00e9 el regreso a clases presenciales indicado por las autoridades correspondientes y que seguir\u00e1n colaborando en equipo a favor de ni\u00f1os y ni\u00f1as.<\/p>\n<p>&nbsp;<\/p>\n<p>\u2018\u2019En nombre de los padres de familia quiero reconocer al secretario Enrique Clausen por invitarnos a participar en un modelo en el que salud estaba trabajando con anterioridad. Nos ha permitido un trabajo colaborativo de todos los directivos que est\u00e1n en este modelo junto a padres de familia\u2019\u2019, agreg\u00f3.<\/p>\n<p>Fecha de Publicaci\u00f3n\u00a0 viernes\u00a0 \/ 21\u00a0 \/ mayo \/ 2021<\/p>\n<p>&nbsp;<\/p>\n","protected":false},"excerpt":{"rendered":"<p>Avala OMS-OPS y Salud Mental Federal el modelo Anticipa Educando Sonora HERMOSILLO, SONORA,MX.\u2500\u2500 Anticipa Educando&#8230;<\/p>\n","protected":false},"author":1,"featured_media":114518,"comment_status":"open","ping_status":"open","sticky":false,"template":"","format":"standard","meta":{"_monsterinsights_skip_tracking":false,"_monsterinsights_sitenote_active":false,"_monsterinsights_sitenote_note":"","_monsterinsights_sitenote_category":0,"footnotes":""},"categories":[22],"tags":[],"class_list":["post"],"yoast_head":" \n<title>Sonora en Equipo. Avala OMS-OPS y Salud Mental Federal el modelo Anticipa Educando Sonora Sonora<\/title>\n<meta name=\"description\" content=\"Avala OMS-OPS y Salud Mental Federal el modelo Anticipa Educando Sonora HERMOSILLO, SONORA,MX.\u2500\u2500 Anticipa Educando Sonora fue presentado al representante En Sonora en Equipo publicamos toda la informaci\u00f3n de Sonora, M\u00e9xico y el Mundo de manera oportuna y busca que la libertad de expresi\u00f3n sea real. Visita nuestro medio informativo publicado desde Hermosillo, Sonora. %\" \/>\n<meta name=\"robots\" content=\"index, follow, max-snippet:-1, max-image-preview:large, max-video-preview:-1\" \/>\n<link rel=\"canonical\" href=\"https:\/\/www.sonoraenequipo.com.mx\/avala-oms-ops-y-salud-mental-federal-el-modelo-anticipa-educando-sonora\/\" \/>\n<meta property=\"og:locale\" content=\"es_ES\" \/>\n<meta property=\"og:type\" content=\"article\" \/>\n<meta property=\"og:title\" content=\"Sonora en Equipo. Avala OMS-OPS y Salud Mental Federal el modelo Anticipa Educando Sonora Sonora\" \/>\n<meta property=\"og:description\" content=\"Avala OMS-OPS y Salud Mental Federal el modelo Anticipa Educando Sonora HERMOSILLO, SONORA,MX.\u2500\u2500 Anticipa Educando Sonora fue presentado al representante En Sonora en Equipo publicamos toda la informaci\u00f3n de Sonora, M\u00e9xico y el Mundo de manera oportuna y busca que la libertad de expresi\u00f3n sea real. Visita nuestro medio informativo publicado desde Hermosillo, Sonora. %\" \/>\n<meta property=\"og:url\" content=\"https:\/\/www.sonoraenequipo.com.mx\/avala-oms-ops-y-salud-mental-federal-el-modelo-anticipa-educando-sonora\/\" \/>\n<meta property=\"og:site_name\" content=\"Sonora en Equipo.\" \/>\n<meta property=\"article:publisher\" content=\"https:\/\/www.facebook.com\/SonoraEE\/\" \/>\n<meta property=\"article:author\" content=\"https:\/\/www.facebook.com\/SonoraEE\" \/>\n<meta property=\"article:published_time\" content=\"2021-05-22T02:06:10+00:00\" \/>\n<meta property=\"article:modified_time\" content=\"2021-05-22T03:30:04+00:00\" \/>\n<meta property=\"og:image\" content=\"https:\/\/www.sonoraenequipo.com.mx\/storage\/2021\/05\/salud210521.jpg\" \/>\n\t<meta property=\"og:image:width\" content=\"500\" \/>\n\t<meta property=\"og:image:height\" content=\"300\" \/>\n\t<meta property=\"og:image:type\" content=\"image\/jpeg\" \/>\n<meta name=\"author\" content=\"enequipo\" \/>\n<meta name=\"twitter:card\" content=\"summary_large_image\" \/>\n<meta name=\"twitter:creator\" content=\"@sonoraenequipo\" \/>\n<meta name=\"twitter:site\" content=\"@sonoraenequipo\" \/>\n<meta name=\"twitter:label1\" content=\"Escrito por\" \/>\n\t<meta name=\"twitter:data1\" content=\"enequipo\" \/>\n\t<meta name=\"twitter:label2\" content=\"Tiempo de lectura\" \/>\n\t<meta name=\"twitter:data2\" content=\"3 minutos\" \/>\n<script type=\"application\/ld+json\" class=\"yoast-schema-graph\">{\"@context\":\"https:\/\/schema.org\",\"@graph\":[{\"@type\":\"Article\",\"@id\":\"https:\/\/www.sonoraenequipo.com.mx\/avala-oms-ops-y-salud-mental-federal-el-modelo-anticipa-educando-sonora\/#article\",\"isPartOf\":{\"@id\":\"https:\/\/www.sonoraenequipo.com.mx\/avala-oms-ops-y-salud-mental-federal-el-modelo-anticipa-educando-sonora\/\"},\"author\":{\"name\":\"enequipo\",\"@id\":\"https:\/\/www.sonoraenequipo.com.mx\/#\/schema\/person\/50102df0fb23a8fa9e8effad8fa81386\"},\"headline\":\"Avala OMS-OPS y Salud Mental Federal el modelo Anticipa Educando Sonora\",\"datePublished\":\"2021-05-22T02:06:10+00:00\",\"dateModified\":\"2021-05-22T03:30:04+00:00\",\"mainEntityOfPage\":{\"@id\":\"https:\/\/www.sonoraenequipo.com.mx\/avala-oms-ops-y-salud-mental-federal-el-modelo-anticipa-educando-sonora\/\"},\"wordCount\":758,\"commentCount\":0,\"publisher\":{\"@id\":\"https:\/\/www.sonoraenequipo.com.mx\/#organization\"},\"image\":{\"@id\":\"https:\/\/www.sonoraenequipo.com.mx\/avala-oms-ops-y-salud-mental-federal-el-modelo-anticipa-educando-sonora\/#primaryimage\"},\"thumbnailUrl\":\"https:\/\/www.sonoraenequipo.com.mx\/storage\/2021\/05\/salud210521.jpg\",\"articleSection\":[\"Sonora\"],\"inLanguage\":\"es\",\"potentialAction\":[{\"@type\":\"CommentAction\",\"name\":\"Comment\",\"target\":[\"https:\/\/www.sonoraenequipo.com.mx\/avala-oms-ops-y-salud-mental-federal-el-modelo-anticipa-educando-sonora\/#respond\"]}]},{\"@type\":\"WebPage\",\"@id\":\"https:\/\/www.sonoraenequipo.com.mx\/avala-oms-ops-y-salud-mental-federal-el-modelo-anticipa-educando-sonora\/\",\"url\":\"https:\/\/www.sonoraenequipo.com.mx\/avala-oms-ops-y-salud-mental-federal-el-modelo-anticipa-educando-sonora\/\",\"name\":\"Sonora en Equipo. Avala OMS-OPS y Salud Mental Federal el modelo Anticipa Educando Sonora Sonora\",\"isPartOf\":{\"@id\":\"https:\/\/www.sonoraenequipo.com.mx\/#website\"},\"primaryImageOfPage\":{\"@id\":\"https:\/\/www.sonoraenequipo.com.mx\/avala-oms-ops-y-salud-mental-federal-el-modelo-anticipa-educando-sonora\/#primaryimage\"},\"image\":{\"@id\":\"https:\/\/www.sonoraenequipo.com.mx\/avala-oms-ops-y-salud-mental-federal-el-modelo-anticipa-educando-sonora\/#primaryimage\"},\"thumbnailUrl\":\"https:\/\/www.sonoraenequipo.com.mx\/storage\/2021\/05\/salud210521.jpg\",\"datePublished\":\"2021-05-22T02:06:10+00:00\",\"dateModified\":\"2021-05-22T03:30:04+00:00\",\"description\":\"Avala OMS-OPS y Salud Mental Federal el modelo Anticipa Educando Sonora HERMOSILLO, SONORA,MX.\u2500\u2500 Anticipa Educando Sonora fue presentado al representante En Sonora en Equipo publicamos toda la informaci\u00f3n de Sonora, M\u00e9xico y el Mundo de manera oportuna y busca que la libertad de expresi\u00f3n sea real. Visita nuestro medio informativo publicado desde Hermosillo, Sonora. %\",\"breadcrumb\":{\"@id\":\"https:\/\/www.sonoraenequipo.com.mx\/avala-oms-ops-y-salud-mental-federal-el-modelo-anticipa-educando-sonora\/#breadcrumb\"},\"inLanguage\":\"es\",\"potentialAction\":[{\"@type\":\"ReadAction\",\"target\":[\"https:\/\/www.sonoraenequipo.com.mx\/avala-oms-ops-y-salud-mental-federal-el-modelo-anticipa-educando-sonora\/\"]}]},{\"@type\":\"ImageObject\",\"inLanguage\":\"es\",\"@id\":\"https:\/\/www.sonoraenequipo.com.mx\/avala-oms-ops-y-salud-mental-federal-el-modelo-anticipa-educando-sonora\/#primaryimage\",\"url\":\"https:\/\/www.sonoraenequipo.com.mx\/storage\/2021\/05\/salud210521.jpg\",\"contentUrl\":\"https:\/\/www.sonoraenequipo.com.mx\/storage\/2021\/05\/salud210521.jpg\",\"width\":500,\"height\":300},{\"@type\":\"BreadcrumbList\",\"@id\":\"https:\/\/www.sonoraenequipo.com.mx\/avala-oms-ops-y-salud-mental-federal-el-modelo-anticipa-educando-sonora\/#breadcrumb\",\"itemListElement\":[{\"@type\":\"ListItem\",\"position\":1,\"name\":\"Portada\",\"item\":\"https:\/\/www.sonoraenequipo.com.mx\/\"},{\"@type\":\"ListItem\",\"position\":2,\"name\":\"Avala OMS-OPS y Salud Mental Federal el modelo Anticipa Educando Sonora\"}]},{\"@type\":\"WebSite\",\"@id\":\"https:\/\/www.sonoraenequipo.com.mx\/#website\",\"url\":\"https:\/\/www.sonoraenequipo.com.mx\/\",\"name\":\"Sonora en Equipo.\",\"description\":\"Diario en l\u00ednea con Noticias desde Hermosillo, Sonora\",\"publisher\":{\"@id\":\"https:\/\/www.sonoraenequipo.com.mx\/#organization\"},\"potentialAction\":[{\"@type\":\"SearchAction\",\"target\":{\"@type\":\"EntryPoint\",\"urlTemplate\":\"https:\/\/www.sonoraenequipo.com.mx\/?s={search_term_string}\"},\"query-input\":{\"@type\":\"PropertyValueSpecification\",\"valueRequired\":true,\"valueName\":\"search_term_string\"}}],\"inLanguage\":\"es\"},{\"@type\":\"Organization\",\"@id\":\"https:\/\/www.sonoraenequipo.com.mx\/#organization\",\"name\":\"Sonoraenequipo.com.mx\",\"url\":\"https:\/\/www.sonoraenequipo.com.mx\/\",\"logo\":{\"@type\":\"ImageObject\",\"inLanguage\":\"es\",\"@id\":\"https:\/\/www.sonoraenequipo.com.mx\/#\/schema\/logo\/image\/\",\"url\":\"https:\/\/www.sonoraenequipo.com.mx\/storage\/2019\/01\/sonoraenequipo_opt.png\",\"contentUrl\":\"https:\/\/www.sonoraenequipo.com.mx\/storage\/2019\/01\/sonoraenequipo_opt.png\",\"width\":375,\"height\":125,\"caption\":\"Sonoraenequipo.com.mx\"},\"image\":{\"@id\":\"https:\/\/www.sonoraenequipo.com.mx\/#\/schema\/logo\/image\/\"},\"sameAs\":[\"https:\/\/www.facebook.com\/SonoraEE\/\",\"https:\/\/x.com\/sonoraenequipo\",\"https:\/\/www.youtube.com\/channel\/UC338nW-lPEYmJQs4ZABQ1SQ\"]},{\"@type\":\"Person\",\"@id\":\"https:\/\/www.sonoraenequipo.com.mx\/#\/schema\/person\/50102df0fb23a8fa9e8effad8fa81386\",\"name\":\"enequipo\",\"image\":{\"@type\":\"ImageObject\",\"inLanguage\":\"es\",\"@id\":\"https:\/\/www.sonoraenequipo.com.mx\/#\/schema\/person\/image\/\",\"url\":\"https:\/\/secure.gravatar.com\/avatar\/049821681b589dabc0bc20695993ccebb09f5b5d4d790cd9251b97faac7c652b?s=96&d=blank&r=g\",\"contentUrl\":\"https:\/\/secure.gravatar.com\/avatar\/049821681b589dabc0bc20695993ccebb09f5b5d4d790cd9251b97faac7c652b?s=96&d=blank&r=g\",\"caption\":\"enequipo\"},\"sameAs\":[\"https:\/\/www.facebook.com\/SonoraEE\"]}]}<\/script>\n ","yoast_head_json":{"title":"Sonora en Equipo. Avala OMS-OPS y Salud Mental Federal el modelo Anticipa Educando Sonora Sonora","description":"Avala OMS-OPS y Salud Mental Federal el modelo Anticipa Educando Sonora HERMOSILLO, SONORA,MX.\u2500\u2500 Anticipa Educando Sonora fue presentado al representante En Sonora en Equipo publicamos toda la informaci\u00f3n de Sonora, M\u00e9xico y el Mundo de manera oportuna y busca que la libertad de expresi\u00f3n sea real. Visita nuestro medio informativo publicado desde Hermosillo, Sonora. %","robots":{"index":"index","follow":"follow","max-snippet":"max-snippet:-1","max-image-preview":"max-image-preview:large","max-video-preview":"max-video-preview:-1"},"canonical":"https:\/\/www.sonoraenequipo.com.mx\/avala-oms-ops-y-salud-mental-federal-el-modelo-anticipa-educando-sonora\/","og_locale":"es_ES","og_type":"article","og_title":"Sonora en Equipo. Avala OMS-OPS y Salud Mental Federal el modelo Anticipa Educando Sonora Sonora","og_description":"Avala OMS-OPS y Salud Mental Federal el modelo Anticipa Educando Sonora HERMOSILLO, SONORA,MX.\u2500\u2500 Anticipa Educando Sonora fue presentado al representante En Sonora en Equipo publicamos toda la informaci\u00f3n de Sonora, M\u00e9xico y el Mundo de manera oportuna y busca que la libertad de expresi\u00f3n sea real. Visita nuestro medio informativo publicado desde Hermosillo, Sonora. %","og_url":"https:\/\/www.sonoraenequipo.com.mx\/avala-oms-ops-y-salud-mental-federal-el-modelo-anticipa-educando-sonora\/","og_site_name":"Sonora en Equipo.","article_publisher":"https:\/\/www.facebook.com\/SonoraEE\/","article_author":"https:\/\/www.facebook.com\/SonoraEE","article_published_time":"2021-05-22T02:06:10+00:00","article_modified_time":"2021-05-22T03:30:04+00:00","og_image":[{"width":500,"height":300,"url":"https:\/\/www.sonoraenequipo.com.mx\/storage\/2021\/05\/salud210521.jpg","type":"image\/jpeg"}],"author":"enequipo","twitter_card":"summary_large_image","twitter_creator":"@sonoraenequipo","twitter_site":"@sonoraenequipo","twitter_misc":{"Escrito por":"enequipo","Tiempo de lectura":"3 minutos"},"schema":{"@context":"https:\/\/schema.org","@graph":[{"@type":"Article","@id":"https:\/\/www.sonoraenequipo.com.mx\/avala-oms-ops-y-salud-mental-federal-el-modelo-anticipa-educando-sonora\/#article","isPartOf":{"@id":"https:\/\/www.sonoraenequipo.com.mx\/avala-oms-ops-y-salud-mental-federal-el-modelo-anticipa-educando-sonora\/"},"author":{"name":"enequipo","@id":"https:\/\/www.sonoraenequipo.com.mx\/#\/schema\/person\/50102df0fb23a8fa9e8effad8fa81386"},"headline":"Avala OMS-OPS y Salud Mental Federal el modelo Anticipa Educando Sonora","datePublished":"2021-05-22T02:06:10+00:00","dateModified":"2021-05-22T03:30:04+00:00","mainEntityOfPage":{"@id":"https:\/\/www.sonoraenequipo.com.mx\/avala-oms-ops-y-salud-mental-federal-el-modelo-anticipa-educando-sonora\/"},"wordCount":758,"commentCount":0,"publisher":{"@id":"https:\/\/www.sonoraenequipo.com.mx\/#organization"},"image":{"@id":"https:\/\/www.sonoraenequipo.com.mx\/avala-oms-ops-y-salud-mental-federal-el-modelo-anticipa-educando-sonora\/#primaryimage"},"thumbnailUrl":"https:\/\/www.sonoraenequipo.com.mx\/storage\/2021\/05\/salud210521.jpg","articleSection":["Sonora"],"inLanguage":"es","potentialAction":[{"@type":"CommentAction","name":"Comment","target":["https:\/\/www.sonoraenequipo.com.mx\/avala-oms-ops-y-salud-mental-federal-el-modelo-anticipa-educando-sonora\/#respond"]}]},{"@type":"WebPage","@id":"https:\/\/www.sonoraenequipo.com.mx\/avala-oms-ops-y-salud-mental-federal-el-modelo-anticipa-educando-sonora\/","url":"https:\/\/www.sonoraenequipo.com.mx\/avala-oms-ops-y-salud-mental-federal-el-modelo-anticipa-educando-sonora\/","name":"Sonora en Equipo. Avala OMS-OPS y Salud Mental Federal el modelo Anticipa Educando Sonora Sonora","isPartOf":{"@id":"https:\/\/www.sonoraenequipo.com.mx\/#website"},"primaryImageOfPage":{"@id":"https:\/\/www.sonoraenequipo.com.mx\/avala-oms-ops-y-salud-mental-federal-el-modelo-anticipa-educando-sonora\/#primaryimage"},"image":{"@id":"https:\/\/www.sonoraenequipo.com.mx\/avala-oms-ops-y-salud-mental-federal-el-modelo-anticipa-educando-sonora\/#primaryimage"},"thumbnailUrl":"https:\/\/www.sonoraenequipo.com.mx\/storage\/2021\/05\/salud210521.jpg","datePublished":"2021-05-22T02:06:10+00:00","dateModified":"2021-05-22T03:30:04+00:00","description":"Avala OMS-OPS y Salud Mental Federal el modelo Anticipa Educando Sonora HERMOSILLO, SONORA,MX.\u2500\u2500 Anticipa Educando Sonora fue presentado al representante En Sonora en Equipo publicamos toda la informaci\u00f3n de Sonora, M\u00e9xico y el Mundo de manera oportuna y busca que la libertad de expresi\u00f3n sea real. Visita nuestro medio informativo publicado desde Hermosillo, Sonora. %","breadcrumb":{"@id":"https:\/\/www.sonoraenequipo.com.mx\/avala-oms-ops-y-salud-mental-federal-el-modelo-anticipa-educando-sonora\/#breadcrumb"},"inLanguage":"es","potentialAction":[{"@type":"ReadAction","target":["https:\/\/www.sonoraenequipo.com.mx\/avala-oms-ops-y-salud-mental-federal-el-modelo-anticipa-educando-sonora\/"]}]},{"@type":"ImageObject","inLanguage":"es","@id":"https:\/\/www.sonoraenequipo.com.mx\/avala-oms-ops-y-salud-mental-federal-el-modelo-anticipa-educando-sonora\/#primaryimage","url":"https:\/\/www.sonoraenequipo.com.mx\/storage\/2021\/05\/salud210521.jpg","contentUrl":"https:\/\/www.sonoraenequipo.com.mx\/storage\/2021\/05\/salud210521.jpg","width":500,"height":300},{"@type":"BreadcrumbList","@id":"https:\/\/www.sonoraenequipo.com.mx\/avala-oms-ops-y-salud-mental-federal-el-modelo-anticipa-educando-sonora\/#breadcrumb","itemListElement":[{"@type":"ListItem","position":1,"name":"Portada","item":"https:\/\/www.sonoraenequipo.com.mx\/"},{"@type":"ListItem","position":2,"name":"Avala OMS-OPS y Salud Mental Federal el modelo Anticipa Educando Sonora"}]},{"@type":"WebSite","@id":"https:\/\/www.sonoraenequipo.com.mx\/#website","url":"https:\/\/www.sonoraenequipo.com.mx\/","name":"Sonora en Equipo.","description":"Diario en l\u00ednea con Noticias desde Hermosillo, Sonora","publisher":{"@id":"https:\/\/www.sonoraenequipo.com.mx\/#organization"},"potentialAction":[{"@type":"SearchAction","target":{"@type":"EntryPoint","urlTemplate":"https:\/\/www.sonoraenequipo.com.mx\/?s={search_term_string}"},"query-input":{"@type":"PropertyValueSpecification","valueRequired":true,"valueName":"search_term_string"}}],"inLanguage":"es"},{"@type":"Organization","@id":"https:\/\/www.sonoraenequipo.com.mx\/#organization","name":"Sonoraenequipo.com.mx","url":"https:\/\/www.sonoraenequipo.com.mx\/","logo":{"@type":"ImageObject","inLanguage":"es","@id":"https:\/\/www.sonoraenequipo.com.mx\/#\/schema\/logo\/image\/","url":"https:\/\/www.sonoraenequipo.com.mx\/storage\/2019\/01\/sonoraenequipo_opt.png","contentUrl":"https:\/\/www.sonoraenequipo.com.mx\/storage\/2019\/01\/sonoraenequipo_opt.png","width":375,"height":125,"caption":"Sonoraenequipo.com.mx"},"image":{"@id":"https:\/\/www.sonoraenequipo.com.mx\/#\/schema\/logo\/image\/"},"sameAs":["https:\/\/www.facebook.com\/SonoraEE\/","https:\/\/x.com\/sonoraenequipo","https:\/\/www.youtube.com\/channel\/UC338nW-lPEYmJQs4ZABQ1SQ"]},{"@type":"Person","@id":"https:\/\/www.sonoraenequipo.com.mx\/#\/schema\/person\/50102df0fb23a8fa9e8effad8fa81386","name":"enequipo","image":{"@type":"ImageObject","inLanguage":"es","@id":"https:\/\/www.sonoraenequipo.com.mx\/#\/schema\/person\/image\/","url":"https:\/\/secure.gravatar.com\/avatar\/049821681b589dabc0bc20695993ccebb09f5b5d4d790cd9251b97faac7c652b?s=96&d=blank&r=g","contentUrl":"https:\/\/secure.gravatar.com\/avatar\/049821681b589dabc0bc20695993ccebb09f5b5d4d790cd9251b97faac7c652b?s=96&d=blank&r=g","caption":"enequipo"},"sameAs":["https:\/\/www.facebook.com\/SonoraEE"]}]}},"jetpack_featured_media_url":"https:\/\/www.sonoraenequipo.com.mx\/storage\/2021\/05\/salud210521.jpg","_links":{"self":[{"href":"https:\/\/www.sonoraenequipo.com.mx\/api\/wp\/v2\/posts\/114517","targetHints":{"allow":["GET"]}}],"collection":[{"href":"https:\/\/www.sonoraenequipo.com.mx\/api\/wp\/v2\/posts"}],"about":[{"href":"https:\/\/www.sonoraenequipo.com.mx\/api\/wp\/v2\/types\/post"}],"author":[{"embeddable":true,"href":"https:\/\/www.sonoraenequipo.com.mx\/api\/wp\/v2\/users\/1"}],"replies":[{"embeddable":true,"href":"https:\/\/www.sonoraenequipo.com.mx\/api\/wp\/v2\/comments?post=114517"}],"version-history":[{"count":1,"href":"https:\/\/www.sonoraenequipo.com.mx\/api\/wp\/v2\/posts\/114517\/revisions"}],"predecessor-version":[{"id":114519,"href":"https:\/\/www.sonoraenequipo.com.mx\/api\/wp\/v2\/posts\/114517\/revisions\/114519"}],"wp:featuredmedia":[{"embeddable":true,"href":"https:\/\/www.sonoraenequipo.com.mx\/api\/wp\/v2\/media\/114518"}],"wp:attachment":[{"href":"https:\/\/www.sonoraenequipo.com.mx\/api\/wp\/v2\/media?parent=114517"}],"wp:term":[{"taxonomy":"category","embeddable":true,"href":"https:\/\/www.sonoraenequipo.com.mx\/api\/wp\/v2\/categories?post=114517"},{"taxonomy":"post_tag","embeddable":true,"href":"https:\/\/www.sonoraenequipo.com.mx\/api\/wp\/v2\/tags?post=114517"}],"curies":[{"name":"wp","href":"https:\/\/api.w.org\/{rel}","templated":true}]}}