{"id":114540,"date":"2021-05-21T22:45:51","date_gmt":"2021-05-22T05:45:51","guid":{"rendered":"https:\/\/www.sonoraenequipo.com.mx\/?p=114540"},"modified":"2021-05-22T10:39:36","modified_gmt":"2021-05-22T17:39:36","slug":"la-mitad-del-pais-esta-en-semaforo-verde-solo-un-estado-en-naranja","status":"publish","type":"post","link":"https:\/\/www.sonoraenequipo.com.mx\/la-mitad-del-pais-esta-en-semaforo-verde-solo-un-estado-en-naranja\/","title":{"rendered":"La mitad del pa\u00eds est\u00e1 en sem\u00e1foro verde; s\u00f3lo un estado en naranja"},"content":{"rendered":"<p>CIUDAD DE M\u00c9XICO. MX. \u2014 La Secretar\u00eda de Salud inform\u00f3 que Chihuahua y Puebla son las \u00fanicas dos entidades federativas que a\u00fan no concluyen la vacunaci\u00f3n contra covid-19 a personal educativo.<\/p>\n<p>&nbsp;<\/p>\n<p> <\/p>\n<p>En conferencia diaria sobre la pandemia de coronavirus, Hugo L\u00f3pez-Gatell Ram\u00edrez, subsecretario de Prevenci\u00f3n y Promoci\u00f3n de la Salud, explic\u00f3 que estos estados se retrasaron debido a que se liber\u00f3 una cantidad menor de la vacuna de CanSino de la que se hab\u00eda previsto.<\/p>\n<p>&nbsp;<\/p>\n<p><em>\u201cEn vez de tener toda la dotaci\u00f3n, tuvimos una dotaci\u00f3n menor y pues estas son situaciones que pueden ocurrir. S\u00f3lo nos quedan estas dos entidades federativas y es un conjunto peque\u00f1o de personas que est\u00e1n pendientes de ser vacunadas\u201d,<\/em> dijo el funcionario.<\/p>\n<p>&nbsp;<\/p>\n<p>&nbsp;<\/p>\n<p>No obstante, estim\u00f3 que posiblemente antes del jueves 27 de mayo se habr\u00e1 completado la inmunizaci\u00f3n a ese sector de la poblaci\u00f3n en dichas entidades.<\/p>\n<p>&nbsp;<\/p>\n<p>&nbsp;<\/p>\n<p>L\u00f3pez-Gatell record\u00f3 que hasta el momento, se ha vacunado al 80% de las 2 millones 915 mil 546 personas que integran el personal educativo de escuelas p\u00fablicas y privadas del pa\u00eds.<\/p>\n<p><iframe loading=\"lazy\" title=\"Informe diario sobre coronavirus COVID-19 en M\u00e9xico. Secretar\u00eda de Salud. Viernes 21 de mayo, 2021\" width=\"640\" height=\"360\" src=\"https:\/\/www.youtube.com\/embed\/6K_bxVj5H5w?feature=oembed\" frameborder=\"0\" allow=\"accelerometer; autoplay; clipboard-write; encrypted-media; gyroscope; picture-in-picture; web-share\" referrerpolicy=\"strict-origin-when-cross-origin\" allowfullscreen><\/iframe><\/p>\n<p>&nbsp;<\/p>\n<p>&nbsp;<\/p>\n<p>&nbsp;<\/p>\n<p>(Publicada el 21\/05\/2021 \/Con informaci\u00f3n de Milenio).<\/p>\n","protected":false},"excerpt":{"rendered":"<p>CIUDAD DE M\u00c9XICO. MX. \u2014 La Secretar\u00eda de Salud inform\u00f3 que Chihuahua y Puebla son&#8230;<\/p>\n","protected":false},"author":1,"featured_media":114534,"comment_status":"open","ping_status":"open","sticky":false,"template":"","format":"standard","meta":{"_monsterinsights_skip_tracking":false,"_monsterinsights_sitenote_active":false,"_monsterinsights_sitenote_note":"","_monsterinsights_sitenote_category":0,"footnotes":""},"categories":[5],"tags":[],"class_list":["post"],"yoast_head":" \n<title>Sonora en Equipo. La mitad del pa\u00eds est\u00e1 en sem\u00e1foro verde; s\u00f3lo un estado en naranja Rep\u00fablica<\/title>\n<meta name=\"description\" content=\"CIUDAD DE M\u00c9XICO. MX. \u2014 La Secretar\u00eda de Salud inform\u00f3 que Chihuahua y Puebla son las \u00fanicas dos entidades federativas que a\u00fan no concluyen la vacunaci\u00f3n En Sonora en Equipo publicamos toda la informaci\u00f3n de Sonora, M\u00e9xico y el Mundo de manera oportuna y busca que la libertad de expresi\u00f3n sea real. Visita nuestro medio informativo publicado desde Hermosillo, Sonora. %\" \/>\n<meta name=\"robots\" content=\"index, follow, max-snippet:-1, max-image-preview:large, max-video-preview:-1\" \/>\n<link rel=\"canonical\" href=\"https:\/\/www.sonoraenequipo.com.mx\/la-mitad-del-pais-esta-en-semaforo-verde-solo-un-estado-en-naranja\/\" \/>\n<meta property=\"og:locale\" content=\"es_ES\" \/>\n<meta property=\"og:type\" content=\"article\" \/>\n<meta property=\"og:title\" content=\"Sonora en Equipo. La mitad del pa\u00eds est\u00e1 en sem\u00e1foro verde; s\u00f3lo un estado en naranja Rep\u00fablica\" \/>\n<meta property=\"og:description\" content=\"CIUDAD DE M\u00c9XICO. MX. \u2014 La Secretar\u00eda de Salud inform\u00f3 que Chihuahua y Puebla son las \u00fanicas dos entidades federativas que a\u00fan no concluyen la vacunaci\u00f3n En Sonora en Equipo publicamos toda la informaci\u00f3n de Sonora, M\u00e9xico y el Mundo de manera oportuna y busca que la libertad de expresi\u00f3n sea real. Visita nuestro medio informativo publicado desde Hermosillo, Sonora. %\" \/>\n<meta property=\"og:url\" content=\"https:\/\/www.sonoraenequipo.com.mx\/la-mitad-del-pais-esta-en-semaforo-verde-solo-un-estado-en-naranja\/\" \/>\n<meta property=\"og:site_name\" content=\"Sonora en Equipo.\" \/>\n<meta property=\"article:publisher\" content=\"https:\/\/www.facebook.com\/SonoraEE\/\" \/>\n<meta property=\"article:author\" content=\"https:\/\/www.facebook.com\/SonoraEE\" \/>\n<meta property=\"article:published_time\" content=\"2021-05-22T05:45:51+00:00\" \/>\n<meta property=\"article:modified_time\" content=\"2021-05-22T17:39:36+00:00\" \/>\n<meta property=\"og:image\" content=\"https:\/\/www.sonoraenequipo.com.mx\/storage\/2021\/05\/Semaforo-COVID-19_opt.jpg\" \/>\n\t<meta property=\"og:image:width\" content=\"700\" \/>\n\t<meta property=\"og:image:height\" content=\"400\" \/>\n\t<meta property=\"og:image:type\" content=\"image\/jpeg\" \/>\n<meta name=\"author\" content=\"enequipo\" \/>\n<meta name=\"twitter:card\" content=\"summary_large_image\" \/>\n<meta name=\"twitter:creator\" content=\"@sonoraenequipo\" \/>\n<meta name=\"twitter:site\" content=\"@sonoraenequipo\" \/>\n<meta name=\"twitter:label1\" content=\"Escrito por\" \/>\n\t<meta name=\"twitter:data1\" content=\"enequipo\" \/>\n\t<meta name=\"twitter:label2\" content=\"Tiempo de lectura\" \/>\n\t<meta name=\"twitter:data2\" content=\"1 minuto\" \/>\n<script type=\"application\/ld+json\" class=\"yoast-schema-graph\">{\"@context\":\"https:\/\/schema.org\",\"@graph\":[{\"@type\":\"Article\",\"@id\":\"https:\/\/www.sonoraenequipo.com.mx\/la-mitad-del-pais-esta-en-semaforo-verde-solo-un-estado-en-naranja\/#article\",\"isPartOf\":{\"@id\":\"https:\/\/www.sonoraenequipo.com.mx\/la-mitad-del-pais-esta-en-semaforo-verde-solo-un-estado-en-naranja\/\"},\"author\":{\"name\":\"enequipo\",\"@id\":\"https:\/\/www.sonoraenequipo.com.mx\/#\/schema\/person\/50102df0fb23a8fa9e8effad8fa81386\"},\"headline\":\"La mitad del pa\u00eds est\u00e1 en sem\u00e1foro verde; s\u00f3lo un estado en naranja\",\"datePublished\":\"2021-05-22T05:45:51+00:00\",\"dateModified\":\"2021-05-22T17:39:36+00:00\",\"mainEntityOfPage\":{\"@id\":\"https:\/\/www.sonoraenequipo.com.mx\/la-mitad-del-pais-esta-en-semaforo-verde-solo-un-estado-en-naranja\/\"},\"wordCount\":228,\"commentCount\":0,\"publisher\":{\"@id\":\"https:\/\/www.sonoraenequipo.com.mx\/#organization\"},\"image\":{\"@id\":\"https:\/\/www.sonoraenequipo.com.mx\/la-mitad-del-pais-esta-en-semaforo-verde-solo-un-estado-en-naranja\/#primaryimage\"},\"thumbnailUrl\":\"https:\/\/www.sonoraenequipo.com.mx\/storage\/2021\/05\/Semaforo-COVID-19_opt.jpg\",\"articleSection\":[\"Rep\u00fablica\"],\"inLanguage\":\"es\",\"potentialAction\":[{\"@type\":\"CommentAction\",\"name\":\"Comment\",\"target\":[\"https:\/\/www.sonoraenequipo.com.mx\/la-mitad-del-pais-esta-en-semaforo-verde-solo-un-estado-en-naranja\/#respond\"]}]},{\"@type\":\"WebPage\",\"@id\":\"https:\/\/www.sonoraenequipo.com.mx\/la-mitad-del-pais-esta-en-semaforo-verde-solo-un-estado-en-naranja\/\",\"url\":\"https:\/\/www.sonoraenequipo.com.mx\/la-mitad-del-pais-esta-en-semaforo-verde-solo-un-estado-en-naranja\/\",\"name\":\"Sonora en Equipo. La mitad del pa\u00eds est\u00e1 en sem\u00e1foro verde; s\u00f3lo un estado en naranja Rep\u00fablica\",\"isPartOf\":{\"@id\":\"https:\/\/www.sonoraenequipo.com.mx\/#website\"},\"primaryImageOfPage\":{\"@id\":\"https:\/\/www.sonoraenequipo.com.mx\/la-mitad-del-pais-esta-en-semaforo-verde-solo-un-estado-en-naranja\/#primaryimage\"},\"image\":{\"@id\":\"https:\/\/www.sonoraenequipo.com.mx\/la-mitad-del-pais-esta-en-semaforo-verde-solo-un-estado-en-naranja\/#primaryimage\"},\"thumbnailUrl\":\"https:\/\/www.sonoraenequipo.com.mx\/storage\/2021\/05\/Semaforo-COVID-19_opt.jpg\",\"datePublished\":\"2021-05-22T05:45:51+00:00\",\"dateModified\":\"2021-05-22T17:39:36+00:00\",\"description\":\"CIUDAD DE M\u00c9XICO. MX. \u2014 La Secretar\u00eda de Salud inform\u00f3 que Chihuahua y Puebla son las \u00fanicas dos entidades federativas que a\u00fan no concluyen la vacunaci\u00f3n En Sonora en Equipo publicamos toda la informaci\u00f3n de Sonora, M\u00e9xico y el Mundo de manera oportuna y busca que la libertad de expresi\u00f3n sea real. Visita nuestro medio informativo publicado desde Hermosillo, Sonora. %\",\"breadcrumb\":{\"@id\":\"https:\/\/www.sonoraenequipo.com.mx\/la-mitad-del-pais-esta-en-semaforo-verde-solo-un-estado-en-naranja\/#breadcrumb\"},\"inLanguage\":\"es\",\"potentialAction\":[{\"@type\":\"ReadAction\",\"target\":[\"https:\/\/www.sonoraenequipo.com.mx\/la-mitad-del-pais-esta-en-semaforo-verde-solo-un-estado-en-naranja\/\"]}]},{\"@type\":\"ImageObject\",\"inLanguage\":\"es\",\"@id\":\"https:\/\/www.sonoraenequipo.com.mx\/la-mitad-del-pais-esta-en-semaforo-verde-solo-un-estado-en-naranja\/#primaryimage\",\"url\":\"https:\/\/www.sonoraenequipo.com.mx\/storage\/2021\/05\/Semaforo-COVID-19_opt.jpg\",\"contentUrl\":\"https:\/\/www.sonoraenequipo.com.mx\/storage\/2021\/05\/Semaforo-COVID-19_opt.jpg\",\"width\":700,\"height\":400},{\"@type\":\"BreadcrumbList\",\"@id\":\"https:\/\/www.sonoraenequipo.com.mx\/la-mitad-del-pais-esta-en-semaforo-verde-solo-un-estado-en-naranja\/#breadcrumb\",\"itemListElement\":[{\"@type\":\"ListItem\",\"position\":1,\"name\":\"Portada\",\"item\":\"https:\/\/www.sonoraenequipo.com.mx\/\"},{\"@type\":\"ListItem\",\"position\":2,\"name\":\"La mitad del pa\u00eds est\u00e1 en sem\u00e1foro verde; s\u00f3lo un estado en naranja\"}]},{\"@type\":\"WebSite\",\"@id\":\"https:\/\/www.sonoraenequipo.com.mx\/#website\",\"url\":\"https:\/\/www.sonoraenequipo.com.mx\/\",\"name\":\"Sonora en Equipo.\",\"description\":\"Diario en l\u00ednea con Noticias desde Hermosillo, Sonora\",\"publisher\":{\"@id\":\"https:\/\/www.sonoraenequipo.com.mx\/#organization\"},\"potentialAction\":[{\"@type\":\"SearchAction\",\"target\":{\"@type\":\"EntryPoint\",\"urlTemplate\":\"https:\/\/www.sonoraenequipo.com.mx\/?s={search_term_string}\"},\"query-input\":{\"@type\":\"PropertyValueSpecification\",\"valueRequired\":true,\"valueName\":\"search_term_string\"}}],\"inLanguage\":\"es\"},{\"@type\":\"Organization\",\"@id\":\"https:\/\/www.sonoraenequipo.com.mx\/#organization\",\"name\":\"Sonoraenequipo.com.mx\",\"url\":\"https:\/\/www.sonoraenequipo.com.mx\/\",\"logo\":{\"@type\":\"ImageObject\",\"inLanguage\":\"es\",\"@id\":\"https:\/\/www.sonoraenequipo.com.mx\/#\/schema\/logo\/image\/\",\"url\":\"https:\/\/www.sonoraenequipo.com.mx\/storage\/2019\/01\/sonoraenequipo_opt.png\",\"contentUrl\":\"https:\/\/www.sonoraenequipo.com.mx\/storage\/2019\/01\/sonoraenequipo_opt.png\",\"width\":375,\"height\":125,\"caption\":\"Sonoraenequipo.com.mx\"},\"image\":{\"@id\":\"https:\/\/www.sonoraenequipo.com.mx\/#\/schema\/logo\/image\/\"},\"sameAs\":[\"https:\/\/www.facebook.com\/SonoraEE\/\",\"https:\/\/x.com\/sonoraenequipo\",\"https:\/\/www.youtube.com\/channel\/UC338nW-lPEYmJQs4ZABQ1SQ\"]},{\"@type\":\"Person\",\"@id\":\"https:\/\/www.sonoraenequipo.com.mx\/#\/schema\/person\/50102df0fb23a8fa9e8effad8fa81386\",\"name\":\"enequipo\",\"image\":{\"@type\":\"ImageObject\",\"inLanguage\":\"es\",\"@id\":\"https:\/\/www.sonoraenequipo.com.mx\/#\/schema\/person\/image\/\",\"url\":\"https:\/\/secure.gravatar.com\/avatar\/049821681b589dabc0bc20695993ccebb09f5b5d4d790cd9251b97faac7c652b?s=96&d=blank&r=g\",\"contentUrl\":\"https:\/\/secure.gravatar.com\/avatar\/049821681b589dabc0bc20695993ccebb09f5b5d4d790cd9251b97faac7c652b?s=96&d=blank&r=g\",\"caption\":\"enequipo\"},\"sameAs\":[\"https:\/\/www.facebook.com\/SonoraEE\"]}]}<\/script>\n ","yoast_head_json":{"title":"Sonora en Equipo. La mitad del pa\u00eds est\u00e1 en sem\u00e1foro verde; s\u00f3lo un estado en naranja Rep\u00fablica","description":"CIUDAD DE M\u00c9XICO. MX. \u2014 La Secretar\u00eda de Salud inform\u00f3 que Chihuahua y Puebla son las \u00fanicas dos entidades federativas que a\u00fan no concluyen la vacunaci\u00f3n En Sonora en Equipo publicamos toda la informaci\u00f3n de Sonora, M\u00e9xico y el Mundo de manera oportuna y busca que la libertad de expresi\u00f3n sea real. Visita nuestro medio informativo publicado desde Hermosillo, Sonora. %","robots":{"index":"index","follow":"follow","max-snippet":"max-snippet:-1","max-image-preview":"max-image-preview:large","max-video-preview":"max-video-preview:-1"},"canonical":"https:\/\/www.sonoraenequipo.com.mx\/la-mitad-del-pais-esta-en-semaforo-verde-solo-un-estado-en-naranja\/","og_locale":"es_ES","og_type":"article","og_title":"Sonora en Equipo. La mitad del pa\u00eds est\u00e1 en sem\u00e1foro verde; s\u00f3lo un estado en naranja Rep\u00fablica","og_description":"CIUDAD DE M\u00c9XICO. MX. \u2014 La Secretar\u00eda de Salud inform\u00f3 que Chihuahua y Puebla son las \u00fanicas dos entidades federativas que a\u00fan no concluyen la vacunaci\u00f3n En Sonora en Equipo publicamos toda la informaci\u00f3n de Sonora, M\u00e9xico y el Mundo de manera oportuna y busca que la libertad de expresi\u00f3n sea real. Visita nuestro medio informativo publicado desde Hermosillo, Sonora. %","og_url":"https:\/\/www.sonoraenequipo.com.mx\/la-mitad-del-pais-esta-en-semaforo-verde-solo-un-estado-en-naranja\/","og_site_name":"Sonora en Equipo.","article_publisher":"https:\/\/www.facebook.com\/SonoraEE\/","article_author":"https:\/\/www.facebook.com\/SonoraEE","article_published_time":"2021-05-22T05:45:51+00:00","article_modified_time":"2021-05-22T17:39:36+00:00","og_image":[{"width":700,"height":400,"url":"https:\/\/www.sonoraenequipo.com.mx\/storage\/2021\/05\/Semaforo-COVID-19_opt.jpg","type":"image\/jpeg"}],"author":"enequipo","twitter_card":"summary_large_image","twitter_creator":"@sonoraenequipo","twitter_site":"@sonoraenequipo","twitter_misc":{"Escrito por":"enequipo","Tiempo de lectura":"1 minuto"},"schema":{"@context":"https:\/\/schema.org","@graph":[{"@type":"Article","@id":"https:\/\/www.sonoraenequipo.com.mx\/la-mitad-del-pais-esta-en-semaforo-verde-solo-un-estado-en-naranja\/#article","isPartOf":{"@id":"https:\/\/www.sonoraenequipo.com.mx\/la-mitad-del-pais-esta-en-semaforo-verde-solo-un-estado-en-naranja\/"},"author":{"name":"enequipo","@id":"https:\/\/www.sonoraenequipo.com.mx\/#\/schema\/person\/50102df0fb23a8fa9e8effad8fa81386"},"headline":"La mitad del pa\u00eds est\u00e1 en sem\u00e1foro verde; s\u00f3lo un estado en naranja","datePublished":"2021-05-22T05:45:51+00:00","dateModified":"2021-05-22T17:39:36+00:00","mainEntityOfPage":{"@id":"https:\/\/www.sonoraenequipo.com.mx\/la-mitad-del-pais-esta-en-semaforo-verde-solo-un-estado-en-naranja\/"},"wordCount":228,"commentCount":0,"publisher":{"@id":"https:\/\/www.sonoraenequipo.com.mx\/#organization"},"image":{"@id":"https:\/\/www.sonoraenequipo.com.mx\/la-mitad-del-pais-esta-en-semaforo-verde-solo-un-estado-en-naranja\/#primaryimage"},"thumbnailUrl":"https:\/\/www.sonoraenequipo.com.mx\/storage\/2021\/05\/Semaforo-COVID-19_opt.jpg","articleSection":["Rep\u00fablica"],"inLanguage":"es","potentialAction":[{"@type":"CommentAction","name":"Comment","target":["https:\/\/www.sonoraenequipo.com.mx\/la-mitad-del-pais-esta-en-semaforo-verde-solo-un-estado-en-naranja\/#respond"]}]},{"@type":"WebPage","@id":"https:\/\/www.sonoraenequipo.com.mx\/la-mitad-del-pais-esta-en-semaforo-verde-solo-un-estado-en-naranja\/","url":"https:\/\/www.sonoraenequipo.com.mx\/la-mitad-del-pais-esta-en-semaforo-verde-solo-un-estado-en-naranja\/","name":"Sonora en Equipo. La mitad del pa\u00eds est\u00e1 en sem\u00e1foro verde; s\u00f3lo un estado en naranja Rep\u00fablica","isPartOf":{"@id":"https:\/\/www.sonoraenequipo.com.mx\/#website"},"primaryImageOfPage":{"@id":"https:\/\/www.sonoraenequipo.com.mx\/la-mitad-del-pais-esta-en-semaforo-verde-solo-un-estado-en-naranja\/#primaryimage"},"image":{"@id":"https:\/\/www.sonoraenequipo.com.mx\/la-mitad-del-pais-esta-en-semaforo-verde-solo-un-estado-en-naranja\/#primaryimage"},"thumbnailUrl":"https:\/\/www.sonoraenequipo.com.mx\/storage\/2021\/05\/Semaforo-COVID-19_opt.jpg","datePublished":"2021-05-22T05:45:51+00:00","dateModified":"2021-05-22T17:39:36+00:00","description":"CIUDAD DE M\u00c9XICO. MX. \u2014 La Secretar\u00eda de Salud inform\u00f3 que Chihuahua y Puebla son las \u00fanicas dos entidades federativas que a\u00fan no concluyen la vacunaci\u00f3n En Sonora en Equipo publicamos toda la informaci\u00f3n de Sonora, M\u00e9xico y el Mundo de manera oportuna y busca que la libertad de expresi\u00f3n sea real. Visita nuestro medio informativo publicado desde Hermosillo, Sonora. %","breadcrumb":{"@id":"https:\/\/www.sonoraenequipo.com.mx\/la-mitad-del-pais-esta-en-semaforo-verde-solo-un-estado-en-naranja\/#breadcrumb"},"inLanguage":"es","potentialAction":[{"@type":"ReadAction","target":["https:\/\/www.sonoraenequipo.com.mx\/la-mitad-del-pais-esta-en-semaforo-verde-solo-un-estado-en-naranja\/"]}]},{"@type":"ImageObject","inLanguage":"es","@id":"https:\/\/www.sonoraenequipo.com.mx\/la-mitad-del-pais-esta-en-semaforo-verde-solo-un-estado-en-naranja\/#primaryimage","url":"https:\/\/www.sonoraenequipo.com.mx\/storage\/2021\/05\/Semaforo-COVID-19_opt.jpg","contentUrl":"https:\/\/www.sonoraenequipo.com.mx\/storage\/2021\/05\/Semaforo-COVID-19_opt.jpg","width":700,"height":400},{"@type":"BreadcrumbList","@id":"https:\/\/www.sonoraenequipo.com.mx\/la-mitad-del-pais-esta-en-semaforo-verde-solo-un-estado-en-naranja\/#breadcrumb","itemListElement":[{"@type":"ListItem","position":1,"name":"Portada","item":"https:\/\/www.sonoraenequipo.com.mx\/"},{"@type":"ListItem","position":2,"name":"La mitad del pa\u00eds est\u00e1 en sem\u00e1foro verde; s\u00f3lo un estado en naranja"}]},{"@type":"WebSite","@id":"https:\/\/www.sonoraenequipo.com.mx\/#website","url":"https:\/\/www.sonoraenequipo.com.mx\/","name":"Sonora en Equipo.","description":"Diario en l\u00ednea con Noticias desde Hermosillo, Sonora","publisher":{"@id":"https:\/\/www.sonoraenequipo.com.mx\/#organization"},"potentialAction":[{"@type":"SearchAction","target":{"@type":"EntryPoint","urlTemplate":"https:\/\/www.sonoraenequipo.com.mx\/?s={search_term_string}"},"query-input":{"@type":"PropertyValueSpecification","valueRequired":true,"valueName":"search_term_string"}}],"inLanguage":"es"},{"@type":"Organization","@id":"https:\/\/www.sonoraenequipo.com.mx\/#organization","name":"Sonoraenequipo.com.mx","url":"https:\/\/www.sonoraenequipo.com.mx\/","logo":{"@type":"ImageObject","inLanguage":"es","@id":"https:\/\/www.sonoraenequipo.com.mx\/#\/schema\/logo\/image\/","url":"https:\/\/www.sonoraenequipo.com.mx\/storage\/2019\/01\/sonoraenequipo_opt.png","contentUrl":"https:\/\/www.sonoraenequipo.com.mx\/storage\/2019\/01\/sonoraenequipo_opt.png","width":375,"height":125,"caption":"Sonoraenequipo.com.mx"},"image":{"@id":"https:\/\/www.sonoraenequipo.com.mx\/#\/schema\/logo\/image\/"},"sameAs":["https:\/\/www.facebook.com\/SonoraEE\/","https:\/\/x.com\/sonoraenequipo","https:\/\/www.youtube.com\/channel\/UC338nW-lPEYmJQs4ZABQ1SQ"]},{"@type":"Person","@id":"https:\/\/www.sonoraenequipo.com.mx\/#\/schema\/person\/50102df0fb23a8fa9e8effad8fa81386","name":"enequipo","image":{"@type":"ImageObject","inLanguage":"es","@id":"https:\/\/www.sonoraenequipo.com.mx\/#\/schema\/person\/image\/","url":"https:\/\/secure.gravatar.com\/avatar\/049821681b589dabc0bc20695993ccebb09f5b5d4d790cd9251b97faac7c652b?s=96&d=blank&r=g","contentUrl":"https:\/\/secure.gravatar.com\/avatar\/049821681b589dabc0bc20695993ccebb09f5b5d4d790cd9251b97faac7c652b?s=96&d=blank&r=g","caption":"enequipo"},"sameAs":["https:\/\/www.facebook.com\/SonoraEE"]}]}},"jetpack_featured_media_url":"https:\/\/www.sonoraenequipo.com.mx\/storage\/2021\/05\/Semaforo-COVID-19_opt.jpg","_links":{"self":[{"href":"https:\/\/www.sonoraenequipo.com.mx\/api\/wp\/v2\/posts\/114540","targetHints":{"allow":["GET"]}}],"collection":[{"href":"https:\/\/www.sonoraenequipo.com.mx\/api\/wp\/v2\/posts"}],"about":[{"href":"https:\/\/www.sonoraenequipo.com.mx\/api\/wp\/v2\/types\/post"}],"author":[{"embeddable":true,"href":"https:\/\/www.sonoraenequipo.com.mx\/api\/wp\/v2\/users\/1"}],"replies":[{"embeddable":true,"href":"https:\/\/www.sonoraenequipo.com.mx\/api\/wp\/v2\/comments?post=114540"}],"version-history":[{"count":1,"href":"https:\/\/www.sonoraenequipo.com.mx\/api\/wp\/v2\/posts\/114540\/revisions"}],"predecessor-version":[{"id":114541,"href":"https:\/\/www.sonoraenequipo.com.mx\/api\/wp\/v2\/posts\/114540\/revisions\/114541"}],"wp:featuredmedia":[{"embeddable":true,"href":"https:\/\/www.sonoraenequipo.com.mx\/api\/wp\/v2\/media\/114534"}],"wp:attachment":[{"href":"https:\/\/www.sonoraenequipo.com.mx\/api\/wp\/v2\/media?parent=114540"}],"wp:term":[{"taxonomy":"category","embeddable":true,"href":"https:\/\/www.sonoraenequipo.com.mx\/api\/wp\/v2\/categories?post=114540"},{"taxonomy":"post_tag","embeddable":true,"href":"https:\/\/www.sonoraenequipo.com.mx\/api\/wp\/v2\/tags?post=114540"}],"curies":[{"name":"wp","href":"https:\/\/api.w.org\/{rel}","templated":true}]}}