{"id":114543,"date":"2021-05-21T18:55:30","date_gmt":"2021-05-22T01:55:30","guid":{"rendered":"https:\/\/www.sonoraenequipo.com.mx\/?p=114543"},"modified":"2021-05-22T10:58:11","modified_gmt":"2021-05-22T17:58:11","slug":"ong-de-estados-unidos-considero-preocupantes-las-palabras-del-titular-de-semar","status":"publish","type":"post","link":"https:\/\/www.sonoraenequipo.com.mx\/ong-de-estados-unidos-considero-preocupantes-las-palabras-del-titular-de-semar\/","title":{"rendered":"ONG de Estados Unidos consider\u00f3 preocupantes las palabras del titular de Semar"},"content":{"rendered":"<p>NUEVA YORK, ESTADOS UNIDOS. \u2014 Human Rights Watch (HRW) conden\u00f3 este viernes que las palabras del secretario de Marina de M\u00e9xico, Jos\u00e9 Rafael Ojeda quien este viernes declar\u00f3: \u201cparece ser que el enemigo lo tenemos en el Poder Judicial\u201d, porque hay jueces que impiden concretar detenciones.<\/p>\n<p>&nbsp;<\/p>\n<p> <\/p>\n<p>Jos\u00e9 Miguel Vivanco, director para las Am\u00e9ricas de HRW, escribi\u00f3 en Twitter: Todo un s\u00edmbolo de la militarizaci\u00f3n de M\u00e9xico y la degradaci\u00f3n del Estado de derecho en la presidencia de AMLO. Muy peligroso.<\/p>\n<p>Vivanco hac\u00eda referencia a las declaraciones vertidas por el almirante durante la conferencia matutina, en el que se quej\u00f3 del actuar de los jueces tras la captura de capos del narcotr\u00e1fico y de decomisos de droga.<\/p>\n<p>\u201cHay muchos casos que hasta pena nos dan que act\u00faen de esa manera, parece ser que el enemigo lo tenemos en el Poder Judicial y tenemos que cerrar bien ese c\u00edrculo para poder llevar a cabo la detenci\u00f3n\u201d, dijo.<\/p>\n<p>https:\/\/twitter.com\/JMVivancoHRW<\/p>\n<p>&nbsp;<\/p>\n<p>El comentario result\u00f3 \u201cespinoso\u201d para diversos actores, como el presidente ministro de la Suprema Corte (SCJN), Arturo Zald\u00edvar, quien record\u00f3 que \u201cUn Poder Judicial independiente es esencial en la democracia\u201d.<\/p>\n<p>Por su parte, la Asociaci\u00f3n Nacional de Magistrados de Circuito y Jueces de Distrito emiti\u00f3 un pronunciamiento ante la \u201cnecesidad de aclarar\u201d que \u201cno son ni enemigos ni amigos de nadie, sino que obedecen \u00fanicamente la Constituci\u00f3n\u201d.<\/p>\n<p>&nbsp;<\/p>\n<blockquote class=\"twitter-tweet\" data-width=\"550\" data-dnt=\"true\">\n<p lang=\"es\" dir=\"ltr\">El comandante de la Marina de M\u00e9xico dice, en una rueda de prensa junto con el Pdte. L\u00f3pez Obrador, que sus \u201cenemigos\u201d est\u00e1n en el poder judicial. <\/p>\n<p>Todo un s\u00edmbolo de la militarizaci\u00f3n de M\u00e9xico y la degradaci\u00f3n del Estado de derecho en la presidencia de AMLO. <\/p>\n<p>Muy peligroso. <a href=\"https:\/\/t.co\/HvoICdDEmg\">pic.twitter.com\/HvoICdDEmg<\/a><\/p>\n<p>&mdash; Jos\u00e9 Miguel Vivanco (@VivancoJM) <a href=\"https:\/\/twitter.com\/VivancoJM\/status\/1395785878618902532?ref_src=twsrc%5Etfw\">May 21, 2021<\/a><\/p><\/blockquote>\n<p><script async src=\"https:\/\/platform.twitter.com\/widgets.js\" charset=\"utf-8\"><\/script><\/p>\n<blockquote class=\"twitter-tweet\" data-width=\"550\" data-dnt=\"true\">\n<p lang=\"es\" dir=\"ltr\">El comandante de la Marina de M\u00e9xico dice, en una rueda de prensa junto con el Pdte. L\u00f3pez Obrador, que sus \u201cenemigos\u201d est\u00e1n en el poder judicial. <\/p>\n<p>Todo un s\u00edmbolo de la militarizaci\u00f3n de M\u00e9xico y la degradaci\u00f3n del Estado de derecho en la presidencia de AMLO. <\/p>\n<p>Muy peligroso. <a href=\"https:\/\/t.co\/HvoICdDEmg\">pic.twitter.com\/HvoICdDEmg<\/a><\/p>\n<p>&mdash; Jos\u00e9 Miguel Vivanco (@VivancoJM) <a href=\"https:\/\/twitter.com\/VivancoJM\/status\/1395785878618902532?ref_src=twsrc%5Etfw\">May 21, 2021<\/a><\/p><\/blockquote>\n<p><script async src=\"https:\/\/platform.twitter.com\/widgets.js\" charset=\"utf-8\"><\/script><\/p>\n<p>(Publicada el 21\/05\/2021)<\/p>\n","protected":false},"excerpt":{"rendered":"<p>NUEVA YORK, ESTADOS UNIDOS. \u2014 Human Rights Watch (HRW) conden\u00f3 este viernes que las palabras&#8230;<\/p>\n","protected":false},"author":1,"featured_media":114544,"comment_status":"open","ping_status":"open","sticky":false,"template":"","format":"standard","meta":{"_monsterinsights_skip_tracking":false,"_monsterinsights_sitenote_active":false,"_monsterinsights_sitenote_note":"","_monsterinsights_sitenote_category":0,"footnotes":""},"categories":[3],"tags":[],"class_list":["post"],"yoast_head":" \n<title>Sonora en Equipo. ONG de Estados Unidos consider\u00f3 preocupantes las palabras del titular de Semar MUNDO<\/title>\n<meta name=\"description\" content=\"NUEVA YORK, ESTADOS UNIDOS. \u2014 Human Rights Watch (HRW) conden\u00f3 este viernes que las palabras del secretario de Marina de M\u00e9xico, Jos\u00e9 Rafael Ojeda quien En Sonora en Equipo publicamos toda la informaci\u00f3n de Sonora, M\u00e9xico y el Mundo de manera oportuna y busca que la libertad de expresi\u00f3n sea real. Visita nuestro medio informativo publicado desde Hermosillo, Sonora. %\" \/>\n<meta name=\"robots\" content=\"index, follow, max-snippet:-1, max-image-preview:large, max-video-preview:-1\" \/>\n<link rel=\"canonical\" href=\"https:\/\/www.sonoraenequipo.com.mx\/ong-de-estados-unidos-considero-preocupantes-las-palabras-del-titular-de-semar\/\" \/>\n<meta property=\"og:locale\" content=\"es_ES\" \/>\n<meta property=\"og:type\" content=\"article\" \/>\n<meta property=\"og:title\" content=\"Sonora en Equipo. ONG de Estados Unidos consider\u00f3 preocupantes las palabras del titular de Semar MUNDO\" \/>\n<meta property=\"og:description\" content=\"NUEVA YORK, ESTADOS UNIDOS. \u2014 Human Rights Watch (HRW) conden\u00f3 este viernes que las palabras del secretario de Marina de M\u00e9xico, Jos\u00e9 Rafael Ojeda quien En Sonora en Equipo publicamos toda la informaci\u00f3n de Sonora, M\u00e9xico y el Mundo de manera oportuna y busca que la libertad de expresi\u00f3n sea real. Visita nuestro medio informativo publicado desde Hermosillo, Sonora. %\" \/>\n<meta property=\"og:url\" content=\"https:\/\/www.sonoraenequipo.com.mx\/ong-de-estados-unidos-considero-preocupantes-las-palabras-del-titular-de-semar\/\" \/>\n<meta property=\"og:site_name\" content=\"Sonora en Equipo.\" \/>\n<meta property=\"article:publisher\" content=\"https:\/\/www.facebook.com\/SonoraEE\/\" \/>\n<meta property=\"article:author\" content=\"https:\/\/www.facebook.com\/SonoraEE\" \/>\n<meta property=\"article:published_time\" content=\"2021-05-22T01:55:30+00:00\" \/>\n<meta property=\"article:modified_time\" content=\"2021-05-22T17:58:11+00:00\" \/>\n<meta property=\"og:image\" content=\"https:\/\/www.sonoraenequipo.com.mx\/storage\/2021\/05\/hrw-ojeda-miliratizacion_opt.jpg\" \/>\n\t<meta property=\"og:image:width\" content=\"700\" \/>\n\t<meta property=\"og:image:height\" content=\"400\" \/>\n\t<meta property=\"og:image:type\" content=\"image\/jpeg\" \/>\n<meta name=\"author\" content=\"enequipo\" \/>\n<meta name=\"twitter:card\" content=\"summary_large_image\" \/>\n<meta name=\"twitter:creator\" content=\"@sonoraenequipo\" \/>\n<meta name=\"twitter:site\" content=\"@sonoraenequipo\" \/>\n<meta name=\"twitter:label1\" content=\"Escrito por\" \/>\n\t<meta name=\"twitter:data1\" content=\"enequipo\" \/>\n\t<meta name=\"twitter:label2\" content=\"Tiempo de lectura\" \/>\n\t<meta name=\"twitter:data2\" content=\"1 minuto\" \/>\n<script type=\"application\/ld+json\" class=\"yoast-schema-graph\">{\"@context\":\"https:\/\/schema.org\",\"@graph\":[{\"@type\":\"Article\",\"@id\":\"https:\/\/www.sonoraenequipo.com.mx\/ong-de-estados-unidos-considero-preocupantes-las-palabras-del-titular-de-semar\/#article\",\"isPartOf\":{\"@id\":\"https:\/\/www.sonoraenequipo.com.mx\/ong-de-estados-unidos-considero-preocupantes-las-palabras-del-titular-de-semar\/\"},\"author\":{\"name\":\"enequipo\",\"@id\":\"https:\/\/www.sonoraenequipo.com.mx\/#\/schema\/person\/50102df0fb23a8fa9e8effad8fa81386\"},\"headline\":\"ONG de Estados Unidos consider\u00f3 preocupantes las palabras del titular de Semar\",\"datePublished\":\"2021-05-22T01:55:30+00:00\",\"dateModified\":\"2021-05-22T17:58:11+00:00\",\"mainEntityOfPage\":{\"@id\":\"https:\/\/www.sonoraenequipo.com.mx\/ong-de-estados-unidos-considero-preocupantes-las-palabras-del-titular-de-semar\/\"},\"wordCount\":266,\"commentCount\":0,\"publisher\":{\"@id\":\"https:\/\/www.sonoraenequipo.com.mx\/#organization\"},\"image\":{\"@id\":\"https:\/\/www.sonoraenequipo.com.mx\/ong-de-estados-unidos-considero-preocupantes-las-palabras-del-titular-de-semar\/#primaryimage\"},\"thumbnailUrl\":\"https:\/\/www.sonoraenequipo.com.mx\/storage\/2021\/05\/hrw-ojeda-miliratizacion_opt.jpg\",\"articleSection\":[\"MUNDO\"],\"inLanguage\":\"es\",\"potentialAction\":[{\"@type\":\"CommentAction\",\"name\":\"Comment\",\"target\":[\"https:\/\/www.sonoraenequipo.com.mx\/ong-de-estados-unidos-considero-preocupantes-las-palabras-del-titular-de-semar\/#respond\"]}]},{\"@type\":\"WebPage\",\"@id\":\"https:\/\/www.sonoraenequipo.com.mx\/ong-de-estados-unidos-considero-preocupantes-las-palabras-del-titular-de-semar\/\",\"url\":\"https:\/\/www.sonoraenequipo.com.mx\/ong-de-estados-unidos-considero-preocupantes-las-palabras-del-titular-de-semar\/\",\"name\":\"Sonora en Equipo. ONG de Estados Unidos consider\u00f3 preocupantes las palabras del titular de Semar MUNDO\",\"isPartOf\":{\"@id\":\"https:\/\/www.sonoraenequipo.com.mx\/#website\"},\"primaryImageOfPage\":{\"@id\":\"https:\/\/www.sonoraenequipo.com.mx\/ong-de-estados-unidos-considero-preocupantes-las-palabras-del-titular-de-semar\/#primaryimage\"},\"image\":{\"@id\":\"https:\/\/www.sonoraenequipo.com.mx\/ong-de-estados-unidos-considero-preocupantes-las-palabras-del-titular-de-semar\/#primaryimage\"},\"thumbnailUrl\":\"https:\/\/www.sonoraenequipo.com.mx\/storage\/2021\/05\/hrw-ojeda-miliratizacion_opt.jpg\",\"datePublished\":\"2021-05-22T01:55:30+00:00\",\"dateModified\":\"2021-05-22T17:58:11+00:00\",\"description\":\"NUEVA YORK, ESTADOS UNIDOS. \u2014 Human Rights Watch (HRW) conden\u00f3 este viernes que las palabras del secretario de Marina de M\u00e9xico, Jos\u00e9 Rafael Ojeda quien En Sonora en Equipo publicamos toda la informaci\u00f3n de Sonora, M\u00e9xico y el Mundo de manera oportuna y busca que la libertad de expresi\u00f3n sea real. Visita nuestro medio informativo publicado desde Hermosillo, Sonora. %\",\"breadcrumb\":{\"@id\":\"https:\/\/www.sonoraenequipo.com.mx\/ong-de-estados-unidos-considero-preocupantes-las-palabras-del-titular-de-semar\/#breadcrumb\"},\"inLanguage\":\"es\",\"potentialAction\":[{\"@type\":\"ReadAction\",\"target\":[\"https:\/\/www.sonoraenequipo.com.mx\/ong-de-estados-unidos-considero-preocupantes-las-palabras-del-titular-de-semar\/\"]}]},{\"@type\":\"ImageObject\",\"inLanguage\":\"es\",\"@id\":\"https:\/\/www.sonoraenequipo.com.mx\/ong-de-estados-unidos-considero-preocupantes-las-palabras-del-titular-de-semar\/#primaryimage\",\"url\":\"https:\/\/www.sonoraenequipo.com.mx\/storage\/2021\/05\/hrw-ojeda-miliratizacion_opt.jpg\",\"contentUrl\":\"https:\/\/www.sonoraenequipo.com.mx\/storage\/2021\/05\/hrw-ojeda-miliratizacion_opt.jpg\",\"width\":700,\"height\":400},{\"@type\":\"BreadcrumbList\",\"@id\":\"https:\/\/www.sonoraenequipo.com.mx\/ong-de-estados-unidos-considero-preocupantes-las-palabras-del-titular-de-semar\/#breadcrumb\",\"itemListElement\":[{\"@type\":\"ListItem\",\"position\":1,\"name\":\"Portada\",\"item\":\"https:\/\/www.sonoraenequipo.com.mx\/\"},{\"@type\":\"ListItem\",\"position\":2,\"name\":\"ONG de Estados Unidos consider\u00f3 preocupantes las palabras del titular de Semar\"}]},{\"@type\":\"WebSite\",\"@id\":\"https:\/\/www.sonoraenequipo.com.mx\/#website\",\"url\":\"https:\/\/www.sonoraenequipo.com.mx\/\",\"name\":\"Sonora en Equipo.\",\"description\":\"Diario en l\u00ednea con Noticias desde Hermosillo, Sonora\",\"publisher\":{\"@id\":\"https:\/\/www.sonoraenequipo.com.mx\/#organization\"},\"potentialAction\":[{\"@type\":\"SearchAction\",\"target\":{\"@type\":\"EntryPoint\",\"urlTemplate\":\"https:\/\/www.sonoraenequipo.com.mx\/?s={search_term_string}\"},\"query-input\":{\"@type\":\"PropertyValueSpecification\",\"valueRequired\":true,\"valueName\":\"search_term_string\"}}],\"inLanguage\":\"es\"},{\"@type\":\"Organization\",\"@id\":\"https:\/\/www.sonoraenequipo.com.mx\/#organization\",\"name\":\"Sonoraenequipo.com.mx\",\"url\":\"https:\/\/www.sonoraenequipo.com.mx\/\",\"logo\":{\"@type\":\"ImageObject\",\"inLanguage\":\"es\",\"@id\":\"https:\/\/www.sonoraenequipo.com.mx\/#\/schema\/logo\/image\/\",\"url\":\"https:\/\/www.sonoraenequipo.com.mx\/storage\/2019\/01\/sonoraenequipo_opt.png\",\"contentUrl\":\"https:\/\/www.sonoraenequipo.com.mx\/storage\/2019\/01\/sonoraenequipo_opt.png\",\"width\":375,\"height\":125,\"caption\":\"Sonoraenequipo.com.mx\"},\"image\":{\"@id\":\"https:\/\/www.sonoraenequipo.com.mx\/#\/schema\/logo\/image\/\"},\"sameAs\":[\"https:\/\/www.facebook.com\/SonoraEE\/\",\"https:\/\/x.com\/sonoraenequipo\",\"https:\/\/www.youtube.com\/channel\/UC338nW-lPEYmJQs4ZABQ1SQ\"]},{\"@type\":\"Person\",\"@id\":\"https:\/\/www.sonoraenequipo.com.mx\/#\/schema\/person\/50102df0fb23a8fa9e8effad8fa81386\",\"name\":\"enequipo\",\"image\":{\"@type\":\"ImageObject\",\"inLanguage\":\"es\",\"@id\":\"https:\/\/www.sonoraenequipo.com.mx\/#\/schema\/person\/image\/\",\"url\":\"https:\/\/secure.gravatar.com\/avatar\/049821681b589dabc0bc20695993ccebb09f5b5d4d790cd9251b97faac7c652b?s=96&d=blank&r=g\",\"contentUrl\":\"https:\/\/secure.gravatar.com\/avatar\/049821681b589dabc0bc20695993ccebb09f5b5d4d790cd9251b97faac7c652b?s=96&d=blank&r=g\",\"caption\":\"enequipo\"},\"sameAs\":[\"https:\/\/www.facebook.com\/SonoraEE\"]}]}<\/script>\n ","yoast_head_json":{"title":"Sonora en Equipo. ONG de Estados Unidos consider\u00f3 preocupantes las palabras del titular de Semar MUNDO","description":"NUEVA YORK, ESTADOS UNIDOS. \u2014 Human Rights Watch (HRW) conden\u00f3 este viernes que las palabras del secretario de Marina de M\u00e9xico, Jos\u00e9 Rafael Ojeda quien En Sonora en Equipo publicamos toda la informaci\u00f3n de Sonora, M\u00e9xico y el Mundo de manera oportuna y busca que la libertad de expresi\u00f3n sea real. Visita nuestro medio informativo publicado desde Hermosillo, Sonora. %","robots":{"index":"index","follow":"follow","max-snippet":"max-snippet:-1","max-image-preview":"max-image-preview:large","max-video-preview":"max-video-preview:-1"},"canonical":"https:\/\/www.sonoraenequipo.com.mx\/ong-de-estados-unidos-considero-preocupantes-las-palabras-del-titular-de-semar\/","og_locale":"es_ES","og_type":"article","og_title":"Sonora en Equipo. ONG de Estados Unidos consider\u00f3 preocupantes las palabras del titular de Semar MUNDO","og_description":"NUEVA YORK, ESTADOS UNIDOS. \u2014 Human Rights Watch (HRW) conden\u00f3 este viernes que las palabras del secretario de Marina de M\u00e9xico, Jos\u00e9 Rafael Ojeda quien En Sonora en Equipo publicamos toda la informaci\u00f3n de Sonora, M\u00e9xico y el Mundo de manera oportuna y busca que la libertad de expresi\u00f3n sea real. Visita nuestro medio informativo publicado desde Hermosillo, Sonora. %","og_url":"https:\/\/www.sonoraenequipo.com.mx\/ong-de-estados-unidos-considero-preocupantes-las-palabras-del-titular-de-semar\/","og_site_name":"Sonora en Equipo.","article_publisher":"https:\/\/www.facebook.com\/SonoraEE\/","article_author":"https:\/\/www.facebook.com\/SonoraEE","article_published_time":"2021-05-22T01:55:30+00:00","article_modified_time":"2021-05-22T17:58:11+00:00","og_image":[{"width":700,"height":400,"url":"https:\/\/www.sonoraenequipo.com.mx\/storage\/2021\/05\/hrw-ojeda-miliratizacion_opt.jpg","type":"image\/jpeg"}],"author":"enequipo","twitter_card":"summary_large_image","twitter_creator":"@sonoraenequipo","twitter_site":"@sonoraenequipo","twitter_misc":{"Escrito por":"enequipo","Tiempo de lectura":"1 minuto"},"schema":{"@context":"https:\/\/schema.org","@graph":[{"@type":"Article","@id":"https:\/\/www.sonoraenequipo.com.mx\/ong-de-estados-unidos-considero-preocupantes-las-palabras-del-titular-de-semar\/#article","isPartOf":{"@id":"https:\/\/www.sonoraenequipo.com.mx\/ong-de-estados-unidos-considero-preocupantes-las-palabras-del-titular-de-semar\/"},"author":{"name":"enequipo","@id":"https:\/\/www.sonoraenequipo.com.mx\/#\/schema\/person\/50102df0fb23a8fa9e8effad8fa81386"},"headline":"ONG de Estados Unidos consider\u00f3 preocupantes las palabras del titular de Semar","datePublished":"2021-05-22T01:55:30+00:00","dateModified":"2021-05-22T17:58:11+00:00","mainEntityOfPage":{"@id":"https:\/\/www.sonoraenequipo.com.mx\/ong-de-estados-unidos-considero-preocupantes-las-palabras-del-titular-de-semar\/"},"wordCount":266,"commentCount":0,"publisher":{"@id":"https:\/\/www.sonoraenequipo.com.mx\/#organization"},"image":{"@id":"https:\/\/www.sonoraenequipo.com.mx\/ong-de-estados-unidos-considero-preocupantes-las-palabras-del-titular-de-semar\/#primaryimage"},"thumbnailUrl":"https:\/\/www.sonoraenequipo.com.mx\/storage\/2021\/05\/hrw-ojeda-miliratizacion_opt.jpg","articleSection":["MUNDO"],"inLanguage":"es","potentialAction":[{"@type":"CommentAction","name":"Comment","target":["https:\/\/www.sonoraenequipo.com.mx\/ong-de-estados-unidos-considero-preocupantes-las-palabras-del-titular-de-semar\/#respond"]}]},{"@type":"WebPage","@id":"https:\/\/www.sonoraenequipo.com.mx\/ong-de-estados-unidos-considero-preocupantes-las-palabras-del-titular-de-semar\/","url":"https:\/\/www.sonoraenequipo.com.mx\/ong-de-estados-unidos-considero-preocupantes-las-palabras-del-titular-de-semar\/","name":"Sonora en Equipo. ONG de Estados Unidos consider\u00f3 preocupantes las palabras del titular de Semar MUNDO","isPartOf":{"@id":"https:\/\/www.sonoraenequipo.com.mx\/#website"},"primaryImageOfPage":{"@id":"https:\/\/www.sonoraenequipo.com.mx\/ong-de-estados-unidos-considero-preocupantes-las-palabras-del-titular-de-semar\/#primaryimage"},"image":{"@id":"https:\/\/www.sonoraenequipo.com.mx\/ong-de-estados-unidos-considero-preocupantes-las-palabras-del-titular-de-semar\/#primaryimage"},"thumbnailUrl":"https:\/\/www.sonoraenequipo.com.mx\/storage\/2021\/05\/hrw-ojeda-miliratizacion_opt.jpg","datePublished":"2021-05-22T01:55:30+00:00","dateModified":"2021-05-22T17:58:11+00:00","description":"NUEVA YORK, ESTADOS UNIDOS. \u2014 Human Rights Watch (HRW) conden\u00f3 este viernes que las palabras del secretario de Marina de M\u00e9xico, Jos\u00e9 Rafael Ojeda quien En Sonora en Equipo publicamos toda la informaci\u00f3n de Sonora, M\u00e9xico y el Mundo de manera oportuna y busca que la libertad de expresi\u00f3n sea real. Visita nuestro medio informativo publicado desde Hermosillo, Sonora. %","breadcrumb":{"@id":"https:\/\/www.sonoraenequipo.com.mx\/ong-de-estados-unidos-considero-preocupantes-las-palabras-del-titular-de-semar\/#breadcrumb"},"inLanguage":"es","potentialAction":[{"@type":"ReadAction","target":["https:\/\/www.sonoraenequipo.com.mx\/ong-de-estados-unidos-considero-preocupantes-las-palabras-del-titular-de-semar\/"]}]},{"@type":"ImageObject","inLanguage":"es","@id":"https:\/\/www.sonoraenequipo.com.mx\/ong-de-estados-unidos-considero-preocupantes-las-palabras-del-titular-de-semar\/#primaryimage","url":"https:\/\/www.sonoraenequipo.com.mx\/storage\/2021\/05\/hrw-ojeda-miliratizacion_opt.jpg","contentUrl":"https:\/\/www.sonoraenequipo.com.mx\/storage\/2021\/05\/hrw-ojeda-miliratizacion_opt.jpg","width":700,"height":400},{"@type":"BreadcrumbList","@id":"https:\/\/www.sonoraenequipo.com.mx\/ong-de-estados-unidos-considero-preocupantes-las-palabras-del-titular-de-semar\/#breadcrumb","itemListElement":[{"@type":"ListItem","position":1,"name":"Portada","item":"https:\/\/www.sonoraenequipo.com.mx\/"},{"@type":"ListItem","position":2,"name":"ONG de Estados Unidos consider\u00f3 preocupantes las palabras del titular de Semar"}]},{"@type":"WebSite","@id":"https:\/\/www.sonoraenequipo.com.mx\/#website","url":"https:\/\/www.sonoraenequipo.com.mx\/","name":"Sonora en Equipo.","description":"Diario en l\u00ednea con Noticias desde Hermosillo, Sonora","publisher":{"@id":"https:\/\/www.sonoraenequipo.com.mx\/#organization"},"potentialAction":[{"@type":"SearchAction","target":{"@type":"EntryPoint","urlTemplate":"https:\/\/www.sonoraenequipo.com.mx\/?s={search_term_string}"},"query-input":{"@type":"PropertyValueSpecification","valueRequired":true,"valueName":"search_term_string"}}],"inLanguage":"es"},{"@type":"Organization","@id":"https:\/\/www.sonoraenequipo.com.mx\/#organization","name":"Sonoraenequipo.com.mx","url":"https:\/\/www.sonoraenequipo.com.mx\/","logo":{"@type":"ImageObject","inLanguage":"es","@id":"https:\/\/www.sonoraenequipo.com.mx\/#\/schema\/logo\/image\/","url":"https:\/\/www.sonoraenequipo.com.mx\/storage\/2019\/01\/sonoraenequipo_opt.png","contentUrl":"https:\/\/www.sonoraenequipo.com.mx\/storage\/2019\/01\/sonoraenequipo_opt.png","width":375,"height":125,"caption":"Sonoraenequipo.com.mx"},"image":{"@id":"https:\/\/www.sonoraenequipo.com.mx\/#\/schema\/logo\/image\/"},"sameAs":["https:\/\/www.facebook.com\/SonoraEE\/","https:\/\/x.com\/sonoraenequipo","https:\/\/www.youtube.com\/channel\/UC338nW-lPEYmJQs4ZABQ1SQ"]},{"@type":"Person","@id":"https:\/\/www.sonoraenequipo.com.mx\/#\/schema\/person\/50102df0fb23a8fa9e8effad8fa81386","name":"enequipo","image":{"@type":"ImageObject","inLanguage":"es","@id":"https:\/\/www.sonoraenequipo.com.mx\/#\/schema\/person\/image\/","url":"https:\/\/secure.gravatar.com\/avatar\/049821681b589dabc0bc20695993ccebb09f5b5d4d790cd9251b97faac7c652b?s=96&d=blank&r=g","contentUrl":"https:\/\/secure.gravatar.com\/avatar\/049821681b589dabc0bc20695993ccebb09f5b5d4d790cd9251b97faac7c652b?s=96&d=blank&r=g","caption":"enequipo"},"sameAs":["https:\/\/www.facebook.com\/SonoraEE"]}]}},"jetpack_featured_media_url":"https:\/\/www.sonoraenequipo.com.mx\/storage\/2021\/05\/hrw-ojeda-miliratizacion_opt.jpg","_links":{"self":[{"href":"https:\/\/www.sonoraenequipo.com.mx\/api\/wp\/v2\/posts\/114543","targetHints":{"allow":["GET"]}}],"collection":[{"href":"https:\/\/www.sonoraenequipo.com.mx\/api\/wp\/v2\/posts"}],"about":[{"href":"https:\/\/www.sonoraenequipo.com.mx\/api\/wp\/v2\/types\/post"}],"author":[{"embeddable":true,"href":"https:\/\/www.sonoraenequipo.com.mx\/api\/wp\/v2\/users\/1"}],"replies":[{"embeddable":true,"href":"https:\/\/www.sonoraenequipo.com.mx\/api\/wp\/v2\/comments?post=114543"}],"version-history":[{"count":1,"href":"https:\/\/www.sonoraenequipo.com.mx\/api\/wp\/v2\/posts\/114543\/revisions"}],"predecessor-version":[{"id":114545,"href":"https:\/\/www.sonoraenequipo.com.mx\/api\/wp\/v2\/posts\/114543\/revisions\/114545"}],"wp:featuredmedia":[{"embeddable":true,"href":"https:\/\/www.sonoraenequipo.com.mx\/api\/wp\/v2\/media\/114544"}],"wp:attachment":[{"href":"https:\/\/www.sonoraenequipo.com.mx\/api\/wp\/v2\/media?parent=114543"}],"wp:term":[{"taxonomy":"category","embeddable":true,"href":"https:\/\/www.sonoraenequipo.com.mx\/api\/wp\/v2\/categories?post=114543"},{"taxonomy":"post_tag","embeddable":true,"href":"https:\/\/www.sonoraenequipo.com.mx\/api\/wp\/v2\/tags?post=114543"}],"curies":[{"name":"wp","href":"https:\/\/api.w.org\/{rel}","templated":true}]}}