{"id":114546,"date":"2021-05-21T23:50:38","date_gmt":"2021-05-22T06:50:38","guid":{"rendered":"https:\/\/www.sonoraenequipo.com.mx\/?p=114546"},"modified":"2021-05-22T11:12:39","modified_gmt":"2021-05-22T18:12:39","slug":"cuauhtemoc-cardenas-el-de-amlo-no-es-un-gobierno-de-izquierda","status":"publish","type":"post","link":"https:\/\/www.sonoraenequipo.com.mx\/cuauhtemoc-cardenas-el-de-amlo-no-es-un-gobierno-de-izquierda\/","title":{"rendered":"Cuauht\u00e9moc C\u00e1rdenas: \u00abEl de AMLO no es un gobierno de izquierda\u00bb"},"content":{"rendered":"<p>CIUDAD DE M\u00c9XICO. MX. \u2014 El ex candidato presidencial, Cuauht\u00e9moc C\u00e1rdenas, propuso un viraje en las pol\u00edticas del gobierno del presidente Andr\u00e9s Manuel L\u00f3pez Obrador en combate a la inseguridad p\u00fablica, conducci\u00f3n econ\u00f3mica y combate a la pobreza. \u201cDif\u00edcilmente dir\u00eda yo que tenemos un gobierno de izquierda, por m\u00e1s que se digan de izquierda\u201d, estableci\u00f3.<\/p>\n<p>&nbsp;<\/p>\n<p> <\/p>\n<p>&nbsp;<\/p>\n<p>En la conferencia \u201cEl futuro de la izquierda\u00bb en el Foro Jes\u00fas Silva-Herzog Flores, C\u00e1rdenas hizo un balance cr\u00edtico sobre la situaci\u00f3n del pa\u00eds, en el que inseguridad, desempleo y pobreza han aumentado y la pol\u00edtica de austeridad ha disminuido la calidad de la administraci\u00f3n.<\/p>\n<p>&nbsp;<\/p>\n<p><em>\u201cEst\u00e1 visto que la pol\u00edtica de encomendar estas tareas (de combate a la inseguridad) a las fuerzas armadas est\u00e1 muy lejos de haber dado resultados\u201d,<\/em> por lo que pidi\u00f3 su retiro gradual.<\/p>\n<p>&nbsp;<\/p>\n<p>Propuso responsabilizar de esa labor a un cuerpo civil que se coordine con la autoridad civil y la sociedad. \u201cImagino un amplio y bien conducido programa para desplazar a la delincuencia del territorio, porci\u00f3n por porci\u00f3n, y municipio por municipio\u201d, expres\u00f3.<\/p>\n<p>&nbsp;<\/p>\n<p>Tampoco consider\u00f3 exitoso el programa econ\u00f3mico pues \u201csi no invierte el Estado (o) los particulares. Si no llega inversi\u00f3n del exterior; a la pura esperanza, la econom\u00eda no crece\u201d, aunque hubo una <em>\u201cd\u00e9bil recuperaci\u00f3n este a\u00f1o\u201d<\/em>, pero una ca\u00edda de 8 puntos en 2020.<\/p>\n<p>&nbsp;<\/p>\n<p>Adem\u00e1s \u201cse viene dando una cada vez m\u00e1s fuerte desigualdad social, la pobreza afecta a 62 millones, 49% de la poblaci\u00f3n total, 10 millones m\u00e1s que hace dos a\u00f1os\u201d; es decir, cuando comenz\u00f3 el actual gobierno de L\u00f3pez Obrador.<\/p>\n<p>&nbsp;<\/p>\n<p>Sin embargo, admiti\u00f3 \u201c<em>hay pol\u00edticas sociales que podr\u00edan enmarcarse en las izquierdas\u201d.<\/em><\/p>\n<p>&nbsp;<\/p>\n<p>En su exposici\u00f3n, C\u00e1rdenas plante\u00f3 \u201cun proyecto alternativo al proyecto alternativo\u201d del actual gobierno, subray\u00f3 Jes\u00fas Silva Herzog M\u00e1rquez, conductor del foro.<\/p>\n<p>En materia de petr\u00f3leo plante\u00f3 que gradualmente se debe abandonar su transformaci\u00f3n en combustibles, y que Pemex y la industria el\u00e9ctrica tengan autonom\u00eda financiera y de gesti\u00f3n efectivas.<\/p>\n<p>&nbsp;<\/p>\n<p>El tres veces candidato presidencial hizo \u00e9nfasis en que no aprecia en los partidos y candidatos que participan en el proceso electoral que haya propuestas. Por eso, incluso pidi\u00f3 volver al principio de no reelecci\u00f3n de los legisladores, pues qued\u00f3 en evidencia que se privilegi\u00f3 a las burocracias partidistas, \u201cparentescos y compadrazgos\u201d.<br \/>\nLo m\u00e1s visto<\/p>\n<p>&nbsp;<\/p>\n<p>&nbsp;<\/p>\n<p>(Publicada el 21\/05\/2021)<\/p>\n","protected":false},"excerpt":{"rendered":"<p>CIUDAD DE M\u00c9XICO. MX. \u2014 El ex candidato presidencial, Cuauht\u00e9moc C\u00e1rdenas, propuso un viraje en&#8230;<\/p>\n","protected":false},"author":1,"featured_media":114547,"comment_status":"open","ping_status":"open","sticky":false,"template":"","format":"standard","meta":{"_monsterinsights_skip_tracking":false,"_monsterinsights_sitenote_active":false,"_monsterinsights_sitenote_note":"","_monsterinsights_sitenote_category":0,"footnotes":""},"categories":[5],"tags":[],"class_list":["post"],"yoast_head":" \n<title>Sonora en Equipo. Cuauht\u00e9moc C\u00e1rdenas: &quot;El de AMLO no es un gobierno de izquierda&quot; Rep\u00fablica<\/title>\n<meta name=\"description\" content=\"CIUDAD DE M\u00c9XICO. MX. \u2014 El ex candidato presidencial, Cuauht\u00e9moc C\u00e1rdenas, propuso un viraje en las pol\u00edticas del gobierno del presidente Andr\u00e9s Manuel En Sonora en Equipo publicamos toda la informaci\u00f3n de Sonora, M\u00e9xico y el Mundo de manera oportuna y busca que la libertad de expresi\u00f3n sea real. Visita nuestro medio informativo publicado desde Hermosillo, Sonora. %\" \/>\n<meta name=\"robots\" content=\"index, follow, max-snippet:-1, max-image-preview:large, max-video-preview:-1\" \/>\n<link rel=\"canonical\" href=\"https:\/\/www.sonoraenequipo.com.mx\/cuauhtemoc-cardenas-el-de-amlo-no-es-un-gobierno-de-izquierda\/\" \/>\n<meta property=\"og:locale\" content=\"es_ES\" \/>\n<meta property=\"og:type\" content=\"article\" \/>\n<meta property=\"og:title\" content=\"Sonora en Equipo. Cuauht\u00e9moc C\u00e1rdenas: &quot;El de AMLO no es un gobierno de izquierda&quot; Rep\u00fablica\" \/>\n<meta property=\"og:description\" content=\"CIUDAD DE M\u00c9XICO. MX. \u2014 El ex candidato presidencial, Cuauht\u00e9moc C\u00e1rdenas, propuso un viraje en las pol\u00edticas del gobierno del presidente Andr\u00e9s Manuel En Sonora en Equipo publicamos toda la informaci\u00f3n de Sonora, M\u00e9xico y el Mundo de manera oportuna y busca que la libertad de expresi\u00f3n sea real. Visita nuestro medio informativo publicado desde Hermosillo, Sonora. %\" \/>\n<meta property=\"og:url\" content=\"https:\/\/www.sonoraenequipo.com.mx\/cuauhtemoc-cardenas-el-de-amlo-no-es-un-gobierno-de-izquierda\/\" \/>\n<meta property=\"og:site_name\" content=\"Sonora en Equipo.\" \/>\n<meta property=\"article:publisher\" content=\"https:\/\/www.facebook.com\/SonoraEE\/\" \/>\n<meta property=\"article:author\" content=\"https:\/\/www.facebook.com\/SonoraEE\" \/>\n<meta property=\"article:published_time\" content=\"2021-05-22T06:50:38+00:00\" \/>\n<meta property=\"article:modified_time\" content=\"2021-05-22T18:12:39+00:00\" \/>\n<meta property=\"og:image\" content=\"https:\/\/www.sonoraenequipo.com.mx\/storage\/2021\/05\/cuahutemoc-cardenas_opt.jpg\" \/>\n\t<meta property=\"og:image:width\" content=\"700\" \/>\n\t<meta property=\"og:image:height\" content=\"400\" \/>\n\t<meta property=\"og:image:type\" content=\"image\/jpeg\" \/>\n<meta name=\"author\" content=\"enequipo\" \/>\n<meta name=\"twitter:card\" content=\"summary_large_image\" \/>\n<meta name=\"twitter:creator\" content=\"@sonoraenequipo\" \/>\n<meta name=\"twitter:site\" content=\"@sonoraenequipo\" \/>\n<meta name=\"twitter:label1\" content=\"Escrito por\" \/>\n\t<meta name=\"twitter:data1\" content=\"enequipo\" \/>\n\t<meta name=\"twitter:label2\" content=\"Tiempo de lectura\" \/>\n\t<meta name=\"twitter:data2\" content=\"2 minutos\" \/>\n<script type=\"application\/ld+json\" class=\"yoast-schema-graph\">{\"@context\":\"https:\/\/schema.org\",\"@graph\":[{\"@type\":\"Article\",\"@id\":\"https:\/\/www.sonoraenequipo.com.mx\/cuauhtemoc-cardenas-el-de-amlo-no-es-un-gobierno-de-izquierda\/#article\",\"isPartOf\":{\"@id\":\"https:\/\/www.sonoraenequipo.com.mx\/cuauhtemoc-cardenas-el-de-amlo-no-es-un-gobierno-de-izquierda\/\"},\"author\":{\"name\":\"enequipo\",\"@id\":\"https:\/\/www.sonoraenequipo.com.mx\/#\/schema\/person\/50102df0fb23a8fa9e8effad8fa81386\"},\"headline\":\"Cuauht\u00e9moc C\u00e1rdenas: \u00abEl de AMLO no es un gobierno de izquierda\u00bb\",\"datePublished\":\"2021-05-22T06:50:38+00:00\",\"dateModified\":\"2021-05-22T18:12:39+00:00\",\"mainEntityOfPage\":{\"@id\":\"https:\/\/www.sonoraenequipo.com.mx\/cuauhtemoc-cardenas-el-de-amlo-no-es-un-gobierno-de-izquierda\/\"},\"wordCount\":441,\"commentCount\":0,\"publisher\":{\"@id\":\"https:\/\/www.sonoraenequipo.com.mx\/#organization\"},\"image\":{\"@id\":\"https:\/\/www.sonoraenequipo.com.mx\/cuauhtemoc-cardenas-el-de-amlo-no-es-un-gobierno-de-izquierda\/#primaryimage\"},\"thumbnailUrl\":\"https:\/\/www.sonoraenequipo.com.mx\/storage\/2021\/05\/cuahutemoc-cardenas_opt.jpg\",\"articleSection\":[\"Rep\u00fablica\"],\"inLanguage\":\"es\",\"potentialAction\":[{\"@type\":\"CommentAction\",\"name\":\"Comment\",\"target\":[\"https:\/\/www.sonoraenequipo.com.mx\/cuauhtemoc-cardenas-el-de-amlo-no-es-un-gobierno-de-izquierda\/#respond\"]}]},{\"@type\":\"WebPage\",\"@id\":\"https:\/\/www.sonoraenequipo.com.mx\/cuauhtemoc-cardenas-el-de-amlo-no-es-un-gobierno-de-izquierda\/\",\"url\":\"https:\/\/www.sonoraenequipo.com.mx\/cuauhtemoc-cardenas-el-de-amlo-no-es-un-gobierno-de-izquierda\/\",\"name\":\"Sonora en Equipo. Cuauht\u00e9moc C\u00e1rdenas: \\\"El de AMLO no es un gobierno de izquierda\\\" Rep\u00fablica\",\"isPartOf\":{\"@id\":\"https:\/\/www.sonoraenequipo.com.mx\/#website\"},\"primaryImageOfPage\":{\"@id\":\"https:\/\/www.sonoraenequipo.com.mx\/cuauhtemoc-cardenas-el-de-amlo-no-es-un-gobierno-de-izquierda\/#primaryimage\"},\"image\":{\"@id\":\"https:\/\/www.sonoraenequipo.com.mx\/cuauhtemoc-cardenas-el-de-amlo-no-es-un-gobierno-de-izquierda\/#primaryimage\"},\"thumbnailUrl\":\"https:\/\/www.sonoraenequipo.com.mx\/storage\/2021\/05\/cuahutemoc-cardenas_opt.jpg\",\"datePublished\":\"2021-05-22T06:50:38+00:00\",\"dateModified\":\"2021-05-22T18:12:39+00:00\",\"description\":\"CIUDAD DE M\u00c9XICO. MX. \u2014 El ex candidato presidencial, Cuauht\u00e9moc C\u00e1rdenas, propuso un viraje en las pol\u00edticas del gobierno del presidente Andr\u00e9s Manuel En Sonora en Equipo publicamos toda la informaci\u00f3n de Sonora, M\u00e9xico y el Mundo de manera oportuna y busca que la libertad de expresi\u00f3n sea real. Visita nuestro medio informativo publicado desde Hermosillo, Sonora. %\",\"breadcrumb\":{\"@id\":\"https:\/\/www.sonoraenequipo.com.mx\/cuauhtemoc-cardenas-el-de-amlo-no-es-un-gobierno-de-izquierda\/#breadcrumb\"},\"inLanguage\":\"es\",\"potentialAction\":[{\"@type\":\"ReadAction\",\"target\":[\"https:\/\/www.sonoraenequipo.com.mx\/cuauhtemoc-cardenas-el-de-amlo-no-es-un-gobierno-de-izquierda\/\"]}]},{\"@type\":\"ImageObject\",\"inLanguage\":\"es\",\"@id\":\"https:\/\/www.sonoraenequipo.com.mx\/cuauhtemoc-cardenas-el-de-amlo-no-es-un-gobierno-de-izquierda\/#primaryimage\",\"url\":\"https:\/\/www.sonoraenequipo.com.mx\/storage\/2021\/05\/cuahutemoc-cardenas_opt.jpg\",\"contentUrl\":\"https:\/\/www.sonoraenequipo.com.mx\/storage\/2021\/05\/cuahutemoc-cardenas_opt.jpg\",\"width\":700,\"height\":400},{\"@type\":\"BreadcrumbList\",\"@id\":\"https:\/\/www.sonoraenequipo.com.mx\/cuauhtemoc-cardenas-el-de-amlo-no-es-un-gobierno-de-izquierda\/#breadcrumb\",\"itemListElement\":[{\"@type\":\"ListItem\",\"position\":1,\"name\":\"Portada\",\"item\":\"https:\/\/www.sonoraenequipo.com.mx\/\"},{\"@type\":\"ListItem\",\"position\":2,\"name\":\"Cuauht\u00e9moc C\u00e1rdenas: \u00abEl de AMLO no es un gobierno de izquierda\u00bb\"}]},{\"@type\":\"WebSite\",\"@id\":\"https:\/\/www.sonoraenequipo.com.mx\/#website\",\"url\":\"https:\/\/www.sonoraenequipo.com.mx\/\",\"name\":\"Sonora en Equipo.\",\"description\":\"Diario en l\u00ednea con Noticias desde Hermosillo, Sonora\",\"publisher\":{\"@id\":\"https:\/\/www.sonoraenequipo.com.mx\/#organization\"},\"potentialAction\":[{\"@type\":\"SearchAction\",\"target\":{\"@type\":\"EntryPoint\",\"urlTemplate\":\"https:\/\/www.sonoraenequipo.com.mx\/?s={search_term_string}\"},\"query-input\":{\"@type\":\"PropertyValueSpecification\",\"valueRequired\":true,\"valueName\":\"search_term_string\"}}],\"inLanguage\":\"es\"},{\"@type\":\"Organization\",\"@id\":\"https:\/\/www.sonoraenequipo.com.mx\/#organization\",\"name\":\"Sonoraenequipo.com.mx\",\"url\":\"https:\/\/www.sonoraenequipo.com.mx\/\",\"logo\":{\"@type\":\"ImageObject\",\"inLanguage\":\"es\",\"@id\":\"https:\/\/www.sonoraenequipo.com.mx\/#\/schema\/logo\/image\/\",\"url\":\"https:\/\/www.sonoraenequipo.com.mx\/storage\/2019\/01\/sonoraenequipo_opt.png\",\"contentUrl\":\"https:\/\/www.sonoraenequipo.com.mx\/storage\/2019\/01\/sonoraenequipo_opt.png\",\"width\":375,\"height\":125,\"caption\":\"Sonoraenequipo.com.mx\"},\"image\":{\"@id\":\"https:\/\/www.sonoraenequipo.com.mx\/#\/schema\/logo\/image\/\"},\"sameAs\":[\"https:\/\/www.facebook.com\/SonoraEE\/\",\"https:\/\/x.com\/sonoraenequipo\",\"https:\/\/www.youtube.com\/channel\/UC338nW-lPEYmJQs4ZABQ1SQ\"]},{\"@type\":\"Person\",\"@id\":\"https:\/\/www.sonoraenequipo.com.mx\/#\/schema\/person\/50102df0fb23a8fa9e8effad8fa81386\",\"name\":\"enequipo\",\"image\":{\"@type\":\"ImageObject\",\"inLanguage\":\"es\",\"@id\":\"https:\/\/www.sonoraenequipo.com.mx\/#\/schema\/person\/image\/\",\"url\":\"https:\/\/secure.gravatar.com\/avatar\/049821681b589dabc0bc20695993ccebb09f5b5d4d790cd9251b97faac7c652b?s=96&d=blank&r=g\",\"contentUrl\":\"https:\/\/secure.gravatar.com\/avatar\/049821681b589dabc0bc20695993ccebb09f5b5d4d790cd9251b97faac7c652b?s=96&d=blank&r=g\",\"caption\":\"enequipo\"},\"sameAs\":[\"https:\/\/www.facebook.com\/SonoraEE\"]}]}<\/script>\n ","yoast_head_json":{"title":"Sonora en Equipo. Cuauht\u00e9moc C\u00e1rdenas: \"El de AMLO no es un gobierno de izquierda\" Rep\u00fablica","description":"CIUDAD DE M\u00c9XICO. MX. \u2014 El ex candidato presidencial, Cuauht\u00e9moc C\u00e1rdenas, propuso un viraje en las pol\u00edticas del gobierno del presidente Andr\u00e9s Manuel En Sonora en Equipo publicamos toda la informaci\u00f3n de Sonora, M\u00e9xico y el Mundo de manera oportuna y busca que la libertad de expresi\u00f3n sea real. Visita nuestro medio informativo publicado desde Hermosillo, Sonora. %","robots":{"index":"index","follow":"follow","max-snippet":"max-snippet:-1","max-image-preview":"max-image-preview:large","max-video-preview":"max-video-preview:-1"},"canonical":"https:\/\/www.sonoraenequipo.com.mx\/cuauhtemoc-cardenas-el-de-amlo-no-es-un-gobierno-de-izquierda\/","og_locale":"es_ES","og_type":"article","og_title":"Sonora en Equipo. Cuauht\u00e9moc C\u00e1rdenas: \"El de AMLO no es un gobierno de izquierda\" Rep\u00fablica","og_description":"CIUDAD DE M\u00c9XICO. MX. \u2014 El ex candidato presidencial, Cuauht\u00e9moc C\u00e1rdenas, propuso un viraje en las pol\u00edticas del gobierno del presidente Andr\u00e9s Manuel En Sonora en Equipo publicamos toda la informaci\u00f3n de Sonora, M\u00e9xico y el Mundo de manera oportuna y busca que la libertad de expresi\u00f3n sea real. Visita nuestro medio informativo publicado desde Hermosillo, Sonora. %","og_url":"https:\/\/www.sonoraenequipo.com.mx\/cuauhtemoc-cardenas-el-de-amlo-no-es-un-gobierno-de-izquierda\/","og_site_name":"Sonora en Equipo.","article_publisher":"https:\/\/www.facebook.com\/SonoraEE\/","article_author":"https:\/\/www.facebook.com\/SonoraEE","article_published_time":"2021-05-22T06:50:38+00:00","article_modified_time":"2021-05-22T18:12:39+00:00","og_image":[{"width":700,"height":400,"url":"https:\/\/www.sonoraenequipo.com.mx\/storage\/2021\/05\/cuahutemoc-cardenas_opt.jpg","type":"image\/jpeg"}],"author":"enequipo","twitter_card":"summary_large_image","twitter_creator":"@sonoraenequipo","twitter_site":"@sonoraenequipo","twitter_misc":{"Escrito por":"enequipo","Tiempo de lectura":"2 minutos"},"schema":{"@context":"https:\/\/schema.org","@graph":[{"@type":"Article","@id":"https:\/\/www.sonoraenequipo.com.mx\/cuauhtemoc-cardenas-el-de-amlo-no-es-un-gobierno-de-izquierda\/#article","isPartOf":{"@id":"https:\/\/www.sonoraenequipo.com.mx\/cuauhtemoc-cardenas-el-de-amlo-no-es-un-gobierno-de-izquierda\/"},"author":{"name":"enequipo","@id":"https:\/\/www.sonoraenequipo.com.mx\/#\/schema\/person\/50102df0fb23a8fa9e8effad8fa81386"},"headline":"Cuauht\u00e9moc C\u00e1rdenas: \u00abEl de AMLO no es un gobierno de izquierda\u00bb","datePublished":"2021-05-22T06:50:38+00:00","dateModified":"2021-05-22T18:12:39+00:00","mainEntityOfPage":{"@id":"https:\/\/www.sonoraenequipo.com.mx\/cuauhtemoc-cardenas-el-de-amlo-no-es-un-gobierno-de-izquierda\/"},"wordCount":441,"commentCount":0,"publisher":{"@id":"https:\/\/www.sonoraenequipo.com.mx\/#organization"},"image":{"@id":"https:\/\/www.sonoraenequipo.com.mx\/cuauhtemoc-cardenas-el-de-amlo-no-es-un-gobierno-de-izquierda\/#primaryimage"},"thumbnailUrl":"https:\/\/www.sonoraenequipo.com.mx\/storage\/2021\/05\/cuahutemoc-cardenas_opt.jpg","articleSection":["Rep\u00fablica"],"inLanguage":"es","potentialAction":[{"@type":"CommentAction","name":"Comment","target":["https:\/\/www.sonoraenequipo.com.mx\/cuauhtemoc-cardenas-el-de-amlo-no-es-un-gobierno-de-izquierda\/#respond"]}]},{"@type":"WebPage","@id":"https:\/\/www.sonoraenequipo.com.mx\/cuauhtemoc-cardenas-el-de-amlo-no-es-un-gobierno-de-izquierda\/","url":"https:\/\/www.sonoraenequipo.com.mx\/cuauhtemoc-cardenas-el-de-amlo-no-es-un-gobierno-de-izquierda\/","name":"Sonora en Equipo. Cuauht\u00e9moc C\u00e1rdenas: \"El de AMLO no es un gobierno de izquierda\" Rep\u00fablica","isPartOf":{"@id":"https:\/\/www.sonoraenequipo.com.mx\/#website"},"primaryImageOfPage":{"@id":"https:\/\/www.sonoraenequipo.com.mx\/cuauhtemoc-cardenas-el-de-amlo-no-es-un-gobierno-de-izquierda\/#primaryimage"},"image":{"@id":"https:\/\/www.sonoraenequipo.com.mx\/cuauhtemoc-cardenas-el-de-amlo-no-es-un-gobierno-de-izquierda\/#primaryimage"},"thumbnailUrl":"https:\/\/www.sonoraenequipo.com.mx\/storage\/2021\/05\/cuahutemoc-cardenas_opt.jpg","datePublished":"2021-05-22T06:50:38+00:00","dateModified":"2021-05-22T18:12:39+00:00","description":"CIUDAD DE M\u00c9XICO. MX. \u2014 El ex candidato presidencial, Cuauht\u00e9moc C\u00e1rdenas, propuso un viraje en las pol\u00edticas del gobierno del presidente Andr\u00e9s Manuel En Sonora en Equipo publicamos toda la informaci\u00f3n de Sonora, M\u00e9xico y el Mundo de manera oportuna y busca que la libertad de expresi\u00f3n sea real. Visita nuestro medio informativo publicado desde Hermosillo, Sonora. %","breadcrumb":{"@id":"https:\/\/www.sonoraenequipo.com.mx\/cuauhtemoc-cardenas-el-de-amlo-no-es-un-gobierno-de-izquierda\/#breadcrumb"},"inLanguage":"es","potentialAction":[{"@type":"ReadAction","target":["https:\/\/www.sonoraenequipo.com.mx\/cuauhtemoc-cardenas-el-de-amlo-no-es-un-gobierno-de-izquierda\/"]}]},{"@type":"ImageObject","inLanguage":"es","@id":"https:\/\/www.sonoraenequipo.com.mx\/cuauhtemoc-cardenas-el-de-amlo-no-es-un-gobierno-de-izquierda\/#primaryimage","url":"https:\/\/www.sonoraenequipo.com.mx\/storage\/2021\/05\/cuahutemoc-cardenas_opt.jpg","contentUrl":"https:\/\/www.sonoraenequipo.com.mx\/storage\/2021\/05\/cuahutemoc-cardenas_opt.jpg","width":700,"height":400},{"@type":"BreadcrumbList","@id":"https:\/\/www.sonoraenequipo.com.mx\/cuauhtemoc-cardenas-el-de-amlo-no-es-un-gobierno-de-izquierda\/#breadcrumb","itemListElement":[{"@type":"ListItem","position":1,"name":"Portada","item":"https:\/\/www.sonoraenequipo.com.mx\/"},{"@type":"ListItem","position":2,"name":"Cuauht\u00e9moc C\u00e1rdenas: \u00abEl de AMLO no es un gobierno de izquierda\u00bb"}]},{"@type":"WebSite","@id":"https:\/\/www.sonoraenequipo.com.mx\/#website","url":"https:\/\/www.sonoraenequipo.com.mx\/","name":"Sonora en Equipo.","description":"Diario en l\u00ednea con Noticias desde Hermosillo, Sonora","publisher":{"@id":"https:\/\/www.sonoraenequipo.com.mx\/#organization"},"potentialAction":[{"@type":"SearchAction","target":{"@type":"EntryPoint","urlTemplate":"https:\/\/www.sonoraenequipo.com.mx\/?s={search_term_string}"},"query-input":{"@type":"PropertyValueSpecification","valueRequired":true,"valueName":"search_term_string"}}],"inLanguage":"es"},{"@type":"Organization","@id":"https:\/\/www.sonoraenequipo.com.mx\/#organization","name":"Sonoraenequipo.com.mx","url":"https:\/\/www.sonoraenequipo.com.mx\/","logo":{"@type":"ImageObject","inLanguage":"es","@id":"https:\/\/www.sonoraenequipo.com.mx\/#\/schema\/logo\/image\/","url":"https:\/\/www.sonoraenequipo.com.mx\/storage\/2019\/01\/sonoraenequipo_opt.png","contentUrl":"https:\/\/www.sonoraenequipo.com.mx\/storage\/2019\/01\/sonoraenequipo_opt.png","width":375,"height":125,"caption":"Sonoraenequipo.com.mx"},"image":{"@id":"https:\/\/www.sonoraenequipo.com.mx\/#\/schema\/logo\/image\/"},"sameAs":["https:\/\/www.facebook.com\/SonoraEE\/","https:\/\/x.com\/sonoraenequipo","https:\/\/www.youtube.com\/channel\/UC338nW-lPEYmJQs4ZABQ1SQ"]},{"@type":"Person","@id":"https:\/\/www.sonoraenequipo.com.mx\/#\/schema\/person\/50102df0fb23a8fa9e8effad8fa81386","name":"enequipo","image":{"@type":"ImageObject","inLanguage":"es","@id":"https:\/\/www.sonoraenequipo.com.mx\/#\/schema\/person\/image\/","url":"https:\/\/secure.gravatar.com\/avatar\/049821681b589dabc0bc20695993ccebb09f5b5d4d790cd9251b97faac7c652b?s=96&d=blank&r=g","contentUrl":"https:\/\/secure.gravatar.com\/avatar\/049821681b589dabc0bc20695993ccebb09f5b5d4d790cd9251b97faac7c652b?s=96&d=blank&r=g","caption":"enequipo"},"sameAs":["https:\/\/www.facebook.com\/SonoraEE"]}]}},"jetpack_featured_media_url":"https:\/\/www.sonoraenequipo.com.mx\/storage\/2021\/05\/cuahutemoc-cardenas_opt.jpg","_links":{"self":[{"href":"https:\/\/www.sonoraenequipo.com.mx\/api\/wp\/v2\/posts\/114546","targetHints":{"allow":["GET"]}}],"collection":[{"href":"https:\/\/www.sonoraenequipo.com.mx\/api\/wp\/v2\/posts"}],"about":[{"href":"https:\/\/www.sonoraenequipo.com.mx\/api\/wp\/v2\/types\/post"}],"author":[{"embeddable":true,"href":"https:\/\/www.sonoraenequipo.com.mx\/api\/wp\/v2\/users\/1"}],"replies":[{"embeddable":true,"href":"https:\/\/www.sonoraenequipo.com.mx\/api\/wp\/v2\/comments?post=114546"}],"version-history":[{"count":1,"href":"https:\/\/www.sonoraenequipo.com.mx\/api\/wp\/v2\/posts\/114546\/revisions"}],"predecessor-version":[{"id":114548,"href":"https:\/\/www.sonoraenequipo.com.mx\/api\/wp\/v2\/posts\/114546\/revisions\/114548"}],"wp:featuredmedia":[{"embeddable":true,"href":"https:\/\/www.sonoraenequipo.com.mx\/api\/wp\/v2\/media\/114547"}],"wp:attachment":[{"href":"https:\/\/www.sonoraenequipo.com.mx\/api\/wp\/v2\/media?parent=114546"}],"wp:term":[{"taxonomy":"category","embeddable":true,"href":"https:\/\/www.sonoraenequipo.com.mx\/api\/wp\/v2\/categories?post=114546"},{"taxonomy":"post_tag","embeddable":true,"href":"https:\/\/www.sonoraenequipo.com.mx\/api\/wp\/v2\/tags?post=114546"}],"curies":[{"name":"wp","href":"https:\/\/api.w.org\/{rel}","templated":true}]}}