{"id":114551,"date":"2021-05-22T11:22:27","date_gmt":"2021-05-22T18:22:27","guid":{"rendered":"https:\/\/www.sonoraenequipo.com.mx\/?p=114551"},"modified":"2021-05-22T14:38:19","modified_gmt":"2021-05-22T21:38:19","slug":"venezuela-epicentro-de-malaria-en-latam","status":"publish","type":"post","link":"https:\/\/www.sonoraenequipo.com.mx\/venezuela-epicentro-de-malaria-en-latam\/","title":{"rendered":"Venezuela epicentro de malaria en Latam"},"content":{"rendered":"<p>CARACAS,VENEZUELA.\u2500 A comienzos de los a\u00f1os 60, la Organizaci\u00f3n Mundial de la Salud certific\u00f3 a Venezuela como el primer pa\u00eds del mundo en eliminar la malaria en un territorio mayor a 400.000 kil\u00f3metros. Sin embargo hoy, en pleno siglo XXI, las estad\u00edsticas dan cuenta de un mal sin control.<\/p>\n<p>&nbsp;<\/p>\n<p>De 2000 a 2020, los casos de malaria pasaron de 29.000 a 430.000, lo que representa un incremento de 1.400 %. La mitad de los contagios en Am\u00e9rica corresponden al pa\u00eds petrolero. La pandemia complic\u00f3 la situaci\u00f3n.<\/p>\n<p>&nbsp;<\/p>\n<p>\u00abVenezuela tiene el mayor n\u00famero de casos mortales del continente. Pasamos de tener 3 % de los casos mortales de la regi\u00f3n a 73 por ciento\u00bb, advierte el exministro de salud Jos\u00e9 F\u00e9lix Oletta, quien tambi\u00e9n alerta que se han encontrado afectaciones graves en el h\u00edgado y en el cerebro de algunos pacientes.<\/p>\n<p>&nbsp;<\/p>\n<p>Aunque en el \u00faltimo a\u00f1o hubo un descenso en el n\u00famero de enfermos, atribuido a las medidas de cuarentena y a las precarias capacidades de diagn\u00f3stico, la preocupaci\u00f3n entre especialistas no se detiene.<\/p>\n<p>&nbsp;<\/p>\n<p>\u00abHay personas que han sufrido paludismo hasta 14 veces\u00bb, destaca el m\u00e9dico sanitarista y traumat\u00f3logo, Oswaldo Cabrera.<\/p>\n<p>&nbsp;<\/p>\n<p>El ministerio de salud de Venezuela, con el apoyo de M\u00e9dicos Sin Fronteras y la Organizaci\u00f3n Panamericana de la Salud,\u00a0 han puesto en marcha el Programa Nacional de Malaria dedicado a la fumigaci\u00f3n del mosquito trasmisor y a la distribuci\u00f3n de f\u00e1rmacos para los afectados. Sin embargo, los equipos que intentan llegar a las regiones con mayor contagio corren riesgos.<\/p>\n<p>&nbsp;<\/p>\n<p>\u00abSe ha documentado que en esas zonas el acceso es restringido, porque son\u00a0 controladas por irregulares y el acceso se hace dif\u00edcil. No se puede hacer actividad,\u00a0 porque est\u00e1n esas personas\u00bb, detalla Cabrera.<\/p>\n<p>&nbsp;<\/p>\n<p>La incidencia de malaria no solo se centra en las zonas mineras de Bol\u00edvar, al sur de la naci\u00f3n. Se ha extendido en al menos 18 estados de Venezuela. \u00abDespu\u00e9s que se activa un foco de malaria se requieren entre 3 y 5 a\u00f1os para que usted pueda lograr un control adecuado de ese foco\u00bb, recalca Oletta.<\/p>\n<p>&nbsp;<\/p>\n<p>De acuerdo con el exministro, en la \u00faltima d\u00e9cada se duplicaron los casos de embarazadas y ni\u00f1os menores de 10 a\u00f1os con la enfermedad.<\/p>\n<p>&nbsp;<\/p>\n<p>\u00abUn problema de esta magnitud ha sido subestimado. Es un problema de Estado.\u00a0 La malaria interfiere con la vida de los pa\u00edses. Hay que tomarlo en cuenta que es uno de los factores de mayor mortalidad y morbilidad en cualquier poblaci\u00f3n\u00bb, lamenta, al tiempo que avizora que la enfermedad podr\u00eda alcanzar a pa\u00edses vecinos si no se frena a tiempo.<\/p>\n<p>&nbsp;<\/p>\n<p>Venezuela es, despu\u00e9s de la Guayana Francesa, el segundo pa\u00eds\u00a0 de Am\u00e9rica que menos invirti\u00f3 en la lucha contra la malaria en 2020, seg\u00fan la OMS.\u00a0 Mientras M\u00e9xico destina 15 d\u00f3lares por cada persona en zonas de riesgo de ser blanco del par\u00e1sito, Venezuela apenas dedica\u00a0 20 centavos de d\u00f3lar.<\/p>\n<p>&nbsp;<\/p>\n<p>La conmemoraci\u00f3n en abril pasado por el D\u00eda Mundial de la Malaria celebr\u00f3 los avances logrados en la eliminaci\u00f3n de la enfermedad, conocida tambi\u00e9n como paludismo. No obstante, la Organizaci\u00f3n Mundial de la Salud hizo un llamado a la acci\u00f3n para aprovechar estos logros y continuar el trabajo para crear un mundo libre de malaria.<\/p>\n<p>Fecha de Publicaci\u00f3n\u00a0 s\u00e1bado\u00a0 \/ 22\u00a0 \/ mayo \/ 2021\/\u00a0 VOA<\/p>\n<p>&nbsp;<\/p>\n<p>Informaci\u00f3n adicional:<\/p>\n<p>La malaria, tambi\u00e9n conocida como paludismo, es causada por un par\u00e1sito denominado &#8216;Plasmodium&#8217; que se transmite a trav\u00e9s de la picadura de mosquitos infectados. La mayor parte de los casos y defunciones por paludismo se concentra en \u00c1frica.\u00a0\u00a0\u00a0 Entre los s\u00edntomas del paludismo destacan la fiebre, las cefaleas y los v\u00f3mitos, que generalmente aparecen 10 a 15 d\u00edas despu\u00e9s de la picadura del mosquito. Si no se trata r\u00e1pidamente, el paludismo puede poner en peligro la vida del paciente e\u00a0 incso causar la muerte.<\/p>\n","protected":false},"excerpt":{"rendered":"<p>CARACAS,VENEZUELA.\u2500 A comienzos de los a\u00f1os 60, la Organizaci\u00f3n Mundial de la Salud certific\u00f3 a&#8230;<\/p>\n","protected":false},"author":1,"featured_media":114552,"comment_status":"open","ping_status":"open","sticky":false,"template":"","format":"standard","meta":{"_monsterinsights_skip_tracking":false,"_monsterinsights_sitenote_active":false,"_monsterinsights_sitenote_note":"","_monsterinsights_sitenote_category":0,"footnotes":""},"categories":[3],"tags":[],"class_list":["post"],"yoast_head":" \n<title>Sonora en Equipo. Venezuela epicentro de malaria en Latam MUNDO<\/title>\n<meta name=\"description\" content=\"CARACAS,VENEZUELA.\u2500 A comienzos de los a\u00f1os 60, la Organizaci\u00f3n Mundial de la Salud certific\u00f3 a Venezuela como el primer pa\u00eds del mundo en eliminar la En Sonora en Equipo publicamos toda la informaci\u00f3n de Sonora, M\u00e9xico y el Mundo de manera oportuna y busca que la libertad de expresi\u00f3n sea real. Visita nuestro medio informativo publicado desde Hermosillo, Sonora. %\" \/>\n<meta name=\"robots\" content=\"index, follow, max-snippet:-1, max-image-preview:large, max-video-preview:-1\" \/>\n<link rel=\"canonical\" href=\"https:\/\/www.sonoraenequipo.com.mx\/venezuela-epicentro-de-malaria-en-latam\/\" \/>\n<meta property=\"og:locale\" content=\"es_ES\" \/>\n<meta property=\"og:type\" content=\"article\" \/>\n<meta property=\"og:title\" content=\"Sonora en Equipo. Venezuela epicentro de malaria en Latam MUNDO\" \/>\n<meta property=\"og:description\" content=\"CARACAS,VENEZUELA.\u2500 A comienzos de los a\u00f1os 60, la Organizaci\u00f3n Mundial de la Salud certific\u00f3 a Venezuela como el primer pa\u00eds del mundo en eliminar la En Sonora en Equipo publicamos toda la informaci\u00f3n de Sonora, M\u00e9xico y el Mundo de manera oportuna y busca que la libertad de expresi\u00f3n sea real. Visita nuestro medio informativo publicado desde Hermosillo, Sonora. %\" \/>\n<meta property=\"og:url\" content=\"https:\/\/www.sonoraenequipo.com.mx\/venezuela-epicentro-de-malaria-en-latam\/\" \/>\n<meta property=\"og:site_name\" content=\"Sonora en Equipo.\" \/>\n<meta property=\"article:publisher\" content=\"https:\/\/www.facebook.com\/SonoraEE\/\" \/>\n<meta property=\"article:author\" content=\"https:\/\/www.facebook.com\/SonoraEE\" \/>\n<meta property=\"article:published_time\" content=\"2021-05-22T18:22:27+00:00\" \/>\n<meta property=\"article:modified_time\" content=\"2021-05-22T21:38:19+00:00\" \/>\n<meta property=\"og:image\" content=\"https:\/\/www.sonoraenequipo.com.mx\/storage\/2021\/05\/MALARIA.jpg\" \/>\n\t<meta property=\"og:image:width\" content=\"500\" \/>\n\t<meta property=\"og:image:height\" content=\"300\" \/>\n\t<meta property=\"og:image:type\" content=\"image\/jpeg\" \/>\n<meta name=\"author\" content=\"enequipo\" \/>\n<meta name=\"twitter:card\" content=\"summary_large_image\" \/>\n<meta name=\"twitter:creator\" content=\"@sonoraenequipo\" \/>\n<meta name=\"twitter:site\" content=\"@sonoraenequipo\" \/>\n<meta name=\"twitter:label1\" content=\"Escrito por\" \/>\n\t<meta name=\"twitter:data1\" content=\"enequipo\" \/>\n\t<meta name=\"twitter:label2\" content=\"Tiempo de lectura\" \/>\n\t<meta name=\"twitter:data2\" content=\"3 minutos\" \/>\n<script type=\"application\/ld+json\" class=\"yoast-schema-graph\">{\"@context\":\"https:\/\/schema.org\",\"@graph\":[{\"@type\":\"Article\",\"@id\":\"https:\/\/www.sonoraenequipo.com.mx\/venezuela-epicentro-de-malaria-en-latam\/#article\",\"isPartOf\":{\"@id\":\"https:\/\/www.sonoraenequipo.com.mx\/venezuela-epicentro-de-malaria-en-latam\/\"},\"author\":{\"name\":\"enequipo\",\"@id\":\"https:\/\/www.sonoraenequipo.com.mx\/#\/schema\/person\/50102df0fb23a8fa9e8effad8fa81386\"},\"headline\":\"Venezuela epicentro de malaria en Latam\",\"datePublished\":\"2021-05-22T18:22:27+00:00\",\"dateModified\":\"2021-05-22T21:38:19+00:00\",\"mainEntityOfPage\":{\"@id\":\"https:\/\/www.sonoraenequipo.com.mx\/venezuela-epicentro-de-malaria-en-latam\/\"},\"wordCount\":680,\"commentCount\":0,\"publisher\":{\"@id\":\"https:\/\/www.sonoraenequipo.com.mx\/#organization\"},\"image\":{\"@id\":\"https:\/\/www.sonoraenequipo.com.mx\/venezuela-epicentro-de-malaria-en-latam\/#primaryimage\"},\"thumbnailUrl\":\"https:\/\/www.sonoraenequipo.com.mx\/storage\/2021\/05\/MALARIA.jpg\",\"articleSection\":[\"MUNDO\"],\"inLanguage\":\"es\",\"potentialAction\":[{\"@type\":\"CommentAction\",\"name\":\"Comment\",\"target\":[\"https:\/\/www.sonoraenequipo.com.mx\/venezuela-epicentro-de-malaria-en-latam\/#respond\"]}]},{\"@type\":\"WebPage\",\"@id\":\"https:\/\/www.sonoraenequipo.com.mx\/venezuela-epicentro-de-malaria-en-latam\/\",\"url\":\"https:\/\/www.sonoraenequipo.com.mx\/venezuela-epicentro-de-malaria-en-latam\/\",\"name\":\"Sonora en Equipo. Venezuela epicentro de malaria en Latam MUNDO\",\"isPartOf\":{\"@id\":\"https:\/\/www.sonoraenequipo.com.mx\/#website\"},\"primaryImageOfPage\":{\"@id\":\"https:\/\/www.sonoraenequipo.com.mx\/venezuela-epicentro-de-malaria-en-latam\/#primaryimage\"},\"image\":{\"@id\":\"https:\/\/www.sonoraenequipo.com.mx\/venezuela-epicentro-de-malaria-en-latam\/#primaryimage\"},\"thumbnailUrl\":\"https:\/\/www.sonoraenequipo.com.mx\/storage\/2021\/05\/MALARIA.jpg\",\"datePublished\":\"2021-05-22T18:22:27+00:00\",\"dateModified\":\"2021-05-22T21:38:19+00:00\",\"description\":\"CARACAS,VENEZUELA.\u2500 A comienzos de los a\u00f1os 60, la Organizaci\u00f3n Mundial de la Salud certific\u00f3 a Venezuela como el primer pa\u00eds del mundo en eliminar la En Sonora en Equipo publicamos toda la informaci\u00f3n de Sonora, M\u00e9xico y el Mundo de manera oportuna y busca que la libertad de expresi\u00f3n sea real. Visita nuestro medio informativo publicado desde Hermosillo, Sonora. %\",\"breadcrumb\":{\"@id\":\"https:\/\/www.sonoraenequipo.com.mx\/venezuela-epicentro-de-malaria-en-latam\/#breadcrumb\"},\"inLanguage\":\"es\",\"potentialAction\":[{\"@type\":\"ReadAction\",\"target\":[\"https:\/\/www.sonoraenequipo.com.mx\/venezuela-epicentro-de-malaria-en-latam\/\"]}]},{\"@type\":\"ImageObject\",\"inLanguage\":\"es\",\"@id\":\"https:\/\/www.sonoraenequipo.com.mx\/venezuela-epicentro-de-malaria-en-latam\/#primaryimage\",\"url\":\"https:\/\/www.sonoraenequipo.com.mx\/storage\/2021\/05\/MALARIA.jpg\",\"contentUrl\":\"https:\/\/www.sonoraenequipo.com.mx\/storage\/2021\/05\/MALARIA.jpg\",\"width\":500,\"height\":300},{\"@type\":\"BreadcrumbList\",\"@id\":\"https:\/\/www.sonoraenequipo.com.mx\/venezuela-epicentro-de-malaria-en-latam\/#breadcrumb\",\"itemListElement\":[{\"@type\":\"ListItem\",\"position\":1,\"name\":\"Portada\",\"item\":\"https:\/\/www.sonoraenequipo.com.mx\/\"},{\"@type\":\"ListItem\",\"position\":2,\"name\":\"Venezuela epicentro de malaria en Latam\"}]},{\"@type\":\"WebSite\",\"@id\":\"https:\/\/www.sonoraenequipo.com.mx\/#website\",\"url\":\"https:\/\/www.sonoraenequipo.com.mx\/\",\"name\":\"Sonora en Equipo.\",\"description\":\"Diario en l\u00ednea con Noticias desde Hermosillo, Sonora\",\"publisher\":{\"@id\":\"https:\/\/www.sonoraenequipo.com.mx\/#organization\"},\"potentialAction\":[{\"@type\":\"SearchAction\",\"target\":{\"@type\":\"EntryPoint\",\"urlTemplate\":\"https:\/\/www.sonoraenequipo.com.mx\/?s={search_term_string}\"},\"query-input\":{\"@type\":\"PropertyValueSpecification\",\"valueRequired\":true,\"valueName\":\"search_term_string\"}}],\"inLanguage\":\"es\"},{\"@type\":\"Organization\",\"@id\":\"https:\/\/www.sonoraenequipo.com.mx\/#organization\",\"name\":\"Sonoraenequipo.com.mx\",\"url\":\"https:\/\/www.sonoraenequipo.com.mx\/\",\"logo\":{\"@type\":\"ImageObject\",\"inLanguage\":\"es\",\"@id\":\"https:\/\/www.sonoraenequipo.com.mx\/#\/schema\/logo\/image\/\",\"url\":\"https:\/\/www.sonoraenequipo.com.mx\/storage\/2019\/01\/sonoraenequipo_opt.png\",\"contentUrl\":\"https:\/\/www.sonoraenequipo.com.mx\/storage\/2019\/01\/sonoraenequipo_opt.png\",\"width\":375,\"height\":125,\"caption\":\"Sonoraenequipo.com.mx\"},\"image\":{\"@id\":\"https:\/\/www.sonoraenequipo.com.mx\/#\/schema\/logo\/image\/\"},\"sameAs\":[\"https:\/\/www.facebook.com\/SonoraEE\/\",\"https:\/\/x.com\/sonoraenequipo\",\"https:\/\/www.youtube.com\/channel\/UC338nW-lPEYmJQs4ZABQ1SQ\"]},{\"@type\":\"Person\",\"@id\":\"https:\/\/www.sonoraenequipo.com.mx\/#\/schema\/person\/50102df0fb23a8fa9e8effad8fa81386\",\"name\":\"enequipo\",\"image\":{\"@type\":\"ImageObject\",\"inLanguage\":\"es\",\"@id\":\"https:\/\/www.sonoraenequipo.com.mx\/#\/schema\/person\/image\/\",\"url\":\"https:\/\/secure.gravatar.com\/avatar\/049821681b589dabc0bc20695993ccebb09f5b5d4d790cd9251b97faac7c652b?s=96&d=blank&r=g\",\"contentUrl\":\"https:\/\/secure.gravatar.com\/avatar\/049821681b589dabc0bc20695993ccebb09f5b5d4d790cd9251b97faac7c652b?s=96&d=blank&r=g\",\"caption\":\"enequipo\"},\"sameAs\":[\"https:\/\/www.facebook.com\/SonoraEE\"]}]}<\/script>\n ","yoast_head_json":{"title":"Sonora en Equipo. Venezuela epicentro de malaria en Latam MUNDO","description":"CARACAS,VENEZUELA.\u2500 A comienzos de los a\u00f1os 60, la Organizaci\u00f3n Mundial de la Salud certific\u00f3 a Venezuela como el primer pa\u00eds del mundo en eliminar la En Sonora en Equipo publicamos toda la informaci\u00f3n de Sonora, M\u00e9xico y el Mundo de manera oportuna y busca que la libertad de expresi\u00f3n sea real. Visita nuestro medio informativo publicado desde Hermosillo, Sonora. %","robots":{"index":"index","follow":"follow","max-snippet":"max-snippet:-1","max-image-preview":"max-image-preview:large","max-video-preview":"max-video-preview:-1"},"canonical":"https:\/\/www.sonoraenequipo.com.mx\/venezuela-epicentro-de-malaria-en-latam\/","og_locale":"es_ES","og_type":"article","og_title":"Sonora en Equipo. Venezuela epicentro de malaria en Latam MUNDO","og_description":"CARACAS,VENEZUELA.\u2500 A comienzos de los a\u00f1os 60, la Organizaci\u00f3n Mundial de la Salud certific\u00f3 a Venezuela como el primer pa\u00eds del mundo en eliminar la En Sonora en Equipo publicamos toda la informaci\u00f3n de Sonora, M\u00e9xico y el Mundo de manera oportuna y busca que la libertad de expresi\u00f3n sea real. Visita nuestro medio informativo publicado desde Hermosillo, Sonora. %","og_url":"https:\/\/www.sonoraenequipo.com.mx\/venezuela-epicentro-de-malaria-en-latam\/","og_site_name":"Sonora en Equipo.","article_publisher":"https:\/\/www.facebook.com\/SonoraEE\/","article_author":"https:\/\/www.facebook.com\/SonoraEE","article_published_time":"2021-05-22T18:22:27+00:00","article_modified_time":"2021-05-22T21:38:19+00:00","og_image":[{"width":500,"height":300,"url":"https:\/\/www.sonoraenequipo.com.mx\/storage\/2021\/05\/MALARIA.jpg","type":"image\/jpeg"}],"author":"enequipo","twitter_card":"summary_large_image","twitter_creator":"@sonoraenequipo","twitter_site":"@sonoraenequipo","twitter_misc":{"Escrito por":"enequipo","Tiempo de lectura":"3 minutos"},"schema":{"@context":"https:\/\/schema.org","@graph":[{"@type":"Article","@id":"https:\/\/www.sonoraenequipo.com.mx\/venezuela-epicentro-de-malaria-en-latam\/#article","isPartOf":{"@id":"https:\/\/www.sonoraenequipo.com.mx\/venezuela-epicentro-de-malaria-en-latam\/"},"author":{"name":"enequipo","@id":"https:\/\/www.sonoraenequipo.com.mx\/#\/schema\/person\/50102df0fb23a8fa9e8effad8fa81386"},"headline":"Venezuela epicentro de malaria en Latam","datePublished":"2021-05-22T18:22:27+00:00","dateModified":"2021-05-22T21:38:19+00:00","mainEntityOfPage":{"@id":"https:\/\/www.sonoraenequipo.com.mx\/venezuela-epicentro-de-malaria-en-latam\/"},"wordCount":680,"commentCount":0,"publisher":{"@id":"https:\/\/www.sonoraenequipo.com.mx\/#organization"},"image":{"@id":"https:\/\/www.sonoraenequipo.com.mx\/venezuela-epicentro-de-malaria-en-latam\/#primaryimage"},"thumbnailUrl":"https:\/\/www.sonoraenequipo.com.mx\/storage\/2021\/05\/MALARIA.jpg","articleSection":["MUNDO"],"inLanguage":"es","potentialAction":[{"@type":"CommentAction","name":"Comment","target":["https:\/\/www.sonoraenequipo.com.mx\/venezuela-epicentro-de-malaria-en-latam\/#respond"]}]},{"@type":"WebPage","@id":"https:\/\/www.sonoraenequipo.com.mx\/venezuela-epicentro-de-malaria-en-latam\/","url":"https:\/\/www.sonoraenequipo.com.mx\/venezuela-epicentro-de-malaria-en-latam\/","name":"Sonora en Equipo. Venezuela epicentro de malaria en Latam MUNDO","isPartOf":{"@id":"https:\/\/www.sonoraenequipo.com.mx\/#website"},"primaryImageOfPage":{"@id":"https:\/\/www.sonoraenequipo.com.mx\/venezuela-epicentro-de-malaria-en-latam\/#primaryimage"},"image":{"@id":"https:\/\/www.sonoraenequipo.com.mx\/venezuela-epicentro-de-malaria-en-latam\/#primaryimage"},"thumbnailUrl":"https:\/\/www.sonoraenequipo.com.mx\/storage\/2021\/05\/MALARIA.jpg","datePublished":"2021-05-22T18:22:27+00:00","dateModified":"2021-05-22T21:38:19+00:00","description":"CARACAS,VENEZUELA.\u2500 A comienzos de los a\u00f1os 60, la Organizaci\u00f3n Mundial de la Salud certific\u00f3 a Venezuela como el primer pa\u00eds del mundo en eliminar la En Sonora en Equipo publicamos toda la informaci\u00f3n de Sonora, M\u00e9xico y el Mundo de manera oportuna y busca que la libertad de expresi\u00f3n sea real. Visita nuestro medio informativo publicado desde Hermosillo, Sonora. %","breadcrumb":{"@id":"https:\/\/www.sonoraenequipo.com.mx\/venezuela-epicentro-de-malaria-en-latam\/#breadcrumb"},"inLanguage":"es","potentialAction":[{"@type":"ReadAction","target":["https:\/\/www.sonoraenequipo.com.mx\/venezuela-epicentro-de-malaria-en-latam\/"]}]},{"@type":"ImageObject","inLanguage":"es","@id":"https:\/\/www.sonoraenequipo.com.mx\/venezuela-epicentro-de-malaria-en-latam\/#primaryimage","url":"https:\/\/www.sonoraenequipo.com.mx\/storage\/2021\/05\/MALARIA.jpg","contentUrl":"https:\/\/www.sonoraenequipo.com.mx\/storage\/2021\/05\/MALARIA.jpg","width":500,"height":300},{"@type":"BreadcrumbList","@id":"https:\/\/www.sonoraenequipo.com.mx\/venezuela-epicentro-de-malaria-en-latam\/#breadcrumb","itemListElement":[{"@type":"ListItem","position":1,"name":"Portada","item":"https:\/\/www.sonoraenequipo.com.mx\/"},{"@type":"ListItem","position":2,"name":"Venezuela epicentro de malaria en Latam"}]},{"@type":"WebSite","@id":"https:\/\/www.sonoraenequipo.com.mx\/#website","url":"https:\/\/www.sonoraenequipo.com.mx\/","name":"Sonora en Equipo.","description":"Diario en l\u00ednea con Noticias desde Hermosillo, Sonora","publisher":{"@id":"https:\/\/www.sonoraenequipo.com.mx\/#organization"},"potentialAction":[{"@type":"SearchAction","target":{"@type":"EntryPoint","urlTemplate":"https:\/\/www.sonoraenequipo.com.mx\/?s={search_term_string}"},"query-input":{"@type":"PropertyValueSpecification","valueRequired":true,"valueName":"search_term_string"}}],"inLanguage":"es"},{"@type":"Organization","@id":"https:\/\/www.sonoraenequipo.com.mx\/#organization","name":"Sonoraenequipo.com.mx","url":"https:\/\/www.sonoraenequipo.com.mx\/","logo":{"@type":"ImageObject","inLanguage":"es","@id":"https:\/\/www.sonoraenequipo.com.mx\/#\/schema\/logo\/image\/","url":"https:\/\/www.sonoraenequipo.com.mx\/storage\/2019\/01\/sonoraenequipo_opt.png","contentUrl":"https:\/\/www.sonoraenequipo.com.mx\/storage\/2019\/01\/sonoraenequipo_opt.png","width":375,"height":125,"caption":"Sonoraenequipo.com.mx"},"image":{"@id":"https:\/\/www.sonoraenequipo.com.mx\/#\/schema\/logo\/image\/"},"sameAs":["https:\/\/www.facebook.com\/SonoraEE\/","https:\/\/x.com\/sonoraenequipo","https:\/\/www.youtube.com\/channel\/UC338nW-lPEYmJQs4ZABQ1SQ"]},{"@type":"Person","@id":"https:\/\/www.sonoraenequipo.com.mx\/#\/schema\/person\/50102df0fb23a8fa9e8effad8fa81386","name":"enequipo","image":{"@type":"ImageObject","inLanguage":"es","@id":"https:\/\/www.sonoraenequipo.com.mx\/#\/schema\/person\/image\/","url":"https:\/\/secure.gravatar.com\/avatar\/049821681b589dabc0bc20695993ccebb09f5b5d4d790cd9251b97faac7c652b?s=96&d=blank&r=g","contentUrl":"https:\/\/secure.gravatar.com\/avatar\/049821681b589dabc0bc20695993ccebb09f5b5d4d790cd9251b97faac7c652b?s=96&d=blank&r=g","caption":"enequipo"},"sameAs":["https:\/\/www.facebook.com\/SonoraEE"]}]}},"jetpack_featured_media_url":"https:\/\/www.sonoraenequipo.com.mx\/storage\/2021\/05\/MALARIA.jpg","_links":{"self":[{"href":"https:\/\/www.sonoraenequipo.com.mx\/api\/wp\/v2\/posts\/114551","targetHints":{"allow":["GET"]}}],"collection":[{"href":"https:\/\/www.sonoraenequipo.com.mx\/api\/wp\/v2\/posts"}],"about":[{"href":"https:\/\/www.sonoraenequipo.com.mx\/api\/wp\/v2\/types\/post"}],"author":[{"embeddable":true,"href":"https:\/\/www.sonoraenequipo.com.mx\/api\/wp\/v2\/users\/1"}],"replies":[{"embeddable":true,"href":"https:\/\/www.sonoraenequipo.com.mx\/api\/wp\/v2\/comments?post=114551"}],"version-history":[{"count":3,"href":"https:\/\/www.sonoraenequipo.com.mx\/api\/wp\/v2\/posts\/114551\/revisions"}],"predecessor-version":[{"id":114555,"href":"https:\/\/www.sonoraenequipo.com.mx\/api\/wp\/v2\/posts\/114551\/revisions\/114555"}],"wp:featuredmedia":[{"embeddable":true,"href":"https:\/\/www.sonoraenequipo.com.mx\/api\/wp\/v2\/media\/114552"}],"wp:attachment":[{"href":"https:\/\/www.sonoraenequipo.com.mx\/api\/wp\/v2\/media?parent=114551"}],"wp:term":[{"taxonomy":"category","embeddable":true,"href":"https:\/\/www.sonoraenequipo.com.mx\/api\/wp\/v2\/categories?post=114551"},{"taxonomy":"post_tag","embeddable":true,"href":"https:\/\/www.sonoraenequipo.com.mx\/api\/wp\/v2\/tags?post=114551"}],"curies":[{"name":"wp","href":"https:\/\/api.w.org\/{rel}","templated":true}]}}