{"id":114556,"date":"2021-05-22T12:44:47","date_gmt":"2021-05-22T19:44:47","guid":{"rendered":"https:\/\/www.sonoraenequipo.com.mx\/?p=114556"},"modified":"2021-05-22T12:44:47","modified_gmt":"2021-05-22T19:44:47","slug":"detienen-a-sujeto-acusado-de-prender-fuego-a-vivienda-con-dos-personas-dentro-una-murio","status":"publish","type":"post","link":"https:\/\/www.sonoraenequipo.com.mx\/detienen-a-sujeto-acusado-de-prender-fuego-a-vivienda-con-dos-personas-dentro-una-murio\/","title":{"rendered":"Detienen a sujeto acusado de prender fuego a vivienda con dos personas dentro, una muri\u00f3"},"content":{"rendered":"<p>&nbsp;<\/p>\n<p>CAJEME,SONORA,M.\u2500 Como probable responsable del delito de feminicidio en agravio de Mar\u00eda Zulema y tentativa de homicidio con alevos\u00eda y ventaja en perjuicio de Filiberto, fue detenido David \u201cN.\u201d por Agentes Ministeriales de Investigaci\u00f3n Criminal (AMIC) de la Fiscal\u00eda General de Justicia del Estado (FGJE), y fue recluido en el Centro de Reinserci\u00f3n Social de Cajeme (CERESO) donde el Juez Oral Penal dict\u00f3 prisi\u00f3n preventiva.<\/p>\n<p>&nbsp;<\/p>\n<p>Datos de prueba ubican a David \u201cN.\u201d, ex pareja sentimental de Mar\u00eda Zulema, como presunto responsable de ocasionar un incendio en una vivienda residencial de la colonia Amanecer, habitada, al momento del delito.<\/p>\n<p>&nbsp;<\/p>\n<p>El siniestro se registr\u00f3 durante la madrugada del pasado 25 de enero del a\u00f1o en curso, donde resultaron heridas dos personas: Mar\u00eda Zulema, de 38 a\u00f1os de edad, y Filiberto, de 42 a\u00f1os.<\/p>\n<p>&nbsp;<\/p>\n<p>La pareja sali\u00f3 severamente perjudicada con quemaduras de segundo y tercer grado en distintas partes del cuerpo; Mar\u00eda Zulema no pudo superar las lesiones y perdi\u00f3 la vida mientras recib\u00eda atenci\u00f3n m\u00e9dica, en tanto que Filiberto tuvo que permanecer en el nosocomio, hasta que logr\u00f3 superar las heridas.<\/p>\n<p>&nbsp;<\/p>\n<p>Fue el cuerpo de bomberos del municipio quien logr\u00f3 sofocar las llamas y personal de Servicios Periciales de la FGJE Sonora proces\u00f3 el lugar del siniestro para recuperar los indicios, que hoy son datos de prueba que tuvieron validez para que el Juez Oral Penal le dicte prisi\u00f3n preventiva oficiosa a David \u201cN.\u201d.<\/p>\n<p>Fecha de Publicaci\u00f3n\u00a0 s\u00e1bado\u00a0 \/ 22\u00a0 \/ mayo \/ 2021<\/p>\n","protected":false},"excerpt":{"rendered":"<p>&nbsp; CAJEME,SONORA,M.\u2500 Como probable responsable del delito de feminicidio en agravio de Mar\u00eda Zulema y&#8230;<\/p>\n","protected":false},"author":1,"featured_media":75064,"comment_status":"open","ping_status":"open","sticky":false,"template":"","format":"standard","meta":{"_monsterinsights_skip_tracking":false,"_monsterinsights_sitenote_active":false,"_monsterinsights_sitenote_note":"","_monsterinsights_sitenote_category":0,"footnotes":""},"categories":[3144],"tags":[170,15],"class_list":["post"],"yoast_head":" \n<title>Sonora en Equipo. Detienen a sujeto acusado de prender fuego a vivienda con dos personas dentro, una muri\u00f3 Polic\u00edaca<\/title>\n<meta name=\"description\" content=\"&nbsp; CAJEME,SONORA,M.\u2500 Como probable responsable del delito de feminicidio en agravio de Mar\u00eda Zulema y tentativa de homicidio con alevos\u00eda y ventaja en En Sonora en Equipo publicamos toda la informaci\u00f3n de Sonora, M\u00e9xico y el Mundo de manera oportuna y busca que la libertad de expresi\u00f3n sea real. Visita nuestro medio informativo publicado desde Hermosillo, Sonora. %\" \/>\n<meta name=\"robots\" content=\"index, follow, max-snippet:-1, max-image-preview:large, max-video-preview:-1\" \/>\n<link rel=\"canonical\" href=\"https:\/\/www.sonoraenequipo.com.mx\/detienen-a-sujeto-acusado-de-prender-fuego-a-vivienda-con-dos-personas-dentro-una-murio\/\" \/>\n<meta property=\"og:locale\" content=\"es_ES\" \/>\n<meta property=\"og:type\" content=\"article\" \/>\n<meta property=\"og:title\" content=\"Sonora en Equipo. Detienen a sujeto acusado de prender fuego a vivienda con dos personas dentro, una muri\u00f3 Polic\u00edaca\" \/>\n<meta property=\"og:description\" content=\"&nbsp; CAJEME,SONORA,M.\u2500 Como probable responsable del delito de feminicidio en agravio de Mar\u00eda Zulema y tentativa de homicidio con alevos\u00eda y ventaja en En Sonora en Equipo publicamos toda la informaci\u00f3n de Sonora, M\u00e9xico y el Mundo de manera oportuna y busca que la libertad de expresi\u00f3n sea real. Visita nuestro medio informativo publicado desde Hermosillo, Sonora. %\" \/>\n<meta property=\"og:url\" content=\"https:\/\/www.sonoraenequipo.com.mx\/detienen-a-sujeto-acusado-de-prender-fuego-a-vivienda-con-dos-personas-dentro-una-murio\/\" \/>\n<meta property=\"og:site_name\" content=\"Sonora en Equipo.\" \/>\n<meta property=\"article:publisher\" content=\"https:\/\/www.facebook.com\/SonoraEE\/\" \/>\n<meta property=\"article:author\" content=\"https:\/\/www.facebook.com\/SonoraEE\" \/>\n<meta property=\"article:published_time\" content=\"2021-05-22T19:44:47+00:00\" \/>\n<meta property=\"og:image\" content=\"https:\/\/www.sonoraenequipo.com.mx\/storage\/2019\/12\/fgje-logo.jpg\" \/>\n\t<meta property=\"og:image:width\" content=\"600\" \/>\n\t<meta property=\"og:image:height\" content=\"400\" \/>\n\t<meta property=\"og:image:type\" content=\"image\/jpeg\" \/>\n<meta name=\"author\" content=\"enequipo\" \/>\n<meta name=\"twitter:card\" content=\"summary_large_image\" \/>\n<meta name=\"twitter:creator\" content=\"@sonoraenequipo\" \/>\n<meta name=\"twitter:site\" content=\"@sonoraenequipo\" \/>\n<meta name=\"twitter:label1\" content=\"Escrito por\" \/>\n\t<meta name=\"twitter:data1\" content=\"enequipo\" \/>\n\t<meta name=\"twitter:label2\" content=\"Tiempo de lectura\" \/>\n\t<meta name=\"twitter:data2\" content=\"2 minutos\" \/>\n<script type=\"application\/ld+json\" class=\"yoast-schema-graph\">{\"@context\":\"https:\/\/schema.org\",\"@graph\":[{\"@type\":\"Article\",\"@id\":\"https:\/\/www.sonoraenequipo.com.mx\/detienen-a-sujeto-acusado-de-prender-fuego-a-vivienda-con-dos-personas-dentro-una-murio\/#article\",\"isPartOf\":{\"@id\":\"https:\/\/www.sonoraenequipo.com.mx\/detienen-a-sujeto-acusado-de-prender-fuego-a-vivienda-con-dos-personas-dentro-una-murio\/\"},\"author\":{\"name\":\"enequipo\",\"@id\":\"https:\/\/www.sonoraenequipo.com.mx\/#\/schema\/person\/50102df0fb23a8fa9e8effad8fa81386\"},\"headline\":\"Detienen a sujeto acusado de prender fuego a vivienda con dos personas dentro, una muri\u00f3\",\"datePublished\":\"2021-05-22T19:44:47+00:00\",\"mainEntityOfPage\":{\"@id\":\"https:\/\/www.sonoraenequipo.com.mx\/detienen-a-sujeto-acusado-de-prender-fuego-a-vivienda-con-dos-personas-dentro-una-murio\/\"},\"wordCount\":274,\"commentCount\":0,\"publisher\":{\"@id\":\"https:\/\/www.sonoraenequipo.com.mx\/#organization\"},\"image\":{\"@id\":\"https:\/\/www.sonoraenequipo.com.mx\/detienen-a-sujeto-acusado-de-prender-fuego-a-vivienda-con-dos-personas-dentro-una-murio\/#primaryimage\"},\"thumbnailUrl\":\"https:\/\/www.sonoraenequipo.com.mx\/storage\/2019\/12\/fgje-logo.jpg\",\"keywords\":[\"Seguridad\",\"Sonora\"],\"articleSection\":[\"Polic\u00edaca\"],\"inLanguage\":\"es\",\"potentialAction\":[{\"@type\":\"CommentAction\",\"name\":\"Comment\",\"target\":[\"https:\/\/www.sonoraenequipo.com.mx\/detienen-a-sujeto-acusado-de-prender-fuego-a-vivienda-con-dos-personas-dentro-una-murio\/#respond\"]}]},{\"@type\":\"WebPage\",\"@id\":\"https:\/\/www.sonoraenequipo.com.mx\/detienen-a-sujeto-acusado-de-prender-fuego-a-vivienda-con-dos-personas-dentro-una-murio\/\",\"url\":\"https:\/\/www.sonoraenequipo.com.mx\/detienen-a-sujeto-acusado-de-prender-fuego-a-vivienda-con-dos-personas-dentro-una-murio\/\",\"name\":\"Sonora en Equipo. Detienen a sujeto acusado de prender fuego a vivienda con dos personas dentro, una muri\u00f3 Polic\u00edaca\",\"isPartOf\":{\"@id\":\"https:\/\/www.sonoraenequipo.com.mx\/#website\"},\"primaryImageOfPage\":{\"@id\":\"https:\/\/www.sonoraenequipo.com.mx\/detienen-a-sujeto-acusado-de-prender-fuego-a-vivienda-con-dos-personas-dentro-una-murio\/#primaryimage\"},\"image\":{\"@id\":\"https:\/\/www.sonoraenequipo.com.mx\/detienen-a-sujeto-acusado-de-prender-fuego-a-vivienda-con-dos-personas-dentro-una-murio\/#primaryimage\"},\"thumbnailUrl\":\"https:\/\/www.sonoraenequipo.com.mx\/storage\/2019\/12\/fgje-logo.jpg\",\"datePublished\":\"2021-05-22T19:44:47+00:00\",\"description\":\"&nbsp; CAJEME,SONORA,M.\u2500 Como probable responsable del delito de feminicidio en agravio de Mar\u00eda Zulema y tentativa de homicidio con alevos\u00eda y ventaja en En Sonora en Equipo publicamos toda la informaci\u00f3n de Sonora, M\u00e9xico y el Mundo de manera oportuna y busca que la libertad de expresi\u00f3n sea real. Visita nuestro medio informativo publicado desde Hermosillo, Sonora. %\",\"breadcrumb\":{\"@id\":\"https:\/\/www.sonoraenequipo.com.mx\/detienen-a-sujeto-acusado-de-prender-fuego-a-vivienda-con-dos-personas-dentro-una-murio\/#breadcrumb\"},\"inLanguage\":\"es\",\"potentialAction\":[{\"@type\":\"ReadAction\",\"target\":[\"https:\/\/www.sonoraenequipo.com.mx\/detienen-a-sujeto-acusado-de-prender-fuego-a-vivienda-con-dos-personas-dentro-una-murio\/\"]}]},{\"@type\":\"ImageObject\",\"inLanguage\":\"es\",\"@id\":\"https:\/\/www.sonoraenequipo.com.mx\/detienen-a-sujeto-acusado-de-prender-fuego-a-vivienda-con-dos-personas-dentro-una-murio\/#primaryimage\",\"url\":\"https:\/\/www.sonoraenequipo.com.mx\/storage\/2019\/12\/fgje-logo.jpg\",\"contentUrl\":\"https:\/\/www.sonoraenequipo.com.mx\/storage\/2019\/12\/fgje-logo.jpg\",\"width\":600,\"height\":400},{\"@type\":\"BreadcrumbList\",\"@id\":\"https:\/\/www.sonoraenequipo.com.mx\/detienen-a-sujeto-acusado-de-prender-fuego-a-vivienda-con-dos-personas-dentro-una-murio\/#breadcrumb\",\"itemListElement\":[{\"@type\":\"ListItem\",\"position\":1,\"name\":\"Portada\",\"item\":\"https:\/\/www.sonoraenequipo.com.mx\/\"},{\"@type\":\"ListItem\",\"position\":2,\"name\":\"Detienen a sujeto acusado de prender fuego a vivienda con dos personas dentro, una muri\u00f3\"}]},{\"@type\":\"WebSite\",\"@id\":\"https:\/\/www.sonoraenequipo.com.mx\/#website\",\"url\":\"https:\/\/www.sonoraenequipo.com.mx\/\",\"name\":\"Sonora en Equipo.\",\"description\":\"Diario en l\u00ednea con Noticias desde Hermosillo, Sonora\",\"publisher\":{\"@id\":\"https:\/\/www.sonoraenequipo.com.mx\/#organization\"},\"potentialAction\":[{\"@type\":\"SearchAction\",\"target\":{\"@type\":\"EntryPoint\",\"urlTemplate\":\"https:\/\/www.sonoraenequipo.com.mx\/?s={search_term_string}\"},\"query-input\":{\"@type\":\"PropertyValueSpecification\",\"valueRequired\":true,\"valueName\":\"search_term_string\"}}],\"inLanguage\":\"es\"},{\"@type\":\"Organization\",\"@id\":\"https:\/\/www.sonoraenequipo.com.mx\/#organization\",\"name\":\"Sonoraenequipo.com.mx\",\"url\":\"https:\/\/www.sonoraenequipo.com.mx\/\",\"logo\":{\"@type\":\"ImageObject\",\"inLanguage\":\"es\",\"@id\":\"https:\/\/www.sonoraenequipo.com.mx\/#\/schema\/logo\/image\/\",\"url\":\"https:\/\/www.sonoraenequipo.com.mx\/storage\/2019\/01\/sonoraenequipo_opt.png\",\"contentUrl\":\"https:\/\/www.sonoraenequipo.com.mx\/storage\/2019\/01\/sonoraenequipo_opt.png\",\"width\":375,\"height\":125,\"caption\":\"Sonoraenequipo.com.mx\"},\"image\":{\"@id\":\"https:\/\/www.sonoraenequipo.com.mx\/#\/schema\/logo\/image\/\"},\"sameAs\":[\"https:\/\/www.facebook.com\/SonoraEE\/\",\"https:\/\/x.com\/sonoraenequipo\",\"https:\/\/www.youtube.com\/channel\/UC338nW-lPEYmJQs4ZABQ1SQ\"]},{\"@type\":\"Person\",\"@id\":\"https:\/\/www.sonoraenequipo.com.mx\/#\/schema\/person\/50102df0fb23a8fa9e8effad8fa81386\",\"name\":\"enequipo\",\"image\":{\"@type\":\"ImageObject\",\"inLanguage\":\"es\",\"@id\":\"https:\/\/www.sonoraenequipo.com.mx\/#\/schema\/person\/image\/\",\"url\":\"https:\/\/secure.gravatar.com\/avatar\/049821681b589dabc0bc20695993ccebb09f5b5d4d790cd9251b97faac7c652b?s=96&d=blank&r=g\",\"contentUrl\":\"https:\/\/secure.gravatar.com\/avatar\/049821681b589dabc0bc20695993ccebb09f5b5d4d790cd9251b97faac7c652b?s=96&d=blank&r=g\",\"caption\":\"enequipo\"},\"sameAs\":[\"https:\/\/www.facebook.com\/SonoraEE\"]}]}<\/script>\n ","yoast_head_json":{"title":"Sonora en Equipo. Detienen a sujeto acusado de prender fuego a vivienda con dos personas dentro, una muri\u00f3 Polic\u00edaca","description":"&nbsp; CAJEME,SONORA,M.\u2500 Como probable responsable del delito de feminicidio en agravio de Mar\u00eda Zulema y tentativa de homicidio con alevos\u00eda y ventaja en En Sonora en Equipo publicamos toda la informaci\u00f3n de Sonora, M\u00e9xico y el Mundo de manera oportuna y busca que la libertad de expresi\u00f3n sea real. Visita nuestro medio informativo publicado desde Hermosillo, Sonora. %","robots":{"index":"index","follow":"follow","max-snippet":"max-snippet:-1","max-image-preview":"max-image-preview:large","max-video-preview":"max-video-preview:-1"},"canonical":"https:\/\/www.sonoraenequipo.com.mx\/detienen-a-sujeto-acusado-de-prender-fuego-a-vivienda-con-dos-personas-dentro-una-murio\/","og_locale":"es_ES","og_type":"article","og_title":"Sonora en Equipo. Detienen a sujeto acusado de prender fuego a vivienda con dos personas dentro, una muri\u00f3 Polic\u00edaca","og_description":"&nbsp; CAJEME,SONORA,M.\u2500 Como probable responsable del delito de feminicidio en agravio de Mar\u00eda Zulema y tentativa de homicidio con alevos\u00eda y ventaja en En Sonora en Equipo publicamos toda la informaci\u00f3n de Sonora, M\u00e9xico y el Mundo de manera oportuna y busca que la libertad de expresi\u00f3n sea real. Visita nuestro medio informativo publicado desde Hermosillo, Sonora. %","og_url":"https:\/\/www.sonoraenequipo.com.mx\/detienen-a-sujeto-acusado-de-prender-fuego-a-vivienda-con-dos-personas-dentro-una-murio\/","og_site_name":"Sonora en Equipo.","article_publisher":"https:\/\/www.facebook.com\/SonoraEE\/","article_author":"https:\/\/www.facebook.com\/SonoraEE","article_published_time":"2021-05-22T19:44:47+00:00","og_image":[{"width":600,"height":400,"url":"https:\/\/www.sonoraenequipo.com.mx\/storage\/2019\/12\/fgje-logo.jpg","type":"image\/jpeg"}],"author":"enequipo","twitter_card":"summary_large_image","twitter_creator":"@sonoraenequipo","twitter_site":"@sonoraenequipo","twitter_misc":{"Escrito por":"enequipo","Tiempo de lectura":"2 minutos"},"schema":{"@context":"https:\/\/schema.org","@graph":[{"@type":"Article","@id":"https:\/\/www.sonoraenequipo.com.mx\/detienen-a-sujeto-acusado-de-prender-fuego-a-vivienda-con-dos-personas-dentro-una-murio\/#article","isPartOf":{"@id":"https:\/\/www.sonoraenequipo.com.mx\/detienen-a-sujeto-acusado-de-prender-fuego-a-vivienda-con-dos-personas-dentro-una-murio\/"},"author":{"name":"enequipo","@id":"https:\/\/www.sonoraenequipo.com.mx\/#\/schema\/person\/50102df0fb23a8fa9e8effad8fa81386"},"headline":"Detienen a sujeto acusado de prender fuego a vivienda con dos personas dentro, una muri\u00f3","datePublished":"2021-05-22T19:44:47+00:00","mainEntityOfPage":{"@id":"https:\/\/www.sonoraenequipo.com.mx\/detienen-a-sujeto-acusado-de-prender-fuego-a-vivienda-con-dos-personas-dentro-una-murio\/"},"wordCount":274,"commentCount":0,"publisher":{"@id":"https:\/\/www.sonoraenequipo.com.mx\/#organization"},"image":{"@id":"https:\/\/www.sonoraenequipo.com.mx\/detienen-a-sujeto-acusado-de-prender-fuego-a-vivienda-con-dos-personas-dentro-una-murio\/#primaryimage"},"thumbnailUrl":"https:\/\/www.sonoraenequipo.com.mx\/storage\/2019\/12\/fgje-logo.jpg","keywords":["Seguridad","Sonora"],"articleSection":["Polic\u00edaca"],"inLanguage":"es","potentialAction":[{"@type":"CommentAction","name":"Comment","target":["https:\/\/www.sonoraenequipo.com.mx\/detienen-a-sujeto-acusado-de-prender-fuego-a-vivienda-con-dos-personas-dentro-una-murio\/#respond"]}]},{"@type":"WebPage","@id":"https:\/\/www.sonoraenequipo.com.mx\/detienen-a-sujeto-acusado-de-prender-fuego-a-vivienda-con-dos-personas-dentro-una-murio\/","url":"https:\/\/www.sonoraenequipo.com.mx\/detienen-a-sujeto-acusado-de-prender-fuego-a-vivienda-con-dos-personas-dentro-una-murio\/","name":"Sonora en Equipo. Detienen a sujeto acusado de prender fuego a vivienda con dos personas dentro, una muri\u00f3 Polic\u00edaca","isPartOf":{"@id":"https:\/\/www.sonoraenequipo.com.mx\/#website"},"primaryImageOfPage":{"@id":"https:\/\/www.sonoraenequipo.com.mx\/detienen-a-sujeto-acusado-de-prender-fuego-a-vivienda-con-dos-personas-dentro-una-murio\/#primaryimage"},"image":{"@id":"https:\/\/www.sonoraenequipo.com.mx\/detienen-a-sujeto-acusado-de-prender-fuego-a-vivienda-con-dos-personas-dentro-una-murio\/#primaryimage"},"thumbnailUrl":"https:\/\/www.sonoraenequipo.com.mx\/storage\/2019\/12\/fgje-logo.jpg","datePublished":"2021-05-22T19:44:47+00:00","description":"&nbsp; CAJEME,SONORA,M.\u2500 Como probable responsable del delito de feminicidio en agravio de Mar\u00eda Zulema y tentativa de homicidio con alevos\u00eda y ventaja en En Sonora en Equipo publicamos toda la informaci\u00f3n de Sonora, M\u00e9xico y el Mundo de manera oportuna y busca que la libertad de expresi\u00f3n sea real. Visita nuestro medio informativo publicado desde Hermosillo, Sonora. %","breadcrumb":{"@id":"https:\/\/www.sonoraenequipo.com.mx\/detienen-a-sujeto-acusado-de-prender-fuego-a-vivienda-con-dos-personas-dentro-una-murio\/#breadcrumb"},"inLanguage":"es","potentialAction":[{"@type":"ReadAction","target":["https:\/\/www.sonoraenequipo.com.mx\/detienen-a-sujeto-acusado-de-prender-fuego-a-vivienda-con-dos-personas-dentro-una-murio\/"]}]},{"@type":"ImageObject","inLanguage":"es","@id":"https:\/\/www.sonoraenequipo.com.mx\/detienen-a-sujeto-acusado-de-prender-fuego-a-vivienda-con-dos-personas-dentro-una-murio\/#primaryimage","url":"https:\/\/www.sonoraenequipo.com.mx\/storage\/2019\/12\/fgje-logo.jpg","contentUrl":"https:\/\/www.sonoraenequipo.com.mx\/storage\/2019\/12\/fgje-logo.jpg","width":600,"height":400},{"@type":"BreadcrumbList","@id":"https:\/\/www.sonoraenequipo.com.mx\/detienen-a-sujeto-acusado-de-prender-fuego-a-vivienda-con-dos-personas-dentro-una-murio\/#breadcrumb","itemListElement":[{"@type":"ListItem","position":1,"name":"Portada","item":"https:\/\/www.sonoraenequipo.com.mx\/"},{"@type":"ListItem","position":2,"name":"Detienen a sujeto acusado de prender fuego a vivienda con dos personas dentro, una muri\u00f3"}]},{"@type":"WebSite","@id":"https:\/\/www.sonoraenequipo.com.mx\/#website","url":"https:\/\/www.sonoraenequipo.com.mx\/","name":"Sonora en Equipo.","description":"Diario en l\u00ednea con Noticias desde Hermosillo, Sonora","publisher":{"@id":"https:\/\/www.sonoraenequipo.com.mx\/#organization"},"potentialAction":[{"@type":"SearchAction","target":{"@type":"EntryPoint","urlTemplate":"https:\/\/www.sonoraenequipo.com.mx\/?s={search_term_string}"},"query-input":{"@type":"PropertyValueSpecification","valueRequired":true,"valueName":"search_term_string"}}],"inLanguage":"es"},{"@type":"Organization","@id":"https:\/\/www.sonoraenequipo.com.mx\/#organization","name":"Sonoraenequipo.com.mx","url":"https:\/\/www.sonoraenequipo.com.mx\/","logo":{"@type":"ImageObject","inLanguage":"es","@id":"https:\/\/www.sonoraenequipo.com.mx\/#\/schema\/logo\/image\/","url":"https:\/\/www.sonoraenequipo.com.mx\/storage\/2019\/01\/sonoraenequipo_opt.png","contentUrl":"https:\/\/www.sonoraenequipo.com.mx\/storage\/2019\/01\/sonoraenequipo_opt.png","width":375,"height":125,"caption":"Sonoraenequipo.com.mx"},"image":{"@id":"https:\/\/www.sonoraenequipo.com.mx\/#\/schema\/logo\/image\/"},"sameAs":["https:\/\/www.facebook.com\/SonoraEE\/","https:\/\/x.com\/sonoraenequipo","https:\/\/www.youtube.com\/channel\/UC338nW-lPEYmJQs4ZABQ1SQ"]},{"@type":"Person","@id":"https:\/\/www.sonoraenequipo.com.mx\/#\/schema\/person\/50102df0fb23a8fa9e8effad8fa81386","name":"enequipo","image":{"@type":"ImageObject","inLanguage":"es","@id":"https:\/\/www.sonoraenequipo.com.mx\/#\/schema\/person\/image\/","url":"https:\/\/secure.gravatar.com\/avatar\/049821681b589dabc0bc20695993ccebb09f5b5d4d790cd9251b97faac7c652b?s=96&d=blank&r=g","contentUrl":"https:\/\/secure.gravatar.com\/avatar\/049821681b589dabc0bc20695993ccebb09f5b5d4d790cd9251b97faac7c652b?s=96&d=blank&r=g","caption":"enequipo"},"sameAs":["https:\/\/www.facebook.com\/SonoraEE"]}]}},"jetpack_featured_media_url":"https:\/\/www.sonoraenequipo.com.mx\/storage\/2019\/12\/fgje-logo.jpg","_links":{"self":[{"href":"https:\/\/www.sonoraenequipo.com.mx\/api\/wp\/v2\/posts\/114556","targetHints":{"allow":["GET"]}}],"collection":[{"href":"https:\/\/www.sonoraenequipo.com.mx\/api\/wp\/v2\/posts"}],"about":[{"href":"https:\/\/www.sonoraenequipo.com.mx\/api\/wp\/v2\/types\/post"}],"author":[{"embeddable":true,"href":"https:\/\/www.sonoraenequipo.com.mx\/api\/wp\/v2\/users\/1"}],"replies":[{"embeddable":true,"href":"https:\/\/www.sonoraenequipo.com.mx\/api\/wp\/v2\/comments?post=114556"}],"version-history":[{"count":1,"href":"https:\/\/www.sonoraenequipo.com.mx\/api\/wp\/v2\/posts\/114556\/revisions"}],"predecessor-version":[{"id":114557,"href":"https:\/\/www.sonoraenequipo.com.mx\/api\/wp\/v2\/posts\/114556\/revisions\/114557"}],"wp:featuredmedia":[{"embeddable":true,"href":"https:\/\/www.sonoraenequipo.com.mx\/api\/wp\/v2\/media\/75064"}],"wp:attachment":[{"href":"https:\/\/www.sonoraenequipo.com.mx\/api\/wp\/v2\/media?parent=114556"}],"wp:term":[{"taxonomy":"category","embeddable":true,"href":"https:\/\/www.sonoraenequipo.com.mx\/api\/wp\/v2\/categories?post=114556"},{"taxonomy":"post_tag","embeddable":true,"href":"https:\/\/www.sonoraenequipo.com.mx\/api\/wp\/v2\/tags?post=114556"}],"curies":[{"name":"wp","href":"https:\/\/api.w.org\/{rel}","templated":true}]}}