{"id":114563,"date":"2021-05-22T13:45:30","date_gmt":"2021-05-22T20:45:30","guid":{"rendered":"https:\/\/www.sonoraenequipo.com.mx\/?p=114563"},"modified":"2021-05-22T15:13:38","modified_gmt":"2021-05-22T22:13:38","slug":"prd-llamara-a-comparecer-a-titular-de-marina-por-acusaciones","status":"publish","type":"post","link":"https:\/\/www.sonoraenequipo.com.mx\/prd-llamara-a-comparecer-a-titular-de-marina-por-acusaciones\/","title":{"rendered":"PRD llamar\u00e1 a comparecer a titular de Marina por acusaciones"},"content":{"rendered":"<p>CIUDAD DE M\u00c9XICO. MX.\u2014 La bancada del PRD en la Comisi\u00f3n Permanente del Congreso de la Uni\u00f3n solicitar\u00e1 la comparecencia del secretario de la Marina, Jos\u00e9 Rafael Ojeda Dur\u00e1n, para que explique y aporte pruebas de sus declaraciones donde se\u00f1al\u00f3 que en el combate a las organizaciones criminales que operan en los puertos mar\u00edtimos del pa\u00eds \u00abparece ser que el enemigo\u00bb es el Poder Judicial.<\/p>\n<p>&nbsp;<\/p>\n<p> <\/p>\n<p>La secretar\u00eda general del PRD, Adriana D\u00edaz lament\u00f3 los dichos del titular de Marina que dijo se inscriben en la campa\u00f1a de ataques a organismos aut\u00f3nomos y al Poder Judicial de la Federaci\u00f3n por parte del presidente Andr\u00e9s Manuel L\u00f3pez Obrador, ello en un af\u00e1n de controlarlos o desaparecerlos cuando su actuaci\u00f3n o decisiones no comulgan con su proyecto de gobierno.<\/p>\n<p>&nbsp;<\/p>\n<p>En entrevista en el marco de una reuni\u00f3n con legisladores locales y federales del PRD, dijo que solicitar\u00e1 a los coordinadores de ese partido en el Senado, Miguel \u00c1ngel Mancera y en C\u00e1mara de Diputados, Ver\u00f3nica Ju\u00e1rez, que presenten un punto de acuerdo para la comparecencia del titular de Marina, con el fin de que explique a que se refiere cuando dice que \u00abel enemigo\u00bb es el Poder Judicial y sobre todo que aporte pruebas.<\/p>\n<p>&nbsp;<\/p>\n<p><em>\u00abSin duda es un tema pol\u00edtico, es un tema electoral, no es fortuito que se haya dicho esto desde la ma\u00f1anera y es obvio que fue ordenado por el Presidente de la Rep\u00fablica como parte de su estrategia para avasallar, presionar e intervenir en las decisiones de la Suprema Corte de Justicia de la Naci\u00f3n\u00bb<\/em>, indic\u00f3 v\u00eda telef\u00f3nica.<\/p>\n<p>&nbsp;<\/p>\n<p>Resalt\u00f3 que este tipo de acusaciones enrarecen en clima pol\u00edtico en el pa\u00eds, polarizan a\u00fan m\u00e1s las campa\u00f1as.<\/p>\n<p>&nbsp;<\/p>\n<p><em>\u00abEl presidente debe respetar a Constituci\u00f3n y actuar como Jefe de Estado y no como l\u00edder de Morena o coordinador de campa\u00f1as electorales\u00bb.<\/em><\/p>\n<p>&nbsp;<\/p>\n<p>Agreg\u00f3 que es obvio que los dichos del secretario Ojeda Dur\u00e1n se dieron por orden presidencial, lo cual es in\u00e9dito en el pa\u00eds, porque las Fuerzas Armadas, por lo menos en la historia reciente, nunca hab\u00edan atacado o acusado a otro Poder.<\/p>\n<p>&nbsp;<\/p>\n<p>D\u00edaz Contreras, dijo que este fin de semana la dirigencia nacional del PRD, que recientemente present\u00f3 una demanda penal contra el presidente L\u00f3pez Obrador por su intromisi\u00f3n en el proceso electoral, acordar\u00e1 con sus coordinadores en el Congreso de la Uni\u00f3n solicitar la comparecencia del titular de Marina.<\/p>\n<p>&nbsp;<\/p>\n<p>(Publicada el 22\/05\/2021)<\/p>\n","protected":false},"excerpt":{"rendered":"<p>CIUDAD DE M\u00c9XICO. MX.\u2014 La bancada del PRD en la Comisi\u00f3n Permanente del Congreso de&#8230;<\/p>\n","protected":false},"author":1,"featured_media":114564,"comment_status":"open","ping_status":"open","sticky":false,"template":"","format":"standard","meta":{"_monsterinsights_skip_tracking":false,"_monsterinsights_sitenote_active":false,"_monsterinsights_sitenote_note":"","_monsterinsights_sitenote_category":0,"footnotes":""},"categories":[5],"tags":[],"class_list":["post"],"yoast_head":" \n<title>Sonora en Equipo. PRD llamar\u00e1 a comparecer a titular de Marina por acusaciones Rep\u00fablica<\/title>\n<meta name=\"description\" content=\"CIUDAD DE M\u00c9XICO. MX.\u2014 La bancada del PRD en la Comisi\u00f3n Permanente del Congreso de la Uni\u00f3n solicitar\u00e1 la comparecencia del secretario de la Marina, Jos\u00e9 En Sonora en Equipo publicamos toda la informaci\u00f3n de Sonora, M\u00e9xico y el Mundo de manera oportuna y busca que la libertad de expresi\u00f3n sea real. Visita nuestro medio informativo publicado desde Hermosillo, Sonora. %\" \/>\n<meta name=\"robots\" content=\"index, follow, max-snippet:-1, max-image-preview:large, max-video-preview:-1\" \/>\n<link rel=\"canonical\" href=\"https:\/\/www.sonoraenequipo.com.mx\/prd-llamara-a-comparecer-a-titular-de-marina-por-acusaciones\/\" \/>\n<meta property=\"og:locale\" content=\"es_ES\" \/>\n<meta property=\"og:type\" content=\"article\" \/>\n<meta property=\"og:title\" content=\"Sonora en Equipo. PRD llamar\u00e1 a comparecer a titular de Marina por acusaciones Rep\u00fablica\" \/>\n<meta property=\"og:description\" content=\"CIUDAD DE M\u00c9XICO. MX.\u2014 La bancada del PRD en la Comisi\u00f3n Permanente del Congreso de la Uni\u00f3n solicitar\u00e1 la comparecencia del secretario de la Marina, Jos\u00e9 En Sonora en Equipo publicamos toda la informaci\u00f3n de Sonora, M\u00e9xico y el Mundo de manera oportuna y busca que la libertad de expresi\u00f3n sea real. Visita nuestro medio informativo publicado desde Hermosillo, Sonora. %\" \/>\n<meta property=\"og:url\" content=\"https:\/\/www.sonoraenequipo.com.mx\/prd-llamara-a-comparecer-a-titular-de-marina-por-acusaciones\/\" \/>\n<meta property=\"og:site_name\" content=\"Sonora en Equipo.\" \/>\n<meta property=\"article:publisher\" content=\"https:\/\/www.facebook.com\/SonoraEE\/\" \/>\n<meta property=\"article:author\" content=\"https:\/\/www.facebook.com\/SonoraEE\" \/>\n<meta property=\"article:published_time\" content=\"2021-05-22T20:45:30+00:00\" \/>\n<meta property=\"article:modified_time\" content=\"2021-05-22T22:13:38+00:00\" \/>\n<meta property=\"og:image\" content=\"https:\/\/www.sonoraenequipo.com.mx\/storage\/2021\/05\/Amlo-y-Rafael-Ojeda-Duran_opt.jpg\" \/>\n\t<meta property=\"og:image:width\" content=\"700\" \/>\n\t<meta property=\"og:image:height\" content=\"400\" \/>\n\t<meta property=\"og:image:type\" content=\"image\/jpeg\" \/>\n<meta name=\"author\" content=\"enequipo\" \/>\n<meta name=\"twitter:card\" content=\"summary_large_image\" \/>\n<meta name=\"twitter:creator\" content=\"@sonoraenequipo\" \/>\n<meta name=\"twitter:site\" content=\"@sonoraenequipo\" \/>\n<meta name=\"twitter:label1\" content=\"Escrito por\" \/>\n\t<meta name=\"twitter:data1\" content=\"enequipo\" \/>\n\t<meta name=\"twitter:label2\" content=\"Tiempo de lectura\" \/>\n\t<meta name=\"twitter:data2\" content=\"2 minutos\" \/>\n<script type=\"application\/ld+json\" class=\"yoast-schema-graph\">{\"@context\":\"https:\/\/schema.org\",\"@graph\":[{\"@type\":\"Article\",\"@id\":\"https:\/\/www.sonoraenequipo.com.mx\/prd-llamara-a-comparecer-a-titular-de-marina-por-acusaciones\/#article\",\"isPartOf\":{\"@id\":\"https:\/\/www.sonoraenequipo.com.mx\/prd-llamara-a-comparecer-a-titular-de-marina-por-acusaciones\/\"},\"author\":{\"name\":\"enequipo\",\"@id\":\"https:\/\/www.sonoraenequipo.com.mx\/#\/schema\/person\/50102df0fb23a8fa9e8effad8fa81386\"},\"headline\":\"PRD llamar\u00e1 a comparecer a titular de Marina por acusaciones\",\"datePublished\":\"2021-05-22T20:45:30+00:00\",\"dateModified\":\"2021-05-22T22:13:38+00:00\",\"mainEntityOfPage\":{\"@id\":\"https:\/\/www.sonoraenequipo.com.mx\/prd-llamara-a-comparecer-a-titular-de-marina-por-acusaciones\/\"},\"wordCount\":452,\"commentCount\":0,\"publisher\":{\"@id\":\"https:\/\/www.sonoraenequipo.com.mx\/#organization\"},\"image\":{\"@id\":\"https:\/\/www.sonoraenequipo.com.mx\/prd-llamara-a-comparecer-a-titular-de-marina-por-acusaciones\/#primaryimage\"},\"thumbnailUrl\":\"https:\/\/www.sonoraenequipo.com.mx\/storage\/2021\/05\/Amlo-y-Rafael-Ojeda-Duran_opt.jpg\",\"articleSection\":[\"Rep\u00fablica\"],\"inLanguage\":\"es\",\"potentialAction\":[{\"@type\":\"CommentAction\",\"name\":\"Comment\",\"target\":[\"https:\/\/www.sonoraenequipo.com.mx\/prd-llamara-a-comparecer-a-titular-de-marina-por-acusaciones\/#respond\"]}]},{\"@type\":\"WebPage\",\"@id\":\"https:\/\/www.sonoraenequipo.com.mx\/prd-llamara-a-comparecer-a-titular-de-marina-por-acusaciones\/\",\"url\":\"https:\/\/www.sonoraenequipo.com.mx\/prd-llamara-a-comparecer-a-titular-de-marina-por-acusaciones\/\",\"name\":\"Sonora en Equipo. PRD llamar\u00e1 a comparecer a titular de Marina por acusaciones Rep\u00fablica\",\"isPartOf\":{\"@id\":\"https:\/\/www.sonoraenequipo.com.mx\/#website\"},\"primaryImageOfPage\":{\"@id\":\"https:\/\/www.sonoraenequipo.com.mx\/prd-llamara-a-comparecer-a-titular-de-marina-por-acusaciones\/#primaryimage\"},\"image\":{\"@id\":\"https:\/\/www.sonoraenequipo.com.mx\/prd-llamara-a-comparecer-a-titular-de-marina-por-acusaciones\/#primaryimage\"},\"thumbnailUrl\":\"https:\/\/www.sonoraenequipo.com.mx\/storage\/2021\/05\/Amlo-y-Rafael-Ojeda-Duran_opt.jpg\",\"datePublished\":\"2021-05-22T20:45:30+00:00\",\"dateModified\":\"2021-05-22T22:13:38+00:00\",\"description\":\"CIUDAD DE M\u00c9XICO. MX.\u2014 La bancada del PRD en la Comisi\u00f3n Permanente del Congreso de la Uni\u00f3n solicitar\u00e1 la comparecencia del secretario de la Marina, Jos\u00e9 En Sonora en Equipo publicamos toda la informaci\u00f3n de Sonora, M\u00e9xico y el Mundo de manera oportuna y busca que la libertad de expresi\u00f3n sea real. Visita nuestro medio informativo publicado desde Hermosillo, Sonora. %\",\"breadcrumb\":{\"@id\":\"https:\/\/www.sonoraenequipo.com.mx\/prd-llamara-a-comparecer-a-titular-de-marina-por-acusaciones\/#breadcrumb\"},\"inLanguage\":\"es\",\"potentialAction\":[{\"@type\":\"ReadAction\",\"target\":[\"https:\/\/www.sonoraenequipo.com.mx\/prd-llamara-a-comparecer-a-titular-de-marina-por-acusaciones\/\"]}]},{\"@type\":\"ImageObject\",\"inLanguage\":\"es\",\"@id\":\"https:\/\/www.sonoraenequipo.com.mx\/prd-llamara-a-comparecer-a-titular-de-marina-por-acusaciones\/#primaryimage\",\"url\":\"https:\/\/www.sonoraenequipo.com.mx\/storage\/2021\/05\/Amlo-y-Rafael-Ojeda-Duran_opt.jpg\",\"contentUrl\":\"https:\/\/www.sonoraenequipo.com.mx\/storage\/2021\/05\/Amlo-y-Rafael-Ojeda-Duran_opt.jpg\",\"width\":700,\"height\":400},{\"@type\":\"BreadcrumbList\",\"@id\":\"https:\/\/www.sonoraenequipo.com.mx\/prd-llamara-a-comparecer-a-titular-de-marina-por-acusaciones\/#breadcrumb\",\"itemListElement\":[{\"@type\":\"ListItem\",\"position\":1,\"name\":\"Portada\",\"item\":\"https:\/\/www.sonoraenequipo.com.mx\/\"},{\"@type\":\"ListItem\",\"position\":2,\"name\":\"PRD llamar\u00e1 a comparecer a titular de Marina por acusaciones\"}]},{\"@type\":\"WebSite\",\"@id\":\"https:\/\/www.sonoraenequipo.com.mx\/#website\",\"url\":\"https:\/\/www.sonoraenequipo.com.mx\/\",\"name\":\"Sonora en Equipo.\",\"description\":\"Diario en l\u00ednea con Noticias desde Hermosillo, Sonora\",\"publisher\":{\"@id\":\"https:\/\/www.sonoraenequipo.com.mx\/#organization\"},\"potentialAction\":[{\"@type\":\"SearchAction\",\"target\":{\"@type\":\"EntryPoint\",\"urlTemplate\":\"https:\/\/www.sonoraenequipo.com.mx\/?s={search_term_string}\"},\"query-input\":{\"@type\":\"PropertyValueSpecification\",\"valueRequired\":true,\"valueName\":\"search_term_string\"}}],\"inLanguage\":\"es\"},{\"@type\":\"Organization\",\"@id\":\"https:\/\/www.sonoraenequipo.com.mx\/#organization\",\"name\":\"Sonoraenequipo.com.mx\",\"url\":\"https:\/\/www.sonoraenequipo.com.mx\/\",\"logo\":{\"@type\":\"ImageObject\",\"inLanguage\":\"es\",\"@id\":\"https:\/\/www.sonoraenequipo.com.mx\/#\/schema\/logo\/image\/\",\"url\":\"https:\/\/www.sonoraenequipo.com.mx\/storage\/2019\/01\/sonoraenequipo_opt.png\",\"contentUrl\":\"https:\/\/www.sonoraenequipo.com.mx\/storage\/2019\/01\/sonoraenequipo_opt.png\",\"width\":375,\"height\":125,\"caption\":\"Sonoraenequipo.com.mx\"},\"image\":{\"@id\":\"https:\/\/www.sonoraenequipo.com.mx\/#\/schema\/logo\/image\/\"},\"sameAs\":[\"https:\/\/www.facebook.com\/SonoraEE\/\",\"https:\/\/x.com\/sonoraenequipo\",\"https:\/\/www.youtube.com\/channel\/UC338nW-lPEYmJQs4ZABQ1SQ\"]},{\"@type\":\"Person\",\"@id\":\"https:\/\/www.sonoraenequipo.com.mx\/#\/schema\/person\/50102df0fb23a8fa9e8effad8fa81386\",\"name\":\"enequipo\",\"image\":{\"@type\":\"ImageObject\",\"inLanguage\":\"es\",\"@id\":\"https:\/\/www.sonoraenequipo.com.mx\/#\/schema\/person\/image\/\",\"url\":\"https:\/\/secure.gravatar.com\/avatar\/049821681b589dabc0bc20695993ccebb09f5b5d4d790cd9251b97faac7c652b?s=96&d=blank&r=g\",\"contentUrl\":\"https:\/\/secure.gravatar.com\/avatar\/049821681b589dabc0bc20695993ccebb09f5b5d4d790cd9251b97faac7c652b?s=96&d=blank&r=g\",\"caption\":\"enequipo\"},\"sameAs\":[\"https:\/\/www.facebook.com\/SonoraEE\"]}]}<\/script>\n ","yoast_head_json":{"title":"Sonora en Equipo. PRD llamar\u00e1 a comparecer a titular de Marina por acusaciones Rep\u00fablica","description":"CIUDAD DE M\u00c9XICO. MX.\u2014 La bancada del PRD en la Comisi\u00f3n Permanente del Congreso de la Uni\u00f3n solicitar\u00e1 la comparecencia del secretario de la Marina, Jos\u00e9 En Sonora en Equipo publicamos toda la informaci\u00f3n de Sonora, M\u00e9xico y el Mundo de manera oportuna y busca que la libertad de expresi\u00f3n sea real. Visita nuestro medio informativo publicado desde Hermosillo, Sonora. %","robots":{"index":"index","follow":"follow","max-snippet":"max-snippet:-1","max-image-preview":"max-image-preview:large","max-video-preview":"max-video-preview:-1"},"canonical":"https:\/\/www.sonoraenequipo.com.mx\/prd-llamara-a-comparecer-a-titular-de-marina-por-acusaciones\/","og_locale":"es_ES","og_type":"article","og_title":"Sonora en Equipo. PRD llamar\u00e1 a comparecer a titular de Marina por acusaciones Rep\u00fablica","og_description":"CIUDAD DE M\u00c9XICO. MX.\u2014 La bancada del PRD en la Comisi\u00f3n Permanente del Congreso de la Uni\u00f3n solicitar\u00e1 la comparecencia del secretario de la Marina, Jos\u00e9 En Sonora en Equipo publicamos toda la informaci\u00f3n de Sonora, M\u00e9xico y el Mundo de manera oportuna y busca que la libertad de expresi\u00f3n sea real. Visita nuestro medio informativo publicado desde Hermosillo, Sonora. %","og_url":"https:\/\/www.sonoraenequipo.com.mx\/prd-llamara-a-comparecer-a-titular-de-marina-por-acusaciones\/","og_site_name":"Sonora en Equipo.","article_publisher":"https:\/\/www.facebook.com\/SonoraEE\/","article_author":"https:\/\/www.facebook.com\/SonoraEE","article_published_time":"2021-05-22T20:45:30+00:00","article_modified_time":"2021-05-22T22:13:38+00:00","og_image":[{"width":700,"height":400,"url":"https:\/\/www.sonoraenequipo.com.mx\/storage\/2021\/05\/Amlo-y-Rafael-Ojeda-Duran_opt.jpg","type":"image\/jpeg"}],"author":"enequipo","twitter_card":"summary_large_image","twitter_creator":"@sonoraenequipo","twitter_site":"@sonoraenequipo","twitter_misc":{"Escrito por":"enequipo","Tiempo de lectura":"2 minutos"},"schema":{"@context":"https:\/\/schema.org","@graph":[{"@type":"Article","@id":"https:\/\/www.sonoraenequipo.com.mx\/prd-llamara-a-comparecer-a-titular-de-marina-por-acusaciones\/#article","isPartOf":{"@id":"https:\/\/www.sonoraenequipo.com.mx\/prd-llamara-a-comparecer-a-titular-de-marina-por-acusaciones\/"},"author":{"name":"enequipo","@id":"https:\/\/www.sonoraenequipo.com.mx\/#\/schema\/person\/50102df0fb23a8fa9e8effad8fa81386"},"headline":"PRD llamar\u00e1 a comparecer a titular de Marina por acusaciones","datePublished":"2021-05-22T20:45:30+00:00","dateModified":"2021-05-22T22:13:38+00:00","mainEntityOfPage":{"@id":"https:\/\/www.sonoraenequipo.com.mx\/prd-llamara-a-comparecer-a-titular-de-marina-por-acusaciones\/"},"wordCount":452,"commentCount":0,"publisher":{"@id":"https:\/\/www.sonoraenequipo.com.mx\/#organization"},"image":{"@id":"https:\/\/www.sonoraenequipo.com.mx\/prd-llamara-a-comparecer-a-titular-de-marina-por-acusaciones\/#primaryimage"},"thumbnailUrl":"https:\/\/www.sonoraenequipo.com.mx\/storage\/2021\/05\/Amlo-y-Rafael-Ojeda-Duran_opt.jpg","articleSection":["Rep\u00fablica"],"inLanguage":"es","potentialAction":[{"@type":"CommentAction","name":"Comment","target":["https:\/\/www.sonoraenequipo.com.mx\/prd-llamara-a-comparecer-a-titular-de-marina-por-acusaciones\/#respond"]}]},{"@type":"WebPage","@id":"https:\/\/www.sonoraenequipo.com.mx\/prd-llamara-a-comparecer-a-titular-de-marina-por-acusaciones\/","url":"https:\/\/www.sonoraenequipo.com.mx\/prd-llamara-a-comparecer-a-titular-de-marina-por-acusaciones\/","name":"Sonora en Equipo. PRD llamar\u00e1 a comparecer a titular de Marina por acusaciones Rep\u00fablica","isPartOf":{"@id":"https:\/\/www.sonoraenequipo.com.mx\/#website"},"primaryImageOfPage":{"@id":"https:\/\/www.sonoraenequipo.com.mx\/prd-llamara-a-comparecer-a-titular-de-marina-por-acusaciones\/#primaryimage"},"image":{"@id":"https:\/\/www.sonoraenequipo.com.mx\/prd-llamara-a-comparecer-a-titular-de-marina-por-acusaciones\/#primaryimage"},"thumbnailUrl":"https:\/\/www.sonoraenequipo.com.mx\/storage\/2021\/05\/Amlo-y-Rafael-Ojeda-Duran_opt.jpg","datePublished":"2021-05-22T20:45:30+00:00","dateModified":"2021-05-22T22:13:38+00:00","description":"CIUDAD DE M\u00c9XICO. MX.\u2014 La bancada del PRD en la Comisi\u00f3n Permanente del Congreso de la Uni\u00f3n solicitar\u00e1 la comparecencia del secretario de la Marina, Jos\u00e9 En Sonora en Equipo publicamos toda la informaci\u00f3n de Sonora, M\u00e9xico y el Mundo de manera oportuna y busca que la libertad de expresi\u00f3n sea real. Visita nuestro medio informativo publicado desde Hermosillo, Sonora. %","breadcrumb":{"@id":"https:\/\/www.sonoraenequipo.com.mx\/prd-llamara-a-comparecer-a-titular-de-marina-por-acusaciones\/#breadcrumb"},"inLanguage":"es","potentialAction":[{"@type":"ReadAction","target":["https:\/\/www.sonoraenequipo.com.mx\/prd-llamara-a-comparecer-a-titular-de-marina-por-acusaciones\/"]}]},{"@type":"ImageObject","inLanguage":"es","@id":"https:\/\/www.sonoraenequipo.com.mx\/prd-llamara-a-comparecer-a-titular-de-marina-por-acusaciones\/#primaryimage","url":"https:\/\/www.sonoraenequipo.com.mx\/storage\/2021\/05\/Amlo-y-Rafael-Ojeda-Duran_opt.jpg","contentUrl":"https:\/\/www.sonoraenequipo.com.mx\/storage\/2021\/05\/Amlo-y-Rafael-Ojeda-Duran_opt.jpg","width":700,"height":400},{"@type":"BreadcrumbList","@id":"https:\/\/www.sonoraenequipo.com.mx\/prd-llamara-a-comparecer-a-titular-de-marina-por-acusaciones\/#breadcrumb","itemListElement":[{"@type":"ListItem","position":1,"name":"Portada","item":"https:\/\/www.sonoraenequipo.com.mx\/"},{"@type":"ListItem","position":2,"name":"PRD llamar\u00e1 a comparecer a titular de Marina por acusaciones"}]},{"@type":"WebSite","@id":"https:\/\/www.sonoraenequipo.com.mx\/#website","url":"https:\/\/www.sonoraenequipo.com.mx\/","name":"Sonora en Equipo.","description":"Diario en l\u00ednea con Noticias desde Hermosillo, Sonora","publisher":{"@id":"https:\/\/www.sonoraenequipo.com.mx\/#organization"},"potentialAction":[{"@type":"SearchAction","target":{"@type":"EntryPoint","urlTemplate":"https:\/\/www.sonoraenequipo.com.mx\/?s={search_term_string}"},"query-input":{"@type":"PropertyValueSpecification","valueRequired":true,"valueName":"search_term_string"}}],"inLanguage":"es"},{"@type":"Organization","@id":"https:\/\/www.sonoraenequipo.com.mx\/#organization","name":"Sonoraenequipo.com.mx","url":"https:\/\/www.sonoraenequipo.com.mx\/","logo":{"@type":"ImageObject","inLanguage":"es","@id":"https:\/\/www.sonoraenequipo.com.mx\/#\/schema\/logo\/image\/","url":"https:\/\/www.sonoraenequipo.com.mx\/storage\/2019\/01\/sonoraenequipo_opt.png","contentUrl":"https:\/\/www.sonoraenequipo.com.mx\/storage\/2019\/01\/sonoraenequipo_opt.png","width":375,"height":125,"caption":"Sonoraenequipo.com.mx"},"image":{"@id":"https:\/\/www.sonoraenequipo.com.mx\/#\/schema\/logo\/image\/"},"sameAs":["https:\/\/www.facebook.com\/SonoraEE\/","https:\/\/x.com\/sonoraenequipo","https:\/\/www.youtube.com\/channel\/UC338nW-lPEYmJQs4ZABQ1SQ"]},{"@type":"Person","@id":"https:\/\/www.sonoraenequipo.com.mx\/#\/schema\/person\/50102df0fb23a8fa9e8effad8fa81386","name":"enequipo","image":{"@type":"ImageObject","inLanguage":"es","@id":"https:\/\/www.sonoraenequipo.com.mx\/#\/schema\/person\/image\/","url":"https:\/\/secure.gravatar.com\/avatar\/049821681b589dabc0bc20695993ccebb09f5b5d4d790cd9251b97faac7c652b?s=96&d=blank&r=g","contentUrl":"https:\/\/secure.gravatar.com\/avatar\/049821681b589dabc0bc20695993ccebb09f5b5d4d790cd9251b97faac7c652b?s=96&d=blank&r=g","caption":"enequipo"},"sameAs":["https:\/\/www.facebook.com\/SonoraEE"]}]}},"jetpack_featured_media_url":"https:\/\/www.sonoraenequipo.com.mx\/storage\/2021\/05\/Amlo-y-Rafael-Ojeda-Duran_opt.jpg","_links":{"self":[{"href":"https:\/\/www.sonoraenequipo.com.mx\/api\/wp\/v2\/posts\/114563","targetHints":{"allow":["GET"]}}],"collection":[{"href":"https:\/\/www.sonoraenequipo.com.mx\/api\/wp\/v2\/posts"}],"about":[{"href":"https:\/\/www.sonoraenequipo.com.mx\/api\/wp\/v2\/types\/post"}],"author":[{"embeddable":true,"href":"https:\/\/www.sonoraenequipo.com.mx\/api\/wp\/v2\/users\/1"}],"replies":[{"embeddable":true,"href":"https:\/\/www.sonoraenequipo.com.mx\/api\/wp\/v2\/comments?post=114563"}],"version-history":[{"count":1,"href":"https:\/\/www.sonoraenequipo.com.mx\/api\/wp\/v2\/posts\/114563\/revisions"}],"predecessor-version":[{"id":114565,"href":"https:\/\/www.sonoraenequipo.com.mx\/api\/wp\/v2\/posts\/114563\/revisions\/114565"}],"wp:featuredmedia":[{"embeddable":true,"href":"https:\/\/www.sonoraenequipo.com.mx\/api\/wp\/v2\/media\/114564"}],"wp:attachment":[{"href":"https:\/\/www.sonoraenequipo.com.mx\/api\/wp\/v2\/media?parent=114563"}],"wp:term":[{"taxonomy":"category","embeddable":true,"href":"https:\/\/www.sonoraenequipo.com.mx\/api\/wp\/v2\/categories?post=114563"},{"taxonomy":"post_tag","embeddable":true,"href":"https:\/\/www.sonoraenequipo.com.mx\/api\/wp\/v2\/tags?post=114563"}],"curies":[{"name":"wp","href":"https:\/\/api.w.org\/{rel}","templated":true}]}}