{"id":114574,"date":"2021-05-21T23:15:49","date_gmt":"2021-05-22T06:15:49","guid":{"rendered":"https:\/\/www.sonoraenequipo.com.mx\/?p=114574"},"modified":"2021-05-22T19:06:02","modified_gmt":"2021-05-23T02:06:02","slug":"el-tepjf-declara-inexistentes-las-infracciones-atribuidas-a-amlo-y-mario-delgado","status":"publish","type":"post","link":"https:\/\/www.sonoraenequipo.com.mx\/el-tepjf-declara-inexistentes-las-infracciones-atribuidas-a-amlo-y-mario-delgado\/","title":{"rendered":"El TEPJF declara inexistentes las infracciones atribuidas a AMLO y Mario Delgado."},"content":{"rendered":"<p>CIUDAD DE M\u00c9XICO. MX. \u2014 PAN y PRI denunciaron a Morena por uso indebido de recursos p\u00fablicos y programas sociales federales, derivado de la publicaci\u00f3n de diversos videos en redes sociales en los que aparecen personas que portan indumentaria con colores y emblemas de ese partido.<\/p>\n<p>&nbsp;<\/p>\n<p> <\/p>\n<p>Los quejosos precisaron que brigadistas identificados con Morena levantan padrones o registros de beneficiarios con el fin de que puedan acceder a programas gubernamentales.<\/p>\n<p><em>\u00abLas certificaciones realizadas por diversas juntas distritales y locales del INE acreditan que personas vinculadas con ese partido pol\u00edtico act\u00faan como intermediarias con la finalidad de informar, ofrecer o registrar a la ciudadan\u00eda para tener acceso a programas sociales, lo que provoca confusi\u00f3n en el e<\/em>lectorado\u00bb, se\u00f1ala el proyecto aprobado.<\/p>\n<p>Adem\u00e1s, por unanimidad se declar\u00f3 inexistente el uso indebido de programas sociales atribuido a Jos\u00e9 Luis Taddei Bringas, delegado de programas sociales del gobierno federal en Sonora. En este caso, se dio vista a la Unidad T\u00e9cnica de lo Contencioso.<\/p>\n<h3>\nCaso de AMLO y Mario Delgado<\/h3>\n<p>En otro asunto, la Sala Especializada declar\u00f3 la inexistencia una posible coacci\u00f3n del voto mediante el otorgamiento de programas sociales atribuido al l\u00edder nacional de Morena, Mario Delgado, y el presidente Andr\u00e9s Manuel L\u00f3pez Obrador.<\/p>\n<p>&nbsp;<\/p>\n<p>PAN y PES denunciaron esto derivado de la difusi\u00f3n del promocional denominado \u00abMD Nacional 1\u00bb.<\/p>\n<p><em>\u00abSe declaran inexistentes las infracciones atribuidas a Mario Mart\u00edn Delgado Carrillo, Andr\u00e9s Manuel L\u00f3pez Obrador y Morena\u00bb,<\/em> refiere el proyecto aprobado por unanimidad.<\/p>\n<p>Adem\u00e1s, se hizo un llamado a Morena para que atienda las recomendaciones del tribunal en relaci\u00f3n con el uso de lenguaje incluyente dentro de su propaganda.<\/p>\n<h3>\nSanci\u00f3n al PES<\/h3>\n<p>Los magistrados de la Sala Especializada tambi\u00e9n aprobaron multar al PES con 89,620 pesos por la difusi\u00f3n de un video en Facebook, en el que se advierte la aparici\u00f3n de cinco menores de edad, lo que constituye vulneraci\u00f3n al inter\u00e9s superior de la ni\u00f1ez.<\/p>\n<p>&nbsp;<\/p>\n<p>De acuerdo con los magistrados, no se acreditan los par\u00e1metros ni lineamientos debidos para incluir a menores de edad en promocionales, entre otros, difuminar su rostro, adem\u00e1s de contar con el consentimiento y la documentaci\u00f3n correspondiente.<\/p>\n<p>&nbsp;<\/p>\n<p>El proyecto fue aprobado por unanimidad, con el voto concurrente del magistrado Luis Esp\u00edndola Morales, y se dio vista al Instituto Mexicano de la Propiedad Industrial.<\/p>\n<h3>\nRevisi\u00f3n en Colima<\/h3>\n<p>Por unanimidad, el \u00f3rgano jurisdiccional determin\u00f3 la inexistencia de las infracciones de calumnia, uso indebido de la pauta y violencia pol\u00edtica contra las mujeres en raz\u00f3n de g\u00e9nero, denunciadas por Indira Vizca\u00edno, candidata a la gubernatura de Colima por Morena.<\/p>\n<p>&nbsp;<\/p>\n<p>La morenista denunci\u00f3 a Leoncio Alfonso Mor\u00e1n S\u00e1nchez, candidato de MC, por un promocional. Seg\u00fan Vizca\u00edno, ese spot la acusa de un fraude millonario e incita el odio en su contra.<\/p>\n<p>&nbsp;<\/p>\n<p>La sala del TEPJF estableci\u00f3 que las expresiones denunciadas forman parte del debate p\u00fablico, son del dominio p\u00fablico y constituyen un tema de inter\u00e9s para la ciudadan\u00eda en el contexto del proceso electoral en curso, pero no se centran en la morenista por su condici\u00f3n de mujer.<\/p>\n<p>&nbsp;<\/p>\n<p>(Publicada el 21\/05\/2021)<\/p>\n","protected":false},"excerpt":{"rendered":"<p>CIUDAD DE M\u00c9XICO. MX. \u2014 PAN y PRI denunciaron a Morena por uso indebido de&#8230;<\/p>\n","protected":false},"author":1,"featured_media":114575,"comment_status":"open","ping_status":"open","sticky":false,"template":"","format":"standard","meta":{"_monsterinsights_skip_tracking":false,"_monsterinsights_sitenote_active":false,"_monsterinsights_sitenote_note":"","_monsterinsights_sitenote_category":0,"footnotes":""},"categories":[8],"tags":[],"class_list":["post"],"yoast_head":" \n<title>Sonora en Equipo. El TEPJF declara inexistentes las infracciones atribuidas a AMLO y Mario Delgado. LA ELECCION 2024<\/title>\n<meta name=\"description\" content=\"CIUDAD DE M\u00c9XICO. MX. \u2014 PAN y PRI denunciaron a Morena por uso indebido de recursos p\u00fablicos y programas sociales federales, derivado de la publicaci\u00f3n de En Sonora en Equipo publicamos toda la informaci\u00f3n de Sonora, M\u00e9xico y el Mundo de manera oportuna y busca que la libertad de expresi\u00f3n sea real. Visita nuestro medio informativo publicado desde Hermosillo, Sonora. %\" \/>\n<meta name=\"robots\" content=\"index, follow, max-snippet:-1, max-image-preview:large, max-video-preview:-1\" \/>\n<link rel=\"canonical\" href=\"https:\/\/www.sonoraenequipo.com.mx\/el-tepjf-declara-inexistentes-las-infracciones-atribuidas-a-amlo-y-mario-delgado\/\" \/>\n<meta property=\"og:locale\" content=\"es_ES\" \/>\n<meta property=\"og:type\" content=\"article\" \/>\n<meta property=\"og:title\" content=\"Sonora en Equipo. El TEPJF declara inexistentes las infracciones atribuidas a AMLO y Mario Delgado. LA ELECCION 2024\" \/>\n<meta property=\"og:description\" content=\"CIUDAD DE M\u00c9XICO. MX. \u2014 PAN y PRI denunciaron a Morena por uso indebido de recursos p\u00fablicos y programas sociales federales, derivado de la publicaci\u00f3n de En Sonora en Equipo publicamos toda la informaci\u00f3n de Sonora, M\u00e9xico y el Mundo de manera oportuna y busca que la libertad de expresi\u00f3n sea real. Visita nuestro medio informativo publicado desde Hermosillo, Sonora. %\" \/>\n<meta property=\"og:url\" content=\"https:\/\/www.sonoraenequipo.com.mx\/el-tepjf-declara-inexistentes-las-infracciones-atribuidas-a-amlo-y-mario-delgado\/\" \/>\n<meta property=\"og:site_name\" content=\"Sonora en Equipo.\" \/>\n<meta property=\"article:publisher\" content=\"https:\/\/www.facebook.com\/SonoraEE\/\" \/>\n<meta property=\"article:author\" content=\"https:\/\/www.facebook.com\/SonoraEE\" \/>\n<meta property=\"article:published_time\" content=\"2021-05-22T06:15:49+00:00\" \/>\n<meta property=\"article:modified_time\" content=\"2021-05-23T02:06:02+00:00\" \/>\n<meta property=\"og:image\" content=\"https:\/\/www.sonoraenequipo.com.mx\/storage\/2021\/05\/tribunal-electoral-promueve-juicios_opt.jpg\" \/>\n\t<meta property=\"og:image:width\" content=\"700\" \/>\n\t<meta property=\"og:image:height\" content=\"400\" \/>\n\t<meta property=\"og:image:type\" content=\"image\/jpeg\" \/>\n<meta name=\"author\" content=\"enequipo\" \/>\n<meta name=\"twitter:card\" content=\"summary_large_image\" \/>\n<meta name=\"twitter:creator\" content=\"@sonoraenequipo\" \/>\n<meta name=\"twitter:site\" content=\"@sonoraenequipo\" \/>\n<meta name=\"twitter:label1\" content=\"Escrito por\" \/>\n\t<meta name=\"twitter:data1\" content=\"enequipo\" \/>\n\t<meta name=\"twitter:label2\" content=\"Tiempo de lectura\" \/>\n\t<meta name=\"twitter:data2\" content=\"3 minutos\" \/>\n<script type=\"application\/ld+json\" class=\"yoast-schema-graph\">{\"@context\":\"https:\/\/schema.org\",\"@graph\":[{\"@type\":\"Article\",\"@id\":\"https:\/\/www.sonoraenequipo.com.mx\/el-tepjf-declara-inexistentes-las-infracciones-atribuidas-a-amlo-y-mario-delgado\/#article\",\"isPartOf\":{\"@id\":\"https:\/\/www.sonoraenequipo.com.mx\/el-tepjf-declara-inexistentes-las-infracciones-atribuidas-a-amlo-y-mario-delgado\/\"},\"author\":{\"name\":\"enequipo\",\"@id\":\"https:\/\/www.sonoraenequipo.com.mx\/#\/schema\/person\/50102df0fb23a8fa9e8effad8fa81386\"},\"headline\":\"El TEPJF declara inexistentes las infracciones atribuidas a AMLO y Mario Delgado.\",\"datePublished\":\"2021-05-22T06:15:49+00:00\",\"dateModified\":\"2021-05-23T02:06:02+00:00\",\"mainEntityOfPage\":{\"@id\":\"https:\/\/www.sonoraenequipo.com.mx\/el-tepjf-declara-inexistentes-las-infracciones-atribuidas-a-amlo-y-mario-delgado\/\"},\"wordCount\":558,\"commentCount\":0,\"publisher\":{\"@id\":\"https:\/\/www.sonoraenequipo.com.mx\/#organization\"},\"image\":{\"@id\":\"https:\/\/www.sonoraenequipo.com.mx\/el-tepjf-declara-inexistentes-las-infracciones-atribuidas-a-amlo-y-mario-delgado\/#primaryimage\"},\"thumbnailUrl\":\"https:\/\/www.sonoraenequipo.com.mx\/storage\/2021\/05\/tribunal-electoral-promueve-juicios_opt.jpg\",\"articleSection\":[\"LA ELECCION 2024\"],\"inLanguage\":\"es\",\"potentialAction\":[{\"@type\":\"CommentAction\",\"name\":\"Comment\",\"target\":[\"https:\/\/www.sonoraenequipo.com.mx\/el-tepjf-declara-inexistentes-las-infracciones-atribuidas-a-amlo-y-mario-delgado\/#respond\"]}]},{\"@type\":\"WebPage\",\"@id\":\"https:\/\/www.sonoraenequipo.com.mx\/el-tepjf-declara-inexistentes-las-infracciones-atribuidas-a-amlo-y-mario-delgado\/\",\"url\":\"https:\/\/www.sonoraenequipo.com.mx\/el-tepjf-declara-inexistentes-las-infracciones-atribuidas-a-amlo-y-mario-delgado\/\",\"name\":\"Sonora en Equipo. El TEPJF declara inexistentes las infracciones atribuidas a AMLO y Mario Delgado. LA ELECCION 2024\",\"isPartOf\":{\"@id\":\"https:\/\/www.sonoraenequipo.com.mx\/#website\"},\"primaryImageOfPage\":{\"@id\":\"https:\/\/www.sonoraenequipo.com.mx\/el-tepjf-declara-inexistentes-las-infracciones-atribuidas-a-amlo-y-mario-delgado\/#primaryimage\"},\"image\":{\"@id\":\"https:\/\/www.sonoraenequipo.com.mx\/el-tepjf-declara-inexistentes-las-infracciones-atribuidas-a-amlo-y-mario-delgado\/#primaryimage\"},\"thumbnailUrl\":\"https:\/\/www.sonoraenequipo.com.mx\/storage\/2021\/05\/tribunal-electoral-promueve-juicios_opt.jpg\",\"datePublished\":\"2021-05-22T06:15:49+00:00\",\"dateModified\":\"2021-05-23T02:06:02+00:00\",\"description\":\"CIUDAD DE M\u00c9XICO. MX. \u2014 PAN y PRI denunciaron a Morena por uso indebido de recursos p\u00fablicos y programas sociales federales, derivado de la publicaci\u00f3n de En Sonora en Equipo publicamos toda la informaci\u00f3n de Sonora, M\u00e9xico y el Mundo de manera oportuna y busca que la libertad de expresi\u00f3n sea real. Visita nuestro medio informativo publicado desde Hermosillo, Sonora. %\",\"breadcrumb\":{\"@id\":\"https:\/\/www.sonoraenequipo.com.mx\/el-tepjf-declara-inexistentes-las-infracciones-atribuidas-a-amlo-y-mario-delgado\/#breadcrumb\"},\"inLanguage\":\"es\",\"potentialAction\":[{\"@type\":\"ReadAction\",\"target\":[\"https:\/\/www.sonoraenequipo.com.mx\/el-tepjf-declara-inexistentes-las-infracciones-atribuidas-a-amlo-y-mario-delgado\/\"]}]},{\"@type\":\"ImageObject\",\"inLanguage\":\"es\",\"@id\":\"https:\/\/www.sonoraenequipo.com.mx\/el-tepjf-declara-inexistentes-las-infracciones-atribuidas-a-amlo-y-mario-delgado\/#primaryimage\",\"url\":\"https:\/\/www.sonoraenequipo.com.mx\/storage\/2021\/05\/tribunal-electoral-promueve-juicios_opt.jpg\",\"contentUrl\":\"https:\/\/www.sonoraenequipo.com.mx\/storage\/2021\/05\/tribunal-electoral-promueve-juicios_opt.jpg\",\"width\":700,\"height\":400},{\"@type\":\"BreadcrumbList\",\"@id\":\"https:\/\/www.sonoraenequipo.com.mx\/el-tepjf-declara-inexistentes-las-infracciones-atribuidas-a-amlo-y-mario-delgado\/#breadcrumb\",\"itemListElement\":[{\"@type\":\"ListItem\",\"position\":1,\"name\":\"Portada\",\"item\":\"https:\/\/www.sonoraenequipo.com.mx\/\"},{\"@type\":\"ListItem\",\"position\":2,\"name\":\"El TEPJF declara inexistentes las infracciones atribuidas a AMLO y Mario Delgado.\"}]},{\"@type\":\"WebSite\",\"@id\":\"https:\/\/www.sonoraenequipo.com.mx\/#website\",\"url\":\"https:\/\/www.sonoraenequipo.com.mx\/\",\"name\":\"Sonora en Equipo.\",\"description\":\"Diario en l\u00ednea con Noticias desde Hermosillo, Sonora\",\"publisher\":{\"@id\":\"https:\/\/www.sonoraenequipo.com.mx\/#organization\"},\"potentialAction\":[{\"@type\":\"SearchAction\",\"target\":{\"@type\":\"EntryPoint\",\"urlTemplate\":\"https:\/\/www.sonoraenequipo.com.mx\/?s={search_term_string}\"},\"query-input\":{\"@type\":\"PropertyValueSpecification\",\"valueRequired\":true,\"valueName\":\"search_term_string\"}}],\"inLanguage\":\"es\"},{\"@type\":\"Organization\",\"@id\":\"https:\/\/www.sonoraenequipo.com.mx\/#organization\",\"name\":\"Sonoraenequipo.com.mx\",\"url\":\"https:\/\/www.sonoraenequipo.com.mx\/\",\"logo\":{\"@type\":\"ImageObject\",\"inLanguage\":\"es\",\"@id\":\"https:\/\/www.sonoraenequipo.com.mx\/#\/schema\/logo\/image\/\",\"url\":\"https:\/\/www.sonoraenequipo.com.mx\/storage\/2019\/01\/sonoraenequipo_opt.png\",\"contentUrl\":\"https:\/\/www.sonoraenequipo.com.mx\/storage\/2019\/01\/sonoraenequipo_opt.png\",\"width\":375,\"height\":125,\"caption\":\"Sonoraenequipo.com.mx\"},\"image\":{\"@id\":\"https:\/\/www.sonoraenequipo.com.mx\/#\/schema\/logo\/image\/\"},\"sameAs\":[\"https:\/\/www.facebook.com\/SonoraEE\/\",\"https:\/\/x.com\/sonoraenequipo\",\"https:\/\/www.youtube.com\/channel\/UC338nW-lPEYmJQs4ZABQ1SQ\"]},{\"@type\":\"Person\",\"@id\":\"https:\/\/www.sonoraenequipo.com.mx\/#\/schema\/person\/50102df0fb23a8fa9e8effad8fa81386\",\"name\":\"enequipo\",\"image\":{\"@type\":\"ImageObject\",\"inLanguage\":\"es\",\"@id\":\"https:\/\/www.sonoraenequipo.com.mx\/#\/schema\/person\/image\/\",\"url\":\"https:\/\/secure.gravatar.com\/avatar\/049821681b589dabc0bc20695993ccebb09f5b5d4d790cd9251b97faac7c652b?s=96&d=blank&r=g\",\"contentUrl\":\"https:\/\/secure.gravatar.com\/avatar\/049821681b589dabc0bc20695993ccebb09f5b5d4d790cd9251b97faac7c652b?s=96&d=blank&r=g\",\"caption\":\"enequipo\"},\"sameAs\":[\"https:\/\/www.facebook.com\/SonoraEE\"]}]}<\/script>\n ","yoast_head_json":{"title":"Sonora en Equipo. El TEPJF declara inexistentes las infracciones atribuidas a AMLO y Mario Delgado. LA ELECCION 2024","description":"CIUDAD DE M\u00c9XICO. MX. \u2014 PAN y PRI denunciaron a Morena por uso indebido de recursos p\u00fablicos y programas sociales federales, derivado de la publicaci\u00f3n de En Sonora en Equipo publicamos toda la informaci\u00f3n de Sonora, M\u00e9xico y el Mundo de manera oportuna y busca que la libertad de expresi\u00f3n sea real. Visita nuestro medio informativo publicado desde Hermosillo, Sonora. %","robots":{"index":"index","follow":"follow","max-snippet":"max-snippet:-1","max-image-preview":"max-image-preview:large","max-video-preview":"max-video-preview:-1"},"canonical":"https:\/\/www.sonoraenequipo.com.mx\/el-tepjf-declara-inexistentes-las-infracciones-atribuidas-a-amlo-y-mario-delgado\/","og_locale":"es_ES","og_type":"article","og_title":"Sonora en Equipo. El TEPJF declara inexistentes las infracciones atribuidas a AMLO y Mario Delgado. LA ELECCION 2024","og_description":"CIUDAD DE M\u00c9XICO. MX. \u2014 PAN y PRI denunciaron a Morena por uso indebido de recursos p\u00fablicos y programas sociales federales, derivado de la publicaci\u00f3n de En Sonora en Equipo publicamos toda la informaci\u00f3n de Sonora, M\u00e9xico y el Mundo de manera oportuna y busca que la libertad de expresi\u00f3n sea real. Visita nuestro medio informativo publicado desde Hermosillo, Sonora. %","og_url":"https:\/\/www.sonoraenequipo.com.mx\/el-tepjf-declara-inexistentes-las-infracciones-atribuidas-a-amlo-y-mario-delgado\/","og_site_name":"Sonora en Equipo.","article_publisher":"https:\/\/www.facebook.com\/SonoraEE\/","article_author":"https:\/\/www.facebook.com\/SonoraEE","article_published_time":"2021-05-22T06:15:49+00:00","article_modified_time":"2021-05-23T02:06:02+00:00","og_image":[{"width":700,"height":400,"url":"https:\/\/www.sonoraenequipo.com.mx\/storage\/2021\/05\/tribunal-electoral-promueve-juicios_opt.jpg","type":"image\/jpeg"}],"author":"enequipo","twitter_card":"summary_large_image","twitter_creator":"@sonoraenequipo","twitter_site":"@sonoraenequipo","twitter_misc":{"Escrito por":"enequipo","Tiempo de lectura":"3 minutos"},"schema":{"@context":"https:\/\/schema.org","@graph":[{"@type":"Article","@id":"https:\/\/www.sonoraenequipo.com.mx\/el-tepjf-declara-inexistentes-las-infracciones-atribuidas-a-amlo-y-mario-delgado\/#article","isPartOf":{"@id":"https:\/\/www.sonoraenequipo.com.mx\/el-tepjf-declara-inexistentes-las-infracciones-atribuidas-a-amlo-y-mario-delgado\/"},"author":{"name":"enequipo","@id":"https:\/\/www.sonoraenequipo.com.mx\/#\/schema\/person\/50102df0fb23a8fa9e8effad8fa81386"},"headline":"El TEPJF declara inexistentes las infracciones atribuidas a AMLO y Mario Delgado.","datePublished":"2021-05-22T06:15:49+00:00","dateModified":"2021-05-23T02:06:02+00:00","mainEntityOfPage":{"@id":"https:\/\/www.sonoraenequipo.com.mx\/el-tepjf-declara-inexistentes-las-infracciones-atribuidas-a-amlo-y-mario-delgado\/"},"wordCount":558,"commentCount":0,"publisher":{"@id":"https:\/\/www.sonoraenequipo.com.mx\/#organization"},"image":{"@id":"https:\/\/www.sonoraenequipo.com.mx\/el-tepjf-declara-inexistentes-las-infracciones-atribuidas-a-amlo-y-mario-delgado\/#primaryimage"},"thumbnailUrl":"https:\/\/www.sonoraenequipo.com.mx\/storage\/2021\/05\/tribunal-electoral-promueve-juicios_opt.jpg","articleSection":["LA ELECCION 2024"],"inLanguage":"es","potentialAction":[{"@type":"CommentAction","name":"Comment","target":["https:\/\/www.sonoraenequipo.com.mx\/el-tepjf-declara-inexistentes-las-infracciones-atribuidas-a-amlo-y-mario-delgado\/#respond"]}]},{"@type":"WebPage","@id":"https:\/\/www.sonoraenequipo.com.mx\/el-tepjf-declara-inexistentes-las-infracciones-atribuidas-a-amlo-y-mario-delgado\/","url":"https:\/\/www.sonoraenequipo.com.mx\/el-tepjf-declara-inexistentes-las-infracciones-atribuidas-a-amlo-y-mario-delgado\/","name":"Sonora en Equipo. El TEPJF declara inexistentes las infracciones atribuidas a AMLO y Mario Delgado. LA ELECCION 2024","isPartOf":{"@id":"https:\/\/www.sonoraenequipo.com.mx\/#website"},"primaryImageOfPage":{"@id":"https:\/\/www.sonoraenequipo.com.mx\/el-tepjf-declara-inexistentes-las-infracciones-atribuidas-a-amlo-y-mario-delgado\/#primaryimage"},"image":{"@id":"https:\/\/www.sonoraenequipo.com.mx\/el-tepjf-declara-inexistentes-las-infracciones-atribuidas-a-amlo-y-mario-delgado\/#primaryimage"},"thumbnailUrl":"https:\/\/www.sonoraenequipo.com.mx\/storage\/2021\/05\/tribunal-electoral-promueve-juicios_opt.jpg","datePublished":"2021-05-22T06:15:49+00:00","dateModified":"2021-05-23T02:06:02+00:00","description":"CIUDAD DE M\u00c9XICO. MX. \u2014 PAN y PRI denunciaron a Morena por uso indebido de recursos p\u00fablicos y programas sociales federales, derivado de la publicaci\u00f3n de En Sonora en Equipo publicamos toda la informaci\u00f3n de Sonora, M\u00e9xico y el Mundo de manera oportuna y busca que la libertad de expresi\u00f3n sea real. Visita nuestro medio informativo publicado desde Hermosillo, Sonora. %","breadcrumb":{"@id":"https:\/\/www.sonoraenequipo.com.mx\/el-tepjf-declara-inexistentes-las-infracciones-atribuidas-a-amlo-y-mario-delgado\/#breadcrumb"},"inLanguage":"es","potentialAction":[{"@type":"ReadAction","target":["https:\/\/www.sonoraenequipo.com.mx\/el-tepjf-declara-inexistentes-las-infracciones-atribuidas-a-amlo-y-mario-delgado\/"]}]},{"@type":"ImageObject","inLanguage":"es","@id":"https:\/\/www.sonoraenequipo.com.mx\/el-tepjf-declara-inexistentes-las-infracciones-atribuidas-a-amlo-y-mario-delgado\/#primaryimage","url":"https:\/\/www.sonoraenequipo.com.mx\/storage\/2021\/05\/tribunal-electoral-promueve-juicios_opt.jpg","contentUrl":"https:\/\/www.sonoraenequipo.com.mx\/storage\/2021\/05\/tribunal-electoral-promueve-juicios_opt.jpg","width":700,"height":400},{"@type":"BreadcrumbList","@id":"https:\/\/www.sonoraenequipo.com.mx\/el-tepjf-declara-inexistentes-las-infracciones-atribuidas-a-amlo-y-mario-delgado\/#breadcrumb","itemListElement":[{"@type":"ListItem","position":1,"name":"Portada","item":"https:\/\/www.sonoraenequipo.com.mx\/"},{"@type":"ListItem","position":2,"name":"El TEPJF declara inexistentes las infracciones atribuidas a AMLO y Mario Delgado."}]},{"@type":"WebSite","@id":"https:\/\/www.sonoraenequipo.com.mx\/#website","url":"https:\/\/www.sonoraenequipo.com.mx\/","name":"Sonora en Equipo.","description":"Diario en l\u00ednea con Noticias desde Hermosillo, Sonora","publisher":{"@id":"https:\/\/www.sonoraenequipo.com.mx\/#organization"},"potentialAction":[{"@type":"SearchAction","target":{"@type":"EntryPoint","urlTemplate":"https:\/\/www.sonoraenequipo.com.mx\/?s={search_term_string}"},"query-input":{"@type":"PropertyValueSpecification","valueRequired":true,"valueName":"search_term_string"}}],"inLanguage":"es"},{"@type":"Organization","@id":"https:\/\/www.sonoraenequipo.com.mx\/#organization","name":"Sonoraenequipo.com.mx","url":"https:\/\/www.sonoraenequipo.com.mx\/","logo":{"@type":"ImageObject","inLanguage":"es","@id":"https:\/\/www.sonoraenequipo.com.mx\/#\/schema\/logo\/image\/","url":"https:\/\/www.sonoraenequipo.com.mx\/storage\/2019\/01\/sonoraenequipo_opt.png","contentUrl":"https:\/\/www.sonoraenequipo.com.mx\/storage\/2019\/01\/sonoraenequipo_opt.png","width":375,"height":125,"caption":"Sonoraenequipo.com.mx"},"image":{"@id":"https:\/\/www.sonoraenequipo.com.mx\/#\/schema\/logo\/image\/"},"sameAs":["https:\/\/www.facebook.com\/SonoraEE\/","https:\/\/x.com\/sonoraenequipo","https:\/\/www.youtube.com\/channel\/UC338nW-lPEYmJQs4ZABQ1SQ"]},{"@type":"Person","@id":"https:\/\/www.sonoraenequipo.com.mx\/#\/schema\/person\/50102df0fb23a8fa9e8effad8fa81386","name":"enequipo","image":{"@type":"ImageObject","inLanguage":"es","@id":"https:\/\/www.sonoraenequipo.com.mx\/#\/schema\/person\/image\/","url":"https:\/\/secure.gravatar.com\/avatar\/049821681b589dabc0bc20695993ccebb09f5b5d4d790cd9251b97faac7c652b?s=96&d=blank&r=g","contentUrl":"https:\/\/secure.gravatar.com\/avatar\/049821681b589dabc0bc20695993ccebb09f5b5d4d790cd9251b97faac7c652b?s=96&d=blank&r=g","caption":"enequipo"},"sameAs":["https:\/\/www.facebook.com\/SonoraEE"]}]}},"jetpack_featured_media_url":"https:\/\/www.sonoraenequipo.com.mx\/storage\/2021\/05\/tribunal-electoral-promueve-juicios_opt.jpg","_links":{"self":[{"href":"https:\/\/www.sonoraenequipo.com.mx\/api\/wp\/v2\/posts\/114574","targetHints":{"allow":["GET"]}}],"collection":[{"href":"https:\/\/www.sonoraenequipo.com.mx\/api\/wp\/v2\/posts"}],"about":[{"href":"https:\/\/www.sonoraenequipo.com.mx\/api\/wp\/v2\/types\/post"}],"author":[{"embeddable":true,"href":"https:\/\/www.sonoraenequipo.com.mx\/api\/wp\/v2\/users\/1"}],"replies":[{"embeddable":true,"href":"https:\/\/www.sonoraenequipo.com.mx\/api\/wp\/v2\/comments?post=114574"}],"version-history":[{"count":1,"href":"https:\/\/www.sonoraenequipo.com.mx\/api\/wp\/v2\/posts\/114574\/revisions"}],"predecessor-version":[{"id":114576,"href":"https:\/\/www.sonoraenequipo.com.mx\/api\/wp\/v2\/posts\/114574\/revisions\/114576"}],"wp:featuredmedia":[{"embeddable":true,"href":"https:\/\/www.sonoraenequipo.com.mx\/api\/wp\/v2\/media\/114575"}],"wp:attachment":[{"href":"https:\/\/www.sonoraenequipo.com.mx\/api\/wp\/v2\/media?parent=114574"}],"wp:term":[{"taxonomy":"category","embeddable":true,"href":"https:\/\/www.sonoraenequipo.com.mx\/api\/wp\/v2\/categories?post=114574"},{"taxonomy":"post_tag","embeddable":true,"href":"https:\/\/www.sonoraenequipo.com.mx\/api\/wp\/v2\/tags?post=114574"}],"curies":[{"name":"wp","href":"https:\/\/api.w.org\/{rel}","templated":true}]}}