{"id":114604,"date":"2021-05-23T07:20:58","date_gmt":"2021-05-23T14:20:58","guid":{"rendered":"https:\/\/www.sonoraenequipo.com.mx\/?p=114604"},"modified":"2021-05-23T09:53:23","modified_gmt":"2021-05-23T16:53:23","slug":"al-menos-13-personas-mueren-al-caerse-cabina-de-teleferico-en-italia","status":"publish","type":"post","link":"https:\/\/www.sonoraenequipo.com.mx\/al-menos-13-personas-mueren-al-caerse-cabina-de-teleferico-en-italia\/","title":{"rendered":"Al menos 13 personas mueren al caerse cabina de telef\u00e9rico en Italia"},"content":{"rendered":"<p>ITALIA. \u2014 La ca\u00edda de una cabina de telef\u00e9rico dej\u00f3 este domingo (23.05.2021) al menos 13 muertos en Stresa, localidad de la regi\u00f3n italiana del Piamonte (noroeste) a orillas del lago Mayor, seg\u00fan un nuevo balance provisional de los servicios de rescate.<\/p>\n<p>&nbsp;<\/p>\n<p> <\/p>\n<p>&nbsp;<\/p>\n<p>El balance \u00ab<em>por desgracia podr\u00eda volver a cambiar\u00bb<\/em>, advirtieron los rescatistas. M\u00e1s temprano se hab\u00edan reportado nueve muertos.<\/p>\n<p>&nbsp;<\/p>\n<p>Dos ni\u00f1os, de 5 y 9 a\u00f1os, est\u00e1n heridos de gravedad y fueron trasladados en helic\u00f3ptero hasta un hospital en Tur\u00edn, donde est\u00e1n siendo intervenidos por varias fracturas y traumatismos.<\/p>\n<p>&nbsp;<\/p>\n<p>El accidente tuvo lugar a 300 metros de la estaci\u00f3n de llegada y a 1.490 metros de altitud, cuando cedi\u00f3 el cable y la cabina cay\u00f3 sobre un bosque.<\/p>\n<p>&nbsp;<\/p>\n<p>El telef\u00e9rico hab\u00eda sido cerrado en 2014, completamente renovado y vuelto a reabrir en 2016. Tras los meses de confinamiento por la pandemia, hab\u00eda reabierto sus puertas el pasado 24 de abril.<\/p>\n<p>&nbsp;<\/p>\n<p>El accidente ocurri\u00f3 a 1.490 metros de altitud, cuando cedi\u00f3 el cable y la cabina cay\u00f3 sobre un bosque. Dos ni\u00f1os est\u00e1n grave. El telef\u00e9rico hab\u00eda sido cerrado en 2014, completamente renovado y vuelto a reabrir en 2016.<\/p>\n<p><a href=\"https:\/\/twitter.com\/Corriere\/status\/1396481743381749769\/photo\/1\"><img loading=\"lazy\" decoding=\"async\" class=\"x-none size-medium \" src=\"https:\/\/www.sonoraenequipo.com.mx\/storage\/2021\/05\/teleferico_italia_opt-680x356.jpg\" alt=\"\" width=\"680\" height=\"356\" \/><\/a><\/p>\n<p>&nbsp;<\/p>\n<p>&nbsp;<\/p>\n<p>&nbsp;<\/p>\n<p>&nbsp;<\/p>\n<p><a class=\"twitter-timeline\" data-width=\"640\" data-height=\"960\" data-dnt=\"true\" href=\"https:\/\/twitter.com\/Corriere?ref_src=twsrc%5Etfw\">Tweets by Corriere<\/a><script async src=\"https:\/\/platform.twitter.com\/widgets.js\" charset=\"utf-8\"><\/script><\/p>\n<p>&nbsp;<\/p>\n<p>(Publicada el 23\/05\/2021 \/Agencias)<\/p>\n","protected":false},"excerpt":{"rendered":"<p>ITALIA. \u2014 La ca\u00edda de una cabina de telef\u00e9rico dej\u00f3 este domingo (23.05.2021) al menos&#8230;<\/p>\n","protected":false},"author":1,"featured_media":114605,"comment_status":"open","ping_status":"open","sticky":false,"template":"","format":"standard","meta":{"_monsterinsights_skip_tracking":false,"_monsterinsights_sitenote_active":false,"_monsterinsights_sitenote_note":"","_monsterinsights_sitenote_category":0,"footnotes":""},"categories":[3],"tags":[],"class_list":["post"],"yoast_head":" \n<title>Sonora en Equipo. Al menos 13 personas mueren al caerse cabina de telef\u00e9rico en Italia MUNDO<\/title>\n<meta name=\"description\" content=\"ITALIA. \u2014 La ca\u00edda de una cabina de telef\u00e9rico dej\u00f3 este domingo (23.05.2021) al menos 13 muertos en Stresa, localidad de la regi\u00f3n italiana del Piamonte En Sonora en Equipo publicamos toda la informaci\u00f3n de Sonora, M\u00e9xico y el Mundo de manera oportuna y busca que la libertad de expresi\u00f3n sea real. Visita nuestro medio informativo publicado desde Hermosillo, Sonora. %\" \/>\n<meta name=\"robots\" content=\"index, follow, max-snippet:-1, max-image-preview:large, max-video-preview:-1\" \/>\n<link rel=\"canonical\" href=\"https:\/\/www.sonoraenequipo.com.mx\/al-menos-13-personas-mueren-al-caerse-cabina-de-teleferico-en-italia\/\" \/>\n<meta property=\"og:locale\" content=\"es_ES\" \/>\n<meta property=\"og:type\" content=\"article\" \/>\n<meta property=\"og:title\" content=\"Sonora en Equipo. Al menos 13 personas mueren al caerse cabina de telef\u00e9rico en Italia MUNDO\" \/>\n<meta property=\"og:description\" content=\"ITALIA. \u2014 La ca\u00edda de una cabina de telef\u00e9rico dej\u00f3 este domingo (23.05.2021) al menos 13 muertos en Stresa, localidad de la regi\u00f3n italiana del Piamonte En Sonora en Equipo publicamos toda la informaci\u00f3n de Sonora, M\u00e9xico y el Mundo de manera oportuna y busca que la libertad de expresi\u00f3n sea real. Visita nuestro medio informativo publicado desde Hermosillo, Sonora. %\" \/>\n<meta property=\"og:url\" content=\"https:\/\/www.sonoraenequipo.com.mx\/al-menos-13-personas-mueren-al-caerse-cabina-de-teleferico-en-italia\/\" \/>\n<meta property=\"og:site_name\" content=\"Sonora en Equipo.\" \/>\n<meta property=\"article:publisher\" content=\"https:\/\/www.facebook.com\/SonoraEE\/\" \/>\n<meta property=\"article:author\" content=\"https:\/\/www.facebook.com\/SonoraEE\" \/>\n<meta property=\"article:published_time\" content=\"2021-05-23T14:20:58+00:00\" \/>\n<meta property=\"article:modified_time\" content=\"2021-05-23T16:53:23+00:00\" \/>\n<meta property=\"og:image\" content=\"https:\/\/www.sonoraenequipo.com.mx\/storage\/2021\/05\/teleferico-en-italia_opt.jpg\" \/>\n\t<meta property=\"og:image:width\" content=\"700\" \/>\n\t<meta property=\"og:image:height\" content=\"400\" \/>\n\t<meta property=\"og:image:type\" content=\"image\/jpeg\" \/>\n<meta name=\"author\" content=\"enequipo\" \/>\n<meta name=\"twitter:card\" content=\"summary_large_image\" \/>\n<meta name=\"twitter:creator\" content=\"@sonoraenequipo\" \/>\n<meta name=\"twitter:site\" content=\"@sonoraenequipo\" \/>\n<meta name=\"twitter:label1\" content=\"Escrito por\" \/>\n\t<meta name=\"twitter:data1\" content=\"enequipo\" \/>\n\t<meta name=\"twitter:label2\" content=\"Tiempo de lectura\" \/>\n\t<meta name=\"twitter:data2\" content=\"2 minutos\" \/>\n<script type=\"application\/ld+json\" class=\"yoast-schema-graph\">{\"@context\":\"https:\/\/schema.org\",\"@graph\":[{\"@type\":\"Article\",\"@id\":\"https:\/\/www.sonoraenequipo.com.mx\/al-menos-13-personas-mueren-al-caerse-cabina-de-teleferico-en-italia\/#article\",\"isPartOf\":{\"@id\":\"https:\/\/www.sonoraenequipo.com.mx\/al-menos-13-personas-mueren-al-caerse-cabina-de-teleferico-en-italia\/\"},\"author\":{\"name\":\"enequipo\",\"@id\":\"https:\/\/www.sonoraenequipo.com.mx\/#\/schema\/person\/50102df0fb23a8fa9e8effad8fa81386\"},\"headline\":\"Al menos 13 personas mueren al caerse cabina de telef\u00e9rico en Italia\",\"datePublished\":\"2021-05-23T14:20:58+00:00\",\"dateModified\":\"2021-05-23T16:53:23+00:00\",\"mainEntityOfPage\":{\"@id\":\"https:\/\/www.sonoraenequipo.com.mx\/al-menos-13-personas-mueren-al-caerse-cabina-de-teleferico-en-italia\/\"},\"wordCount\":227,\"commentCount\":0,\"publisher\":{\"@id\":\"https:\/\/www.sonoraenequipo.com.mx\/#organization\"},\"image\":{\"@id\":\"https:\/\/www.sonoraenequipo.com.mx\/al-menos-13-personas-mueren-al-caerse-cabina-de-teleferico-en-italia\/#primaryimage\"},\"thumbnailUrl\":\"https:\/\/www.sonoraenequipo.com.mx\/storage\/2021\/05\/teleferico-en-italia_opt.jpg\",\"articleSection\":[\"MUNDO\"],\"inLanguage\":\"es\",\"potentialAction\":[{\"@type\":\"CommentAction\",\"name\":\"Comment\",\"target\":[\"https:\/\/www.sonoraenequipo.com.mx\/al-menos-13-personas-mueren-al-caerse-cabina-de-teleferico-en-italia\/#respond\"]}]},{\"@type\":\"WebPage\",\"@id\":\"https:\/\/www.sonoraenequipo.com.mx\/al-menos-13-personas-mueren-al-caerse-cabina-de-teleferico-en-italia\/\",\"url\":\"https:\/\/www.sonoraenequipo.com.mx\/al-menos-13-personas-mueren-al-caerse-cabina-de-teleferico-en-italia\/\",\"name\":\"Sonora en Equipo. Al menos 13 personas mueren al caerse cabina de telef\u00e9rico en Italia MUNDO\",\"isPartOf\":{\"@id\":\"https:\/\/www.sonoraenequipo.com.mx\/#website\"},\"primaryImageOfPage\":{\"@id\":\"https:\/\/www.sonoraenequipo.com.mx\/al-menos-13-personas-mueren-al-caerse-cabina-de-teleferico-en-italia\/#primaryimage\"},\"image\":{\"@id\":\"https:\/\/www.sonoraenequipo.com.mx\/al-menos-13-personas-mueren-al-caerse-cabina-de-teleferico-en-italia\/#primaryimage\"},\"thumbnailUrl\":\"https:\/\/www.sonoraenequipo.com.mx\/storage\/2021\/05\/teleferico-en-italia_opt.jpg\",\"datePublished\":\"2021-05-23T14:20:58+00:00\",\"dateModified\":\"2021-05-23T16:53:23+00:00\",\"description\":\"ITALIA. \u2014 La ca\u00edda de una cabina de telef\u00e9rico dej\u00f3 este domingo (23.05.2021) al menos 13 muertos en Stresa, localidad de la regi\u00f3n italiana del Piamonte En Sonora en Equipo publicamos toda la informaci\u00f3n de Sonora, M\u00e9xico y el Mundo de manera oportuna y busca que la libertad de expresi\u00f3n sea real. Visita nuestro medio informativo publicado desde Hermosillo, Sonora. %\",\"breadcrumb\":{\"@id\":\"https:\/\/www.sonoraenequipo.com.mx\/al-menos-13-personas-mueren-al-caerse-cabina-de-teleferico-en-italia\/#breadcrumb\"},\"inLanguage\":\"es\",\"potentialAction\":[{\"@type\":\"ReadAction\",\"target\":[\"https:\/\/www.sonoraenequipo.com.mx\/al-menos-13-personas-mueren-al-caerse-cabina-de-teleferico-en-italia\/\"]}]},{\"@type\":\"ImageObject\",\"inLanguage\":\"es\",\"@id\":\"https:\/\/www.sonoraenequipo.com.mx\/al-menos-13-personas-mueren-al-caerse-cabina-de-teleferico-en-italia\/#primaryimage\",\"url\":\"https:\/\/www.sonoraenequipo.com.mx\/storage\/2021\/05\/teleferico-en-italia_opt.jpg\",\"contentUrl\":\"https:\/\/www.sonoraenequipo.com.mx\/storage\/2021\/05\/teleferico-en-italia_opt.jpg\",\"width\":700,\"height\":400},{\"@type\":\"BreadcrumbList\",\"@id\":\"https:\/\/www.sonoraenequipo.com.mx\/al-menos-13-personas-mueren-al-caerse-cabina-de-teleferico-en-italia\/#breadcrumb\",\"itemListElement\":[{\"@type\":\"ListItem\",\"position\":1,\"name\":\"Portada\",\"item\":\"https:\/\/www.sonoraenequipo.com.mx\/\"},{\"@type\":\"ListItem\",\"position\":2,\"name\":\"Al menos 13 personas mueren al caerse cabina de telef\u00e9rico en Italia\"}]},{\"@type\":\"WebSite\",\"@id\":\"https:\/\/www.sonoraenequipo.com.mx\/#website\",\"url\":\"https:\/\/www.sonoraenequipo.com.mx\/\",\"name\":\"Sonora en Equipo.\",\"description\":\"Diario en l\u00ednea con Noticias desde Hermosillo, Sonora\",\"publisher\":{\"@id\":\"https:\/\/www.sonoraenequipo.com.mx\/#organization\"},\"potentialAction\":[{\"@type\":\"SearchAction\",\"target\":{\"@type\":\"EntryPoint\",\"urlTemplate\":\"https:\/\/www.sonoraenequipo.com.mx\/?s={search_term_string}\"},\"query-input\":{\"@type\":\"PropertyValueSpecification\",\"valueRequired\":true,\"valueName\":\"search_term_string\"}}],\"inLanguage\":\"es\"},{\"@type\":\"Organization\",\"@id\":\"https:\/\/www.sonoraenequipo.com.mx\/#organization\",\"name\":\"Sonoraenequipo.com.mx\",\"url\":\"https:\/\/www.sonoraenequipo.com.mx\/\",\"logo\":{\"@type\":\"ImageObject\",\"inLanguage\":\"es\",\"@id\":\"https:\/\/www.sonoraenequipo.com.mx\/#\/schema\/logo\/image\/\",\"url\":\"https:\/\/www.sonoraenequipo.com.mx\/storage\/2019\/01\/sonoraenequipo_opt.png\",\"contentUrl\":\"https:\/\/www.sonoraenequipo.com.mx\/storage\/2019\/01\/sonoraenequipo_opt.png\",\"width\":375,\"height\":125,\"caption\":\"Sonoraenequipo.com.mx\"},\"image\":{\"@id\":\"https:\/\/www.sonoraenequipo.com.mx\/#\/schema\/logo\/image\/\"},\"sameAs\":[\"https:\/\/www.facebook.com\/SonoraEE\/\",\"https:\/\/x.com\/sonoraenequipo\",\"https:\/\/www.youtube.com\/channel\/UC338nW-lPEYmJQs4ZABQ1SQ\"]},{\"@type\":\"Person\",\"@id\":\"https:\/\/www.sonoraenequipo.com.mx\/#\/schema\/person\/50102df0fb23a8fa9e8effad8fa81386\",\"name\":\"enequipo\",\"image\":{\"@type\":\"ImageObject\",\"inLanguage\":\"es\",\"@id\":\"https:\/\/www.sonoraenequipo.com.mx\/#\/schema\/person\/image\/\",\"url\":\"https:\/\/secure.gravatar.com\/avatar\/049821681b589dabc0bc20695993ccebb09f5b5d4d790cd9251b97faac7c652b?s=96&d=blank&r=g\",\"contentUrl\":\"https:\/\/secure.gravatar.com\/avatar\/049821681b589dabc0bc20695993ccebb09f5b5d4d790cd9251b97faac7c652b?s=96&d=blank&r=g\",\"caption\":\"enequipo\"},\"sameAs\":[\"https:\/\/www.facebook.com\/SonoraEE\"]}]}<\/script>\n ","yoast_head_json":{"title":"Sonora en Equipo. Al menos 13 personas mueren al caerse cabina de telef\u00e9rico en Italia MUNDO","description":"ITALIA. \u2014 La ca\u00edda de una cabina de telef\u00e9rico dej\u00f3 este domingo (23.05.2021) al menos 13 muertos en Stresa, localidad de la regi\u00f3n italiana del Piamonte En Sonora en Equipo publicamos toda la informaci\u00f3n de Sonora, M\u00e9xico y el Mundo de manera oportuna y busca que la libertad de expresi\u00f3n sea real. Visita nuestro medio informativo publicado desde Hermosillo, Sonora. %","robots":{"index":"index","follow":"follow","max-snippet":"max-snippet:-1","max-image-preview":"max-image-preview:large","max-video-preview":"max-video-preview:-1"},"canonical":"https:\/\/www.sonoraenequipo.com.mx\/al-menos-13-personas-mueren-al-caerse-cabina-de-teleferico-en-italia\/","og_locale":"es_ES","og_type":"article","og_title":"Sonora en Equipo. Al menos 13 personas mueren al caerse cabina de telef\u00e9rico en Italia MUNDO","og_description":"ITALIA. \u2014 La ca\u00edda de una cabina de telef\u00e9rico dej\u00f3 este domingo (23.05.2021) al menos 13 muertos en Stresa, localidad de la regi\u00f3n italiana del Piamonte En Sonora en Equipo publicamos toda la informaci\u00f3n de Sonora, M\u00e9xico y el Mundo de manera oportuna y busca que la libertad de expresi\u00f3n sea real. Visita nuestro medio informativo publicado desde Hermosillo, Sonora. %","og_url":"https:\/\/www.sonoraenequipo.com.mx\/al-menos-13-personas-mueren-al-caerse-cabina-de-teleferico-en-italia\/","og_site_name":"Sonora en Equipo.","article_publisher":"https:\/\/www.facebook.com\/SonoraEE\/","article_author":"https:\/\/www.facebook.com\/SonoraEE","article_published_time":"2021-05-23T14:20:58+00:00","article_modified_time":"2021-05-23T16:53:23+00:00","og_image":[{"width":700,"height":400,"url":"https:\/\/www.sonoraenequipo.com.mx\/storage\/2021\/05\/teleferico-en-italia_opt.jpg","type":"image\/jpeg"}],"author":"enequipo","twitter_card":"summary_large_image","twitter_creator":"@sonoraenequipo","twitter_site":"@sonoraenequipo","twitter_misc":{"Escrito por":"enequipo","Tiempo de lectura":"2 minutos"},"schema":{"@context":"https:\/\/schema.org","@graph":[{"@type":"Article","@id":"https:\/\/www.sonoraenequipo.com.mx\/al-menos-13-personas-mueren-al-caerse-cabina-de-teleferico-en-italia\/#article","isPartOf":{"@id":"https:\/\/www.sonoraenequipo.com.mx\/al-menos-13-personas-mueren-al-caerse-cabina-de-teleferico-en-italia\/"},"author":{"name":"enequipo","@id":"https:\/\/www.sonoraenequipo.com.mx\/#\/schema\/person\/50102df0fb23a8fa9e8effad8fa81386"},"headline":"Al menos 13 personas mueren al caerse cabina de telef\u00e9rico en Italia","datePublished":"2021-05-23T14:20:58+00:00","dateModified":"2021-05-23T16:53:23+00:00","mainEntityOfPage":{"@id":"https:\/\/www.sonoraenequipo.com.mx\/al-menos-13-personas-mueren-al-caerse-cabina-de-teleferico-en-italia\/"},"wordCount":227,"commentCount":0,"publisher":{"@id":"https:\/\/www.sonoraenequipo.com.mx\/#organization"},"image":{"@id":"https:\/\/www.sonoraenequipo.com.mx\/al-menos-13-personas-mueren-al-caerse-cabina-de-teleferico-en-italia\/#primaryimage"},"thumbnailUrl":"https:\/\/www.sonoraenequipo.com.mx\/storage\/2021\/05\/teleferico-en-italia_opt.jpg","articleSection":["MUNDO"],"inLanguage":"es","potentialAction":[{"@type":"CommentAction","name":"Comment","target":["https:\/\/www.sonoraenequipo.com.mx\/al-menos-13-personas-mueren-al-caerse-cabina-de-teleferico-en-italia\/#respond"]}]},{"@type":"WebPage","@id":"https:\/\/www.sonoraenequipo.com.mx\/al-menos-13-personas-mueren-al-caerse-cabina-de-teleferico-en-italia\/","url":"https:\/\/www.sonoraenequipo.com.mx\/al-menos-13-personas-mueren-al-caerse-cabina-de-teleferico-en-italia\/","name":"Sonora en Equipo. Al menos 13 personas mueren al caerse cabina de telef\u00e9rico en Italia MUNDO","isPartOf":{"@id":"https:\/\/www.sonoraenequipo.com.mx\/#website"},"primaryImageOfPage":{"@id":"https:\/\/www.sonoraenequipo.com.mx\/al-menos-13-personas-mueren-al-caerse-cabina-de-teleferico-en-italia\/#primaryimage"},"image":{"@id":"https:\/\/www.sonoraenequipo.com.mx\/al-menos-13-personas-mueren-al-caerse-cabina-de-teleferico-en-italia\/#primaryimage"},"thumbnailUrl":"https:\/\/www.sonoraenequipo.com.mx\/storage\/2021\/05\/teleferico-en-italia_opt.jpg","datePublished":"2021-05-23T14:20:58+00:00","dateModified":"2021-05-23T16:53:23+00:00","description":"ITALIA. \u2014 La ca\u00edda de una cabina de telef\u00e9rico dej\u00f3 este domingo (23.05.2021) al menos 13 muertos en Stresa, localidad de la regi\u00f3n italiana del Piamonte En Sonora en Equipo publicamos toda la informaci\u00f3n de Sonora, M\u00e9xico y el Mundo de manera oportuna y busca que la libertad de expresi\u00f3n sea real. Visita nuestro medio informativo publicado desde Hermosillo, Sonora. %","breadcrumb":{"@id":"https:\/\/www.sonoraenequipo.com.mx\/al-menos-13-personas-mueren-al-caerse-cabina-de-teleferico-en-italia\/#breadcrumb"},"inLanguage":"es","potentialAction":[{"@type":"ReadAction","target":["https:\/\/www.sonoraenequipo.com.mx\/al-menos-13-personas-mueren-al-caerse-cabina-de-teleferico-en-italia\/"]}]},{"@type":"ImageObject","inLanguage":"es","@id":"https:\/\/www.sonoraenequipo.com.mx\/al-menos-13-personas-mueren-al-caerse-cabina-de-teleferico-en-italia\/#primaryimage","url":"https:\/\/www.sonoraenequipo.com.mx\/storage\/2021\/05\/teleferico-en-italia_opt.jpg","contentUrl":"https:\/\/www.sonoraenequipo.com.mx\/storage\/2021\/05\/teleferico-en-italia_opt.jpg","width":700,"height":400},{"@type":"BreadcrumbList","@id":"https:\/\/www.sonoraenequipo.com.mx\/al-menos-13-personas-mueren-al-caerse-cabina-de-teleferico-en-italia\/#breadcrumb","itemListElement":[{"@type":"ListItem","position":1,"name":"Portada","item":"https:\/\/www.sonoraenequipo.com.mx\/"},{"@type":"ListItem","position":2,"name":"Al menos 13 personas mueren al caerse cabina de telef\u00e9rico en Italia"}]},{"@type":"WebSite","@id":"https:\/\/www.sonoraenequipo.com.mx\/#website","url":"https:\/\/www.sonoraenequipo.com.mx\/","name":"Sonora en Equipo.","description":"Diario en l\u00ednea con Noticias desde Hermosillo, Sonora","publisher":{"@id":"https:\/\/www.sonoraenequipo.com.mx\/#organization"},"potentialAction":[{"@type":"SearchAction","target":{"@type":"EntryPoint","urlTemplate":"https:\/\/www.sonoraenequipo.com.mx\/?s={search_term_string}"},"query-input":{"@type":"PropertyValueSpecification","valueRequired":true,"valueName":"search_term_string"}}],"inLanguage":"es"},{"@type":"Organization","@id":"https:\/\/www.sonoraenequipo.com.mx\/#organization","name":"Sonoraenequipo.com.mx","url":"https:\/\/www.sonoraenequipo.com.mx\/","logo":{"@type":"ImageObject","inLanguage":"es","@id":"https:\/\/www.sonoraenequipo.com.mx\/#\/schema\/logo\/image\/","url":"https:\/\/www.sonoraenequipo.com.mx\/storage\/2019\/01\/sonoraenequipo_opt.png","contentUrl":"https:\/\/www.sonoraenequipo.com.mx\/storage\/2019\/01\/sonoraenequipo_opt.png","width":375,"height":125,"caption":"Sonoraenequipo.com.mx"},"image":{"@id":"https:\/\/www.sonoraenequipo.com.mx\/#\/schema\/logo\/image\/"},"sameAs":["https:\/\/www.facebook.com\/SonoraEE\/","https:\/\/x.com\/sonoraenequipo","https:\/\/www.youtube.com\/channel\/UC338nW-lPEYmJQs4ZABQ1SQ"]},{"@type":"Person","@id":"https:\/\/www.sonoraenequipo.com.mx\/#\/schema\/person\/50102df0fb23a8fa9e8effad8fa81386","name":"enequipo","image":{"@type":"ImageObject","inLanguage":"es","@id":"https:\/\/www.sonoraenequipo.com.mx\/#\/schema\/person\/image\/","url":"https:\/\/secure.gravatar.com\/avatar\/049821681b589dabc0bc20695993ccebb09f5b5d4d790cd9251b97faac7c652b?s=96&d=blank&r=g","contentUrl":"https:\/\/secure.gravatar.com\/avatar\/049821681b589dabc0bc20695993ccebb09f5b5d4d790cd9251b97faac7c652b?s=96&d=blank&r=g","caption":"enequipo"},"sameAs":["https:\/\/www.facebook.com\/SonoraEE"]}]}},"jetpack_featured_media_url":"https:\/\/www.sonoraenequipo.com.mx\/storage\/2021\/05\/teleferico-en-italia_opt.jpg","_links":{"self":[{"href":"https:\/\/www.sonoraenequipo.com.mx\/api\/wp\/v2\/posts\/114604","targetHints":{"allow":["GET"]}}],"collection":[{"href":"https:\/\/www.sonoraenequipo.com.mx\/api\/wp\/v2\/posts"}],"about":[{"href":"https:\/\/www.sonoraenequipo.com.mx\/api\/wp\/v2\/types\/post"}],"author":[{"embeddable":true,"href":"https:\/\/www.sonoraenequipo.com.mx\/api\/wp\/v2\/users\/1"}],"replies":[{"embeddable":true,"href":"https:\/\/www.sonoraenequipo.com.mx\/api\/wp\/v2\/comments?post=114604"}],"version-history":[{"count":3,"href":"https:\/\/www.sonoraenequipo.com.mx\/api\/wp\/v2\/posts\/114604\/revisions"}],"predecessor-version":[{"id":114610,"href":"https:\/\/www.sonoraenequipo.com.mx\/api\/wp\/v2\/posts\/114604\/revisions\/114610"}],"wp:featuredmedia":[{"embeddable":true,"href":"https:\/\/www.sonoraenequipo.com.mx\/api\/wp\/v2\/media\/114605"}],"wp:attachment":[{"href":"https:\/\/www.sonoraenequipo.com.mx\/api\/wp\/v2\/media?parent=114604"}],"wp:term":[{"taxonomy":"category","embeddable":true,"href":"https:\/\/www.sonoraenequipo.com.mx\/api\/wp\/v2\/categories?post=114604"},{"taxonomy":"post_tag","embeddable":true,"href":"https:\/\/www.sonoraenequipo.com.mx\/api\/wp\/v2\/tags?post=114604"}],"curies":[{"name":"wp","href":"https:\/\/api.w.org\/{rel}","templated":true}]}}