{"id":114645,"date":"2021-05-22T15:33:05","date_gmt":"2021-05-22T22:33:05","guid":{"rendered":"https:\/\/www.sonoraenequipo.com.mx\/?p=114645"},"modified":"2021-05-23T15:42:05","modified_gmt":"2021-05-23T22:42:05","slug":"viven-alumnos-de-cobach-un-dia-en-la-corte","status":"publish","type":"post","link":"https:\/\/www.sonoraenequipo.com.mx\/viven-alumnos-de-cobach-un-dia-en-la-corte\/","title":{"rendered":"Viven alumnos de Cobach \u201cUn d\u00eda en la Corte\u201d"},"content":{"rendered":"<p>HERMOSILLO, SONORA.MX. \u2014 Con el prop\u00f3sito de promover entre los j\u00f3venes el an\u00e1lisis y el debate de asuntos de inter\u00e9s ciudadano, alumnos del Colegio de Bachilleres (Cobach) plantel Nogales, participaron en el programa \u00abUn D\u00eda en la Corte\u00bb, a invitaci\u00f3n de la Suprema Corte de Justicia de la Naci\u00f3n.<\/p>\n<p>&nbsp;<\/p>\n<p> <\/p>\n<p>&nbsp;<\/p>\n<p>V\u00edctor Mario Gami\u00f1o Casillas, director general de la instituci\u00f3n, inform\u00f3 que derivado del inter\u00e9s de los alumnos por la actividad, se les asign\u00f3 una capacitaci\u00f3n previa para desempe\u00f1ar su papel en \u00abUn d\u00eda en la Corte\u00bb, evento en el que analizaron documentos previos y discutieron como ministros y ministras de la para entregar sus conclusiones, todo esto en una sesi\u00f3n de Google Meet con duraci\u00f3n de dos horas.<\/p>\n<p>&nbsp;<\/p>\n<p>&nbsp;<\/p>\n<p><em>\u201cLos j\u00f3venes se mostraron muy contentos con la experiencia y el aprendizaje logrado. Los alumnos recibieron sus constancias de participaci\u00f3n y su reconocimiento para la comunidad de nuestro plantel; es una experiencia que edifica y forma ciudadan\u00eda\u201d,<\/em> expres\u00f3.<\/p>\n<p>&nbsp;<\/p>\n<p>&nbsp;<\/p>\n<p>Con la tem\u00e1tica <em>\u00abDerecho a un ambiente sano\u00bb<\/em>, los alumnos Luis Antonio Valenzuela P\u00e1nuco, Camila Camacho Rosas, Mariel Desiree Spanopoulos, Mar\u00eda Fernanda Lara, Yasmin Antonio Ramos y Yareth Amayrany Buelna, asesorados por la profesora Rosa Esthela Garc\u00eda F\u00e9lix, representaron<em> \u00abUn d\u00eda en la Corte\u00bb<\/em>, analizando la l\u00ednea de debate Amparo en revisi\u00f3n 640-2019 (versi\u00f3n alumnos). Derrame de sulfato de cobre acidulado en el<em> \u201cR\u00edo Bacanuchi\u201d,<\/em> donde los j\u00f3venes tuvieron la oportunidad de representar el papel de una Ministra o un Ministro de la Suprema Corte de Justicia de la Naci\u00f3n y opinar sobre temas relacionados con el derecho a un medio ambiente sano.<\/p>\n<p>&nbsp;<\/p>\n<p>&nbsp;<\/p>\n<p>Previo a esta actividad y como parte del Programa de Vinculaci\u00f3n con la Sociedad 2021, se llev\u00f3 a cabo la actividad Charlas con la Suprema Corte en l\u00ednea, con una pl\u00e1tica referente a la labor de la Suprema Corte de Justicia de la Naci\u00f3n, del Poder Judicial de la Federaci\u00f3n y del Sistema de Justicia Mexicano en la protecci\u00f3n y defensa de los Derechos Humanos.<\/p>\n<p>&nbsp;<\/p>\n<p>&nbsp;<\/p>\n<p>En el evento participaron m\u00e1s de 30 estudiantes, desde sus primeras etapas y se analiz\u00f3 tambi\u00e9n el papel que tiene la Casa de la Cultura Jur\u00eddica para apoyar sus funciones y servicios al p\u00fablico.<\/p>\n<p>&nbsp;<\/p>\n<p>(Publicada el 22\/05\/2021)<\/p>\n","protected":false},"excerpt":{"rendered":"<p>HERMOSILLO, SONORA.MX. \u2014 Con el prop\u00f3sito de promover entre los j\u00f3venes el an\u00e1lisis y el&#8230;<\/p>\n","protected":false},"author":1,"featured_media":114646,"comment_status":"open","ping_status":"open","sticky":false,"template":"","format":"standard","meta":{"_monsterinsights_skip_tracking":false,"_monsterinsights_sitenote_active":false,"_monsterinsights_sitenote_note":"","_monsterinsights_sitenote_category":0,"footnotes":""},"categories":[22],"tags":[],"class_list":["post"],"yoast_head":" \n<title>Sonora en Equipo. Viven alumnos de Cobach \u201cUn d\u00eda en la Corte\u201d Sonora<\/title>\n<meta name=\"description\" content=\"HERMOSILLO, SONORA.MX. \u2014 Con el prop\u00f3sito de promover entre los j\u00f3venes el an\u00e1lisis y el debate de asuntos de inter\u00e9s ciudadano, alumnos del Colegio de En Sonora en Equipo publicamos toda la informaci\u00f3n de Sonora, M\u00e9xico y el Mundo de manera oportuna y busca que la libertad de expresi\u00f3n sea real. Visita nuestro medio informativo publicado desde Hermosillo, Sonora. %\" \/>\n<meta name=\"robots\" content=\"index, follow, max-snippet:-1, max-image-preview:large, max-video-preview:-1\" \/>\n<link rel=\"canonical\" href=\"https:\/\/www.sonoraenequipo.com.mx\/viven-alumnos-de-cobach-un-dia-en-la-corte\/\" \/>\n<meta property=\"og:locale\" content=\"es_ES\" \/>\n<meta property=\"og:type\" content=\"article\" \/>\n<meta property=\"og:title\" content=\"Sonora en Equipo. Viven alumnos de Cobach \u201cUn d\u00eda en la Corte\u201d Sonora\" \/>\n<meta property=\"og:description\" content=\"HERMOSILLO, SONORA.MX. \u2014 Con el prop\u00f3sito de promover entre los j\u00f3venes el an\u00e1lisis y el debate de asuntos de inter\u00e9s ciudadano, alumnos del Colegio de En Sonora en Equipo publicamos toda la informaci\u00f3n de Sonora, M\u00e9xico y el Mundo de manera oportuna y busca que la libertad de expresi\u00f3n sea real. Visita nuestro medio informativo publicado desde Hermosillo, Sonora. %\" \/>\n<meta property=\"og:url\" content=\"https:\/\/www.sonoraenequipo.com.mx\/viven-alumnos-de-cobach-un-dia-en-la-corte\/\" \/>\n<meta property=\"og:site_name\" content=\"Sonora en Equipo.\" \/>\n<meta property=\"article:publisher\" content=\"https:\/\/www.facebook.com\/SonoraEE\/\" \/>\n<meta property=\"article:author\" content=\"https:\/\/www.facebook.com\/SonoraEE\" \/>\n<meta property=\"article:published_time\" content=\"2021-05-22T22:33:05+00:00\" \/>\n<meta property=\"article:modified_time\" content=\"2021-05-23T22:42:05+00:00\" \/>\n<meta property=\"og:image\" content=\"https:\/\/www.sonoraenequipo.com.mx\/storage\/2021\/05\/reconocimiento_un-dia-en-la-corte_opt.jpg\" \/>\n\t<meta property=\"og:image:width\" content=\"700\" \/>\n\t<meta property=\"og:image:height\" content=\"400\" \/>\n\t<meta property=\"og:image:type\" content=\"image\/jpeg\" \/>\n<meta name=\"author\" content=\"enequipo\" \/>\n<meta name=\"twitter:card\" content=\"summary_large_image\" \/>\n<meta name=\"twitter:creator\" content=\"@sonoraenequipo\" \/>\n<meta name=\"twitter:site\" content=\"@sonoraenequipo\" \/>\n<meta name=\"twitter:label1\" content=\"Escrito por\" \/>\n\t<meta name=\"twitter:data1\" content=\"enequipo\" \/>\n\t<meta name=\"twitter:label2\" content=\"Tiempo de lectura\" \/>\n\t<meta name=\"twitter:data2\" content=\"2 minutos\" \/>\n<script type=\"application\/ld+json\" class=\"yoast-schema-graph\">{\"@context\":\"https:\/\/schema.org\",\"@graph\":[{\"@type\":\"Article\",\"@id\":\"https:\/\/www.sonoraenequipo.com.mx\/viven-alumnos-de-cobach-un-dia-en-la-corte\/#article\",\"isPartOf\":{\"@id\":\"https:\/\/www.sonoraenequipo.com.mx\/viven-alumnos-de-cobach-un-dia-en-la-corte\/\"},\"author\":{\"name\":\"enequipo\",\"@id\":\"https:\/\/www.sonoraenequipo.com.mx\/#\/schema\/person\/50102df0fb23a8fa9e8effad8fa81386\"},\"headline\":\"Viven alumnos de Cobach \u201cUn d\u00eda en la Corte\u201d\",\"datePublished\":\"2021-05-22T22:33:05+00:00\",\"dateModified\":\"2021-05-23T22:42:05+00:00\",\"mainEntityOfPage\":{\"@id\":\"https:\/\/www.sonoraenequipo.com.mx\/viven-alumnos-de-cobach-un-dia-en-la-corte\/\"},\"wordCount\":419,\"commentCount\":0,\"publisher\":{\"@id\":\"https:\/\/www.sonoraenequipo.com.mx\/#organization\"},\"image\":{\"@id\":\"https:\/\/www.sonoraenequipo.com.mx\/viven-alumnos-de-cobach-un-dia-en-la-corte\/#primaryimage\"},\"thumbnailUrl\":\"https:\/\/www.sonoraenequipo.com.mx\/storage\/2021\/05\/reconocimiento_un-dia-en-la-corte_opt.jpg\",\"articleSection\":[\"Sonora\"],\"inLanguage\":\"es\",\"potentialAction\":[{\"@type\":\"CommentAction\",\"name\":\"Comment\",\"target\":[\"https:\/\/www.sonoraenequipo.com.mx\/viven-alumnos-de-cobach-un-dia-en-la-corte\/#respond\"]}]},{\"@type\":\"WebPage\",\"@id\":\"https:\/\/www.sonoraenequipo.com.mx\/viven-alumnos-de-cobach-un-dia-en-la-corte\/\",\"url\":\"https:\/\/www.sonoraenequipo.com.mx\/viven-alumnos-de-cobach-un-dia-en-la-corte\/\",\"name\":\"Sonora en Equipo. Viven alumnos de Cobach \u201cUn d\u00eda en la Corte\u201d Sonora\",\"isPartOf\":{\"@id\":\"https:\/\/www.sonoraenequipo.com.mx\/#website\"},\"primaryImageOfPage\":{\"@id\":\"https:\/\/www.sonoraenequipo.com.mx\/viven-alumnos-de-cobach-un-dia-en-la-corte\/#primaryimage\"},\"image\":{\"@id\":\"https:\/\/www.sonoraenequipo.com.mx\/viven-alumnos-de-cobach-un-dia-en-la-corte\/#primaryimage\"},\"thumbnailUrl\":\"https:\/\/www.sonoraenequipo.com.mx\/storage\/2021\/05\/reconocimiento_un-dia-en-la-corte_opt.jpg\",\"datePublished\":\"2021-05-22T22:33:05+00:00\",\"dateModified\":\"2021-05-23T22:42:05+00:00\",\"description\":\"HERMOSILLO, SONORA.MX. \u2014 Con el prop\u00f3sito de promover entre los j\u00f3venes el an\u00e1lisis y el debate de asuntos de inter\u00e9s ciudadano, alumnos del Colegio de En Sonora en Equipo publicamos toda la informaci\u00f3n de Sonora, M\u00e9xico y el Mundo de manera oportuna y busca que la libertad de expresi\u00f3n sea real. Visita nuestro medio informativo publicado desde Hermosillo, Sonora. %\",\"breadcrumb\":{\"@id\":\"https:\/\/www.sonoraenequipo.com.mx\/viven-alumnos-de-cobach-un-dia-en-la-corte\/#breadcrumb\"},\"inLanguage\":\"es\",\"potentialAction\":[{\"@type\":\"ReadAction\",\"target\":[\"https:\/\/www.sonoraenequipo.com.mx\/viven-alumnos-de-cobach-un-dia-en-la-corte\/\"]}]},{\"@type\":\"ImageObject\",\"inLanguage\":\"es\",\"@id\":\"https:\/\/www.sonoraenequipo.com.mx\/viven-alumnos-de-cobach-un-dia-en-la-corte\/#primaryimage\",\"url\":\"https:\/\/www.sonoraenequipo.com.mx\/storage\/2021\/05\/reconocimiento_un-dia-en-la-corte_opt.jpg\",\"contentUrl\":\"https:\/\/www.sonoraenequipo.com.mx\/storage\/2021\/05\/reconocimiento_un-dia-en-la-corte_opt.jpg\",\"width\":700,\"height\":400},{\"@type\":\"BreadcrumbList\",\"@id\":\"https:\/\/www.sonoraenequipo.com.mx\/viven-alumnos-de-cobach-un-dia-en-la-corte\/#breadcrumb\",\"itemListElement\":[{\"@type\":\"ListItem\",\"position\":1,\"name\":\"Portada\",\"item\":\"https:\/\/www.sonoraenequipo.com.mx\/\"},{\"@type\":\"ListItem\",\"position\":2,\"name\":\"Viven alumnos de Cobach \u201cUn d\u00eda en la Corte\u201d\"}]},{\"@type\":\"WebSite\",\"@id\":\"https:\/\/www.sonoraenequipo.com.mx\/#website\",\"url\":\"https:\/\/www.sonoraenequipo.com.mx\/\",\"name\":\"Sonora en Equipo.\",\"description\":\"Diario en l\u00ednea con Noticias desde Hermosillo, Sonora\",\"publisher\":{\"@id\":\"https:\/\/www.sonoraenequipo.com.mx\/#organization\"},\"potentialAction\":[{\"@type\":\"SearchAction\",\"target\":{\"@type\":\"EntryPoint\",\"urlTemplate\":\"https:\/\/www.sonoraenequipo.com.mx\/?s={search_term_string}\"},\"query-input\":{\"@type\":\"PropertyValueSpecification\",\"valueRequired\":true,\"valueName\":\"search_term_string\"}}],\"inLanguage\":\"es\"},{\"@type\":\"Organization\",\"@id\":\"https:\/\/www.sonoraenequipo.com.mx\/#organization\",\"name\":\"Sonoraenequipo.com.mx\",\"url\":\"https:\/\/www.sonoraenequipo.com.mx\/\",\"logo\":{\"@type\":\"ImageObject\",\"inLanguage\":\"es\",\"@id\":\"https:\/\/www.sonoraenequipo.com.mx\/#\/schema\/logo\/image\/\",\"url\":\"https:\/\/www.sonoraenequipo.com.mx\/storage\/2019\/01\/sonoraenequipo_opt.png\",\"contentUrl\":\"https:\/\/www.sonoraenequipo.com.mx\/storage\/2019\/01\/sonoraenequipo_opt.png\",\"width\":375,\"height\":125,\"caption\":\"Sonoraenequipo.com.mx\"},\"image\":{\"@id\":\"https:\/\/www.sonoraenequipo.com.mx\/#\/schema\/logo\/image\/\"},\"sameAs\":[\"https:\/\/www.facebook.com\/SonoraEE\/\",\"https:\/\/x.com\/sonoraenequipo\",\"https:\/\/www.youtube.com\/channel\/UC338nW-lPEYmJQs4ZABQ1SQ\"]},{\"@type\":\"Person\",\"@id\":\"https:\/\/www.sonoraenequipo.com.mx\/#\/schema\/person\/50102df0fb23a8fa9e8effad8fa81386\",\"name\":\"enequipo\",\"image\":{\"@type\":\"ImageObject\",\"inLanguage\":\"es\",\"@id\":\"https:\/\/www.sonoraenequipo.com.mx\/#\/schema\/person\/image\/\",\"url\":\"https:\/\/secure.gravatar.com\/avatar\/049821681b589dabc0bc20695993ccebb09f5b5d4d790cd9251b97faac7c652b?s=96&d=blank&r=g\",\"contentUrl\":\"https:\/\/secure.gravatar.com\/avatar\/049821681b589dabc0bc20695993ccebb09f5b5d4d790cd9251b97faac7c652b?s=96&d=blank&r=g\",\"caption\":\"enequipo\"},\"sameAs\":[\"https:\/\/www.facebook.com\/SonoraEE\"]}]}<\/script>\n ","yoast_head_json":{"title":"Sonora en Equipo. Viven alumnos de Cobach \u201cUn d\u00eda en la Corte\u201d Sonora","description":"HERMOSILLO, SONORA.MX. \u2014 Con el prop\u00f3sito de promover entre los j\u00f3venes el an\u00e1lisis y el debate de asuntos de inter\u00e9s ciudadano, alumnos del Colegio de En Sonora en Equipo publicamos toda la informaci\u00f3n de Sonora, M\u00e9xico y el Mundo de manera oportuna y busca que la libertad de expresi\u00f3n sea real. Visita nuestro medio informativo publicado desde Hermosillo, Sonora. %","robots":{"index":"index","follow":"follow","max-snippet":"max-snippet:-1","max-image-preview":"max-image-preview:large","max-video-preview":"max-video-preview:-1"},"canonical":"https:\/\/www.sonoraenequipo.com.mx\/viven-alumnos-de-cobach-un-dia-en-la-corte\/","og_locale":"es_ES","og_type":"article","og_title":"Sonora en Equipo. Viven alumnos de Cobach \u201cUn d\u00eda en la Corte\u201d Sonora","og_description":"HERMOSILLO, SONORA.MX. \u2014 Con el prop\u00f3sito de promover entre los j\u00f3venes el an\u00e1lisis y el debate de asuntos de inter\u00e9s ciudadano, alumnos del Colegio de En Sonora en Equipo publicamos toda la informaci\u00f3n de Sonora, M\u00e9xico y el Mundo de manera oportuna y busca que la libertad de expresi\u00f3n sea real. Visita nuestro medio informativo publicado desde Hermosillo, Sonora. %","og_url":"https:\/\/www.sonoraenequipo.com.mx\/viven-alumnos-de-cobach-un-dia-en-la-corte\/","og_site_name":"Sonora en Equipo.","article_publisher":"https:\/\/www.facebook.com\/SonoraEE\/","article_author":"https:\/\/www.facebook.com\/SonoraEE","article_published_time":"2021-05-22T22:33:05+00:00","article_modified_time":"2021-05-23T22:42:05+00:00","og_image":[{"width":700,"height":400,"url":"https:\/\/www.sonoraenequipo.com.mx\/storage\/2021\/05\/reconocimiento_un-dia-en-la-corte_opt.jpg","type":"image\/jpeg"}],"author":"enequipo","twitter_card":"summary_large_image","twitter_creator":"@sonoraenequipo","twitter_site":"@sonoraenequipo","twitter_misc":{"Escrito por":"enequipo","Tiempo de lectura":"2 minutos"},"schema":{"@context":"https:\/\/schema.org","@graph":[{"@type":"Article","@id":"https:\/\/www.sonoraenequipo.com.mx\/viven-alumnos-de-cobach-un-dia-en-la-corte\/#article","isPartOf":{"@id":"https:\/\/www.sonoraenequipo.com.mx\/viven-alumnos-de-cobach-un-dia-en-la-corte\/"},"author":{"name":"enequipo","@id":"https:\/\/www.sonoraenequipo.com.mx\/#\/schema\/person\/50102df0fb23a8fa9e8effad8fa81386"},"headline":"Viven alumnos de Cobach \u201cUn d\u00eda en la Corte\u201d","datePublished":"2021-05-22T22:33:05+00:00","dateModified":"2021-05-23T22:42:05+00:00","mainEntityOfPage":{"@id":"https:\/\/www.sonoraenequipo.com.mx\/viven-alumnos-de-cobach-un-dia-en-la-corte\/"},"wordCount":419,"commentCount":0,"publisher":{"@id":"https:\/\/www.sonoraenequipo.com.mx\/#organization"},"image":{"@id":"https:\/\/www.sonoraenequipo.com.mx\/viven-alumnos-de-cobach-un-dia-en-la-corte\/#primaryimage"},"thumbnailUrl":"https:\/\/www.sonoraenequipo.com.mx\/storage\/2021\/05\/reconocimiento_un-dia-en-la-corte_opt.jpg","articleSection":["Sonora"],"inLanguage":"es","potentialAction":[{"@type":"CommentAction","name":"Comment","target":["https:\/\/www.sonoraenequipo.com.mx\/viven-alumnos-de-cobach-un-dia-en-la-corte\/#respond"]}]},{"@type":"WebPage","@id":"https:\/\/www.sonoraenequipo.com.mx\/viven-alumnos-de-cobach-un-dia-en-la-corte\/","url":"https:\/\/www.sonoraenequipo.com.mx\/viven-alumnos-de-cobach-un-dia-en-la-corte\/","name":"Sonora en Equipo. Viven alumnos de Cobach \u201cUn d\u00eda en la Corte\u201d Sonora","isPartOf":{"@id":"https:\/\/www.sonoraenequipo.com.mx\/#website"},"primaryImageOfPage":{"@id":"https:\/\/www.sonoraenequipo.com.mx\/viven-alumnos-de-cobach-un-dia-en-la-corte\/#primaryimage"},"image":{"@id":"https:\/\/www.sonoraenequipo.com.mx\/viven-alumnos-de-cobach-un-dia-en-la-corte\/#primaryimage"},"thumbnailUrl":"https:\/\/www.sonoraenequipo.com.mx\/storage\/2021\/05\/reconocimiento_un-dia-en-la-corte_opt.jpg","datePublished":"2021-05-22T22:33:05+00:00","dateModified":"2021-05-23T22:42:05+00:00","description":"HERMOSILLO, SONORA.MX. \u2014 Con el prop\u00f3sito de promover entre los j\u00f3venes el an\u00e1lisis y el debate de asuntos de inter\u00e9s ciudadano, alumnos del Colegio de En Sonora en Equipo publicamos toda la informaci\u00f3n de Sonora, M\u00e9xico y el Mundo de manera oportuna y busca que la libertad de expresi\u00f3n sea real. Visita nuestro medio informativo publicado desde Hermosillo, Sonora. %","breadcrumb":{"@id":"https:\/\/www.sonoraenequipo.com.mx\/viven-alumnos-de-cobach-un-dia-en-la-corte\/#breadcrumb"},"inLanguage":"es","potentialAction":[{"@type":"ReadAction","target":["https:\/\/www.sonoraenequipo.com.mx\/viven-alumnos-de-cobach-un-dia-en-la-corte\/"]}]},{"@type":"ImageObject","inLanguage":"es","@id":"https:\/\/www.sonoraenequipo.com.mx\/viven-alumnos-de-cobach-un-dia-en-la-corte\/#primaryimage","url":"https:\/\/www.sonoraenequipo.com.mx\/storage\/2021\/05\/reconocimiento_un-dia-en-la-corte_opt.jpg","contentUrl":"https:\/\/www.sonoraenequipo.com.mx\/storage\/2021\/05\/reconocimiento_un-dia-en-la-corte_opt.jpg","width":700,"height":400},{"@type":"BreadcrumbList","@id":"https:\/\/www.sonoraenequipo.com.mx\/viven-alumnos-de-cobach-un-dia-en-la-corte\/#breadcrumb","itemListElement":[{"@type":"ListItem","position":1,"name":"Portada","item":"https:\/\/www.sonoraenequipo.com.mx\/"},{"@type":"ListItem","position":2,"name":"Viven alumnos de Cobach \u201cUn d\u00eda en la Corte\u201d"}]},{"@type":"WebSite","@id":"https:\/\/www.sonoraenequipo.com.mx\/#website","url":"https:\/\/www.sonoraenequipo.com.mx\/","name":"Sonora en Equipo.","description":"Diario en l\u00ednea con Noticias desde Hermosillo, Sonora","publisher":{"@id":"https:\/\/www.sonoraenequipo.com.mx\/#organization"},"potentialAction":[{"@type":"SearchAction","target":{"@type":"EntryPoint","urlTemplate":"https:\/\/www.sonoraenequipo.com.mx\/?s={search_term_string}"},"query-input":{"@type":"PropertyValueSpecification","valueRequired":true,"valueName":"search_term_string"}}],"inLanguage":"es"},{"@type":"Organization","@id":"https:\/\/www.sonoraenequipo.com.mx\/#organization","name":"Sonoraenequipo.com.mx","url":"https:\/\/www.sonoraenequipo.com.mx\/","logo":{"@type":"ImageObject","inLanguage":"es","@id":"https:\/\/www.sonoraenequipo.com.mx\/#\/schema\/logo\/image\/","url":"https:\/\/www.sonoraenequipo.com.mx\/storage\/2019\/01\/sonoraenequipo_opt.png","contentUrl":"https:\/\/www.sonoraenequipo.com.mx\/storage\/2019\/01\/sonoraenequipo_opt.png","width":375,"height":125,"caption":"Sonoraenequipo.com.mx"},"image":{"@id":"https:\/\/www.sonoraenequipo.com.mx\/#\/schema\/logo\/image\/"},"sameAs":["https:\/\/www.facebook.com\/SonoraEE\/","https:\/\/x.com\/sonoraenequipo","https:\/\/www.youtube.com\/channel\/UC338nW-lPEYmJQs4ZABQ1SQ"]},{"@type":"Person","@id":"https:\/\/www.sonoraenequipo.com.mx\/#\/schema\/person\/50102df0fb23a8fa9e8effad8fa81386","name":"enequipo","image":{"@type":"ImageObject","inLanguage":"es","@id":"https:\/\/www.sonoraenequipo.com.mx\/#\/schema\/person\/image\/","url":"https:\/\/secure.gravatar.com\/avatar\/049821681b589dabc0bc20695993ccebb09f5b5d4d790cd9251b97faac7c652b?s=96&d=blank&r=g","contentUrl":"https:\/\/secure.gravatar.com\/avatar\/049821681b589dabc0bc20695993ccebb09f5b5d4d790cd9251b97faac7c652b?s=96&d=blank&r=g","caption":"enequipo"},"sameAs":["https:\/\/www.facebook.com\/SonoraEE"]}]}},"jetpack_featured_media_url":"https:\/\/www.sonoraenequipo.com.mx\/storage\/2021\/05\/reconocimiento_un-dia-en-la-corte_opt.jpg","_links":{"self":[{"href":"https:\/\/www.sonoraenequipo.com.mx\/api\/wp\/v2\/posts\/114645","targetHints":{"allow":["GET"]}}],"collection":[{"href":"https:\/\/www.sonoraenequipo.com.mx\/api\/wp\/v2\/posts"}],"about":[{"href":"https:\/\/www.sonoraenequipo.com.mx\/api\/wp\/v2\/types\/post"}],"author":[{"embeddable":true,"href":"https:\/\/www.sonoraenequipo.com.mx\/api\/wp\/v2\/users\/1"}],"replies":[{"embeddable":true,"href":"https:\/\/www.sonoraenequipo.com.mx\/api\/wp\/v2\/comments?post=114645"}],"version-history":[{"count":1,"href":"https:\/\/www.sonoraenequipo.com.mx\/api\/wp\/v2\/posts\/114645\/revisions"}],"predecessor-version":[{"id":114647,"href":"https:\/\/www.sonoraenequipo.com.mx\/api\/wp\/v2\/posts\/114645\/revisions\/114647"}],"wp:featuredmedia":[{"embeddable":true,"href":"https:\/\/www.sonoraenequipo.com.mx\/api\/wp\/v2\/media\/114646"}],"wp:attachment":[{"href":"https:\/\/www.sonoraenequipo.com.mx\/api\/wp\/v2\/media?parent=114645"}],"wp:term":[{"taxonomy":"category","embeddable":true,"href":"https:\/\/www.sonoraenequipo.com.mx\/api\/wp\/v2\/categories?post=114645"},{"taxonomy":"post_tag","embeddable":true,"href":"https:\/\/www.sonoraenequipo.com.mx\/api\/wp\/v2\/tags?post=114645"}],"curies":[{"name":"wp","href":"https:\/\/api.w.org\/{rel}","templated":true}]}}