{"id":114884,"date":"2021-05-26T06:30:05","date_gmt":"2021-05-26T13:30:05","guid":{"rendered":"https:\/\/www.sonoraenequipo.com.mx\/?p=114884"},"modified":"2021-05-26T08:31:18","modified_gmt":"2021-05-26T15:31:18","slug":"cevallos-presenta-denuncia-contra-amlo-ante-la-fgr-por-involucrarlo-con-mexicanos-contra-la-corrupcion","status":"publish","type":"post","link":"https:\/\/www.sonoraenequipo.com.mx\/cevallos-presenta-denuncia-contra-amlo-ante-la-fgr-por-involucrarlo-con-mexicanos-contra-la-corrupcion\/","title":{"rendered":"Cevallos presenta denuncia contra AMLO ante la FGR por involucrarlo con \u00abmexicanos contra la corrupci\u00f3n\u00bb"},"content":{"rendered":"<p>CIUDAD DE M\u00c9XICO. MX. \u2014 Diego Fern\u00e1ndez de Cevallos Ramos, present\u00f3 este martes una denuncia formal de hechos ante la Fiscal\u00eda General de la Rep\u00fablica (FGR) contra las acusaciones que realiz\u00f3 el presidente de M\u00e9xico, Andr\u00e9s Manuel L\u00f3pez Obrador, quien afirm\u00f3 que Cevallos estaba vinculado a un grupo opositor que recibe dinero de Estados Unidos.<\/p>\n<p>&nbsp;<\/p>\n<p> <\/p>\n<p>&nbsp;<\/p>\n<p>A trav\u00e9s de sus redes sociales, el pol\u00edtico explic\u00f3 que hoy, 25 de mayo, a las 12:15 horas, acudi\u00f3 a la FGR para presentar la formal denuncia <em>\u201cen relaci\u00f3n con las recientes imputaciones que me hizo el corrupto depredador que actualmente ensucia el Palacio Nacional\u201c<\/em>, escribi\u00f3.<\/p>\n<p>&nbsp;<\/p>\n<p>En su publicaci\u00f3n adjunto dicha denuncia la cual cuenta con un total de siete hojas que est\u00e1n dirigidas al Fiscal General de la Rep\u00fablica, el Dr. Alejandro Gertz Manero y destacan 5 puntos importantes con sus derivados.<\/p>\n<p>&nbsp;<\/p>\n<p><em>\u201cNiego, porque es falso con toda falsedad, que yo est\u00e9 \u2013 o haya estado- \u201cvinculado\u201d<\/em> directa o indirectamente a <em>\u201cMexicanos contra la corrupci\u00f3n y la impunidad\u201d (organizaci\u00f3n que ya dio clara y merecida respuesta al difamador)\u201d,<\/em> se lee en el documento.<\/p>\n<p>&nbsp;<\/p>\n<p>Durante su conferencia de prensa matutina, L\u00f3pez Obrador acus\u00f3 al Fern\u00e1ndez de Ceballos de haber recibido <em>\u201cmiles de millones de pesos\u201d<\/em> cuando fung\u00eda como abogado defensor de una empresa de jugos durante el gobierno de Vicente Fox.<\/p>\n<p>&nbsp;<\/p>\n<p>Ante ello Fern\u00e1ndez\u00a0 exigi\u00f3 al mandatario mexicano mostrar las pruebas y presentar una denuncia en su contra ante la FGR.<\/p>\n<p>&nbsp;<\/p>\n<p><em>\u201cSi fuera usted hombre de honor, su acusaci\u00f3n p\u00fablica estar\u00eda ya acompa\u00f1ada de pruebas que la sustenten\u201d,<\/em> asegur\u00f3 en su momento.<\/p>\n<p>&nbsp;<\/p>\n<p>&nbsp;<\/p>\n<p>(Publicada el 26\/05\/2021)<\/p>\n","protected":false},"excerpt":{"rendered":"<p>CIUDAD DE M\u00c9XICO. MX. \u2014 Diego Fern\u00e1ndez de Cevallos Ramos, present\u00f3 este martes una denuncia&#8230;<\/p>\n","protected":false},"author":1,"featured_media":114885,"comment_status":"open","ping_status":"open","sticky":false,"template":"","format":"standard","meta":{"_monsterinsights_skip_tracking":false,"_monsterinsights_sitenote_active":false,"_monsterinsights_sitenote_note":"","_monsterinsights_sitenote_category":0,"footnotes":""},"categories":[5],"tags":[],"class_list":["post"],"yoast_head":" \n<title>Sonora en Equipo. Cevallos presenta denuncia contra AMLO ante la FGR por involucrarlo con &quot;mexicanos contra la corrupci\u00f3n&quot; Rep\u00fablica<\/title>\n<meta name=\"description\" content=\"CIUDAD DE M\u00c9XICO. MX. \u2014 Diego Fern\u00e1ndez de Cevallos Ramos, present\u00f3 este martes una denuncia formal de hechos ante la Fiscal\u00eda General de la Rep\u00fablica En Sonora en Equipo publicamos toda la informaci\u00f3n de Sonora, M\u00e9xico y el Mundo de manera oportuna y busca que la libertad de expresi\u00f3n sea real. Visita nuestro medio informativo publicado desde Hermosillo, Sonora. %\" \/>\n<meta name=\"robots\" content=\"index, follow, max-snippet:-1, max-image-preview:large, max-video-preview:-1\" \/>\n<link rel=\"canonical\" href=\"https:\/\/www.sonoraenequipo.com.mx\/cevallos-presenta-denuncia-contra-amlo-ante-la-fgr-por-involucrarlo-con-mexicanos-contra-la-corrupcion\/\" \/>\n<meta property=\"og:locale\" content=\"es_ES\" \/>\n<meta property=\"og:type\" content=\"article\" \/>\n<meta property=\"og:title\" content=\"Sonora en Equipo. Cevallos presenta denuncia contra AMLO ante la FGR por involucrarlo con &quot;mexicanos contra la corrupci\u00f3n&quot; Rep\u00fablica\" \/>\n<meta property=\"og:description\" content=\"CIUDAD DE M\u00c9XICO. MX. \u2014 Diego Fern\u00e1ndez de Cevallos Ramos, present\u00f3 este martes una denuncia formal de hechos ante la Fiscal\u00eda General de la Rep\u00fablica En Sonora en Equipo publicamos toda la informaci\u00f3n de Sonora, M\u00e9xico y el Mundo de manera oportuna y busca que la libertad de expresi\u00f3n sea real. Visita nuestro medio informativo publicado desde Hermosillo, Sonora. %\" \/>\n<meta property=\"og:url\" content=\"https:\/\/www.sonoraenequipo.com.mx\/cevallos-presenta-denuncia-contra-amlo-ante-la-fgr-por-involucrarlo-con-mexicanos-contra-la-corrupcion\/\" \/>\n<meta property=\"og:site_name\" content=\"Sonora en Equipo.\" \/>\n<meta property=\"article:publisher\" content=\"https:\/\/www.facebook.com\/SonoraEE\/\" \/>\n<meta property=\"article:author\" content=\"https:\/\/www.facebook.com\/SonoraEE\" \/>\n<meta property=\"article:published_time\" content=\"2021-05-26T13:30:05+00:00\" \/>\n<meta property=\"article:modified_time\" content=\"2021-05-26T15:31:18+00:00\" \/>\n<meta property=\"og:image\" content=\"https:\/\/www.sonoraenequipo.com.mx\/storage\/2021\/05\/DFC-denuncia-fgr-amlo_opt.jpg\" \/>\n\t<meta property=\"og:image:width\" content=\"700\" \/>\n\t<meta property=\"og:image:height\" content=\"400\" \/>\n\t<meta property=\"og:image:type\" content=\"image\/jpeg\" \/>\n<meta name=\"author\" content=\"enequipo\" \/>\n<meta name=\"twitter:card\" content=\"summary_large_image\" \/>\n<meta name=\"twitter:creator\" content=\"@sonoraenequipo\" \/>\n<meta name=\"twitter:site\" content=\"@sonoraenequipo\" \/>\n<meta name=\"twitter:label1\" content=\"Escrito por\" \/>\n\t<meta name=\"twitter:data1\" content=\"enequipo\" \/>\n\t<meta name=\"twitter:label2\" content=\"Tiempo de lectura\" \/>\n\t<meta name=\"twitter:data2\" content=\"2 minutos\" \/>\n<script type=\"application\/ld+json\" class=\"yoast-schema-graph\">{\"@context\":\"https:\/\/schema.org\",\"@graph\":[{\"@type\":\"Article\",\"@id\":\"https:\/\/www.sonoraenequipo.com.mx\/cevallos-presenta-denuncia-contra-amlo-ante-la-fgr-por-involucrarlo-con-mexicanos-contra-la-corrupcion\/#article\",\"isPartOf\":{\"@id\":\"https:\/\/www.sonoraenequipo.com.mx\/cevallos-presenta-denuncia-contra-amlo-ante-la-fgr-por-involucrarlo-con-mexicanos-contra-la-corrupcion\/\"},\"author\":{\"name\":\"enequipo\",\"@id\":\"https:\/\/www.sonoraenequipo.com.mx\/#\/schema\/person\/50102df0fb23a8fa9e8effad8fa81386\"},\"headline\":\"Cevallos presenta denuncia contra AMLO ante la FGR por involucrarlo con \u00abmexicanos contra la corrupci\u00f3n\u00bb\",\"datePublished\":\"2021-05-26T13:30:05+00:00\",\"dateModified\":\"2021-05-26T15:31:18+00:00\",\"mainEntityOfPage\":{\"@id\":\"https:\/\/www.sonoraenequipo.com.mx\/cevallos-presenta-denuncia-contra-amlo-ante-la-fgr-por-involucrarlo-con-mexicanos-contra-la-corrupcion\/\"},\"wordCount\":302,\"commentCount\":0,\"publisher\":{\"@id\":\"https:\/\/www.sonoraenequipo.com.mx\/#organization\"},\"image\":{\"@id\":\"https:\/\/www.sonoraenequipo.com.mx\/cevallos-presenta-denuncia-contra-amlo-ante-la-fgr-por-involucrarlo-con-mexicanos-contra-la-corrupcion\/#primaryimage\"},\"thumbnailUrl\":\"https:\/\/www.sonoraenequipo.com.mx\/storage\/2021\/05\/DFC-denuncia-fgr-amlo_opt.jpg\",\"articleSection\":[\"Rep\u00fablica\"],\"inLanguage\":\"es\",\"potentialAction\":[{\"@type\":\"CommentAction\",\"name\":\"Comment\",\"target\":[\"https:\/\/www.sonoraenequipo.com.mx\/cevallos-presenta-denuncia-contra-amlo-ante-la-fgr-por-involucrarlo-con-mexicanos-contra-la-corrupcion\/#respond\"]}]},{\"@type\":\"WebPage\",\"@id\":\"https:\/\/www.sonoraenequipo.com.mx\/cevallos-presenta-denuncia-contra-amlo-ante-la-fgr-por-involucrarlo-con-mexicanos-contra-la-corrupcion\/\",\"url\":\"https:\/\/www.sonoraenequipo.com.mx\/cevallos-presenta-denuncia-contra-amlo-ante-la-fgr-por-involucrarlo-con-mexicanos-contra-la-corrupcion\/\",\"name\":\"Sonora en Equipo. Cevallos presenta denuncia contra AMLO ante la FGR por involucrarlo con \\\"mexicanos contra la corrupci\u00f3n\\\" Rep\u00fablica\",\"isPartOf\":{\"@id\":\"https:\/\/www.sonoraenequipo.com.mx\/#website\"},\"primaryImageOfPage\":{\"@id\":\"https:\/\/www.sonoraenequipo.com.mx\/cevallos-presenta-denuncia-contra-amlo-ante-la-fgr-por-involucrarlo-con-mexicanos-contra-la-corrupcion\/#primaryimage\"},\"image\":{\"@id\":\"https:\/\/www.sonoraenequipo.com.mx\/cevallos-presenta-denuncia-contra-amlo-ante-la-fgr-por-involucrarlo-con-mexicanos-contra-la-corrupcion\/#primaryimage\"},\"thumbnailUrl\":\"https:\/\/www.sonoraenequipo.com.mx\/storage\/2021\/05\/DFC-denuncia-fgr-amlo_opt.jpg\",\"datePublished\":\"2021-05-26T13:30:05+00:00\",\"dateModified\":\"2021-05-26T15:31:18+00:00\",\"description\":\"CIUDAD DE M\u00c9XICO. MX. \u2014 Diego Fern\u00e1ndez de Cevallos Ramos, present\u00f3 este martes una denuncia formal de hechos ante la Fiscal\u00eda General de la Rep\u00fablica En Sonora en Equipo publicamos toda la informaci\u00f3n de Sonora, M\u00e9xico y el Mundo de manera oportuna y busca que la libertad de expresi\u00f3n sea real. Visita nuestro medio informativo publicado desde Hermosillo, Sonora. %\",\"breadcrumb\":{\"@id\":\"https:\/\/www.sonoraenequipo.com.mx\/cevallos-presenta-denuncia-contra-amlo-ante-la-fgr-por-involucrarlo-con-mexicanos-contra-la-corrupcion\/#breadcrumb\"},\"inLanguage\":\"es\",\"potentialAction\":[{\"@type\":\"ReadAction\",\"target\":[\"https:\/\/www.sonoraenequipo.com.mx\/cevallos-presenta-denuncia-contra-amlo-ante-la-fgr-por-involucrarlo-con-mexicanos-contra-la-corrupcion\/\"]}]},{\"@type\":\"ImageObject\",\"inLanguage\":\"es\",\"@id\":\"https:\/\/www.sonoraenequipo.com.mx\/cevallos-presenta-denuncia-contra-amlo-ante-la-fgr-por-involucrarlo-con-mexicanos-contra-la-corrupcion\/#primaryimage\",\"url\":\"https:\/\/www.sonoraenequipo.com.mx\/storage\/2021\/05\/DFC-denuncia-fgr-amlo_opt.jpg\",\"contentUrl\":\"https:\/\/www.sonoraenequipo.com.mx\/storage\/2021\/05\/DFC-denuncia-fgr-amlo_opt.jpg\",\"width\":700,\"height\":400},{\"@type\":\"BreadcrumbList\",\"@id\":\"https:\/\/www.sonoraenequipo.com.mx\/cevallos-presenta-denuncia-contra-amlo-ante-la-fgr-por-involucrarlo-con-mexicanos-contra-la-corrupcion\/#breadcrumb\",\"itemListElement\":[{\"@type\":\"ListItem\",\"position\":1,\"name\":\"Portada\",\"item\":\"https:\/\/www.sonoraenequipo.com.mx\/\"},{\"@type\":\"ListItem\",\"position\":2,\"name\":\"Cevallos presenta denuncia contra AMLO ante la FGR por involucrarlo con \u00abmexicanos contra la corrupci\u00f3n\u00bb\"}]},{\"@type\":\"WebSite\",\"@id\":\"https:\/\/www.sonoraenequipo.com.mx\/#website\",\"url\":\"https:\/\/www.sonoraenequipo.com.mx\/\",\"name\":\"Sonora en Equipo.\",\"description\":\"Diario en l\u00ednea con Noticias desde Hermosillo, Sonora\",\"publisher\":{\"@id\":\"https:\/\/www.sonoraenequipo.com.mx\/#organization\"},\"potentialAction\":[{\"@type\":\"SearchAction\",\"target\":{\"@type\":\"EntryPoint\",\"urlTemplate\":\"https:\/\/www.sonoraenequipo.com.mx\/?s={search_term_string}\"},\"query-input\":{\"@type\":\"PropertyValueSpecification\",\"valueRequired\":true,\"valueName\":\"search_term_string\"}}],\"inLanguage\":\"es\"},{\"@type\":\"Organization\",\"@id\":\"https:\/\/www.sonoraenequipo.com.mx\/#organization\",\"name\":\"Sonoraenequipo.com.mx\",\"url\":\"https:\/\/www.sonoraenequipo.com.mx\/\",\"logo\":{\"@type\":\"ImageObject\",\"inLanguage\":\"es\",\"@id\":\"https:\/\/www.sonoraenequipo.com.mx\/#\/schema\/logo\/image\/\",\"url\":\"https:\/\/www.sonoraenequipo.com.mx\/storage\/2019\/01\/sonoraenequipo_opt.png\",\"contentUrl\":\"https:\/\/www.sonoraenequipo.com.mx\/storage\/2019\/01\/sonoraenequipo_opt.png\",\"width\":375,\"height\":125,\"caption\":\"Sonoraenequipo.com.mx\"},\"image\":{\"@id\":\"https:\/\/www.sonoraenequipo.com.mx\/#\/schema\/logo\/image\/\"},\"sameAs\":[\"https:\/\/www.facebook.com\/SonoraEE\/\",\"https:\/\/x.com\/sonoraenequipo\",\"https:\/\/www.youtube.com\/channel\/UC338nW-lPEYmJQs4ZABQ1SQ\"]},{\"@type\":\"Person\",\"@id\":\"https:\/\/www.sonoraenequipo.com.mx\/#\/schema\/person\/50102df0fb23a8fa9e8effad8fa81386\",\"name\":\"enequipo\",\"image\":{\"@type\":\"ImageObject\",\"inLanguage\":\"es\",\"@id\":\"https:\/\/www.sonoraenequipo.com.mx\/#\/schema\/person\/image\/\",\"url\":\"https:\/\/secure.gravatar.com\/avatar\/049821681b589dabc0bc20695993ccebb09f5b5d4d790cd9251b97faac7c652b?s=96&d=blank&r=g\",\"contentUrl\":\"https:\/\/secure.gravatar.com\/avatar\/049821681b589dabc0bc20695993ccebb09f5b5d4d790cd9251b97faac7c652b?s=96&d=blank&r=g\",\"caption\":\"enequipo\"},\"sameAs\":[\"https:\/\/www.facebook.com\/SonoraEE\"]}]}<\/script>\n ","yoast_head_json":{"title":"Sonora en Equipo. Cevallos presenta denuncia contra AMLO ante la FGR por involucrarlo con \"mexicanos contra la corrupci\u00f3n\" Rep\u00fablica","description":"CIUDAD DE M\u00c9XICO. MX. \u2014 Diego Fern\u00e1ndez de Cevallos Ramos, present\u00f3 este martes una denuncia formal de hechos ante la Fiscal\u00eda General de la Rep\u00fablica En Sonora en Equipo publicamos toda la informaci\u00f3n de Sonora, M\u00e9xico y el Mundo de manera oportuna y busca que la libertad de expresi\u00f3n sea real. Visita nuestro medio informativo publicado desde Hermosillo, Sonora. %","robots":{"index":"index","follow":"follow","max-snippet":"max-snippet:-1","max-image-preview":"max-image-preview:large","max-video-preview":"max-video-preview:-1"},"canonical":"https:\/\/www.sonoraenequipo.com.mx\/cevallos-presenta-denuncia-contra-amlo-ante-la-fgr-por-involucrarlo-con-mexicanos-contra-la-corrupcion\/","og_locale":"es_ES","og_type":"article","og_title":"Sonora en Equipo. Cevallos presenta denuncia contra AMLO ante la FGR por involucrarlo con \"mexicanos contra la corrupci\u00f3n\" Rep\u00fablica","og_description":"CIUDAD DE M\u00c9XICO. MX. \u2014 Diego Fern\u00e1ndez de Cevallos Ramos, present\u00f3 este martes una denuncia formal de hechos ante la Fiscal\u00eda General de la Rep\u00fablica En Sonora en Equipo publicamos toda la informaci\u00f3n de Sonora, M\u00e9xico y el Mundo de manera oportuna y busca que la libertad de expresi\u00f3n sea real. Visita nuestro medio informativo publicado desde Hermosillo, Sonora. %","og_url":"https:\/\/www.sonoraenequipo.com.mx\/cevallos-presenta-denuncia-contra-amlo-ante-la-fgr-por-involucrarlo-con-mexicanos-contra-la-corrupcion\/","og_site_name":"Sonora en Equipo.","article_publisher":"https:\/\/www.facebook.com\/SonoraEE\/","article_author":"https:\/\/www.facebook.com\/SonoraEE","article_published_time":"2021-05-26T13:30:05+00:00","article_modified_time":"2021-05-26T15:31:18+00:00","og_image":[{"width":700,"height":400,"url":"https:\/\/www.sonoraenequipo.com.mx\/storage\/2021\/05\/DFC-denuncia-fgr-amlo_opt.jpg","type":"image\/jpeg"}],"author":"enequipo","twitter_card":"summary_large_image","twitter_creator":"@sonoraenequipo","twitter_site":"@sonoraenequipo","twitter_misc":{"Escrito por":"enequipo","Tiempo de lectura":"2 minutos"},"schema":{"@context":"https:\/\/schema.org","@graph":[{"@type":"Article","@id":"https:\/\/www.sonoraenequipo.com.mx\/cevallos-presenta-denuncia-contra-amlo-ante-la-fgr-por-involucrarlo-con-mexicanos-contra-la-corrupcion\/#article","isPartOf":{"@id":"https:\/\/www.sonoraenequipo.com.mx\/cevallos-presenta-denuncia-contra-amlo-ante-la-fgr-por-involucrarlo-con-mexicanos-contra-la-corrupcion\/"},"author":{"name":"enequipo","@id":"https:\/\/www.sonoraenequipo.com.mx\/#\/schema\/person\/50102df0fb23a8fa9e8effad8fa81386"},"headline":"Cevallos presenta denuncia contra AMLO ante la FGR por involucrarlo con \u00abmexicanos contra la corrupci\u00f3n\u00bb","datePublished":"2021-05-26T13:30:05+00:00","dateModified":"2021-05-26T15:31:18+00:00","mainEntityOfPage":{"@id":"https:\/\/www.sonoraenequipo.com.mx\/cevallos-presenta-denuncia-contra-amlo-ante-la-fgr-por-involucrarlo-con-mexicanos-contra-la-corrupcion\/"},"wordCount":302,"commentCount":0,"publisher":{"@id":"https:\/\/www.sonoraenequipo.com.mx\/#organization"},"image":{"@id":"https:\/\/www.sonoraenequipo.com.mx\/cevallos-presenta-denuncia-contra-amlo-ante-la-fgr-por-involucrarlo-con-mexicanos-contra-la-corrupcion\/#primaryimage"},"thumbnailUrl":"https:\/\/www.sonoraenequipo.com.mx\/storage\/2021\/05\/DFC-denuncia-fgr-amlo_opt.jpg","articleSection":["Rep\u00fablica"],"inLanguage":"es","potentialAction":[{"@type":"CommentAction","name":"Comment","target":["https:\/\/www.sonoraenequipo.com.mx\/cevallos-presenta-denuncia-contra-amlo-ante-la-fgr-por-involucrarlo-con-mexicanos-contra-la-corrupcion\/#respond"]}]},{"@type":"WebPage","@id":"https:\/\/www.sonoraenequipo.com.mx\/cevallos-presenta-denuncia-contra-amlo-ante-la-fgr-por-involucrarlo-con-mexicanos-contra-la-corrupcion\/","url":"https:\/\/www.sonoraenequipo.com.mx\/cevallos-presenta-denuncia-contra-amlo-ante-la-fgr-por-involucrarlo-con-mexicanos-contra-la-corrupcion\/","name":"Sonora en Equipo. Cevallos presenta denuncia contra AMLO ante la FGR por involucrarlo con \"mexicanos contra la corrupci\u00f3n\" Rep\u00fablica","isPartOf":{"@id":"https:\/\/www.sonoraenequipo.com.mx\/#website"},"primaryImageOfPage":{"@id":"https:\/\/www.sonoraenequipo.com.mx\/cevallos-presenta-denuncia-contra-amlo-ante-la-fgr-por-involucrarlo-con-mexicanos-contra-la-corrupcion\/#primaryimage"},"image":{"@id":"https:\/\/www.sonoraenequipo.com.mx\/cevallos-presenta-denuncia-contra-amlo-ante-la-fgr-por-involucrarlo-con-mexicanos-contra-la-corrupcion\/#primaryimage"},"thumbnailUrl":"https:\/\/www.sonoraenequipo.com.mx\/storage\/2021\/05\/DFC-denuncia-fgr-amlo_opt.jpg","datePublished":"2021-05-26T13:30:05+00:00","dateModified":"2021-05-26T15:31:18+00:00","description":"CIUDAD DE M\u00c9XICO. MX. \u2014 Diego Fern\u00e1ndez de Cevallos Ramos, present\u00f3 este martes una denuncia formal de hechos ante la Fiscal\u00eda General de la Rep\u00fablica En Sonora en Equipo publicamos toda la informaci\u00f3n de Sonora, M\u00e9xico y el Mundo de manera oportuna y busca que la libertad de expresi\u00f3n sea real. Visita nuestro medio informativo publicado desde Hermosillo, Sonora. %","breadcrumb":{"@id":"https:\/\/www.sonoraenequipo.com.mx\/cevallos-presenta-denuncia-contra-amlo-ante-la-fgr-por-involucrarlo-con-mexicanos-contra-la-corrupcion\/#breadcrumb"},"inLanguage":"es","potentialAction":[{"@type":"ReadAction","target":["https:\/\/www.sonoraenequipo.com.mx\/cevallos-presenta-denuncia-contra-amlo-ante-la-fgr-por-involucrarlo-con-mexicanos-contra-la-corrupcion\/"]}]},{"@type":"ImageObject","inLanguage":"es","@id":"https:\/\/www.sonoraenequipo.com.mx\/cevallos-presenta-denuncia-contra-amlo-ante-la-fgr-por-involucrarlo-con-mexicanos-contra-la-corrupcion\/#primaryimage","url":"https:\/\/www.sonoraenequipo.com.mx\/storage\/2021\/05\/DFC-denuncia-fgr-amlo_opt.jpg","contentUrl":"https:\/\/www.sonoraenequipo.com.mx\/storage\/2021\/05\/DFC-denuncia-fgr-amlo_opt.jpg","width":700,"height":400},{"@type":"BreadcrumbList","@id":"https:\/\/www.sonoraenequipo.com.mx\/cevallos-presenta-denuncia-contra-amlo-ante-la-fgr-por-involucrarlo-con-mexicanos-contra-la-corrupcion\/#breadcrumb","itemListElement":[{"@type":"ListItem","position":1,"name":"Portada","item":"https:\/\/www.sonoraenequipo.com.mx\/"},{"@type":"ListItem","position":2,"name":"Cevallos presenta denuncia contra AMLO ante la FGR por involucrarlo con \u00abmexicanos contra la corrupci\u00f3n\u00bb"}]},{"@type":"WebSite","@id":"https:\/\/www.sonoraenequipo.com.mx\/#website","url":"https:\/\/www.sonoraenequipo.com.mx\/","name":"Sonora en Equipo.","description":"Diario en l\u00ednea con Noticias desde Hermosillo, Sonora","publisher":{"@id":"https:\/\/www.sonoraenequipo.com.mx\/#organization"},"potentialAction":[{"@type":"SearchAction","target":{"@type":"EntryPoint","urlTemplate":"https:\/\/www.sonoraenequipo.com.mx\/?s={search_term_string}"},"query-input":{"@type":"PropertyValueSpecification","valueRequired":true,"valueName":"search_term_string"}}],"inLanguage":"es"},{"@type":"Organization","@id":"https:\/\/www.sonoraenequipo.com.mx\/#organization","name":"Sonoraenequipo.com.mx","url":"https:\/\/www.sonoraenequipo.com.mx\/","logo":{"@type":"ImageObject","inLanguage":"es","@id":"https:\/\/www.sonoraenequipo.com.mx\/#\/schema\/logo\/image\/","url":"https:\/\/www.sonoraenequipo.com.mx\/storage\/2019\/01\/sonoraenequipo_opt.png","contentUrl":"https:\/\/www.sonoraenequipo.com.mx\/storage\/2019\/01\/sonoraenequipo_opt.png","width":375,"height":125,"caption":"Sonoraenequipo.com.mx"},"image":{"@id":"https:\/\/www.sonoraenequipo.com.mx\/#\/schema\/logo\/image\/"},"sameAs":["https:\/\/www.facebook.com\/SonoraEE\/","https:\/\/x.com\/sonoraenequipo","https:\/\/www.youtube.com\/channel\/UC338nW-lPEYmJQs4ZABQ1SQ"]},{"@type":"Person","@id":"https:\/\/www.sonoraenequipo.com.mx\/#\/schema\/person\/50102df0fb23a8fa9e8effad8fa81386","name":"enequipo","image":{"@type":"ImageObject","inLanguage":"es","@id":"https:\/\/www.sonoraenequipo.com.mx\/#\/schema\/person\/image\/","url":"https:\/\/secure.gravatar.com\/avatar\/049821681b589dabc0bc20695993ccebb09f5b5d4d790cd9251b97faac7c652b?s=96&d=blank&r=g","contentUrl":"https:\/\/secure.gravatar.com\/avatar\/049821681b589dabc0bc20695993ccebb09f5b5d4d790cd9251b97faac7c652b?s=96&d=blank&r=g","caption":"enequipo"},"sameAs":["https:\/\/www.facebook.com\/SonoraEE"]}]}},"jetpack_featured_media_url":"https:\/\/www.sonoraenequipo.com.mx\/storage\/2021\/05\/DFC-denuncia-fgr-amlo_opt.jpg","_links":{"self":[{"href":"https:\/\/www.sonoraenequipo.com.mx\/api\/wp\/v2\/posts\/114884","targetHints":{"allow":["GET"]}}],"collection":[{"href":"https:\/\/www.sonoraenequipo.com.mx\/api\/wp\/v2\/posts"}],"about":[{"href":"https:\/\/www.sonoraenequipo.com.mx\/api\/wp\/v2\/types\/post"}],"author":[{"embeddable":true,"href":"https:\/\/www.sonoraenequipo.com.mx\/api\/wp\/v2\/users\/1"}],"replies":[{"embeddable":true,"href":"https:\/\/www.sonoraenequipo.com.mx\/api\/wp\/v2\/comments?post=114884"}],"version-history":[{"count":1,"href":"https:\/\/www.sonoraenequipo.com.mx\/api\/wp\/v2\/posts\/114884\/revisions"}],"predecessor-version":[{"id":114886,"href":"https:\/\/www.sonoraenequipo.com.mx\/api\/wp\/v2\/posts\/114884\/revisions\/114886"}],"wp:featuredmedia":[{"embeddable":true,"href":"https:\/\/www.sonoraenequipo.com.mx\/api\/wp\/v2\/media\/114885"}],"wp:attachment":[{"href":"https:\/\/www.sonoraenequipo.com.mx\/api\/wp\/v2\/media?parent=114884"}],"wp:term":[{"taxonomy":"category","embeddable":true,"href":"https:\/\/www.sonoraenequipo.com.mx\/api\/wp\/v2\/categories?post=114884"},{"taxonomy":"post_tag","embeddable":true,"href":"https:\/\/www.sonoraenequipo.com.mx\/api\/wp\/v2\/tags?post=114884"}],"curies":[{"name":"wp","href":"https:\/\/api.w.org\/{rel}","templated":true}]}}