{"id":114887,"date":"2021-05-26T07:05:59","date_gmt":"2021-05-26T14:05:59","guid":{"rendered":"https:\/\/www.sonoraenequipo.com.mx\/?p=114887"},"modified":"2021-05-26T08:49:43","modified_gmt":"2021-05-26T15:49:43","slug":"inversion-de-compra-de-refineria-se-recuperara-en-2-o-3-anos-amlo","status":"publish","type":"post","link":"https:\/\/www.sonoraenequipo.com.mx\/inversion-de-compra-de-refineria-se-recuperara-en-2-o-3-anos-amlo\/","title":{"rendered":"Inversi\u00f3n de compra de refiner\u00eda se recuperar\u00e1 en 2 o 3 a\u00f1os: AMLO"},"content":{"rendered":"<p>CIUDAD DE M\u00c9XICO. MX. \u2014 El presidente Andr\u00e9s Manuel L\u00f3pez Obrador inform\u00f3 que la inversi\u00f3n de 600 millones de d\u00f3lares que se utilizaron para la compra de la refiner\u00eda Deep Park de Shell se recuperar\u00e1 en un lapso de 2 o 3 a\u00f1os.<\/p>\n<p>&nbsp;<\/p>\n<p> <\/p>\n<p>&nbsp;<\/p>\n<p>Durante su conferencia de prensa matutina, el mandatario explic\u00f3 que la compra de la refiner\u00eda<em> \u201ces un buen negocio para el pa\u00eds\u201c<\/em>, pues asegur\u00f3 que se lograr\u00e1 que M\u00e9xico sea autosuficiente en materia de combustibles y se recuperar\u00e1 la inversi\u00f3n de su compra a m\u00e1s tardar en el a\u00f1o 2023.<\/p>\n<p>&nbsp;<\/p>\n<p><em>\u201cEn dos o tres a\u00f1os. Ya est\u00e1 hecho el an\u00e1lisis financiero, es un buen negocio para el pa\u00eds\u201d,<\/em> asever\u00f3.<\/p>\n<p>&nbsp;<\/p>\n<p>Adem\u00e1s asegur\u00f3 que ello traer\u00e1 adem\u00e1s seguridad nacional, por que el pa\u00eds no ser\u00e1 dependiente de otro y no aumentar\u00e1n los precios de los combustibles.<\/p>\n<p>&nbsp;<\/p>\n<p><em>\u201cYa no vamos en el futuro a vender petr\u00f3leo crudo y a comprar gasolinas, vamos a producir\u201d,<\/em> recalc\u00f3.<\/p>\n<p>&nbsp;<\/p>\n<p>Por su parte, Octavio Romero Oropeza, director de Pemex, puntualiz\u00f3 que la compra de la refiner\u00eda Deep Park de Shell, tendr\u00e1 un costo total de 596 millones de d\u00f3lares, y se pagar\u00e1n 106 millones de d\u00f3lares en efectivo y 490 ser\u00e1n pagados a la <em>\u201cdeuda de Shell en la sociedad\u201d<\/em>.<\/p>\n<p>&nbsp;<\/p>\n<p>Destac\u00f3 que la refiner\u00eda Deer Park ha tenido utilidades todos los a\u00f1os a excepci\u00f3n del 2020, debido a la pandemia de Covid-19, por lo que consider\u00f3 que la compra fue sin dudas una buena inversi\u00f3n, pues se estima que se producir\u00e1n 1.200 barriles diarios <em>\u201cpara abastecer el total de la demanda mexicana de gasolina diesel, turbosina y otros petrol\u00edferos\u201c.<\/em><\/p>\n<p>&nbsp;<\/p>\n<p>(Publicada el 26\/05\/2021<\/p>\n","protected":false},"excerpt":{"rendered":"<p>CIUDAD DE M\u00c9XICO. MX. \u2014 El presidente Andr\u00e9s Manuel L\u00f3pez Obrador inform\u00f3 que la inversi\u00f3n&#8230;<\/p>\n","protected":false},"author":1,"featured_media":114888,"comment_status":"open","ping_status":"open","sticky":false,"template":"","format":"standard","meta":{"_monsterinsights_skip_tracking":false,"_monsterinsights_sitenote_active":false,"_monsterinsights_sitenote_note":"","_monsterinsights_sitenote_category":0,"footnotes":""},"categories":[5],"tags":[],"class_list":["post"],"yoast_head":" \n<title>Sonora en Equipo. Inversi\u00f3n de compra de refiner\u00eda se recuperar\u00e1 en 2 o 3 a\u00f1os: AMLO Rep\u00fablica<\/title>\n<meta name=\"description\" content=\"CIUDAD DE M\u00c9XICO. MX. \u2014 El presidente Andr\u00e9s Manuel L\u00f3pez Obrador inform\u00f3 que la inversi\u00f3n de 600 millones de d\u00f3lares que se utilizaron para la compra de En Sonora en Equipo publicamos toda la informaci\u00f3n de Sonora, M\u00e9xico y el Mundo de manera oportuna y busca que la libertad de expresi\u00f3n sea real. Visita nuestro medio informativo publicado desde Hermosillo, Sonora. %\" \/>\n<meta name=\"robots\" content=\"index, follow, max-snippet:-1, max-image-preview:large, max-video-preview:-1\" \/>\n<link rel=\"canonical\" href=\"https:\/\/www.sonoraenequipo.com.mx\/inversion-de-compra-de-refineria-se-recuperara-en-2-o-3-anos-amlo\/\" \/>\n<meta property=\"og:locale\" content=\"es_ES\" \/>\n<meta property=\"og:type\" content=\"article\" \/>\n<meta property=\"og:title\" content=\"Sonora en Equipo. Inversi\u00f3n de compra de refiner\u00eda se recuperar\u00e1 en 2 o 3 a\u00f1os: AMLO Rep\u00fablica\" \/>\n<meta property=\"og:description\" content=\"CIUDAD DE M\u00c9XICO. MX. \u2014 El presidente Andr\u00e9s Manuel L\u00f3pez Obrador inform\u00f3 que la inversi\u00f3n de 600 millones de d\u00f3lares que se utilizaron para la compra de En Sonora en Equipo publicamos toda la informaci\u00f3n de Sonora, M\u00e9xico y el Mundo de manera oportuna y busca que la libertad de expresi\u00f3n sea real. Visita nuestro medio informativo publicado desde Hermosillo, Sonora. %\" \/>\n<meta property=\"og:url\" content=\"https:\/\/www.sonoraenequipo.com.mx\/inversion-de-compra-de-refineria-se-recuperara-en-2-o-3-anos-amlo\/\" \/>\n<meta property=\"og:site_name\" content=\"Sonora en Equipo.\" \/>\n<meta property=\"article:publisher\" content=\"https:\/\/www.facebook.com\/SonoraEE\/\" \/>\n<meta property=\"article:author\" content=\"https:\/\/www.facebook.com\/SonoraEE\" \/>\n<meta property=\"article:published_time\" content=\"2021-05-26T14:05:59+00:00\" \/>\n<meta property=\"article:modified_time\" content=\"2021-05-26T15:49:43+00:00\" \/>\n<meta property=\"og:image\" content=\"https:\/\/www.sonoraenequipo.com.mx\/storage\/2021\/05\/refineria-texas_opt.jpg\" \/>\n\t<meta property=\"og:image:width\" content=\"700\" \/>\n\t<meta property=\"og:image:height\" content=\"400\" \/>\n\t<meta property=\"og:image:type\" content=\"image\/jpeg\" \/>\n<meta name=\"author\" content=\"enequipo\" \/>\n<meta name=\"twitter:card\" content=\"summary_large_image\" \/>\n<meta name=\"twitter:creator\" content=\"@sonoraenequipo\" \/>\n<meta name=\"twitter:site\" content=\"@sonoraenequipo\" \/>\n<meta name=\"twitter:label1\" content=\"Escrito por\" \/>\n\t<meta name=\"twitter:data1\" content=\"enequipo\" \/>\n\t<meta name=\"twitter:label2\" content=\"Tiempo de lectura\" \/>\n\t<meta name=\"twitter:data2\" content=\"2 minutos\" \/>\n<script type=\"application\/ld+json\" class=\"yoast-schema-graph\">{\"@context\":\"https:\/\/schema.org\",\"@graph\":[{\"@type\":\"Article\",\"@id\":\"https:\/\/www.sonoraenequipo.com.mx\/inversion-de-compra-de-refineria-se-recuperara-en-2-o-3-anos-amlo\/#article\",\"isPartOf\":{\"@id\":\"https:\/\/www.sonoraenequipo.com.mx\/inversion-de-compra-de-refineria-se-recuperara-en-2-o-3-anos-amlo\/\"},\"author\":{\"name\":\"enequipo\",\"@id\":\"https:\/\/www.sonoraenequipo.com.mx\/#\/schema\/person\/50102df0fb23a8fa9e8effad8fa81386\"},\"headline\":\"Inversi\u00f3n de compra de refiner\u00eda se recuperar\u00e1 en 2 o 3 a\u00f1os: AMLO\",\"datePublished\":\"2021-05-26T14:05:59+00:00\",\"dateModified\":\"2021-05-26T15:49:43+00:00\",\"mainEntityOfPage\":{\"@id\":\"https:\/\/www.sonoraenequipo.com.mx\/inversion-de-compra-de-refineria-se-recuperara-en-2-o-3-anos-amlo\/\"},\"wordCount\":310,\"commentCount\":0,\"publisher\":{\"@id\":\"https:\/\/www.sonoraenequipo.com.mx\/#organization\"},\"image\":{\"@id\":\"https:\/\/www.sonoraenequipo.com.mx\/inversion-de-compra-de-refineria-se-recuperara-en-2-o-3-anos-amlo\/#primaryimage\"},\"thumbnailUrl\":\"https:\/\/www.sonoraenequipo.com.mx\/storage\/2021\/05\/refineria-texas_opt.jpg\",\"articleSection\":[\"Rep\u00fablica\"],\"inLanguage\":\"es\",\"potentialAction\":[{\"@type\":\"CommentAction\",\"name\":\"Comment\",\"target\":[\"https:\/\/www.sonoraenequipo.com.mx\/inversion-de-compra-de-refineria-se-recuperara-en-2-o-3-anos-amlo\/#respond\"]}]},{\"@type\":\"WebPage\",\"@id\":\"https:\/\/www.sonoraenequipo.com.mx\/inversion-de-compra-de-refineria-se-recuperara-en-2-o-3-anos-amlo\/\",\"url\":\"https:\/\/www.sonoraenequipo.com.mx\/inversion-de-compra-de-refineria-se-recuperara-en-2-o-3-anos-amlo\/\",\"name\":\"Sonora en Equipo. Inversi\u00f3n de compra de refiner\u00eda se recuperar\u00e1 en 2 o 3 a\u00f1os: AMLO Rep\u00fablica\",\"isPartOf\":{\"@id\":\"https:\/\/www.sonoraenequipo.com.mx\/#website\"},\"primaryImageOfPage\":{\"@id\":\"https:\/\/www.sonoraenequipo.com.mx\/inversion-de-compra-de-refineria-se-recuperara-en-2-o-3-anos-amlo\/#primaryimage\"},\"image\":{\"@id\":\"https:\/\/www.sonoraenequipo.com.mx\/inversion-de-compra-de-refineria-se-recuperara-en-2-o-3-anos-amlo\/#primaryimage\"},\"thumbnailUrl\":\"https:\/\/www.sonoraenequipo.com.mx\/storage\/2021\/05\/refineria-texas_opt.jpg\",\"datePublished\":\"2021-05-26T14:05:59+00:00\",\"dateModified\":\"2021-05-26T15:49:43+00:00\",\"description\":\"CIUDAD DE M\u00c9XICO. MX. \u2014 El presidente Andr\u00e9s Manuel L\u00f3pez Obrador inform\u00f3 que la inversi\u00f3n de 600 millones de d\u00f3lares que se utilizaron para la compra de En Sonora en Equipo publicamos toda la informaci\u00f3n de Sonora, M\u00e9xico y el Mundo de manera oportuna y busca que la libertad de expresi\u00f3n sea real. Visita nuestro medio informativo publicado desde Hermosillo, Sonora. %\",\"breadcrumb\":{\"@id\":\"https:\/\/www.sonoraenequipo.com.mx\/inversion-de-compra-de-refineria-se-recuperara-en-2-o-3-anos-amlo\/#breadcrumb\"},\"inLanguage\":\"es\",\"potentialAction\":[{\"@type\":\"ReadAction\",\"target\":[\"https:\/\/www.sonoraenequipo.com.mx\/inversion-de-compra-de-refineria-se-recuperara-en-2-o-3-anos-amlo\/\"]}]},{\"@type\":\"ImageObject\",\"inLanguage\":\"es\",\"@id\":\"https:\/\/www.sonoraenequipo.com.mx\/inversion-de-compra-de-refineria-se-recuperara-en-2-o-3-anos-amlo\/#primaryimage\",\"url\":\"https:\/\/www.sonoraenequipo.com.mx\/storage\/2021\/05\/refineria-texas_opt.jpg\",\"contentUrl\":\"https:\/\/www.sonoraenequipo.com.mx\/storage\/2021\/05\/refineria-texas_opt.jpg\",\"width\":700,\"height\":400},{\"@type\":\"BreadcrumbList\",\"@id\":\"https:\/\/www.sonoraenequipo.com.mx\/inversion-de-compra-de-refineria-se-recuperara-en-2-o-3-anos-amlo\/#breadcrumb\",\"itemListElement\":[{\"@type\":\"ListItem\",\"position\":1,\"name\":\"Portada\",\"item\":\"https:\/\/www.sonoraenequipo.com.mx\/\"},{\"@type\":\"ListItem\",\"position\":2,\"name\":\"Inversi\u00f3n de compra de refiner\u00eda se recuperar\u00e1 en 2 o 3 a\u00f1os: AMLO\"}]},{\"@type\":\"WebSite\",\"@id\":\"https:\/\/www.sonoraenequipo.com.mx\/#website\",\"url\":\"https:\/\/www.sonoraenequipo.com.mx\/\",\"name\":\"Sonora en Equipo.\",\"description\":\"Diario en l\u00ednea con Noticias desde Hermosillo, Sonora\",\"publisher\":{\"@id\":\"https:\/\/www.sonoraenequipo.com.mx\/#organization\"},\"potentialAction\":[{\"@type\":\"SearchAction\",\"target\":{\"@type\":\"EntryPoint\",\"urlTemplate\":\"https:\/\/www.sonoraenequipo.com.mx\/?s={search_term_string}\"},\"query-input\":{\"@type\":\"PropertyValueSpecification\",\"valueRequired\":true,\"valueName\":\"search_term_string\"}}],\"inLanguage\":\"es\"},{\"@type\":\"Organization\",\"@id\":\"https:\/\/www.sonoraenequipo.com.mx\/#organization\",\"name\":\"Sonoraenequipo.com.mx\",\"url\":\"https:\/\/www.sonoraenequipo.com.mx\/\",\"logo\":{\"@type\":\"ImageObject\",\"inLanguage\":\"es\",\"@id\":\"https:\/\/www.sonoraenequipo.com.mx\/#\/schema\/logo\/image\/\",\"url\":\"https:\/\/www.sonoraenequipo.com.mx\/storage\/2019\/01\/sonoraenequipo_opt.png\",\"contentUrl\":\"https:\/\/www.sonoraenequipo.com.mx\/storage\/2019\/01\/sonoraenequipo_opt.png\",\"width\":375,\"height\":125,\"caption\":\"Sonoraenequipo.com.mx\"},\"image\":{\"@id\":\"https:\/\/www.sonoraenequipo.com.mx\/#\/schema\/logo\/image\/\"},\"sameAs\":[\"https:\/\/www.facebook.com\/SonoraEE\/\",\"https:\/\/x.com\/sonoraenequipo\",\"https:\/\/www.youtube.com\/channel\/UC338nW-lPEYmJQs4ZABQ1SQ\"]},{\"@type\":\"Person\",\"@id\":\"https:\/\/www.sonoraenequipo.com.mx\/#\/schema\/person\/50102df0fb23a8fa9e8effad8fa81386\",\"name\":\"enequipo\",\"image\":{\"@type\":\"ImageObject\",\"inLanguage\":\"es\",\"@id\":\"https:\/\/www.sonoraenequipo.com.mx\/#\/schema\/person\/image\/\",\"url\":\"https:\/\/secure.gravatar.com\/avatar\/049821681b589dabc0bc20695993ccebb09f5b5d4d790cd9251b97faac7c652b?s=96&d=blank&r=g\",\"contentUrl\":\"https:\/\/secure.gravatar.com\/avatar\/049821681b589dabc0bc20695993ccebb09f5b5d4d790cd9251b97faac7c652b?s=96&d=blank&r=g\",\"caption\":\"enequipo\"},\"sameAs\":[\"https:\/\/www.facebook.com\/SonoraEE\"]}]}<\/script>\n ","yoast_head_json":{"title":"Sonora en Equipo. Inversi\u00f3n de compra de refiner\u00eda se recuperar\u00e1 en 2 o 3 a\u00f1os: AMLO Rep\u00fablica","description":"CIUDAD DE M\u00c9XICO. MX. \u2014 El presidente Andr\u00e9s Manuel L\u00f3pez Obrador inform\u00f3 que la inversi\u00f3n de 600 millones de d\u00f3lares que se utilizaron para la compra de En Sonora en Equipo publicamos toda la informaci\u00f3n de Sonora, M\u00e9xico y el Mundo de manera oportuna y busca que la libertad de expresi\u00f3n sea real. Visita nuestro medio informativo publicado desde Hermosillo, Sonora. %","robots":{"index":"index","follow":"follow","max-snippet":"max-snippet:-1","max-image-preview":"max-image-preview:large","max-video-preview":"max-video-preview:-1"},"canonical":"https:\/\/www.sonoraenequipo.com.mx\/inversion-de-compra-de-refineria-se-recuperara-en-2-o-3-anos-amlo\/","og_locale":"es_ES","og_type":"article","og_title":"Sonora en Equipo. Inversi\u00f3n de compra de refiner\u00eda se recuperar\u00e1 en 2 o 3 a\u00f1os: AMLO Rep\u00fablica","og_description":"CIUDAD DE M\u00c9XICO. MX. \u2014 El presidente Andr\u00e9s Manuel L\u00f3pez Obrador inform\u00f3 que la inversi\u00f3n de 600 millones de d\u00f3lares que se utilizaron para la compra de En Sonora en Equipo publicamos toda la informaci\u00f3n de Sonora, M\u00e9xico y el Mundo de manera oportuna y busca que la libertad de expresi\u00f3n sea real. Visita nuestro medio informativo publicado desde Hermosillo, Sonora. %","og_url":"https:\/\/www.sonoraenequipo.com.mx\/inversion-de-compra-de-refineria-se-recuperara-en-2-o-3-anos-amlo\/","og_site_name":"Sonora en Equipo.","article_publisher":"https:\/\/www.facebook.com\/SonoraEE\/","article_author":"https:\/\/www.facebook.com\/SonoraEE","article_published_time":"2021-05-26T14:05:59+00:00","article_modified_time":"2021-05-26T15:49:43+00:00","og_image":[{"width":700,"height":400,"url":"https:\/\/www.sonoraenequipo.com.mx\/storage\/2021\/05\/refineria-texas_opt.jpg","type":"image\/jpeg"}],"author":"enequipo","twitter_card":"summary_large_image","twitter_creator":"@sonoraenequipo","twitter_site":"@sonoraenequipo","twitter_misc":{"Escrito por":"enequipo","Tiempo de lectura":"2 minutos"},"schema":{"@context":"https:\/\/schema.org","@graph":[{"@type":"Article","@id":"https:\/\/www.sonoraenequipo.com.mx\/inversion-de-compra-de-refineria-se-recuperara-en-2-o-3-anos-amlo\/#article","isPartOf":{"@id":"https:\/\/www.sonoraenequipo.com.mx\/inversion-de-compra-de-refineria-se-recuperara-en-2-o-3-anos-amlo\/"},"author":{"name":"enequipo","@id":"https:\/\/www.sonoraenequipo.com.mx\/#\/schema\/person\/50102df0fb23a8fa9e8effad8fa81386"},"headline":"Inversi\u00f3n de compra de refiner\u00eda se recuperar\u00e1 en 2 o 3 a\u00f1os: AMLO","datePublished":"2021-05-26T14:05:59+00:00","dateModified":"2021-05-26T15:49:43+00:00","mainEntityOfPage":{"@id":"https:\/\/www.sonoraenequipo.com.mx\/inversion-de-compra-de-refineria-se-recuperara-en-2-o-3-anos-amlo\/"},"wordCount":310,"commentCount":0,"publisher":{"@id":"https:\/\/www.sonoraenequipo.com.mx\/#organization"},"image":{"@id":"https:\/\/www.sonoraenequipo.com.mx\/inversion-de-compra-de-refineria-se-recuperara-en-2-o-3-anos-amlo\/#primaryimage"},"thumbnailUrl":"https:\/\/www.sonoraenequipo.com.mx\/storage\/2021\/05\/refineria-texas_opt.jpg","articleSection":["Rep\u00fablica"],"inLanguage":"es","potentialAction":[{"@type":"CommentAction","name":"Comment","target":["https:\/\/www.sonoraenequipo.com.mx\/inversion-de-compra-de-refineria-se-recuperara-en-2-o-3-anos-amlo\/#respond"]}]},{"@type":"WebPage","@id":"https:\/\/www.sonoraenequipo.com.mx\/inversion-de-compra-de-refineria-se-recuperara-en-2-o-3-anos-amlo\/","url":"https:\/\/www.sonoraenequipo.com.mx\/inversion-de-compra-de-refineria-se-recuperara-en-2-o-3-anos-amlo\/","name":"Sonora en Equipo. Inversi\u00f3n de compra de refiner\u00eda se recuperar\u00e1 en 2 o 3 a\u00f1os: AMLO Rep\u00fablica","isPartOf":{"@id":"https:\/\/www.sonoraenequipo.com.mx\/#website"},"primaryImageOfPage":{"@id":"https:\/\/www.sonoraenequipo.com.mx\/inversion-de-compra-de-refineria-se-recuperara-en-2-o-3-anos-amlo\/#primaryimage"},"image":{"@id":"https:\/\/www.sonoraenequipo.com.mx\/inversion-de-compra-de-refineria-se-recuperara-en-2-o-3-anos-amlo\/#primaryimage"},"thumbnailUrl":"https:\/\/www.sonoraenequipo.com.mx\/storage\/2021\/05\/refineria-texas_opt.jpg","datePublished":"2021-05-26T14:05:59+00:00","dateModified":"2021-05-26T15:49:43+00:00","description":"CIUDAD DE M\u00c9XICO. MX. \u2014 El presidente Andr\u00e9s Manuel L\u00f3pez Obrador inform\u00f3 que la inversi\u00f3n de 600 millones de d\u00f3lares que se utilizaron para la compra de En Sonora en Equipo publicamos toda la informaci\u00f3n de Sonora, M\u00e9xico y el Mundo de manera oportuna y busca que la libertad de expresi\u00f3n sea real. Visita nuestro medio informativo publicado desde Hermosillo, Sonora. %","breadcrumb":{"@id":"https:\/\/www.sonoraenequipo.com.mx\/inversion-de-compra-de-refineria-se-recuperara-en-2-o-3-anos-amlo\/#breadcrumb"},"inLanguage":"es","potentialAction":[{"@type":"ReadAction","target":["https:\/\/www.sonoraenequipo.com.mx\/inversion-de-compra-de-refineria-se-recuperara-en-2-o-3-anos-amlo\/"]}]},{"@type":"ImageObject","inLanguage":"es","@id":"https:\/\/www.sonoraenequipo.com.mx\/inversion-de-compra-de-refineria-se-recuperara-en-2-o-3-anos-amlo\/#primaryimage","url":"https:\/\/www.sonoraenequipo.com.mx\/storage\/2021\/05\/refineria-texas_opt.jpg","contentUrl":"https:\/\/www.sonoraenequipo.com.mx\/storage\/2021\/05\/refineria-texas_opt.jpg","width":700,"height":400},{"@type":"BreadcrumbList","@id":"https:\/\/www.sonoraenequipo.com.mx\/inversion-de-compra-de-refineria-se-recuperara-en-2-o-3-anos-amlo\/#breadcrumb","itemListElement":[{"@type":"ListItem","position":1,"name":"Portada","item":"https:\/\/www.sonoraenequipo.com.mx\/"},{"@type":"ListItem","position":2,"name":"Inversi\u00f3n de compra de refiner\u00eda se recuperar\u00e1 en 2 o 3 a\u00f1os: AMLO"}]},{"@type":"WebSite","@id":"https:\/\/www.sonoraenequipo.com.mx\/#website","url":"https:\/\/www.sonoraenequipo.com.mx\/","name":"Sonora en Equipo.","description":"Diario en l\u00ednea con Noticias desde Hermosillo, Sonora","publisher":{"@id":"https:\/\/www.sonoraenequipo.com.mx\/#organization"},"potentialAction":[{"@type":"SearchAction","target":{"@type":"EntryPoint","urlTemplate":"https:\/\/www.sonoraenequipo.com.mx\/?s={search_term_string}"},"query-input":{"@type":"PropertyValueSpecification","valueRequired":true,"valueName":"search_term_string"}}],"inLanguage":"es"},{"@type":"Organization","@id":"https:\/\/www.sonoraenequipo.com.mx\/#organization","name":"Sonoraenequipo.com.mx","url":"https:\/\/www.sonoraenequipo.com.mx\/","logo":{"@type":"ImageObject","inLanguage":"es","@id":"https:\/\/www.sonoraenequipo.com.mx\/#\/schema\/logo\/image\/","url":"https:\/\/www.sonoraenequipo.com.mx\/storage\/2019\/01\/sonoraenequipo_opt.png","contentUrl":"https:\/\/www.sonoraenequipo.com.mx\/storage\/2019\/01\/sonoraenequipo_opt.png","width":375,"height":125,"caption":"Sonoraenequipo.com.mx"},"image":{"@id":"https:\/\/www.sonoraenequipo.com.mx\/#\/schema\/logo\/image\/"},"sameAs":["https:\/\/www.facebook.com\/SonoraEE\/","https:\/\/x.com\/sonoraenequipo","https:\/\/www.youtube.com\/channel\/UC338nW-lPEYmJQs4ZABQ1SQ"]},{"@type":"Person","@id":"https:\/\/www.sonoraenequipo.com.mx\/#\/schema\/person\/50102df0fb23a8fa9e8effad8fa81386","name":"enequipo","image":{"@type":"ImageObject","inLanguage":"es","@id":"https:\/\/www.sonoraenequipo.com.mx\/#\/schema\/person\/image\/","url":"https:\/\/secure.gravatar.com\/avatar\/049821681b589dabc0bc20695993ccebb09f5b5d4d790cd9251b97faac7c652b?s=96&d=blank&r=g","contentUrl":"https:\/\/secure.gravatar.com\/avatar\/049821681b589dabc0bc20695993ccebb09f5b5d4d790cd9251b97faac7c652b?s=96&d=blank&r=g","caption":"enequipo"},"sameAs":["https:\/\/www.facebook.com\/SonoraEE"]}]}},"jetpack_featured_media_url":"https:\/\/www.sonoraenequipo.com.mx\/storage\/2021\/05\/refineria-texas_opt.jpg","_links":{"self":[{"href":"https:\/\/www.sonoraenequipo.com.mx\/api\/wp\/v2\/posts\/114887","targetHints":{"allow":["GET"]}}],"collection":[{"href":"https:\/\/www.sonoraenequipo.com.mx\/api\/wp\/v2\/posts"}],"about":[{"href":"https:\/\/www.sonoraenequipo.com.mx\/api\/wp\/v2\/types\/post"}],"author":[{"embeddable":true,"href":"https:\/\/www.sonoraenequipo.com.mx\/api\/wp\/v2\/users\/1"}],"replies":[{"embeddable":true,"href":"https:\/\/www.sonoraenequipo.com.mx\/api\/wp\/v2\/comments?post=114887"}],"version-history":[{"count":2,"href":"https:\/\/www.sonoraenequipo.com.mx\/api\/wp\/v2\/posts\/114887\/revisions"}],"predecessor-version":[{"id":114890,"href":"https:\/\/www.sonoraenequipo.com.mx\/api\/wp\/v2\/posts\/114887\/revisions\/114890"}],"wp:featuredmedia":[{"embeddable":true,"href":"https:\/\/www.sonoraenequipo.com.mx\/api\/wp\/v2\/media\/114888"}],"wp:attachment":[{"href":"https:\/\/www.sonoraenequipo.com.mx\/api\/wp\/v2\/media?parent=114887"}],"wp:term":[{"taxonomy":"category","embeddable":true,"href":"https:\/\/www.sonoraenequipo.com.mx\/api\/wp\/v2\/categories?post=114887"},{"taxonomy":"post_tag","embeddable":true,"href":"https:\/\/www.sonoraenequipo.com.mx\/api\/wp\/v2\/tags?post=114887"}],"curies":[{"name":"wp","href":"https:\/\/api.w.org\/{rel}","templated":true}]}}