{"id":114908,"date":"2021-05-26T10:30:33","date_gmt":"2021-05-26T17:30:33","guid":{"rendered":"https:\/\/www.sonoraenequipo.com.mx\/?p=114908"},"modified":"2021-05-26T14:53:50","modified_gmt":"2021-05-26T21:53:50","slug":"no-vamos-a-permitir-que-durazo-llegue-al-gobierno-de-sonora-claudio-x-gonzalez-guajardo","status":"publish","type":"post","link":"https:\/\/www.sonoraenequipo.com.mx\/no-vamos-a-permitir-que-durazo-llegue-al-gobierno-de-sonora-claudio-x-gonzalez-guajardo\/","title":{"rendered":"No vamos a permitir que Durazo llegue al gobierno de Sonora: Claudio X. Gonz\u00e1lez Guajardo"},"content":{"rendered":"<p>HERMOSILLO, SONORA. MX. \u2014 \u00a0 De visita en la entidad, Claudio X. Gonz\u00e1lez\u00a0 Guajardo lanz\u00f3 una serie de advertencias al empresariado sonorense sobre los supuestos riesgos que representar\u00edan las victorias electorales de los candidatos aliados a la Cuarta Transformaci\u00f3n.<\/p>\n<p>&nbsp;<\/p>\n<p> <\/p>\n<p>&nbsp;<\/p>\n<p>El tambi\u00e9n fundador de S\u00ed Por M\u00e9xico y Mexicanos Contra la Corrupci\u00f3n y la Impunidad (MCCI) enfoc\u00f3 su discurso en las deficiencias del gobierno federal y la gesti\u00f3n de Alfonso Durazo Monta\u00f1o cuando fungi\u00f3 como titular de la Secretar\u00eda de Seguridad y Protecci\u00f3n Ciudadana (SSPC).<\/p>\n<p>&nbsp;<\/p>\n<p><em>\u00abEl se\u00f1or Durazo (candidato a la gubernatura sonorense por Morena y los partidos del Trabajo, Nueva Alianza y Verde Ecologista de M\u00e9xico) le ha fallado a M\u00e9xico y seguramente le va a fallar a Sonora tambi\u00e9n, pero no lo vamos a permitir, porque no va a llegar\u00bb,<\/em> subray\u00f3 Claudio X. Gonz\u00e1lez Guajardo.<\/p>\n<p>&nbsp;<\/p>\n<p>Esta \u00faltima expresi\u00f3n arranc\u00f3 una andanada de aplausos de parte de los asistentes al foro denominado<em> \u201cEncuentro Empresarial: S\u00ed por M\u00e9xico\u201d<\/em>, quienes impulsan la candidatura de Ernesto G\u00e1ndara Camou, de la coalici\u00f3n<em> \u201cVa por Sonora\u201d,<\/em> integrada por los partidos Acci\u00f3n Nacional (PAN), Revolucionario Institucional (PRI) y de la Revoluci\u00f3n Democr\u00e1tica (PRD).<\/p>\n<p>&nbsp;<\/p>\n<p>El controversial orador lament\u00f3 que M\u00e9xico se encuentre en <em>\u00abniveles r\u00e9cord de homicidios, feminicidios y de impunidad\u00bb,<\/em> y asegur\u00f3 que la poblaci\u00f3n experimenta <em>\u00abel peor gobierno, en el peor momento: un resumen de la Cuarta Transformaci\u00f3n\u00bb.<\/em><\/p>\n<p>&nbsp;<\/p>\n<p>A lo largo de 30 minutos, Gonz\u00e1lez Guajardo detall\u00f3 que el pa\u00eds enfrenta cuatro crisis que evidencian al gobierno federal: la econ\u00f3mica, con un decrecimiento de 9% en el Producto Interno Bruto; la de salud, donde la pandemia descubri\u00f3 lo endeble de este sector; la de seguridad, que presenta niveles r\u00e9cord de violencia, y finalmente la crisis educativa, de la que \u2013dijo&#8211; al cabo de dos ciclos escolares sin asistencia en el sal\u00f3n de clases se ha \u00absimulado\u00bb la ense\u00f1anza a ni\u00f1os y j\u00f3venes.<\/p>\n<p>&nbsp;<\/p>\n<p>Casi al t\u00e9rmino de su intervenci\u00f3n pregunt\u00f3 a los empresarios presentes si los ciudadanos desean que Sonora se <em>\u00abinfecte de los retrocesos y de lo retr\u00f3grada que est\u00e1 resultando Morena a nivel nacional\u00bb.<\/em><\/p>\n<p>&nbsp;<\/p>\n<p>En el foro tambi\u00e9n estuvieron presentes Gustavo de Hoyos, expresidente de Coparmex y del movimiento S\u00ed por M\u00e9xico, as\u00ed como Enrique de la Madrid, secretario de Turismo en el gobierno de Enrique Pe\u00f1a Nieto, en el periodo 2015-2018.<\/p>\n<p>&nbsp;<\/p>\n<p>En su turno al micr\u00f3fono, De Hoyos advirti\u00f3 que el correcto rumbo del pa\u00eds se podr\u00eda alejar si se abre la puerta s\u00f3lo a proyectos <em>\u00abcentralistas\u00bb.<\/em><\/p>\n<p>&nbsp;<\/p>\n<p><em>\u201cEs un proyecto que no ve bien la econom\u00eda de mercado, que ya habla de expropiar, de restringir, de revertir temas que van desde lo energ\u00e9tico hasta la agricultura con restricciones, y ni hablar de los programas que se eliminaron; este es un proyecto que le dice no a la democracia\u201d<\/em>, expres\u00f3.<\/p>\n<p>&nbsp;<\/p>\n<p>Enrique de la Madrid manifest\u00f3 que las propuestas presentadas por algunos candidatos van contra los trabajadores del pa\u00eds, sobre todo aquellos que aportan a la econom\u00eda y la generaci\u00f3n de empleos.<\/p>\n<p>&nbsp;<\/p>\n<p>Al cierre del evento, el candidato Ernesto G\u00e1ndara reconoci\u00f3 la validez de disentir, pero sin enfrentar a la sociedad, dividir, se\u00f1alar o confrontar sin sustento.<\/p>\n<p>&nbsp;<\/p>\n<p><em>\u201cEste no es el hecho de que gane un partido, de fif\u00eds o conservadores; de traidores a la patria o de salvadores de la misma; simplemente es lo racional contra el populismo; es la libertad contra la dependencia y la sumisi\u00f3n\u00bb,<\/em> concluy\u00f3.<\/p>\n<p>&nbsp;<\/p>\n<p>&nbsp;<\/p>\n<p>(Publicada el 26\/05\/2021\/PROCESO)<\/p>\n","protected":false},"excerpt":{"rendered":"<p>HERMOSILLO, SONORA. MX. \u2014 \u00a0 De visita en la entidad, Claudio X. Gonz\u00e1lez\u00a0 Guajardo lanz\u00f3&#8230;<\/p>\n","protected":false},"author":1,"featured_media":114904,"comment_status":"open","ping_status":"open","sticky":false,"template":"","format":"standard","meta":{"_monsterinsights_skip_tracking":false,"_monsterinsights_sitenote_active":false,"_monsterinsights_sitenote_note":"","_monsterinsights_sitenote_category":0,"footnotes":""},"categories":[8],"tags":[],"class_list":["post"],"yoast_head":" \n<title>Sonora en Equipo. No vamos a permitir que Durazo llegue al gobierno de Sonora: Claudio X. Gonz\u00e1lez Guajardo LA ELECCION 2024<\/title>\n<meta name=\"description\" content=\"HERMOSILLO, SONORA. MX. \u2014 \u00a0 De visita en la entidad, Claudio X. Gonz\u00e1lez\u00a0 Guajardo lanz\u00f3 una serie de advertencias al empresariado sonorense sobre los En Sonora en Equipo publicamos toda la informaci\u00f3n de Sonora, M\u00e9xico y el Mundo de manera oportuna y busca que la libertad de expresi\u00f3n sea real. Visita nuestro medio informativo publicado desde Hermosillo, Sonora. %\" \/>\n<meta name=\"robots\" content=\"index, follow, max-snippet:-1, max-image-preview:large, max-video-preview:-1\" \/>\n<link rel=\"canonical\" href=\"https:\/\/www.sonoraenequipo.com.mx\/no-vamos-a-permitir-que-durazo-llegue-al-gobierno-de-sonora-claudio-x-gonzalez-guajardo\/\" \/>\n<meta property=\"og:locale\" content=\"es_ES\" \/>\n<meta property=\"og:type\" content=\"article\" \/>\n<meta property=\"og:title\" content=\"Sonora en Equipo. No vamos a permitir que Durazo llegue al gobierno de Sonora: Claudio X. Gonz\u00e1lez Guajardo LA ELECCION 2024\" \/>\n<meta property=\"og:description\" content=\"HERMOSILLO, SONORA. MX. \u2014 \u00a0 De visita en la entidad, Claudio X. Gonz\u00e1lez\u00a0 Guajardo lanz\u00f3 una serie de advertencias al empresariado sonorense sobre los En Sonora en Equipo publicamos toda la informaci\u00f3n de Sonora, M\u00e9xico y el Mundo de manera oportuna y busca que la libertad de expresi\u00f3n sea real. Visita nuestro medio informativo publicado desde Hermosillo, Sonora. %\" \/>\n<meta property=\"og:url\" content=\"https:\/\/www.sonoraenequipo.com.mx\/no-vamos-a-permitir-que-durazo-llegue-al-gobierno-de-sonora-claudio-x-gonzalez-guajardo\/\" \/>\n<meta property=\"og:site_name\" content=\"Sonora en Equipo.\" \/>\n<meta property=\"article:publisher\" content=\"https:\/\/www.facebook.com\/SonoraEE\/\" \/>\n<meta property=\"article:author\" content=\"https:\/\/www.facebook.com\/SonoraEE\" \/>\n<meta property=\"article:published_time\" content=\"2021-05-26T17:30:33+00:00\" \/>\n<meta property=\"article:modified_time\" content=\"2021-05-26T21:53:50+00:00\" \/>\n<meta property=\"og:image\" content=\"https:\/\/www.sonoraenequipo.com.mx\/storage\/2021\/05\/claudio-xicotencatl-gonzalez_opt.jpg\" \/>\n\t<meta property=\"og:image:width\" content=\"700\" \/>\n\t<meta property=\"og:image:height\" content=\"400\" \/>\n\t<meta property=\"og:image:type\" content=\"image\/jpeg\" \/>\n<meta name=\"author\" content=\"enequipo\" \/>\n<meta name=\"twitter:card\" content=\"summary_large_image\" \/>\n<meta name=\"twitter:creator\" content=\"@sonoraenequipo\" \/>\n<meta name=\"twitter:site\" content=\"@sonoraenequipo\" \/>\n<meta name=\"twitter:label1\" content=\"Escrito por\" \/>\n\t<meta name=\"twitter:data1\" content=\"enequipo\" \/>\n\t<meta name=\"twitter:label2\" content=\"Tiempo de lectura\" \/>\n\t<meta name=\"twitter:data2\" content=\"3 minutos\" \/>\n<script type=\"application\/ld+json\" class=\"yoast-schema-graph\">{\"@context\":\"https:\/\/schema.org\",\"@graph\":[{\"@type\":\"Article\",\"@id\":\"https:\/\/www.sonoraenequipo.com.mx\/no-vamos-a-permitir-que-durazo-llegue-al-gobierno-de-sonora-claudio-x-gonzalez-guajardo\/#article\",\"isPartOf\":{\"@id\":\"https:\/\/www.sonoraenequipo.com.mx\/no-vamos-a-permitir-que-durazo-llegue-al-gobierno-de-sonora-claudio-x-gonzalez-guajardo\/\"},\"author\":{\"name\":\"enequipo\",\"@id\":\"https:\/\/www.sonoraenequipo.com.mx\/#\/schema\/person\/50102df0fb23a8fa9e8effad8fa81386\"},\"headline\":\"No vamos a permitir que Durazo llegue al gobierno de Sonora: Claudio X. Gonz\u00e1lez Guajardo\",\"datePublished\":\"2021-05-26T17:30:33+00:00\",\"dateModified\":\"2021-05-26T21:53:50+00:00\",\"mainEntityOfPage\":{\"@id\":\"https:\/\/www.sonoraenequipo.com.mx\/no-vamos-a-permitir-que-durazo-llegue-al-gobierno-de-sonora-claudio-x-gonzalez-guajardo\/\"},\"wordCount\":637,\"commentCount\":0,\"publisher\":{\"@id\":\"https:\/\/www.sonoraenequipo.com.mx\/#organization\"},\"image\":{\"@id\":\"https:\/\/www.sonoraenequipo.com.mx\/no-vamos-a-permitir-que-durazo-llegue-al-gobierno-de-sonora-claudio-x-gonzalez-guajardo\/#primaryimage\"},\"thumbnailUrl\":\"https:\/\/www.sonoraenequipo.com.mx\/storage\/2021\/05\/claudio-xicotencatl-gonzalez_opt.jpg\",\"articleSection\":[\"LA ELECCION 2024\"],\"inLanguage\":\"es\",\"potentialAction\":[{\"@type\":\"CommentAction\",\"name\":\"Comment\",\"target\":[\"https:\/\/www.sonoraenequipo.com.mx\/no-vamos-a-permitir-que-durazo-llegue-al-gobierno-de-sonora-claudio-x-gonzalez-guajardo\/#respond\"]}]},{\"@type\":\"WebPage\",\"@id\":\"https:\/\/www.sonoraenequipo.com.mx\/no-vamos-a-permitir-que-durazo-llegue-al-gobierno-de-sonora-claudio-x-gonzalez-guajardo\/\",\"url\":\"https:\/\/www.sonoraenequipo.com.mx\/no-vamos-a-permitir-que-durazo-llegue-al-gobierno-de-sonora-claudio-x-gonzalez-guajardo\/\",\"name\":\"Sonora en Equipo. No vamos a permitir que Durazo llegue al gobierno de Sonora: Claudio X. Gonz\u00e1lez Guajardo LA ELECCION 2024\",\"isPartOf\":{\"@id\":\"https:\/\/www.sonoraenequipo.com.mx\/#website\"},\"primaryImageOfPage\":{\"@id\":\"https:\/\/www.sonoraenequipo.com.mx\/no-vamos-a-permitir-que-durazo-llegue-al-gobierno-de-sonora-claudio-x-gonzalez-guajardo\/#primaryimage\"},\"image\":{\"@id\":\"https:\/\/www.sonoraenequipo.com.mx\/no-vamos-a-permitir-que-durazo-llegue-al-gobierno-de-sonora-claudio-x-gonzalez-guajardo\/#primaryimage\"},\"thumbnailUrl\":\"https:\/\/www.sonoraenequipo.com.mx\/storage\/2021\/05\/claudio-xicotencatl-gonzalez_opt.jpg\",\"datePublished\":\"2021-05-26T17:30:33+00:00\",\"dateModified\":\"2021-05-26T21:53:50+00:00\",\"description\":\"HERMOSILLO, SONORA. MX. \u2014 \u00a0 De visita en la entidad, Claudio X. Gonz\u00e1lez\u00a0 Guajardo lanz\u00f3 una serie de advertencias al empresariado sonorense sobre los En Sonora en Equipo publicamos toda la informaci\u00f3n de Sonora, M\u00e9xico y el Mundo de manera oportuna y busca que la libertad de expresi\u00f3n sea real. Visita nuestro medio informativo publicado desde Hermosillo, Sonora. %\",\"breadcrumb\":{\"@id\":\"https:\/\/www.sonoraenequipo.com.mx\/no-vamos-a-permitir-que-durazo-llegue-al-gobierno-de-sonora-claudio-x-gonzalez-guajardo\/#breadcrumb\"},\"inLanguage\":\"es\",\"potentialAction\":[{\"@type\":\"ReadAction\",\"target\":[\"https:\/\/www.sonoraenequipo.com.mx\/no-vamos-a-permitir-que-durazo-llegue-al-gobierno-de-sonora-claudio-x-gonzalez-guajardo\/\"]}]},{\"@type\":\"ImageObject\",\"inLanguage\":\"es\",\"@id\":\"https:\/\/www.sonoraenequipo.com.mx\/no-vamos-a-permitir-que-durazo-llegue-al-gobierno-de-sonora-claudio-x-gonzalez-guajardo\/#primaryimage\",\"url\":\"https:\/\/www.sonoraenequipo.com.mx\/storage\/2021\/05\/claudio-xicotencatl-gonzalez_opt.jpg\",\"contentUrl\":\"https:\/\/www.sonoraenequipo.com.mx\/storage\/2021\/05\/claudio-xicotencatl-gonzalez_opt.jpg\",\"width\":700,\"height\":400},{\"@type\":\"BreadcrumbList\",\"@id\":\"https:\/\/www.sonoraenequipo.com.mx\/no-vamos-a-permitir-que-durazo-llegue-al-gobierno-de-sonora-claudio-x-gonzalez-guajardo\/#breadcrumb\",\"itemListElement\":[{\"@type\":\"ListItem\",\"position\":1,\"name\":\"Portada\",\"item\":\"https:\/\/www.sonoraenequipo.com.mx\/\"},{\"@type\":\"ListItem\",\"position\":2,\"name\":\"No vamos a permitir que Durazo llegue al gobierno de Sonora: Claudio X. Gonz\u00e1lez Guajardo\"}]},{\"@type\":\"WebSite\",\"@id\":\"https:\/\/www.sonoraenequipo.com.mx\/#website\",\"url\":\"https:\/\/www.sonoraenequipo.com.mx\/\",\"name\":\"Sonora en Equipo.\",\"description\":\"Diario en l\u00ednea con Noticias desde Hermosillo, Sonora\",\"publisher\":{\"@id\":\"https:\/\/www.sonoraenequipo.com.mx\/#organization\"},\"potentialAction\":[{\"@type\":\"SearchAction\",\"target\":{\"@type\":\"EntryPoint\",\"urlTemplate\":\"https:\/\/www.sonoraenequipo.com.mx\/?s={search_term_string}\"},\"query-input\":{\"@type\":\"PropertyValueSpecification\",\"valueRequired\":true,\"valueName\":\"search_term_string\"}}],\"inLanguage\":\"es\"},{\"@type\":\"Organization\",\"@id\":\"https:\/\/www.sonoraenequipo.com.mx\/#organization\",\"name\":\"Sonoraenequipo.com.mx\",\"url\":\"https:\/\/www.sonoraenequipo.com.mx\/\",\"logo\":{\"@type\":\"ImageObject\",\"inLanguage\":\"es\",\"@id\":\"https:\/\/www.sonoraenequipo.com.mx\/#\/schema\/logo\/image\/\",\"url\":\"https:\/\/www.sonoraenequipo.com.mx\/storage\/2019\/01\/sonoraenequipo_opt.png\",\"contentUrl\":\"https:\/\/www.sonoraenequipo.com.mx\/storage\/2019\/01\/sonoraenequipo_opt.png\",\"width\":375,\"height\":125,\"caption\":\"Sonoraenequipo.com.mx\"},\"image\":{\"@id\":\"https:\/\/www.sonoraenequipo.com.mx\/#\/schema\/logo\/image\/\"},\"sameAs\":[\"https:\/\/www.facebook.com\/SonoraEE\/\",\"https:\/\/x.com\/sonoraenequipo\",\"https:\/\/www.youtube.com\/channel\/UC338nW-lPEYmJQs4ZABQ1SQ\"]},{\"@type\":\"Person\",\"@id\":\"https:\/\/www.sonoraenequipo.com.mx\/#\/schema\/person\/50102df0fb23a8fa9e8effad8fa81386\",\"name\":\"enequipo\",\"image\":{\"@type\":\"ImageObject\",\"inLanguage\":\"es\",\"@id\":\"https:\/\/www.sonoraenequipo.com.mx\/#\/schema\/person\/image\/\",\"url\":\"https:\/\/secure.gravatar.com\/avatar\/049821681b589dabc0bc20695993ccebb09f5b5d4d790cd9251b97faac7c652b?s=96&d=blank&r=g\",\"contentUrl\":\"https:\/\/secure.gravatar.com\/avatar\/049821681b589dabc0bc20695993ccebb09f5b5d4d790cd9251b97faac7c652b?s=96&d=blank&r=g\",\"caption\":\"enequipo\"},\"sameAs\":[\"https:\/\/www.facebook.com\/SonoraEE\"]}]}<\/script>\n ","yoast_head_json":{"title":"Sonora en Equipo. No vamos a permitir que Durazo llegue al gobierno de Sonora: Claudio X. Gonz\u00e1lez Guajardo LA ELECCION 2024","description":"HERMOSILLO, SONORA. MX. \u2014 \u00a0 De visita en la entidad, Claudio X. Gonz\u00e1lez\u00a0 Guajardo lanz\u00f3 una serie de advertencias al empresariado sonorense sobre los En Sonora en Equipo publicamos toda la informaci\u00f3n de Sonora, M\u00e9xico y el Mundo de manera oportuna y busca que la libertad de expresi\u00f3n sea real. Visita nuestro medio informativo publicado desde Hermosillo, Sonora. %","robots":{"index":"index","follow":"follow","max-snippet":"max-snippet:-1","max-image-preview":"max-image-preview:large","max-video-preview":"max-video-preview:-1"},"canonical":"https:\/\/www.sonoraenequipo.com.mx\/no-vamos-a-permitir-que-durazo-llegue-al-gobierno-de-sonora-claudio-x-gonzalez-guajardo\/","og_locale":"es_ES","og_type":"article","og_title":"Sonora en Equipo. No vamos a permitir que Durazo llegue al gobierno de Sonora: Claudio X. Gonz\u00e1lez Guajardo LA ELECCION 2024","og_description":"HERMOSILLO, SONORA. MX. \u2014 \u00a0 De visita en la entidad, Claudio X. Gonz\u00e1lez\u00a0 Guajardo lanz\u00f3 una serie de advertencias al empresariado sonorense sobre los En Sonora en Equipo publicamos toda la informaci\u00f3n de Sonora, M\u00e9xico y el Mundo de manera oportuna y busca que la libertad de expresi\u00f3n sea real. Visita nuestro medio informativo publicado desde Hermosillo, Sonora. %","og_url":"https:\/\/www.sonoraenequipo.com.mx\/no-vamos-a-permitir-que-durazo-llegue-al-gobierno-de-sonora-claudio-x-gonzalez-guajardo\/","og_site_name":"Sonora en Equipo.","article_publisher":"https:\/\/www.facebook.com\/SonoraEE\/","article_author":"https:\/\/www.facebook.com\/SonoraEE","article_published_time":"2021-05-26T17:30:33+00:00","article_modified_time":"2021-05-26T21:53:50+00:00","og_image":[{"width":700,"height":400,"url":"https:\/\/www.sonoraenequipo.com.mx\/storage\/2021\/05\/claudio-xicotencatl-gonzalez_opt.jpg","type":"image\/jpeg"}],"author":"enequipo","twitter_card":"summary_large_image","twitter_creator":"@sonoraenequipo","twitter_site":"@sonoraenequipo","twitter_misc":{"Escrito por":"enequipo","Tiempo de lectura":"3 minutos"},"schema":{"@context":"https:\/\/schema.org","@graph":[{"@type":"Article","@id":"https:\/\/www.sonoraenequipo.com.mx\/no-vamos-a-permitir-que-durazo-llegue-al-gobierno-de-sonora-claudio-x-gonzalez-guajardo\/#article","isPartOf":{"@id":"https:\/\/www.sonoraenequipo.com.mx\/no-vamos-a-permitir-que-durazo-llegue-al-gobierno-de-sonora-claudio-x-gonzalez-guajardo\/"},"author":{"name":"enequipo","@id":"https:\/\/www.sonoraenequipo.com.mx\/#\/schema\/person\/50102df0fb23a8fa9e8effad8fa81386"},"headline":"No vamos a permitir que Durazo llegue al gobierno de Sonora: Claudio X. Gonz\u00e1lez Guajardo","datePublished":"2021-05-26T17:30:33+00:00","dateModified":"2021-05-26T21:53:50+00:00","mainEntityOfPage":{"@id":"https:\/\/www.sonoraenequipo.com.mx\/no-vamos-a-permitir-que-durazo-llegue-al-gobierno-de-sonora-claudio-x-gonzalez-guajardo\/"},"wordCount":637,"commentCount":0,"publisher":{"@id":"https:\/\/www.sonoraenequipo.com.mx\/#organization"},"image":{"@id":"https:\/\/www.sonoraenequipo.com.mx\/no-vamos-a-permitir-que-durazo-llegue-al-gobierno-de-sonora-claudio-x-gonzalez-guajardo\/#primaryimage"},"thumbnailUrl":"https:\/\/www.sonoraenequipo.com.mx\/storage\/2021\/05\/claudio-xicotencatl-gonzalez_opt.jpg","articleSection":["LA ELECCION 2024"],"inLanguage":"es","potentialAction":[{"@type":"CommentAction","name":"Comment","target":["https:\/\/www.sonoraenequipo.com.mx\/no-vamos-a-permitir-que-durazo-llegue-al-gobierno-de-sonora-claudio-x-gonzalez-guajardo\/#respond"]}]},{"@type":"WebPage","@id":"https:\/\/www.sonoraenequipo.com.mx\/no-vamos-a-permitir-que-durazo-llegue-al-gobierno-de-sonora-claudio-x-gonzalez-guajardo\/","url":"https:\/\/www.sonoraenequipo.com.mx\/no-vamos-a-permitir-que-durazo-llegue-al-gobierno-de-sonora-claudio-x-gonzalez-guajardo\/","name":"Sonora en Equipo. No vamos a permitir que Durazo llegue al gobierno de Sonora: Claudio X. Gonz\u00e1lez Guajardo LA ELECCION 2024","isPartOf":{"@id":"https:\/\/www.sonoraenequipo.com.mx\/#website"},"primaryImageOfPage":{"@id":"https:\/\/www.sonoraenequipo.com.mx\/no-vamos-a-permitir-que-durazo-llegue-al-gobierno-de-sonora-claudio-x-gonzalez-guajardo\/#primaryimage"},"image":{"@id":"https:\/\/www.sonoraenequipo.com.mx\/no-vamos-a-permitir-que-durazo-llegue-al-gobierno-de-sonora-claudio-x-gonzalez-guajardo\/#primaryimage"},"thumbnailUrl":"https:\/\/www.sonoraenequipo.com.mx\/storage\/2021\/05\/claudio-xicotencatl-gonzalez_opt.jpg","datePublished":"2021-05-26T17:30:33+00:00","dateModified":"2021-05-26T21:53:50+00:00","description":"HERMOSILLO, SONORA. MX. \u2014 \u00a0 De visita en la entidad, Claudio X. Gonz\u00e1lez\u00a0 Guajardo lanz\u00f3 una serie de advertencias al empresariado sonorense sobre los En Sonora en Equipo publicamos toda la informaci\u00f3n de Sonora, M\u00e9xico y el Mundo de manera oportuna y busca que la libertad de expresi\u00f3n sea real. Visita nuestro medio informativo publicado desde Hermosillo, Sonora. %","breadcrumb":{"@id":"https:\/\/www.sonoraenequipo.com.mx\/no-vamos-a-permitir-que-durazo-llegue-al-gobierno-de-sonora-claudio-x-gonzalez-guajardo\/#breadcrumb"},"inLanguage":"es","potentialAction":[{"@type":"ReadAction","target":["https:\/\/www.sonoraenequipo.com.mx\/no-vamos-a-permitir-que-durazo-llegue-al-gobierno-de-sonora-claudio-x-gonzalez-guajardo\/"]}]},{"@type":"ImageObject","inLanguage":"es","@id":"https:\/\/www.sonoraenequipo.com.mx\/no-vamos-a-permitir-que-durazo-llegue-al-gobierno-de-sonora-claudio-x-gonzalez-guajardo\/#primaryimage","url":"https:\/\/www.sonoraenequipo.com.mx\/storage\/2021\/05\/claudio-xicotencatl-gonzalez_opt.jpg","contentUrl":"https:\/\/www.sonoraenequipo.com.mx\/storage\/2021\/05\/claudio-xicotencatl-gonzalez_opt.jpg","width":700,"height":400},{"@type":"BreadcrumbList","@id":"https:\/\/www.sonoraenequipo.com.mx\/no-vamos-a-permitir-que-durazo-llegue-al-gobierno-de-sonora-claudio-x-gonzalez-guajardo\/#breadcrumb","itemListElement":[{"@type":"ListItem","position":1,"name":"Portada","item":"https:\/\/www.sonoraenequipo.com.mx\/"},{"@type":"ListItem","position":2,"name":"No vamos a permitir que Durazo llegue al gobierno de Sonora: Claudio X. Gonz\u00e1lez Guajardo"}]},{"@type":"WebSite","@id":"https:\/\/www.sonoraenequipo.com.mx\/#website","url":"https:\/\/www.sonoraenequipo.com.mx\/","name":"Sonora en Equipo.","description":"Diario en l\u00ednea con Noticias desde Hermosillo, Sonora","publisher":{"@id":"https:\/\/www.sonoraenequipo.com.mx\/#organization"},"potentialAction":[{"@type":"SearchAction","target":{"@type":"EntryPoint","urlTemplate":"https:\/\/www.sonoraenequipo.com.mx\/?s={search_term_string}"},"query-input":{"@type":"PropertyValueSpecification","valueRequired":true,"valueName":"search_term_string"}}],"inLanguage":"es"},{"@type":"Organization","@id":"https:\/\/www.sonoraenequipo.com.mx\/#organization","name":"Sonoraenequipo.com.mx","url":"https:\/\/www.sonoraenequipo.com.mx\/","logo":{"@type":"ImageObject","inLanguage":"es","@id":"https:\/\/www.sonoraenequipo.com.mx\/#\/schema\/logo\/image\/","url":"https:\/\/www.sonoraenequipo.com.mx\/storage\/2019\/01\/sonoraenequipo_opt.png","contentUrl":"https:\/\/www.sonoraenequipo.com.mx\/storage\/2019\/01\/sonoraenequipo_opt.png","width":375,"height":125,"caption":"Sonoraenequipo.com.mx"},"image":{"@id":"https:\/\/www.sonoraenequipo.com.mx\/#\/schema\/logo\/image\/"},"sameAs":["https:\/\/www.facebook.com\/SonoraEE\/","https:\/\/x.com\/sonoraenequipo","https:\/\/www.youtube.com\/channel\/UC338nW-lPEYmJQs4ZABQ1SQ"]},{"@type":"Person","@id":"https:\/\/www.sonoraenequipo.com.mx\/#\/schema\/person\/50102df0fb23a8fa9e8effad8fa81386","name":"enequipo","image":{"@type":"ImageObject","inLanguage":"es","@id":"https:\/\/www.sonoraenequipo.com.mx\/#\/schema\/person\/image\/","url":"https:\/\/secure.gravatar.com\/avatar\/049821681b589dabc0bc20695993ccebb09f5b5d4d790cd9251b97faac7c652b?s=96&d=blank&r=g","contentUrl":"https:\/\/secure.gravatar.com\/avatar\/049821681b589dabc0bc20695993ccebb09f5b5d4d790cd9251b97faac7c652b?s=96&d=blank&r=g","caption":"enequipo"},"sameAs":["https:\/\/www.facebook.com\/SonoraEE"]}]}},"jetpack_featured_media_url":"https:\/\/www.sonoraenequipo.com.mx\/storage\/2021\/05\/claudio-xicotencatl-gonzalez_opt.jpg","_links":{"self":[{"href":"https:\/\/www.sonoraenequipo.com.mx\/api\/wp\/v2\/posts\/114908","targetHints":{"allow":["GET"]}}],"collection":[{"href":"https:\/\/www.sonoraenequipo.com.mx\/api\/wp\/v2\/posts"}],"about":[{"href":"https:\/\/www.sonoraenequipo.com.mx\/api\/wp\/v2\/types\/post"}],"author":[{"embeddable":true,"href":"https:\/\/www.sonoraenequipo.com.mx\/api\/wp\/v2\/users\/1"}],"replies":[{"embeddable":true,"href":"https:\/\/www.sonoraenequipo.com.mx\/api\/wp\/v2\/comments?post=114908"}],"version-history":[{"count":1,"href":"https:\/\/www.sonoraenequipo.com.mx\/api\/wp\/v2\/posts\/114908\/revisions"}],"predecessor-version":[{"id":114909,"href":"https:\/\/www.sonoraenequipo.com.mx\/api\/wp\/v2\/posts\/114908\/revisions\/114909"}],"wp:featuredmedia":[{"embeddable":true,"href":"https:\/\/www.sonoraenequipo.com.mx\/api\/wp\/v2\/media\/114904"}],"wp:attachment":[{"href":"https:\/\/www.sonoraenequipo.com.mx\/api\/wp\/v2\/media?parent=114908"}],"wp:term":[{"taxonomy":"category","embeddable":true,"href":"https:\/\/www.sonoraenequipo.com.mx\/api\/wp\/v2\/categories?post=114908"},{"taxonomy":"post_tag","embeddable":true,"href":"https:\/\/www.sonoraenequipo.com.mx\/api\/wp\/v2\/tags?post=114908"}],"curies":[{"name":"wp","href":"https:\/\/api.w.org\/{rel}","templated":true}]}}