{"id":114913,"date":"2021-05-26T09:20:27","date_gmt":"2021-05-26T16:20:27","guid":{"rendered":"https:\/\/www.sonoraenequipo.com.mx\/?p=114913"},"modified":"2021-05-26T15:36:40","modified_gmt":"2021-05-26T22:36:40","slug":"el-guero-alonso-candidato-de-fuerza-por-mexico-en-acapulco-sale-ileso-del-atentado-armado","status":"publish","type":"post","link":"https:\/\/www.sonoraenequipo.com.mx\/el-guero-alonso-candidato-de-fuerza-por-mexico-en-acapulco-sale-ileso-del-atentado-armado\/","title":{"rendered":"\u00abEl G\u00fcero\u00bb Alonso, candidato de Fuerza por M\u00e9xico en Acapulco sale ileso del atentado armado"},"content":{"rendered":"<p>CIUDAD DE M\u00c9XICO. MX. \u2014 El candidato a la alcald\u00eda de Acapulco por el partido Fuerza por M\u00e9xico, Jos\u00e9 Alberto \u00abEl G\u00fcero\u00bb Alonso Guti\u00e9rrez result\u00f3 ileso despu\u00e9s de sufrir un presunto atentado armado, registrado esta ma\u00f1ana en plena zona urbana del principal destino tur\u00edstico del estado de Guerrero.<\/p>\n<p>&nbsp;<\/p>\n<p> <\/p>\n<p>&nbsp;<\/p>\n<p>Alonso Guti\u00e9rrez es sobrino del empresario porte\u00f1o Joaqu\u00edn Alonso Piedra \u00abEl Abul\u00f3n\u00bb, detenido en julio de 2016 y actualmente preso, acusado por el gobierno federal de ser operador financiero del c\u00e1rtel de los Beltr\u00e1n Leyva en el puerto de Acapulco y desde hace meses ambos han sido se\u00f1alados en mantas como los principales generadores de la violencia en ese balneario del Pac\u00edfico mexicano.<\/p>\n<p>&nbsp;<\/p>\n<p>&nbsp;<\/p>\n<p>Primeras versiones se\u00f1alan que el <em>\u00abG\u00fcero\u00bb<\/em> Alonso circulaba a bordo de su camioneta de color blanca por la costera, para asistir a una reuni\u00f3n con su equipo de campa\u00f1a.<\/p>\n<p>&nbsp;<\/p>\n<p>El ataque fue confirmado a trav\u00e9s de la propia cuenta del candidato en Twitter.<\/p>\n<p>&nbsp;<\/p>\n<p>En mayo de 2018, Alonso Guti\u00e9rrez dijo ser v\u00edctima de otro atentado del que tambi\u00e9n sali\u00f3 ileso cuando se postul\u00f3 como candidato a s\u00edndico de la planilla del excandidato a la alcald\u00eda de Acapulco por la coalici\u00f3n Por Guerrero al Frente (PRD-PAN-MC), Joaqu\u00edn Badillo Escamilla, quien ahora busca una diputaci\u00f3n local por Morena.<\/p>\n<p>&nbsp;<\/p>\n<p>Al respecto, el dirigente estatal del partido Fuerza por M\u00e9xico, Fernando Manuel Haces Barba inform\u00f3 que el candidato a la alcald\u00eda porte\u00f1a Jos\u00e9 Alberto \u00abEl G\u00fcero\u00bb Alonso Guti\u00e9rrez sal\u00eda de su hogar a las 08:15 de la ma\u00f1ana a bordo de una camioneta cuando fue agredido por dos sujetos que viajaban en una motocicleta sobre la avenida conocida como La Costera Vieja.<\/p>\n<p>&nbsp;<\/p>\n<p>No obstante, la agresi\u00f3n fue repelida por el escolta de \u00abEl G\u00fcero\u00bb Alonso y enseguida se dirigieron a un hospital privado para que atendieran de una crisis nerviosa al sobrino de Jos\u00e9 Joaqu\u00edn Alonso Piedra, quien es suegro de la candidata a la gubernatura por Morena Evelyn Salgado Pineda, indic\u00f3 Haces Barba.<\/p>\n<p>&nbsp;<\/p>\n<p>Incluso, el dirigente partidista dijo desconocer si \u00abEl G\u00fcero\u00bb Alonso hab\u00eda recibido amenazas anteriormente pese a que han sido p\u00fablicas las mantas y cartulinas dejados en diferentes puntos de Acapulco donde vinculan al candidato a la alcald\u00eda con el narco.<\/p>\n<p>&nbsp;<\/p>\n<p>Frente al hospital privado conocido como Pac\u00edfico, qued\u00f3 la camioneta baleada del candidato y luego lleg\u00f3 personal de la Fiscal\u00eda estatal para llevarse el veh\u00edculo y comenzar con la integraci\u00f3n del expediente correspondiente.<\/p>\n<p>&nbsp;<\/p>\n<p>&nbsp;<\/p>\n<p>(Publicada el 26\/05\/2021 \/ Ezequiel Flores Contreras \/Proceso)<\/p>\n","protected":false},"excerpt":{"rendered":"<p>CIUDAD DE M\u00c9XICO. MX. \u2014 El candidato a la alcald\u00eda de Acapulco por el partido&#8230;<\/p>\n","protected":false},"author":1,"featured_media":114914,"comment_status":"open","ping_status":"open","sticky":false,"template":"","format":"standard","meta":{"_monsterinsights_skip_tracking":false,"_monsterinsights_sitenote_active":false,"_monsterinsights_sitenote_note":"","_monsterinsights_sitenote_category":0,"footnotes":""},"categories":[5],"tags":[],"class_list":["post"],"yoast_head":" \n<title>Sonora en Equipo. &quot;El G\u00fcero&quot; Alonso, candidato de Fuerza por M\u00e9xico en Acapulco sale ileso del atentado armado Rep\u00fablica<\/title>\n<meta name=\"description\" content=\"CIUDAD DE M\u00c9XICO. MX. \u2014 El candidato a la alcald\u00eda de Acapulco por el partido Fuerza por M\u00e9xico, Jos\u00e9 Alberto &quot;El G\u00fcero&quot; Alonso Guti\u00e9rrez result\u00f3 ileso En Sonora en Equipo publicamos toda la informaci\u00f3n de Sonora, M\u00e9xico y el Mundo de manera oportuna y busca que la libertad de expresi\u00f3n sea real. Visita nuestro medio informativo publicado desde Hermosillo, Sonora. %\" \/>\n<meta name=\"robots\" content=\"index, follow, max-snippet:-1, max-image-preview:large, max-video-preview:-1\" \/>\n<link rel=\"canonical\" href=\"https:\/\/www.sonoraenequipo.com.mx\/el-guero-alonso-candidato-de-fuerza-por-mexico-en-acapulco-sale-ileso-del-atentado-armado\/\" \/>\n<meta property=\"og:locale\" content=\"es_ES\" \/>\n<meta property=\"og:type\" content=\"article\" \/>\n<meta property=\"og:title\" content=\"Sonora en Equipo. &quot;El G\u00fcero&quot; Alonso, candidato de Fuerza por M\u00e9xico en Acapulco sale ileso del atentado armado Rep\u00fablica\" \/>\n<meta property=\"og:description\" content=\"CIUDAD DE M\u00c9XICO. MX. \u2014 El candidato a la alcald\u00eda de Acapulco por el partido Fuerza por M\u00e9xico, Jos\u00e9 Alberto &quot;El G\u00fcero&quot; Alonso Guti\u00e9rrez result\u00f3 ileso En Sonora en Equipo publicamos toda la informaci\u00f3n de Sonora, M\u00e9xico y el Mundo de manera oportuna y busca que la libertad de expresi\u00f3n sea real. Visita nuestro medio informativo publicado desde Hermosillo, Sonora. %\" \/>\n<meta property=\"og:url\" content=\"https:\/\/www.sonoraenequipo.com.mx\/el-guero-alonso-candidato-de-fuerza-por-mexico-en-acapulco-sale-ileso-del-atentado-armado\/\" \/>\n<meta property=\"og:site_name\" content=\"Sonora en Equipo.\" \/>\n<meta property=\"article:publisher\" content=\"https:\/\/www.facebook.com\/SonoraEE\/\" \/>\n<meta property=\"article:author\" content=\"https:\/\/www.facebook.com\/SonoraEE\" \/>\n<meta property=\"article:published_time\" content=\"2021-05-26T16:20:27+00:00\" \/>\n<meta property=\"article:modified_time\" content=\"2021-05-26T22:36:40+00:00\" \/>\n<meta property=\"og:image\" content=\"https:\/\/www.sonoraenequipo.com.mx\/storage\/2021\/05\/guero_alonso_opt.jpg\" \/>\n\t<meta property=\"og:image:width\" content=\"700\" \/>\n\t<meta property=\"og:image:height\" content=\"400\" \/>\n\t<meta property=\"og:image:type\" content=\"image\/jpeg\" \/>\n<meta name=\"author\" content=\"enequipo\" \/>\n<meta name=\"twitter:card\" content=\"summary_large_image\" \/>\n<meta name=\"twitter:creator\" content=\"@sonoraenequipo\" \/>\n<meta name=\"twitter:site\" content=\"@sonoraenequipo\" \/>\n<meta name=\"twitter:label1\" content=\"Escrito por\" \/>\n\t<meta name=\"twitter:data1\" content=\"enequipo\" \/>\n\t<meta name=\"twitter:label2\" content=\"Tiempo de lectura\" \/>\n\t<meta name=\"twitter:data2\" content=\"2 minutos\" \/>\n<script type=\"application\/ld+json\" class=\"yoast-schema-graph\">{\"@context\":\"https:\/\/schema.org\",\"@graph\":[{\"@type\":\"Article\",\"@id\":\"https:\/\/www.sonoraenequipo.com.mx\/el-guero-alonso-candidato-de-fuerza-por-mexico-en-acapulco-sale-ileso-del-atentado-armado\/#article\",\"isPartOf\":{\"@id\":\"https:\/\/www.sonoraenequipo.com.mx\/el-guero-alonso-candidato-de-fuerza-por-mexico-en-acapulco-sale-ileso-del-atentado-armado\/\"},\"author\":{\"name\":\"enequipo\",\"@id\":\"https:\/\/www.sonoraenequipo.com.mx\/#\/schema\/person\/50102df0fb23a8fa9e8effad8fa81386\"},\"headline\":\"\u00abEl G\u00fcero\u00bb Alonso, candidato de Fuerza por M\u00e9xico en Acapulco sale ileso del atentado armado\",\"datePublished\":\"2021-05-26T16:20:27+00:00\",\"dateModified\":\"2021-05-26T22:36:40+00:00\",\"mainEntityOfPage\":{\"@id\":\"https:\/\/www.sonoraenequipo.com.mx\/el-guero-alonso-candidato-de-fuerza-por-mexico-en-acapulco-sale-ileso-del-atentado-armado\/\"},\"wordCount\":472,\"commentCount\":0,\"publisher\":{\"@id\":\"https:\/\/www.sonoraenequipo.com.mx\/#organization\"},\"image\":{\"@id\":\"https:\/\/www.sonoraenequipo.com.mx\/el-guero-alonso-candidato-de-fuerza-por-mexico-en-acapulco-sale-ileso-del-atentado-armado\/#primaryimage\"},\"thumbnailUrl\":\"https:\/\/www.sonoraenequipo.com.mx\/storage\/2021\/05\/guero_alonso_opt.jpg\",\"articleSection\":[\"Rep\u00fablica\"],\"inLanguage\":\"es\",\"potentialAction\":[{\"@type\":\"CommentAction\",\"name\":\"Comment\",\"target\":[\"https:\/\/www.sonoraenequipo.com.mx\/el-guero-alonso-candidato-de-fuerza-por-mexico-en-acapulco-sale-ileso-del-atentado-armado\/#respond\"]}]},{\"@type\":\"WebPage\",\"@id\":\"https:\/\/www.sonoraenequipo.com.mx\/el-guero-alonso-candidato-de-fuerza-por-mexico-en-acapulco-sale-ileso-del-atentado-armado\/\",\"url\":\"https:\/\/www.sonoraenequipo.com.mx\/el-guero-alonso-candidato-de-fuerza-por-mexico-en-acapulco-sale-ileso-del-atentado-armado\/\",\"name\":\"Sonora en Equipo. \\\"El G\u00fcero\\\" Alonso, candidato de Fuerza por M\u00e9xico en Acapulco sale ileso del atentado armado Rep\u00fablica\",\"isPartOf\":{\"@id\":\"https:\/\/www.sonoraenequipo.com.mx\/#website\"},\"primaryImageOfPage\":{\"@id\":\"https:\/\/www.sonoraenequipo.com.mx\/el-guero-alonso-candidato-de-fuerza-por-mexico-en-acapulco-sale-ileso-del-atentado-armado\/#primaryimage\"},\"image\":{\"@id\":\"https:\/\/www.sonoraenequipo.com.mx\/el-guero-alonso-candidato-de-fuerza-por-mexico-en-acapulco-sale-ileso-del-atentado-armado\/#primaryimage\"},\"thumbnailUrl\":\"https:\/\/www.sonoraenequipo.com.mx\/storage\/2021\/05\/guero_alonso_opt.jpg\",\"datePublished\":\"2021-05-26T16:20:27+00:00\",\"dateModified\":\"2021-05-26T22:36:40+00:00\",\"description\":\"CIUDAD DE M\u00c9XICO. MX. \u2014 El candidato a la alcald\u00eda de Acapulco por el partido Fuerza por M\u00e9xico, Jos\u00e9 Alberto \\\"El G\u00fcero\\\" Alonso Guti\u00e9rrez result\u00f3 ileso En Sonora en Equipo publicamos toda la informaci\u00f3n de Sonora, M\u00e9xico y el Mundo de manera oportuna y busca que la libertad de expresi\u00f3n sea real. Visita nuestro medio informativo publicado desde Hermosillo, Sonora. %\",\"breadcrumb\":{\"@id\":\"https:\/\/www.sonoraenequipo.com.mx\/el-guero-alonso-candidato-de-fuerza-por-mexico-en-acapulco-sale-ileso-del-atentado-armado\/#breadcrumb\"},\"inLanguage\":\"es\",\"potentialAction\":[{\"@type\":\"ReadAction\",\"target\":[\"https:\/\/www.sonoraenequipo.com.mx\/el-guero-alonso-candidato-de-fuerza-por-mexico-en-acapulco-sale-ileso-del-atentado-armado\/\"]}]},{\"@type\":\"ImageObject\",\"inLanguage\":\"es\",\"@id\":\"https:\/\/www.sonoraenequipo.com.mx\/el-guero-alonso-candidato-de-fuerza-por-mexico-en-acapulco-sale-ileso-del-atentado-armado\/#primaryimage\",\"url\":\"https:\/\/www.sonoraenequipo.com.mx\/storage\/2021\/05\/guero_alonso_opt.jpg\",\"contentUrl\":\"https:\/\/www.sonoraenequipo.com.mx\/storage\/2021\/05\/guero_alonso_opt.jpg\",\"width\":700,\"height\":400},{\"@type\":\"BreadcrumbList\",\"@id\":\"https:\/\/www.sonoraenequipo.com.mx\/el-guero-alonso-candidato-de-fuerza-por-mexico-en-acapulco-sale-ileso-del-atentado-armado\/#breadcrumb\",\"itemListElement\":[{\"@type\":\"ListItem\",\"position\":1,\"name\":\"Portada\",\"item\":\"https:\/\/www.sonoraenequipo.com.mx\/\"},{\"@type\":\"ListItem\",\"position\":2,\"name\":\"\u00abEl G\u00fcero\u00bb Alonso, candidato de Fuerza por M\u00e9xico en Acapulco sale ileso del atentado armado\"}]},{\"@type\":\"WebSite\",\"@id\":\"https:\/\/www.sonoraenequipo.com.mx\/#website\",\"url\":\"https:\/\/www.sonoraenequipo.com.mx\/\",\"name\":\"Sonora en Equipo.\",\"description\":\"Diario en l\u00ednea con Noticias desde Hermosillo, Sonora\",\"publisher\":{\"@id\":\"https:\/\/www.sonoraenequipo.com.mx\/#organization\"},\"potentialAction\":[{\"@type\":\"SearchAction\",\"target\":{\"@type\":\"EntryPoint\",\"urlTemplate\":\"https:\/\/www.sonoraenequipo.com.mx\/?s={search_term_string}\"},\"query-input\":{\"@type\":\"PropertyValueSpecification\",\"valueRequired\":true,\"valueName\":\"search_term_string\"}}],\"inLanguage\":\"es\"},{\"@type\":\"Organization\",\"@id\":\"https:\/\/www.sonoraenequipo.com.mx\/#organization\",\"name\":\"Sonoraenequipo.com.mx\",\"url\":\"https:\/\/www.sonoraenequipo.com.mx\/\",\"logo\":{\"@type\":\"ImageObject\",\"inLanguage\":\"es\",\"@id\":\"https:\/\/www.sonoraenequipo.com.mx\/#\/schema\/logo\/image\/\",\"url\":\"https:\/\/www.sonoraenequipo.com.mx\/storage\/2019\/01\/sonoraenequipo_opt.png\",\"contentUrl\":\"https:\/\/www.sonoraenequipo.com.mx\/storage\/2019\/01\/sonoraenequipo_opt.png\",\"width\":375,\"height\":125,\"caption\":\"Sonoraenequipo.com.mx\"},\"image\":{\"@id\":\"https:\/\/www.sonoraenequipo.com.mx\/#\/schema\/logo\/image\/\"},\"sameAs\":[\"https:\/\/www.facebook.com\/SonoraEE\/\",\"https:\/\/x.com\/sonoraenequipo\",\"https:\/\/www.youtube.com\/channel\/UC338nW-lPEYmJQs4ZABQ1SQ\"]},{\"@type\":\"Person\",\"@id\":\"https:\/\/www.sonoraenequipo.com.mx\/#\/schema\/person\/50102df0fb23a8fa9e8effad8fa81386\",\"name\":\"enequipo\",\"image\":{\"@type\":\"ImageObject\",\"inLanguage\":\"es\",\"@id\":\"https:\/\/www.sonoraenequipo.com.mx\/#\/schema\/person\/image\/\",\"url\":\"https:\/\/secure.gravatar.com\/avatar\/049821681b589dabc0bc20695993ccebb09f5b5d4d790cd9251b97faac7c652b?s=96&d=blank&r=g\",\"contentUrl\":\"https:\/\/secure.gravatar.com\/avatar\/049821681b589dabc0bc20695993ccebb09f5b5d4d790cd9251b97faac7c652b?s=96&d=blank&r=g\",\"caption\":\"enequipo\"},\"sameAs\":[\"https:\/\/www.facebook.com\/SonoraEE\"]}]}<\/script>\n ","yoast_head_json":{"title":"Sonora en Equipo. \"El G\u00fcero\" Alonso, candidato de Fuerza por M\u00e9xico en Acapulco sale ileso del atentado armado Rep\u00fablica","description":"CIUDAD DE M\u00c9XICO. MX. \u2014 El candidato a la alcald\u00eda de Acapulco por el partido Fuerza por M\u00e9xico, Jos\u00e9 Alberto \"El G\u00fcero\" Alonso Guti\u00e9rrez result\u00f3 ileso En Sonora en Equipo publicamos toda la informaci\u00f3n de Sonora, M\u00e9xico y el Mundo de manera oportuna y busca que la libertad de expresi\u00f3n sea real. Visita nuestro medio informativo publicado desde Hermosillo, Sonora. %","robots":{"index":"index","follow":"follow","max-snippet":"max-snippet:-1","max-image-preview":"max-image-preview:large","max-video-preview":"max-video-preview:-1"},"canonical":"https:\/\/www.sonoraenequipo.com.mx\/el-guero-alonso-candidato-de-fuerza-por-mexico-en-acapulco-sale-ileso-del-atentado-armado\/","og_locale":"es_ES","og_type":"article","og_title":"Sonora en Equipo. \"El G\u00fcero\" Alonso, candidato de Fuerza por M\u00e9xico en Acapulco sale ileso del atentado armado Rep\u00fablica","og_description":"CIUDAD DE M\u00c9XICO. MX. \u2014 El candidato a la alcald\u00eda de Acapulco por el partido Fuerza por M\u00e9xico, Jos\u00e9 Alberto \"El G\u00fcero\" Alonso Guti\u00e9rrez result\u00f3 ileso En Sonora en Equipo publicamos toda la informaci\u00f3n de Sonora, M\u00e9xico y el Mundo de manera oportuna y busca que la libertad de expresi\u00f3n sea real. Visita nuestro medio informativo publicado desde Hermosillo, Sonora. %","og_url":"https:\/\/www.sonoraenequipo.com.mx\/el-guero-alonso-candidato-de-fuerza-por-mexico-en-acapulco-sale-ileso-del-atentado-armado\/","og_site_name":"Sonora en Equipo.","article_publisher":"https:\/\/www.facebook.com\/SonoraEE\/","article_author":"https:\/\/www.facebook.com\/SonoraEE","article_published_time":"2021-05-26T16:20:27+00:00","article_modified_time":"2021-05-26T22:36:40+00:00","og_image":[{"width":700,"height":400,"url":"https:\/\/www.sonoraenequipo.com.mx\/storage\/2021\/05\/guero_alonso_opt.jpg","type":"image\/jpeg"}],"author":"enequipo","twitter_card":"summary_large_image","twitter_creator":"@sonoraenequipo","twitter_site":"@sonoraenequipo","twitter_misc":{"Escrito por":"enequipo","Tiempo de lectura":"2 minutos"},"schema":{"@context":"https:\/\/schema.org","@graph":[{"@type":"Article","@id":"https:\/\/www.sonoraenequipo.com.mx\/el-guero-alonso-candidato-de-fuerza-por-mexico-en-acapulco-sale-ileso-del-atentado-armado\/#article","isPartOf":{"@id":"https:\/\/www.sonoraenequipo.com.mx\/el-guero-alonso-candidato-de-fuerza-por-mexico-en-acapulco-sale-ileso-del-atentado-armado\/"},"author":{"name":"enequipo","@id":"https:\/\/www.sonoraenequipo.com.mx\/#\/schema\/person\/50102df0fb23a8fa9e8effad8fa81386"},"headline":"\u00abEl G\u00fcero\u00bb Alonso, candidato de Fuerza por M\u00e9xico en Acapulco sale ileso del atentado armado","datePublished":"2021-05-26T16:20:27+00:00","dateModified":"2021-05-26T22:36:40+00:00","mainEntityOfPage":{"@id":"https:\/\/www.sonoraenequipo.com.mx\/el-guero-alonso-candidato-de-fuerza-por-mexico-en-acapulco-sale-ileso-del-atentado-armado\/"},"wordCount":472,"commentCount":0,"publisher":{"@id":"https:\/\/www.sonoraenequipo.com.mx\/#organization"},"image":{"@id":"https:\/\/www.sonoraenequipo.com.mx\/el-guero-alonso-candidato-de-fuerza-por-mexico-en-acapulco-sale-ileso-del-atentado-armado\/#primaryimage"},"thumbnailUrl":"https:\/\/www.sonoraenequipo.com.mx\/storage\/2021\/05\/guero_alonso_opt.jpg","articleSection":["Rep\u00fablica"],"inLanguage":"es","potentialAction":[{"@type":"CommentAction","name":"Comment","target":["https:\/\/www.sonoraenequipo.com.mx\/el-guero-alonso-candidato-de-fuerza-por-mexico-en-acapulco-sale-ileso-del-atentado-armado\/#respond"]}]},{"@type":"WebPage","@id":"https:\/\/www.sonoraenequipo.com.mx\/el-guero-alonso-candidato-de-fuerza-por-mexico-en-acapulco-sale-ileso-del-atentado-armado\/","url":"https:\/\/www.sonoraenequipo.com.mx\/el-guero-alonso-candidato-de-fuerza-por-mexico-en-acapulco-sale-ileso-del-atentado-armado\/","name":"Sonora en Equipo. \"El G\u00fcero\" Alonso, candidato de Fuerza por M\u00e9xico en Acapulco sale ileso del atentado armado Rep\u00fablica","isPartOf":{"@id":"https:\/\/www.sonoraenequipo.com.mx\/#website"},"primaryImageOfPage":{"@id":"https:\/\/www.sonoraenequipo.com.mx\/el-guero-alonso-candidato-de-fuerza-por-mexico-en-acapulco-sale-ileso-del-atentado-armado\/#primaryimage"},"image":{"@id":"https:\/\/www.sonoraenequipo.com.mx\/el-guero-alonso-candidato-de-fuerza-por-mexico-en-acapulco-sale-ileso-del-atentado-armado\/#primaryimage"},"thumbnailUrl":"https:\/\/www.sonoraenequipo.com.mx\/storage\/2021\/05\/guero_alonso_opt.jpg","datePublished":"2021-05-26T16:20:27+00:00","dateModified":"2021-05-26T22:36:40+00:00","description":"CIUDAD DE M\u00c9XICO. MX. \u2014 El candidato a la alcald\u00eda de Acapulco por el partido Fuerza por M\u00e9xico, Jos\u00e9 Alberto \"El G\u00fcero\" Alonso Guti\u00e9rrez result\u00f3 ileso En Sonora en Equipo publicamos toda la informaci\u00f3n de Sonora, M\u00e9xico y el Mundo de manera oportuna y busca que la libertad de expresi\u00f3n sea real. Visita nuestro medio informativo publicado desde Hermosillo, Sonora. %","breadcrumb":{"@id":"https:\/\/www.sonoraenequipo.com.mx\/el-guero-alonso-candidato-de-fuerza-por-mexico-en-acapulco-sale-ileso-del-atentado-armado\/#breadcrumb"},"inLanguage":"es","potentialAction":[{"@type":"ReadAction","target":["https:\/\/www.sonoraenequipo.com.mx\/el-guero-alonso-candidato-de-fuerza-por-mexico-en-acapulco-sale-ileso-del-atentado-armado\/"]}]},{"@type":"ImageObject","inLanguage":"es","@id":"https:\/\/www.sonoraenequipo.com.mx\/el-guero-alonso-candidato-de-fuerza-por-mexico-en-acapulco-sale-ileso-del-atentado-armado\/#primaryimage","url":"https:\/\/www.sonoraenequipo.com.mx\/storage\/2021\/05\/guero_alonso_opt.jpg","contentUrl":"https:\/\/www.sonoraenequipo.com.mx\/storage\/2021\/05\/guero_alonso_opt.jpg","width":700,"height":400},{"@type":"BreadcrumbList","@id":"https:\/\/www.sonoraenequipo.com.mx\/el-guero-alonso-candidato-de-fuerza-por-mexico-en-acapulco-sale-ileso-del-atentado-armado\/#breadcrumb","itemListElement":[{"@type":"ListItem","position":1,"name":"Portada","item":"https:\/\/www.sonoraenequipo.com.mx\/"},{"@type":"ListItem","position":2,"name":"\u00abEl G\u00fcero\u00bb Alonso, candidato de Fuerza por M\u00e9xico en Acapulco sale ileso del atentado armado"}]},{"@type":"WebSite","@id":"https:\/\/www.sonoraenequipo.com.mx\/#website","url":"https:\/\/www.sonoraenequipo.com.mx\/","name":"Sonora en Equipo.","description":"Diario en l\u00ednea con Noticias desde Hermosillo, Sonora","publisher":{"@id":"https:\/\/www.sonoraenequipo.com.mx\/#organization"},"potentialAction":[{"@type":"SearchAction","target":{"@type":"EntryPoint","urlTemplate":"https:\/\/www.sonoraenequipo.com.mx\/?s={search_term_string}"},"query-input":{"@type":"PropertyValueSpecification","valueRequired":true,"valueName":"search_term_string"}}],"inLanguage":"es"},{"@type":"Organization","@id":"https:\/\/www.sonoraenequipo.com.mx\/#organization","name":"Sonoraenequipo.com.mx","url":"https:\/\/www.sonoraenequipo.com.mx\/","logo":{"@type":"ImageObject","inLanguage":"es","@id":"https:\/\/www.sonoraenequipo.com.mx\/#\/schema\/logo\/image\/","url":"https:\/\/www.sonoraenequipo.com.mx\/storage\/2019\/01\/sonoraenequipo_opt.png","contentUrl":"https:\/\/www.sonoraenequipo.com.mx\/storage\/2019\/01\/sonoraenequipo_opt.png","width":375,"height":125,"caption":"Sonoraenequipo.com.mx"},"image":{"@id":"https:\/\/www.sonoraenequipo.com.mx\/#\/schema\/logo\/image\/"},"sameAs":["https:\/\/www.facebook.com\/SonoraEE\/","https:\/\/x.com\/sonoraenequipo","https:\/\/www.youtube.com\/channel\/UC338nW-lPEYmJQs4ZABQ1SQ"]},{"@type":"Person","@id":"https:\/\/www.sonoraenequipo.com.mx\/#\/schema\/person\/50102df0fb23a8fa9e8effad8fa81386","name":"enequipo","image":{"@type":"ImageObject","inLanguage":"es","@id":"https:\/\/www.sonoraenequipo.com.mx\/#\/schema\/person\/image\/","url":"https:\/\/secure.gravatar.com\/avatar\/049821681b589dabc0bc20695993ccebb09f5b5d4d790cd9251b97faac7c652b?s=96&d=blank&r=g","contentUrl":"https:\/\/secure.gravatar.com\/avatar\/049821681b589dabc0bc20695993ccebb09f5b5d4d790cd9251b97faac7c652b?s=96&d=blank&r=g","caption":"enequipo"},"sameAs":["https:\/\/www.facebook.com\/SonoraEE"]}]}},"jetpack_featured_media_url":"https:\/\/www.sonoraenequipo.com.mx\/storage\/2021\/05\/guero_alonso_opt.jpg","_links":{"self":[{"href":"https:\/\/www.sonoraenequipo.com.mx\/api\/wp\/v2\/posts\/114913","targetHints":{"allow":["GET"]}}],"collection":[{"href":"https:\/\/www.sonoraenequipo.com.mx\/api\/wp\/v2\/posts"}],"about":[{"href":"https:\/\/www.sonoraenequipo.com.mx\/api\/wp\/v2\/types\/post"}],"author":[{"embeddable":true,"href":"https:\/\/www.sonoraenequipo.com.mx\/api\/wp\/v2\/users\/1"}],"replies":[{"embeddable":true,"href":"https:\/\/www.sonoraenequipo.com.mx\/api\/wp\/v2\/comments?post=114913"}],"version-history":[{"count":1,"href":"https:\/\/www.sonoraenequipo.com.mx\/api\/wp\/v2\/posts\/114913\/revisions"}],"predecessor-version":[{"id":114915,"href":"https:\/\/www.sonoraenequipo.com.mx\/api\/wp\/v2\/posts\/114913\/revisions\/114915"}],"wp:featuredmedia":[{"embeddable":true,"href":"https:\/\/www.sonoraenequipo.com.mx\/api\/wp\/v2\/media\/114914"}],"wp:attachment":[{"href":"https:\/\/www.sonoraenequipo.com.mx\/api\/wp\/v2\/media?parent=114913"}],"wp:term":[{"taxonomy":"category","embeddable":true,"href":"https:\/\/www.sonoraenequipo.com.mx\/api\/wp\/v2\/categories?post=114913"},{"taxonomy":"post_tag","embeddable":true,"href":"https:\/\/www.sonoraenequipo.com.mx\/api\/wp\/v2\/tags?post=114913"}],"curies":[{"name":"wp","href":"https:\/\/api.w.org\/{rel}","templated":true}]}}