{"id":114920,"date":"2021-05-26T16:22:56","date_gmt":"2021-05-26T23:22:56","guid":{"rendered":"https:\/\/www.sonoraenequipo.com.mx\/?p=114920"},"modified":"2021-05-26T19:49:12","modified_gmt":"2021-05-27T02:49:12","slug":"no-veo-que-acontecimiento-pueda-pasar-para-que-caiga-en-las-encuestas-samuel-garcia","status":"publish","type":"post","link":"https:\/\/www.sonoraenequipo.com.mx\/no-veo-que-acontecimiento-pueda-pasar-para-que-caiga-en-las-encuestas-samuel-garcia\/","title":{"rendered":"No veo qu\u00e9 acontecimiento pueda pasar para que caiga en las encuestas: Samuel Garc\u00eda"},"content":{"rendered":"<p>MONTERREY. NUEVO LE\u00d3N. MX. \u2014 Samuel Garc\u00eda, candidato a la gubernatura de Nuevo Le\u00f3n por el partido Movimiento Ciudadano, conf\u00eda que a sus 27 a\u00f1os obtendr\u00e1 el triunfo el pr\u00f3ximo 6 de junio con el voto de los millennials y neg\u00f3 que sea riesgoso el afirmar que ganar\u00e1 la elecci\u00f3n, pues considera que no habr\u00e1 ning\u00fan acontecimiento que lo haga caer al asegurar que va 16 puntos de diferencia del segundo lugar: su adversario Adri\u00e1n de la Garza.<\/p>\n<p>&nbsp;<\/p>\n<p> <\/p>\n<p>&nbsp;<\/p>\n<p>En el programa \u2018De Frente\u2019 en Meta 21, el aspirante respondi\u00f3 a las preguntas del Arquitecto H\u00e9ctor Benavides, Mar\u00eda Julia Lafuente y Josu\u00e9 Becerra y adelant\u00f3 los nombres de quienes podr\u00edan integrar su gabinete. Adem\u00e1s, mencion\u00f3 que los temas prioritarios en los primeros d\u00edas de su gobierno ser\u00e1n el regreso a clases presenciales y transporte p\u00fablico.<\/p>\n<h3>\n-\u00bfNo se te hace riesgoso cantar victoria?<\/h3>\n<p><em>\u201cNo.Y la verdad es que no lo hago por confiado. En pol\u00edtica, m\u00e1s importante que las encuestas son las tendencias, yo empec\u00e9 hace 75 d\u00edas en cuarto lugar con 8 puntos, estoy creciendo entre 5 y 6 puntos, por semana. Ahorita estoy en primer lugar 18 puntos arriba de Adri\u00e1n que va en segundo lugar\u00bb.<\/em><\/p>\n<p><em>\u201cNo es que est\u00e9 confiado, me van a llegar tantos problemas que nos va a dejar \u2018El Bronco\u2019, que yo creo que desde ahorita hay que ponernos a plantear c\u00f3mo regresar la educaci\u00f3n, como arreglar la seguridad, c\u00f3mo arreglar el transporte p\u00fablico, porque quieren hacer paro los camioneros. Por eso, m\u00e1s que me anticipe, vamos a poner a los mejores, que empiece a haber una transici\u00f3n fluida, y desde el 7 de junio arreglar Nuevo Le\u00f3n y no esperar hasta el 4 de octubre a que me \u2018truene la bomba\u2019\u201d.<\/em><\/p>\n<p><em>\u201cYo no veo qu\u00e9 acontecimiento extraordinario pueda pasar ahorita para que caiga 20 puntos en las encuestas\u201d<\/em>, menciona<\/p>\n<p>&nbsp;<\/p>\n<h3><strong>-\u00bfCu\u00e1ntas personas en su gabinete ser\u00eda gente calificada?<\/strong><\/h3>\n<p>&nbsp;<\/p>\n<p><em>\u201cSon 16 en el gabinete. Yo busco esos perfiles que puedan demostrar que ya han nadado en agua dulce (academia-IP), pero tambi\u00e9n en agua ruda\u201d.<\/em><\/p>\n<p>&nbsp;<\/p>\n<p><em>\u201cEn el tema de transporte invit\u00e9 a Hern\u00e1n Villarreal, que es la edad de mi pap\u00e1 y es el mejor en movilidad. A Desarrollo Social invit\u00e9 a la mejor de todas en el rubro que es Marta Herrera, que actualmente es delegada de la ONU en Nuevo Le\u00f3n. En Educaci\u00f3n viene una se\u00f1ora que estoy esperando que me confirme, que para m\u00ed es el mejor talento que ha tenido el pa\u00eds en la educaci\u00f3n media superior y superior, en cuanto me de luz verde voy a dar a conocer el nombre la semana que entra<\/em>.<\/p>\n<p><em>Mauricio Doehner como secretario de Econom\u00eda, Federico Rojas en la Secretar\u00eda del Trabajo. Es puro alto perfil que ha tenido el Estado\u201d.<\/em><\/p>\n<h3>\n-\u00bfQu\u00e9 jovencitos menores de 40 a\u00f1os?<\/h3>\n<p><em>\u201cHasta ahorita ninguno. Por que estoy conciente que para enmendar esta debilidad que se me achaca de la juventud, tengo que venir arropado por experiencia\u201d.<\/em><\/p>\n<p><em>\u201cYo llego sin compromisos, no tengo padrinos, no he agarrado ning\u00fan peso a ninguna constructora a ninguna empresa que tenga licitaci\u00f3n con gobierno\u201d<\/em><\/p>\n<h3>\n-\u00bfEst\u00e1n identificados todos ellos con algunos de los partidos tradicionales?<\/h3>\n<p>&nbsp;<\/p>\n<p><em>\u201cNinguno. Yo lo que menos quiero son priistas y panistas en mi gobierno\u2026 Nada de PT, ni morenos ni PRD. Son partidos obsoletos que ya mucho responde al inter\u00e9s de Andr\u00e9s Manuel y en Nuevo Le\u00f3n no quieren que nos digan c\u00f3mo gobernarnos\u201d.<\/em><\/p>\n<p>&nbsp;<\/p>\n<h3>-\u00bfPodr\u00e1s con todo el soporte que conlleva el Estado de Nuevo Le\u00f3n?<\/h3>\n<p>&nbsp;<\/p>\n<p><em>\u201cPues miren, \u2018El Bronco\u2019 no hab\u00eda sido m\u00e1s que alcalde y miren el mugrero que dej\u00f3; Medina creo que hab\u00eda sido Meritorio, tu servidor, ya fue diputado local y coordinador de la bancada, presidente del partido, senador de la Rep\u00fablica, qu\u00e9 m\u00e1s sigue, pues gubernatura, ni modo que me regrese un paso\u201d.<\/em><\/p>\n<p>&nbsp;<\/p>\n<p><em>\u201cNo me estoy brincando nada, mi activo es que llegu\u00e9 muy joven a la pol\u00edtica a mis 27 a\u00f1os, y creo tener la experiencia., la capacidad y a dem\u00e1s voy a tener a mi mejor equipo\u201d.<\/em><\/p>\n<p>&nbsp;<\/p>\n<p><strong>Convenio fiscal no es Catalu\u00f1a ni Brexit: Samuel Garc\u00eda<\/strong><\/p>\n<p>&nbsp;<\/p>\n<p>Sobre el convenio fiscal, Samuel Garc\u00eda se\u00f1al\u00f3 que en su libro de propuestas presenta nueve alternativas y afirm\u00f3 que entrar\u00e1 de frente al tema para que Nuevo Le\u00f3n reciba 7 mil millones de pesos.<\/p>\n<p>&nbsp;<\/p>\n<p><em>\u201cQu\u00e9 voy a hacer llegando como gobernador\u2026 exigir la nueva f\u00f3rmula y exigir ese dinero, pero hay otros temas. Yo en el Libro pongo nueve alternativas, ninguna es romper, ninguna es Catalu\u00f1a ni Brexit, simplemente Nuevo Le\u00f3n ya no puede tolerar que nos quiten el 90 por ciento del dinero y no me compenses con nada\u201d.<\/em><\/p>\n<p>&nbsp;<\/p>\n<h3>-\u00bfPor qu\u00e9 siendo tan simple como usted lo plantea, nadie lo ha podido hacer?<\/h3>\n<p>&nbsp;<\/p>\n<p><em>\u201cEl Bronco no le entr\u00f3 porque tiene a la UIF detr\u00e1s, diganme qu\u00e9 gobernador se le ha puesto al tiro a Andr\u00e9s Manuel, ni uno, y el primero que lo hizo que es Cabeza de Vaca ahorita lo van a entambar. Para que alguien llegue y pueda cambiar el convenio tiene que llegar limpio\u00bb.<\/em><\/p>\n<p>&nbsp;<\/p>\n<h3>-\u00bfLa gente que lo rodea estar\u00e1 limpia?<\/h3>\n<p>&nbsp;<\/p>\n<h3>-\u00bfSi llegas a la gubernatura donar\u00edas tu sueldo?<\/h3>\n<p><em>\u00abMientras no lleguen hijos y se pueda, lo seguiremos donando a causas como las quimioterapias\u00bb.<\/em><\/p>\n<p>&nbsp;<\/p>\n<p>Al ser cuestionado sobre su impacto en las redes sociales y la protecci\u00f3n de videos de \u00e9l, del cual, la candidata Clara Luz Flores, denunci\u00f3 <em>\u201cque vendi\u00f3 su imagen\u201d,<\/em> el candidato emecista mencion\u00f3:<\/p>\n<p>&nbsp;<\/p>\n<p><em>\u00abTan no le saben a las redes que andan inventando que vend\u00ed mis derechos. No hay nada de eso, realmente la candidata est\u00e1 muy desesperada porque me ha querido pegar, pero como tefl\u00f3n, me pega y crezco. Y a ella al contrario, Marco Polo, la secta, lo del incendio (sierra de Santiago), cada cosa que hace le va mal. Entonces ahora anda inventando que ced\u00ed derechos y pues no hay nada de eso\u00bb.<\/em><\/p>\n<p>&nbsp;<\/p>\n<h3>-\u00bfSi ganas la gubernatura vas a seguir haciendo TikToks?<\/h3>\n<p>&nbsp;<\/p>\n<p><em>\u00abik Tok no tengo, tengo Instagram y Facebook y la verdad es que el a\u00f1o 2020 me dio varios guamazos, tuve que entender que hay una muralla china entre el influencer, y el pol\u00edtico. El pol\u00edtico, por obvias razones, es muy importante que se comunique, pero no llegar al extremo de creerte artista o influencer, entonces aprend\u00ed que las redes son muy buenas, pero no puede ser Samuel el enemigo de Samuel. Entonces, ahora s\u00ed hay controles, hay filtros, entonces como gobernador no van a ver ning\u00fan desfiguro como los hubo y va a ver mucha seriedad en lo que se comunica\u00bb.<\/em><\/p>\n<h3>\nSi el voto te lleva al triunfo, \u00bfqu\u00e9 asunto es de prioridad?<\/h3>\n<p><em>\u201cDos sectores: regreso a escuelas, porque ya en una semana regresa prepa y universidad, pero la m\u00e1s importante es la b\u00e1sica. Y el segundo tema m\u00e1s urgente es el transporte p\u00fablico. He estado platicando con los permisionarios, traen muchas broncas, las facilidades que les daba el SAT las elimin\u00f3 Morena. Entonces, ellos s\u00ed tienen la presi\u00f3n de que esto pueda tronar en el verano. Tengo que meterme de lleno, negociar, sacar el mejor acuerdo y que los 5 mil camiones que hab\u00eda, regresen a dar servicio. Estoy planeando una reestructura, no puedes tener favoritos.\u201d<\/em><\/p>\n<p>&nbsp;<\/p>\n<p><strong>Se\u00f1ala tres planteamientos en tema del agua<\/strong><\/p>\n<p>En el corto plazo, no se vuelve a abrir<em> \u201cEl Cuchillo\u201d,<\/em> es un convenio viejo, obsoleto, Dos hay que terminar la presa Libertad. Y tres hay todo un proyecto de captaci\u00f3n de agua de lluvia, pero ocupamos drenajes, hacer represas, hacer las famosas contenciones en las faldas de los cerros para que el agua se vaya al subsuelo, pero hay que empezarlo a hacerlo ya porque tarda dos o tres a\u00f1os.<\/p>\n<p>&nbsp;<\/p>\n<p>(Publicada el 26\/05\/2021\/Con informaci\u00f3n de MULTIMEDIOS DIGITAL)<\/p>\n","protected":false},"excerpt":{"rendered":"<p>MONTERREY. NUEVO LE\u00d3N. MX. \u2014 Samuel Garc\u00eda, candidato a la gubernatura de Nuevo Le\u00f3n por&#8230;<\/p>\n","protected":false},"author":1,"featured_media":114930,"comment_status":"open","ping_status":"open","sticky":false,"template":"","format":"standard","meta":{"_monsterinsights_skip_tracking":false,"_monsterinsights_sitenote_active":false,"_monsterinsights_sitenote_note":"","_monsterinsights_sitenote_category":0,"footnotes":""},"categories":[5],"tags":[],"class_list":["post"],"yoast_head":" \n<title>Sonora en Equipo. No veo qu\u00e9 acontecimiento pueda pasar para que caiga en las encuestas: Samuel Garc\u00eda Rep\u00fablica<\/title>\n<meta name=\"description\" content=\"MONTERREY. NUEVO LE\u00d3N. MX. \u2014 Samuel Garc\u00eda, candidato a la gubernatura de Nuevo Le\u00f3n por el partido Movimiento Ciudadano, conf\u00eda que a sus 27 a\u00f1os En Sonora en Equipo publicamos toda la informaci\u00f3n de Sonora, M\u00e9xico y el Mundo de manera oportuna y busca que la libertad de expresi\u00f3n sea real. Visita nuestro medio informativo publicado desde Hermosillo, Sonora. %\" \/>\n<meta name=\"robots\" content=\"index, follow, max-snippet:-1, max-image-preview:large, max-video-preview:-1\" \/>\n<link rel=\"canonical\" href=\"https:\/\/www.sonoraenequipo.com.mx\/no-veo-que-acontecimiento-pueda-pasar-para-que-caiga-en-las-encuestas-samuel-garcia\/\" \/>\n<meta property=\"og:locale\" content=\"es_ES\" \/>\n<meta property=\"og:type\" content=\"article\" \/>\n<meta property=\"og:title\" content=\"Sonora en Equipo. No veo qu\u00e9 acontecimiento pueda pasar para que caiga en las encuestas: Samuel Garc\u00eda Rep\u00fablica\" \/>\n<meta property=\"og:description\" content=\"MONTERREY. NUEVO LE\u00d3N. MX. \u2014 Samuel Garc\u00eda, candidato a la gubernatura de Nuevo Le\u00f3n por el partido Movimiento Ciudadano, conf\u00eda que a sus 27 a\u00f1os En Sonora en Equipo publicamos toda la informaci\u00f3n de Sonora, M\u00e9xico y el Mundo de manera oportuna y busca que la libertad de expresi\u00f3n sea real. Visita nuestro medio informativo publicado desde Hermosillo, Sonora. %\" \/>\n<meta property=\"og:url\" content=\"https:\/\/www.sonoraenequipo.com.mx\/no-veo-que-acontecimiento-pueda-pasar-para-que-caiga-en-las-encuestas-samuel-garcia\/\" \/>\n<meta property=\"og:site_name\" content=\"Sonora en Equipo.\" \/>\n<meta property=\"article:publisher\" content=\"https:\/\/www.facebook.com\/SonoraEE\/\" \/>\n<meta property=\"article:author\" content=\"https:\/\/www.facebook.com\/SonoraEE\" \/>\n<meta property=\"article:published_time\" content=\"2021-05-26T23:22:56+00:00\" \/>\n<meta property=\"article:modified_time\" content=\"2021-05-27T02:49:12+00:00\" \/>\n<meta property=\"og:image\" content=\"https:\/\/www.sonoraenequipo.com.mx\/storage\/2021\/05\/samuel_garcia_opt.jpg\" \/>\n\t<meta property=\"og:image:width\" content=\"700\" \/>\n\t<meta property=\"og:image:height\" content=\"400\" \/>\n\t<meta property=\"og:image:type\" content=\"image\/jpeg\" \/>\n<meta name=\"author\" content=\"enequipo\" \/>\n<meta name=\"twitter:card\" content=\"summary_large_image\" \/>\n<meta name=\"twitter:creator\" content=\"@sonoraenequipo\" \/>\n<meta name=\"twitter:site\" content=\"@sonoraenequipo\" \/>\n<meta name=\"twitter:label1\" content=\"Escrito por\" \/>\n\t<meta name=\"twitter:data1\" content=\"enequipo\" \/>\n\t<meta name=\"twitter:label2\" content=\"Tiempo de lectura\" \/>\n\t<meta name=\"twitter:data2\" content=\"6 minutos\" \/>\n<script type=\"application\/ld+json\" class=\"yoast-schema-graph\">{\"@context\":\"https:\/\/schema.org\",\"@graph\":[{\"@type\":\"Article\",\"@id\":\"https:\/\/www.sonoraenequipo.com.mx\/no-veo-que-acontecimiento-pueda-pasar-para-que-caiga-en-las-encuestas-samuel-garcia\/#article\",\"isPartOf\":{\"@id\":\"https:\/\/www.sonoraenequipo.com.mx\/no-veo-que-acontecimiento-pueda-pasar-para-que-caiga-en-las-encuestas-samuel-garcia\/\"},\"author\":{\"name\":\"enequipo\",\"@id\":\"https:\/\/www.sonoraenequipo.com.mx\/#\/schema\/person\/50102df0fb23a8fa9e8effad8fa81386\"},\"headline\":\"No veo qu\u00e9 acontecimiento pueda pasar para que caiga en las encuestas: Samuel Garc\u00eda\",\"datePublished\":\"2021-05-26T23:22:56+00:00\",\"dateModified\":\"2021-05-27T02:49:12+00:00\",\"mainEntityOfPage\":{\"@id\":\"https:\/\/www.sonoraenequipo.com.mx\/no-veo-que-acontecimiento-pueda-pasar-para-que-caiga-en-las-encuestas-samuel-garcia\/\"},\"wordCount\":1376,\"commentCount\":0,\"publisher\":{\"@id\":\"https:\/\/www.sonoraenequipo.com.mx\/#organization\"},\"image\":{\"@id\":\"https:\/\/www.sonoraenequipo.com.mx\/no-veo-que-acontecimiento-pueda-pasar-para-que-caiga-en-las-encuestas-samuel-garcia\/#primaryimage\"},\"thumbnailUrl\":\"https:\/\/www.sonoraenequipo.com.mx\/storage\/2021\/05\/samuel_garcia_opt.jpg\",\"articleSection\":[\"Rep\u00fablica\"],\"inLanguage\":\"es\",\"potentialAction\":[{\"@type\":\"CommentAction\",\"name\":\"Comment\",\"target\":[\"https:\/\/www.sonoraenequipo.com.mx\/no-veo-que-acontecimiento-pueda-pasar-para-que-caiga-en-las-encuestas-samuel-garcia\/#respond\"]}]},{\"@type\":\"WebPage\",\"@id\":\"https:\/\/www.sonoraenequipo.com.mx\/no-veo-que-acontecimiento-pueda-pasar-para-que-caiga-en-las-encuestas-samuel-garcia\/\",\"url\":\"https:\/\/www.sonoraenequipo.com.mx\/no-veo-que-acontecimiento-pueda-pasar-para-que-caiga-en-las-encuestas-samuel-garcia\/\",\"name\":\"Sonora en Equipo. No veo qu\u00e9 acontecimiento pueda pasar para que caiga en las encuestas: Samuel Garc\u00eda Rep\u00fablica\",\"isPartOf\":{\"@id\":\"https:\/\/www.sonoraenequipo.com.mx\/#website\"},\"primaryImageOfPage\":{\"@id\":\"https:\/\/www.sonoraenequipo.com.mx\/no-veo-que-acontecimiento-pueda-pasar-para-que-caiga-en-las-encuestas-samuel-garcia\/#primaryimage\"},\"image\":{\"@id\":\"https:\/\/www.sonoraenequipo.com.mx\/no-veo-que-acontecimiento-pueda-pasar-para-que-caiga-en-las-encuestas-samuel-garcia\/#primaryimage\"},\"thumbnailUrl\":\"https:\/\/www.sonoraenequipo.com.mx\/storage\/2021\/05\/samuel_garcia_opt.jpg\",\"datePublished\":\"2021-05-26T23:22:56+00:00\",\"dateModified\":\"2021-05-27T02:49:12+00:00\",\"description\":\"MONTERREY. NUEVO LE\u00d3N. MX. \u2014 Samuel Garc\u00eda, candidato a la gubernatura de Nuevo Le\u00f3n por el partido Movimiento Ciudadano, conf\u00eda que a sus 27 a\u00f1os En Sonora en Equipo publicamos toda la informaci\u00f3n de Sonora, M\u00e9xico y el Mundo de manera oportuna y busca que la libertad de expresi\u00f3n sea real. Visita nuestro medio informativo publicado desde Hermosillo, Sonora. %\",\"breadcrumb\":{\"@id\":\"https:\/\/www.sonoraenequipo.com.mx\/no-veo-que-acontecimiento-pueda-pasar-para-que-caiga-en-las-encuestas-samuel-garcia\/#breadcrumb\"},\"inLanguage\":\"es\",\"potentialAction\":[{\"@type\":\"ReadAction\",\"target\":[\"https:\/\/www.sonoraenequipo.com.mx\/no-veo-que-acontecimiento-pueda-pasar-para-que-caiga-en-las-encuestas-samuel-garcia\/\"]}]},{\"@type\":\"ImageObject\",\"inLanguage\":\"es\",\"@id\":\"https:\/\/www.sonoraenequipo.com.mx\/no-veo-que-acontecimiento-pueda-pasar-para-que-caiga-en-las-encuestas-samuel-garcia\/#primaryimage\",\"url\":\"https:\/\/www.sonoraenequipo.com.mx\/storage\/2021\/05\/samuel_garcia_opt.jpg\",\"contentUrl\":\"https:\/\/www.sonoraenequipo.com.mx\/storage\/2021\/05\/samuel_garcia_opt.jpg\",\"width\":700,\"height\":400},{\"@type\":\"BreadcrumbList\",\"@id\":\"https:\/\/www.sonoraenequipo.com.mx\/no-veo-que-acontecimiento-pueda-pasar-para-que-caiga-en-las-encuestas-samuel-garcia\/#breadcrumb\",\"itemListElement\":[{\"@type\":\"ListItem\",\"position\":1,\"name\":\"Portada\",\"item\":\"https:\/\/www.sonoraenequipo.com.mx\/\"},{\"@type\":\"ListItem\",\"position\":2,\"name\":\"No veo qu\u00e9 acontecimiento pueda pasar para que caiga en las encuestas: Samuel Garc\u00eda\"}]},{\"@type\":\"WebSite\",\"@id\":\"https:\/\/www.sonoraenequipo.com.mx\/#website\",\"url\":\"https:\/\/www.sonoraenequipo.com.mx\/\",\"name\":\"Sonora en Equipo.\",\"description\":\"Diario en l\u00ednea con Noticias desde Hermosillo, Sonora\",\"publisher\":{\"@id\":\"https:\/\/www.sonoraenequipo.com.mx\/#organization\"},\"potentialAction\":[{\"@type\":\"SearchAction\",\"target\":{\"@type\":\"EntryPoint\",\"urlTemplate\":\"https:\/\/www.sonoraenequipo.com.mx\/?s={search_term_string}\"},\"query-input\":{\"@type\":\"PropertyValueSpecification\",\"valueRequired\":true,\"valueName\":\"search_term_string\"}}],\"inLanguage\":\"es\"},{\"@type\":\"Organization\",\"@id\":\"https:\/\/www.sonoraenequipo.com.mx\/#organization\",\"name\":\"Sonoraenequipo.com.mx\",\"url\":\"https:\/\/www.sonoraenequipo.com.mx\/\",\"logo\":{\"@type\":\"ImageObject\",\"inLanguage\":\"es\",\"@id\":\"https:\/\/www.sonoraenequipo.com.mx\/#\/schema\/logo\/image\/\",\"url\":\"https:\/\/www.sonoraenequipo.com.mx\/storage\/2019\/01\/sonoraenequipo_opt.png\",\"contentUrl\":\"https:\/\/www.sonoraenequipo.com.mx\/storage\/2019\/01\/sonoraenequipo_opt.png\",\"width\":375,\"height\":125,\"caption\":\"Sonoraenequipo.com.mx\"},\"image\":{\"@id\":\"https:\/\/www.sonoraenequipo.com.mx\/#\/schema\/logo\/image\/\"},\"sameAs\":[\"https:\/\/www.facebook.com\/SonoraEE\/\",\"https:\/\/x.com\/sonoraenequipo\",\"https:\/\/www.youtube.com\/channel\/UC338nW-lPEYmJQs4ZABQ1SQ\"]},{\"@type\":\"Person\",\"@id\":\"https:\/\/www.sonoraenequipo.com.mx\/#\/schema\/person\/50102df0fb23a8fa9e8effad8fa81386\",\"name\":\"enequipo\",\"image\":{\"@type\":\"ImageObject\",\"inLanguage\":\"es\",\"@id\":\"https:\/\/www.sonoraenequipo.com.mx\/#\/schema\/person\/image\/\",\"url\":\"https:\/\/secure.gravatar.com\/avatar\/049821681b589dabc0bc20695993ccebb09f5b5d4d790cd9251b97faac7c652b?s=96&d=blank&r=g\",\"contentUrl\":\"https:\/\/secure.gravatar.com\/avatar\/049821681b589dabc0bc20695993ccebb09f5b5d4d790cd9251b97faac7c652b?s=96&d=blank&r=g\",\"caption\":\"enequipo\"},\"sameAs\":[\"https:\/\/www.facebook.com\/SonoraEE\"]}]}<\/script>\n ","yoast_head_json":{"title":"Sonora en Equipo. No veo qu\u00e9 acontecimiento pueda pasar para que caiga en las encuestas: Samuel Garc\u00eda Rep\u00fablica","description":"MONTERREY. NUEVO LE\u00d3N. MX. \u2014 Samuel Garc\u00eda, candidato a la gubernatura de Nuevo Le\u00f3n por el partido Movimiento Ciudadano, conf\u00eda que a sus 27 a\u00f1os En Sonora en Equipo publicamos toda la informaci\u00f3n de Sonora, M\u00e9xico y el Mundo de manera oportuna y busca que la libertad de expresi\u00f3n sea real. Visita nuestro medio informativo publicado desde Hermosillo, Sonora. %","robots":{"index":"index","follow":"follow","max-snippet":"max-snippet:-1","max-image-preview":"max-image-preview:large","max-video-preview":"max-video-preview:-1"},"canonical":"https:\/\/www.sonoraenequipo.com.mx\/no-veo-que-acontecimiento-pueda-pasar-para-que-caiga-en-las-encuestas-samuel-garcia\/","og_locale":"es_ES","og_type":"article","og_title":"Sonora en Equipo. No veo qu\u00e9 acontecimiento pueda pasar para que caiga en las encuestas: Samuel Garc\u00eda Rep\u00fablica","og_description":"MONTERREY. NUEVO LE\u00d3N. MX. \u2014 Samuel Garc\u00eda, candidato a la gubernatura de Nuevo Le\u00f3n por el partido Movimiento Ciudadano, conf\u00eda que a sus 27 a\u00f1os En Sonora en Equipo publicamos toda la informaci\u00f3n de Sonora, M\u00e9xico y el Mundo de manera oportuna y busca que la libertad de expresi\u00f3n sea real. Visita nuestro medio informativo publicado desde Hermosillo, Sonora. %","og_url":"https:\/\/www.sonoraenequipo.com.mx\/no-veo-que-acontecimiento-pueda-pasar-para-que-caiga-en-las-encuestas-samuel-garcia\/","og_site_name":"Sonora en Equipo.","article_publisher":"https:\/\/www.facebook.com\/SonoraEE\/","article_author":"https:\/\/www.facebook.com\/SonoraEE","article_published_time":"2021-05-26T23:22:56+00:00","article_modified_time":"2021-05-27T02:49:12+00:00","og_image":[{"width":700,"height":400,"url":"https:\/\/www.sonoraenequipo.com.mx\/storage\/2021\/05\/samuel_garcia_opt.jpg","type":"image\/jpeg"}],"author":"enequipo","twitter_card":"summary_large_image","twitter_creator":"@sonoraenequipo","twitter_site":"@sonoraenequipo","twitter_misc":{"Escrito por":"enequipo","Tiempo de lectura":"6 minutos"},"schema":{"@context":"https:\/\/schema.org","@graph":[{"@type":"Article","@id":"https:\/\/www.sonoraenequipo.com.mx\/no-veo-que-acontecimiento-pueda-pasar-para-que-caiga-en-las-encuestas-samuel-garcia\/#article","isPartOf":{"@id":"https:\/\/www.sonoraenequipo.com.mx\/no-veo-que-acontecimiento-pueda-pasar-para-que-caiga-en-las-encuestas-samuel-garcia\/"},"author":{"name":"enequipo","@id":"https:\/\/www.sonoraenequipo.com.mx\/#\/schema\/person\/50102df0fb23a8fa9e8effad8fa81386"},"headline":"No veo qu\u00e9 acontecimiento pueda pasar para que caiga en las encuestas: Samuel Garc\u00eda","datePublished":"2021-05-26T23:22:56+00:00","dateModified":"2021-05-27T02:49:12+00:00","mainEntityOfPage":{"@id":"https:\/\/www.sonoraenequipo.com.mx\/no-veo-que-acontecimiento-pueda-pasar-para-que-caiga-en-las-encuestas-samuel-garcia\/"},"wordCount":1376,"commentCount":0,"publisher":{"@id":"https:\/\/www.sonoraenequipo.com.mx\/#organization"},"image":{"@id":"https:\/\/www.sonoraenequipo.com.mx\/no-veo-que-acontecimiento-pueda-pasar-para-que-caiga-en-las-encuestas-samuel-garcia\/#primaryimage"},"thumbnailUrl":"https:\/\/www.sonoraenequipo.com.mx\/storage\/2021\/05\/samuel_garcia_opt.jpg","articleSection":["Rep\u00fablica"],"inLanguage":"es","potentialAction":[{"@type":"CommentAction","name":"Comment","target":["https:\/\/www.sonoraenequipo.com.mx\/no-veo-que-acontecimiento-pueda-pasar-para-que-caiga-en-las-encuestas-samuel-garcia\/#respond"]}]},{"@type":"WebPage","@id":"https:\/\/www.sonoraenequipo.com.mx\/no-veo-que-acontecimiento-pueda-pasar-para-que-caiga-en-las-encuestas-samuel-garcia\/","url":"https:\/\/www.sonoraenequipo.com.mx\/no-veo-que-acontecimiento-pueda-pasar-para-que-caiga-en-las-encuestas-samuel-garcia\/","name":"Sonora en Equipo. No veo qu\u00e9 acontecimiento pueda pasar para que caiga en las encuestas: Samuel Garc\u00eda Rep\u00fablica","isPartOf":{"@id":"https:\/\/www.sonoraenequipo.com.mx\/#website"},"primaryImageOfPage":{"@id":"https:\/\/www.sonoraenequipo.com.mx\/no-veo-que-acontecimiento-pueda-pasar-para-que-caiga-en-las-encuestas-samuel-garcia\/#primaryimage"},"image":{"@id":"https:\/\/www.sonoraenequipo.com.mx\/no-veo-que-acontecimiento-pueda-pasar-para-que-caiga-en-las-encuestas-samuel-garcia\/#primaryimage"},"thumbnailUrl":"https:\/\/www.sonoraenequipo.com.mx\/storage\/2021\/05\/samuel_garcia_opt.jpg","datePublished":"2021-05-26T23:22:56+00:00","dateModified":"2021-05-27T02:49:12+00:00","description":"MONTERREY. NUEVO LE\u00d3N. MX. \u2014 Samuel Garc\u00eda, candidato a la gubernatura de Nuevo Le\u00f3n por el partido Movimiento Ciudadano, conf\u00eda que a sus 27 a\u00f1os En Sonora en Equipo publicamos toda la informaci\u00f3n de Sonora, M\u00e9xico y el Mundo de manera oportuna y busca que la libertad de expresi\u00f3n sea real. Visita nuestro medio informativo publicado desde Hermosillo, Sonora. %","breadcrumb":{"@id":"https:\/\/www.sonoraenequipo.com.mx\/no-veo-que-acontecimiento-pueda-pasar-para-que-caiga-en-las-encuestas-samuel-garcia\/#breadcrumb"},"inLanguage":"es","potentialAction":[{"@type":"ReadAction","target":["https:\/\/www.sonoraenequipo.com.mx\/no-veo-que-acontecimiento-pueda-pasar-para-que-caiga-en-las-encuestas-samuel-garcia\/"]}]},{"@type":"ImageObject","inLanguage":"es","@id":"https:\/\/www.sonoraenequipo.com.mx\/no-veo-que-acontecimiento-pueda-pasar-para-que-caiga-en-las-encuestas-samuel-garcia\/#primaryimage","url":"https:\/\/www.sonoraenequipo.com.mx\/storage\/2021\/05\/samuel_garcia_opt.jpg","contentUrl":"https:\/\/www.sonoraenequipo.com.mx\/storage\/2021\/05\/samuel_garcia_opt.jpg","width":700,"height":400},{"@type":"BreadcrumbList","@id":"https:\/\/www.sonoraenequipo.com.mx\/no-veo-que-acontecimiento-pueda-pasar-para-que-caiga-en-las-encuestas-samuel-garcia\/#breadcrumb","itemListElement":[{"@type":"ListItem","position":1,"name":"Portada","item":"https:\/\/www.sonoraenequipo.com.mx\/"},{"@type":"ListItem","position":2,"name":"No veo qu\u00e9 acontecimiento pueda pasar para que caiga en las encuestas: Samuel Garc\u00eda"}]},{"@type":"WebSite","@id":"https:\/\/www.sonoraenequipo.com.mx\/#website","url":"https:\/\/www.sonoraenequipo.com.mx\/","name":"Sonora en Equipo.","description":"Diario en l\u00ednea con Noticias desde Hermosillo, Sonora","publisher":{"@id":"https:\/\/www.sonoraenequipo.com.mx\/#organization"},"potentialAction":[{"@type":"SearchAction","target":{"@type":"EntryPoint","urlTemplate":"https:\/\/www.sonoraenequipo.com.mx\/?s={search_term_string}"},"query-input":{"@type":"PropertyValueSpecification","valueRequired":true,"valueName":"search_term_string"}}],"inLanguage":"es"},{"@type":"Organization","@id":"https:\/\/www.sonoraenequipo.com.mx\/#organization","name":"Sonoraenequipo.com.mx","url":"https:\/\/www.sonoraenequipo.com.mx\/","logo":{"@type":"ImageObject","inLanguage":"es","@id":"https:\/\/www.sonoraenequipo.com.mx\/#\/schema\/logo\/image\/","url":"https:\/\/www.sonoraenequipo.com.mx\/storage\/2019\/01\/sonoraenequipo_opt.png","contentUrl":"https:\/\/www.sonoraenequipo.com.mx\/storage\/2019\/01\/sonoraenequipo_opt.png","width":375,"height":125,"caption":"Sonoraenequipo.com.mx"},"image":{"@id":"https:\/\/www.sonoraenequipo.com.mx\/#\/schema\/logo\/image\/"},"sameAs":["https:\/\/www.facebook.com\/SonoraEE\/","https:\/\/x.com\/sonoraenequipo","https:\/\/www.youtube.com\/channel\/UC338nW-lPEYmJQs4ZABQ1SQ"]},{"@type":"Person","@id":"https:\/\/www.sonoraenequipo.com.mx\/#\/schema\/person\/50102df0fb23a8fa9e8effad8fa81386","name":"enequipo","image":{"@type":"ImageObject","inLanguage":"es","@id":"https:\/\/www.sonoraenequipo.com.mx\/#\/schema\/person\/image\/","url":"https:\/\/secure.gravatar.com\/avatar\/049821681b589dabc0bc20695993ccebb09f5b5d4d790cd9251b97faac7c652b?s=96&d=blank&r=g","contentUrl":"https:\/\/secure.gravatar.com\/avatar\/049821681b589dabc0bc20695993ccebb09f5b5d4d790cd9251b97faac7c652b?s=96&d=blank&r=g","caption":"enequipo"},"sameAs":["https:\/\/www.facebook.com\/SonoraEE"]}]}},"jetpack_featured_media_url":"https:\/\/www.sonoraenequipo.com.mx\/storage\/2021\/05\/samuel_garcia_opt.jpg","_links":{"self":[{"href":"https:\/\/www.sonoraenequipo.com.mx\/api\/wp\/v2\/posts\/114920","targetHints":{"allow":["GET"]}}],"collection":[{"href":"https:\/\/www.sonoraenequipo.com.mx\/api\/wp\/v2\/posts"}],"about":[{"href":"https:\/\/www.sonoraenequipo.com.mx\/api\/wp\/v2\/types\/post"}],"author":[{"embeddable":true,"href":"https:\/\/www.sonoraenequipo.com.mx\/api\/wp\/v2\/users\/1"}],"replies":[{"embeddable":true,"href":"https:\/\/www.sonoraenequipo.com.mx\/api\/wp\/v2\/comments?post=114920"}],"version-history":[{"count":1,"href":"https:\/\/www.sonoraenequipo.com.mx\/api\/wp\/v2\/posts\/114920\/revisions"}],"predecessor-version":[{"id":114935,"href":"https:\/\/www.sonoraenequipo.com.mx\/api\/wp\/v2\/posts\/114920\/revisions\/114935"}],"wp:featuredmedia":[{"embeddable":true,"href":"https:\/\/www.sonoraenequipo.com.mx\/api\/wp\/v2\/media\/114930"}],"wp:attachment":[{"href":"https:\/\/www.sonoraenequipo.com.mx\/api\/wp\/v2\/media?parent=114920"}],"wp:term":[{"taxonomy":"category","embeddable":true,"href":"https:\/\/www.sonoraenequipo.com.mx\/api\/wp\/v2\/categories?post=114920"},{"taxonomy":"post_tag","embeddable":true,"href":"https:\/\/www.sonoraenequipo.com.mx\/api\/wp\/v2\/tags?post=114920"}],"curies":[{"name":"wp","href":"https:\/\/api.w.org\/{rel}","templated":true}]}}