{"id":114921,"date":"2021-05-26T19:16:55","date_gmt":"2021-05-27T02:16:55","guid":{"rendered":"https:\/\/www.sonoraenequipo.com.mx\/?p=114921"},"modified":"2021-05-26T19:18:48","modified_gmt":"2021-05-27T02:18:48","slug":"en-nogales-fue-localizada-sin-vida-maria-zulema-estaba-reportada-como-desaparecida","status":"publish","type":"post","link":"https:\/\/www.sonoraenequipo.com.mx\/en-nogales-fue-localizada-sin-vida-maria-zulema-estaba-reportada-como-desaparecida\/","title":{"rendered":"En Nogales, fue localizada sin vida Mar\u00eda Zulema. estaba reportada como desaparecida"},"content":{"rendered":"<p>NOGALES, SONORA,MX.\u2500Tras investigaciones realizadas por el delito de persona desaparecida y\/o extraviada, personal de la Fiscal\u00eda General de Justicia del Estado de Sonora (FGJE) localiz\u00f3 el cuerpo sin vida de Mar\u00eda Zulema, en un predio ubicado cerca del Corredor Fiscal.<\/p>\n<p>&nbsp;<\/p>\n<p>Elementos de la Agencia Ministerial de Investigaci\u00f3n Criminal (AMIC) y de Servicios Periciales realizaron el hallazgo, a las 10:30 horas del mi\u00e9rcoles 26 de mayo, en un predio al despoblado del conocido como Camaya.<\/p>\n<p>&nbsp;<\/p>\n<p>Dentro de las indagatorias realizadas por la Trilog\u00eda Investigadora, a la denuncia recibida el pasado 25 de mayo, se realizaron diversas acciones por el personal de la Fiscal\u00eda de Sonora que llevo a la localizaci\u00f3n de la persona, ya sin vida.<\/p>\n<p>&nbsp;<\/p>\n<p>En el lugar, se recolectaron diversos datos de pruebas que se integraron a la carpeta y que ser\u00e1n analizas por peritos expertos del Laboratorio de Inteligencia Cient\u00edfica Forense (CIF), para determinar la causa del deceso y dar con el o los responsables.<\/p>\n<p>&nbsp;<\/p>\n<p>La Fiscal\u00eda de Sonora inici\u00f3 con las investigaciones, ahora, por el delito de feminicidio cometido en agravio de Mar\u00eda Zulema, con quien su familia perdi\u00f3 contacto el pasado viernes 21 de mayo alrededor de las 16:00 horas, en la colonia Monarca Residencial.<\/p>\n<p>Fecha de Publicaci\u00f3n\u00a0 mi\u00e9rcoles\u00a0 \/ 26\u00a0 \/ mayo \/ 2021<\/p>\n","protected":false},"excerpt":{"rendered":"<p>NOGALES, SONORA,MX.\u2500Tras investigaciones realizadas por el delito de persona desaparecida y\/o extraviada, personal de la&#8230;<\/p>\n","protected":false},"author":1,"featured_media":114922,"comment_status":"open","ping_status":"open","sticky":false,"template":"","format":"standard","meta":{"_monsterinsights_skip_tracking":false,"_monsterinsights_sitenote_active":false,"_monsterinsights_sitenote_note":"","_monsterinsights_sitenote_category":0,"footnotes":""},"categories":[3144],"tags":[5743,1242],"class_list":["post"],"yoast_head":" \n<title>Sonora en Equipo. En Nogales, fue localizada sin vida Mar\u00eda Zulema. estaba reportada como desaparecida Polic\u00edaca<\/title>\n<meta name=\"description\" content=\"NOGALES, SONORA,MX.\u2500Tras investigaciones realizadas por el delito de persona desaparecida y\/o extraviada, personal de la Fiscal\u00eda General de Justicia del En Sonora en Equipo publicamos toda la informaci\u00f3n de Sonora, M\u00e9xico y el Mundo de manera oportuna y busca que la libertad de expresi\u00f3n sea real. Visita nuestro medio informativo publicado desde Hermosillo, Sonora. %\" \/>\n<meta name=\"robots\" content=\"index, follow, max-snippet:-1, max-image-preview:large, max-video-preview:-1\" \/>\n<link rel=\"canonical\" href=\"https:\/\/www.sonoraenequipo.com.mx\/en-nogales-fue-localizada-sin-vida-maria-zulema-estaba-reportada-como-desaparecida\/\" \/>\n<meta property=\"og:locale\" content=\"es_ES\" \/>\n<meta property=\"og:type\" content=\"article\" \/>\n<meta property=\"og:title\" content=\"Sonora en Equipo. En Nogales, fue localizada sin vida Mar\u00eda Zulema. estaba reportada como desaparecida Polic\u00edaca\" \/>\n<meta property=\"og:description\" content=\"NOGALES, SONORA,MX.\u2500Tras investigaciones realizadas por el delito de persona desaparecida y\/o extraviada, personal de la Fiscal\u00eda General de Justicia del En Sonora en Equipo publicamos toda la informaci\u00f3n de Sonora, M\u00e9xico y el Mundo de manera oportuna y busca que la libertad de expresi\u00f3n sea real. Visita nuestro medio informativo publicado desde Hermosillo, Sonora. %\" \/>\n<meta property=\"og:url\" content=\"https:\/\/www.sonoraenequipo.com.mx\/en-nogales-fue-localizada-sin-vida-maria-zulema-estaba-reportada-como-desaparecida\/\" \/>\n<meta property=\"og:site_name\" content=\"Sonora en Equipo.\" \/>\n<meta property=\"article:publisher\" content=\"https:\/\/www.facebook.com\/SonoraEE\/\" \/>\n<meta property=\"article:author\" content=\"https:\/\/www.facebook.com\/SonoraEE\" \/>\n<meta property=\"article:published_time\" content=\"2021-05-27T02:16:55+00:00\" \/>\n<meta property=\"article:modified_time\" content=\"2021-05-27T02:18:48+00:00\" \/>\n<meta property=\"og:image\" content=\"https:\/\/www.sonoraenequipo.com.mx\/storage\/2021\/05\/maria-zulema.jpg\" \/>\n\t<meta property=\"og:image:width\" content=\"700\" \/>\n\t<meta property=\"og:image:height\" content=\"394\" \/>\n\t<meta property=\"og:image:type\" content=\"image\/jpeg\" \/>\n<meta name=\"author\" content=\"enequipo\" \/>\n<meta name=\"twitter:card\" content=\"summary_large_image\" \/>\n<meta name=\"twitter:creator\" content=\"@sonoraenequipo\" \/>\n<meta name=\"twitter:site\" content=\"@sonoraenequipo\" \/>\n<meta name=\"twitter:label1\" content=\"Escrito por\" \/>\n\t<meta name=\"twitter:data1\" content=\"enequipo\" \/>\n\t<meta name=\"twitter:label2\" content=\"Tiempo de lectura\" \/>\n\t<meta name=\"twitter:data2\" content=\"1 minuto\" \/>\n<script type=\"application\/ld+json\" class=\"yoast-schema-graph\">{\"@context\":\"https:\/\/schema.org\",\"@graph\":[{\"@type\":\"Article\",\"@id\":\"https:\/\/www.sonoraenequipo.com.mx\/en-nogales-fue-localizada-sin-vida-maria-zulema-estaba-reportada-como-desaparecida\/#article\",\"isPartOf\":{\"@id\":\"https:\/\/www.sonoraenequipo.com.mx\/en-nogales-fue-localizada-sin-vida-maria-zulema-estaba-reportada-como-desaparecida\/\"},\"author\":{\"name\":\"enequipo\",\"@id\":\"https:\/\/www.sonoraenequipo.com.mx\/#\/schema\/person\/50102df0fb23a8fa9e8effad8fa81386\"},\"headline\":\"En Nogales, fue localizada sin vida Mar\u00eda Zulema. estaba reportada como desaparecida\",\"datePublished\":\"2021-05-27T02:16:55+00:00\",\"dateModified\":\"2021-05-27T02:18:48+00:00\",\"mainEntityOfPage\":{\"@id\":\"https:\/\/www.sonoraenequipo.com.mx\/en-nogales-fue-localizada-sin-vida-maria-zulema-estaba-reportada-como-desaparecida\/\"},\"wordCount\":232,\"commentCount\":0,\"publisher\":{\"@id\":\"https:\/\/www.sonoraenequipo.com.mx\/#organization\"},\"image\":{\"@id\":\"https:\/\/www.sonoraenequipo.com.mx\/en-nogales-fue-localizada-sin-vida-maria-zulema-estaba-reportada-como-desaparecida\/#primaryimage\"},\"thumbnailUrl\":\"https:\/\/www.sonoraenequipo.com.mx\/storage\/2021\/05\/maria-zulema.jpg\",\"keywords\":[\"maria zulema\",\"Nogales\"],\"articleSection\":[\"Polic\u00edaca\"],\"inLanguage\":\"es\",\"potentialAction\":[{\"@type\":\"CommentAction\",\"name\":\"Comment\",\"target\":[\"https:\/\/www.sonoraenequipo.com.mx\/en-nogales-fue-localizada-sin-vida-maria-zulema-estaba-reportada-como-desaparecida\/#respond\"]}]},{\"@type\":\"WebPage\",\"@id\":\"https:\/\/www.sonoraenequipo.com.mx\/en-nogales-fue-localizada-sin-vida-maria-zulema-estaba-reportada-como-desaparecida\/\",\"url\":\"https:\/\/www.sonoraenequipo.com.mx\/en-nogales-fue-localizada-sin-vida-maria-zulema-estaba-reportada-como-desaparecida\/\",\"name\":\"Sonora en Equipo. En Nogales, fue localizada sin vida Mar\u00eda Zulema. estaba reportada como desaparecida Polic\u00edaca\",\"isPartOf\":{\"@id\":\"https:\/\/www.sonoraenequipo.com.mx\/#website\"},\"primaryImageOfPage\":{\"@id\":\"https:\/\/www.sonoraenequipo.com.mx\/en-nogales-fue-localizada-sin-vida-maria-zulema-estaba-reportada-como-desaparecida\/#primaryimage\"},\"image\":{\"@id\":\"https:\/\/www.sonoraenequipo.com.mx\/en-nogales-fue-localizada-sin-vida-maria-zulema-estaba-reportada-como-desaparecida\/#primaryimage\"},\"thumbnailUrl\":\"https:\/\/www.sonoraenequipo.com.mx\/storage\/2021\/05\/maria-zulema.jpg\",\"datePublished\":\"2021-05-27T02:16:55+00:00\",\"dateModified\":\"2021-05-27T02:18:48+00:00\",\"description\":\"NOGALES, SONORA,MX.\u2500Tras investigaciones realizadas por el delito de persona desaparecida y\/o extraviada, personal de la Fiscal\u00eda General de Justicia del En Sonora en Equipo publicamos toda la informaci\u00f3n de Sonora, M\u00e9xico y el Mundo de manera oportuna y busca que la libertad de expresi\u00f3n sea real. Visita nuestro medio informativo publicado desde Hermosillo, Sonora. %\",\"breadcrumb\":{\"@id\":\"https:\/\/www.sonoraenequipo.com.mx\/en-nogales-fue-localizada-sin-vida-maria-zulema-estaba-reportada-como-desaparecida\/#breadcrumb\"},\"inLanguage\":\"es\",\"potentialAction\":[{\"@type\":\"ReadAction\",\"target\":[\"https:\/\/www.sonoraenequipo.com.mx\/en-nogales-fue-localizada-sin-vida-maria-zulema-estaba-reportada-como-desaparecida\/\"]}]},{\"@type\":\"ImageObject\",\"inLanguage\":\"es\",\"@id\":\"https:\/\/www.sonoraenequipo.com.mx\/en-nogales-fue-localizada-sin-vida-maria-zulema-estaba-reportada-como-desaparecida\/#primaryimage\",\"url\":\"https:\/\/www.sonoraenequipo.com.mx\/storage\/2021\/05\/maria-zulema.jpg\",\"contentUrl\":\"https:\/\/www.sonoraenequipo.com.mx\/storage\/2021\/05\/maria-zulema.jpg\",\"width\":700,\"height\":394,\"caption\":\"foto: Facebook\"},{\"@type\":\"BreadcrumbList\",\"@id\":\"https:\/\/www.sonoraenequipo.com.mx\/en-nogales-fue-localizada-sin-vida-maria-zulema-estaba-reportada-como-desaparecida\/#breadcrumb\",\"itemListElement\":[{\"@type\":\"ListItem\",\"position\":1,\"name\":\"Portada\",\"item\":\"https:\/\/www.sonoraenequipo.com.mx\/\"},{\"@type\":\"ListItem\",\"position\":2,\"name\":\"En Nogales, fue localizada sin vida Mar\u00eda Zulema. estaba reportada como desaparecida\"}]},{\"@type\":\"WebSite\",\"@id\":\"https:\/\/www.sonoraenequipo.com.mx\/#website\",\"url\":\"https:\/\/www.sonoraenequipo.com.mx\/\",\"name\":\"Sonora en Equipo.\",\"description\":\"Diario en l\u00ednea con Noticias desde Hermosillo, Sonora\",\"publisher\":{\"@id\":\"https:\/\/www.sonoraenequipo.com.mx\/#organization\"},\"potentialAction\":[{\"@type\":\"SearchAction\",\"target\":{\"@type\":\"EntryPoint\",\"urlTemplate\":\"https:\/\/www.sonoraenequipo.com.mx\/?s={search_term_string}\"},\"query-input\":{\"@type\":\"PropertyValueSpecification\",\"valueRequired\":true,\"valueName\":\"search_term_string\"}}],\"inLanguage\":\"es\"},{\"@type\":\"Organization\",\"@id\":\"https:\/\/www.sonoraenequipo.com.mx\/#organization\",\"name\":\"Sonoraenequipo.com.mx\",\"url\":\"https:\/\/www.sonoraenequipo.com.mx\/\",\"logo\":{\"@type\":\"ImageObject\",\"inLanguage\":\"es\",\"@id\":\"https:\/\/www.sonoraenequipo.com.mx\/#\/schema\/logo\/image\/\",\"url\":\"https:\/\/www.sonoraenequipo.com.mx\/storage\/2019\/01\/sonoraenequipo_opt.png\",\"contentUrl\":\"https:\/\/www.sonoraenequipo.com.mx\/storage\/2019\/01\/sonoraenequipo_opt.png\",\"width\":375,\"height\":125,\"caption\":\"Sonoraenequipo.com.mx\"},\"image\":{\"@id\":\"https:\/\/www.sonoraenequipo.com.mx\/#\/schema\/logo\/image\/\"},\"sameAs\":[\"https:\/\/www.facebook.com\/SonoraEE\/\",\"https:\/\/x.com\/sonoraenequipo\",\"https:\/\/www.youtube.com\/channel\/UC338nW-lPEYmJQs4ZABQ1SQ\"]},{\"@type\":\"Person\",\"@id\":\"https:\/\/www.sonoraenequipo.com.mx\/#\/schema\/person\/50102df0fb23a8fa9e8effad8fa81386\",\"name\":\"enequipo\",\"image\":{\"@type\":\"ImageObject\",\"inLanguage\":\"es\",\"@id\":\"https:\/\/www.sonoraenequipo.com.mx\/#\/schema\/person\/image\/\",\"url\":\"https:\/\/secure.gravatar.com\/avatar\/049821681b589dabc0bc20695993ccebb09f5b5d4d790cd9251b97faac7c652b?s=96&d=blank&r=g\",\"contentUrl\":\"https:\/\/secure.gravatar.com\/avatar\/049821681b589dabc0bc20695993ccebb09f5b5d4d790cd9251b97faac7c652b?s=96&d=blank&r=g\",\"caption\":\"enequipo\"},\"sameAs\":[\"https:\/\/www.facebook.com\/SonoraEE\"]}]}<\/script>\n ","yoast_head_json":{"title":"Sonora en Equipo. En Nogales, fue localizada sin vida Mar\u00eda Zulema. estaba reportada como desaparecida Polic\u00edaca","description":"NOGALES, SONORA,MX.\u2500Tras investigaciones realizadas por el delito de persona desaparecida y\/o extraviada, personal de la Fiscal\u00eda General de Justicia del En Sonora en Equipo publicamos toda la informaci\u00f3n de Sonora, M\u00e9xico y el Mundo de manera oportuna y busca que la libertad de expresi\u00f3n sea real. Visita nuestro medio informativo publicado desde Hermosillo, Sonora. %","robots":{"index":"index","follow":"follow","max-snippet":"max-snippet:-1","max-image-preview":"max-image-preview:large","max-video-preview":"max-video-preview:-1"},"canonical":"https:\/\/www.sonoraenequipo.com.mx\/en-nogales-fue-localizada-sin-vida-maria-zulema-estaba-reportada-como-desaparecida\/","og_locale":"es_ES","og_type":"article","og_title":"Sonora en Equipo. En Nogales, fue localizada sin vida Mar\u00eda Zulema. estaba reportada como desaparecida Polic\u00edaca","og_description":"NOGALES, SONORA,MX.\u2500Tras investigaciones realizadas por el delito de persona desaparecida y\/o extraviada, personal de la Fiscal\u00eda General de Justicia del En Sonora en Equipo publicamos toda la informaci\u00f3n de Sonora, M\u00e9xico y el Mundo de manera oportuna y busca que la libertad de expresi\u00f3n sea real. Visita nuestro medio informativo publicado desde Hermosillo, Sonora. %","og_url":"https:\/\/www.sonoraenequipo.com.mx\/en-nogales-fue-localizada-sin-vida-maria-zulema-estaba-reportada-como-desaparecida\/","og_site_name":"Sonora en Equipo.","article_publisher":"https:\/\/www.facebook.com\/SonoraEE\/","article_author":"https:\/\/www.facebook.com\/SonoraEE","article_published_time":"2021-05-27T02:16:55+00:00","article_modified_time":"2021-05-27T02:18:48+00:00","og_image":[{"width":700,"height":394,"url":"https:\/\/www.sonoraenequipo.com.mx\/storage\/2021\/05\/maria-zulema.jpg","type":"image\/jpeg"}],"author":"enequipo","twitter_card":"summary_large_image","twitter_creator":"@sonoraenequipo","twitter_site":"@sonoraenequipo","twitter_misc":{"Escrito por":"enequipo","Tiempo de lectura":"1 minuto"},"schema":{"@context":"https:\/\/schema.org","@graph":[{"@type":"Article","@id":"https:\/\/www.sonoraenequipo.com.mx\/en-nogales-fue-localizada-sin-vida-maria-zulema-estaba-reportada-como-desaparecida\/#article","isPartOf":{"@id":"https:\/\/www.sonoraenequipo.com.mx\/en-nogales-fue-localizada-sin-vida-maria-zulema-estaba-reportada-como-desaparecida\/"},"author":{"name":"enequipo","@id":"https:\/\/www.sonoraenequipo.com.mx\/#\/schema\/person\/50102df0fb23a8fa9e8effad8fa81386"},"headline":"En Nogales, fue localizada sin vida Mar\u00eda Zulema. estaba reportada como desaparecida","datePublished":"2021-05-27T02:16:55+00:00","dateModified":"2021-05-27T02:18:48+00:00","mainEntityOfPage":{"@id":"https:\/\/www.sonoraenequipo.com.mx\/en-nogales-fue-localizada-sin-vida-maria-zulema-estaba-reportada-como-desaparecida\/"},"wordCount":232,"commentCount":0,"publisher":{"@id":"https:\/\/www.sonoraenequipo.com.mx\/#organization"},"image":{"@id":"https:\/\/www.sonoraenequipo.com.mx\/en-nogales-fue-localizada-sin-vida-maria-zulema-estaba-reportada-como-desaparecida\/#primaryimage"},"thumbnailUrl":"https:\/\/www.sonoraenequipo.com.mx\/storage\/2021\/05\/maria-zulema.jpg","keywords":["maria zulema","Nogales"],"articleSection":["Polic\u00edaca"],"inLanguage":"es","potentialAction":[{"@type":"CommentAction","name":"Comment","target":["https:\/\/www.sonoraenequipo.com.mx\/en-nogales-fue-localizada-sin-vida-maria-zulema-estaba-reportada-como-desaparecida\/#respond"]}]},{"@type":"WebPage","@id":"https:\/\/www.sonoraenequipo.com.mx\/en-nogales-fue-localizada-sin-vida-maria-zulema-estaba-reportada-como-desaparecida\/","url":"https:\/\/www.sonoraenequipo.com.mx\/en-nogales-fue-localizada-sin-vida-maria-zulema-estaba-reportada-como-desaparecida\/","name":"Sonora en Equipo. En Nogales, fue localizada sin vida Mar\u00eda Zulema. estaba reportada como desaparecida Polic\u00edaca","isPartOf":{"@id":"https:\/\/www.sonoraenequipo.com.mx\/#website"},"primaryImageOfPage":{"@id":"https:\/\/www.sonoraenequipo.com.mx\/en-nogales-fue-localizada-sin-vida-maria-zulema-estaba-reportada-como-desaparecida\/#primaryimage"},"image":{"@id":"https:\/\/www.sonoraenequipo.com.mx\/en-nogales-fue-localizada-sin-vida-maria-zulema-estaba-reportada-como-desaparecida\/#primaryimage"},"thumbnailUrl":"https:\/\/www.sonoraenequipo.com.mx\/storage\/2021\/05\/maria-zulema.jpg","datePublished":"2021-05-27T02:16:55+00:00","dateModified":"2021-05-27T02:18:48+00:00","description":"NOGALES, SONORA,MX.\u2500Tras investigaciones realizadas por el delito de persona desaparecida y\/o extraviada, personal de la Fiscal\u00eda General de Justicia del En Sonora en Equipo publicamos toda la informaci\u00f3n de Sonora, M\u00e9xico y el Mundo de manera oportuna y busca que la libertad de expresi\u00f3n sea real. Visita nuestro medio informativo publicado desde Hermosillo, Sonora. %","breadcrumb":{"@id":"https:\/\/www.sonoraenequipo.com.mx\/en-nogales-fue-localizada-sin-vida-maria-zulema-estaba-reportada-como-desaparecida\/#breadcrumb"},"inLanguage":"es","potentialAction":[{"@type":"ReadAction","target":["https:\/\/www.sonoraenequipo.com.mx\/en-nogales-fue-localizada-sin-vida-maria-zulema-estaba-reportada-como-desaparecida\/"]}]},{"@type":"ImageObject","inLanguage":"es","@id":"https:\/\/www.sonoraenequipo.com.mx\/en-nogales-fue-localizada-sin-vida-maria-zulema-estaba-reportada-como-desaparecida\/#primaryimage","url":"https:\/\/www.sonoraenequipo.com.mx\/storage\/2021\/05\/maria-zulema.jpg","contentUrl":"https:\/\/www.sonoraenequipo.com.mx\/storage\/2021\/05\/maria-zulema.jpg","width":700,"height":394,"caption":"foto: Facebook"},{"@type":"BreadcrumbList","@id":"https:\/\/www.sonoraenequipo.com.mx\/en-nogales-fue-localizada-sin-vida-maria-zulema-estaba-reportada-como-desaparecida\/#breadcrumb","itemListElement":[{"@type":"ListItem","position":1,"name":"Portada","item":"https:\/\/www.sonoraenequipo.com.mx\/"},{"@type":"ListItem","position":2,"name":"En Nogales, fue localizada sin vida Mar\u00eda Zulema. estaba reportada como desaparecida"}]},{"@type":"WebSite","@id":"https:\/\/www.sonoraenequipo.com.mx\/#website","url":"https:\/\/www.sonoraenequipo.com.mx\/","name":"Sonora en Equipo.","description":"Diario en l\u00ednea con Noticias desde Hermosillo, Sonora","publisher":{"@id":"https:\/\/www.sonoraenequipo.com.mx\/#organization"},"potentialAction":[{"@type":"SearchAction","target":{"@type":"EntryPoint","urlTemplate":"https:\/\/www.sonoraenequipo.com.mx\/?s={search_term_string}"},"query-input":{"@type":"PropertyValueSpecification","valueRequired":true,"valueName":"search_term_string"}}],"inLanguage":"es"},{"@type":"Organization","@id":"https:\/\/www.sonoraenequipo.com.mx\/#organization","name":"Sonoraenequipo.com.mx","url":"https:\/\/www.sonoraenequipo.com.mx\/","logo":{"@type":"ImageObject","inLanguage":"es","@id":"https:\/\/www.sonoraenequipo.com.mx\/#\/schema\/logo\/image\/","url":"https:\/\/www.sonoraenequipo.com.mx\/storage\/2019\/01\/sonoraenequipo_opt.png","contentUrl":"https:\/\/www.sonoraenequipo.com.mx\/storage\/2019\/01\/sonoraenequipo_opt.png","width":375,"height":125,"caption":"Sonoraenequipo.com.mx"},"image":{"@id":"https:\/\/www.sonoraenequipo.com.mx\/#\/schema\/logo\/image\/"},"sameAs":["https:\/\/www.facebook.com\/SonoraEE\/","https:\/\/x.com\/sonoraenequipo","https:\/\/www.youtube.com\/channel\/UC338nW-lPEYmJQs4ZABQ1SQ"]},{"@type":"Person","@id":"https:\/\/www.sonoraenequipo.com.mx\/#\/schema\/person\/50102df0fb23a8fa9e8effad8fa81386","name":"enequipo","image":{"@type":"ImageObject","inLanguage":"es","@id":"https:\/\/www.sonoraenequipo.com.mx\/#\/schema\/person\/image\/","url":"https:\/\/secure.gravatar.com\/avatar\/049821681b589dabc0bc20695993ccebb09f5b5d4d790cd9251b97faac7c652b?s=96&d=blank&r=g","contentUrl":"https:\/\/secure.gravatar.com\/avatar\/049821681b589dabc0bc20695993ccebb09f5b5d4d790cd9251b97faac7c652b?s=96&d=blank&r=g","caption":"enequipo"},"sameAs":["https:\/\/www.facebook.com\/SonoraEE"]}]}},"jetpack_featured_media_url":"https:\/\/www.sonoraenequipo.com.mx\/storage\/2021\/05\/maria-zulema.jpg","_links":{"self":[{"href":"https:\/\/www.sonoraenequipo.com.mx\/api\/wp\/v2\/posts\/114921","targetHints":{"allow":["GET"]}}],"collection":[{"href":"https:\/\/www.sonoraenequipo.com.mx\/api\/wp\/v2\/posts"}],"about":[{"href":"https:\/\/www.sonoraenequipo.com.mx\/api\/wp\/v2\/types\/post"}],"author":[{"embeddable":true,"href":"https:\/\/www.sonoraenequipo.com.mx\/api\/wp\/v2\/users\/1"}],"replies":[{"embeddable":true,"href":"https:\/\/www.sonoraenequipo.com.mx\/api\/wp\/v2\/comments?post=114921"}],"version-history":[{"count":1,"href":"https:\/\/www.sonoraenequipo.com.mx\/api\/wp\/v2\/posts\/114921\/revisions"}],"predecessor-version":[{"id":114923,"href":"https:\/\/www.sonoraenequipo.com.mx\/api\/wp\/v2\/posts\/114921\/revisions\/114923"}],"wp:featuredmedia":[{"embeddable":true,"href":"https:\/\/www.sonoraenequipo.com.mx\/api\/wp\/v2\/media\/114922"}],"wp:attachment":[{"href":"https:\/\/www.sonoraenequipo.com.mx\/api\/wp\/v2\/media?parent=114921"}],"wp:term":[{"taxonomy":"category","embeddable":true,"href":"https:\/\/www.sonoraenequipo.com.mx\/api\/wp\/v2\/categories?post=114921"},{"taxonomy":"post_tag","embeddable":true,"href":"https:\/\/www.sonoraenequipo.com.mx\/api\/wp\/v2\/tags?post=114921"}],"curies":[{"name":"wp","href":"https:\/\/api.w.org\/{rel}","templated":true}]}}