{"id":114936,"date":"2021-05-26T15:30:28","date_gmt":"2021-05-26T22:30:28","guid":{"rendered":"https:\/\/www.sonoraenequipo.com.mx\/?p=114936"},"modified":"2021-05-26T20:01:06","modified_gmt":"2021-05-27T03:01:06","slug":"unidad-de-inteligencia-financiera-vincula-a-garcia-cabeza-de-vaca-con-caso-odebrecht","status":"publish","type":"post","link":"https:\/\/www.sonoraenequipo.com.mx\/unidad-de-inteligencia-financiera-vincula-a-garcia-cabeza-de-vaca-con-caso-odebrecht\/","title":{"rendered":"Unidad de Inteligencia Financiera vincula a Garc\u00eda Cabeza de Vaca con caso Odebrecht"},"content":{"rendered":"<p>CIUDAD DE M\u00c9XICO. MX. \u2014 La Unidad de Inteligencia Financiera (UIF) vincul\u00f3 el caso de corrupci\u00f3n de Odebrecht con el gobernador de Tamaulipas, Francisco Garc\u00eda Cabeza de Vaca, al relacionarlo con la instalaci\u00f3n de empresas de energ\u00eda e\u00f3lica en la entidad.<\/p>\n<p>&nbsp;<\/p>\n<p> <\/p>\n<p>&nbsp;<\/p>\n<p>En entrevista en Palacio Nacional, Santiago Nieto Castillo detall\u00f3 que Garc\u00eda Cabeza de Vaca est\u00e1 entre las ocho personas a las que se han bloqueados sus cuentas derivado de las denuncias realizadas por el ex director de Pemex, Emilio Lozoya.<br \/>\nTe puede interesar<\/p>\n<p>&nbsp;<\/p>\n<p><em>\u201cEn este momento hay una obligaci\u00f3n legal de no difundir datos sobre la lista de personas bloqueadas, pero bueno se ha hecho p\u00fablico recientemente el caso del se\u00f1or Cabeza de Vaca\u201d,<\/em> dijo.<\/p>\n<h3>&#8211; \u00bfCabeza de Vaca est\u00e1 relacionado con Odebrecht?<\/h3>\n<p><em><br \/>\n\u201cCabeza de Vaca, hay un tema de una de las empresas que han sido contratadas y fueron puestas en el estado de Tamaulipas para temas de energ\u00eda e\u00f3lica, s\u00ed tiene contacto financiero con Odebrecht\u201d.<\/em><\/p>\n<p>&nbsp;<\/p>\n<p>Las declaraciones de Nieto Castillo se dan en medio de la pol\u00e9mica del fuero constitucional de Garc\u00eda Cabeza de Vaca contra quien pesa una orden de aprehensi\u00f3n girada el 19 de mayo por la presunta comisi\u00f3n de los delitos de delincuencia organizada y lavado de dinero.<\/p>\n<p>&nbsp;<\/p>\n<p>Pero adem\u00e1s se dio a conocer que este mi\u00e9rcoles un juez federal concedi\u00f3 una suspensi\u00f3n provisional al gobernador para que no sea detenido, al menos hasta el 7 de junio, cuando determinar\u00e1 si se le otorga una suspensi\u00f3n definitiva.<\/p>\n<p>&nbsp;<\/p>\n<p>En cuanto a Emilio Lozoya reiter\u00f3 que se est\u00e1 preparando otra denuncia por el desv\u00edo de 3 mil millones de pesos hacia Odebrecht y mil 400 millones a otra empresa.<\/p>\n<p>&nbsp;<\/p>\n<p>Dijo que de las 70 personas denunciadas por Emilio Lozoya ante la Fiscal\u00eda General de la Rep\u00fablica (FGR), se ha hecho el an\u00e1lisis de 35, se presentaron 23 denuncias ante la fiscal\u00eda y se dio vista a 11 instituciones gubernamentales por encontrar otro tipo de responsabilidad y adem\u00e1s se dio garant\u00eda de audiencia a ocho congelamientos de cuentas entre ellos las de Garc\u00eda Cabeza de Vaca.<\/p>\n<p>&nbsp;<\/p>\n<p><em>\u201cEstamos trabajando de manera coordinada con \u00e1reas de la Fiscal\u00eda General de la Rep\u00fablica tanto con la SEIDO como con la fiscal\u00eda especializada en combate a la corrupci\u00f3n a efecto de esclarecer todos los elementos que present\u00f3 el se\u00f1or Lozoya\u201d<\/em>.<\/p>\n<p>&nbsp;<\/p>\n<p>&nbsp;<\/p>\n<p>Nieto Castillo descart\u00f3 que la UIF est\u00e9 investigando a alg\u00fan ex presidente pese a que fueron se\u00f1alados en estas 70 denuncias por Emilio Lozoya debido a que la FGR no ha hecho ning\u00fan requerimiento.<\/p>\n<p>&nbsp;<\/p>\n<p>(Publicada el 26\/05\/2021 \/ MILENIO DIGITAL)<\/p>\n","protected":false},"excerpt":{"rendered":"<p>CIUDAD DE M\u00c9XICO. MX. \u2014 La Unidad de Inteligencia Financiera (UIF) vincul\u00f3 el caso de&#8230;<\/p>\n","protected":false},"author":1,"featured_media":114933,"comment_status":"open","ping_status":"open","sticky":false,"template":"","format":"standard","meta":{"_monsterinsights_skip_tracking":false,"_monsterinsights_sitenote_active":false,"_monsterinsights_sitenote_note":"","_monsterinsights_sitenote_category":0,"footnotes":""},"categories":[5],"tags":[],"class_list":["post"],"yoast_head":" \n<title>Sonora en Equipo. Unidad de Inteligencia Financiera vincula a Garc\u00eda Cabeza de Vaca con caso Odebrecht Rep\u00fablica<\/title>\n<meta name=\"description\" content=\"CIUDAD DE M\u00c9XICO. MX. \u2014 La Unidad de Inteligencia Financiera (UIF) vincul\u00f3 el caso de corrupci\u00f3n de Odebrecht con el gobernador de Tamaulipas, Francisco En Sonora en Equipo publicamos toda la informaci\u00f3n de Sonora, M\u00e9xico y el Mundo de manera oportuna y busca que la libertad de expresi\u00f3n sea real. Visita nuestro medio informativo publicado desde Hermosillo, Sonora. %\" \/>\n<meta name=\"robots\" content=\"index, follow, max-snippet:-1, max-image-preview:large, max-video-preview:-1\" \/>\n<link rel=\"canonical\" href=\"https:\/\/www.sonoraenequipo.com.mx\/unidad-de-inteligencia-financiera-vincula-a-garcia-cabeza-de-vaca-con-caso-odebrecht\/\" \/>\n<meta property=\"og:locale\" content=\"es_ES\" \/>\n<meta property=\"og:type\" content=\"article\" \/>\n<meta property=\"og:title\" content=\"Sonora en Equipo. Unidad de Inteligencia Financiera vincula a Garc\u00eda Cabeza de Vaca con caso Odebrecht Rep\u00fablica\" \/>\n<meta property=\"og:description\" content=\"CIUDAD DE M\u00c9XICO. MX. \u2014 La Unidad de Inteligencia Financiera (UIF) vincul\u00f3 el caso de corrupci\u00f3n de Odebrecht con el gobernador de Tamaulipas, Francisco En Sonora en Equipo publicamos toda la informaci\u00f3n de Sonora, M\u00e9xico y el Mundo de manera oportuna y busca que la libertad de expresi\u00f3n sea real. Visita nuestro medio informativo publicado desde Hermosillo, Sonora. %\" \/>\n<meta property=\"og:url\" content=\"https:\/\/www.sonoraenequipo.com.mx\/unidad-de-inteligencia-financiera-vincula-a-garcia-cabeza-de-vaca-con-caso-odebrecht\/\" \/>\n<meta property=\"og:site_name\" content=\"Sonora en Equipo.\" \/>\n<meta property=\"article:publisher\" content=\"https:\/\/www.facebook.com\/SonoraEE\/\" \/>\n<meta property=\"article:author\" content=\"https:\/\/www.facebook.com\/SonoraEE\" \/>\n<meta property=\"article:published_time\" content=\"2021-05-26T22:30:28+00:00\" \/>\n<meta property=\"article:modified_time\" content=\"2021-05-27T03:01:06+00:00\" \/>\n<meta property=\"og:image\" content=\"https:\/\/www.sonoraenequipo.com.mx\/storage\/2021\/05\/desafuero-garcia-de-vaca_opt.jpg\" \/>\n\t<meta property=\"og:image:width\" content=\"700\" \/>\n\t<meta property=\"og:image:height\" content=\"400\" \/>\n\t<meta property=\"og:image:type\" content=\"image\/jpeg\" \/>\n<meta name=\"author\" content=\"enequipo\" \/>\n<meta name=\"twitter:card\" content=\"summary_large_image\" \/>\n<meta name=\"twitter:creator\" content=\"@sonoraenequipo\" \/>\n<meta name=\"twitter:site\" content=\"@sonoraenequipo\" \/>\n<meta name=\"twitter:label1\" content=\"Escrito por\" \/>\n\t<meta name=\"twitter:data1\" content=\"enequipo\" \/>\n\t<meta name=\"twitter:label2\" content=\"Tiempo de lectura\" \/>\n\t<meta name=\"twitter:data2\" content=\"2 minutos\" \/>\n<script type=\"application\/ld+json\" class=\"yoast-schema-graph\">{\"@context\":\"https:\/\/schema.org\",\"@graph\":[{\"@type\":\"Article\",\"@id\":\"https:\/\/www.sonoraenequipo.com.mx\/unidad-de-inteligencia-financiera-vincula-a-garcia-cabeza-de-vaca-con-caso-odebrecht\/#article\",\"isPartOf\":{\"@id\":\"https:\/\/www.sonoraenequipo.com.mx\/unidad-de-inteligencia-financiera-vincula-a-garcia-cabeza-de-vaca-con-caso-odebrecht\/\"},\"author\":{\"name\":\"enequipo\",\"@id\":\"https:\/\/www.sonoraenequipo.com.mx\/#\/schema\/person\/50102df0fb23a8fa9e8effad8fa81386\"},\"headline\":\"Unidad de Inteligencia Financiera vincula a Garc\u00eda Cabeza de Vaca con caso Odebrecht\",\"datePublished\":\"2021-05-26T22:30:28+00:00\",\"dateModified\":\"2021-05-27T03:01:06+00:00\",\"mainEntityOfPage\":{\"@id\":\"https:\/\/www.sonoraenequipo.com.mx\/unidad-de-inteligencia-financiera-vincula-a-garcia-cabeza-de-vaca-con-caso-odebrecht\/\"},\"wordCount\":468,\"commentCount\":0,\"publisher\":{\"@id\":\"https:\/\/www.sonoraenequipo.com.mx\/#organization\"},\"image\":{\"@id\":\"https:\/\/www.sonoraenequipo.com.mx\/unidad-de-inteligencia-financiera-vincula-a-garcia-cabeza-de-vaca-con-caso-odebrecht\/#primaryimage\"},\"thumbnailUrl\":\"https:\/\/www.sonoraenequipo.com.mx\/storage\/2021\/05\/desafuero-garcia-de-vaca_opt.jpg\",\"articleSection\":[\"Rep\u00fablica\"],\"inLanguage\":\"es\",\"potentialAction\":[{\"@type\":\"CommentAction\",\"name\":\"Comment\",\"target\":[\"https:\/\/www.sonoraenequipo.com.mx\/unidad-de-inteligencia-financiera-vincula-a-garcia-cabeza-de-vaca-con-caso-odebrecht\/#respond\"]}]},{\"@type\":\"WebPage\",\"@id\":\"https:\/\/www.sonoraenequipo.com.mx\/unidad-de-inteligencia-financiera-vincula-a-garcia-cabeza-de-vaca-con-caso-odebrecht\/\",\"url\":\"https:\/\/www.sonoraenequipo.com.mx\/unidad-de-inteligencia-financiera-vincula-a-garcia-cabeza-de-vaca-con-caso-odebrecht\/\",\"name\":\"Sonora en Equipo. Unidad de Inteligencia Financiera vincula a Garc\u00eda Cabeza de Vaca con caso Odebrecht Rep\u00fablica\",\"isPartOf\":{\"@id\":\"https:\/\/www.sonoraenequipo.com.mx\/#website\"},\"primaryImageOfPage\":{\"@id\":\"https:\/\/www.sonoraenequipo.com.mx\/unidad-de-inteligencia-financiera-vincula-a-garcia-cabeza-de-vaca-con-caso-odebrecht\/#primaryimage\"},\"image\":{\"@id\":\"https:\/\/www.sonoraenequipo.com.mx\/unidad-de-inteligencia-financiera-vincula-a-garcia-cabeza-de-vaca-con-caso-odebrecht\/#primaryimage\"},\"thumbnailUrl\":\"https:\/\/www.sonoraenequipo.com.mx\/storage\/2021\/05\/desafuero-garcia-de-vaca_opt.jpg\",\"datePublished\":\"2021-05-26T22:30:28+00:00\",\"dateModified\":\"2021-05-27T03:01:06+00:00\",\"description\":\"CIUDAD DE M\u00c9XICO. MX. \u2014 La Unidad de Inteligencia Financiera (UIF) vincul\u00f3 el caso de corrupci\u00f3n de Odebrecht con el gobernador de Tamaulipas, Francisco En Sonora en Equipo publicamos toda la informaci\u00f3n de Sonora, M\u00e9xico y el Mundo de manera oportuna y busca que la libertad de expresi\u00f3n sea real. Visita nuestro medio informativo publicado desde Hermosillo, Sonora. %\",\"breadcrumb\":{\"@id\":\"https:\/\/www.sonoraenequipo.com.mx\/unidad-de-inteligencia-financiera-vincula-a-garcia-cabeza-de-vaca-con-caso-odebrecht\/#breadcrumb\"},\"inLanguage\":\"es\",\"potentialAction\":[{\"@type\":\"ReadAction\",\"target\":[\"https:\/\/www.sonoraenequipo.com.mx\/unidad-de-inteligencia-financiera-vincula-a-garcia-cabeza-de-vaca-con-caso-odebrecht\/\"]}]},{\"@type\":\"ImageObject\",\"inLanguage\":\"es\",\"@id\":\"https:\/\/www.sonoraenequipo.com.mx\/unidad-de-inteligencia-financiera-vincula-a-garcia-cabeza-de-vaca-con-caso-odebrecht\/#primaryimage\",\"url\":\"https:\/\/www.sonoraenequipo.com.mx\/storage\/2021\/05\/desafuero-garcia-de-vaca_opt.jpg\",\"contentUrl\":\"https:\/\/www.sonoraenequipo.com.mx\/storage\/2021\/05\/desafuero-garcia-de-vaca_opt.jpg\",\"width\":700,\"height\":400},{\"@type\":\"BreadcrumbList\",\"@id\":\"https:\/\/www.sonoraenequipo.com.mx\/unidad-de-inteligencia-financiera-vincula-a-garcia-cabeza-de-vaca-con-caso-odebrecht\/#breadcrumb\",\"itemListElement\":[{\"@type\":\"ListItem\",\"position\":1,\"name\":\"Portada\",\"item\":\"https:\/\/www.sonoraenequipo.com.mx\/\"},{\"@type\":\"ListItem\",\"position\":2,\"name\":\"Unidad de Inteligencia Financiera vincula a Garc\u00eda Cabeza de Vaca con caso Odebrecht\"}]},{\"@type\":\"WebSite\",\"@id\":\"https:\/\/www.sonoraenequipo.com.mx\/#website\",\"url\":\"https:\/\/www.sonoraenequipo.com.mx\/\",\"name\":\"Sonora en Equipo.\",\"description\":\"Diario en l\u00ednea con Noticias desde Hermosillo, Sonora\",\"publisher\":{\"@id\":\"https:\/\/www.sonoraenequipo.com.mx\/#organization\"},\"potentialAction\":[{\"@type\":\"SearchAction\",\"target\":{\"@type\":\"EntryPoint\",\"urlTemplate\":\"https:\/\/www.sonoraenequipo.com.mx\/?s={search_term_string}\"},\"query-input\":{\"@type\":\"PropertyValueSpecification\",\"valueRequired\":true,\"valueName\":\"search_term_string\"}}],\"inLanguage\":\"es\"},{\"@type\":\"Organization\",\"@id\":\"https:\/\/www.sonoraenequipo.com.mx\/#organization\",\"name\":\"Sonoraenequipo.com.mx\",\"url\":\"https:\/\/www.sonoraenequipo.com.mx\/\",\"logo\":{\"@type\":\"ImageObject\",\"inLanguage\":\"es\",\"@id\":\"https:\/\/www.sonoraenequipo.com.mx\/#\/schema\/logo\/image\/\",\"url\":\"https:\/\/www.sonoraenequipo.com.mx\/storage\/2019\/01\/sonoraenequipo_opt.png\",\"contentUrl\":\"https:\/\/www.sonoraenequipo.com.mx\/storage\/2019\/01\/sonoraenequipo_opt.png\",\"width\":375,\"height\":125,\"caption\":\"Sonoraenequipo.com.mx\"},\"image\":{\"@id\":\"https:\/\/www.sonoraenequipo.com.mx\/#\/schema\/logo\/image\/\"},\"sameAs\":[\"https:\/\/www.facebook.com\/SonoraEE\/\",\"https:\/\/x.com\/sonoraenequipo\",\"https:\/\/www.youtube.com\/channel\/UC338nW-lPEYmJQs4ZABQ1SQ\"]},{\"@type\":\"Person\",\"@id\":\"https:\/\/www.sonoraenequipo.com.mx\/#\/schema\/person\/50102df0fb23a8fa9e8effad8fa81386\",\"name\":\"enequipo\",\"image\":{\"@type\":\"ImageObject\",\"inLanguage\":\"es\",\"@id\":\"https:\/\/www.sonoraenequipo.com.mx\/#\/schema\/person\/image\/\",\"url\":\"https:\/\/secure.gravatar.com\/avatar\/049821681b589dabc0bc20695993ccebb09f5b5d4d790cd9251b97faac7c652b?s=96&d=blank&r=g\",\"contentUrl\":\"https:\/\/secure.gravatar.com\/avatar\/049821681b589dabc0bc20695993ccebb09f5b5d4d790cd9251b97faac7c652b?s=96&d=blank&r=g\",\"caption\":\"enequipo\"},\"sameAs\":[\"https:\/\/www.facebook.com\/SonoraEE\"]}]}<\/script>\n ","yoast_head_json":{"title":"Sonora en Equipo. Unidad de Inteligencia Financiera vincula a Garc\u00eda Cabeza de Vaca con caso Odebrecht Rep\u00fablica","description":"CIUDAD DE M\u00c9XICO. MX. \u2014 La Unidad de Inteligencia Financiera (UIF) vincul\u00f3 el caso de corrupci\u00f3n de Odebrecht con el gobernador de Tamaulipas, Francisco En Sonora en Equipo publicamos toda la informaci\u00f3n de Sonora, M\u00e9xico y el Mundo de manera oportuna y busca que la libertad de expresi\u00f3n sea real. Visita nuestro medio informativo publicado desde Hermosillo, Sonora. %","robots":{"index":"index","follow":"follow","max-snippet":"max-snippet:-1","max-image-preview":"max-image-preview:large","max-video-preview":"max-video-preview:-1"},"canonical":"https:\/\/www.sonoraenequipo.com.mx\/unidad-de-inteligencia-financiera-vincula-a-garcia-cabeza-de-vaca-con-caso-odebrecht\/","og_locale":"es_ES","og_type":"article","og_title":"Sonora en Equipo. Unidad de Inteligencia Financiera vincula a Garc\u00eda Cabeza de Vaca con caso Odebrecht Rep\u00fablica","og_description":"CIUDAD DE M\u00c9XICO. MX. \u2014 La Unidad de Inteligencia Financiera (UIF) vincul\u00f3 el caso de corrupci\u00f3n de Odebrecht con el gobernador de Tamaulipas, Francisco En Sonora en Equipo publicamos toda la informaci\u00f3n de Sonora, M\u00e9xico y el Mundo de manera oportuna y busca que la libertad de expresi\u00f3n sea real. Visita nuestro medio informativo publicado desde Hermosillo, Sonora. %","og_url":"https:\/\/www.sonoraenequipo.com.mx\/unidad-de-inteligencia-financiera-vincula-a-garcia-cabeza-de-vaca-con-caso-odebrecht\/","og_site_name":"Sonora en Equipo.","article_publisher":"https:\/\/www.facebook.com\/SonoraEE\/","article_author":"https:\/\/www.facebook.com\/SonoraEE","article_published_time":"2021-05-26T22:30:28+00:00","article_modified_time":"2021-05-27T03:01:06+00:00","og_image":[{"width":700,"height":400,"url":"https:\/\/www.sonoraenequipo.com.mx\/storage\/2021\/05\/desafuero-garcia-de-vaca_opt.jpg","type":"image\/jpeg"}],"author":"enequipo","twitter_card":"summary_large_image","twitter_creator":"@sonoraenequipo","twitter_site":"@sonoraenequipo","twitter_misc":{"Escrito por":"enequipo","Tiempo de lectura":"2 minutos"},"schema":{"@context":"https:\/\/schema.org","@graph":[{"@type":"Article","@id":"https:\/\/www.sonoraenequipo.com.mx\/unidad-de-inteligencia-financiera-vincula-a-garcia-cabeza-de-vaca-con-caso-odebrecht\/#article","isPartOf":{"@id":"https:\/\/www.sonoraenequipo.com.mx\/unidad-de-inteligencia-financiera-vincula-a-garcia-cabeza-de-vaca-con-caso-odebrecht\/"},"author":{"name":"enequipo","@id":"https:\/\/www.sonoraenequipo.com.mx\/#\/schema\/person\/50102df0fb23a8fa9e8effad8fa81386"},"headline":"Unidad de Inteligencia Financiera vincula a Garc\u00eda Cabeza de Vaca con caso Odebrecht","datePublished":"2021-05-26T22:30:28+00:00","dateModified":"2021-05-27T03:01:06+00:00","mainEntityOfPage":{"@id":"https:\/\/www.sonoraenequipo.com.mx\/unidad-de-inteligencia-financiera-vincula-a-garcia-cabeza-de-vaca-con-caso-odebrecht\/"},"wordCount":468,"commentCount":0,"publisher":{"@id":"https:\/\/www.sonoraenequipo.com.mx\/#organization"},"image":{"@id":"https:\/\/www.sonoraenequipo.com.mx\/unidad-de-inteligencia-financiera-vincula-a-garcia-cabeza-de-vaca-con-caso-odebrecht\/#primaryimage"},"thumbnailUrl":"https:\/\/www.sonoraenequipo.com.mx\/storage\/2021\/05\/desafuero-garcia-de-vaca_opt.jpg","articleSection":["Rep\u00fablica"],"inLanguage":"es","potentialAction":[{"@type":"CommentAction","name":"Comment","target":["https:\/\/www.sonoraenequipo.com.mx\/unidad-de-inteligencia-financiera-vincula-a-garcia-cabeza-de-vaca-con-caso-odebrecht\/#respond"]}]},{"@type":"WebPage","@id":"https:\/\/www.sonoraenequipo.com.mx\/unidad-de-inteligencia-financiera-vincula-a-garcia-cabeza-de-vaca-con-caso-odebrecht\/","url":"https:\/\/www.sonoraenequipo.com.mx\/unidad-de-inteligencia-financiera-vincula-a-garcia-cabeza-de-vaca-con-caso-odebrecht\/","name":"Sonora en Equipo. Unidad de Inteligencia Financiera vincula a Garc\u00eda Cabeza de Vaca con caso Odebrecht Rep\u00fablica","isPartOf":{"@id":"https:\/\/www.sonoraenequipo.com.mx\/#website"},"primaryImageOfPage":{"@id":"https:\/\/www.sonoraenequipo.com.mx\/unidad-de-inteligencia-financiera-vincula-a-garcia-cabeza-de-vaca-con-caso-odebrecht\/#primaryimage"},"image":{"@id":"https:\/\/www.sonoraenequipo.com.mx\/unidad-de-inteligencia-financiera-vincula-a-garcia-cabeza-de-vaca-con-caso-odebrecht\/#primaryimage"},"thumbnailUrl":"https:\/\/www.sonoraenequipo.com.mx\/storage\/2021\/05\/desafuero-garcia-de-vaca_opt.jpg","datePublished":"2021-05-26T22:30:28+00:00","dateModified":"2021-05-27T03:01:06+00:00","description":"CIUDAD DE M\u00c9XICO. MX. \u2014 La Unidad de Inteligencia Financiera (UIF) vincul\u00f3 el caso de corrupci\u00f3n de Odebrecht con el gobernador de Tamaulipas, Francisco En Sonora en Equipo publicamos toda la informaci\u00f3n de Sonora, M\u00e9xico y el Mundo de manera oportuna y busca que la libertad de expresi\u00f3n sea real. Visita nuestro medio informativo publicado desde Hermosillo, Sonora. %","breadcrumb":{"@id":"https:\/\/www.sonoraenequipo.com.mx\/unidad-de-inteligencia-financiera-vincula-a-garcia-cabeza-de-vaca-con-caso-odebrecht\/#breadcrumb"},"inLanguage":"es","potentialAction":[{"@type":"ReadAction","target":["https:\/\/www.sonoraenequipo.com.mx\/unidad-de-inteligencia-financiera-vincula-a-garcia-cabeza-de-vaca-con-caso-odebrecht\/"]}]},{"@type":"ImageObject","inLanguage":"es","@id":"https:\/\/www.sonoraenequipo.com.mx\/unidad-de-inteligencia-financiera-vincula-a-garcia-cabeza-de-vaca-con-caso-odebrecht\/#primaryimage","url":"https:\/\/www.sonoraenequipo.com.mx\/storage\/2021\/05\/desafuero-garcia-de-vaca_opt.jpg","contentUrl":"https:\/\/www.sonoraenequipo.com.mx\/storage\/2021\/05\/desafuero-garcia-de-vaca_opt.jpg","width":700,"height":400},{"@type":"BreadcrumbList","@id":"https:\/\/www.sonoraenequipo.com.mx\/unidad-de-inteligencia-financiera-vincula-a-garcia-cabeza-de-vaca-con-caso-odebrecht\/#breadcrumb","itemListElement":[{"@type":"ListItem","position":1,"name":"Portada","item":"https:\/\/www.sonoraenequipo.com.mx\/"},{"@type":"ListItem","position":2,"name":"Unidad de Inteligencia Financiera vincula a Garc\u00eda Cabeza de Vaca con caso Odebrecht"}]},{"@type":"WebSite","@id":"https:\/\/www.sonoraenequipo.com.mx\/#website","url":"https:\/\/www.sonoraenequipo.com.mx\/","name":"Sonora en Equipo.","description":"Diario en l\u00ednea con Noticias desde Hermosillo, Sonora","publisher":{"@id":"https:\/\/www.sonoraenequipo.com.mx\/#organization"},"potentialAction":[{"@type":"SearchAction","target":{"@type":"EntryPoint","urlTemplate":"https:\/\/www.sonoraenequipo.com.mx\/?s={search_term_string}"},"query-input":{"@type":"PropertyValueSpecification","valueRequired":true,"valueName":"search_term_string"}}],"inLanguage":"es"},{"@type":"Organization","@id":"https:\/\/www.sonoraenequipo.com.mx\/#organization","name":"Sonoraenequipo.com.mx","url":"https:\/\/www.sonoraenequipo.com.mx\/","logo":{"@type":"ImageObject","inLanguage":"es","@id":"https:\/\/www.sonoraenequipo.com.mx\/#\/schema\/logo\/image\/","url":"https:\/\/www.sonoraenequipo.com.mx\/storage\/2019\/01\/sonoraenequipo_opt.png","contentUrl":"https:\/\/www.sonoraenequipo.com.mx\/storage\/2019\/01\/sonoraenequipo_opt.png","width":375,"height":125,"caption":"Sonoraenequipo.com.mx"},"image":{"@id":"https:\/\/www.sonoraenequipo.com.mx\/#\/schema\/logo\/image\/"},"sameAs":["https:\/\/www.facebook.com\/SonoraEE\/","https:\/\/x.com\/sonoraenequipo","https:\/\/www.youtube.com\/channel\/UC338nW-lPEYmJQs4ZABQ1SQ"]},{"@type":"Person","@id":"https:\/\/www.sonoraenequipo.com.mx\/#\/schema\/person\/50102df0fb23a8fa9e8effad8fa81386","name":"enequipo","image":{"@type":"ImageObject","inLanguage":"es","@id":"https:\/\/www.sonoraenequipo.com.mx\/#\/schema\/person\/image\/","url":"https:\/\/secure.gravatar.com\/avatar\/049821681b589dabc0bc20695993ccebb09f5b5d4d790cd9251b97faac7c652b?s=96&d=blank&r=g","contentUrl":"https:\/\/secure.gravatar.com\/avatar\/049821681b589dabc0bc20695993ccebb09f5b5d4d790cd9251b97faac7c652b?s=96&d=blank&r=g","caption":"enequipo"},"sameAs":["https:\/\/www.facebook.com\/SonoraEE"]}]}},"jetpack_featured_media_url":"https:\/\/www.sonoraenequipo.com.mx\/storage\/2021\/05\/desafuero-garcia-de-vaca_opt.jpg","_links":{"self":[{"href":"https:\/\/www.sonoraenequipo.com.mx\/api\/wp\/v2\/posts\/114936","targetHints":{"allow":["GET"]}}],"collection":[{"href":"https:\/\/www.sonoraenequipo.com.mx\/api\/wp\/v2\/posts"}],"about":[{"href":"https:\/\/www.sonoraenequipo.com.mx\/api\/wp\/v2\/types\/post"}],"author":[{"embeddable":true,"href":"https:\/\/www.sonoraenequipo.com.mx\/api\/wp\/v2\/users\/1"}],"replies":[{"embeddable":true,"href":"https:\/\/www.sonoraenequipo.com.mx\/api\/wp\/v2\/comments?post=114936"}],"version-history":[{"count":2,"href":"https:\/\/www.sonoraenequipo.com.mx\/api\/wp\/v2\/posts\/114936\/revisions"}],"predecessor-version":[{"id":114939,"href":"https:\/\/www.sonoraenequipo.com.mx\/api\/wp\/v2\/posts\/114936\/revisions\/114939"}],"wp:featuredmedia":[{"embeddable":true,"href":"https:\/\/www.sonoraenequipo.com.mx\/api\/wp\/v2\/media\/114933"}],"wp:attachment":[{"href":"https:\/\/www.sonoraenequipo.com.mx\/api\/wp\/v2\/media?parent=114936"}],"wp:term":[{"taxonomy":"category","embeddable":true,"href":"https:\/\/www.sonoraenequipo.com.mx\/api\/wp\/v2\/categories?post=114936"},{"taxonomy":"post_tag","embeddable":true,"href":"https:\/\/www.sonoraenequipo.com.mx\/api\/wp\/v2\/tags?post=114936"}],"curies":[{"name":"wp","href":"https:\/\/api.w.org\/{rel}","templated":true}]}}